{"id":9966,"date":"2019-12-24T13:12:34","date_gmt":"2019-12-24T12:12:34","guid":{"rendered":"http:\/\/www.feuerwehr-halberstadt.de\/?p=9966"},"modified":"2019-12-24T13:14:44","modified_gmt":"2019-12-24T12:14:44","slug":"traditionelles-fruehstueck-mit-dem-oberbuergermeister","status":"publish","type":"post","link":"https:\/\/www.feuerwehr-halberstadt.de\/?p=9966","title":{"rendered":"Traditionelles Fr\u00fchst\u00fcck mit dem Oberb\u00fcrgermeister"},"content":{"rendered":"\n<p>W\u00e4hrend an den Weihnachtstagen die meisten Menschen zu Hause bei ihren Lieben sind, verbringen viele den Heiligabend auf der Arbeit, so wie die Feuerwehrm\u00e4nner der Hauptberuflichen Wachbereitschaft. <br>\nNicht das Los, sondern der Dienstplan hatte entschieden, dass Christian Albrecht, Sebastian Kollhoff, Nico Kr\u00fcger, Martin Thiele, Frank Poerschke und Christian Baake am heutigen Heiligabend f\u00fcr die \u00f6ffentliche Sicherheit garantieren. Diensthabender Einsatzleitdienst ist w\u00e4hrend des Weihnachsfestes Brandoberinspektor Michael Festerling, der auch rund um die Uhr im Dienst steht, eventuelle Feuerwehreins\u00e4tze leitet oder als SOG-Dienst der Stadt Halberstadt zur Verf\u00fcgung steht. <br>\nTraditionell besucht Oberb\u00fcrgermeister Andreas Henke am 24. Dezember die Brandsch\u00fctzer, um gemeinsam mit ihnen zu fr\u00fchst\u00fccken und so Verbundenheit und Anerkennung der Verwaltung gegen\u00fcber den Feuerwehrm\u00e4nnern auszudr\u00fccken, die zum Fest nicht bei ihren Familien sein k\u00f6nnen. <\/p>\n\n\n\n<p>Gl\u00fccklicherweise kam den sieben Kameraden kein Einsatz dazwischen, sodass sich das Stadtoberhaupt und die Einsatzkr\u00e4fte in Ruhe um den gedeckten Fr\u00fchst\u00fcckstisch setzen und plaudern konnten.<\/p>\n\n\n\n<p>Foto: Sabine Scholz \/ Volksstimme<\/p>\n","protected":false},"excerpt":{"rendered":"<p>W\u00e4hrend an den Weihnachtstagen die meisten Menschen zu Hause bei ihren Lieben sind, verbringen viele den Heiligabend auf der Arbeit, so wie die Feuerwehrm\u00e4nner der Hauptberuflichen Wachbereitschaft. Nicht das Los, sondern der Dienstplan hatte entschieden, dass Christian Albrecht, Sebastian Kollhoff, Nico Kr\u00fcger, Martin Thiele, Frank Poerschke und Christian Baake am heutigen Heiligabend f\u00fcr die \u00f6ffentliche [&hellip;]<\/p>\n","protected":false},"author":3,"featured_media":9967,"comment_status":"closed","ping_status":"closed","sticky":false,"template":"","format":"standard","meta":{"_acf_changed":false,"footnotes":""},"categories":[11],"tags":[],"class_list":["post-9966","post","type-post","status-publish","format-standard","has-post-thumbnail","hentry","category-wache"],"acf":[],"yoast_head":"<!-- This site is optimized with the Yoast SEO plugin v27.5 - https:\/\/yoast.com\/product\/yoast-seo-wordpress\/ -->\n<title>Traditionelles Fr\u00fchst\u00fcck mit dem Oberb\u00fcrgermeister - Feuerwehr Halberstadt<\/title>\n<meta name=\"robots\" content=\"index, follow, max-snippet:-1, max-image-preview:large, max-video-preview:-1\" \/>\n<link rel=\"canonical\" href=\"https:\/\/www.feuerwehr-halberstadt.de\/?p=9966\" \/>\n<meta property=\"og:locale\" content=\"de_DE\" \/>\n<meta property=\"og:type\" content=\"article\" \/>\n<meta property=\"og:title\" content=\"Traditionelles Fr\u00fchst\u00fcck mit dem Oberb\u00fcrgermeister - Feuerwehr Halberstadt\" \/>\n<meta property=\"og:description\" content=\"W\u00e4hrend an den Weihnachtstagen die meisten Menschen zu Hause bei ihren Lieben sind, verbringen viele den Heiligabend auf der Arbeit, so wie die Feuerwehrm\u00e4nner der Hauptberuflichen Wachbereitschaft. Nicht das Los, sondern der Dienstplan hatte entschieden, dass Christian Albrecht, Sebastian Kollhoff, Nico Kr\u00fcger, Martin Thiele, Frank Poerschke und Christian Baake am heutigen Heiligabend f\u00fcr die \u00f6ffentliche [&hellip;]\" \/>\n<meta property=\"og:url\" content=\"https:\/\/www.feuerwehr-halberstadt.de\/?p=9966\" \/>\n<meta property=\"og:site_name\" content=\"Feuerwehr Halberstadt\" \/>\n<meta property=\"article:publisher\" content=\"https:\/\/www.facebook.com\/FeuerwehrHalberstadt\/\" \/>\n<meta property=\"article:published_time\" content=\"2019-12-24T12:12:34+00:00\" \/>\n<meta property=\"article:modified_time\" content=\"2019-12-24T12:14:44+00:00\" \/>\n<meta property=\"og:image\" content=\"https:\/\/www.feuerwehr-halberstadt.de\/wp-content\/uploads\/2019\/12\/D1E3452C-F290-4CD1-A5E1-EDA2E40FE121.jpeg\" \/>\n\t<meta property=\"og:image:width\" content=\"1600\" \/>\n\t<meta property=\"og:image:height\" content=\"1066\" \/>\n\t<meta property=\"og:image:type\" content=\"image\/jpeg\" \/>\n<meta name=\"author\" content=\"Buchold, Chris\" \/>\n<meta name=\"twitter:card\" content=\"summary_large_image\" \/>\n<meta name=\"twitter:label1\" content=\"Verfasst von\" \/>\n\t<meta name=\"twitter:data1\" content=\"Buchold, Chris\" \/>\n\t<meta name=\"twitter:label2\" content=\"Gesch\u00e4tzte Lesezeit\" \/>\n\t<meta name=\"twitter:data2\" content=\"1\u00a0Minute\" \/>\n<script type=\"application\/ld+json\" class=\"yoast-schema-graph\">{\"@context\":\"https:\\\/\\\/schema.org\",\"@graph\":[{\"@type\":\"Article\",\"@id\":\"https:\\\/\\\/www.feuerwehr-halberstadt.de\\\/?p=9966#article\",\"isPartOf\":{\"@id\":\"https:\\\/\\\/www.feuerwehr-halberstadt.de\\\/?p=9966\"},\"author\":{\"name\":\"Buchold, Chris\",\"@id\":\"https:\\\/\\\/www.feuerwehr-halberstadt.de\\\/#\\\/schema\\\/person\\\/55ce5d9b46008e58cd3d55d4116ec727\"},\"headline\":\"Traditionelles Fr\u00fchst\u00fcck mit dem Oberb\u00fcrgermeister\",\"datePublished\":\"2019-12-24T12:12:34+00:00\",\"dateModified\":\"2019-12-24T12:14:44+00:00\",\"mainEntityOfPage\":{\"@id\":\"https:\\\/\\\/www.feuerwehr-halberstadt.de\\\/?p=9966\"},\"wordCount\":178,\"publisher\":{\"@id\":\"https:\\\/\\\/www.feuerwehr-halberstadt.de\\\/#organization\"},\"image\":{\"@id\":\"https:\\\/\\\/www.feuerwehr-halberstadt.de\\\/?p=9966#primaryimage\"},\"thumbnailUrl\":\"https:\\\/\\\/www.feuerwehr-halberstadt.de\\\/wp-content\\\/uploads\\\/2019\\\/12\\\/D1E3452C-F290-4CD1-A5E1-EDA2E40FE121.jpeg\",\"articleSection\":[\"Wache\"],\"inLanguage\":\"de\"},{\"@type\":\"WebPage\",\"@id\":\"https:\\\/\\\/www.feuerwehr-halberstadt.de\\\/?p=9966\",\"url\":\"https:\\\/\\\/www.feuerwehr-halberstadt.de\\\/?p=9966\",\"name\":\"Traditionelles Fr\u00fchst\u00fcck mit dem Oberb\u00fcrgermeister - Feuerwehr Halberstadt\",\"isPartOf\":{\"@id\":\"https:\\\/\\\/www.feuerwehr-halberstadt.de\\\/#website\"},\"primaryImageOfPage\":{\"@id\":\"https:\\\/\\\/www.feuerwehr-halberstadt.de\\\/?p=9966#primaryimage\"},\"image\":{\"@id\":\"https:\\\/\\\/www.feuerwehr-halberstadt.de\\\/?p=9966#primaryimage\"},\"thumbnailUrl\":\"https:\\\/\\\/www.feuerwehr-halberstadt.de\\\/wp-content\\\/uploads\\\/2019\\\/12\\\/D1E3452C-F290-4CD1-A5E1-EDA2E40FE121.jpeg\",\"datePublished\":\"2019-12-24T12:12:34+00:00\",\"dateModified\":\"2019-12-24T12:14:44+00:00\",\"breadcrumb\":{\"@id\":\"https:\\\/\\\/www.feuerwehr-halberstadt.de\\\/?p=9966#breadcrumb\"},\"inLanguage\":\"de\",\"potentialAction\":[{\"@type\":\"ReadAction\",\"target\":[\"https:\\\/\\\/www.feuerwehr-halberstadt.de\\\/?p=9966\"]}]},{\"@type\":\"ImageObject\",\"inLanguage\":\"de\",\"@id\":\"https:\\\/\\\/www.feuerwehr-halberstadt.de\\\/?p=9966#primaryimage\",\"url\":\"https:\\\/\\\/www.feuerwehr-halberstadt.de\\\/wp-content\\\/uploads\\\/2019\\\/12\\\/D1E3452C-F290-4CD1-A5E1-EDA2E40FE121.jpeg\",\"contentUrl\":\"https:\\\/\\\/www.feuerwehr-halberstadt.de\\\/wp-content\\\/uploads\\\/2019\\\/12\\\/D1E3452C-F290-4CD1-A5E1-EDA2E40FE121.jpeg\",\"width\":1600,\"height\":1066},{\"@type\":\"BreadcrumbList\",\"@id\":\"https:\\\/\\\/www.feuerwehr-halberstadt.de\\\/?p=9966#breadcrumb\",\"itemListElement\":[{\"@type\":\"ListItem\",\"position\":1,\"name\":\"Startseite\",\"item\":\"https:\\\/\\\/www.feuerwehr-halberstadt.de\\\/\"},{\"@type\":\"ListItem\",\"position\":2,\"name\":\"Traditionelles Fr\u00fchst\u00fcck mit dem Oberb\u00fcrgermeister\"}]},{\"@type\":\"WebSite\",\"@id\":\"https:\\\/\\\/www.feuerwehr-halberstadt.de\\\/#website\",\"url\":\"https:\\\/\\\/www.feuerwehr-halberstadt.de\\\/\",\"name\":\"Feuerwehr Halberstadt\",\"description\":\"#imEinsatzf\u00fcrHalberstadt\",\"publisher\":{\"@id\":\"https:\\\/\\\/www.feuerwehr-halberstadt.de\\\/#organization\"},\"potentialAction\":[{\"@type\":\"SearchAction\",\"target\":{\"@type\":\"EntryPoint\",\"urlTemplate\":\"https:\\\/\\\/www.feuerwehr-halberstadt.de\\\/?s={search_term_string}\"},\"query-input\":{\"@type\":\"PropertyValueSpecification\",\"valueRequired\":true,\"valueName\":\"search_term_string\"}}],\"inLanguage\":\"de\"},{\"@type\":\"Organization\",\"@id\":\"https:\\\/\\\/www.feuerwehr-halberstadt.de\\\/#organization\",\"name\":\"Feuerwehr Halberstadt\",\"url\":\"https:\\\/\\\/www.feuerwehr-halberstadt.de\\\/\",\"logo\":{\"@type\":\"ImageObject\",\"inLanguage\":\"de\",\"@id\":\"https:\\\/\\\/www.feuerwehr-halberstadt.de\\\/#\\\/schema\\\/logo\\\/image\\\/\",\"url\":\"https:\\\/\\\/www.feuerwehr-halberstadt.de\\\/wp-content\\\/uploads\\\/2023\\\/10\\\/IMG_0126.png\",\"contentUrl\":\"https:\\\/\\\/www.feuerwehr-halberstadt.de\\\/wp-content\\\/uploads\\\/2023\\\/10\\\/IMG_0126.png\",\"width\":1500,\"height\":399,\"caption\":\"Feuerwehr Halberstadt\"},\"image\":{\"@id\":\"https:\\\/\\\/www.feuerwehr-halberstadt.de\\\/#\\\/schema\\\/logo\\\/image\\\/\"},\"sameAs\":[\"https:\\\/\\\/www.facebook.com\\\/FeuerwehrHalberstadt\\\/\"]},{\"@type\":\"Person\",\"@id\":\"https:\\\/\\\/www.feuerwehr-halberstadt.de\\\/#\\\/schema\\\/person\\\/55ce5d9b46008e58cd3d55d4116ec727\",\"name\":\"Buchold, Chris\",\"image\":{\"@type\":\"ImageObject\",\"inLanguage\":\"de\",\"@id\":\"https:\\\/\\\/secure.gravatar.com\\\/avatar\\\/bff08a084f0390bf8a93fc28c488452766ba521109cec244ac64210fdd500a49?s=96&d=mm&r=g\",\"url\":\"https:\\\/\\\/secure.gravatar.com\\\/avatar\\\/bff08a084f0390bf8a93fc28c488452766ba521109cec244ac64210fdd500a49?s=96&d=mm&r=g\",\"contentUrl\":\"https:\\\/\\\/secure.gravatar.com\\\/avatar\\\/bff08a084f0390bf8a93fc28c488452766ba521109cec244ac64210fdd500a49?s=96&d=mm&r=g\",\"caption\":\"Buchold, Chris\"},\"url\":\"https:\\\/\\\/www.feuerwehr-halberstadt.de\\\/?author=3\"}]}<\/script>\n<!-- \/ Yoast SEO plugin. -->","yoast_head_json":{"title":"Traditionelles Fr\u00fchst\u00fcck mit dem Oberb\u00fcrgermeister - Feuerwehr Halberstadt","robots":{"index":"index","follow":"follow","max-snippet":"max-snippet:-1","max-image-preview":"max-image-preview:large","max-video-preview":"max-video-preview:-1"},"canonical":"https:\/\/www.feuerwehr-halberstadt.de\/?p=9966","og_locale":"de_DE","og_type":"article","og_title":"Traditionelles Fr\u00fchst\u00fcck mit dem Oberb\u00fcrgermeister - Feuerwehr Halberstadt","og_description":"W\u00e4hrend an den Weihnachtstagen die meisten Menschen zu Hause bei ihren Lieben sind, verbringen viele den Heiligabend auf der Arbeit, so wie die Feuerwehrm\u00e4nner der Hauptberuflichen Wachbereitschaft. Nicht das Los, sondern der Dienstplan hatte entschieden, dass Christian Albrecht, Sebastian Kollhoff, Nico Kr\u00fcger, Martin Thiele, Frank Poerschke und Christian Baake am heutigen Heiligabend f\u00fcr die \u00f6ffentliche [&hellip;]","og_url":"https:\/\/www.feuerwehr-halberstadt.de\/?p=9966","og_site_name":"Feuerwehr Halberstadt","article_publisher":"https:\/\/www.facebook.com\/FeuerwehrHalberstadt\/","article_published_time":"2019-12-24T12:12:34+00:00","article_modified_time":"2019-12-24T12:14:44+00:00","og_image":[{"width":1600,"height":1066,"url":"https:\/\/www.feuerwehr-halberstadt.de\/wp-content\/uploads\/2019\/12\/D1E3452C-F290-4CD1-A5E1-EDA2E40FE121.jpeg","type":"image\/jpeg"}],"author":"Buchold, Chris","twitter_card":"summary_large_image","twitter_misc":{"Verfasst von":"Buchold, Chris","Gesch\u00e4tzte Lesezeit":"1\u00a0Minute"},"schema":{"@context":"https:\/\/schema.org","@graph":[{"@type":"Article","@id":"https:\/\/www.feuerwehr-halberstadt.de\/?p=9966#article","isPartOf":{"@id":"https:\/\/www.feuerwehr-halberstadt.de\/?p=9966"},"author":{"name":"Buchold, Chris","@id":"https:\/\/www.feuerwehr-halberstadt.de\/#\/schema\/person\/55ce5d9b46008e58cd3d55d4116ec727"},"headline":"Traditionelles Fr\u00fchst\u00fcck mit dem Oberb\u00fcrgermeister","datePublished":"2019-12-24T12:12:34+00:00","dateModified":"2019-12-24T12:14:44+00:00","mainEntityOfPage":{"@id":"https:\/\/www.feuerwehr-halberstadt.de\/?p=9966"},"wordCount":178,"publisher":{"@id":"https:\/\/www.feuerwehr-halberstadt.de\/#organization"},"image":{"@id":"https:\/\/www.feuerwehr-halberstadt.de\/?p=9966#primaryimage"},"thumbnailUrl":"https:\/\/www.feuerwehr-halberstadt.de\/wp-content\/uploads\/2019\/12\/D1E3452C-F290-4CD1-A5E1-EDA2E40FE121.jpeg","articleSection":["Wache"],"inLanguage":"de"},{"@type":"WebPage","@id":"https:\/\/www.feuerwehr-halberstadt.de\/?p=9966","url":"https:\/\/www.feuerwehr-halberstadt.de\/?p=9966","name":"Traditionelles Fr\u00fchst\u00fcck mit dem Oberb\u00fcrgermeister - Feuerwehr Halberstadt","isPartOf":{"@id":"https:\/\/www.feuerwehr-halberstadt.de\/#website"},"primaryImageOfPage":{"@id":"https:\/\/www.feuerwehr-halberstadt.de\/?p=9966#primaryimage"},"image":{"@id":"https:\/\/www.feuerwehr-halberstadt.de\/?p=9966#primaryimage"},"thumbnailUrl":"https:\/\/www.feuerwehr-halberstadt.de\/wp-content\/uploads\/2019\/12\/D1E3452C-F290-4CD1-A5E1-EDA2E40FE121.jpeg","datePublished":"2019-12-24T12:12:34+00:00","dateModified":"2019-12-24T12:14:44+00:00","breadcrumb":{"@id":"https:\/\/www.feuerwehr-halberstadt.de\/?p=9966#breadcrumb"},"inLanguage":"de","potentialAction":[{"@type":"ReadAction","target":["https:\/\/www.feuerwehr-halberstadt.de\/?p=9966"]}]},{"@type":"ImageObject","inLanguage":"de","@id":"https:\/\/www.feuerwehr-halberstadt.de\/?p=9966#primaryimage","url":"https:\/\/www.feuerwehr-halberstadt.de\/wp-content\/uploads\/2019\/12\/D1E3452C-F290-4CD1-A5E1-EDA2E40FE121.jpeg","contentUrl":"https:\/\/www.feuerwehr-halberstadt.de\/wp-content\/uploads\/2019\/12\/D1E3452C-F290-4CD1-A5E1-EDA2E40FE121.jpeg","width":1600,"height":1066},{"@type":"BreadcrumbList","@id":"https:\/\/www.feuerwehr-halberstadt.de\/?p=9966#breadcrumb","itemListElement":[{"@type":"ListItem","position":1,"name":"Startseite","item":"https:\/\/www.feuerwehr-halberstadt.de\/"},{"@type":"ListItem","position":2,"name":"Traditionelles Fr\u00fchst\u00fcck mit dem Oberb\u00fcrgermeister"}]},{"@type":"WebSite","@id":"https:\/\/www.feuerwehr-halberstadt.de\/#website","url":"https:\/\/www.feuerwehr-halberstadt.de\/","name":"Feuerwehr Halberstadt","description":"#imEinsatzf\u00fcrHalberstadt","publisher":{"@id":"https:\/\/www.feuerwehr-halberstadt.de\/#organization"},"potentialAction":[{"@type":"SearchAction","target":{"@type":"EntryPoint","urlTemplate":"https:\/\/www.feuerwehr-halberstadt.de\/?s={search_term_string}"},"query-input":{"@type":"PropertyValueSpecification","valueRequired":true,"valueName":"search_term_string"}}],"inLanguage":"de"},{"@type":"Organization","@id":"https:\/\/www.feuerwehr-halberstadt.de\/#organization","name":"Feuerwehr Halberstadt","url":"https:\/\/www.feuerwehr-halberstadt.de\/","logo":{"@type":"ImageObject","inLanguage":"de","@id":"https:\/\/www.feuerwehr-halberstadt.de\/#\/schema\/logo\/image\/","url":"https:\/\/www.feuerwehr-halberstadt.de\/wp-content\/uploads\/2023\/10\/IMG_0126.png","contentUrl":"https:\/\/www.feuerwehr-halberstadt.de\/wp-content\/uploads\/2023\/10\/IMG_0126.png","width":1500,"height":399,"caption":"Feuerwehr Halberstadt"},"image":{"@id":"https:\/\/www.feuerwehr-halberstadt.de\/#\/schema\/logo\/image\/"},"sameAs":["https:\/\/www.facebook.com\/FeuerwehrHalberstadt\/"]},{"@type":"Person","@id":"https:\/\/www.feuerwehr-halberstadt.de\/#\/schema\/person\/55ce5d9b46008e58cd3d55d4116ec727","name":"Buchold, Chris","image":{"@type":"ImageObject","inLanguage":"de","@id":"https:\/\/secure.gravatar.com\/avatar\/bff08a084f0390bf8a93fc28c488452766ba521109cec244ac64210fdd500a49?s=96&d=mm&r=g","url":"https:\/\/secure.gravatar.com\/avatar\/bff08a084f0390bf8a93fc28c488452766ba521109cec244ac64210fdd500a49?s=96&d=mm&r=g","contentUrl":"https:\/\/secure.gravatar.com\/avatar\/bff08a084f0390bf8a93fc28c488452766ba521109cec244ac64210fdd500a49?s=96&d=mm&r=g","caption":"Buchold, Chris"},"url":"https:\/\/www.feuerwehr-halberstadt.de\/?author=3"}]}},"_links":{"self":[{"href":"https:\/\/www.feuerwehr-halberstadt.de\/index.php?rest_route=\/wp\/v2\/posts\/9966","targetHints":{"allow":["GET"]}}],"collection":[{"href":"https:\/\/www.feuerwehr-halberstadt.de\/index.php?rest_route=\/wp\/v2\/posts"}],"about":[{"href":"https:\/\/www.feuerwehr-halberstadt.de\/index.php?rest_route=\/wp\/v2\/types\/post"}],"author":[{"embeddable":true,"href":"https:\/\/www.feuerwehr-halberstadt.de\/index.php?rest_route=\/wp\/v2\/users\/3"}],"replies":[{"embeddable":true,"href":"https:\/\/www.feuerwehr-halberstadt.de\/index.php?rest_route=%2Fwp%2Fv2%2Fcomments&post=9966"}],"version-history":[{"count":1,"href":"https:\/\/www.feuerwehr-halberstadt.de\/index.php?rest_route=\/wp\/v2\/posts\/9966\/revisions"}],"predecessor-version":[{"id":9969,"href":"https:\/\/www.feuerwehr-halberstadt.de\/index.php?rest_route=\/wp\/v2\/posts\/9966\/revisions\/9969"}],"wp:featuredmedia":[{"embeddable":true,"href":"https:\/\/www.feuerwehr-halberstadt.de\/index.php?rest_route=\/wp\/v2\/media\/9967"}],"wp:attachment":[{"href":"https:\/\/www.feuerwehr-halberstadt.de\/index.php?rest_route=%2Fwp%2Fv2%2Fmedia&parent=9966"}],"wp:term":[{"taxonomy":"category","embeddable":true,"href":"https:\/\/www.feuerwehr-halberstadt.de\/index.php?rest_route=%2Fwp%2Fv2%2Fcategories&post=9966"},{"taxonomy":"post_tag","embeddable":true,"href":"https:\/\/www.feuerwehr-halberstadt.de\/index.php?rest_route=%2Fwp%2Fv2%2Ftags&post=9966"}],"curies":[{"name":"wp","href":"https:\/\/api.w.org\/{rel}","templated":true}]}}