{"id":9889,"date":"2019-11-29T16:49:52","date_gmt":"2019-11-29T15:49:52","guid":{"rendered":"http:\/\/relaunch.feuerwehr-halberstadt.de\/?p=9889"},"modified":"2019-12-18T16:51:38","modified_gmt":"2019-12-18T15:51:38","slug":"das-letzte-feuer-verabschiedung-in-den-ruhestand","status":"publish","type":"post","link":"https:\/\/www.feuerwehr-halberstadt.de\/?p=9889","title":{"rendered":"Das letzte Feuer &#8211; Verabschiedung in den Ruhestand"},"content":{"rendered":"\n<p>Heute haben wir einen langj\u00e4hrigen Kollegen der Hauptberuflichen Wachbereitschaft verabschiedet.&nbsp;<br>Hauptbrandmeister Michael \u201aFrieda\u2019 Franke, der als Leiter der Bekleidungskammer jedem Feuerwehrmann der Stadt Halberstadt bekannt war, verl\u00e4sst unsere Feuerwehr nach 36 Jahren Dienstzeit.<\/p>\n\n\n\n<p>In der letzten Dienstberatung des Oberb\u00fcrgermeisters wurde er bereits, mit Wirkung zum 01. Dezember 2019, in den Ruhestand verabschiedet.&nbsp;<br>Heute wurde er im Kreise seiner Kollegen und seiner Familie zu seinem letzten Einsatz begleitet. Nat\u00fcrlich standesgem\u00e4\u00df in einem W50 und alter Feuerwehruniform.<\/p>\n\n\n\n<p>Wir w\u00fcnschen dir, lieber Frieda, alles Gute f\u00fcr den Ruhestand und danken dir f\u00fcr deine Arbeit im Dienst unserer Stadt.<\/p>\n\n\n\n<ul class=\"wp-block-gallery columns-3 is-cropped wp-block-gallery-1 is-layout-flex wp-block-gallery-is-layout-flex\"><li class=\"blocks-gallery-item\"><figure><img loading=\"lazy\" decoding=\"async\" width=\"1024\" height=\"683\" src=\"http:\/\/relaunch.feuerwehr-halberstadt.de\/wp-content\/uploads\/2019\/12\/69245943_1702414096560256_597627785657188352_o-1024x683.jpg\" alt=\"\" data-id=\"9890\" data-link=\"http:\/\/relaunch.feuerwehr-halberstadt.de\/?attachment_id=9890\" class=\"wp-image-9890\" srcset=\"https:\/\/www.feuerwehr-halberstadt.de\/wp-content\/uploads\/2019\/12\/69245943_1702414096560256_597627785657188352_o-1024x683.jpg 1024w, https:\/\/www.feuerwehr-halberstadt.de\/wp-content\/uploads\/2019\/12\/69245943_1702414096560256_597627785657188352_o-300x200.jpg 300w, https:\/\/www.feuerwehr-halberstadt.de\/wp-content\/uploads\/2019\/12\/69245943_1702414096560256_597627785657188352_o-768x512.jpg 768w, https:\/\/www.feuerwehr-halberstadt.de\/wp-content\/uploads\/2019\/12\/69245943_1702414096560256_597627785657188352_o.jpg 1920w\" sizes=\"auto, (max-width: 1024px) 100vw, 1024px\" \/><\/figure><\/li><li class=\"blocks-gallery-item\"><figure><img loading=\"lazy\" decoding=\"async\" width=\"1024\" height=\"683\" src=\"http:\/\/relaunch.feuerwehr-halberstadt.de\/wp-content\/uploads\/2019\/12\/70486585_1702413916560274_8071953934010286080_o-1024x683.jpg\" alt=\"\" data-id=\"9891\" data-link=\"http:\/\/relaunch.feuerwehr-halberstadt.de\/?attachment_id=9891\" class=\"wp-image-9891\" srcset=\"https:\/\/www.feuerwehr-halberstadt.de\/wp-content\/uploads\/2019\/12\/70486585_1702413916560274_8071953934010286080_o-1024x683.jpg 1024w, https:\/\/www.feuerwehr-halberstadt.de\/wp-content\/uploads\/2019\/12\/70486585_1702413916560274_8071953934010286080_o-300x200.jpg 300w, https:\/\/www.feuerwehr-halberstadt.de\/wp-content\/uploads\/2019\/12\/70486585_1702413916560274_8071953934010286080_o-768x512.jpg 768w, https:\/\/www.feuerwehr-halberstadt.de\/wp-content\/uploads\/2019\/12\/70486585_1702413916560274_8071953934010286080_o.jpg 1920w\" sizes=\"auto, (max-width: 1024px) 100vw, 1024px\" \/><\/figure><\/li><li class=\"blocks-gallery-item\"><figure><img loading=\"lazy\" decoding=\"async\" width=\"1024\" height=\"683\" src=\"http:\/\/relaunch.feuerwehr-halberstadt.de\/wp-content\/uploads\/2019\/12\/76965657_1702413833226949_6306284035287023616_o-1024x683.jpg\" alt=\"\" data-id=\"9892\" data-link=\"http:\/\/relaunch.feuerwehr-halberstadt.de\/?attachment_id=9892\" class=\"wp-image-9892\" srcset=\"https:\/\/www.feuerwehr-halberstadt.de\/wp-content\/uploads\/2019\/12\/76965657_1702413833226949_6306284035287023616_o-1024x683.jpg 1024w, https:\/\/www.feuerwehr-halberstadt.de\/wp-content\/uploads\/2019\/12\/76965657_1702413833226949_6306284035287023616_o-300x200.jpg 300w, https:\/\/www.feuerwehr-halberstadt.de\/wp-content\/uploads\/2019\/12\/76965657_1702413833226949_6306284035287023616_o-768x512.jpg 768w, https:\/\/www.feuerwehr-halberstadt.de\/wp-content\/uploads\/2019\/12\/76965657_1702413833226949_6306284035287023616_o.jpg 1920w\" sizes=\"auto, (max-width: 1024px) 100vw, 1024px\" \/><\/figure><\/li><li class=\"blocks-gallery-item\"><figure><img loading=\"lazy\" decoding=\"async\" width=\"1024\" height=\"683\" src=\"http:\/\/relaunch.feuerwehr-halberstadt.de\/wp-content\/uploads\/2019\/12\/78458412_1702413829893616_3703814916570873856_o-1024x683.jpg\" alt=\"\" data-id=\"9893\" data-link=\"http:\/\/relaunch.feuerwehr-halberstadt.de\/?attachment_id=9893\" class=\"wp-image-9893\" srcset=\"https:\/\/www.feuerwehr-halberstadt.de\/wp-content\/uploads\/2019\/12\/78458412_1702413829893616_3703814916570873856_o-1024x683.jpg 1024w, https:\/\/www.feuerwehr-halberstadt.de\/wp-content\/uploads\/2019\/12\/78458412_1702413829893616_3703814916570873856_o-300x200.jpg 300w, https:\/\/www.feuerwehr-halberstadt.de\/wp-content\/uploads\/2019\/12\/78458412_1702413829893616_3703814916570873856_o-768x512.jpg 768w, https:\/\/www.feuerwehr-halberstadt.de\/wp-content\/uploads\/2019\/12\/78458412_1702413829893616_3703814916570873856_o.jpg 1920w\" sizes=\"auto, (max-width: 1024px) 100vw, 1024px\" \/><\/figure><\/li><li class=\"blocks-gallery-item\"><figure><img loading=\"lazy\" decoding=\"async\" width=\"1024\" height=\"683\" src=\"http:\/\/relaunch.feuerwehr-halberstadt.de\/wp-content\/uploads\/2019\/12\/78591043_1702413906560275_8635611968624918528_o-1024x683.jpg\" alt=\"\" data-id=\"9894\" data-link=\"http:\/\/relaunch.feuerwehr-halberstadt.de\/?attachment_id=9894\" class=\"wp-image-9894\" srcset=\"https:\/\/www.feuerwehr-halberstadt.de\/wp-content\/uploads\/2019\/12\/78591043_1702413906560275_8635611968624918528_o-1024x683.jpg 1024w, https:\/\/www.feuerwehr-halberstadt.de\/wp-content\/uploads\/2019\/12\/78591043_1702413906560275_8635611968624918528_o-300x200.jpg 300w, https:\/\/www.feuerwehr-halberstadt.de\/wp-content\/uploads\/2019\/12\/78591043_1702413906560275_8635611968624918528_o-768x512.jpg 768w, https:\/\/www.feuerwehr-halberstadt.de\/wp-content\/uploads\/2019\/12\/78591043_1702413906560275_8635611968624918528_o.jpg 1920w\" sizes=\"auto, (max-width: 1024px) 100vw, 1024px\" \/><\/figure><\/li><\/ul>\n","protected":false},"excerpt":{"rendered":"<p>Heute haben wir einen langj\u00e4hrigen Kollegen der Hauptberuflichen Wachbereitschaft verabschiedet.&nbsp;Hauptbrandmeister Michael \u201aFrieda\u2019 Franke, der als Leiter der Bekleidungskammer jedem Feuerwehrmann der Stadt Halberstadt bekannt war, verl\u00e4sst unsere Feuerwehr nach 36 Jahren Dienstzeit. In der letzten Dienstberatung des Oberb\u00fcrgermeisters wurde er bereits, mit Wirkung zum 01. Dezember 2019, in den Ruhestand verabschiedet.&nbsp;Heute wurde er im Kreise [&hellip;]<\/p>\n","protected":false},"author":3,"featured_media":9890,"comment_status":"closed","ping_status":"closed","sticky":false,"template":"","format":"standard","meta":{"_acf_changed":false,"footnotes":""},"categories":[9,11],"tags":[],"class_list":["post-9889","post","type-post","status-publish","format-standard","has-post-thumbnail","hentry","category-allgemein","category-wache"],"acf":[],"yoast_head":"<!-- This site is optimized with the Yoast SEO plugin v27.5 - https:\/\/yoast.com\/product\/yoast-seo-wordpress\/ -->\n<title>Das letzte Feuer - Verabschiedung in den Ruhestand - Feuerwehr Halberstadt<\/title>\n<meta name=\"robots\" content=\"index, follow, max-snippet:-1, max-image-preview:large, max-video-preview:-1\" \/>\n<link rel=\"canonical\" href=\"https:\/\/www.feuerwehr-halberstadt.de\/?p=9889\" \/>\n<meta property=\"og:locale\" content=\"de_DE\" \/>\n<meta property=\"og:type\" content=\"article\" \/>\n<meta property=\"og:title\" content=\"Das letzte Feuer - Verabschiedung in den Ruhestand - Feuerwehr Halberstadt\" \/>\n<meta property=\"og:description\" content=\"Heute haben wir einen langj\u00e4hrigen Kollegen der Hauptberuflichen Wachbereitschaft verabschiedet.&nbsp;Hauptbrandmeister Michael \u201aFrieda\u2019 Franke, der als Leiter der Bekleidungskammer jedem Feuerwehrmann der Stadt Halberstadt bekannt war, verl\u00e4sst unsere Feuerwehr nach 36 Jahren Dienstzeit. In der letzten Dienstberatung des Oberb\u00fcrgermeisters wurde er bereits, mit Wirkung zum 01. Dezember 2019, in den Ruhestand verabschiedet.&nbsp;Heute wurde er im Kreise [&hellip;]\" \/>\n<meta property=\"og:url\" content=\"https:\/\/www.feuerwehr-halberstadt.de\/?p=9889\" \/>\n<meta property=\"og:site_name\" content=\"Feuerwehr Halberstadt\" \/>\n<meta property=\"article:publisher\" content=\"https:\/\/www.facebook.com\/FeuerwehrHalberstadt\/\" \/>\n<meta property=\"article:published_time\" content=\"2019-11-29T15:49:52+00:00\" \/>\n<meta property=\"article:modified_time\" content=\"2019-12-18T15:51:38+00:00\" \/>\n<meta property=\"og:image\" content=\"https:\/\/www.feuerwehr-halberstadt.de\/wp-content\/uploads\/2019\/12\/69245943_1702414096560256_597627785657188352_o.jpg\" \/>\n\t<meta property=\"og:image:width\" content=\"1920\" \/>\n\t<meta property=\"og:image:height\" content=\"1280\" \/>\n\t<meta property=\"og:image:type\" content=\"image\/jpeg\" \/>\n<meta name=\"author\" content=\"Buchold, Chris\" \/>\n<meta name=\"twitter:card\" content=\"summary_large_image\" \/>\n<meta name=\"twitter:label1\" content=\"Verfasst von\" \/>\n\t<meta name=\"twitter:data1\" content=\"Buchold, Chris\" \/>\n\t<meta name=\"twitter:label2\" content=\"Gesch\u00e4tzte Lesezeit\" \/>\n\t<meta name=\"twitter:data2\" content=\"1\u00a0Minute\" \/>\n<script type=\"application\/ld+json\" class=\"yoast-schema-graph\">{\"@context\":\"https:\\\/\\\/schema.org\",\"@graph\":[{\"@type\":\"Article\",\"@id\":\"https:\\\/\\\/www.feuerwehr-halberstadt.de\\\/?p=9889#article\",\"isPartOf\":{\"@id\":\"https:\\\/\\\/www.feuerwehr-halberstadt.de\\\/?p=9889\"},\"author\":{\"name\":\"Buchold, Chris\",\"@id\":\"https:\\\/\\\/www.feuerwehr-halberstadt.de\\\/#\\\/schema\\\/person\\\/55ce5d9b46008e58cd3d55d4116ec727\"},\"headline\":\"Das letzte Feuer &#8211; Verabschiedung in den Ruhestand\",\"datePublished\":\"2019-11-29T15:49:52+00:00\",\"dateModified\":\"2019-12-18T15:51:38+00:00\",\"mainEntityOfPage\":{\"@id\":\"https:\\\/\\\/www.feuerwehr-halberstadt.de\\\/?p=9889\"},\"wordCount\":109,\"publisher\":{\"@id\":\"https:\\\/\\\/www.feuerwehr-halberstadt.de\\\/#organization\"},\"image\":{\"@id\":\"https:\\\/\\\/www.feuerwehr-halberstadt.de\\\/?p=9889#primaryimage\"},\"thumbnailUrl\":\"https:\\\/\\\/www.feuerwehr-halberstadt.de\\\/wp-content\\\/uploads\\\/2019\\\/12\\\/69245943_1702414096560256_597627785657188352_o.jpg\",\"articleSection\":{\"1\":\"Wache\"},\"inLanguage\":\"de\"},{\"@type\":\"WebPage\",\"@id\":\"https:\\\/\\\/www.feuerwehr-halberstadt.de\\\/?p=9889\",\"url\":\"https:\\\/\\\/www.feuerwehr-halberstadt.de\\\/?p=9889\",\"name\":\"Das letzte Feuer - Verabschiedung in den Ruhestand - Feuerwehr Halberstadt\",\"isPartOf\":{\"@id\":\"https:\\\/\\\/www.feuerwehr-halberstadt.de\\\/#website\"},\"primaryImageOfPage\":{\"@id\":\"https:\\\/\\\/www.feuerwehr-halberstadt.de\\\/?p=9889#primaryimage\"},\"image\":{\"@id\":\"https:\\\/\\\/www.feuerwehr-halberstadt.de\\\/?p=9889#primaryimage\"},\"thumbnailUrl\":\"https:\\\/\\\/www.feuerwehr-halberstadt.de\\\/wp-content\\\/uploads\\\/2019\\\/12\\\/69245943_1702414096560256_597627785657188352_o.jpg\",\"datePublished\":\"2019-11-29T15:49:52+00:00\",\"dateModified\":\"2019-12-18T15:51:38+00:00\",\"breadcrumb\":{\"@id\":\"https:\\\/\\\/www.feuerwehr-halberstadt.de\\\/?p=9889#breadcrumb\"},\"inLanguage\":\"de\",\"potentialAction\":[{\"@type\":\"ReadAction\",\"target\":[\"https:\\\/\\\/www.feuerwehr-halberstadt.de\\\/?p=9889\"]}]},{\"@type\":\"ImageObject\",\"inLanguage\":\"de\",\"@id\":\"https:\\\/\\\/www.feuerwehr-halberstadt.de\\\/?p=9889#primaryimage\",\"url\":\"https:\\\/\\\/www.feuerwehr-halberstadt.de\\\/wp-content\\\/uploads\\\/2019\\\/12\\\/69245943_1702414096560256_597627785657188352_o.jpg\",\"contentUrl\":\"https:\\\/\\\/www.feuerwehr-halberstadt.de\\\/wp-content\\\/uploads\\\/2019\\\/12\\\/69245943_1702414096560256_597627785657188352_o.jpg\",\"width\":1920,\"height\":1280},{\"@type\":\"BreadcrumbList\",\"@id\":\"https:\\\/\\\/www.feuerwehr-halberstadt.de\\\/?p=9889#breadcrumb\",\"itemListElement\":[{\"@type\":\"ListItem\",\"position\":1,\"name\":\"Startseite\",\"item\":\"https:\\\/\\\/www.feuerwehr-halberstadt.de\\\/\"},{\"@type\":\"ListItem\",\"position\":2,\"name\":\"Das letzte Feuer &#8211; Verabschiedung in den Ruhestand\"}]},{\"@type\":\"WebSite\",\"@id\":\"https:\\\/\\\/www.feuerwehr-halberstadt.de\\\/#website\",\"url\":\"https:\\\/\\\/www.feuerwehr-halberstadt.de\\\/\",\"name\":\"Feuerwehr Halberstadt\",\"description\":\"#imEinsatzf\u00fcrHalberstadt\",\"publisher\":{\"@id\":\"https:\\\/\\\/www.feuerwehr-halberstadt.de\\\/#organization\"},\"potentialAction\":[{\"@type\":\"SearchAction\",\"target\":{\"@type\":\"EntryPoint\",\"urlTemplate\":\"https:\\\/\\\/www.feuerwehr-halberstadt.de\\\/?s={search_term_string}\"},\"query-input\":{\"@type\":\"PropertyValueSpecification\",\"valueRequired\":true,\"valueName\":\"search_term_string\"}}],\"inLanguage\":\"de\"},{\"@type\":\"Organization\",\"@id\":\"https:\\\/\\\/www.feuerwehr-halberstadt.de\\\/#organization\",\"name\":\"Feuerwehr Halberstadt\",\"url\":\"https:\\\/\\\/www.feuerwehr-halberstadt.de\\\/\",\"logo\":{\"@type\":\"ImageObject\",\"inLanguage\":\"de\",\"@id\":\"https:\\\/\\\/www.feuerwehr-halberstadt.de\\\/#\\\/schema\\\/logo\\\/image\\\/\",\"url\":\"https:\\\/\\\/www.feuerwehr-halberstadt.de\\\/wp-content\\\/uploads\\\/2023\\\/10\\\/IMG_0126.png\",\"contentUrl\":\"https:\\\/\\\/www.feuerwehr-halberstadt.de\\\/wp-content\\\/uploads\\\/2023\\\/10\\\/IMG_0126.png\",\"width\":1500,\"height\":399,\"caption\":\"Feuerwehr Halberstadt\"},\"image\":{\"@id\":\"https:\\\/\\\/www.feuerwehr-halberstadt.de\\\/#\\\/schema\\\/logo\\\/image\\\/\"},\"sameAs\":[\"https:\\\/\\\/www.facebook.com\\\/FeuerwehrHalberstadt\\\/\"]},{\"@type\":\"Person\",\"@id\":\"https:\\\/\\\/www.feuerwehr-halberstadt.de\\\/#\\\/schema\\\/person\\\/55ce5d9b46008e58cd3d55d4116ec727\",\"name\":\"Buchold, Chris\",\"image\":{\"@type\":\"ImageObject\",\"inLanguage\":\"de\",\"@id\":\"https:\\\/\\\/secure.gravatar.com\\\/avatar\\\/bff08a084f0390bf8a93fc28c488452766ba521109cec244ac64210fdd500a49?s=96&d=mm&r=g\",\"url\":\"https:\\\/\\\/secure.gravatar.com\\\/avatar\\\/bff08a084f0390bf8a93fc28c488452766ba521109cec244ac64210fdd500a49?s=96&d=mm&r=g\",\"contentUrl\":\"https:\\\/\\\/secure.gravatar.com\\\/avatar\\\/bff08a084f0390bf8a93fc28c488452766ba521109cec244ac64210fdd500a49?s=96&d=mm&r=g\",\"caption\":\"Buchold, Chris\"},\"url\":\"https:\\\/\\\/www.feuerwehr-halberstadt.de\\\/?author=3\"}]}<\/script>\n<!-- \/ Yoast SEO plugin. -->","yoast_head_json":{"title":"Das letzte Feuer - Verabschiedung in den Ruhestand - Feuerwehr Halberstadt","robots":{"index":"index","follow":"follow","max-snippet":"max-snippet:-1","max-image-preview":"max-image-preview:large","max-video-preview":"max-video-preview:-1"},"canonical":"https:\/\/www.feuerwehr-halberstadt.de\/?p=9889","og_locale":"de_DE","og_type":"article","og_title":"Das letzte Feuer - Verabschiedung in den Ruhestand - Feuerwehr Halberstadt","og_description":"Heute haben wir einen langj\u00e4hrigen Kollegen der Hauptberuflichen Wachbereitschaft verabschiedet.&nbsp;Hauptbrandmeister Michael \u201aFrieda\u2019 Franke, der als Leiter der Bekleidungskammer jedem Feuerwehrmann der Stadt Halberstadt bekannt war, verl\u00e4sst unsere Feuerwehr nach 36 Jahren Dienstzeit. In der letzten Dienstberatung des Oberb\u00fcrgermeisters wurde er bereits, mit Wirkung zum 01. Dezember 2019, in den Ruhestand verabschiedet.&nbsp;Heute wurde er im Kreise [&hellip;]","og_url":"https:\/\/www.feuerwehr-halberstadt.de\/?p=9889","og_site_name":"Feuerwehr Halberstadt","article_publisher":"https:\/\/www.facebook.com\/FeuerwehrHalberstadt\/","article_published_time":"2019-11-29T15:49:52+00:00","article_modified_time":"2019-12-18T15:51:38+00:00","og_image":[{"width":1920,"height":1280,"url":"https:\/\/www.feuerwehr-halberstadt.de\/wp-content\/uploads\/2019\/12\/69245943_1702414096560256_597627785657188352_o.jpg","type":"image\/jpeg"}],"author":"Buchold, Chris","twitter_card":"summary_large_image","twitter_misc":{"Verfasst von":"Buchold, Chris","Gesch\u00e4tzte Lesezeit":"1\u00a0Minute"},"schema":{"@context":"https:\/\/schema.org","@graph":[{"@type":"Article","@id":"https:\/\/www.feuerwehr-halberstadt.de\/?p=9889#article","isPartOf":{"@id":"https:\/\/www.feuerwehr-halberstadt.de\/?p=9889"},"author":{"name":"Buchold, Chris","@id":"https:\/\/www.feuerwehr-halberstadt.de\/#\/schema\/person\/55ce5d9b46008e58cd3d55d4116ec727"},"headline":"Das letzte Feuer &#8211; Verabschiedung in den Ruhestand","datePublished":"2019-11-29T15:49:52+00:00","dateModified":"2019-12-18T15:51:38+00:00","mainEntityOfPage":{"@id":"https:\/\/www.feuerwehr-halberstadt.de\/?p=9889"},"wordCount":109,"publisher":{"@id":"https:\/\/www.feuerwehr-halberstadt.de\/#organization"},"image":{"@id":"https:\/\/www.feuerwehr-halberstadt.de\/?p=9889#primaryimage"},"thumbnailUrl":"https:\/\/www.feuerwehr-halberstadt.de\/wp-content\/uploads\/2019\/12\/69245943_1702414096560256_597627785657188352_o.jpg","articleSection":{"1":"Wache"},"inLanguage":"de"},{"@type":"WebPage","@id":"https:\/\/www.feuerwehr-halberstadt.de\/?p=9889","url":"https:\/\/www.feuerwehr-halberstadt.de\/?p=9889","name":"Das letzte Feuer - Verabschiedung in den Ruhestand - Feuerwehr Halberstadt","isPartOf":{"@id":"https:\/\/www.feuerwehr-halberstadt.de\/#website"},"primaryImageOfPage":{"@id":"https:\/\/www.feuerwehr-halberstadt.de\/?p=9889#primaryimage"},"image":{"@id":"https:\/\/www.feuerwehr-halberstadt.de\/?p=9889#primaryimage"},"thumbnailUrl":"https:\/\/www.feuerwehr-halberstadt.de\/wp-content\/uploads\/2019\/12\/69245943_1702414096560256_597627785657188352_o.jpg","datePublished":"2019-11-29T15:49:52+00:00","dateModified":"2019-12-18T15:51:38+00:00","breadcrumb":{"@id":"https:\/\/www.feuerwehr-halberstadt.de\/?p=9889#breadcrumb"},"inLanguage":"de","potentialAction":[{"@type":"ReadAction","target":["https:\/\/www.feuerwehr-halberstadt.de\/?p=9889"]}]},{"@type":"ImageObject","inLanguage":"de","@id":"https:\/\/www.feuerwehr-halberstadt.de\/?p=9889#primaryimage","url":"https:\/\/www.feuerwehr-halberstadt.de\/wp-content\/uploads\/2019\/12\/69245943_1702414096560256_597627785657188352_o.jpg","contentUrl":"https:\/\/www.feuerwehr-halberstadt.de\/wp-content\/uploads\/2019\/12\/69245943_1702414096560256_597627785657188352_o.jpg","width":1920,"height":1280},{"@type":"BreadcrumbList","@id":"https:\/\/www.feuerwehr-halberstadt.de\/?p=9889#breadcrumb","itemListElement":[{"@type":"ListItem","position":1,"name":"Startseite","item":"https:\/\/www.feuerwehr-halberstadt.de\/"},{"@type":"ListItem","position":2,"name":"Das letzte Feuer &#8211; Verabschiedung in den Ruhestand"}]},{"@type":"WebSite","@id":"https:\/\/www.feuerwehr-halberstadt.de\/#website","url":"https:\/\/www.feuerwehr-halberstadt.de\/","name":"Feuerwehr Halberstadt","description":"#imEinsatzf\u00fcrHalberstadt","publisher":{"@id":"https:\/\/www.feuerwehr-halberstadt.de\/#organization"},"potentialAction":[{"@type":"SearchAction","target":{"@type":"EntryPoint","urlTemplate":"https:\/\/www.feuerwehr-halberstadt.de\/?s={search_term_string}"},"query-input":{"@type":"PropertyValueSpecification","valueRequired":true,"valueName":"search_term_string"}}],"inLanguage":"de"},{"@type":"Organization","@id":"https:\/\/www.feuerwehr-halberstadt.de\/#organization","name":"Feuerwehr Halberstadt","url":"https:\/\/www.feuerwehr-halberstadt.de\/","logo":{"@type":"ImageObject","inLanguage":"de","@id":"https:\/\/www.feuerwehr-halberstadt.de\/#\/schema\/logo\/image\/","url":"https:\/\/www.feuerwehr-halberstadt.de\/wp-content\/uploads\/2023\/10\/IMG_0126.png","contentUrl":"https:\/\/www.feuerwehr-halberstadt.de\/wp-content\/uploads\/2023\/10\/IMG_0126.png","width":1500,"height":399,"caption":"Feuerwehr Halberstadt"},"image":{"@id":"https:\/\/www.feuerwehr-halberstadt.de\/#\/schema\/logo\/image\/"},"sameAs":["https:\/\/www.facebook.com\/FeuerwehrHalberstadt\/"]},{"@type":"Person","@id":"https:\/\/www.feuerwehr-halberstadt.de\/#\/schema\/person\/55ce5d9b46008e58cd3d55d4116ec727","name":"Buchold, Chris","image":{"@type":"ImageObject","inLanguage":"de","@id":"https:\/\/secure.gravatar.com\/avatar\/bff08a084f0390bf8a93fc28c488452766ba521109cec244ac64210fdd500a49?s=96&d=mm&r=g","url":"https:\/\/secure.gravatar.com\/avatar\/bff08a084f0390bf8a93fc28c488452766ba521109cec244ac64210fdd500a49?s=96&d=mm&r=g","contentUrl":"https:\/\/secure.gravatar.com\/avatar\/bff08a084f0390bf8a93fc28c488452766ba521109cec244ac64210fdd500a49?s=96&d=mm&r=g","caption":"Buchold, Chris"},"url":"https:\/\/www.feuerwehr-halberstadt.de\/?author=3"}]}},"_links":{"self":[{"href":"https:\/\/www.feuerwehr-halberstadt.de\/index.php?rest_route=\/wp\/v2\/posts\/9889","targetHints":{"allow":["GET"]}}],"collection":[{"href":"https:\/\/www.feuerwehr-halberstadt.de\/index.php?rest_route=\/wp\/v2\/posts"}],"about":[{"href":"https:\/\/www.feuerwehr-halberstadt.de\/index.php?rest_route=\/wp\/v2\/types\/post"}],"author":[{"embeddable":true,"href":"https:\/\/www.feuerwehr-halberstadt.de\/index.php?rest_route=\/wp\/v2\/users\/3"}],"replies":[{"embeddable":true,"href":"https:\/\/www.feuerwehr-halberstadt.de\/index.php?rest_route=%2Fwp%2Fv2%2Fcomments&post=9889"}],"version-history":[{"count":1,"href":"https:\/\/www.feuerwehr-halberstadt.de\/index.php?rest_route=\/wp\/v2\/posts\/9889\/revisions"}],"predecessor-version":[{"id":9895,"href":"https:\/\/www.feuerwehr-halberstadt.de\/index.php?rest_route=\/wp\/v2\/posts\/9889\/revisions\/9895"}],"wp:featuredmedia":[{"embeddable":true,"href":"https:\/\/www.feuerwehr-halberstadt.de\/index.php?rest_route=\/wp\/v2\/media\/9890"}],"wp:attachment":[{"href":"https:\/\/www.feuerwehr-halberstadt.de\/index.php?rest_route=%2Fwp%2Fv2%2Fmedia&parent=9889"}],"wp:term":[{"taxonomy":"category","embeddable":true,"href":"https:\/\/www.feuerwehr-halberstadt.de\/index.php?rest_route=%2Fwp%2Fv2%2Fcategories&post=9889"},{"taxonomy":"post_tag","embeddable":true,"href":"https:\/\/www.feuerwehr-halberstadt.de\/index.php?rest_route=%2Fwp%2Fv2%2Ftags&post=9889"}],"curies":[{"name":"wp","href":"https:\/\/api.w.org\/{rel}","templated":true}]}}