{"id":9880,"date":"2019-12-06T16:47:52","date_gmt":"2019-12-06T15:47:52","guid":{"rendered":"http:\/\/relaunch.feuerwehr-halberstadt.de\/?p=9880"},"modified":"2020-06-11T11:07:16","modified_gmt":"2020-06-11T09:07:16","slug":"fuehrungswechsel-bei-der-feuerwehr-halberstadt-joerg-kelle-verabschiedet","status":"publish","type":"post","link":"https:\/\/www.feuerwehr-halberstadt.de\/?p=9880","title":{"rendered":"F\u00fchrungswechsel bei der Feuerwehr Halberstadt &#8211; J\u00f6rg Kelle verabschiedet"},"content":{"rendered":"\n<p>Feuerwehrchef J\u00f6rg Kelle ist in Halberstadt bekannt wie der sprichw\u00f6rtliche \u201ebunte Hund\u201c.<br>Heute, an seinem letzten Arbeitstag, wurde er als Abteilungsleiter Feuerwehr offiziell verabschiedet. Bereits auf der letzten Dienstberatung des Oberb\u00fcrgermeisters, wurde Brandamtsrat Kelle, mit Wirkung zum 06. Dezember 2019, in die verdiente Freizeitphase geschickt.&nbsp;<br>Seine T\u00e4tigkeit als Abteilungsleiter \u00fcbernimmt sein bisheriger Stellvertreter Ingo Wetzel.<\/p>\n\n\n\n<p>J\u00f6rg Kelle bleibt uns als stv. Kreisbrandmeister f\u00fcr den Brandschutzabschnitt Ost des Landkreis Harz erhalten.<\/p>\n\n\n\n<p>Wir w\u00fcnschen ihm f\u00fcr seinen Ruhestand alles Gute und danken f\u00fcr seine T\u00e4tigkeit zum Wohl unserer Feuerwehr und den B\u00fcrgern unserer Stadt!<br><\/p>\n\n\n\n<ul class=\"wp-block-gallery columns-3 is-cropped wp-block-gallery-1 is-layout-flex wp-block-gallery-is-layout-flex\"><li class=\"blocks-gallery-item\"><figure><a href=\"http:\/\/relaunch.feuerwehr-halberstadt.de\/wp-content\/uploads\/2019\/12\/79602438_1710079832460349_6964051417606651904_o-1-1024x768.jpg\"><img loading=\"lazy\" decoding=\"async\" width=\"1024\" height=\"768\" src=\"http:\/\/relaunch.feuerwehr-halberstadt.de\/wp-content\/uploads\/2019\/12\/79602438_1710079832460349_6964051417606651904_o-1-1024x768.jpg\" alt=\"\" data-id=\"9905\" data-link=\"http:\/\/relaunch.feuerwehr-halberstadt.de\/?attachment_id=9905\" class=\"wp-image-9905\" srcset=\"https:\/\/www.feuerwehr-halberstadt.de\/wp-content\/uploads\/2019\/12\/79602438_1710079832460349_6964051417606651904_o-1.jpg 1024w, https:\/\/www.feuerwehr-halberstadt.de\/wp-content\/uploads\/2019\/12\/79602438_1710079832460349_6964051417606651904_o-1-300x225.jpg 300w, https:\/\/www.feuerwehr-halberstadt.de\/wp-content\/uploads\/2019\/12\/79602438_1710079832460349_6964051417606651904_o-1-768x576.jpg 768w\" sizes=\"auto, (max-width: 1024px) 100vw, 1024px\" \/><\/a><\/figure><\/li><li class=\"blocks-gallery-item\"><figure><a href=\"http:\/\/relaunch.feuerwehr-halberstadt.de\/wp-content\/uploads\/2019\/12\/78773726_1710079905793675_511711328587481088_o-1-1024x768.jpg\"><img loading=\"lazy\" decoding=\"async\" width=\"1024\" height=\"768\" src=\"http:\/\/relaunch.feuerwehr-halberstadt.de\/wp-content\/uploads\/2019\/12\/78773726_1710079905793675_511711328587481088_o-1-1024x768.jpg\" alt=\"\" data-id=\"9904\" data-link=\"http:\/\/relaunch.feuerwehr-halberstadt.de\/?attachment_id=9904\" class=\"wp-image-9904\" srcset=\"https:\/\/www.feuerwehr-halberstadt.de\/wp-content\/uploads\/2019\/12\/78773726_1710079905793675_511711328587481088_o-1.jpg 1024w, https:\/\/www.feuerwehr-halberstadt.de\/wp-content\/uploads\/2019\/12\/78773726_1710079905793675_511711328587481088_o-1-300x225.jpg 300w, https:\/\/www.feuerwehr-halberstadt.de\/wp-content\/uploads\/2019\/12\/78773726_1710079905793675_511711328587481088_o-1-768x576.jpg 768w\" sizes=\"auto, (max-width: 1024px) 100vw, 1024px\" \/><\/a><\/figure><\/li><li class=\"blocks-gallery-item\"><figure><a href=\"http:\/\/relaunch.feuerwehr-halberstadt.de\/wp-content\/uploads\/2019\/12\/79177083_1710079819127017_8169829465522700288_n-1.jpg\"><img loading=\"lazy\" decoding=\"async\" width=\"913\" height=\"670\" src=\"http:\/\/relaunch.feuerwehr-halberstadt.de\/wp-content\/uploads\/2019\/12\/79177083_1710079819127017_8169829465522700288_n-1.jpg\" alt=\"\" data-id=\"9903\" data-link=\"http:\/\/relaunch.feuerwehr-halberstadt.de\/?attachment_id=9903\" class=\"wp-image-9903\" srcset=\"https:\/\/www.feuerwehr-halberstadt.de\/wp-content\/uploads\/2019\/12\/79177083_1710079819127017_8169829465522700288_n-1.jpg 913w, https:\/\/www.feuerwehr-halberstadt.de\/wp-content\/uploads\/2019\/12\/79177083_1710079819127017_8169829465522700288_n-1-300x220.jpg 300w, https:\/\/www.feuerwehr-halberstadt.de\/wp-content\/uploads\/2019\/12\/79177083_1710079819127017_8169829465522700288_n-1-768x564.jpg 768w\" sizes=\"auto, (max-width: 913px) 100vw, 913px\" \/><\/a><\/figure><\/li><\/ul>\n","protected":false},"excerpt":{"rendered":"<p>Feuerwehrchef J\u00f6rg Kelle ist in Halberstadt bekannt wie der sprichw\u00f6rtliche \u201ebunte Hund\u201c.Heute, an seinem letzten Arbeitstag, wurde er als Abteilungsleiter Feuerwehr offiziell verabschiedet. Bereits auf der letzten Dienstberatung des Oberb\u00fcrgermeisters, wurde Brandamtsrat Kelle, mit Wirkung zum 06. Dezember 2019, in die verdiente Freizeitphase geschickt.&nbsp;Seine T\u00e4tigkeit als Abteilungsleiter \u00fcbernimmt sein bisheriger Stellvertreter Ingo Wetzel. J\u00f6rg Kelle [&hellip;]<\/p>\n","protected":false},"author":6,"featured_media":9905,"comment_status":"closed","ping_status":"closed","sticky":false,"template":"","format":"standard","meta":{"_acf_changed":false,"footnotes":""},"categories":[11],"tags":[],"class_list":["post-9880","post","type-post","status-publish","format-standard","has-post-thumbnail","hentry","category-wache"],"acf":[],"yoast_head":"<!-- This site is optimized with the Yoast SEO plugin v27.5 - https:\/\/yoast.com\/product\/yoast-seo-wordpress\/ -->\n<title>F\u00fchrungswechsel bei der Feuerwehr Halberstadt - J\u00f6rg Kelle verabschiedet - Feuerwehr Halberstadt<\/title>\n<meta name=\"robots\" content=\"index, follow, max-snippet:-1, max-image-preview:large, max-video-preview:-1\" \/>\n<link rel=\"canonical\" href=\"https:\/\/www.feuerwehr-halberstadt.de\/?p=9880\" \/>\n<meta property=\"og:locale\" content=\"de_DE\" \/>\n<meta property=\"og:type\" content=\"article\" \/>\n<meta property=\"og:title\" content=\"F\u00fchrungswechsel bei der Feuerwehr Halberstadt - J\u00f6rg Kelle verabschiedet - Feuerwehr Halberstadt\" \/>\n<meta property=\"og:description\" content=\"Feuerwehrchef J\u00f6rg Kelle ist in Halberstadt bekannt wie der sprichw\u00f6rtliche \u201ebunte Hund\u201c.Heute, an seinem letzten Arbeitstag, wurde er als Abteilungsleiter Feuerwehr offiziell verabschiedet. Bereits auf der letzten Dienstberatung des Oberb\u00fcrgermeisters, wurde Brandamtsrat Kelle, mit Wirkung zum 06. Dezember 2019, in die verdiente Freizeitphase geschickt.&nbsp;Seine T\u00e4tigkeit als Abteilungsleiter \u00fcbernimmt sein bisheriger Stellvertreter Ingo Wetzel. J\u00f6rg Kelle [&hellip;]\" \/>\n<meta property=\"og:url\" content=\"https:\/\/www.feuerwehr-halberstadt.de\/?p=9880\" \/>\n<meta property=\"og:site_name\" content=\"Feuerwehr Halberstadt\" \/>\n<meta property=\"article:publisher\" content=\"https:\/\/www.facebook.com\/FeuerwehrHalberstadt\/\" \/>\n<meta property=\"article:published_time\" content=\"2019-12-06T15:47:52+00:00\" \/>\n<meta property=\"article:modified_time\" content=\"2020-06-11T09:07:16+00:00\" \/>\n<meta property=\"og:image\" content=\"https:\/\/www.feuerwehr-halberstadt.de\/wp-content\/uploads\/2019\/12\/79602438_1710079832460349_6964051417606651904_o-1.jpg\" \/>\n\t<meta property=\"og:image:width\" content=\"1024\" \/>\n\t<meta property=\"og:image:height\" content=\"768\" \/>\n\t<meta property=\"og:image:type\" content=\"image\/jpeg\" \/>\n<meta name=\"author\" content=\"Import\" \/>\n<meta name=\"twitter:card\" content=\"summary_large_image\" \/>\n<meta name=\"twitter:label1\" content=\"Verfasst von\" \/>\n\t<meta name=\"twitter:data1\" content=\"Import\" \/>\n\t<meta name=\"twitter:label2\" content=\"Gesch\u00e4tzte Lesezeit\" \/>\n\t<meta name=\"twitter:data2\" content=\"1\u00a0Minute\" \/>\n<script type=\"application\/ld+json\" class=\"yoast-schema-graph\">{\"@context\":\"https:\\\/\\\/schema.org\",\"@graph\":[{\"@type\":\"Article\",\"@id\":\"https:\\\/\\\/www.feuerwehr-halberstadt.de\\\/?p=9880#article\",\"isPartOf\":{\"@id\":\"https:\\\/\\\/www.feuerwehr-halberstadt.de\\\/?p=9880\"},\"author\":{\"name\":\"Import\",\"@id\":\"https:\\\/\\\/www.feuerwehr-halberstadt.de\\\/#\\\/schema\\\/person\\\/9e94fca00b357cae16a4a5cdfc9aa4c2\"},\"headline\":\"F\u00fchrungswechsel bei der Feuerwehr Halberstadt &#8211; J\u00f6rg Kelle verabschiedet\",\"datePublished\":\"2019-12-06T15:47:52+00:00\",\"dateModified\":\"2020-06-11T09:07:16+00:00\",\"mainEntityOfPage\":{\"@id\":\"https:\\\/\\\/www.feuerwehr-halberstadt.de\\\/?p=9880\"},\"wordCount\":113,\"publisher\":{\"@id\":\"https:\\\/\\\/www.feuerwehr-halberstadt.de\\\/#organization\"},\"image\":{\"@id\":\"https:\\\/\\\/www.feuerwehr-halberstadt.de\\\/?p=9880#primaryimage\"},\"thumbnailUrl\":\"https:\\\/\\\/www.feuerwehr-halberstadt.de\\\/wp-content\\\/uploads\\\/2019\\\/12\\\/79602438_1710079832460349_6964051417606651904_o-1.jpg\",\"articleSection\":[\"Wache\"],\"inLanguage\":\"de\"},{\"@type\":\"WebPage\",\"@id\":\"https:\\\/\\\/www.feuerwehr-halberstadt.de\\\/?p=9880\",\"url\":\"https:\\\/\\\/www.feuerwehr-halberstadt.de\\\/?p=9880\",\"name\":\"F\u00fchrungswechsel bei der Feuerwehr Halberstadt - J\u00f6rg Kelle verabschiedet - Feuerwehr Halberstadt\",\"isPartOf\":{\"@id\":\"https:\\\/\\\/www.feuerwehr-halberstadt.de\\\/#website\"},\"primaryImageOfPage\":{\"@id\":\"https:\\\/\\\/www.feuerwehr-halberstadt.de\\\/?p=9880#primaryimage\"},\"image\":{\"@id\":\"https:\\\/\\\/www.feuerwehr-halberstadt.de\\\/?p=9880#primaryimage\"},\"thumbnailUrl\":\"https:\\\/\\\/www.feuerwehr-halberstadt.de\\\/wp-content\\\/uploads\\\/2019\\\/12\\\/79602438_1710079832460349_6964051417606651904_o-1.jpg\",\"datePublished\":\"2019-12-06T15:47:52+00:00\",\"dateModified\":\"2020-06-11T09:07:16+00:00\",\"breadcrumb\":{\"@id\":\"https:\\\/\\\/www.feuerwehr-halberstadt.de\\\/?p=9880#breadcrumb\"},\"inLanguage\":\"de\",\"potentialAction\":[{\"@type\":\"ReadAction\",\"target\":[\"https:\\\/\\\/www.feuerwehr-halberstadt.de\\\/?p=9880\"]}]},{\"@type\":\"ImageObject\",\"inLanguage\":\"de\",\"@id\":\"https:\\\/\\\/www.feuerwehr-halberstadt.de\\\/?p=9880#primaryimage\",\"url\":\"https:\\\/\\\/www.feuerwehr-halberstadt.de\\\/wp-content\\\/uploads\\\/2019\\\/12\\\/79602438_1710079832460349_6964051417606651904_o-1.jpg\",\"contentUrl\":\"https:\\\/\\\/www.feuerwehr-halberstadt.de\\\/wp-content\\\/uploads\\\/2019\\\/12\\\/79602438_1710079832460349_6964051417606651904_o-1.jpg\",\"width\":1024,\"height\":768},{\"@type\":\"BreadcrumbList\",\"@id\":\"https:\\\/\\\/www.feuerwehr-halberstadt.de\\\/?p=9880#breadcrumb\",\"itemListElement\":[{\"@type\":\"ListItem\",\"position\":1,\"name\":\"Startseite\",\"item\":\"https:\\\/\\\/www.feuerwehr-halberstadt.de\\\/\"},{\"@type\":\"ListItem\",\"position\":2,\"name\":\"F\u00fchrungswechsel bei der Feuerwehr Halberstadt &#8211; J\u00f6rg Kelle verabschiedet\"}]},{\"@type\":\"WebSite\",\"@id\":\"https:\\\/\\\/www.feuerwehr-halberstadt.de\\\/#website\",\"url\":\"https:\\\/\\\/www.feuerwehr-halberstadt.de\\\/\",\"name\":\"Feuerwehr Halberstadt\",\"description\":\"#imEinsatzf\u00fcrHalberstadt\",\"publisher\":{\"@id\":\"https:\\\/\\\/www.feuerwehr-halberstadt.de\\\/#organization\"},\"potentialAction\":[{\"@type\":\"SearchAction\",\"target\":{\"@type\":\"EntryPoint\",\"urlTemplate\":\"https:\\\/\\\/www.feuerwehr-halberstadt.de\\\/?s={search_term_string}\"},\"query-input\":{\"@type\":\"PropertyValueSpecification\",\"valueRequired\":true,\"valueName\":\"search_term_string\"}}],\"inLanguage\":\"de\"},{\"@type\":\"Organization\",\"@id\":\"https:\\\/\\\/www.feuerwehr-halberstadt.de\\\/#organization\",\"name\":\"Feuerwehr Halberstadt\",\"url\":\"https:\\\/\\\/www.feuerwehr-halberstadt.de\\\/\",\"logo\":{\"@type\":\"ImageObject\",\"inLanguage\":\"de\",\"@id\":\"https:\\\/\\\/www.feuerwehr-halberstadt.de\\\/#\\\/schema\\\/logo\\\/image\\\/\",\"url\":\"https:\\\/\\\/www.feuerwehr-halberstadt.de\\\/wp-content\\\/uploads\\\/2023\\\/10\\\/IMG_0126.png\",\"contentUrl\":\"https:\\\/\\\/www.feuerwehr-halberstadt.de\\\/wp-content\\\/uploads\\\/2023\\\/10\\\/IMG_0126.png\",\"width\":1500,\"height\":399,\"caption\":\"Feuerwehr Halberstadt\"},\"image\":{\"@id\":\"https:\\\/\\\/www.feuerwehr-halberstadt.de\\\/#\\\/schema\\\/logo\\\/image\\\/\"},\"sameAs\":[\"https:\\\/\\\/www.facebook.com\\\/FeuerwehrHalberstadt\\\/\"]},{\"@type\":\"Person\",\"@id\":\"https:\\\/\\\/www.feuerwehr-halberstadt.de\\\/#\\\/schema\\\/person\\\/9e94fca00b357cae16a4a5cdfc9aa4c2\",\"name\":\"Import\",\"image\":{\"@type\":\"ImageObject\",\"inLanguage\":\"de\",\"@id\":\"https:\\\/\\\/secure.gravatar.com\\\/avatar\\\/7e6ea62ad413e64265919670246b2992f4d15ca38b994c27298b63a588dd8ba8?s=96&d=mm&r=g\",\"url\":\"https:\\\/\\\/secure.gravatar.com\\\/avatar\\\/7e6ea62ad413e64265919670246b2992f4d15ca38b994c27298b63a588dd8ba8?s=96&d=mm&r=g\",\"contentUrl\":\"https:\\\/\\\/secure.gravatar.com\\\/avatar\\\/7e6ea62ad413e64265919670246b2992f4d15ca38b994c27298b63a588dd8ba8?s=96&d=mm&r=g\",\"caption\":\"Import\"},\"url\":\"https:\\\/\\\/www.feuerwehr-halberstadt.de\\\/?author=6\"}]}<\/script>\n<!-- \/ Yoast SEO plugin. -->","yoast_head_json":{"title":"F\u00fchrungswechsel bei der Feuerwehr Halberstadt - J\u00f6rg Kelle verabschiedet - Feuerwehr Halberstadt","robots":{"index":"index","follow":"follow","max-snippet":"max-snippet:-1","max-image-preview":"max-image-preview:large","max-video-preview":"max-video-preview:-1"},"canonical":"https:\/\/www.feuerwehr-halberstadt.de\/?p=9880","og_locale":"de_DE","og_type":"article","og_title":"F\u00fchrungswechsel bei der Feuerwehr Halberstadt - J\u00f6rg Kelle verabschiedet - Feuerwehr Halberstadt","og_description":"Feuerwehrchef J\u00f6rg Kelle ist in Halberstadt bekannt wie der sprichw\u00f6rtliche \u201ebunte Hund\u201c.Heute, an seinem letzten Arbeitstag, wurde er als Abteilungsleiter Feuerwehr offiziell verabschiedet. Bereits auf der letzten Dienstberatung des Oberb\u00fcrgermeisters, wurde Brandamtsrat Kelle, mit Wirkung zum 06. Dezember 2019, in die verdiente Freizeitphase geschickt.&nbsp;Seine T\u00e4tigkeit als Abteilungsleiter \u00fcbernimmt sein bisheriger Stellvertreter Ingo Wetzel. J\u00f6rg Kelle [&hellip;]","og_url":"https:\/\/www.feuerwehr-halberstadt.de\/?p=9880","og_site_name":"Feuerwehr Halberstadt","article_publisher":"https:\/\/www.facebook.com\/FeuerwehrHalberstadt\/","article_published_time":"2019-12-06T15:47:52+00:00","article_modified_time":"2020-06-11T09:07:16+00:00","og_image":[{"width":1024,"height":768,"url":"https:\/\/www.feuerwehr-halberstadt.de\/wp-content\/uploads\/2019\/12\/79602438_1710079832460349_6964051417606651904_o-1.jpg","type":"image\/jpeg"}],"author":"Import","twitter_card":"summary_large_image","twitter_misc":{"Verfasst von":"Import","Gesch\u00e4tzte Lesezeit":"1\u00a0Minute"},"schema":{"@context":"https:\/\/schema.org","@graph":[{"@type":"Article","@id":"https:\/\/www.feuerwehr-halberstadt.de\/?p=9880#article","isPartOf":{"@id":"https:\/\/www.feuerwehr-halberstadt.de\/?p=9880"},"author":{"name":"Import","@id":"https:\/\/www.feuerwehr-halberstadt.de\/#\/schema\/person\/9e94fca00b357cae16a4a5cdfc9aa4c2"},"headline":"F\u00fchrungswechsel bei der Feuerwehr Halberstadt &#8211; J\u00f6rg Kelle verabschiedet","datePublished":"2019-12-06T15:47:52+00:00","dateModified":"2020-06-11T09:07:16+00:00","mainEntityOfPage":{"@id":"https:\/\/www.feuerwehr-halberstadt.de\/?p=9880"},"wordCount":113,"publisher":{"@id":"https:\/\/www.feuerwehr-halberstadt.de\/#organization"},"image":{"@id":"https:\/\/www.feuerwehr-halberstadt.de\/?p=9880#primaryimage"},"thumbnailUrl":"https:\/\/www.feuerwehr-halberstadt.de\/wp-content\/uploads\/2019\/12\/79602438_1710079832460349_6964051417606651904_o-1.jpg","articleSection":["Wache"],"inLanguage":"de"},{"@type":"WebPage","@id":"https:\/\/www.feuerwehr-halberstadt.de\/?p=9880","url":"https:\/\/www.feuerwehr-halberstadt.de\/?p=9880","name":"F\u00fchrungswechsel bei der Feuerwehr Halberstadt - J\u00f6rg Kelle verabschiedet - Feuerwehr Halberstadt","isPartOf":{"@id":"https:\/\/www.feuerwehr-halberstadt.de\/#website"},"primaryImageOfPage":{"@id":"https:\/\/www.feuerwehr-halberstadt.de\/?p=9880#primaryimage"},"image":{"@id":"https:\/\/www.feuerwehr-halberstadt.de\/?p=9880#primaryimage"},"thumbnailUrl":"https:\/\/www.feuerwehr-halberstadt.de\/wp-content\/uploads\/2019\/12\/79602438_1710079832460349_6964051417606651904_o-1.jpg","datePublished":"2019-12-06T15:47:52+00:00","dateModified":"2020-06-11T09:07:16+00:00","breadcrumb":{"@id":"https:\/\/www.feuerwehr-halberstadt.de\/?p=9880#breadcrumb"},"inLanguage":"de","potentialAction":[{"@type":"ReadAction","target":["https:\/\/www.feuerwehr-halberstadt.de\/?p=9880"]}]},{"@type":"ImageObject","inLanguage":"de","@id":"https:\/\/www.feuerwehr-halberstadt.de\/?p=9880#primaryimage","url":"https:\/\/www.feuerwehr-halberstadt.de\/wp-content\/uploads\/2019\/12\/79602438_1710079832460349_6964051417606651904_o-1.jpg","contentUrl":"https:\/\/www.feuerwehr-halberstadt.de\/wp-content\/uploads\/2019\/12\/79602438_1710079832460349_6964051417606651904_o-1.jpg","width":1024,"height":768},{"@type":"BreadcrumbList","@id":"https:\/\/www.feuerwehr-halberstadt.de\/?p=9880#breadcrumb","itemListElement":[{"@type":"ListItem","position":1,"name":"Startseite","item":"https:\/\/www.feuerwehr-halberstadt.de\/"},{"@type":"ListItem","position":2,"name":"F\u00fchrungswechsel bei der Feuerwehr Halberstadt &#8211; J\u00f6rg Kelle verabschiedet"}]},{"@type":"WebSite","@id":"https:\/\/www.feuerwehr-halberstadt.de\/#website","url":"https:\/\/www.feuerwehr-halberstadt.de\/","name":"Feuerwehr Halberstadt","description":"#imEinsatzf\u00fcrHalberstadt","publisher":{"@id":"https:\/\/www.feuerwehr-halberstadt.de\/#organization"},"potentialAction":[{"@type":"SearchAction","target":{"@type":"EntryPoint","urlTemplate":"https:\/\/www.feuerwehr-halberstadt.de\/?s={search_term_string}"},"query-input":{"@type":"PropertyValueSpecification","valueRequired":true,"valueName":"search_term_string"}}],"inLanguage":"de"},{"@type":"Organization","@id":"https:\/\/www.feuerwehr-halberstadt.de\/#organization","name":"Feuerwehr Halberstadt","url":"https:\/\/www.feuerwehr-halberstadt.de\/","logo":{"@type":"ImageObject","inLanguage":"de","@id":"https:\/\/www.feuerwehr-halberstadt.de\/#\/schema\/logo\/image\/","url":"https:\/\/www.feuerwehr-halberstadt.de\/wp-content\/uploads\/2023\/10\/IMG_0126.png","contentUrl":"https:\/\/www.feuerwehr-halberstadt.de\/wp-content\/uploads\/2023\/10\/IMG_0126.png","width":1500,"height":399,"caption":"Feuerwehr Halberstadt"},"image":{"@id":"https:\/\/www.feuerwehr-halberstadt.de\/#\/schema\/logo\/image\/"},"sameAs":["https:\/\/www.facebook.com\/FeuerwehrHalberstadt\/"]},{"@type":"Person","@id":"https:\/\/www.feuerwehr-halberstadt.de\/#\/schema\/person\/9e94fca00b357cae16a4a5cdfc9aa4c2","name":"Import","image":{"@type":"ImageObject","inLanguage":"de","@id":"https:\/\/secure.gravatar.com\/avatar\/7e6ea62ad413e64265919670246b2992f4d15ca38b994c27298b63a588dd8ba8?s=96&d=mm&r=g","url":"https:\/\/secure.gravatar.com\/avatar\/7e6ea62ad413e64265919670246b2992f4d15ca38b994c27298b63a588dd8ba8?s=96&d=mm&r=g","contentUrl":"https:\/\/secure.gravatar.com\/avatar\/7e6ea62ad413e64265919670246b2992f4d15ca38b994c27298b63a588dd8ba8?s=96&d=mm&r=g","caption":"Import"},"url":"https:\/\/www.feuerwehr-halberstadt.de\/?author=6"}]}},"_links":{"self":[{"href":"https:\/\/www.feuerwehr-halberstadt.de\/index.php?rest_route=\/wp\/v2\/posts\/9880","targetHints":{"allow":["GET"]}}],"collection":[{"href":"https:\/\/www.feuerwehr-halberstadt.de\/index.php?rest_route=\/wp\/v2\/posts"}],"about":[{"href":"https:\/\/www.feuerwehr-halberstadt.de\/index.php?rest_route=\/wp\/v2\/types\/post"}],"author":[{"embeddable":true,"href":"https:\/\/www.feuerwehr-halberstadt.de\/index.php?rest_route=\/wp\/v2\/users\/6"}],"replies":[{"embeddable":true,"href":"https:\/\/www.feuerwehr-halberstadt.de\/index.php?rest_route=%2Fwp%2Fv2%2Fcomments&post=9880"}],"version-history":[{"count":1,"href":"https:\/\/www.feuerwehr-halberstadt.de\/index.php?rest_route=\/wp\/v2\/posts\/9880\/revisions"}],"predecessor-version":[{"id":9906,"href":"https:\/\/www.feuerwehr-halberstadt.de\/index.php?rest_route=\/wp\/v2\/posts\/9880\/revisions\/9906"}],"wp:featuredmedia":[{"embeddable":true,"href":"https:\/\/www.feuerwehr-halberstadt.de\/index.php?rest_route=\/wp\/v2\/media\/9905"}],"wp:attachment":[{"href":"https:\/\/www.feuerwehr-halberstadt.de\/index.php?rest_route=%2Fwp%2Fv2%2Fmedia&parent=9880"}],"wp:term":[{"taxonomy":"category","embeddable":true,"href":"https:\/\/www.feuerwehr-halberstadt.de\/index.php?rest_route=%2Fwp%2Fv2%2Fcategories&post=9880"},{"taxonomy":"post_tag","embeddable":true,"href":"https:\/\/www.feuerwehr-halberstadt.de\/index.php?rest_route=%2Fwp%2Fv2%2Ftags&post=9880"}],"curies":[{"name":"wp","href":"https:\/\/api.w.org\/{rel}","templated":true}]}}