{"id":7765,"date":"2016-10-15T00:00:00","date_gmt":"2016-10-15T00:00:00","guid":{"rendered":"http:\/\/relaunch.feuerwehr-halberstadt.de-Test\/?p=7765"},"modified":"2020-06-11T11:07:17","modified_gmt":"2020-06-11T09:07:17","slug":"brandheisser-samstag-fuer-die-kameraden-der-feuerwehr-halberstadt","status":"publish","type":"post","link":"https:\/\/www.feuerwehr-halberstadt.de\/?p=7765","title":{"rendered":"Brandhei\u00dfer Samstag f\u00fcr die Kameraden der Feuerwehr Halberstadt"},"content":{"rendered":"<p class=\"info\">15.10.2016  <\/p>\n<p>Bei einigen Atemschutzger\u00e4tetr\u00e4gern aus den Ortsfeuerwehren Halberstadt und Athenstedt stand f\u00fcr den heutigen Samstagvormittag eine Ausbildung der besonderen Art auf dem Plan.&nbsp;<\/p>\n<p>In den fr\u00fchen Morgenstunden fuhren acht Kameraden mit dem stellvertretenden Ortswehrleiter aus Halberstadt, welcher als \u00dcbungsleiter fungierte, in den Landkreis Anhalt-Bitterfeld. In der dortigen Feuerwehrtechnischen Zentrale (FTZ) begann der Tag mit einigen theoretischen Informationen und Tipps, die f\u00fcr den Einsatz in der Brandbek\u00e4mpfung von enormer Bedeutung sind. So sprach man \u00fcber die richtige und effektivste Handhabung eines Hohlstrahlrohres und welche Pers\u00f6nliche Schutzausr\u00fcstung den aktuellen Zulassungen entspricht. Auch Grundlagen der Brandlehre, welche jeder Kamerad im laufe seiner Ausbildung schon einmal gelernt hatte, wurden wiederholt. Bei dem ein oder anderen lagen diese Lehrg\u00e4nge doch weit in der Vergangenheit zur\u00fcck, sodass die Auffrischung so manche Erinnerungen weckte. Unter anderem wurde die Entstehung eines Brandes und dessen f\u00fcnf Phasen thematisiert.&nbsp;<br \/>Als der theoretische Teil abgeschlossen war und alle Fragen beantwortet wurden, ging es ins Freie zum Brand\u00fcbungscontainer. In solch einem Container kann unter realistischen Bedingungen die Brandbek\u00e4mpfung ge\u00fcbt und trainiert werden. Inhalte dieses Abschnittes war das richtige runterk\u00fchlen von Rauchgasen und den gezielten und effektivsten Einsatz von L\u00f6schwasser. Die Kameraden konnten diese Aufgaben trainieren und merkten am eigenen Leibe, wie es sich anf\u00fchlt, wenn das L\u00f6schwasser falsch eingesetzt und die Brandbek\u00e4mpfungen ineffektiv durchgef\u00fchrt wird. Der daraus entstehende Wasserdampf treibt die ohnehin schon herrschenden hohen Temperaturen um ein Vielfaches in die H\u00f6he.&nbsp;<br \/>F\u00fcr alle Kameraden war es nicht nur ein lehrreicher Tag, sondern auch ein Tag mit einem hohem Spa\u00dffaktor.&nbsp;<\/p>\n","protected":false},"excerpt":{"rendered":"<p>15.10.2016 Bei einigen Atemschutzger\u00e4tetr\u00e4gern aus den Ortsfeuerwehren Halberstadt und Athenstedt stand f\u00fcr den heutigen Samstagvormittag eine Ausbildung der besonderen Art auf dem Plan.&nbsp; In den fr\u00fchen Morgenstunden fuhren acht Kameraden mit dem stellvertretenden Ortswehrleiter aus Halberstadt, welcher als \u00dcbungsleiter fungierte, in den Landkreis Anhalt-Bitterfeld. In der dortigen Feuerwehrtechnischen Zentrale (FTZ) begann der Tag mit einigen [&hellip;]<\/p>\n","protected":false},"author":6,"featured_media":0,"comment_status":"closed","ping_status":"closed","sticky":false,"template":"","format":"standard","meta":{"_acf_changed":false,"footnotes":""},"categories":[15],"tags":[],"class_list":["post-7765","post","type-post","status-publish","format-standard","hentry","category-archiv"],"acf":[],"yoast_head":"<!-- This site is optimized with the Yoast SEO plugin v27.5 - https:\/\/yoast.com\/product\/yoast-seo-wordpress\/ -->\n<title>Brandhei\u00dfer Samstag f\u00fcr die Kameraden der Feuerwehr Halberstadt - Feuerwehr Halberstadt<\/title>\n<meta name=\"robots\" content=\"index, follow, max-snippet:-1, max-image-preview:large, max-video-preview:-1\" \/>\n<link rel=\"canonical\" href=\"https:\/\/www.feuerwehr-halberstadt.de\/?p=7765\" \/>\n<meta property=\"og:locale\" content=\"de_DE\" \/>\n<meta property=\"og:type\" content=\"article\" \/>\n<meta property=\"og:title\" content=\"Brandhei\u00dfer Samstag f\u00fcr die Kameraden der Feuerwehr Halberstadt - Feuerwehr Halberstadt\" \/>\n<meta property=\"og:description\" content=\"15.10.2016 Bei einigen Atemschutzger\u00e4tetr\u00e4gern aus den Ortsfeuerwehren Halberstadt und Athenstedt stand f\u00fcr den heutigen Samstagvormittag eine Ausbildung der besonderen Art auf dem Plan.&nbsp; In den fr\u00fchen Morgenstunden fuhren acht Kameraden mit dem stellvertretenden Ortswehrleiter aus Halberstadt, welcher als \u00dcbungsleiter fungierte, in den Landkreis Anhalt-Bitterfeld. In der dortigen Feuerwehrtechnischen Zentrale (FTZ) begann der Tag mit einigen [&hellip;]\" \/>\n<meta property=\"og:url\" content=\"https:\/\/www.feuerwehr-halberstadt.de\/?p=7765\" \/>\n<meta property=\"og:site_name\" content=\"Feuerwehr Halberstadt\" \/>\n<meta property=\"article:publisher\" content=\"https:\/\/www.facebook.com\/FeuerwehrHalberstadt\/\" \/>\n<meta property=\"article:published_time\" content=\"2016-10-15T00:00:00+00:00\" \/>\n<meta property=\"article:modified_time\" content=\"2020-06-11T09:07:17+00:00\" \/>\n<meta property=\"og:image\" content=\"https:\/\/www.feuerwehr-halberstadt.de\/wp-content\/uploads\/2023\/09\/cropped-Feuerwehr_HBS_Logo-removebg-preview-1.png\" \/>\n\t<meta property=\"og:image:width\" content=\"444\" \/>\n\t<meta property=\"og:image:height\" content=\"409\" \/>\n\t<meta property=\"og:image:type\" content=\"image\/png\" \/>\n<meta name=\"author\" content=\"Import\" \/>\n<meta name=\"twitter:card\" content=\"summary_large_image\" \/>\n<meta name=\"twitter:label1\" content=\"Verfasst von\" \/>\n\t<meta name=\"twitter:data1\" content=\"Import\" \/>\n\t<meta name=\"twitter:label2\" content=\"Gesch\u00e4tzte Lesezeit\" \/>\n\t<meta name=\"twitter:data2\" content=\"1\u00a0Minute\" \/>\n<script type=\"application\/ld+json\" class=\"yoast-schema-graph\">{\"@context\":\"https:\\\/\\\/schema.org\",\"@graph\":[{\"@type\":\"Article\",\"@id\":\"https:\\\/\\\/www.feuerwehr-halberstadt.de\\\/?p=7765#article\",\"isPartOf\":{\"@id\":\"https:\\\/\\\/www.feuerwehr-halberstadt.de\\\/?p=7765\"},\"author\":{\"name\":\"Import\",\"@id\":\"https:\\\/\\\/www.feuerwehr-halberstadt.de\\\/#\\\/schema\\\/person\\\/9e94fca00b357cae16a4a5cdfc9aa4c2\"},\"headline\":\"Brandhei\u00dfer Samstag f\u00fcr die Kameraden der Feuerwehr Halberstadt\",\"datePublished\":\"2016-10-15T00:00:00+00:00\",\"dateModified\":\"2020-06-11T09:07:17+00:00\",\"mainEntityOfPage\":{\"@id\":\"https:\\\/\\\/www.feuerwehr-halberstadt.de\\\/?p=7765\"},\"wordCount\":284,\"publisher\":{\"@id\":\"https:\\\/\\\/www.feuerwehr-halberstadt.de\\\/#organization\"},\"articleSection\":[\"Archiv\"],\"inLanguage\":\"de\"},{\"@type\":\"WebPage\",\"@id\":\"https:\\\/\\\/www.feuerwehr-halberstadt.de\\\/?p=7765\",\"url\":\"https:\\\/\\\/www.feuerwehr-halberstadt.de\\\/?p=7765\",\"name\":\"Brandhei\u00dfer Samstag f\u00fcr die Kameraden der Feuerwehr Halberstadt - Feuerwehr Halberstadt\",\"isPartOf\":{\"@id\":\"https:\\\/\\\/www.feuerwehr-halberstadt.de\\\/#website\"},\"datePublished\":\"2016-10-15T00:00:00+00:00\",\"dateModified\":\"2020-06-11T09:07:17+00:00\",\"breadcrumb\":{\"@id\":\"https:\\\/\\\/www.feuerwehr-halberstadt.de\\\/?p=7765#breadcrumb\"},\"inLanguage\":\"de\",\"potentialAction\":[{\"@type\":\"ReadAction\",\"target\":[\"https:\\\/\\\/www.feuerwehr-halberstadt.de\\\/?p=7765\"]}]},{\"@type\":\"BreadcrumbList\",\"@id\":\"https:\\\/\\\/www.feuerwehr-halberstadt.de\\\/?p=7765#breadcrumb\",\"itemListElement\":[{\"@type\":\"ListItem\",\"position\":1,\"name\":\"Startseite\",\"item\":\"https:\\\/\\\/www.feuerwehr-halberstadt.de\\\/\"},{\"@type\":\"ListItem\",\"position\":2,\"name\":\"Brandhei\u00dfer Samstag f\u00fcr die Kameraden der Feuerwehr Halberstadt\"}]},{\"@type\":\"WebSite\",\"@id\":\"https:\\\/\\\/www.feuerwehr-halberstadt.de\\\/#website\",\"url\":\"https:\\\/\\\/www.feuerwehr-halberstadt.de\\\/\",\"name\":\"Feuerwehr Halberstadt\",\"description\":\"#imEinsatzf\u00fcrHalberstadt\",\"publisher\":{\"@id\":\"https:\\\/\\\/www.feuerwehr-halberstadt.de\\\/#organization\"},\"potentialAction\":[{\"@type\":\"SearchAction\",\"target\":{\"@type\":\"EntryPoint\",\"urlTemplate\":\"https:\\\/\\\/www.feuerwehr-halberstadt.de\\\/?s={search_term_string}\"},\"query-input\":{\"@type\":\"PropertyValueSpecification\",\"valueRequired\":true,\"valueName\":\"search_term_string\"}}],\"inLanguage\":\"de\"},{\"@type\":\"Organization\",\"@id\":\"https:\\\/\\\/www.feuerwehr-halberstadt.de\\\/#organization\",\"name\":\"Feuerwehr Halberstadt\",\"url\":\"https:\\\/\\\/www.feuerwehr-halberstadt.de\\\/\",\"logo\":{\"@type\":\"ImageObject\",\"inLanguage\":\"de\",\"@id\":\"https:\\\/\\\/www.feuerwehr-halberstadt.de\\\/#\\\/schema\\\/logo\\\/image\\\/\",\"url\":\"https:\\\/\\\/www.feuerwehr-halberstadt.de\\\/wp-content\\\/uploads\\\/2023\\\/10\\\/IMG_0126.png\",\"contentUrl\":\"https:\\\/\\\/www.feuerwehr-halberstadt.de\\\/wp-content\\\/uploads\\\/2023\\\/10\\\/IMG_0126.png\",\"width\":1500,\"height\":399,\"caption\":\"Feuerwehr Halberstadt\"},\"image\":{\"@id\":\"https:\\\/\\\/www.feuerwehr-halberstadt.de\\\/#\\\/schema\\\/logo\\\/image\\\/\"},\"sameAs\":[\"https:\\\/\\\/www.facebook.com\\\/FeuerwehrHalberstadt\\\/\"]},{\"@type\":\"Person\",\"@id\":\"https:\\\/\\\/www.feuerwehr-halberstadt.de\\\/#\\\/schema\\\/person\\\/9e94fca00b357cae16a4a5cdfc9aa4c2\",\"name\":\"Import\",\"image\":{\"@type\":\"ImageObject\",\"inLanguage\":\"de\",\"@id\":\"https:\\\/\\\/secure.gravatar.com\\\/avatar\\\/7e6ea62ad413e64265919670246b2992f4d15ca38b994c27298b63a588dd8ba8?s=96&d=mm&r=g\",\"url\":\"https:\\\/\\\/secure.gravatar.com\\\/avatar\\\/7e6ea62ad413e64265919670246b2992f4d15ca38b994c27298b63a588dd8ba8?s=96&d=mm&r=g\",\"contentUrl\":\"https:\\\/\\\/secure.gravatar.com\\\/avatar\\\/7e6ea62ad413e64265919670246b2992f4d15ca38b994c27298b63a588dd8ba8?s=96&d=mm&r=g\",\"caption\":\"Import\"},\"url\":\"https:\\\/\\\/www.feuerwehr-halberstadt.de\\\/?author=6\"}]}<\/script>\n<!-- \/ Yoast SEO plugin. -->","yoast_head_json":{"title":"Brandhei\u00dfer Samstag f\u00fcr die Kameraden der Feuerwehr Halberstadt - Feuerwehr Halberstadt","robots":{"index":"index","follow":"follow","max-snippet":"max-snippet:-1","max-image-preview":"max-image-preview:large","max-video-preview":"max-video-preview:-1"},"canonical":"https:\/\/www.feuerwehr-halberstadt.de\/?p=7765","og_locale":"de_DE","og_type":"article","og_title":"Brandhei\u00dfer Samstag f\u00fcr die Kameraden der Feuerwehr Halberstadt - Feuerwehr Halberstadt","og_description":"15.10.2016 Bei einigen Atemschutzger\u00e4tetr\u00e4gern aus den Ortsfeuerwehren Halberstadt und Athenstedt stand f\u00fcr den heutigen Samstagvormittag eine Ausbildung der besonderen Art auf dem Plan.&nbsp; In den fr\u00fchen Morgenstunden fuhren acht Kameraden mit dem stellvertretenden Ortswehrleiter aus Halberstadt, welcher als \u00dcbungsleiter fungierte, in den Landkreis Anhalt-Bitterfeld. In der dortigen Feuerwehrtechnischen Zentrale (FTZ) begann der Tag mit einigen [&hellip;]","og_url":"https:\/\/www.feuerwehr-halberstadt.de\/?p=7765","og_site_name":"Feuerwehr Halberstadt","article_publisher":"https:\/\/www.facebook.com\/FeuerwehrHalberstadt\/","article_published_time":"2016-10-15T00:00:00+00:00","article_modified_time":"2020-06-11T09:07:17+00:00","og_image":[{"width":444,"height":409,"url":"https:\/\/www.feuerwehr-halberstadt.de\/wp-content\/uploads\/2023\/09\/cropped-Feuerwehr_HBS_Logo-removebg-preview-1.png","type":"image\/png"}],"author":"Import","twitter_card":"summary_large_image","twitter_misc":{"Verfasst von":"Import","Gesch\u00e4tzte Lesezeit":"1\u00a0Minute"},"schema":{"@context":"https:\/\/schema.org","@graph":[{"@type":"Article","@id":"https:\/\/www.feuerwehr-halberstadt.de\/?p=7765#article","isPartOf":{"@id":"https:\/\/www.feuerwehr-halberstadt.de\/?p=7765"},"author":{"name":"Import","@id":"https:\/\/www.feuerwehr-halberstadt.de\/#\/schema\/person\/9e94fca00b357cae16a4a5cdfc9aa4c2"},"headline":"Brandhei\u00dfer Samstag f\u00fcr die Kameraden der Feuerwehr Halberstadt","datePublished":"2016-10-15T00:00:00+00:00","dateModified":"2020-06-11T09:07:17+00:00","mainEntityOfPage":{"@id":"https:\/\/www.feuerwehr-halberstadt.de\/?p=7765"},"wordCount":284,"publisher":{"@id":"https:\/\/www.feuerwehr-halberstadt.de\/#organization"},"articleSection":["Archiv"],"inLanguage":"de"},{"@type":"WebPage","@id":"https:\/\/www.feuerwehr-halberstadt.de\/?p=7765","url":"https:\/\/www.feuerwehr-halberstadt.de\/?p=7765","name":"Brandhei\u00dfer Samstag f\u00fcr die Kameraden der Feuerwehr Halberstadt - Feuerwehr Halberstadt","isPartOf":{"@id":"https:\/\/www.feuerwehr-halberstadt.de\/#website"},"datePublished":"2016-10-15T00:00:00+00:00","dateModified":"2020-06-11T09:07:17+00:00","breadcrumb":{"@id":"https:\/\/www.feuerwehr-halberstadt.de\/?p=7765#breadcrumb"},"inLanguage":"de","potentialAction":[{"@type":"ReadAction","target":["https:\/\/www.feuerwehr-halberstadt.de\/?p=7765"]}]},{"@type":"BreadcrumbList","@id":"https:\/\/www.feuerwehr-halberstadt.de\/?p=7765#breadcrumb","itemListElement":[{"@type":"ListItem","position":1,"name":"Startseite","item":"https:\/\/www.feuerwehr-halberstadt.de\/"},{"@type":"ListItem","position":2,"name":"Brandhei\u00dfer Samstag f\u00fcr die Kameraden der Feuerwehr Halberstadt"}]},{"@type":"WebSite","@id":"https:\/\/www.feuerwehr-halberstadt.de\/#website","url":"https:\/\/www.feuerwehr-halberstadt.de\/","name":"Feuerwehr Halberstadt","description":"#imEinsatzf\u00fcrHalberstadt","publisher":{"@id":"https:\/\/www.feuerwehr-halberstadt.de\/#organization"},"potentialAction":[{"@type":"SearchAction","target":{"@type":"EntryPoint","urlTemplate":"https:\/\/www.feuerwehr-halberstadt.de\/?s={search_term_string}"},"query-input":{"@type":"PropertyValueSpecification","valueRequired":true,"valueName":"search_term_string"}}],"inLanguage":"de"},{"@type":"Organization","@id":"https:\/\/www.feuerwehr-halberstadt.de\/#organization","name":"Feuerwehr Halberstadt","url":"https:\/\/www.feuerwehr-halberstadt.de\/","logo":{"@type":"ImageObject","inLanguage":"de","@id":"https:\/\/www.feuerwehr-halberstadt.de\/#\/schema\/logo\/image\/","url":"https:\/\/www.feuerwehr-halberstadt.de\/wp-content\/uploads\/2023\/10\/IMG_0126.png","contentUrl":"https:\/\/www.feuerwehr-halberstadt.de\/wp-content\/uploads\/2023\/10\/IMG_0126.png","width":1500,"height":399,"caption":"Feuerwehr Halberstadt"},"image":{"@id":"https:\/\/www.feuerwehr-halberstadt.de\/#\/schema\/logo\/image\/"},"sameAs":["https:\/\/www.facebook.com\/FeuerwehrHalberstadt\/"]},{"@type":"Person","@id":"https:\/\/www.feuerwehr-halberstadt.de\/#\/schema\/person\/9e94fca00b357cae16a4a5cdfc9aa4c2","name":"Import","image":{"@type":"ImageObject","inLanguage":"de","@id":"https:\/\/secure.gravatar.com\/avatar\/7e6ea62ad413e64265919670246b2992f4d15ca38b994c27298b63a588dd8ba8?s=96&d=mm&r=g","url":"https:\/\/secure.gravatar.com\/avatar\/7e6ea62ad413e64265919670246b2992f4d15ca38b994c27298b63a588dd8ba8?s=96&d=mm&r=g","contentUrl":"https:\/\/secure.gravatar.com\/avatar\/7e6ea62ad413e64265919670246b2992f4d15ca38b994c27298b63a588dd8ba8?s=96&d=mm&r=g","caption":"Import"},"url":"https:\/\/www.feuerwehr-halberstadt.de\/?author=6"}]}},"_links":{"self":[{"href":"https:\/\/www.feuerwehr-halberstadt.de\/index.php?rest_route=\/wp\/v2\/posts\/7765","targetHints":{"allow":["GET"]}}],"collection":[{"href":"https:\/\/www.feuerwehr-halberstadt.de\/index.php?rest_route=\/wp\/v2\/posts"}],"about":[{"href":"https:\/\/www.feuerwehr-halberstadt.de\/index.php?rest_route=\/wp\/v2\/types\/post"}],"author":[{"embeddable":true,"href":"https:\/\/www.feuerwehr-halberstadt.de\/index.php?rest_route=\/wp\/v2\/users\/6"}],"replies":[{"embeddable":true,"href":"https:\/\/www.feuerwehr-halberstadt.de\/index.php?rest_route=%2Fwp%2Fv2%2Fcomments&post=7765"}],"version-history":[{"count":1,"href":"https:\/\/www.feuerwehr-halberstadt.de\/index.php?rest_route=\/wp\/v2\/posts\/7765\/revisions"}],"predecessor-version":[{"id":10498,"href":"https:\/\/www.feuerwehr-halberstadt.de\/index.php?rest_route=\/wp\/v2\/posts\/7765\/revisions\/10498"}],"wp:attachment":[{"href":"https:\/\/www.feuerwehr-halberstadt.de\/index.php?rest_route=%2Fwp%2Fv2%2Fmedia&parent=7765"}],"wp:term":[{"taxonomy":"category","embeddable":true,"href":"https:\/\/www.feuerwehr-halberstadt.de\/index.php?rest_route=%2Fwp%2Fv2%2Fcategories&post=7765"},{"taxonomy":"post_tag","embeddable":true,"href":"https:\/\/www.feuerwehr-halberstadt.de\/index.php?rest_route=%2Fwp%2Fv2%2Ftags&post=7765"}],"curies":[{"name":"wp","href":"https:\/\/api.w.org\/{rel}","templated":true}]}}