{"id":7759,"date":"2016-05-30T00:00:00","date_gmt":"2016-05-30T00:00:00","guid":{"rendered":"http:\/\/relaunch.feuerwehr-halberstadt.de-Test\/?p=7759"},"modified":"2020-06-11T11:07:27","modified_gmt":"2020-06-11T09:07:27","slug":"stellenanzeige-der-stadt-halberstadt-brandmeister-anwaerter","status":"publish","type":"post","link":"https:\/\/www.feuerwehr-halberstadt.de\/?p=7759","title":{"rendered":"Stellenanzeige der Stadt Halberstadt &#8211; Brandmeister-Anw\u00e4rter"},"content":{"rendered":"<p class=\"info\">30.05.2016  <\/p>\n<p>Die junge und dynamische Stadt Halberstadt stellt zum 1. April 2017 ein. Sie sind engagiert, technisch interessiert, k\u00f6rperlich fit, psychisch belastbar und ein Teamplayer? Dann bieten wir f\u00fcr Sie folgende Ausbildungsstelle an:<\/p>\n<p>&nbsp;<\/p>\n<ul>\n<li><strong>Brandmeister-Anw\u00e4rter zur Ableistung eines 2-j\u00e4hrigen Vorbereitungsdienstes im 2. Einstiegsamt der Laufbahngruppe 1 des feuerwehrtechnischen Dienstes (ehem. mittlerer feuerwehrtechnischer Dienst) <\/strong><\/li>\n<\/ul>\n<p>Die Einstellung erfolgt im Beamtenverh\u00e4ltnis auf Widerruf. Deine Ausbildung gliedert sich in mehrere Teile. Nach einem 6-monatigen Grundausbildungslehrgang an einer Feuerwehrschule oder einer Berufsfeuerwehr schlie\u00dft sich die Ausbildung zum Rettungssanit\u00e4ter an. Weiterhin sind dann Speziallehrg\u00e4nge sowie ein mehrmonatiges Ausbildungspraktikum bei der Feuerwehr Halberstadt zu absolvieren. Zum Ende der Ausbildung erfolgt die Teilnahme an einem F\u00fchrungslehrgang f\u00fcr den mittleren feuerwehrtechnischen Dienst am Institut f\u00fcr Brand- und Katastrophenschutz in Heyrothsberge, der mit der Laufbahnpr\u00fcfung endet. Nach erfolgreichem Abschluss ist eine \u00dcbernahme in das Beamtenverh\u00e4ltnis auf Probe bei der Stadt Halberstadt vorgesehen.<\/p>\n<h3>Wir erwarten von Ihnen:<\/h3>\n<p>\u2022 am Tage der Einstellung darf Ihr H\u00f6chstalter 32 Jahre nicht \u00fcberschritten sein <br \/>\u2022 mindestens einen erfolgreichen Realschulabschluss<br \/>\u2022 ein gutes Allgemeinwissen und Technikverst\u00e4ndnis<br \/>\u2022 einen erfolgreichen Abschluss in einem der Feuerwehr dienlichen Handwerksberuf<br \/>\u2022 einen F\u00fchrerschein der Klasse C\/CE bzw. die Bereitschaft, diesen bis zum Ausbildungsende auf eigene Kosten zu erwerben<\/p>\n<p>Ob Sie zu uns passen, wird vor der Einstellung im Rahmen eines Auswahlverfahrens festgestellt. Bewerbungsunterlagen werden nur zur\u00fcckgesandt, wenn Sie einen ausreichend frankierten R\u00fcckumschlag beif\u00fcgen. Ansonsten werden die Unterlagen 6 Monaten nach Bewerbungsschluss vernichtet. Bewerbungskosten werden nicht erstattet.<\/p>\n<p>Bitte senden Sie und Ihre Bewerbung nur als Fotokopie. Aufw\u00e4ndige Bewerbungsmappen, Klarsichth\u00fcllen oder \u00c4hnliches sind nicht vonn\u00f6ten.<\/p>\n<h3>Ihre Bewerbung muss enthalten:<\/h3>\n<p>\u2022 einen tabellarischen Lebenslauf mit Lichtbild<br \/>\u2022 Kopie Abschlusszeugnis der Schulausbildung<br \/>\u2022 Kopie Abschlusszeugnis der Berufsausbildung<br \/>\u2022 Kopie F\u00fchrerschein<br \/>\u2022 Kopien von Ausbildungsabschl\u00fcssen, die von Interesse sein k\u00f6nnten <\/p>\n<p>Senden Sie diese bitte bis zum 25.06.2016 an:<\/p>\n<p>Stadt Halberstadt<br \/>Fachbereich Innere Verwaltung<br \/>z. Hd. Herrn Kuschel<br \/>Domplatz 49<br \/>38820 Halberstadt<\/p>\n","protected":false},"excerpt":{"rendered":"<p>30.05.2016 Die junge und dynamische Stadt Halberstadt stellt zum 1. April 2017 ein. Sie sind engagiert, technisch interessiert, k\u00f6rperlich fit, psychisch belastbar und ein Teamplayer? Dann bieten wir f\u00fcr Sie folgende Ausbildungsstelle an: &nbsp; Brandmeister-Anw\u00e4rter zur Ableistung eines 2-j\u00e4hrigen Vorbereitungsdienstes im 2. Einstiegsamt der Laufbahngruppe 1 des feuerwehrtechnischen Dienstes (ehem. mittlerer feuerwehrtechnischer Dienst) Die Einstellung [&hellip;]<\/p>\n","protected":false},"author":6,"featured_media":0,"comment_status":"closed","ping_status":"closed","sticky":false,"template":"","format":"standard","meta":{"_acf_changed":false,"footnotes":""},"categories":[15],"tags":[],"class_list":["post-7759","post","type-post","status-publish","format-standard","hentry","category-archiv"],"acf":[],"yoast_head":"<!-- This site is optimized with the Yoast SEO plugin v27.5 - https:\/\/yoast.com\/product\/yoast-seo-wordpress\/ -->\n<title>Stellenanzeige der Stadt Halberstadt - Brandmeister-Anw\u00e4rter - Feuerwehr Halberstadt<\/title>\n<meta name=\"robots\" content=\"index, follow, max-snippet:-1, max-image-preview:large, max-video-preview:-1\" \/>\n<link rel=\"canonical\" href=\"https:\/\/www.feuerwehr-halberstadt.de\/?p=7759\" \/>\n<meta property=\"og:locale\" content=\"de_DE\" \/>\n<meta property=\"og:type\" content=\"article\" \/>\n<meta property=\"og:title\" content=\"Stellenanzeige der Stadt Halberstadt - Brandmeister-Anw\u00e4rter - Feuerwehr Halberstadt\" \/>\n<meta property=\"og:description\" content=\"30.05.2016 Die junge und dynamische Stadt Halberstadt stellt zum 1. April 2017 ein. Sie sind engagiert, technisch interessiert, k\u00f6rperlich fit, psychisch belastbar und ein Teamplayer? Dann bieten wir f\u00fcr Sie folgende Ausbildungsstelle an: &nbsp; Brandmeister-Anw\u00e4rter zur Ableistung eines 2-j\u00e4hrigen Vorbereitungsdienstes im 2. Einstiegsamt der Laufbahngruppe 1 des feuerwehrtechnischen Dienstes (ehem. mittlerer feuerwehrtechnischer Dienst) Die Einstellung [&hellip;]\" \/>\n<meta property=\"og:url\" content=\"https:\/\/www.feuerwehr-halberstadt.de\/?p=7759\" \/>\n<meta property=\"og:site_name\" content=\"Feuerwehr Halberstadt\" \/>\n<meta property=\"article:publisher\" content=\"https:\/\/www.facebook.com\/FeuerwehrHalberstadt\/\" \/>\n<meta property=\"article:published_time\" content=\"2016-05-30T00:00:00+00:00\" \/>\n<meta property=\"article:modified_time\" content=\"2020-06-11T09:07:27+00:00\" \/>\n<meta property=\"og:image\" content=\"https:\/\/www.feuerwehr-halberstadt.de\/wp-content\/uploads\/2023\/09\/cropped-Feuerwehr_HBS_Logo-removebg-preview-1.png\" \/>\n\t<meta property=\"og:image:width\" content=\"444\" \/>\n\t<meta property=\"og:image:height\" content=\"409\" \/>\n\t<meta property=\"og:image:type\" content=\"image\/png\" \/>\n<meta name=\"author\" content=\"Import\" \/>\n<meta name=\"twitter:card\" content=\"summary_large_image\" \/>\n<meta name=\"twitter:label1\" content=\"Verfasst von\" \/>\n\t<meta name=\"twitter:data1\" content=\"Import\" \/>\n\t<meta name=\"twitter:label2\" content=\"Gesch\u00e4tzte Lesezeit\" \/>\n\t<meta name=\"twitter:data2\" content=\"2\u00a0Minuten\" \/>\n<script type=\"application\/ld+json\" class=\"yoast-schema-graph\">{\"@context\":\"https:\\\/\\\/schema.org\",\"@graph\":[{\"@type\":\"Article\",\"@id\":\"https:\\\/\\\/www.feuerwehr-halberstadt.de\\\/?p=7759#article\",\"isPartOf\":{\"@id\":\"https:\\\/\\\/www.feuerwehr-halberstadt.de\\\/?p=7759\"},\"author\":{\"name\":\"Import\",\"@id\":\"https:\\\/\\\/www.feuerwehr-halberstadt.de\\\/#\\\/schema\\\/person\\\/9e94fca00b357cae16a4a5cdfc9aa4c2\"},\"headline\":\"Stellenanzeige der Stadt Halberstadt &#8211; Brandmeister-Anw\u00e4rter\",\"datePublished\":\"2016-05-30T00:00:00+00:00\",\"dateModified\":\"2020-06-11T09:07:27+00:00\",\"mainEntityOfPage\":{\"@id\":\"https:\\\/\\\/www.feuerwehr-halberstadt.de\\\/?p=7759\"},\"wordCount\":316,\"publisher\":{\"@id\":\"https:\\\/\\\/www.feuerwehr-halberstadt.de\\\/#organization\"},\"articleSection\":[\"Archiv\"],\"inLanguage\":\"de\"},{\"@type\":\"WebPage\",\"@id\":\"https:\\\/\\\/www.feuerwehr-halberstadt.de\\\/?p=7759\",\"url\":\"https:\\\/\\\/www.feuerwehr-halberstadt.de\\\/?p=7759\",\"name\":\"Stellenanzeige der Stadt Halberstadt - Brandmeister-Anw\u00e4rter - Feuerwehr Halberstadt\",\"isPartOf\":{\"@id\":\"https:\\\/\\\/www.feuerwehr-halberstadt.de\\\/#website\"},\"datePublished\":\"2016-05-30T00:00:00+00:00\",\"dateModified\":\"2020-06-11T09:07:27+00:00\",\"breadcrumb\":{\"@id\":\"https:\\\/\\\/www.feuerwehr-halberstadt.de\\\/?p=7759#breadcrumb\"},\"inLanguage\":\"de\",\"potentialAction\":[{\"@type\":\"ReadAction\",\"target\":[\"https:\\\/\\\/www.feuerwehr-halberstadt.de\\\/?p=7759\"]}]},{\"@type\":\"BreadcrumbList\",\"@id\":\"https:\\\/\\\/www.feuerwehr-halberstadt.de\\\/?p=7759#breadcrumb\",\"itemListElement\":[{\"@type\":\"ListItem\",\"position\":1,\"name\":\"Startseite\",\"item\":\"https:\\\/\\\/www.feuerwehr-halberstadt.de\\\/\"},{\"@type\":\"ListItem\",\"position\":2,\"name\":\"Stellenanzeige der Stadt Halberstadt &#8211; Brandmeister-Anw\u00e4rter\"}]},{\"@type\":\"WebSite\",\"@id\":\"https:\\\/\\\/www.feuerwehr-halberstadt.de\\\/#website\",\"url\":\"https:\\\/\\\/www.feuerwehr-halberstadt.de\\\/\",\"name\":\"Feuerwehr Halberstadt\",\"description\":\"#imEinsatzf\u00fcrHalberstadt\",\"publisher\":{\"@id\":\"https:\\\/\\\/www.feuerwehr-halberstadt.de\\\/#organization\"},\"potentialAction\":[{\"@type\":\"SearchAction\",\"target\":{\"@type\":\"EntryPoint\",\"urlTemplate\":\"https:\\\/\\\/www.feuerwehr-halberstadt.de\\\/?s={search_term_string}\"},\"query-input\":{\"@type\":\"PropertyValueSpecification\",\"valueRequired\":true,\"valueName\":\"search_term_string\"}}],\"inLanguage\":\"de\"},{\"@type\":\"Organization\",\"@id\":\"https:\\\/\\\/www.feuerwehr-halberstadt.de\\\/#organization\",\"name\":\"Feuerwehr Halberstadt\",\"url\":\"https:\\\/\\\/www.feuerwehr-halberstadt.de\\\/\",\"logo\":{\"@type\":\"ImageObject\",\"inLanguage\":\"de\",\"@id\":\"https:\\\/\\\/www.feuerwehr-halberstadt.de\\\/#\\\/schema\\\/logo\\\/image\\\/\",\"url\":\"https:\\\/\\\/www.feuerwehr-halberstadt.de\\\/wp-content\\\/uploads\\\/2023\\\/10\\\/IMG_0126.png\",\"contentUrl\":\"https:\\\/\\\/www.feuerwehr-halberstadt.de\\\/wp-content\\\/uploads\\\/2023\\\/10\\\/IMG_0126.png\",\"width\":1500,\"height\":399,\"caption\":\"Feuerwehr Halberstadt\"},\"image\":{\"@id\":\"https:\\\/\\\/www.feuerwehr-halberstadt.de\\\/#\\\/schema\\\/logo\\\/image\\\/\"},\"sameAs\":[\"https:\\\/\\\/www.facebook.com\\\/FeuerwehrHalberstadt\\\/\"]},{\"@type\":\"Person\",\"@id\":\"https:\\\/\\\/www.feuerwehr-halberstadt.de\\\/#\\\/schema\\\/person\\\/9e94fca00b357cae16a4a5cdfc9aa4c2\",\"name\":\"Import\",\"image\":{\"@type\":\"ImageObject\",\"inLanguage\":\"de\",\"@id\":\"https:\\\/\\\/secure.gravatar.com\\\/avatar\\\/7e6ea62ad413e64265919670246b2992f4d15ca38b994c27298b63a588dd8ba8?s=96&d=mm&r=g\",\"url\":\"https:\\\/\\\/secure.gravatar.com\\\/avatar\\\/7e6ea62ad413e64265919670246b2992f4d15ca38b994c27298b63a588dd8ba8?s=96&d=mm&r=g\",\"contentUrl\":\"https:\\\/\\\/secure.gravatar.com\\\/avatar\\\/7e6ea62ad413e64265919670246b2992f4d15ca38b994c27298b63a588dd8ba8?s=96&d=mm&r=g\",\"caption\":\"Import\"},\"url\":\"https:\\\/\\\/www.feuerwehr-halberstadt.de\\\/?author=6\"}]}<\/script>\n<!-- \/ Yoast SEO plugin. -->","yoast_head_json":{"title":"Stellenanzeige der Stadt Halberstadt - Brandmeister-Anw\u00e4rter - Feuerwehr Halberstadt","robots":{"index":"index","follow":"follow","max-snippet":"max-snippet:-1","max-image-preview":"max-image-preview:large","max-video-preview":"max-video-preview:-1"},"canonical":"https:\/\/www.feuerwehr-halberstadt.de\/?p=7759","og_locale":"de_DE","og_type":"article","og_title":"Stellenanzeige der Stadt Halberstadt - Brandmeister-Anw\u00e4rter - Feuerwehr Halberstadt","og_description":"30.05.2016 Die junge und dynamische Stadt Halberstadt stellt zum 1. April 2017 ein. Sie sind engagiert, technisch interessiert, k\u00f6rperlich fit, psychisch belastbar und ein Teamplayer? Dann bieten wir f\u00fcr Sie folgende Ausbildungsstelle an: &nbsp; Brandmeister-Anw\u00e4rter zur Ableistung eines 2-j\u00e4hrigen Vorbereitungsdienstes im 2. Einstiegsamt der Laufbahngruppe 1 des feuerwehrtechnischen Dienstes (ehem. mittlerer feuerwehrtechnischer Dienst) Die Einstellung [&hellip;]","og_url":"https:\/\/www.feuerwehr-halberstadt.de\/?p=7759","og_site_name":"Feuerwehr Halberstadt","article_publisher":"https:\/\/www.facebook.com\/FeuerwehrHalberstadt\/","article_published_time":"2016-05-30T00:00:00+00:00","article_modified_time":"2020-06-11T09:07:27+00:00","og_image":[{"width":444,"height":409,"url":"https:\/\/www.feuerwehr-halberstadt.de\/wp-content\/uploads\/2023\/09\/cropped-Feuerwehr_HBS_Logo-removebg-preview-1.png","type":"image\/png"}],"author":"Import","twitter_card":"summary_large_image","twitter_misc":{"Verfasst von":"Import","Gesch\u00e4tzte Lesezeit":"2\u00a0Minuten"},"schema":{"@context":"https:\/\/schema.org","@graph":[{"@type":"Article","@id":"https:\/\/www.feuerwehr-halberstadt.de\/?p=7759#article","isPartOf":{"@id":"https:\/\/www.feuerwehr-halberstadt.de\/?p=7759"},"author":{"name":"Import","@id":"https:\/\/www.feuerwehr-halberstadt.de\/#\/schema\/person\/9e94fca00b357cae16a4a5cdfc9aa4c2"},"headline":"Stellenanzeige der Stadt Halberstadt &#8211; Brandmeister-Anw\u00e4rter","datePublished":"2016-05-30T00:00:00+00:00","dateModified":"2020-06-11T09:07:27+00:00","mainEntityOfPage":{"@id":"https:\/\/www.feuerwehr-halberstadt.de\/?p=7759"},"wordCount":316,"publisher":{"@id":"https:\/\/www.feuerwehr-halberstadt.de\/#organization"},"articleSection":["Archiv"],"inLanguage":"de"},{"@type":"WebPage","@id":"https:\/\/www.feuerwehr-halberstadt.de\/?p=7759","url":"https:\/\/www.feuerwehr-halberstadt.de\/?p=7759","name":"Stellenanzeige der Stadt Halberstadt - Brandmeister-Anw\u00e4rter - Feuerwehr Halberstadt","isPartOf":{"@id":"https:\/\/www.feuerwehr-halberstadt.de\/#website"},"datePublished":"2016-05-30T00:00:00+00:00","dateModified":"2020-06-11T09:07:27+00:00","breadcrumb":{"@id":"https:\/\/www.feuerwehr-halberstadt.de\/?p=7759#breadcrumb"},"inLanguage":"de","potentialAction":[{"@type":"ReadAction","target":["https:\/\/www.feuerwehr-halberstadt.de\/?p=7759"]}]},{"@type":"BreadcrumbList","@id":"https:\/\/www.feuerwehr-halberstadt.de\/?p=7759#breadcrumb","itemListElement":[{"@type":"ListItem","position":1,"name":"Startseite","item":"https:\/\/www.feuerwehr-halberstadt.de\/"},{"@type":"ListItem","position":2,"name":"Stellenanzeige der Stadt Halberstadt &#8211; Brandmeister-Anw\u00e4rter"}]},{"@type":"WebSite","@id":"https:\/\/www.feuerwehr-halberstadt.de\/#website","url":"https:\/\/www.feuerwehr-halberstadt.de\/","name":"Feuerwehr Halberstadt","description":"#imEinsatzf\u00fcrHalberstadt","publisher":{"@id":"https:\/\/www.feuerwehr-halberstadt.de\/#organization"},"potentialAction":[{"@type":"SearchAction","target":{"@type":"EntryPoint","urlTemplate":"https:\/\/www.feuerwehr-halberstadt.de\/?s={search_term_string}"},"query-input":{"@type":"PropertyValueSpecification","valueRequired":true,"valueName":"search_term_string"}}],"inLanguage":"de"},{"@type":"Organization","@id":"https:\/\/www.feuerwehr-halberstadt.de\/#organization","name":"Feuerwehr Halberstadt","url":"https:\/\/www.feuerwehr-halberstadt.de\/","logo":{"@type":"ImageObject","inLanguage":"de","@id":"https:\/\/www.feuerwehr-halberstadt.de\/#\/schema\/logo\/image\/","url":"https:\/\/www.feuerwehr-halberstadt.de\/wp-content\/uploads\/2023\/10\/IMG_0126.png","contentUrl":"https:\/\/www.feuerwehr-halberstadt.de\/wp-content\/uploads\/2023\/10\/IMG_0126.png","width":1500,"height":399,"caption":"Feuerwehr Halberstadt"},"image":{"@id":"https:\/\/www.feuerwehr-halberstadt.de\/#\/schema\/logo\/image\/"},"sameAs":["https:\/\/www.facebook.com\/FeuerwehrHalberstadt\/"]},{"@type":"Person","@id":"https:\/\/www.feuerwehr-halberstadt.de\/#\/schema\/person\/9e94fca00b357cae16a4a5cdfc9aa4c2","name":"Import","image":{"@type":"ImageObject","inLanguage":"de","@id":"https:\/\/secure.gravatar.com\/avatar\/7e6ea62ad413e64265919670246b2992f4d15ca38b994c27298b63a588dd8ba8?s=96&d=mm&r=g","url":"https:\/\/secure.gravatar.com\/avatar\/7e6ea62ad413e64265919670246b2992f4d15ca38b994c27298b63a588dd8ba8?s=96&d=mm&r=g","contentUrl":"https:\/\/secure.gravatar.com\/avatar\/7e6ea62ad413e64265919670246b2992f4d15ca38b994c27298b63a588dd8ba8?s=96&d=mm&r=g","caption":"Import"},"url":"https:\/\/www.feuerwehr-halberstadt.de\/?author=6"}]}},"_links":{"self":[{"href":"https:\/\/www.feuerwehr-halberstadt.de\/index.php?rest_route=\/wp\/v2\/posts\/7759","targetHints":{"allow":["GET"]}}],"collection":[{"href":"https:\/\/www.feuerwehr-halberstadt.de\/index.php?rest_route=\/wp\/v2\/posts"}],"about":[{"href":"https:\/\/www.feuerwehr-halberstadt.de\/index.php?rest_route=\/wp\/v2\/types\/post"}],"author":[{"embeddable":true,"href":"https:\/\/www.feuerwehr-halberstadt.de\/index.php?rest_route=\/wp\/v2\/users\/6"}],"replies":[{"embeddable":true,"href":"https:\/\/www.feuerwehr-halberstadt.de\/index.php?rest_route=%2Fwp%2Fv2%2Fcomments&post=7759"}],"version-history":[{"count":1,"href":"https:\/\/www.feuerwehr-halberstadt.de\/index.php?rest_route=\/wp\/v2\/posts\/7759\/revisions"}],"predecessor-version":[{"id":10504,"href":"https:\/\/www.feuerwehr-halberstadt.de\/index.php?rest_route=\/wp\/v2\/posts\/7759\/revisions\/10504"}],"wp:attachment":[{"href":"https:\/\/www.feuerwehr-halberstadt.de\/index.php?rest_route=%2Fwp%2Fv2%2Fmedia&parent=7759"}],"wp:term":[{"taxonomy":"category","embeddable":true,"href":"https:\/\/www.feuerwehr-halberstadt.de\/index.php?rest_route=%2Fwp%2Fv2%2Fcategories&post=7759"},{"taxonomy":"post_tag","embeddable":true,"href":"https:\/\/www.feuerwehr-halberstadt.de\/index.php?rest_route=%2Fwp%2Fv2%2Ftags&post=7759"}],"curies":[{"name":"wp","href":"https:\/\/api.w.org\/{rel}","templated":true}]}}