{"id":7757,"date":"2016-04-28T00:00:00","date_gmt":"2016-04-28T00:00:00","guid":{"rendered":"http:\/\/relaunch.feuerwehr-halberstadt.de-Test\/?p=7757"},"modified":"2020-06-11T11:07:28","modified_gmt":"2020-06-11T09:07:28","slug":"harald-boeer-zum-ehrenwehrleiter-auf-lebenszeit-ernannt","status":"publish","type":"post","link":"https:\/\/www.feuerwehr-halberstadt.de\/?p=7757","title":{"rendered":"Harald B\u00f6er zum Ehrenwehrleiter auf Lebenszeit ernannt"},"content":{"rendered":"<p class=\"info\">28.04.2016  <\/p>\n<p>Auf der j\u00fcngsten Stadtratssitzung wurde Thomas Dittmer zum neuen Stadtwehrleiter der Feuerwehr Halberstadt ernannt. Damit tritt er in die Fu\u00dfstapfen von Harald B\u00f6er.<\/p>\n<p>Oberb\u00fcrgermeister Andreas Henke lie\u00df die Karriere noch einmal Revue passieren:<br \/>&#8222;Herr Harald B\u00f6er ist seit 1973 Mitglied der Feuerwehr. Er begann seine Laufbahn im Kommando Feuerwehr Halberstadt als Einsatzkraft. Sp\u00e4ter qualifizierte er sich an der Feuerwehrschule Nardt zum Gruppenf\u00fchrer und wurde dann bis 1980 auch als stv. Wachabteilungsleiter eingesetzt.<\/p>\n<p>Von 1980 bis 1983 absolvierte er an der Fachschule Feuerwehr in Heyrothsberge ein Studium und schloss dieses als Ingenieur f\u00fcr Brandschutz ab. Zur\u00fcck in Halberstadt war er als Pr\u00fcfingenieur im Vorbeugenden Brandschutz t\u00e4tig. Sp\u00e4ter wurde ihm die Leitung des Kommandos Feuerwehr \u00fcbertragen.<\/p>\n<p>Nach der politischen Wende unternahm Harald B\u00f6er gro\u00dfe Anstrengungen um das Kommando Feuerwehr, welches noch bis Ende 1990 in die Strukturen der Kreispolizeibeh\u00f6rde eingebunden war, unter kommunale Verwaltung zu stellen. Zum 01. Januar 1991 f\u00fchrte die Hauptberufliche Wachbereitschaft nun als Bestandteil der Freiwilligen Feuerwehr Halberstadt unter seiner Leitung die Arbeit der ehemaligen Berufsfeuerwehr fort.<\/p>\n<p>Auch im ehrenamtlichen Bereich&nbsp; hat sich Harald B\u00f6er immer engagiert. So geh\u00f6rte er zu den Gr\u00fcndungsmitgliedern des Kreisfeuerwehrverbandes Halberstadt und war lange Jahre der Verbandsvorsitzende.<\/p>\n<p>1996 w\u00e4hlten die Angeh\u00f6rigen der Freiwilligen Feuerwehr Harald B\u00f6er zu ihrem Stadtwehrleiter. Ab diesem Zeitpunkt lag nun auch die Leitung des ehrenamtlichen Personals in seinen H\u00e4nden. In seiner Zeit als Stadtwehrleiter und Abteilungsleiter Feuerwehr der Stadt Halberstadt waren mehrere gro\u00dfe Projekte umzusetzen. So musste unter anderem die Integration der Ortsfeuerwehren Emersleben und Klein Quenstedt im Zuge der Eingemeindungen erfolgen. In kurzer Folge wurden danach in den beiden Ortsteilen neue Feuerwehrger\u00e4teh\u00e4user gebaut. Von 1999 bis 2000 wurden dann mit dem Um- und Ausbau des Standortes &#8222;Am Breiten Tor&#8220; auch f\u00fcr Halberst\u00e4dter Feuerwehrleute angemessene Arbeitsverh\u00e4ltnisse geschaffen.<\/p>\n<p>1998 erfolgte auf Initiative von Harald B\u00f6er die Gr\u00fcndung des Feuerwehrf\u00f6rdervereins &#8222;St. Florian Halberstadt e.V.&#8220;. Von der Gr\u00fcndung bis heute wurden durch diesen Verein in den vergangenen Jahren unz\u00e4hlige Projekte zur F\u00f6rderung des Brandschutzes in der Stadt Halberstadt umgesetzt.<\/p>\n<p>Fast zum Schluss seiner Amtszeit als Abteilungsleiter Feuerwehr kam es zur Eingemeindung weiterer Ortsteile. Hier bestand nun wiederum die Aufgabe, auch diese Ortswehren in den Verbund der Halberst\u00e4dter Feuerwehren einzubinden.<\/p>\n<p>Zum 05. Mai 2016 l\u00e4uft die Berufungszeit als Stadtwehrleiter ab. Es gilt nun f\u00fcr den Nachfolger, die Arbeit von Harald B\u00f6er fortzusetzen.&#8220;<\/p>\n<p>DANKE Harald f\u00fcr die wundervollen Jahre! Mit dir als Ehrenwehrleiter hoffen wir auch weiterhin auf eine gute Zusammenarbeit, gute Ratschl\u00e4ge und Tipps in schwierigen Situationen und Entscheidungen, sowie auf viele weitere sch\u00f6ne Momente!<\/p>\n<hr \/>\n<p><em>Zum Vergr\u00f6\u00dfern auf die Vorschaubilder klicken.<\/em><\/p>\n<ul>\n<li class=\"col_0 col_first\">      <a href=\"files\/feuerwehr-halberstadt\/content\/bilder\/2016\/IMG_2729.JPG\" data-lightbox=\"lb2685\" title=\"IMG 2729.JPG\"><img loading=\"lazy\" decoding=\"async\" src=\"assets\/images\/8\/IMG_2729.JPG-9dbb5eb8.jpg\" width=\"120\" height=\"80\" alt=\"IMG 2729.JPG\"><\/a>    <\/li>\n<li class=\"col_1\">      <a href=\"files\/feuerwehr-halberstadt\/content\/bilder\/2016\/IMG_2755.jpg\" data-lightbox=\"lb2685\" title=\"IMG 2755\"><img loading=\"lazy\" decoding=\"async\" src=\"assets\/images\/8\/IMG_2755-74844718.jpg\" width=\"120\" height=\"80\" alt=\"IMG 2755\"><\/a>    <\/li>\n<\/ul>\n","protected":false},"excerpt":{"rendered":"<p>28.04.2016 Auf der j\u00fcngsten Stadtratssitzung wurde Thomas Dittmer zum neuen Stadtwehrleiter der Feuerwehr Halberstadt ernannt. Damit tritt er in die Fu\u00dfstapfen von Harald B\u00f6er. Oberb\u00fcrgermeister Andreas Henke lie\u00df die Karriere noch einmal Revue passieren:&#8222;Herr Harald B\u00f6er ist seit 1973 Mitglied der Feuerwehr. Er begann seine Laufbahn im Kommando Feuerwehr Halberstadt als Einsatzkraft. Sp\u00e4ter qualifizierte er [&hellip;]<\/p>\n","protected":false},"author":6,"featured_media":0,"comment_status":"closed","ping_status":"closed","sticky":false,"template":"","format":"standard","meta":{"_acf_changed":false,"footnotes":""},"categories":[15],"tags":[],"class_list":["post-7757","post","type-post","status-publish","format-standard","hentry","category-archiv"],"acf":[],"yoast_head":"<!-- This site is optimized with the Yoast SEO plugin v27.5 - https:\/\/yoast.com\/product\/yoast-seo-wordpress\/ -->\n<title>Harald B\u00f6er zum Ehrenwehrleiter auf Lebenszeit ernannt - Feuerwehr Halberstadt<\/title>\n<meta name=\"robots\" content=\"index, follow, max-snippet:-1, max-image-preview:large, max-video-preview:-1\" \/>\n<link rel=\"canonical\" href=\"https:\/\/www.feuerwehr-halberstadt.de\/?p=7757\" \/>\n<meta property=\"og:locale\" content=\"de_DE\" \/>\n<meta property=\"og:type\" content=\"article\" \/>\n<meta property=\"og:title\" content=\"Harald B\u00f6er zum Ehrenwehrleiter auf Lebenszeit ernannt - Feuerwehr Halberstadt\" \/>\n<meta property=\"og:description\" content=\"28.04.2016 Auf der j\u00fcngsten Stadtratssitzung wurde Thomas Dittmer zum neuen Stadtwehrleiter der Feuerwehr Halberstadt ernannt. Damit tritt er in die Fu\u00dfstapfen von Harald B\u00f6er. Oberb\u00fcrgermeister Andreas Henke lie\u00df die Karriere noch einmal Revue passieren:&#8222;Herr Harald B\u00f6er ist seit 1973 Mitglied der Feuerwehr. Er begann seine Laufbahn im Kommando Feuerwehr Halberstadt als Einsatzkraft. Sp\u00e4ter qualifizierte er [&hellip;]\" \/>\n<meta property=\"og:url\" content=\"https:\/\/www.feuerwehr-halberstadt.de\/?p=7757\" \/>\n<meta property=\"og:site_name\" content=\"Feuerwehr Halberstadt\" \/>\n<meta property=\"article:publisher\" content=\"https:\/\/www.facebook.com\/FeuerwehrHalberstadt\/\" \/>\n<meta property=\"article:published_time\" content=\"2016-04-28T00:00:00+00:00\" \/>\n<meta property=\"article:modified_time\" content=\"2020-06-11T09:07:28+00:00\" \/>\n<meta property=\"og:image\" content=\"https:\/\/www.feuerwehr-halberstadt.de\/wp-content\/uploads\/2023\/09\/cropped-Feuerwehr_HBS_Logo-removebg-preview-1.png\" \/>\n\t<meta property=\"og:image:width\" content=\"444\" \/>\n\t<meta property=\"og:image:height\" content=\"409\" \/>\n\t<meta property=\"og:image:type\" content=\"image\/png\" \/>\n<meta name=\"author\" content=\"Import\" \/>\n<meta name=\"twitter:card\" content=\"summary_large_image\" \/>\n<meta name=\"twitter:label1\" content=\"Verfasst von\" \/>\n\t<meta name=\"twitter:data1\" content=\"Import\" \/>\n\t<meta name=\"twitter:label2\" content=\"Gesch\u00e4tzte Lesezeit\" \/>\n\t<meta name=\"twitter:data2\" content=\"2\u00a0Minuten\" \/>\n<script type=\"application\/ld+json\" class=\"yoast-schema-graph\">{\"@context\":\"https:\\\/\\\/schema.org\",\"@graph\":[{\"@type\":\"Article\",\"@id\":\"https:\\\/\\\/www.feuerwehr-halberstadt.de\\\/?p=7757#article\",\"isPartOf\":{\"@id\":\"https:\\\/\\\/www.feuerwehr-halberstadt.de\\\/?p=7757\"},\"author\":{\"name\":\"Import\",\"@id\":\"https:\\\/\\\/www.feuerwehr-halberstadt.de\\\/#\\\/schema\\\/person\\\/9e94fca00b357cae16a4a5cdfc9aa4c2\"},\"headline\":\"Harald B\u00f6er zum Ehrenwehrleiter auf Lebenszeit ernannt\",\"datePublished\":\"2016-04-28T00:00:00+00:00\",\"dateModified\":\"2020-06-11T09:07:28+00:00\",\"mainEntityOfPage\":{\"@id\":\"https:\\\/\\\/www.feuerwehr-halberstadt.de\\\/?p=7757\"},\"wordCount\":457,\"publisher\":{\"@id\":\"https:\\\/\\\/www.feuerwehr-halberstadt.de\\\/#organization\"},\"articleSection\":[\"Archiv\"],\"inLanguage\":\"de\"},{\"@type\":\"WebPage\",\"@id\":\"https:\\\/\\\/www.feuerwehr-halberstadt.de\\\/?p=7757\",\"url\":\"https:\\\/\\\/www.feuerwehr-halberstadt.de\\\/?p=7757\",\"name\":\"Harald B\u00f6er zum Ehrenwehrleiter auf Lebenszeit ernannt - Feuerwehr Halberstadt\",\"isPartOf\":{\"@id\":\"https:\\\/\\\/www.feuerwehr-halberstadt.de\\\/#website\"},\"datePublished\":\"2016-04-28T00:00:00+00:00\",\"dateModified\":\"2020-06-11T09:07:28+00:00\",\"breadcrumb\":{\"@id\":\"https:\\\/\\\/www.feuerwehr-halberstadt.de\\\/?p=7757#breadcrumb\"},\"inLanguage\":\"de\",\"potentialAction\":[{\"@type\":\"ReadAction\",\"target\":[\"https:\\\/\\\/www.feuerwehr-halberstadt.de\\\/?p=7757\"]}]},{\"@type\":\"BreadcrumbList\",\"@id\":\"https:\\\/\\\/www.feuerwehr-halberstadt.de\\\/?p=7757#breadcrumb\",\"itemListElement\":[{\"@type\":\"ListItem\",\"position\":1,\"name\":\"Startseite\",\"item\":\"https:\\\/\\\/www.feuerwehr-halberstadt.de\\\/\"},{\"@type\":\"ListItem\",\"position\":2,\"name\":\"Harald B\u00f6er zum Ehrenwehrleiter auf Lebenszeit ernannt\"}]},{\"@type\":\"WebSite\",\"@id\":\"https:\\\/\\\/www.feuerwehr-halberstadt.de\\\/#website\",\"url\":\"https:\\\/\\\/www.feuerwehr-halberstadt.de\\\/\",\"name\":\"Feuerwehr Halberstadt\",\"description\":\"#imEinsatzf\u00fcrHalberstadt\",\"publisher\":{\"@id\":\"https:\\\/\\\/www.feuerwehr-halberstadt.de\\\/#organization\"},\"potentialAction\":[{\"@type\":\"SearchAction\",\"target\":{\"@type\":\"EntryPoint\",\"urlTemplate\":\"https:\\\/\\\/www.feuerwehr-halberstadt.de\\\/?s={search_term_string}\"},\"query-input\":{\"@type\":\"PropertyValueSpecification\",\"valueRequired\":true,\"valueName\":\"search_term_string\"}}],\"inLanguage\":\"de\"},{\"@type\":\"Organization\",\"@id\":\"https:\\\/\\\/www.feuerwehr-halberstadt.de\\\/#organization\",\"name\":\"Feuerwehr Halberstadt\",\"url\":\"https:\\\/\\\/www.feuerwehr-halberstadt.de\\\/\",\"logo\":{\"@type\":\"ImageObject\",\"inLanguage\":\"de\",\"@id\":\"https:\\\/\\\/www.feuerwehr-halberstadt.de\\\/#\\\/schema\\\/logo\\\/image\\\/\",\"url\":\"https:\\\/\\\/www.feuerwehr-halberstadt.de\\\/wp-content\\\/uploads\\\/2023\\\/10\\\/IMG_0126.png\",\"contentUrl\":\"https:\\\/\\\/www.feuerwehr-halberstadt.de\\\/wp-content\\\/uploads\\\/2023\\\/10\\\/IMG_0126.png\",\"width\":1500,\"height\":399,\"caption\":\"Feuerwehr Halberstadt\"},\"image\":{\"@id\":\"https:\\\/\\\/www.feuerwehr-halberstadt.de\\\/#\\\/schema\\\/logo\\\/image\\\/\"},\"sameAs\":[\"https:\\\/\\\/www.facebook.com\\\/FeuerwehrHalberstadt\\\/\"]},{\"@type\":\"Person\",\"@id\":\"https:\\\/\\\/www.feuerwehr-halberstadt.de\\\/#\\\/schema\\\/person\\\/9e94fca00b357cae16a4a5cdfc9aa4c2\",\"name\":\"Import\",\"image\":{\"@type\":\"ImageObject\",\"inLanguage\":\"de\",\"@id\":\"https:\\\/\\\/secure.gravatar.com\\\/avatar\\\/7e6ea62ad413e64265919670246b2992f4d15ca38b994c27298b63a588dd8ba8?s=96&d=mm&r=g\",\"url\":\"https:\\\/\\\/secure.gravatar.com\\\/avatar\\\/7e6ea62ad413e64265919670246b2992f4d15ca38b994c27298b63a588dd8ba8?s=96&d=mm&r=g\",\"contentUrl\":\"https:\\\/\\\/secure.gravatar.com\\\/avatar\\\/7e6ea62ad413e64265919670246b2992f4d15ca38b994c27298b63a588dd8ba8?s=96&d=mm&r=g\",\"caption\":\"Import\"},\"url\":\"https:\\\/\\\/www.feuerwehr-halberstadt.de\\\/?author=6\"}]}<\/script>\n<!-- \/ Yoast SEO plugin. -->","yoast_head_json":{"title":"Harald B\u00f6er zum Ehrenwehrleiter auf Lebenszeit ernannt - Feuerwehr Halberstadt","robots":{"index":"index","follow":"follow","max-snippet":"max-snippet:-1","max-image-preview":"max-image-preview:large","max-video-preview":"max-video-preview:-1"},"canonical":"https:\/\/www.feuerwehr-halberstadt.de\/?p=7757","og_locale":"de_DE","og_type":"article","og_title":"Harald B\u00f6er zum Ehrenwehrleiter auf Lebenszeit ernannt - Feuerwehr Halberstadt","og_description":"28.04.2016 Auf der j\u00fcngsten Stadtratssitzung wurde Thomas Dittmer zum neuen Stadtwehrleiter der Feuerwehr Halberstadt ernannt. Damit tritt er in die Fu\u00dfstapfen von Harald B\u00f6er. Oberb\u00fcrgermeister Andreas Henke lie\u00df die Karriere noch einmal Revue passieren:&#8222;Herr Harald B\u00f6er ist seit 1973 Mitglied der Feuerwehr. Er begann seine Laufbahn im Kommando Feuerwehr Halberstadt als Einsatzkraft. Sp\u00e4ter qualifizierte er [&hellip;]","og_url":"https:\/\/www.feuerwehr-halberstadt.de\/?p=7757","og_site_name":"Feuerwehr Halberstadt","article_publisher":"https:\/\/www.facebook.com\/FeuerwehrHalberstadt\/","article_published_time":"2016-04-28T00:00:00+00:00","article_modified_time":"2020-06-11T09:07:28+00:00","og_image":[{"width":444,"height":409,"url":"https:\/\/www.feuerwehr-halberstadt.de\/wp-content\/uploads\/2023\/09\/cropped-Feuerwehr_HBS_Logo-removebg-preview-1.png","type":"image\/png"}],"author":"Import","twitter_card":"summary_large_image","twitter_misc":{"Verfasst von":"Import","Gesch\u00e4tzte Lesezeit":"2\u00a0Minuten"},"schema":{"@context":"https:\/\/schema.org","@graph":[{"@type":"Article","@id":"https:\/\/www.feuerwehr-halberstadt.de\/?p=7757#article","isPartOf":{"@id":"https:\/\/www.feuerwehr-halberstadt.de\/?p=7757"},"author":{"name":"Import","@id":"https:\/\/www.feuerwehr-halberstadt.de\/#\/schema\/person\/9e94fca00b357cae16a4a5cdfc9aa4c2"},"headline":"Harald B\u00f6er zum Ehrenwehrleiter auf Lebenszeit ernannt","datePublished":"2016-04-28T00:00:00+00:00","dateModified":"2020-06-11T09:07:28+00:00","mainEntityOfPage":{"@id":"https:\/\/www.feuerwehr-halberstadt.de\/?p=7757"},"wordCount":457,"publisher":{"@id":"https:\/\/www.feuerwehr-halberstadt.de\/#organization"},"articleSection":["Archiv"],"inLanguage":"de"},{"@type":"WebPage","@id":"https:\/\/www.feuerwehr-halberstadt.de\/?p=7757","url":"https:\/\/www.feuerwehr-halberstadt.de\/?p=7757","name":"Harald B\u00f6er zum Ehrenwehrleiter auf Lebenszeit ernannt - Feuerwehr Halberstadt","isPartOf":{"@id":"https:\/\/www.feuerwehr-halberstadt.de\/#website"},"datePublished":"2016-04-28T00:00:00+00:00","dateModified":"2020-06-11T09:07:28+00:00","breadcrumb":{"@id":"https:\/\/www.feuerwehr-halberstadt.de\/?p=7757#breadcrumb"},"inLanguage":"de","potentialAction":[{"@type":"ReadAction","target":["https:\/\/www.feuerwehr-halberstadt.de\/?p=7757"]}]},{"@type":"BreadcrumbList","@id":"https:\/\/www.feuerwehr-halberstadt.de\/?p=7757#breadcrumb","itemListElement":[{"@type":"ListItem","position":1,"name":"Startseite","item":"https:\/\/www.feuerwehr-halberstadt.de\/"},{"@type":"ListItem","position":2,"name":"Harald B\u00f6er zum Ehrenwehrleiter auf Lebenszeit ernannt"}]},{"@type":"WebSite","@id":"https:\/\/www.feuerwehr-halberstadt.de\/#website","url":"https:\/\/www.feuerwehr-halberstadt.de\/","name":"Feuerwehr Halberstadt","description":"#imEinsatzf\u00fcrHalberstadt","publisher":{"@id":"https:\/\/www.feuerwehr-halberstadt.de\/#organization"},"potentialAction":[{"@type":"SearchAction","target":{"@type":"EntryPoint","urlTemplate":"https:\/\/www.feuerwehr-halberstadt.de\/?s={search_term_string}"},"query-input":{"@type":"PropertyValueSpecification","valueRequired":true,"valueName":"search_term_string"}}],"inLanguage":"de"},{"@type":"Organization","@id":"https:\/\/www.feuerwehr-halberstadt.de\/#organization","name":"Feuerwehr Halberstadt","url":"https:\/\/www.feuerwehr-halberstadt.de\/","logo":{"@type":"ImageObject","inLanguage":"de","@id":"https:\/\/www.feuerwehr-halberstadt.de\/#\/schema\/logo\/image\/","url":"https:\/\/www.feuerwehr-halberstadt.de\/wp-content\/uploads\/2023\/10\/IMG_0126.png","contentUrl":"https:\/\/www.feuerwehr-halberstadt.de\/wp-content\/uploads\/2023\/10\/IMG_0126.png","width":1500,"height":399,"caption":"Feuerwehr Halberstadt"},"image":{"@id":"https:\/\/www.feuerwehr-halberstadt.de\/#\/schema\/logo\/image\/"},"sameAs":["https:\/\/www.facebook.com\/FeuerwehrHalberstadt\/"]},{"@type":"Person","@id":"https:\/\/www.feuerwehr-halberstadt.de\/#\/schema\/person\/9e94fca00b357cae16a4a5cdfc9aa4c2","name":"Import","image":{"@type":"ImageObject","inLanguage":"de","@id":"https:\/\/secure.gravatar.com\/avatar\/7e6ea62ad413e64265919670246b2992f4d15ca38b994c27298b63a588dd8ba8?s=96&d=mm&r=g","url":"https:\/\/secure.gravatar.com\/avatar\/7e6ea62ad413e64265919670246b2992f4d15ca38b994c27298b63a588dd8ba8?s=96&d=mm&r=g","contentUrl":"https:\/\/secure.gravatar.com\/avatar\/7e6ea62ad413e64265919670246b2992f4d15ca38b994c27298b63a588dd8ba8?s=96&d=mm&r=g","caption":"Import"},"url":"https:\/\/www.feuerwehr-halberstadt.de\/?author=6"}]}},"_links":{"self":[{"href":"https:\/\/www.feuerwehr-halberstadt.de\/index.php?rest_route=\/wp\/v2\/posts\/7757","targetHints":{"allow":["GET"]}}],"collection":[{"href":"https:\/\/www.feuerwehr-halberstadt.de\/index.php?rest_route=\/wp\/v2\/posts"}],"about":[{"href":"https:\/\/www.feuerwehr-halberstadt.de\/index.php?rest_route=\/wp\/v2\/types\/post"}],"author":[{"embeddable":true,"href":"https:\/\/www.feuerwehr-halberstadt.de\/index.php?rest_route=\/wp\/v2\/users\/6"}],"replies":[{"embeddable":true,"href":"https:\/\/www.feuerwehr-halberstadt.de\/index.php?rest_route=%2Fwp%2Fv2%2Fcomments&post=7757"}],"version-history":[{"count":1,"href":"https:\/\/www.feuerwehr-halberstadt.de\/index.php?rest_route=\/wp\/v2\/posts\/7757\/revisions"}],"predecessor-version":[{"id":10506,"href":"https:\/\/www.feuerwehr-halberstadt.de\/index.php?rest_route=\/wp\/v2\/posts\/7757\/revisions\/10506"}],"wp:attachment":[{"href":"https:\/\/www.feuerwehr-halberstadt.de\/index.php?rest_route=%2Fwp%2Fv2%2Fmedia&parent=7757"}],"wp:term":[{"taxonomy":"category","embeddable":true,"href":"https:\/\/www.feuerwehr-halberstadt.de\/index.php?rest_route=%2Fwp%2Fv2%2Fcategories&post=7757"},{"taxonomy":"post_tag","embeddable":true,"href":"https:\/\/www.feuerwehr-halberstadt.de\/index.php?rest_route=%2Fwp%2Fv2%2Ftags&post=7757"}],"curies":[{"name":"wp","href":"https:\/\/api.w.org\/{rel}","templated":true}]}}