{"id":7749,"date":"2016-03-08T00:00:00","date_gmt":"2016-03-08T00:00:00","guid":{"rendered":"http:\/\/relaunch.feuerwehr-halberstadt.de-Test\/?p=7749"},"modified":"2020-06-11T11:07:28","modified_gmt":"2020-06-11T09:07:28","slug":"st-florian-macht-seinem-name-ehre","status":"publish","type":"post","link":"https:\/\/www.feuerwehr-halberstadt.de\/?p=7749","title":{"rendered":"&#8222;St. Florian&#8220; macht seinem Name Ehre"},"content":{"rendered":"<p class=\"info\">08.03.2016  <\/p>\n<p>von Dieter Kunze<\/p>\n<p>Seit fast 18 Jahren gibt es den Feuerwehr F\u00f6rderverein \u201eSt. Florian\u201c in Halberstadt. Er unterst\u00fctzt dank zahlreicher Sponsoren die Beschaffung von zus\u00e4tzlichen Ausr\u00fcstungen und die Kinder- und Jugendarbeit in den freiwilligen Wehren der Stadt.&nbsp;&nbsp;&nbsp;&nbsp;&nbsp;&nbsp;&nbsp; <\/p>\n<p>Mit sieben Neuzug\u00e4ngen z\u00e4hlt der Verein nun 193 Mitglieder. Dazu kommen acht Unternehmen als kooperative Mitglieder, wie Vereinsvorsitzender Stefan Walther zur Jahreshauptversammlung berichtete. Insgesamt kamen im Jahr 2015 \u00fcber 7250 Euro aus Sponsorent\u00e4tigkeit zusammen.<\/p>\n<p>\u201eEin besonderes Dankesch\u00f6n geht an Eva Kilian von den Halberst\u00e4dter B\u00e4ckern\u201c, hob Walther hervor. \u00dcber die Aktion \u201eFloriansbrot\u201c flossen 1100 Euro in die Vereinskassen. Das Brot gibt es weiterhin in den Gesch\u00e4ften zu kaufen. Feste Sponsoren sind auch die Sicherheits-Service Halberstadt GmbH (SSH) und das Edeka-Center unter Leitung von Michael Altschner.<\/p>\n<p>Mittels der Sponsorent\u00e4tigkeit und der Mitgliedsbeitr\u00e4ge konnten 2015 unter anderem 45 Poloshirts f\u00fcr die Freiwillige Feuerwehr Halberstadt, 14 Sommereinsatzjacken f\u00fcr die Aktiven in Sargstedt sowie jeweils \u00fcber 100 Oster- und Weihnachtsbeutel f\u00fcr die Kinder- und Jugendfeuerwehren beschafft werden.<\/p>\n<p>2015 wurde vom Verein eine Busreise zur Feuerwehr-Messe nach Leipzig unterst\u00fctzt. Finanzielle Zuwendungen gab es au\u00dferdem f\u00fcr das Jugendzeltlager, f\u00fcr Kinder- und Jugendfeste, f\u00fcr einen gemeinsamen Bowlingnachmittag, ein Kameradschaftstreffen und ein Treffen der Jugendfeuerwehren im Sealand.<\/p>\n<p>W\u00e4hrend der Jahreshauptversammlung wurde der Einsatz von Frank Poerschke und Chris Buchold mit dem \u201eL\u00f6schtrabi\u201c besonders hervorgehoben. Das Fahrzeug kam in Kinderg\u00e4rten und Schulen zur Nachwuchsgewinnung zum Einsatz und steht auch k\u00fcnftig zur Verf\u00fcgung.<\/p>\n<p>F\u00fcr die Jugendfeuerwehr bedankte sich Florian Kuppermann f\u00fcr die umfangreiche F\u00f6rderung der Arbeit, \u201edie sonst so nicht m\u00f6glich\u201c w\u00e4re. So k\u00f6nnen alle Kinder und Jugendlichen beitragsfrei mitarbeiten und Angebote wie das Zeltlager oder die Orientierungsm\u00e4rsche nutzen.<\/p>\n<p>Gegenw\u00e4rtig sind 24 Jugendliche und 15 Kinder in den Nachwuchsbereichen t\u00e4tig. \u201eSchlimm ist aber, dass wir in Halberstadt nur 34 Aktive in der freiwilligen Feuerwehr haben\u201c, bedauerte Stefan Walther.<\/p>\n<p>Neben der Jugendf\u00f6rderung warten 2016 zahlreiche Schwerpunktaufgaben auf finanzielle Unterst\u00fctzung des F\u00f6rdervereins. Eine H\u00fcrde daf\u00fcr ist bereits \u00fcberwunden: Vom Finanzamt wurde dem Verein erneut die Gemeinn\u00fctzigkeit best\u00e4tigt, sodass Zuwendungsbescheinigungen f\u00fcr Sponsoren ausgestellt werden k\u00f6nnen. Dazu begl\u00fcckw\u00fcnschte SSH-Prokurist Tino Haake den Vorstand. \u201eGemeinsam mit dem Edeka-Center verdoppeln wir 2016 unseren Sponsorenbeitrag\u201c, sagte er unter Beifall der Vereinsmitglieder. Es sei bedauerlich, dass sich so wenige Firmen direkt im F\u00f6rderverein fest engagieren. Auch Susann Pflock von Lindemann-Bestattungen hoffe, dass andere Unternehmen die Arbeit unterst\u00fctzen.<\/p>\n<p>Auf der Tagesordnung der Jahreshauptversammlung stand au\u00dferdem der Jahresbericht von Kassenwart Harald B\u00f6er, den Melanie Rindert und Elke Hoffman bereits gepr\u00fcft hatten. Einstimmung erteilten die Vereinsmitglieder Entlastung.<\/p>\n<hr \/>\n<p><em>Zum Vergr\u00f6\u00dfern auf die Vorschaubilder klicken.<\/em><\/p>\n<ul>\n<li class=\"col_0 col_first\">      <a href=\"files\/feuerwehr-halberstadt\/content\/bilder\/2016\/1.jpg\" data-lightbox=\"lb2211\" title=\"1\"><img loading=\"lazy\" decoding=\"async\" src=\"assets\/images\/9\/1-65987cb9.jpg\" width=\"120\" height=\"80\" alt=\"1\"><\/a>    <\/li>\n<li class=\"col_1\">      <a href=\"files\/feuerwehr-halberstadt\/content\/bilder\/2016\/2.jpg\" data-lightbox=\"lb2211\" title=\"2\"><img loading=\"lazy\" decoding=\"async\" src=\"assets\/images\/f\/2-e77e0c0f.jpg\" width=\"120\" height=\"80\" alt=\"2\"><\/a>    <\/li>\n<li class=\"col_2\">      <a href=\"files\/feuerwehr-halberstadt\/content\/bilder\/2016\/3.jpg\" data-lightbox=\"lb2211\" title=\"3\"><img loading=\"lazy\" decoding=\"async\" src=\"assets\/images\/8\/3-34aec8e8.jpg\" width=\"120\" height=\"80\" alt=\"3\"><\/a>    <\/li>\n<\/ul>\n","protected":false},"excerpt":{"rendered":"<p>08.03.2016 von Dieter Kunze Seit fast 18 Jahren gibt es den Feuerwehr F\u00f6rderverein \u201eSt. Florian\u201c in Halberstadt. Er unterst\u00fctzt dank zahlreicher Sponsoren die Beschaffung von zus\u00e4tzlichen Ausr\u00fcstungen und die Kinder- und Jugendarbeit in den freiwilligen Wehren der Stadt.&nbsp;&nbsp;&nbsp;&nbsp;&nbsp;&nbsp;&nbsp; Mit sieben Neuzug\u00e4ngen z\u00e4hlt der Verein nun 193 Mitglieder. Dazu kommen acht Unternehmen als kooperative Mitglieder, wie [&hellip;]<\/p>\n","protected":false},"author":6,"featured_media":0,"comment_status":"closed","ping_status":"closed","sticky":false,"template":"","format":"standard","meta":{"_acf_changed":false,"footnotes":""},"categories":[15],"tags":[],"class_list":["post-7749","post","type-post","status-publish","format-standard","hentry","category-archiv"],"acf":[],"yoast_head":"<!-- This site is optimized with the Yoast SEO plugin v27.5 - https:\/\/yoast.com\/product\/yoast-seo-wordpress\/ -->\n<title>&quot;St. Florian&quot; macht seinem Name Ehre - Feuerwehr Halberstadt<\/title>\n<meta name=\"robots\" content=\"index, follow, max-snippet:-1, max-image-preview:large, max-video-preview:-1\" \/>\n<link rel=\"canonical\" href=\"https:\/\/www.feuerwehr-halberstadt.de\/?p=7749\" \/>\n<meta property=\"og:locale\" content=\"de_DE\" \/>\n<meta property=\"og:type\" content=\"article\" \/>\n<meta property=\"og:title\" content=\"&quot;St. Florian&quot; macht seinem Name Ehre - Feuerwehr Halberstadt\" \/>\n<meta property=\"og:description\" content=\"08.03.2016 von Dieter Kunze Seit fast 18 Jahren gibt es den Feuerwehr F\u00f6rderverein \u201eSt. Florian\u201c in Halberstadt. Er unterst\u00fctzt dank zahlreicher Sponsoren die Beschaffung von zus\u00e4tzlichen Ausr\u00fcstungen und die Kinder- und Jugendarbeit in den freiwilligen Wehren der Stadt.&nbsp;&nbsp;&nbsp;&nbsp;&nbsp;&nbsp;&nbsp; Mit sieben Neuzug\u00e4ngen z\u00e4hlt der Verein nun 193 Mitglieder. Dazu kommen acht Unternehmen als kooperative Mitglieder, wie [&hellip;]\" \/>\n<meta property=\"og:url\" content=\"https:\/\/www.feuerwehr-halberstadt.de\/?p=7749\" \/>\n<meta property=\"og:site_name\" content=\"Feuerwehr Halberstadt\" \/>\n<meta property=\"article:publisher\" content=\"https:\/\/www.facebook.com\/FeuerwehrHalberstadt\/\" \/>\n<meta property=\"article:published_time\" content=\"2016-03-08T00:00:00+00:00\" \/>\n<meta property=\"article:modified_time\" content=\"2020-06-11T09:07:28+00:00\" \/>\n<meta property=\"og:image\" content=\"https:\/\/www.feuerwehr-halberstadt.de\/wp-content\/uploads\/2023\/09\/cropped-Feuerwehr_HBS_Logo-removebg-preview-1.png\" \/>\n\t<meta property=\"og:image:width\" content=\"444\" \/>\n\t<meta property=\"og:image:height\" content=\"409\" \/>\n\t<meta property=\"og:image:type\" content=\"image\/png\" \/>\n<meta name=\"author\" content=\"Import\" \/>\n<meta name=\"twitter:card\" content=\"summary_large_image\" \/>\n<meta name=\"twitter:label1\" content=\"Verfasst von\" \/>\n\t<meta name=\"twitter:data1\" content=\"Import\" \/>\n\t<meta name=\"twitter:label2\" content=\"Gesch\u00e4tzte Lesezeit\" \/>\n\t<meta name=\"twitter:data2\" content=\"2\u00a0Minuten\" \/>\n<script type=\"application\/ld+json\" class=\"yoast-schema-graph\">{\"@context\":\"https:\\\/\\\/schema.org\",\"@graph\":[{\"@type\":\"Article\",\"@id\":\"https:\\\/\\\/www.feuerwehr-halberstadt.de\\\/?p=7749#article\",\"isPartOf\":{\"@id\":\"https:\\\/\\\/www.feuerwehr-halberstadt.de\\\/?p=7749\"},\"author\":{\"name\":\"Import\",\"@id\":\"https:\\\/\\\/www.feuerwehr-halberstadt.de\\\/#\\\/schema\\\/person\\\/9e94fca00b357cae16a4a5cdfc9aa4c2\"},\"headline\":\"&#8222;St. Florian&#8220; macht seinem Name Ehre\",\"datePublished\":\"2016-03-08T00:00:00+00:00\",\"dateModified\":\"2020-06-11T09:07:28+00:00\",\"mainEntityOfPage\":{\"@id\":\"https:\\\/\\\/www.feuerwehr-halberstadt.de\\\/?p=7749\"},\"wordCount\":459,\"publisher\":{\"@id\":\"https:\\\/\\\/www.feuerwehr-halberstadt.de\\\/#organization\"},\"articleSection\":[\"Archiv\"],\"inLanguage\":\"de\"},{\"@type\":\"WebPage\",\"@id\":\"https:\\\/\\\/www.feuerwehr-halberstadt.de\\\/?p=7749\",\"url\":\"https:\\\/\\\/www.feuerwehr-halberstadt.de\\\/?p=7749\",\"name\":\"\\\"St. Florian\\\" macht seinem Name Ehre - Feuerwehr Halberstadt\",\"isPartOf\":{\"@id\":\"https:\\\/\\\/www.feuerwehr-halberstadt.de\\\/#website\"},\"datePublished\":\"2016-03-08T00:00:00+00:00\",\"dateModified\":\"2020-06-11T09:07:28+00:00\",\"breadcrumb\":{\"@id\":\"https:\\\/\\\/www.feuerwehr-halberstadt.de\\\/?p=7749#breadcrumb\"},\"inLanguage\":\"de\",\"potentialAction\":[{\"@type\":\"ReadAction\",\"target\":[\"https:\\\/\\\/www.feuerwehr-halberstadt.de\\\/?p=7749\"]}]},{\"@type\":\"BreadcrumbList\",\"@id\":\"https:\\\/\\\/www.feuerwehr-halberstadt.de\\\/?p=7749#breadcrumb\",\"itemListElement\":[{\"@type\":\"ListItem\",\"position\":1,\"name\":\"Startseite\",\"item\":\"https:\\\/\\\/www.feuerwehr-halberstadt.de\\\/\"},{\"@type\":\"ListItem\",\"position\":2,\"name\":\"&#8220;St. Florian&#8221; macht seinem Name Ehre\"}]},{\"@type\":\"WebSite\",\"@id\":\"https:\\\/\\\/www.feuerwehr-halberstadt.de\\\/#website\",\"url\":\"https:\\\/\\\/www.feuerwehr-halberstadt.de\\\/\",\"name\":\"Feuerwehr Halberstadt\",\"description\":\"#imEinsatzf\u00fcrHalberstadt\",\"publisher\":{\"@id\":\"https:\\\/\\\/www.feuerwehr-halberstadt.de\\\/#organization\"},\"potentialAction\":[{\"@type\":\"SearchAction\",\"target\":{\"@type\":\"EntryPoint\",\"urlTemplate\":\"https:\\\/\\\/www.feuerwehr-halberstadt.de\\\/?s={search_term_string}\"},\"query-input\":{\"@type\":\"PropertyValueSpecification\",\"valueRequired\":true,\"valueName\":\"search_term_string\"}}],\"inLanguage\":\"de\"},{\"@type\":\"Organization\",\"@id\":\"https:\\\/\\\/www.feuerwehr-halberstadt.de\\\/#organization\",\"name\":\"Feuerwehr Halberstadt\",\"url\":\"https:\\\/\\\/www.feuerwehr-halberstadt.de\\\/\",\"logo\":{\"@type\":\"ImageObject\",\"inLanguage\":\"de\",\"@id\":\"https:\\\/\\\/www.feuerwehr-halberstadt.de\\\/#\\\/schema\\\/logo\\\/image\\\/\",\"url\":\"https:\\\/\\\/www.feuerwehr-halberstadt.de\\\/wp-content\\\/uploads\\\/2023\\\/10\\\/IMG_0126.png\",\"contentUrl\":\"https:\\\/\\\/www.feuerwehr-halberstadt.de\\\/wp-content\\\/uploads\\\/2023\\\/10\\\/IMG_0126.png\",\"width\":1500,\"height\":399,\"caption\":\"Feuerwehr Halberstadt\"},\"image\":{\"@id\":\"https:\\\/\\\/www.feuerwehr-halberstadt.de\\\/#\\\/schema\\\/logo\\\/image\\\/\"},\"sameAs\":[\"https:\\\/\\\/www.facebook.com\\\/FeuerwehrHalberstadt\\\/\"]},{\"@type\":\"Person\",\"@id\":\"https:\\\/\\\/www.feuerwehr-halberstadt.de\\\/#\\\/schema\\\/person\\\/9e94fca00b357cae16a4a5cdfc9aa4c2\",\"name\":\"Import\",\"image\":{\"@type\":\"ImageObject\",\"inLanguage\":\"de\",\"@id\":\"https:\\\/\\\/secure.gravatar.com\\\/avatar\\\/7e6ea62ad413e64265919670246b2992f4d15ca38b994c27298b63a588dd8ba8?s=96&d=mm&r=g\",\"url\":\"https:\\\/\\\/secure.gravatar.com\\\/avatar\\\/7e6ea62ad413e64265919670246b2992f4d15ca38b994c27298b63a588dd8ba8?s=96&d=mm&r=g\",\"contentUrl\":\"https:\\\/\\\/secure.gravatar.com\\\/avatar\\\/7e6ea62ad413e64265919670246b2992f4d15ca38b994c27298b63a588dd8ba8?s=96&d=mm&r=g\",\"caption\":\"Import\"},\"url\":\"https:\\\/\\\/www.feuerwehr-halberstadt.de\\\/?author=6\"}]}<\/script>\n<!-- \/ Yoast SEO plugin. -->","yoast_head_json":{"title":"\"St. Florian\" macht seinem Name Ehre - Feuerwehr Halberstadt","robots":{"index":"index","follow":"follow","max-snippet":"max-snippet:-1","max-image-preview":"max-image-preview:large","max-video-preview":"max-video-preview:-1"},"canonical":"https:\/\/www.feuerwehr-halberstadt.de\/?p=7749","og_locale":"de_DE","og_type":"article","og_title":"\"St. Florian\" macht seinem Name Ehre - Feuerwehr Halberstadt","og_description":"08.03.2016 von Dieter Kunze Seit fast 18 Jahren gibt es den Feuerwehr F\u00f6rderverein \u201eSt. Florian\u201c in Halberstadt. Er unterst\u00fctzt dank zahlreicher Sponsoren die Beschaffung von zus\u00e4tzlichen Ausr\u00fcstungen und die Kinder- und Jugendarbeit in den freiwilligen Wehren der Stadt.&nbsp;&nbsp;&nbsp;&nbsp;&nbsp;&nbsp;&nbsp; Mit sieben Neuzug\u00e4ngen z\u00e4hlt der Verein nun 193 Mitglieder. Dazu kommen acht Unternehmen als kooperative Mitglieder, wie [&hellip;]","og_url":"https:\/\/www.feuerwehr-halberstadt.de\/?p=7749","og_site_name":"Feuerwehr Halberstadt","article_publisher":"https:\/\/www.facebook.com\/FeuerwehrHalberstadt\/","article_published_time":"2016-03-08T00:00:00+00:00","article_modified_time":"2020-06-11T09:07:28+00:00","og_image":[{"width":444,"height":409,"url":"https:\/\/www.feuerwehr-halberstadt.de\/wp-content\/uploads\/2023\/09\/cropped-Feuerwehr_HBS_Logo-removebg-preview-1.png","type":"image\/png"}],"author":"Import","twitter_card":"summary_large_image","twitter_misc":{"Verfasst von":"Import","Gesch\u00e4tzte Lesezeit":"2\u00a0Minuten"},"schema":{"@context":"https:\/\/schema.org","@graph":[{"@type":"Article","@id":"https:\/\/www.feuerwehr-halberstadt.de\/?p=7749#article","isPartOf":{"@id":"https:\/\/www.feuerwehr-halberstadt.de\/?p=7749"},"author":{"name":"Import","@id":"https:\/\/www.feuerwehr-halberstadt.de\/#\/schema\/person\/9e94fca00b357cae16a4a5cdfc9aa4c2"},"headline":"&#8222;St. Florian&#8220; macht seinem Name Ehre","datePublished":"2016-03-08T00:00:00+00:00","dateModified":"2020-06-11T09:07:28+00:00","mainEntityOfPage":{"@id":"https:\/\/www.feuerwehr-halberstadt.de\/?p=7749"},"wordCount":459,"publisher":{"@id":"https:\/\/www.feuerwehr-halberstadt.de\/#organization"},"articleSection":["Archiv"],"inLanguage":"de"},{"@type":"WebPage","@id":"https:\/\/www.feuerwehr-halberstadt.de\/?p=7749","url":"https:\/\/www.feuerwehr-halberstadt.de\/?p=7749","name":"\"St. Florian\" macht seinem Name Ehre - Feuerwehr Halberstadt","isPartOf":{"@id":"https:\/\/www.feuerwehr-halberstadt.de\/#website"},"datePublished":"2016-03-08T00:00:00+00:00","dateModified":"2020-06-11T09:07:28+00:00","breadcrumb":{"@id":"https:\/\/www.feuerwehr-halberstadt.de\/?p=7749#breadcrumb"},"inLanguage":"de","potentialAction":[{"@type":"ReadAction","target":["https:\/\/www.feuerwehr-halberstadt.de\/?p=7749"]}]},{"@type":"BreadcrumbList","@id":"https:\/\/www.feuerwehr-halberstadt.de\/?p=7749#breadcrumb","itemListElement":[{"@type":"ListItem","position":1,"name":"Startseite","item":"https:\/\/www.feuerwehr-halberstadt.de\/"},{"@type":"ListItem","position":2,"name":"&#8220;St. Florian&#8221; macht seinem Name Ehre"}]},{"@type":"WebSite","@id":"https:\/\/www.feuerwehr-halberstadt.de\/#website","url":"https:\/\/www.feuerwehr-halberstadt.de\/","name":"Feuerwehr Halberstadt","description":"#imEinsatzf\u00fcrHalberstadt","publisher":{"@id":"https:\/\/www.feuerwehr-halberstadt.de\/#organization"},"potentialAction":[{"@type":"SearchAction","target":{"@type":"EntryPoint","urlTemplate":"https:\/\/www.feuerwehr-halberstadt.de\/?s={search_term_string}"},"query-input":{"@type":"PropertyValueSpecification","valueRequired":true,"valueName":"search_term_string"}}],"inLanguage":"de"},{"@type":"Organization","@id":"https:\/\/www.feuerwehr-halberstadt.de\/#organization","name":"Feuerwehr Halberstadt","url":"https:\/\/www.feuerwehr-halberstadt.de\/","logo":{"@type":"ImageObject","inLanguage":"de","@id":"https:\/\/www.feuerwehr-halberstadt.de\/#\/schema\/logo\/image\/","url":"https:\/\/www.feuerwehr-halberstadt.de\/wp-content\/uploads\/2023\/10\/IMG_0126.png","contentUrl":"https:\/\/www.feuerwehr-halberstadt.de\/wp-content\/uploads\/2023\/10\/IMG_0126.png","width":1500,"height":399,"caption":"Feuerwehr Halberstadt"},"image":{"@id":"https:\/\/www.feuerwehr-halberstadt.de\/#\/schema\/logo\/image\/"},"sameAs":["https:\/\/www.facebook.com\/FeuerwehrHalberstadt\/"]},{"@type":"Person","@id":"https:\/\/www.feuerwehr-halberstadt.de\/#\/schema\/person\/9e94fca00b357cae16a4a5cdfc9aa4c2","name":"Import","image":{"@type":"ImageObject","inLanguage":"de","@id":"https:\/\/secure.gravatar.com\/avatar\/7e6ea62ad413e64265919670246b2992f4d15ca38b994c27298b63a588dd8ba8?s=96&d=mm&r=g","url":"https:\/\/secure.gravatar.com\/avatar\/7e6ea62ad413e64265919670246b2992f4d15ca38b994c27298b63a588dd8ba8?s=96&d=mm&r=g","contentUrl":"https:\/\/secure.gravatar.com\/avatar\/7e6ea62ad413e64265919670246b2992f4d15ca38b994c27298b63a588dd8ba8?s=96&d=mm&r=g","caption":"Import"},"url":"https:\/\/www.feuerwehr-halberstadt.de\/?author=6"}]}},"_links":{"self":[{"href":"https:\/\/www.feuerwehr-halberstadt.de\/index.php?rest_route=\/wp\/v2\/posts\/7749","targetHints":{"allow":["GET"]}}],"collection":[{"href":"https:\/\/www.feuerwehr-halberstadt.de\/index.php?rest_route=\/wp\/v2\/posts"}],"about":[{"href":"https:\/\/www.feuerwehr-halberstadt.de\/index.php?rest_route=\/wp\/v2\/types\/post"}],"author":[{"embeddable":true,"href":"https:\/\/www.feuerwehr-halberstadt.de\/index.php?rest_route=\/wp\/v2\/users\/6"}],"replies":[{"embeddable":true,"href":"https:\/\/www.feuerwehr-halberstadt.de\/index.php?rest_route=%2Fwp%2Fv2%2Fcomments&post=7749"}],"version-history":[{"count":1,"href":"https:\/\/www.feuerwehr-halberstadt.de\/index.php?rest_route=\/wp\/v2\/posts\/7749\/revisions"}],"predecessor-version":[{"id":10514,"href":"https:\/\/www.feuerwehr-halberstadt.de\/index.php?rest_route=\/wp\/v2\/posts\/7749\/revisions\/10514"}],"wp:attachment":[{"href":"https:\/\/www.feuerwehr-halberstadt.de\/index.php?rest_route=%2Fwp%2Fv2%2Fmedia&parent=7749"}],"wp:term":[{"taxonomy":"category","embeddable":true,"href":"https:\/\/www.feuerwehr-halberstadt.de\/index.php?rest_route=%2Fwp%2Fv2%2Fcategories&post=7749"},{"taxonomy":"post_tag","embeddable":true,"href":"https:\/\/www.feuerwehr-halberstadt.de\/index.php?rest_route=%2Fwp%2Fv2%2Ftags&post=7749"}],"curies":[{"name":"wp","href":"https:\/\/api.w.org\/{rel}","templated":true}]}}