{"id":7743,"date":"2016-02-03T00:00:00","date_gmt":"2016-02-03T00:00:00","guid":{"rendered":"http:\/\/relaunch.feuerwehr-halberstadt.de-Test\/?p=7743"},"modified":"2020-06-11T11:07:28","modified_gmt":"2020-06-11T09:07:28","slug":"personalnot-plagt-feuerwehr","status":"publish","type":"post","link":"https:\/\/www.feuerwehr-halberstadt.de\/?p=7743","title":{"rendered":"Personalnot plagt Feuerwehr"},"content":{"rendered":"<p class=\"info\">03.02.2016  <\/p>\n<p>Akut ist der Personalmangel bei der Feuerwehr Halberstadt, warnt J\u00f6rg Kelle, Abteilungsleiter Feuerwehr der Stadtverwaltung Halberstadt, beim Bilanz-Gespr\u00e4ch f\u00fcr 2015. Allein die Ortswehr Halberstadt verzeichnet seit 2010 einen R\u00fcckgang um 30 Prozent, mit den Ortswehren sind es 25 Prozent. Die Konsequenz: Manche Ortswehr ist nicht rund um die Uhr einsatzbereit, betont der Brandamtsrat im Volksstimme-Gespr\u00e4ch.<br \/>Es sei einmalig, dass eine Pflichtaufgabe der Stadt zu 80 Prozent mit Ehrenamtlern abgesichert wird. In den insgesamt acht Ortswehren der Kreisstadt k\u00fcmmern sich 155 ehrenamtlich t\u00e4tige Feuerwehrm\u00e4nner um die Gew\u00e4hrleistung des Brandschutzes, technische Hilfeleistungen und viele andere Aufgabenfelder. 24 Mitarbeiter z\u00e4hlt die hauptberufliche Wachbereitschaft in der Feuerwehrwache am Breiten Tor. Jeweils f\u00fcnf Hauptberufler sind dort im Schichtbetrieb im Dienst. \u201eTrotz des Personalmangels ist die Einsatzbereitschaft derzeit im Verbund mit den anderen Wehren gesichert\u201c, unterstreicht J\u00f6rg Kelle.<br \/>Ein Fakt, der vor dem Hintergrund steigender Einsatzzahlen, das Engagement der Ortswehr-Mitglieder verdeutlicht. Im zur\u00fcckliegenden Jahr r\u00fcckte die Feuerwehr zu 1136 Eins\u00e4tzen aus ( 2013 waren es 782, 2014 bereits 994). Ein Anstieg zum Vorjahr um 13 Prozent, berichtet J\u00f6rg Kelle. 4408 Stunden waren Ehrenamtler und Hauptberufler unterwegs, um unter anderem 95 Personen aus Notlagen zu befreien, nach Verkehrsunf\u00e4llen zu helfen, zu 54 Umwelteins\u00e4tzen auszur\u00fccken und in 111 F\u00e4llen Fundtiere in die Fundtierunterkunft zu bringen. \u201eTechnische Hilfeleistungen machen mittlerweile das Gros der Feuerwehrarbeit aus\u201c, stellt J\u00f6rg Kelle fest. Das L\u00f6schen von Br\u00e4nden besch\u00e4ftigt die Wehr nur noch zu etwa zehn Prozent. 2015 waren 121 gro\u00dfe, mittlere und kleine Br\u00e4nde zu l\u00f6schen.<br \/>Die Beanspruchung durch die Zast sei f\u00fcr die Feuerwehr 2015 ein massives Problem gewesen. 45 Eins\u00e4tze haben die Kr\u00e4fte dort gebunden, weil Meldetechnik und Feuerl\u00f6scher in der Einrichtung zerst\u00f6rt oder von den W\u00e4nden gerissen wurden, kritisiert Kelle. Durch die mutwilligen Zerst\u00f6rungen sei Personal unn\u00f6tig gebunden gewesen. 2014 h\u00e4tten diese Eins\u00e4tze Kosten in H\u00f6he von 65&nbsp;000 Euro verschlungen. F\u00fcr das vergangene Jahr seien die Kosten fast identisch. \u201eWir haben das Innenministerium angeschrieben und auf das Problem aufmerksam gemacht. Echte Hilfe hat es nicht gegeben\u201c, sagt der Brandamtsrat.<br \/>F\u00fcr \u00fcberfl\u00fcssigen Stress haben auch die automatischen Brandmeldeanlagen im Stadtgebiet gesorgt, die 81 Fehlalarme ausgel\u00f6st haben. \u201eJeder wird wie ein normaler Brand\u00adalarm aufgenommen, der Feuerwehrleute und Technik besch\u00e4ftigt\u201c, erkl\u00e4rt J\u00f6rg Kelle.<br \/>Den Schutz der B\u00fcrger l\u00e4sst sich die Stadt Halberstadt etwas kosten. 1,2 Millionen Euro laufende Kosten pro Jahr f\u00fcr den Unterhalt von acht Geb\u00e4uden und 26 Fahrzeugen. 525&nbsp;000 Euro investierte die Kommune insgesamt. Darunter in den Kauf eines neuen L\u00f6schfahrzeugs f\u00fcr Halberstadt (370&nbsp;000 Euro davon 125&nbsp;000 Euro gef\u00f6rdert), die Ortswehr Str\u00f6beck hat einen Mannschaftstransporter (35&nbsp;000 Euro) erhalten, in Athenstedt ist eine L\u00f6schwasserzisterne gebaut worden (65&nbsp;000 Euro), die Atemschutztr\u00e4ger haben f\u00fcr 45&nbsp;000 Euro Bekleidung bekommen und die Ortswehr Aspenstedt eine neue Abgasanlage f\u00fcr 10&nbsp;000 Euro.<br \/>F\u00fcr 2016 sind im noch nicht best\u00e4tigten Bedarfsplan Investitionen von etwa 400&nbsp;000 Euro geplant. Der L\u00f6wenanteil ist f\u00fcr die Errichtung von zwei L\u00f6schwasserzisternen im Schachdorf Str\u00f6beck f\u00fcr 210&nbsp;000 Euro, einen Einsatzleitwagen f\u00fcr 80&nbsp;000 Euro und weitere Bekleidung f\u00fcr die Atemschutztr\u00e4ger f\u00fcr 45&nbsp;000 Euro vorgesehen.<\/p>\n<p><em>Quelle: Volksstimme<\/em><\/p>\n<p><img loading=\"lazy\" decoding=\"async\" src=\"files\/feuerwehr-halberstadt\/content\/bilder\/2016\/2016_002.jpg\" width=\"505\" height=\"379\" alt=\"\"><\/p>\n<p><em>Die Brandbek\u00e4mpfung macht mittlerweile nur noch zehn Prozent der<br \/>Feuerwehreins\u00e4tze in Halberstadt aus.<br \/>Archivfoto: J\u00f6rg Endries <\/p>\n","protected":false},"excerpt":{"rendered":"<p>03.02.2016 Akut ist der Personalmangel bei der Feuerwehr Halberstadt, warnt J\u00f6rg Kelle, Abteilungsleiter Feuerwehr der Stadtverwaltung Halberstadt, beim Bilanz-Gespr\u00e4ch f\u00fcr 2015. Allein die Ortswehr Halberstadt verzeichnet seit 2010 einen R\u00fcckgang um 30 Prozent, mit den Ortswehren sind es 25 Prozent. Die Konsequenz: Manche Ortswehr ist nicht rund um die Uhr einsatzbereit, betont der Brandamtsrat im [&hellip;]<\/p>\n","protected":false},"author":6,"featured_media":0,"comment_status":"closed","ping_status":"closed","sticky":false,"template":"","format":"standard","meta":{"_acf_changed":false,"footnotes":""},"categories":[15],"tags":[],"class_list":["post-7743","post","type-post","status-publish","format-standard","hentry","category-archiv"],"acf":[],"yoast_head":"<!-- This site is optimized with the Yoast SEO plugin v27.5 - https:\/\/yoast.com\/product\/yoast-seo-wordpress\/ -->\n<title>Personalnot plagt Feuerwehr - Feuerwehr Halberstadt<\/title>\n<meta name=\"robots\" content=\"index, follow, max-snippet:-1, max-image-preview:large, max-video-preview:-1\" \/>\n<link rel=\"canonical\" href=\"https:\/\/www.feuerwehr-halberstadt.de\/?p=7743\" \/>\n<meta property=\"og:locale\" content=\"de_DE\" \/>\n<meta property=\"og:type\" content=\"article\" \/>\n<meta property=\"og:title\" content=\"Personalnot plagt Feuerwehr - Feuerwehr Halberstadt\" \/>\n<meta property=\"og:description\" content=\"03.02.2016 Akut ist der Personalmangel bei der Feuerwehr Halberstadt, warnt J\u00f6rg Kelle, Abteilungsleiter Feuerwehr der Stadtverwaltung Halberstadt, beim Bilanz-Gespr\u00e4ch f\u00fcr 2015. Allein die Ortswehr Halberstadt verzeichnet seit 2010 einen R\u00fcckgang um 30 Prozent, mit den Ortswehren sind es 25 Prozent. Die Konsequenz: Manche Ortswehr ist nicht rund um die Uhr einsatzbereit, betont der Brandamtsrat im [&hellip;]\" \/>\n<meta property=\"og:url\" content=\"https:\/\/www.feuerwehr-halberstadt.de\/?p=7743\" \/>\n<meta property=\"og:site_name\" content=\"Feuerwehr Halberstadt\" \/>\n<meta property=\"article:publisher\" content=\"https:\/\/www.facebook.com\/FeuerwehrHalberstadt\/\" \/>\n<meta property=\"article:published_time\" content=\"2016-02-03T00:00:00+00:00\" \/>\n<meta property=\"article:modified_time\" content=\"2020-06-11T09:07:28+00:00\" \/>\n<meta property=\"og:image\" content=\"https:\/\/www.feuerwehr-halberstadt.de\/wp-content\/uploads\/2023\/09\/cropped-Feuerwehr_HBS_Logo-removebg-preview-1.png\" \/>\n\t<meta property=\"og:image:width\" content=\"444\" \/>\n\t<meta property=\"og:image:height\" content=\"409\" \/>\n\t<meta property=\"og:image:type\" content=\"image\/png\" \/>\n<meta name=\"author\" content=\"Import\" \/>\n<meta name=\"twitter:card\" content=\"summary_large_image\" \/>\n<meta name=\"twitter:label1\" content=\"Verfasst von\" \/>\n\t<meta name=\"twitter:data1\" content=\"Import\" \/>\n\t<meta name=\"twitter:label2\" content=\"Gesch\u00e4tzte Lesezeit\" \/>\n\t<meta name=\"twitter:data2\" content=\"3\u00a0Minuten\" \/>\n<script type=\"application\/ld+json\" class=\"yoast-schema-graph\">{\"@context\":\"https:\\\/\\\/schema.org\",\"@graph\":[{\"@type\":\"Article\",\"@id\":\"https:\\\/\\\/www.feuerwehr-halberstadt.de\\\/?p=7743#article\",\"isPartOf\":{\"@id\":\"https:\\\/\\\/www.feuerwehr-halberstadt.de\\\/?p=7743\"},\"author\":{\"name\":\"Import\",\"@id\":\"https:\\\/\\\/www.feuerwehr-halberstadt.de\\\/#\\\/schema\\\/person\\\/9e94fca00b357cae16a4a5cdfc9aa4c2\"},\"headline\":\"Personalnot plagt Feuerwehr\",\"datePublished\":\"2016-02-03T00:00:00+00:00\",\"dateModified\":\"2020-06-11T09:07:28+00:00\",\"mainEntityOfPage\":{\"@id\":\"https:\\\/\\\/www.feuerwehr-halberstadt.de\\\/?p=7743\"},\"wordCount\":553,\"publisher\":{\"@id\":\"https:\\\/\\\/www.feuerwehr-halberstadt.de\\\/#organization\"},\"articleSection\":[\"Archiv\"],\"inLanguage\":\"de\"},{\"@type\":\"WebPage\",\"@id\":\"https:\\\/\\\/www.feuerwehr-halberstadt.de\\\/?p=7743\",\"url\":\"https:\\\/\\\/www.feuerwehr-halberstadt.de\\\/?p=7743\",\"name\":\"Personalnot plagt Feuerwehr - Feuerwehr Halberstadt\",\"isPartOf\":{\"@id\":\"https:\\\/\\\/www.feuerwehr-halberstadt.de\\\/#website\"},\"datePublished\":\"2016-02-03T00:00:00+00:00\",\"dateModified\":\"2020-06-11T09:07:28+00:00\",\"breadcrumb\":{\"@id\":\"https:\\\/\\\/www.feuerwehr-halberstadt.de\\\/?p=7743#breadcrumb\"},\"inLanguage\":\"de\",\"potentialAction\":[{\"@type\":\"ReadAction\",\"target\":[\"https:\\\/\\\/www.feuerwehr-halberstadt.de\\\/?p=7743\"]}]},{\"@type\":\"BreadcrumbList\",\"@id\":\"https:\\\/\\\/www.feuerwehr-halberstadt.de\\\/?p=7743#breadcrumb\",\"itemListElement\":[{\"@type\":\"ListItem\",\"position\":1,\"name\":\"Startseite\",\"item\":\"https:\\\/\\\/www.feuerwehr-halberstadt.de\\\/\"},{\"@type\":\"ListItem\",\"position\":2,\"name\":\"Personalnot plagt Feuerwehr\"}]},{\"@type\":\"WebSite\",\"@id\":\"https:\\\/\\\/www.feuerwehr-halberstadt.de\\\/#website\",\"url\":\"https:\\\/\\\/www.feuerwehr-halberstadt.de\\\/\",\"name\":\"Feuerwehr Halberstadt\",\"description\":\"#imEinsatzf\u00fcrHalberstadt\",\"publisher\":{\"@id\":\"https:\\\/\\\/www.feuerwehr-halberstadt.de\\\/#organization\"},\"potentialAction\":[{\"@type\":\"SearchAction\",\"target\":{\"@type\":\"EntryPoint\",\"urlTemplate\":\"https:\\\/\\\/www.feuerwehr-halberstadt.de\\\/?s={search_term_string}\"},\"query-input\":{\"@type\":\"PropertyValueSpecification\",\"valueRequired\":true,\"valueName\":\"search_term_string\"}}],\"inLanguage\":\"de\"},{\"@type\":\"Organization\",\"@id\":\"https:\\\/\\\/www.feuerwehr-halberstadt.de\\\/#organization\",\"name\":\"Feuerwehr Halberstadt\",\"url\":\"https:\\\/\\\/www.feuerwehr-halberstadt.de\\\/\",\"logo\":{\"@type\":\"ImageObject\",\"inLanguage\":\"de\",\"@id\":\"https:\\\/\\\/www.feuerwehr-halberstadt.de\\\/#\\\/schema\\\/logo\\\/image\\\/\",\"url\":\"https:\\\/\\\/www.feuerwehr-halberstadt.de\\\/wp-content\\\/uploads\\\/2023\\\/10\\\/IMG_0126.png\",\"contentUrl\":\"https:\\\/\\\/www.feuerwehr-halberstadt.de\\\/wp-content\\\/uploads\\\/2023\\\/10\\\/IMG_0126.png\",\"width\":1500,\"height\":399,\"caption\":\"Feuerwehr Halberstadt\"},\"image\":{\"@id\":\"https:\\\/\\\/www.feuerwehr-halberstadt.de\\\/#\\\/schema\\\/logo\\\/image\\\/\"},\"sameAs\":[\"https:\\\/\\\/www.facebook.com\\\/FeuerwehrHalberstadt\\\/\"]},{\"@type\":\"Person\",\"@id\":\"https:\\\/\\\/www.feuerwehr-halberstadt.de\\\/#\\\/schema\\\/person\\\/9e94fca00b357cae16a4a5cdfc9aa4c2\",\"name\":\"Import\",\"image\":{\"@type\":\"ImageObject\",\"inLanguage\":\"de\",\"@id\":\"https:\\\/\\\/secure.gravatar.com\\\/avatar\\\/7e6ea62ad413e64265919670246b2992f4d15ca38b994c27298b63a588dd8ba8?s=96&d=mm&r=g\",\"url\":\"https:\\\/\\\/secure.gravatar.com\\\/avatar\\\/7e6ea62ad413e64265919670246b2992f4d15ca38b994c27298b63a588dd8ba8?s=96&d=mm&r=g\",\"contentUrl\":\"https:\\\/\\\/secure.gravatar.com\\\/avatar\\\/7e6ea62ad413e64265919670246b2992f4d15ca38b994c27298b63a588dd8ba8?s=96&d=mm&r=g\",\"caption\":\"Import\"},\"url\":\"https:\\\/\\\/www.feuerwehr-halberstadt.de\\\/?author=6\"}]}<\/script>\n<!-- \/ Yoast SEO plugin. -->","yoast_head_json":{"title":"Personalnot plagt Feuerwehr - Feuerwehr Halberstadt","robots":{"index":"index","follow":"follow","max-snippet":"max-snippet:-1","max-image-preview":"max-image-preview:large","max-video-preview":"max-video-preview:-1"},"canonical":"https:\/\/www.feuerwehr-halberstadt.de\/?p=7743","og_locale":"de_DE","og_type":"article","og_title":"Personalnot plagt Feuerwehr - Feuerwehr Halberstadt","og_description":"03.02.2016 Akut ist der Personalmangel bei der Feuerwehr Halberstadt, warnt J\u00f6rg Kelle, Abteilungsleiter Feuerwehr der Stadtverwaltung Halberstadt, beim Bilanz-Gespr\u00e4ch f\u00fcr 2015. Allein die Ortswehr Halberstadt verzeichnet seit 2010 einen R\u00fcckgang um 30 Prozent, mit den Ortswehren sind es 25 Prozent. Die Konsequenz: Manche Ortswehr ist nicht rund um die Uhr einsatzbereit, betont der Brandamtsrat im [&hellip;]","og_url":"https:\/\/www.feuerwehr-halberstadt.de\/?p=7743","og_site_name":"Feuerwehr Halberstadt","article_publisher":"https:\/\/www.facebook.com\/FeuerwehrHalberstadt\/","article_published_time":"2016-02-03T00:00:00+00:00","article_modified_time":"2020-06-11T09:07:28+00:00","og_image":[{"width":444,"height":409,"url":"https:\/\/www.feuerwehr-halberstadt.de\/wp-content\/uploads\/2023\/09\/cropped-Feuerwehr_HBS_Logo-removebg-preview-1.png","type":"image\/png"}],"author":"Import","twitter_card":"summary_large_image","twitter_misc":{"Verfasst von":"Import","Gesch\u00e4tzte Lesezeit":"3\u00a0Minuten"},"schema":{"@context":"https:\/\/schema.org","@graph":[{"@type":"Article","@id":"https:\/\/www.feuerwehr-halberstadt.de\/?p=7743#article","isPartOf":{"@id":"https:\/\/www.feuerwehr-halberstadt.de\/?p=7743"},"author":{"name":"Import","@id":"https:\/\/www.feuerwehr-halberstadt.de\/#\/schema\/person\/9e94fca00b357cae16a4a5cdfc9aa4c2"},"headline":"Personalnot plagt Feuerwehr","datePublished":"2016-02-03T00:00:00+00:00","dateModified":"2020-06-11T09:07:28+00:00","mainEntityOfPage":{"@id":"https:\/\/www.feuerwehr-halberstadt.de\/?p=7743"},"wordCount":553,"publisher":{"@id":"https:\/\/www.feuerwehr-halberstadt.de\/#organization"},"articleSection":["Archiv"],"inLanguage":"de"},{"@type":"WebPage","@id":"https:\/\/www.feuerwehr-halberstadt.de\/?p=7743","url":"https:\/\/www.feuerwehr-halberstadt.de\/?p=7743","name":"Personalnot plagt Feuerwehr - Feuerwehr Halberstadt","isPartOf":{"@id":"https:\/\/www.feuerwehr-halberstadt.de\/#website"},"datePublished":"2016-02-03T00:00:00+00:00","dateModified":"2020-06-11T09:07:28+00:00","breadcrumb":{"@id":"https:\/\/www.feuerwehr-halberstadt.de\/?p=7743#breadcrumb"},"inLanguage":"de","potentialAction":[{"@type":"ReadAction","target":["https:\/\/www.feuerwehr-halberstadt.de\/?p=7743"]}]},{"@type":"BreadcrumbList","@id":"https:\/\/www.feuerwehr-halberstadt.de\/?p=7743#breadcrumb","itemListElement":[{"@type":"ListItem","position":1,"name":"Startseite","item":"https:\/\/www.feuerwehr-halberstadt.de\/"},{"@type":"ListItem","position":2,"name":"Personalnot plagt Feuerwehr"}]},{"@type":"WebSite","@id":"https:\/\/www.feuerwehr-halberstadt.de\/#website","url":"https:\/\/www.feuerwehr-halberstadt.de\/","name":"Feuerwehr Halberstadt","description":"#imEinsatzf\u00fcrHalberstadt","publisher":{"@id":"https:\/\/www.feuerwehr-halberstadt.de\/#organization"},"potentialAction":[{"@type":"SearchAction","target":{"@type":"EntryPoint","urlTemplate":"https:\/\/www.feuerwehr-halberstadt.de\/?s={search_term_string}"},"query-input":{"@type":"PropertyValueSpecification","valueRequired":true,"valueName":"search_term_string"}}],"inLanguage":"de"},{"@type":"Organization","@id":"https:\/\/www.feuerwehr-halberstadt.de\/#organization","name":"Feuerwehr Halberstadt","url":"https:\/\/www.feuerwehr-halberstadt.de\/","logo":{"@type":"ImageObject","inLanguage":"de","@id":"https:\/\/www.feuerwehr-halberstadt.de\/#\/schema\/logo\/image\/","url":"https:\/\/www.feuerwehr-halberstadt.de\/wp-content\/uploads\/2023\/10\/IMG_0126.png","contentUrl":"https:\/\/www.feuerwehr-halberstadt.de\/wp-content\/uploads\/2023\/10\/IMG_0126.png","width":1500,"height":399,"caption":"Feuerwehr Halberstadt"},"image":{"@id":"https:\/\/www.feuerwehr-halberstadt.de\/#\/schema\/logo\/image\/"},"sameAs":["https:\/\/www.facebook.com\/FeuerwehrHalberstadt\/"]},{"@type":"Person","@id":"https:\/\/www.feuerwehr-halberstadt.de\/#\/schema\/person\/9e94fca00b357cae16a4a5cdfc9aa4c2","name":"Import","image":{"@type":"ImageObject","inLanguage":"de","@id":"https:\/\/secure.gravatar.com\/avatar\/7e6ea62ad413e64265919670246b2992f4d15ca38b994c27298b63a588dd8ba8?s=96&d=mm&r=g","url":"https:\/\/secure.gravatar.com\/avatar\/7e6ea62ad413e64265919670246b2992f4d15ca38b994c27298b63a588dd8ba8?s=96&d=mm&r=g","contentUrl":"https:\/\/secure.gravatar.com\/avatar\/7e6ea62ad413e64265919670246b2992f4d15ca38b994c27298b63a588dd8ba8?s=96&d=mm&r=g","caption":"Import"},"url":"https:\/\/www.feuerwehr-halberstadt.de\/?author=6"}]}},"_links":{"self":[{"href":"https:\/\/www.feuerwehr-halberstadt.de\/index.php?rest_route=\/wp\/v2\/posts\/7743","targetHints":{"allow":["GET"]}}],"collection":[{"href":"https:\/\/www.feuerwehr-halberstadt.de\/index.php?rest_route=\/wp\/v2\/posts"}],"about":[{"href":"https:\/\/www.feuerwehr-halberstadt.de\/index.php?rest_route=\/wp\/v2\/types\/post"}],"author":[{"embeddable":true,"href":"https:\/\/www.feuerwehr-halberstadt.de\/index.php?rest_route=\/wp\/v2\/users\/6"}],"replies":[{"embeddable":true,"href":"https:\/\/www.feuerwehr-halberstadt.de\/index.php?rest_route=%2Fwp%2Fv2%2Fcomments&post=7743"}],"version-history":[{"count":1,"href":"https:\/\/www.feuerwehr-halberstadt.de\/index.php?rest_route=\/wp\/v2\/posts\/7743\/revisions"}],"predecessor-version":[{"id":10520,"href":"https:\/\/www.feuerwehr-halberstadt.de\/index.php?rest_route=\/wp\/v2\/posts\/7743\/revisions\/10520"}],"wp:attachment":[{"href":"https:\/\/www.feuerwehr-halberstadt.de\/index.php?rest_route=%2Fwp%2Fv2%2Fmedia&parent=7743"}],"wp:term":[{"taxonomy":"category","embeddable":true,"href":"https:\/\/www.feuerwehr-halberstadt.de\/index.php?rest_route=%2Fwp%2Fv2%2Fcategories&post=7743"},{"taxonomy":"post_tag","embeddable":true,"href":"https:\/\/www.feuerwehr-halberstadt.de\/index.php?rest_route=%2Fwp%2Fv2%2Ftags&post=7743"}],"curies":[{"name":"wp","href":"https:\/\/api.w.org\/{rel}","templated":true}]}}