{"id":7729,"date":"2015-04-26T00:00:00","date_gmt":"2015-04-26T00:00:00","guid":{"rendered":"http:\/\/relaunch.feuerwehr-halberstadt.de-Test\/?p=7729"},"modified":"2020-06-11T11:07:41","modified_gmt":"2020-06-11T09:07:41","slug":"ausfuehrlicher-bericht-zum-fahrsicherheitstraining-fuer-fahrer-von-feuerwehreinsatzfahrzeugen","status":"publish","type":"post","link":"https:\/\/www.feuerwehr-halberstadt.de\/?p=7729","title":{"rendered":"Ausf\u00fchrlicher Bericht zum Fahrsicherheitstraining f\u00fcr Fahrer von Feuerwehreinsatzfahrzeugen"},"content":{"rendered":"<p class=\"info\">26.04.2015  <\/p>\n<p class=\"Style\"><em>Von Gerald Eggert<\/em><\/p>\n<p class=\"Style\">&#8222;Die zunehmende Verkehrsdichte und die damit verbundenen Anforderungen an die Maschinisten beim F\u00fchren der L\u00f6schfahrzeuge sind Anlass f\u00fcr ein Fahrsicherheitstraining unter professioneller Leitung&#8220;, erkl\u00e4rte J\u00f6rg Kelle, Chef der Halberst\u00e4dter Feuerwehr. Es sei notwendig, die Feuerwehrleute, die Fahrzeuge bis zu 18 Tonnen steuern, so zu schulen, dass sie Extremsituationen im Stra\u00dfenverkehr beherrschen.<br \/> &#8222;Ich m\u00f6chte, dass ihr mehr Gef\u00fchl f\u00fcr die Technik bekommt&#8220;, sagte G\u00fcnther Helbig bei der Begr\u00fc\u00dfung der zwanzigk\u00f6pfigen Gruppe am ersten Trainingstag. Die Maschinisten aus Halberstadt und den Ortsteilen waren mit ihren Fahrzeugen auf den Parkplatz am Halberst\u00e4dter See gekommen, der ihnen als \u00dcbungsgel\u00e4nde diente.<br \/> G\u00fcnther Helbig arbeitet seit \u00fcber 25 Jahren als Fahrlehrer und ist seit mehr als vier Jahrzehnten aktiver Feuerwehrkamerad in der Stadt Z\u00f6rbig. Seine langj\u00e4hrigen Erfahrungen sind Grund daf\u00fcr, dass er als einer von drei ehrenamtlichen Fahrtrainern in Sachsen-An- halt im Auftrag des Landesfeuerwehrverbandes unterwegs ist. Er kennt die Probleme der Maschinisten. Auf der einen Seite seien die wenigsten Kameraden Berufskraftfahrer, auf der anderen fallen so viele Eins\u00e4tze auch wieder nicht an, damit die Feuerwehrleute eine gewisse Routine entwickeln k\u00f6nnen. Ein zus\u00e4tzliches Problem sei der hohe Schwerpunkt der Einsatzfahrzeuge, sagt Helbig. Denn in den meisten F\u00e4llen seien die schweren Ger\u00e4tschaften weit oben im Aufbau verstaut. somit reagiere ein solches Fahrzeug ganz anders als ein normaler Lkw.<br \/> Im Theorieteil erfuhren die Teilnehmer etwas \u00fcber das Fahrverhalten der bis zu 18 Tonnen schweren Lkw, \u00fcber die Einfl\u00fcsse von Eis, Schnee und Wind, \u00fcber das Bremsen mit und ohne ABS sowie \u00fcber Bremswege. Danach \u00fcbten sie das Fahren im Slalom und das Gefahrenbremsen.<br \/> Jede Fahrt wertete Helbig im Anschluss mit dem Maschinisten aus. Bei den einen hie\u00df es ziemlich schnell: &#8222;Top gemacht. So wollte ich es sehen.&#8220; Andere wurden noch einmal auf die Strecke geschickt. Eine zweite oder dritte Fahrt lie\u00df sogar den Laien eine Verbesserung erkennen. &#8222;Sie steigern sich. Wer beim ersten Mal noch z\u00f6gerlich war, geht die Sache nach meinen Hinweisen ganz anders an und vertraut der Technik&#8220;, sagte Helbig. Genau das sei das Ziel der \u00dcbungen. &#8222;Wie 82 Prozent aller Kraftfahrer haben die meisten noch nie eine Gefahrenbremsung gemacht, weder mit dem privaten Pkw und schon gar nicht mit dem Feuerwehrfahrzeug&#8220;, sagte der Experte.<br \/> Die Gefahrensituation simulierte Helbig mit unerwartet geworfenen Pylonen. Denen mussten die Fahrer ausweichen und, sie ernteten prompt Helbigs Lob: &#8222;Ihr seid nicht schlecht.&#8220; Auch als es die schwierige \u00dcbung, bremsen und einem Hindernis nach rechts ausweichen, umzusetzen galt. &#8222;Bremsen und lenken, das ist nicht so einfach. Deshalb trainieren wir es.&#8220;<br \/> &#8222;Vor Jahren gab es solch ein Training schon einmal. Damals durften auch jeweils zwei Kameraden der k\u00fcnftigen Ortswehren teilnehmen. Gut, dass diesmal alle mitmachen k\u00f6nnen&#8220;, sagte Stadtausbildungsleiter Sebastian Rindert. Die Feuerwehrleute h\u00e4tten nie gedacht, dass sie mit den Fahrzeugen an solche Grenzen gehen k\u00f6nnen. In einer abschlie\u00dfenden Gesamtauswertung \u00e4u\u00dferten sich alle Beteiligten positiv \u00fcber diese Art der praktischen Ausbildung. Dass solch Training zuk\u00fcnftig regelm\u00e4\u00dfig stattfinden soll, begr\u00fc\u00dften die Feuerwehrleute. Insgesamt absolvieren diesmal 75 Fahrer an vier Tagen das Training. Die Kosten von fast 3.000 Euro \u00fcbernimmt der Feuerwehrf\u00f6rderverein \u201eSt. Florian&#8220; Halberstadt e. V.<\/p>\n<p class=\"Style\"><em>Quelle: Volksstimme<\/em><\/p>\n","protected":false},"excerpt":{"rendered":"<p>26.04.2015 Von Gerald Eggert &#8222;Die zunehmende Verkehrsdichte und die damit verbundenen Anforderungen an die Maschinisten beim F\u00fchren der L\u00f6schfahrzeuge sind Anlass f\u00fcr ein Fahrsicherheitstraining unter professioneller Leitung&#8220;, erkl\u00e4rte J\u00f6rg Kelle, Chef der Halberst\u00e4dter Feuerwehr. Es sei notwendig, die Feuerwehrleute, die Fahrzeuge bis zu 18 Tonnen steuern, so zu schulen, dass sie Extremsituationen im Stra\u00dfenverkehr beherrschen. [&hellip;]<\/p>\n","protected":false},"author":6,"featured_media":0,"comment_status":"closed","ping_status":"closed","sticky":false,"template":"","format":"standard","meta":{"_acf_changed":false,"footnotes":""},"categories":[15],"tags":[],"class_list":["post-7729","post","type-post","status-publish","format-standard","hentry","category-archiv"],"acf":[],"yoast_head":"<!-- This site is optimized with the Yoast SEO plugin v27.5 - https:\/\/yoast.com\/product\/yoast-seo-wordpress\/ -->\n<title>Ausf\u00fchrlicher Bericht zum Fahrsicherheitstraining f\u00fcr Fahrer von Feuerwehreinsatzfahrzeugen - Feuerwehr Halberstadt<\/title>\n<meta name=\"robots\" content=\"index, follow, max-snippet:-1, max-image-preview:large, max-video-preview:-1\" \/>\n<link rel=\"canonical\" href=\"https:\/\/www.feuerwehr-halberstadt.de\/?p=7729\" \/>\n<meta property=\"og:locale\" content=\"de_DE\" \/>\n<meta property=\"og:type\" content=\"article\" \/>\n<meta property=\"og:title\" content=\"Ausf\u00fchrlicher Bericht zum Fahrsicherheitstraining f\u00fcr Fahrer von Feuerwehreinsatzfahrzeugen - Feuerwehr Halberstadt\" \/>\n<meta property=\"og:description\" content=\"26.04.2015 Von Gerald Eggert &#8222;Die zunehmende Verkehrsdichte und die damit verbundenen Anforderungen an die Maschinisten beim F\u00fchren der L\u00f6schfahrzeuge sind Anlass f\u00fcr ein Fahrsicherheitstraining unter professioneller Leitung&#8220;, erkl\u00e4rte J\u00f6rg Kelle, Chef der Halberst\u00e4dter Feuerwehr. Es sei notwendig, die Feuerwehrleute, die Fahrzeuge bis zu 18 Tonnen steuern, so zu schulen, dass sie Extremsituationen im Stra\u00dfenverkehr beherrschen. [&hellip;]\" \/>\n<meta property=\"og:url\" content=\"https:\/\/www.feuerwehr-halberstadt.de\/?p=7729\" \/>\n<meta property=\"og:site_name\" content=\"Feuerwehr Halberstadt\" \/>\n<meta property=\"article:publisher\" content=\"https:\/\/www.facebook.com\/FeuerwehrHalberstadt\/\" \/>\n<meta property=\"article:published_time\" content=\"2015-04-26T00:00:00+00:00\" \/>\n<meta property=\"article:modified_time\" content=\"2020-06-11T09:07:41+00:00\" \/>\n<meta property=\"og:image\" content=\"https:\/\/www.feuerwehr-halberstadt.de\/wp-content\/uploads\/2023\/09\/cropped-Feuerwehr_HBS_Logo-removebg-preview-1.png\" \/>\n\t<meta property=\"og:image:width\" content=\"444\" \/>\n\t<meta property=\"og:image:height\" content=\"409\" \/>\n\t<meta property=\"og:image:type\" content=\"image\/png\" \/>\n<meta name=\"author\" content=\"Import\" \/>\n<meta name=\"twitter:card\" content=\"summary_large_image\" \/>\n<meta name=\"twitter:label1\" content=\"Verfasst von\" \/>\n\t<meta name=\"twitter:data1\" content=\"Import\" \/>\n\t<meta name=\"twitter:label2\" content=\"Gesch\u00e4tzte Lesezeit\" \/>\n\t<meta name=\"twitter:data2\" content=\"3\u00a0Minuten\" \/>\n<script type=\"application\/ld+json\" class=\"yoast-schema-graph\">{\"@context\":\"https:\\\/\\\/schema.org\",\"@graph\":[{\"@type\":\"Article\",\"@id\":\"https:\\\/\\\/www.feuerwehr-halberstadt.de\\\/?p=7729#article\",\"isPartOf\":{\"@id\":\"https:\\\/\\\/www.feuerwehr-halberstadt.de\\\/?p=7729\"},\"author\":{\"name\":\"Import\",\"@id\":\"https:\\\/\\\/www.feuerwehr-halberstadt.de\\\/#\\\/schema\\\/person\\\/9e94fca00b357cae16a4a5cdfc9aa4c2\"},\"headline\":\"Ausf\u00fchrlicher Bericht zum Fahrsicherheitstraining f\u00fcr Fahrer von Feuerwehreinsatzfahrzeugen\",\"datePublished\":\"2015-04-26T00:00:00+00:00\",\"dateModified\":\"2020-06-11T09:07:41+00:00\",\"mainEntityOfPage\":{\"@id\":\"https:\\\/\\\/www.feuerwehr-halberstadt.de\\\/?p=7729\"},\"wordCount\":547,\"publisher\":{\"@id\":\"https:\\\/\\\/www.feuerwehr-halberstadt.de\\\/#organization\"},\"articleSection\":[\"Archiv\"],\"inLanguage\":\"de\"},{\"@type\":\"WebPage\",\"@id\":\"https:\\\/\\\/www.feuerwehr-halberstadt.de\\\/?p=7729\",\"url\":\"https:\\\/\\\/www.feuerwehr-halberstadt.de\\\/?p=7729\",\"name\":\"Ausf\u00fchrlicher Bericht zum Fahrsicherheitstraining f\u00fcr Fahrer von Feuerwehreinsatzfahrzeugen - Feuerwehr Halberstadt\",\"isPartOf\":{\"@id\":\"https:\\\/\\\/www.feuerwehr-halberstadt.de\\\/#website\"},\"datePublished\":\"2015-04-26T00:00:00+00:00\",\"dateModified\":\"2020-06-11T09:07:41+00:00\",\"breadcrumb\":{\"@id\":\"https:\\\/\\\/www.feuerwehr-halberstadt.de\\\/?p=7729#breadcrumb\"},\"inLanguage\":\"de\",\"potentialAction\":[{\"@type\":\"ReadAction\",\"target\":[\"https:\\\/\\\/www.feuerwehr-halberstadt.de\\\/?p=7729\"]}]},{\"@type\":\"BreadcrumbList\",\"@id\":\"https:\\\/\\\/www.feuerwehr-halberstadt.de\\\/?p=7729#breadcrumb\",\"itemListElement\":[{\"@type\":\"ListItem\",\"position\":1,\"name\":\"Startseite\",\"item\":\"https:\\\/\\\/www.feuerwehr-halberstadt.de\\\/\"},{\"@type\":\"ListItem\",\"position\":2,\"name\":\"Ausf\u00fchrlicher Bericht zum Fahrsicherheitstraining f\u00fcr Fahrer von Feuerwehreinsatzfahrzeugen\"}]},{\"@type\":\"WebSite\",\"@id\":\"https:\\\/\\\/www.feuerwehr-halberstadt.de\\\/#website\",\"url\":\"https:\\\/\\\/www.feuerwehr-halberstadt.de\\\/\",\"name\":\"Feuerwehr Halberstadt\",\"description\":\"#imEinsatzf\u00fcrHalberstadt\",\"publisher\":{\"@id\":\"https:\\\/\\\/www.feuerwehr-halberstadt.de\\\/#organization\"},\"potentialAction\":[{\"@type\":\"SearchAction\",\"target\":{\"@type\":\"EntryPoint\",\"urlTemplate\":\"https:\\\/\\\/www.feuerwehr-halberstadt.de\\\/?s={search_term_string}\"},\"query-input\":{\"@type\":\"PropertyValueSpecification\",\"valueRequired\":true,\"valueName\":\"search_term_string\"}}],\"inLanguage\":\"de\"},{\"@type\":\"Organization\",\"@id\":\"https:\\\/\\\/www.feuerwehr-halberstadt.de\\\/#organization\",\"name\":\"Feuerwehr Halberstadt\",\"url\":\"https:\\\/\\\/www.feuerwehr-halberstadt.de\\\/\",\"logo\":{\"@type\":\"ImageObject\",\"inLanguage\":\"de\",\"@id\":\"https:\\\/\\\/www.feuerwehr-halberstadt.de\\\/#\\\/schema\\\/logo\\\/image\\\/\",\"url\":\"https:\\\/\\\/www.feuerwehr-halberstadt.de\\\/wp-content\\\/uploads\\\/2023\\\/10\\\/IMG_0126.png\",\"contentUrl\":\"https:\\\/\\\/www.feuerwehr-halberstadt.de\\\/wp-content\\\/uploads\\\/2023\\\/10\\\/IMG_0126.png\",\"width\":1500,\"height\":399,\"caption\":\"Feuerwehr Halberstadt\"},\"image\":{\"@id\":\"https:\\\/\\\/www.feuerwehr-halberstadt.de\\\/#\\\/schema\\\/logo\\\/image\\\/\"},\"sameAs\":[\"https:\\\/\\\/www.facebook.com\\\/FeuerwehrHalberstadt\\\/\"]},{\"@type\":\"Person\",\"@id\":\"https:\\\/\\\/www.feuerwehr-halberstadt.de\\\/#\\\/schema\\\/person\\\/9e94fca00b357cae16a4a5cdfc9aa4c2\",\"name\":\"Import\",\"image\":{\"@type\":\"ImageObject\",\"inLanguage\":\"de\",\"@id\":\"https:\\\/\\\/secure.gravatar.com\\\/avatar\\\/7e6ea62ad413e64265919670246b2992f4d15ca38b994c27298b63a588dd8ba8?s=96&d=mm&r=g\",\"url\":\"https:\\\/\\\/secure.gravatar.com\\\/avatar\\\/7e6ea62ad413e64265919670246b2992f4d15ca38b994c27298b63a588dd8ba8?s=96&d=mm&r=g\",\"contentUrl\":\"https:\\\/\\\/secure.gravatar.com\\\/avatar\\\/7e6ea62ad413e64265919670246b2992f4d15ca38b994c27298b63a588dd8ba8?s=96&d=mm&r=g\",\"caption\":\"Import\"},\"url\":\"https:\\\/\\\/www.feuerwehr-halberstadt.de\\\/?author=6\"}]}<\/script>\n<!-- \/ Yoast SEO plugin. -->","yoast_head_json":{"title":"Ausf\u00fchrlicher Bericht zum Fahrsicherheitstraining f\u00fcr Fahrer von Feuerwehreinsatzfahrzeugen - Feuerwehr Halberstadt","robots":{"index":"index","follow":"follow","max-snippet":"max-snippet:-1","max-image-preview":"max-image-preview:large","max-video-preview":"max-video-preview:-1"},"canonical":"https:\/\/www.feuerwehr-halberstadt.de\/?p=7729","og_locale":"de_DE","og_type":"article","og_title":"Ausf\u00fchrlicher Bericht zum Fahrsicherheitstraining f\u00fcr Fahrer von Feuerwehreinsatzfahrzeugen - Feuerwehr Halberstadt","og_description":"26.04.2015 Von Gerald Eggert &#8222;Die zunehmende Verkehrsdichte und die damit verbundenen Anforderungen an die Maschinisten beim F\u00fchren der L\u00f6schfahrzeuge sind Anlass f\u00fcr ein Fahrsicherheitstraining unter professioneller Leitung&#8220;, erkl\u00e4rte J\u00f6rg Kelle, Chef der Halberst\u00e4dter Feuerwehr. Es sei notwendig, die Feuerwehrleute, die Fahrzeuge bis zu 18 Tonnen steuern, so zu schulen, dass sie Extremsituationen im Stra\u00dfenverkehr beherrschen. [&hellip;]","og_url":"https:\/\/www.feuerwehr-halberstadt.de\/?p=7729","og_site_name":"Feuerwehr Halberstadt","article_publisher":"https:\/\/www.facebook.com\/FeuerwehrHalberstadt\/","article_published_time":"2015-04-26T00:00:00+00:00","article_modified_time":"2020-06-11T09:07:41+00:00","og_image":[{"width":444,"height":409,"url":"https:\/\/www.feuerwehr-halberstadt.de\/wp-content\/uploads\/2023\/09\/cropped-Feuerwehr_HBS_Logo-removebg-preview-1.png","type":"image\/png"}],"author":"Import","twitter_card":"summary_large_image","twitter_misc":{"Verfasst von":"Import","Gesch\u00e4tzte Lesezeit":"3\u00a0Minuten"},"schema":{"@context":"https:\/\/schema.org","@graph":[{"@type":"Article","@id":"https:\/\/www.feuerwehr-halberstadt.de\/?p=7729#article","isPartOf":{"@id":"https:\/\/www.feuerwehr-halberstadt.de\/?p=7729"},"author":{"name":"Import","@id":"https:\/\/www.feuerwehr-halberstadt.de\/#\/schema\/person\/9e94fca00b357cae16a4a5cdfc9aa4c2"},"headline":"Ausf\u00fchrlicher Bericht zum Fahrsicherheitstraining f\u00fcr Fahrer von Feuerwehreinsatzfahrzeugen","datePublished":"2015-04-26T00:00:00+00:00","dateModified":"2020-06-11T09:07:41+00:00","mainEntityOfPage":{"@id":"https:\/\/www.feuerwehr-halberstadt.de\/?p=7729"},"wordCount":547,"publisher":{"@id":"https:\/\/www.feuerwehr-halberstadt.de\/#organization"},"articleSection":["Archiv"],"inLanguage":"de"},{"@type":"WebPage","@id":"https:\/\/www.feuerwehr-halberstadt.de\/?p=7729","url":"https:\/\/www.feuerwehr-halberstadt.de\/?p=7729","name":"Ausf\u00fchrlicher Bericht zum Fahrsicherheitstraining f\u00fcr Fahrer von Feuerwehreinsatzfahrzeugen - Feuerwehr Halberstadt","isPartOf":{"@id":"https:\/\/www.feuerwehr-halberstadt.de\/#website"},"datePublished":"2015-04-26T00:00:00+00:00","dateModified":"2020-06-11T09:07:41+00:00","breadcrumb":{"@id":"https:\/\/www.feuerwehr-halberstadt.de\/?p=7729#breadcrumb"},"inLanguage":"de","potentialAction":[{"@type":"ReadAction","target":["https:\/\/www.feuerwehr-halberstadt.de\/?p=7729"]}]},{"@type":"BreadcrumbList","@id":"https:\/\/www.feuerwehr-halberstadt.de\/?p=7729#breadcrumb","itemListElement":[{"@type":"ListItem","position":1,"name":"Startseite","item":"https:\/\/www.feuerwehr-halberstadt.de\/"},{"@type":"ListItem","position":2,"name":"Ausf\u00fchrlicher Bericht zum Fahrsicherheitstraining f\u00fcr Fahrer von Feuerwehreinsatzfahrzeugen"}]},{"@type":"WebSite","@id":"https:\/\/www.feuerwehr-halberstadt.de\/#website","url":"https:\/\/www.feuerwehr-halberstadt.de\/","name":"Feuerwehr Halberstadt","description":"#imEinsatzf\u00fcrHalberstadt","publisher":{"@id":"https:\/\/www.feuerwehr-halberstadt.de\/#organization"},"potentialAction":[{"@type":"SearchAction","target":{"@type":"EntryPoint","urlTemplate":"https:\/\/www.feuerwehr-halberstadt.de\/?s={search_term_string}"},"query-input":{"@type":"PropertyValueSpecification","valueRequired":true,"valueName":"search_term_string"}}],"inLanguage":"de"},{"@type":"Organization","@id":"https:\/\/www.feuerwehr-halberstadt.de\/#organization","name":"Feuerwehr Halberstadt","url":"https:\/\/www.feuerwehr-halberstadt.de\/","logo":{"@type":"ImageObject","inLanguage":"de","@id":"https:\/\/www.feuerwehr-halberstadt.de\/#\/schema\/logo\/image\/","url":"https:\/\/www.feuerwehr-halberstadt.de\/wp-content\/uploads\/2023\/10\/IMG_0126.png","contentUrl":"https:\/\/www.feuerwehr-halberstadt.de\/wp-content\/uploads\/2023\/10\/IMG_0126.png","width":1500,"height":399,"caption":"Feuerwehr Halberstadt"},"image":{"@id":"https:\/\/www.feuerwehr-halberstadt.de\/#\/schema\/logo\/image\/"},"sameAs":["https:\/\/www.facebook.com\/FeuerwehrHalberstadt\/"]},{"@type":"Person","@id":"https:\/\/www.feuerwehr-halberstadt.de\/#\/schema\/person\/9e94fca00b357cae16a4a5cdfc9aa4c2","name":"Import","image":{"@type":"ImageObject","inLanguage":"de","@id":"https:\/\/secure.gravatar.com\/avatar\/7e6ea62ad413e64265919670246b2992f4d15ca38b994c27298b63a588dd8ba8?s=96&d=mm&r=g","url":"https:\/\/secure.gravatar.com\/avatar\/7e6ea62ad413e64265919670246b2992f4d15ca38b994c27298b63a588dd8ba8?s=96&d=mm&r=g","contentUrl":"https:\/\/secure.gravatar.com\/avatar\/7e6ea62ad413e64265919670246b2992f4d15ca38b994c27298b63a588dd8ba8?s=96&d=mm&r=g","caption":"Import"},"url":"https:\/\/www.feuerwehr-halberstadt.de\/?author=6"}]}},"_links":{"self":[{"href":"https:\/\/www.feuerwehr-halberstadt.de\/index.php?rest_route=\/wp\/v2\/posts\/7729","targetHints":{"allow":["GET"]}}],"collection":[{"href":"https:\/\/www.feuerwehr-halberstadt.de\/index.php?rest_route=\/wp\/v2\/posts"}],"about":[{"href":"https:\/\/www.feuerwehr-halberstadt.de\/index.php?rest_route=\/wp\/v2\/types\/post"}],"author":[{"embeddable":true,"href":"https:\/\/www.feuerwehr-halberstadt.de\/index.php?rest_route=\/wp\/v2\/users\/6"}],"replies":[{"embeddable":true,"href":"https:\/\/www.feuerwehr-halberstadt.de\/index.php?rest_route=%2Fwp%2Fv2%2Fcomments&post=7729"}],"version-history":[{"count":1,"href":"https:\/\/www.feuerwehr-halberstadt.de\/index.php?rest_route=\/wp\/v2\/posts\/7729\/revisions"}],"predecessor-version":[{"id":10534,"href":"https:\/\/www.feuerwehr-halberstadt.de\/index.php?rest_route=\/wp\/v2\/posts\/7729\/revisions\/10534"}],"wp:attachment":[{"href":"https:\/\/www.feuerwehr-halberstadt.de\/index.php?rest_route=%2Fwp%2Fv2%2Fmedia&parent=7729"}],"wp:term":[{"taxonomy":"category","embeddable":true,"href":"https:\/\/www.feuerwehr-halberstadt.de\/index.php?rest_route=%2Fwp%2Fv2%2Fcategories&post=7729"},{"taxonomy":"post_tag","embeddable":true,"href":"https:\/\/www.feuerwehr-halberstadt.de\/index.php?rest_route=%2Fwp%2Fv2%2Ftags&post=7729"}],"curies":[{"name":"wp","href":"https:\/\/api.w.org\/{rel}","templated":true}]}}