{"id":7720,"date":"2015-02-28T00:00:00","date_gmt":"2015-02-28T00:00:00","guid":{"rendered":"http:\/\/relaunch.feuerwehr-halberstadt.de-Test\/?p=7720"},"modified":"2020-06-11T11:09:33","modified_gmt":"2020-06-11T09:09:33","slug":"ingo-wetzel-beamter-auf-lebenszeit","status":"publish","type":"post","link":"https:\/\/www.feuerwehr-halberstadt.de\/?p=7720","title":{"rendered":"Ingo Wetzel &#8211; Beamter auf Lebenszeit"},"content":{"rendered":"<p class=\"info\">28.02.2015  <\/p>\n<p>Ingo Wetzel ist am Mittwoch zum Beamten auf Lebenszeit ernannt worden. Oberb\u00fcrgermeister Andreas Henke (Linke) \u00fcberreichte dem Feuerwehrkameraden die Ernennungsurkunde und Blumen im Halberst\u00e4dter Rathaus. Am 1. M\u00e4rz hat Ingo Wetzel sein 25-j\u00e4hriges Dienstiubil\u00e4um&nbsp;bei der Feuerwehr Halberstadt, berichtete Stadtsprecherin Ute Huch.<\/p>\n","protected":false},"excerpt":{"rendered":"<p>28.02.2015 Ingo Wetzel ist am Mittwoch zum Beamten auf Lebenszeit ernannt worden. Oberb\u00fcrgermeister Andreas Henke (Linke) \u00fcberreichte dem Feuerwehrkameraden die Ernennungsurkunde und Blumen im Halberst\u00e4dter Rathaus. Am 1. M\u00e4rz hat Ingo Wetzel sein 25-j\u00e4hriges Dienstiubil\u00e4um&nbsp;bei der Feuerwehr Halberstadt, berichtete Stadtsprecherin Ute Huch.<\/p>\n","protected":false},"author":6,"featured_media":0,"comment_status":"closed","ping_status":"closed","sticky":false,"template":"","format":"standard","meta":{"_acf_changed":false,"footnotes":""},"categories":[15],"tags":[],"class_list":["post-7720","post","type-post","status-publish","format-standard","hentry","category-archiv"],"acf":[],"yoast_head":"<!-- This site is optimized with the Yoast SEO plugin v27.5 - https:\/\/yoast.com\/product\/yoast-seo-wordpress\/ -->\n<title>Ingo Wetzel - Beamter auf Lebenszeit - Feuerwehr Halberstadt<\/title>\n<meta name=\"robots\" content=\"index, follow, max-snippet:-1, max-image-preview:large, max-video-preview:-1\" \/>\n<link rel=\"canonical\" href=\"https:\/\/www.feuerwehr-halberstadt.de\/?p=7720\" \/>\n<meta property=\"og:locale\" content=\"de_DE\" \/>\n<meta property=\"og:type\" content=\"article\" \/>\n<meta property=\"og:title\" content=\"Ingo Wetzel - Beamter auf Lebenszeit - Feuerwehr Halberstadt\" \/>\n<meta property=\"og:description\" content=\"28.02.2015 Ingo Wetzel ist am Mittwoch zum Beamten auf Lebenszeit ernannt worden. Oberb\u00fcrgermeister Andreas Henke (Linke) \u00fcberreichte dem Feuerwehrkameraden die Ernennungsurkunde und Blumen im Halberst\u00e4dter Rathaus. Am 1. M\u00e4rz hat Ingo Wetzel sein 25-j\u00e4hriges Dienstiubil\u00e4um&nbsp;bei der Feuerwehr Halberstadt, berichtete Stadtsprecherin Ute Huch.\" \/>\n<meta property=\"og:url\" content=\"https:\/\/www.feuerwehr-halberstadt.de\/?p=7720\" \/>\n<meta property=\"og:site_name\" content=\"Feuerwehr Halberstadt\" \/>\n<meta property=\"article:publisher\" content=\"https:\/\/www.facebook.com\/FeuerwehrHalberstadt\/\" \/>\n<meta property=\"article:published_time\" content=\"2015-02-28T00:00:00+00:00\" \/>\n<meta property=\"article:modified_time\" content=\"2020-06-11T09:09:33+00:00\" \/>\n<meta property=\"og:image\" content=\"https:\/\/www.feuerwehr-halberstadt.de\/wp-content\/uploads\/2023\/09\/cropped-Feuerwehr_HBS_Logo-removebg-preview-1.png\" \/>\n\t<meta property=\"og:image:width\" content=\"444\" \/>\n\t<meta property=\"og:image:height\" content=\"409\" \/>\n\t<meta property=\"og:image:type\" content=\"image\/png\" \/>\n<meta name=\"author\" content=\"Import\" \/>\n<meta name=\"twitter:card\" content=\"summary_large_image\" \/>\n<meta name=\"twitter:label1\" content=\"Verfasst von\" \/>\n\t<meta name=\"twitter:data1\" content=\"Import\" \/>\n<script type=\"application\/ld+json\" class=\"yoast-schema-graph\">{\"@context\":\"https:\\\/\\\/schema.org\",\"@graph\":[{\"@type\":\"Article\",\"@id\":\"https:\\\/\\\/www.feuerwehr-halberstadt.de\\\/?p=7720#article\",\"isPartOf\":{\"@id\":\"https:\\\/\\\/www.feuerwehr-halberstadt.de\\\/?p=7720\"},\"author\":{\"name\":\"Import\",\"@id\":\"https:\\\/\\\/www.feuerwehr-halberstadt.de\\\/#\\\/schema\\\/person\\\/9e94fca00b357cae16a4a5cdfc9aa4c2\"},\"headline\":\"Ingo Wetzel &#8211; Beamter auf Lebenszeit\",\"datePublished\":\"2015-02-28T00:00:00+00:00\",\"dateModified\":\"2020-06-11T09:09:33+00:00\",\"mainEntityOfPage\":{\"@id\":\"https:\\\/\\\/www.feuerwehr-halberstadt.de\\\/?p=7720\"},\"wordCount\":53,\"publisher\":{\"@id\":\"https:\\\/\\\/www.feuerwehr-halberstadt.de\\\/#organization\"},\"articleSection\":[\"Archiv\"],\"inLanguage\":\"de\"},{\"@type\":\"WebPage\",\"@id\":\"https:\\\/\\\/www.feuerwehr-halberstadt.de\\\/?p=7720\",\"url\":\"https:\\\/\\\/www.feuerwehr-halberstadt.de\\\/?p=7720\",\"name\":\"Ingo Wetzel - Beamter auf Lebenszeit - Feuerwehr Halberstadt\",\"isPartOf\":{\"@id\":\"https:\\\/\\\/www.feuerwehr-halberstadt.de\\\/#website\"},\"datePublished\":\"2015-02-28T00:00:00+00:00\",\"dateModified\":\"2020-06-11T09:09:33+00:00\",\"breadcrumb\":{\"@id\":\"https:\\\/\\\/www.feuerwehr-halberstadt.de\\\/?p=7720#breadcrumb\"},\"inLanguage\":\"de\",\"potentialAction\":[{\"@type\":\"ReadAction\",\"target\":[\"https:\\\/\\\/www.feuerwehr-halberstadt.de\\\/?p=7720\"]}]},{\"@type\":\"BreadcrumbList\",\"@id\":\"https:\\\/\\\/www.feuerwehr-halberstadt.de\\\/?p=7720#breadcrumb\",\"itemListElement\":[{\"@type\":\"ListItem\",\"position\":1,\"name\":\"Startseite\",\"item\":\"https:\\\/\\\/www.feuerwehr-halberstadt.de\\\/\"},{\"@type\":\"ListItem\",\"position\":2,\"name\":\"Ingo Wetzel &#8211; Beamter auf Lebenszeit\"}]},{\"@type\":\"WebSite\",\"@id\":\"https:\\\/\\\/www.feuerwehr-halberstadt.de\\\/#website\",\"url\":\"https:\\\/\\\/www.feuerwehr-halberstadt.de\\\/\",\"name\":\"Feuerwehr Halberstadt\",\"description\":\"#imEinsatzf\u00fcrHalberstadt\",\"publisher\":{\"@id\":\"https:\\\/\\\/www.feuerwehr-halberstadt.de\\\/#organization\"},\"potentialAction\":[{\"@type\":\"SearchAction\",\"target\":{\"@type\":\"EntryPoint\",\"urlTemplate\":\"https:\\\/\\\/www.feuerwehr-halberstadt.de\\\/?s={search_term_string}\"},\"query-input\":{\"@type\":\"PropertyValueSpecification\",\"valueRequired\":true,\"valueName\":\"search_term_string\"}}],\"inLanguage\":\"de\"},{\"@type\":\"Organization\",\"@id\":\"https:\\\/\\\/www.feuerwehr-halberstadt.de\\\/#organization\",\"name\":\"Feuerwehr Halberstadt\",\"url\":\"https:\\\/\\\/www.feuerwehr-halberstadt.de\\\/\",\"logo\":{\"@type\":\"ImageObject\",\"inLanguage\":\"de\",\"@id\":\"https:\\\/\\\/www.feuerwehr-halberstadt.de\\\/#\\\/schema\\\/logo\\\/image\\\/\",\"url\":\"https:\\\/\\\/www.feuerwehr-halberstadt.de\\\/wp-content\\\/uploads\\\/2023\\\/10\\\/IMG_0126.png\",\"contentUrl\":\"https:\\\/\\\/www.feuerwehr-halberstadt.de\\\/wp-content\\\/uploads\\\/2023\\\/10\\\/IMG_0126.png\",\"width\":1500,\"height\":399,\"caption\":\"Feuerwehr Halberstadt\"},\"image\":{\"@id\":\"https:\\\/\\\/www.feuerwehr-halberstadt.de\\\/#\\\/schema\\\/logo\\\/image\\\/\"},\"sameAs\":[\"https:\\\/\\\/www.facebook.com\\\/FeuerwehrHalberstadt\\\/\"]},{\"@type\":\"Person\",\"@id\":\"https:\\\/\\\/www.feuerwehr-halberstadt.de\\\/#\\\/schema\\\/person\\\/9e94fca00b357cae16a4a5cdfc9aa4c2\",\"name\":\"Import\",\"image\":{\"@type\":\"ImageObject\",\"inLanguage\":\"de\",\"@id\":\"https:\\\/\\\/secure.gravatar.com\\\/avatar\\\/7e6ea62ad413e64265919670246b2992f4d15ca38b994c27298b63a588dd8ba8?s=96&d=mm&r=g\",\"url\":\"https:\\\/\\\/secure.gravatar.com\\\/avatar\\\/7e6ea62ad413e64265919670246b2992f4d15ca38b994c27298b63a588dd8ba8?s=96&d=mm&r=g\",\"contentUrl\":\"https:\\\/\\\/secure.gravatar.com\\\/avatar\\\/7e6ea62ad413e64265919670246b2992f4d15ca38b994c27298b63a588dd8ba8?s=96&d=mm&r=g\",\"caption\":\"Import\"},\"url\":\"https:\\\/\\\/www.feuerwehr-halberstadt.de\\\/?author=6\"}]}<\/script>\n<!-- \/ Yoast SEO plugin. -->","yoast_head_json":{"title":"Ingo Wetzel - Beamter auf Lebenszeit - Feuerwehr Halberstadt","robots":{"index":"index","follow":"follow","max-snippet":"max-snippet:-1","max-image-preview":"max-image-preview:large","max-video-preview":"max-video-preview:-1"},"canonical":"https:\/\/www.feuerwehr-halberstadt.de\/?p=7720","og_locale":"de_DE","og_type":"article","og_title":"Ingo Wetzel - Beamter auf Lebenszeit - Feuerwehr Halberstadt","og_description":"28.02.2015 Ingo Wetzel ist am Mittwoch zum Beamten auf Lebenszeit ernannt worden. Oberb\u00fcrgermeister Andreas Henke (Linke) \u00fcberreichte dem Feuerwehrkameraden die Ernennungsurkunde und Blumen im Halberst\u00e4dter Rathaus. Am 1. M\u00e4rz hat Ingo Wetzel sein 25-j\u00e4hriges Dienstiubil\u00e4um&nbsp;bei der Feuerwehr Halberstadt, berichtete Stadtsprecherin Ute Huch.","og_url":"https:\/\/www.feuerwehr-halberstadt.de\/?p=7720","og_site_name":"Feuerwehr Halberstadt","article_publisher":"https:\/\/www.facebook.com\/FeuerwehrHalberstadt\/","article_published_time":"2015-02-28T00:00:00+00:00","article_modified_time":"2020-06-11T09:09:33+00:00","og_image":[{"width":444,"height":409,"url":"https:\/\/www.feuerwehr-halberstadt.de\/wp-content\/uploads\/2023\/09\/cropped-Feuerwehr_HBS_Logo-removebg-preview-1.png","type":"image\/png"}],"author":"Import","twitter_card":"summary_large_image","twitter_misc":{"Verfasst von":"Import"},"schema":{"@context":"https:\/\/schema.org","@graph":[{"@type":"Article","@id":"https:\/\/www.feuerwehr-halberstadt.de\/?p=7720#article","isPartOf":{"@id":"https:\/\/www.feuerwehr-halberstadt.de\/?p=7720"},"author":{"name":"Import","@id":"https:\/\/www.feuerwehr-halberstadt.de\/#\/schema\/person\/9e94fca00b357cae16a4a5cdfc9aa4c2"},"headline":"Ingo Wetzel &#8211; Beamter auf Lebenszeit","datePublished":"2015-02-28T00:00:00+00:00","dateModified":"2020-06-11T09:09:33+00:00","mainEntityOfPage":{"@id":"https:\/\/www.feuerwehr-halberstadt.de\/?p=7720"},"wordCount":53,"publisher":{"@id":"https:\/\/www.feuerwehr-halberstadt.de\/#organization"},"articleSection":["Archiv"],"inLanguage":"de"},{"@type":"WebPage","@id":"https:\/\/www.feuerwehr-halberstadt.de\/?p=7720","url":"https:\/\/www.feuerwehr-halberstadt.de\/?p=7720","name":"Ingo Wetzel - Beamter auf Lebenszeit - Feuerwehr Halberstadt","isPartOf":{"@id":"https:\/\/www.feuerwehr-halberstadt.de\/#website"},"datePublished":"2015-02-28T00:00:00+00:00","dateModified":"2020-06-11T09:09:33+00:00","breadcrumb":{"@id":"https:\/\/www.feuerwehr-halberstadt.de\/?p=7720#breadcrumb"},"inLanguage":"de","potentialAction":[{"@type":"ReadAction","target":["https:\/\/www.feuerwehr-halberstadt.de\/?p=7720"]}]},{"@type":"BreadcrumbList","@id":"https:\/\/www.feuerwehr-halberstadt.de\/?p=7720#breadcrumb","itemListElement":[{"@type":"ListItem","position":1,"name":"Startseite","item":"https:\/\/www.feuerwehr-halberstadt.de\/"},{"@type":"ListItem","position":2,"name":"Ingo Wetzel &#8211; Beamter auf Lebenszeit"}]},{"@type":"WebSite","@id":"https:\/\/www.feuerwehr-halberstadt.de\/#website","url":"https:\/\/www.feuerwehr-halberstadt.de\/","name":"Feuerwehr Halberstadt","description":"#imEinsatzf\u00fcrHalberstadt","publisher":{"@id":"https:\/\/www.feuerwehr-halberstadt.de\/#organization"},"potentialAction":[{"@type":"SearchAction","target":{"@type":"EntryPoint","urlTemplate":"https:\/\/www.feuerwehr-halberstadt.de\/?s={search_term_string}"},"query-input":{"@type":"PropertyValueSpecification","valueRequired":true,"valueName":"search_term_string"}}],"inLanguage":"de"},{"@type":"Organization","@id":"https:\/\/www.feuerwehr-halberstadt.de\/#organization","name":"Feuerwehr Halberstadt","url":"https:\/\/www.feuerwehr-halberstadt.de\/","logo":{"@type":"ImageObject","inLanguage":"de","@id":"https:\/\/www.feuerwehr-halberstadt.de\/#\/schema\/logo\/image\/","url":"https:\/\/www.feuerwehr-halberstadt.de\/wp-content\/uploads\/2023\/10\/IMG_0126.png","contentUrl":"https:\/\/www.feuerwehr-halberstadt.de\/wp-content\/uploads\/2023\/10\/IMG_0126.png","width":1500,"height":399,"caption":"Feuerwehr Halberstadt"},"image":{"@id":"https:\/\/www.feuerwehr-halberstadt.de\/#\/schema\/logo\/image\/"},"sameAs":["https:\/\/www.facebook.com\/FeuerwehrHalberstadt\/"]},{"@type":"Person","@id":"https:\/\/www.feuerwehr-halberstadt.de\/#\/schema\/person\/9e94fca00b357cae16a4a5cdfc9aa4c2","name":"Import","image":{"@type":"ImageObject","inLanguage":"de","@id":"https:\/\/secure.gravatar.com\/avatar\/7e6ea62ad413e64265919670246b2992f4d15ca38b994c27298b63a588dd8ba8?s=96&d=mm&r=g","url":"https:\/\/secure.gravatar.com\/avatar\/7e6ea62ad413e64265919670246b2992f4d15ca38b994c27298b63a588dd8ba8?s=96&d=mm&r=g","contentUrl":"https:\/\/secure.gravatar.com\/avatar\/7e6ea62ad413e64265919670246b2992f4d15ca38b994c27298b63a588dd8ba8?s=96&d=mm&r=g","caption":"Import"},"url":"https:\/\/www.feuerwehr-halberstadt.de\/?author=6"}]}},"_links":{"self":[{"href":"https:\/\/www.feuerwehr-halberstadt.de\/index.php?rest_route=\/wp\/v2\/posts\/7720","targetHints":{"allow":["GET"]}}],"collection":[{"href":"https:\/\/www.feuerwehr-halberstadt.de\/index.php?rest_route=\/wp\/v2\/posts"}],"about":[{"href":"https:\/\/www.feuerwehr-halberstadt.de\/index.php?rest_route=\/wp\/v2\/types\/post"}],"author":[{"embeddable":true,"href":"https:\/\/www.feuerwehr-halberstadt.de\/index.php?rest_route=\/wp\/v2\/users\/6"}],"replies":[{"embeddable":true,"href":"https:\/\/www.feuerwehr-halberstadt.de\/index.php?rest_route=%2Fwp%2Fv2%2Fcomments&post=7720"}],"version-history":[{"count":1,"href":"https:\/\/www.feuerwehr-halberstadt.de\/index.php?rest_route=\/wp\/v2\/posts\/7720\/revisions"}],"predecessor-version":[{"id":10731,"href":"https:\/\/www.feuerwehr-halberstadt.de\/index.php?rest_route=\/wp\/v2\/posts\/7720\/revisions\/10731"}],"wp:attachment":[{"href":"https:\/\/www.feuerwehr-halberstadt.de\/index.php?rest_route=%2Fwp%2Fv2%2Fmedia&parent=7720"}],"wp:term":[{"taxonomy":"category","embeddable":true,"href":"https:\/\/www.feuerwehr-halberstadt.de\/index.php?rest_route=%2Fwp%2Fv2%2Fcategories&post=7720"},{"taxonomy":"post_tag","embeddable":true,"href":"https:\/\/www.feuerwehr-halberstadt.de\/index.php?rest_route=%2Fwp%2Fv2%2Ftags&post=7720"}],"curies":[{"name":"wp","href":"https:\/\/api.w.org\/{rel}","templated":true}]}}