{"id":7718,"date":"2015-02-07T00:00:00","date_gmt":"2015-02-07T00:00:00","guid":{"rendered":"http:\/\/relaunch.feuerwehr-halberstadt.de-Test\/?p=7718"},"modified":"2020-06-11T11:10:35","modified_gmt":"2020-06-11T09:10:35","slug":"ortsfeuerwehr-langenstein-zieht-bilanz","status":"publish","type":"post","link":"https:\/\/www.feuerwehr-halberstadt.de\/?p=7718","title":{"rendered":"Ortsfeuerwehr Langenstein zieht Bilanz"},"content":{"rendered":"<p class=\"info\">07.02.2015  <\/p>\n<p>Am Sonnabend, dem 07.02.2015 f\u00fchrte die Ortsfeuerwehr Langenstein, ihre diesj\u00e4hrige Jahreshauptversammlung durch. Bei dieser konnte der Ortswehrleiter nicht nur \u00fcber ein einsatzreiches Jahr berichten. Denn durch die 28 Kameradinnen und Kameraden galt es nicht nur 27 Alarmierungen durch Brandmeldeanlagen, 18 technische Hilfeleistungen und 40 Brandeins\u00e4tze, also insgesamt 85 Eins\u00e4tze abzuarbeiten, sondern es wurden auch mehr als 1.600 Stunden in die Aus- und Fortbildung investiert.<br \/>Aber nicht nur f\u00fcr die Ausbildung und die Eins\u00e4tze opferten die Kameradinnen und Kameraden Ihre Freizeit. Sie unterst\u00fctzten dar\u00fcber hinaus viele Vereine und Einrichtungen im Ortsteil bei der Ausrichtung Ihrer Veranstaltungen und Feste, hier sei z. B. die gute Zusammenarbeit mit der Kita \u201eHoppelnase\u201c und den Bikerfreunden genannt.<br \/>Dar\u00fcber hinaus halfen die Kameradinnen und Kameraden in tagelanger Arbeit den Feuerl\u00f6schteich im Ortsteil B\u00f6hnshausen zu reinigen, zu reparieren und vom angrenzenden Gestr\u00fcpp und B\u00e4umen zu befreien. Somit gibt es im Ortsteil B\u00f6hnshausen nun wieder eine zuverl\u00e4ssige Wasserentnahmestelle f\u00fcr die Feuerwehr.<br \/>Am Ende der Jahreshauptversammlung konnte folgende Kameraden bef\u00f6rdert und geehrt werden:<\/p>\n<p>Detlef Stiller und Thomas Berg zum Oberfeuerwehrmann<br \/>Tim Wilsenack zum L\u00f6schmeiter<br \/>Marty-Richard Berg wurde f\u00fcr seine 10-j\u00e4hrige Mitarbeit gedankt und Tino Meinecke kann auf eine 20-j\u00e4hrige Mitgliedschaft zur\u00fcckblicken.<\/p>\n<p>Gerrit B\u00e4se erhielt seine Teilnahmebest\u00e4tigung f\u00fcr den Motorkettens\u00e4genlehrgang.<\/p>\n<p><img loading=\"lazy\" decoding=\"async\" src=\"files\/feuerwehr-halberstadt\/content\/bilder\/2015\/2015_013.JPG\" width=\"800\" height=\"520\" alt=\"\"><\/p>\n<p><em>von links: Ortswehrleiter Sebastian Rindert, Thomas Berg, Tino Meinecke, Detlef Stiller, Tim Wilsenack, Marty-Richard Berg und Gerrit B\u00e4se<\/em><\/p>\n","protected":false},"excerpt":{"rendered":"<p>07.02.2015 Am Sonnabend, dem 07.02.2015 f\u00fchrte die Ortsfeuerwehr Langenstein, ihre diesj\u00e4hrige Jahreshauptversammlung durch. Bei dieser konnte der Ortswehrleiter nicht nur \u00fcber ein einsatzreiches Jahr berichten. Denn durch die 28 Kameradinnen und Kameraden galt es nicht nur 27 Alarmierungen durch Brandmeldeanlagen, 18 technische Hilfeleistungen und 40 Brandeins\u00e4tze, also insgesamt 85 Eins\u00e4tze abzuarbeiten, sondern es wurden auch [&hellip;]<\/p>\n","protected":false},"author":6,"featured_media":0,"comment_status":"closed","ping_status":"closed","sticky":false,"template":"","format":"standard","meta":{"_acf_changed":false,"footnotes":""},"categories":[15],"tags":[],"class_list":["post-7718","post","type-post","status-publish","format-standard","hentry","category-archiv"],"acf":[],"yoast_head":"<!-- This site is optimized with the Yoast SEO plugin v27.4 - https:\/\/yoast.com\/product\/yoast-seo-wordpress\/ -->\n<title>Ortsfeuerwehr Langenstein zieht Bilanz - Feuerwehr Halberstadt<\/title>\n<meta name=\"robots\" content=\"index, follow, max-snippet:-1, max-image-preview:large, max-video-preview:-1\" \/>\n<link rel=\"canonical\" href=\"https:\/\/www.feuerwehr-halberstadt.de\/?p=7718\" \/>\n<meta property=\"og:locale\" content=\"de_DE\" \/>\n<meta property=\"og:type\" content=\"article\" \/>\n<meta property=\"og:title\" content=\"Ortsfeuerwehr Langenstein zieht Bilanz - Feuerwehr Halberstadt\" \/>\n<meta property=\"og:description\" content=\"07.02.2015 Am Sonnabend, dem 07.02.2015 f\u00fchrte die Ortsfeuerwehr Langenstein, ihre diesj\u00e4hrige Jahreshauptversammlung durch. Bei dieser konnte der Ortswehrleiter nicht nur \u00fcber ein einsatzreiches Jahr berichten. Denn durch die 28 Kameradinnen und Kameraden galt es nicht nur 27 Alarmierungen durch Brandmeldeanlagen, 18 technische Hilfeleistungen und 40 Brandeins\u00e4tze, also insgesamt 85 Eins\u00e4tze abzuarbeiten, sondern es wurden auch [&hellip;]\" \/>\n<meta property=\"og:url\" content=\"https:\/\/www.feuerwehr-halberstadt.de\/?p=7718\" \/>\n<meta property=\"og:site_name\" content=\"Feuerwehr Halberstadt\" \/>\n<meta property=\"article:publisher\" content=\"https:\/\/www.facebook.com\/FeuerwehrHalberstadt\/\" \/>\n<meta property=\"article:published_time\" content=\"2015-02-07T00:00:00+00:00\" \/>\n<meta property=\"article:modified_time\" content=\"2020-06-11T09:10:35+00:00\" \/>\n<meta property=\"og:image\" content=\"https:\/\/www.feuerwehr-halberstadt.de\/wp-content\/uploads\/2023\/09\/cropped-Feuerwehr_HBS_Logo-removebg-preview-1.png\" \/>\n\t<meta property=\"og:image:width\" content=\"444\" \/>\n\t<meta property=\"og:image:height\" content=\"409\" \/>\n\t<meta property=\"og:image:type\" content=\"image\/png\" \/>\n<meta name=\"author\" content=\"Import\" \/>\n<meta name=\"twitter:card\" content=\"summary_large_image\" \/>\n<meta name=\"twitter:label1\" content=\"Verfasst von\" \/>\n\t<meta name=\"twitter:data1\" content=\"Import\" \/>\n\t<meta name=\"twitter:label2\" content=\"Gesch\u00e4tzte Lesezeit\" \/>\n\t<meta name=\"twitter:data2\" content=\"1\u00a0Minute\" \/>\n<script type=\"application\/ld+json\" class=\"yoast-schema-graph\">{\"@context\":\"https:\\\/\\\/schema.org\",\"@graph\":[{\"@type\":\"Article\",\"@id\":\"https:\\\/\\\/www.feuerwehr-halberstadt.de\\\/?p=7718#article\",\"isPartOf\":{\"@id\":\"https:\\\/\\\/www.feuerwehr-halberstadt.de\\\/?p=7718\"},\"author\":{\"name\":\"Import\",\"@id\":\"https:\\\/\\\/www.feuerwehr-halberstadt.de\\\/#\\\/schema\\\/person\\\/9e94fca00b357cae16a4a5cdfc9aa4c2\"},\"headline\":\"Ortsfeuerwehr Langenstein zieht Bilanz\",\"datePublished\":\"2015-02-07T00:00:00+00:00\",\"dateModified\":\"2020-06-11T09:10:35+00:00\",\"mainEntityOfPage\":{\"@id\":\"https:\\\/\\\/www.feuerwehr-halberstadt.de\\\/?p=7718\"},\"wordCount\":240,\"publisher\":{\"@id\":\"https:\\\/\\\/www.feuerwehr-halberstadt.de\\\/#organization\"},\"articleSection\":[\"Archiv\"],\"inLanguage\":\"de\"},{\"@type\":\"WebPage\",\"@id\":\"https:\\\/\\\/www.feuerwehr-halberstadt.de\\\/?p=7718\",\"url\":\"https:\\\/\\\/www.feuerwehr-halberstadt.de\\\/?p=7718\",\"name\":\"Ortsfeuerwehr Langenstein zieht Bilanz - Feuerwehr Halberstadt\",\"isPartOf\":{\"@id\":\"https:\\\/\\\/www.feuerwehr-halberstadt.de\\\/#website\"},\"datePublished\":\"2015-02-07T00:00:00+00:00\",\"dateModified\":\"2020-06-11T09:10:35+00:00\",\"breadcrumb\":{\"@id\":\"https:\\\/\\\/www.feuerwehr-halberstadt.de\\\/?p=7718#breadcrumb\"},\"inLanguage\":\"de\",\"potentialAction\":[{\"@type\":\"ReadAction\",\"target\":[\"https:\\\/\\\/www.feuerwehr-halberstadt.de\\\/?p=7718\"]}]},{\"@type\":\"BreadcrumbList\",\"@id\":\"https:\\\/\\\/www.feuerwehr-halberstadt.de\\\/?p=7718#breadcrumb\",\"itemListElement\":[{\"@type\":\"ListItem\",\"position\":1,\"name\":\"Startseite\",\"item\":\"https:\\\/\\\/www.feuerwehr-halberstadt.de\\\/\"},{\"@type\":\"ListItem\",\"position\":2,\"name\":\"Ortsfeuerwehr Langenstein zieht Bilanz\"}]},{\"@type\":\"WebSite\",\"@id\":\"https:\\\/\\\/www.feuerwehr-halberstadt.de\\\/#website\",\"url\":\"https:\\\/\\\/www.feuerwehr-halberstadt.de\\\/\",\"name\":\"Feuerwehr Halberstadt\",\"description\":\"#imEinsatzf\u00fcrHalberstadt\",\"publisher\":{\"@id\":\"https:\\\/\\\/www.feuerwehr-halberstadt.de\\\/#organization\"},\"potentialAction\":[{\"@type\":\"SearchAction\",\"target\":{\"@type\":\"EntryPoint\",\"urlTemplate\":\"https:\\\/\\\/www.feuerwehr-halberstadt.de\\\/?s={search_term_string}\"},\"query-input\":{\"@type\":\"PropertyValueSpecification\",\"valueRequired\":true,\"valueName\":\"search_term_string\"}}],\"inLanguage\":\"de\"},{\"@type\":\"Organization\",\"@id\":\"https:\\\/\\\/www.feuerwehr-halberstadt.de\\\/#organization\",\"name\":\"Feuerwehr Halberstadt\",\"url\":\"https:\\\/\\\/www.feuerwehr-halberstadt.de\\\/\",\"logo\":{\"@type\":\"ImageObject\",\"inLanguage\":\"de\",\"@id\":\"https:\\\/\\\/www.feuerwehr-halberstadt.de\\\/#\\\/schema\\\/logo\\\/image\\\/\",\"url\":\"https:\\\/\\\/www.feuerwehr-halberstadt.de\\\/wp-content\\\/uploads\\\/2023\\\/10\\\/IMG_0126.png\",\"contentUrl\":\"https:\\\/\\\/www.feuerwehr-halberstadt.de\\\/wp-content\\\/uploads\\\/2023\\\/10\\\/IMG_0126.png\",\"width\":1500,\"height\":399,\"caption\":\"Feuerwehr Halberstadt\"},\"image\":{\"@id\":\"https:\\\/\\\/www.feuerwehr-halberstadt.de\\\/#\\\/schema\\\/logo\\\/image\\\/\"},\"sameAs\":[\"https:\\\/\\\/www.facebook.com\\\/FeuerwehrHalberstadt\\\/\"]},{\"@type\":\"Person\",\"@id\":\"https:\\\/\\\/www.feuerwehr-halberstadt.de\\\/#\\\/schema\\\/person\\\/9e94fca00b357cae16a4a5cdfc9aa4c2\",\"name\":\"Import\",\"image\":{\"@type\":\"ImageObject\",\"inLanguage\":\"de\",\"@id\":\"https:\\\/\\\/secure.gravatar.com\\\/avatar\\\/7e6ea62ad413e64265919670246b2992f4d15ca38b994c27298b63a588dd8ba8?s=96&d=mm&r=g\",\"url\":\"https:\\\/\\\/secure.gravatar.com\\\/avatar\\\/7e6ea62ad413e64265919670246b2992f4d15ca38b994c27298b63a588dd8ba8?s=96&d=mm&r=g\",\"contentUrl\":\"https:\\\/\\\/secure.gravatar.com\\\/avatar\\\/7e6ea62ad413e64265919670246b2992f4d15ca38b994c27298b63a588dd8ba8?s=96&d=mm&r=g\",\"caption\":\"Import\"},\"url\":\"https:\\\/\\\/www.feuerwehr-halberstadt.de\\\/?author=6\"}]}<\/script>\n<!-- \/ Yoast SEO plugin. -->","yoast_head_json":{"title":"Ortsfeuerwehr Langenstein zieht Bilanz - Feuerwehr Halberstadt","robots":{"index":"index","follow":"follow","max-snippet":"max-snippet:-1","max-image-preview":"max-image-preview:large","max-video-preview":"max-video-preview:-1"},"canonical":"https:\/\/www.feuerwehr-halberstadt.de\/?p=7718","og_locale":"de_DE","og_type":"article","og_title":"Ortsfeuerwehr Langenstein zieht Bilanz - Feuerwehr Halberstadt","og_description":"07.02.2015 Am Sonnabend, dem 07.02.2015 f\u00fchrte die Ortsfeuerwehr Langenstein, ihre diesj\u00e4hrige Jahreshauptversammlung durch. Bei dieser konnte der Ortswehrleiter nicht nur \u00fcber ein einsatzreiches Jahr berichten. Denn durch die 28 Kameradinnen und Kameraden galt es nicht nur 27 Alarmierungen durch Brandmeldeanlagen, 18 technische Hilfeleistungen und 40 Brandeins\u00e4tze, also insgesamt 85 Eins\u00e4tze abzuarbeiten, sondern es wurden auch [&hellip;]","og_url":"https:\/\/www.feuerwehr-halberstadt.de\/?p=7718","og_site_name":"Feuerwehr Halberstadt","article_publisher":"https:\/\/www.facebook.com\/FeuerwehrHalberstadt\/","article_published_time":"2015-02-07T00:00:00+00:00","article_modified_time":"2020-06-11T09:10:35+00:00","og_image":[{"width":444,"height":409,"url":"https:\/\/www.feuerwehr-halberstadt.de\/wp-content\/uploads\/2023\/09\/cropped-Feuerwehr_HBS_Logo-removebg-preview-1.png","type":"image\/png"}],"author":"Import","twitter_card":"summary_large_image","twitter_misc":{"Verfasst von":"Import","Gesch\u00e4tzte Lesezeit":"1\u00a0Minute"},"schema":{"@context":"https:\/\/schema.org","@graph":[{"@type":"Article","@id":"https:\/\/www.feuerwehr-halberstadt.de\/?p=7718#article","isPartOf":{"@id":"https:\/\/www.feuerwehr-halberstadt.de\/?p=7718"},"author":{"name":"Import","@id":"https:\/\/www.feuerwehr-halberstadt.de\/#\/schema\/person\/9e94fca00b357cae16a4a5cdfc9aa4c2"},"headline":"Ortsfeuerwehr Langenstein zieht Bilanz","datePublished":"2015-02-07T00:00:00+00:00","dateModified":"2020-06-11T09:10:35+00:00","mainEntityOfPage":{"@id":"https:\/\/www.feuerwehr-halberstadt.de\/?p=7718"},"wordCount":240,"publisher":{"@id":"https:\/\/www.feuerwehr-halberstadt.de\/#organization"},"articleSection":["Archiv"],"inLanguage":"de"},{"@type":"WebPage","@id":"https:\/\/www.feuerwehr-halberstadt.de\/?p=7718","url":"https:\/\/www.feuerwehr-halberstadt.de\/?p=7718","name":"Ortsfeuerwehr Langenstein zieht Bilanz - Feuerwehr Halberstadt","isPartOf":{"@id":"https:\/\/www.feuerwehr-halberstadt.de\/#website"},"datePublished":"2015-02-07T00:00:00+00:00","dateModified":"2020-06-11T09:10:35+00:00","breadcrumb":{"@id":"https:\/\/www.feuerwehr-halberstadt.de\/?p=7718#breadcrumb"},"inLanguage":"de","potentialAction":[{"@type":"ReadAction","target":["https:\/\/www.feuerwehr-halberstadt.de\/?p=7718"]}]},{"@type":"BreadcrumbList","@id":"https:\/\/www.feuerwehr-halberstadt.de\/?p=7718#breadcrumb","itemListElement":[{"@type":"ListItem","position":1,"name":"Startseite","item":"https:\/\/www.feuerwehr-halberstadt.de\/"},{"@type":"ListItem","position":2,"name":"Ortsfeuerwehr Langenstein zieht Bilanz"}]},{"@type":"WebSite","@id":"https:\/\/www.feuerwehr-halberstadt.de\/#website","url":"https:\/\/www.feuerwehr-halberstadt.de\/","name":"Feuerwehr Halberstadt","description":"#imEinsatzf\u00fcrHalberstadt","publisher":{"@id":"https:\/\/www.feuerwehr-halberstadt.de\/#organization"},"potentialAction":[{"@type":"SearchAction","target":{"@type":"EntryPoint","urlTemplate":"https:\/\/www.feuerwehr-halberstadt.de\/?s={search_term_string}"},"query-input":{"@type":"PropertyValueSpecification","valueRequired":true,"valueName":"search_term_string"}}],"inLanguage":"de"},{"@type":"Organization","@id":"https:\/\/www.feuerwehr-halberstadt.de\/#organization","name":"Feuerwehr Halberstadt","url":"https:\/\/www.feuerwehr-halberstadt.de\/","logo":{"@type":"ImageObject","inLanguage":"de","@id":"https:\/\/www.feuerwehr-halberstadt.de\/#\/schema\/logo\/image\/","url":"https:\/\/www.feuerwehr-halberstadt.de\/wp-content\/uploads\/2023\/10\/IMG_0126.png","contentUrl":"https:\/\/www.feuerwehr-halberstadt.de\/wp-content\/uploads\/2023\/10\/IMG_0126.png","width":1500,"height":399,"caption":"Feuerwehr Halberstadt"},"image":{"@id":"https:\/\/www.feuerwehr-halberstadt.de\/#\/schema\/logo\/image\/"},"sameAs":["https:\/\/www.facebook.com\/FeuerwehrHalberstadt\/"]},{"@type":"Person","@id":"https:\/\/www.feuerwehr-halberstadt.de\/#\/schema\/person\/9e94fca00b357cae16a4a5cdfc9aa4c2","name":"Import","image":{"@type":"ImageObject","inLanguage":"de","@id":"https:\/\/secure.gravatar.com\/avatar\/7e6ea62ad413e64265919670246b2992f4d15ca38b994c27298b63a588dd8ba8?s=96&d=mm&r=g","url":"https:\/\/secure.gravatar.com\/avatar\/7e6ea62ad413e64265919670246b2992f4d15ca38b994c27298b63a588dd8ba8?s=96&d=mm&r=g","contentUrl":"https:\/\/secure.gravatar.com\/avatar\/7e6ea62ad413e64265919670246b2992f4d15ca38b994c27298b63a588dd8ba8?s=96&d=mm&r=g","caption":"Import"},"url":"https:\/\/www.feuerwehr-halberstadt.de\/?author=6"}]}},"_links":{"self":[{"href":"https:\/\/www.feuerwehr-halberstadt.de\/index.php?rest_route=\/wp\/v2\/posts\/7718","targetHints":{"allow":["GET"]}}],"collection":[{"href":"https:\/\/www.feuerwehr-halberstadt.de\/index.php?rest_route=\/wp\/v2\/posts"}],"about":[{"href":"https:\/\/www.feuerwehr-halberstadt.de\/index.php?rest_route=\/wp\/v2\/types\/post"}],"author":[{"embeddable":true,"href":"https:\/\/www.feuerwehr-halberstadt.de\/index.php?rest_route=\/wp\/v2\/users\/6"}],"replies":[{"embeddable":true,"href":"https:\/\/www.feuerwehr-halberstadt.de\/index.php?rest_route=%2Fwp%2Fv2%2Fcomments&post=7718"}],"version-history":[{"count":1,"href":"https:\/\/www.feuerwehr-halberstadt.de\/index.php?rest_route=\/wp\/v2\/posts\/7718\/revisions"}],"predecessor-version":[{"id":10842,"href":"https:\/\/www.feuerwehr-halberstadt.de\/index.php?rest_route=\/wp\/v2\/posts\/7718\/revisions\/10842"}],"wp:attachment":[{"href":"https:\/\/www.feuerwehr-halberstadt.de\/index.php?rest_route=%2Fwp%2Fv2%2Fmedia&parent=7718"}],"wp:term":[{"taxonomy":"category","embeddable":true,"href":"https:\/\/www.feuerwehr-halberstadt.de\/index.php?rest_route=%2Fwp%2Fv2%2Fcategories&post=7718"},{"taxonomy":"post_tag","embeddable":true,"href":"https:\/\/www.feuerwehr-halberstadt.de\/index.php?rest_route=%2Fwp%2Fv2%2Ftags&post=7718"}],"curies":[{"name":"wp","href":"https:\/\/api.w.org\/{rel}","templated":true}]}}