{"id":7715,"date":"2015-01-30T00:00:00","date_gmt":"2015-01-30T00:00:00","guid":{"rendered":"http:\/\/relaunch.feuerwehr-halberstadt.de-Test\/?p=7715"},"modified":"2020-06-11T11:08:19","modified_gmt":"2020-06-11T09:08:19","slug":"braende-unwetter-und-bombenfund","status":"publish","type":"post","link":"https:\/\/www.feuerwehr-halberstadt.de\/?p=7715","title":{"rendered":"Br\u00e4nde, Unwetter und Bombenfund"},"content":{"rendered":"<p class=\"info\">30.01.2015  <\/p>\n<p><em>von J\u00f6rg Endries<\/em><\/p>\n<p>Drastisch ist die Zahl der Feuerwehreins\u00e4tze in Halberstadt gestiegen. J\u00f6rg Kelle, oberster Feuerwehrmann der Stadtverwaltung, zieht Bilanz und lobt das Engagement der ehrenamtlichen Kameraden.<\/p>\n<p class=\"em_text\">Br\u00e4nde, Unwetter, abgesoffene Keller, Bombenfund, schweres Busungl\u00fcck &#8211; Zeit zum D\u00e4umchendrehen haben die Besch\u00e4ftigten der hauptberuflichen Wachbereitschaft und die Mitglieder der freiwilligen Feuerwehren wahrlich nicht gehabt, kommentiert Brandamtschef J\u00f6rg Kelle die Einsatzstatistik 2014.<br \/>Die Retter sind 994 Mal ausger\u00fcckt. Im Vergleich zum Vorjahr (782) ist das ein Anstieg von immerhin 27 Prozent. Allein die Zahl der Br\u00e4nde sei von 91 im Jahr 2013 auf 122 und damit um sage und schreibe 34 Prozent gestiegen, berichtet J\u00f6rg Kelle. Ursache daf\u00fcr sei unter anderem eine bislang ungekl\u00e4rte Brand-Serie in der Altstadt gewesen. Kelle erinnert an so dramatische Eins\u00e4tze wie im K\u00fcchengarten, wo ein Mehrfamilienhaus in Flammen stand, 25 Bewohner evakuiert wurden und 350&nbsp;000 Euro Sachschaden entstand.<br \/>&#8222;In der Summe haben Br\u00e4nde einen von uns gesch\u00e4tzten Schaden von etwa einer Million Euro verursacht. Dem stehen jedoch erhaltene Werte von etwa 3,5 Millionen Euro gegen\u00fcber&#8220;, res\u00fcmiert J\u00f6rg Kelle. Leider habe es seit mehreren Jahren in Halberstadt wieder eine Brandtote gegeben, bedauert der Feuerwehrmann. Dabei habe es sich um eine 94-j\u00e4hrige Frau in der Gerberstra\u00dfe gehandelt, die beim Eintreffen der Wehr bereits tot war.<br \/>Zu den gro\u00dfen Eins\u00e4tzen geh\u00f6ren au\u00dferdem die Evakuierung von 2500 B\u00fcrgern im Bereich der Westerh\u00e4user Stra\u00dfe, wo am 17. September beim Graben eines Sickerschachts eine Weltkriegs-Bombe gefunden wurde. Oder am 28. Juli und 3. August die insgesamt 94 Eins\u00e4tze nach Unwettern, als nach starken Niederschl\u00e4gen in der Stadt reihenweise Keller unter Wasser standen.<br \/>Nicht zu vergessen das tragische Busungl\u00fcck Anfang Juni in der Harmoniestra\u00dfe, als ein Bus f\u00fchrerlos 300 Meter kreuz und quer fuhr und schlie\u00dflich in ein Mietshaus krachte &#8211; der Busfahrer starb und sieben Insassen zogen sich Verletzungen zu. &#8222;Ein Wunder, dass auf der sonst stark frequentierten Stra\u00dfe nicht noch mehr passiert ist&#8220;, so J\u00f6rg Kelle.<br \/>Die hohen Anforderungen an die Einsatzbereitschaft der Feuerwehr seien nur mit dem Engagement der Kameraden der freiwilligen Feuerwehren in der Stadt Halberstadt sicherzustellen. Zwar w\u00fcrden etwa 85 Prozent der Eins\u00e4tze von der hauptberuflichen Wachbereitschaft abgedeckt werden, daf\u00fcr sei die &#8222;Manpower der freiwilligen Wehren wichtig&#8220;. J\u00f6rg Kelle: &#8222;Ohne Ehrenamtliche ist diese Aufgabe nicht zu schaffen. Die Kameraden sind unser R\u00fcckhalt.&#8220;<br \/>Um so wichtiger sei die Nachwuchs-Arbeit der f\u00fcnf Kinder- und Jugendfeuerwehren in der Kernstadt und den Ortsteilen, in denen 110 Mitglieder aktiv sind.<\/p>\n<h3 class=\"em_text\">Informationen zur Feuerwehr<\/h3>\n<p><strong>191 Einsatzkr\u00e4fte<\/strong>, davon 168 ehrenamtlich in acht Ortsfeuerwehren und 23 in der hauptberuflichen Wachbereitschaft, 27 Einsatzfahrzeuge an acht Standorten, 80 Atemschutztr\u00e4ger.<br \/><strong>994 Eins\u00e4tze<\/strong>, darunter 122 Br\u00e4nde, 695 Hilfeleistungen und 178 Fehlalarme, 53 Personen wurden aus lebensbedrohlichen Zwangslagen befreit.<br \/><strong>9.400 Ausbildungsstunden<\/strong> wurden absolviert, die Kinder- und Jugendwehren nahmen an 3800 Ausbildungsstunden teil.<br \/><strong>900 Stunden<\/strong> Brandsicherheitswache im Theater und bei Gro\u00dfveranstaltungen.<br \/><strong>700 Handfeuerl\u00f6scher<\/strong> \u00fcberpr\u00fcft.<br \/><strong>5.000 Euro<\/strong> zahlte die Stadt f\u00fcr die Immunisierung der Atemschutztr\u00e4ger und der Kameraden der Katastrophenschutzeinheiten gegen Hepatitis A und B.<br \/><strong>1,2 Millionen Euro<\/strong> kostet der laufende Betrieb f\u00fcr Personal und Unterhalt der Technik.<\/p>\n<p><strong>Investitionen 2014: 35.000 Euro f\u00fcr Mannschaftstransportfahrzeug, 10.000 Euro f\u00fcr feuerwehrtechnische Ausr\u00fcstung, 340.000 Euro Neubau Ger\u00e4tehaus im Schachdorf Str\u00f6beck, 12.000 Euro f\u00fcr Umbau Heizungsanlage Ger\u00e4tehaus Langenstein, 10.000 Euro Sanierung L\u00f6schteich B\u00f6hnshausen.<\/p>\n<p><em>Quelle: Volksstimme<\/em><\/p>\n","protected":false},"excerpt":{"rendered":"<p>30.01.2015 von J\u00f6rg Endries Drastisch ist die Zahl der Feuerwehreins\u00e4tze in Halberstadt gestiegen. J\u00f6rg Kelle, oberster Feuerwehrmann der Stadtverwaltung, zieht Bilanz und lobt das Engagement der ehrenamtlichen Kameraden. Br\u00e4nde, Unwetter, abgesoffene Keller, Bombenfund, schweres Busungl\u00fcck &#8211; Zeit zum D\u00e4umchendrehen haben die Besch\u00e4ftigten der hauptberuflichen Wachbereitschaft und die Mitglieder der freiwilligen Feuerwehren wahrlich nicht gehabt, kommentiert [&hellip;]<\/p>\n","protected":false},"author":6,"featured_media":0,"comment_status":"closed","ping_status":"closed","sticky":false,"template":"","format":"standard","meta":{"_acf_changed":false,"footnotes":""},"categories":[15],"tags":[],"class_list":["post-7715","post","type-post","status-publish","format-standard","hentry","category-archiv"],"acf":[],"yoast_head":"<!-- This site is optimized with the Yoast SEO plugin v27.5 - https:\/\/yoast.com\/product\/yoast-seo-wordpress\/ -->\n<title>Br\u00e4nde, Unwetter und Bombenfund - Feuerwehr Halberstadt<\/title>\n<meta name=\"robots\" content=\"index, follow, max-snippet:-1, max-image-preview:large, max-video-preview:-1\" \/>\n<link rel=\"canonical\" href=\"https:\/\/www.feuerwehr-halberstadt.de\/?p=7715\" \/>\n<meta property=\"og:locale\" content=\"de_DE\" \/>\n<meta property=\"og:type\" content=\"article\" \/>\n<meta property=\"og:title\" content=\"Br\u00e4nde, Unwetter und Bombenfund - Feuerwehr Halberstadt\" \/>\n<meta property=\"og:description\" content=\"30.01.2015 von J\u00f6rg Endries Drastisch ist die Zahl der Feuerwehreins\u00e4tze in Halberstadt gestiegen. J\u00f6rg Kelle, oberster Feuerwehrmann der Stadtverwaltung, zieht Bilanz und lobt das Engagement der ehrenamtlichen Kameraden. Br\u00e4nde, Unwetter, abgesoffene Keller, Bombenfund, schweres Busungl\u00fcck &#8211; Zeit zum D\u00e4umchendrehen haben die Besch\u00e4ftigten der hauptberuflichen Wachbereitschaft und die Mitglieder der freiwilligen Feuerwehren wahrlich nicht gehabt, kommentiert [&hellip;]\" \/>\n<meta property=\"og:url\" content=\"https:\/\/www.feuerwehr-halberstadt.de\/?p=7715\" \/>\n<meta property=\"og:site_name\" content=\"Feuerwehr Halberstadt\" \/>\n<meta property=\"article:publisher\" content=\"https:\/\/www.facebook.com\/FeuerwehrHalberstadt\/\" \/>\n<meta property=\"article:published_time\" content=\"2015-01-30T00:00:00+00:00\" \/>\n<meta property=\"article:modified_time\" content=\"2020-06-11T09:08:19+00:00\" \/>\n<meta property=\"og:image\" content=\"https:\/\/www.feuerwehr-halberstadt.de\/wp-content\/uploads\/2023\/09\/cropped-Feuerwehr_HBS_Logo-removebg-preview-1.png\" \/>\n\t<meta property=\"og:image:width\" content=\"444\" \/>\n\t<meta property=\"og:image:height\" content=\"409\" \/>\n\t<meta property=\"og:image:type\" content=\"image\/png\" \/>\n<meta name=\"author\" content=\"Import\" \/>\n<meta name=\"twitter:card\" content=\"summary_large_image\" \/>\n<meta name=\"twitter:label1\" content=\"Verfasst von\" \/>\n\t<meta name=\"twitter:data1\" content=\"Import\" \/>\n\t<meta name=\"twitter:label2\" content=\"Gesch\u00e4tzte Lesezeit\" \/>\n\t<meta name=\"twitter:data2\" content=\"3\u00a0Minuten\" \/>\n<script type=\"application\/ld+json\" class=\"yoast-schema-graph\">{\"@context\":\"https:\\\/\\\/schema.org\",\"@graph\":[{\"@type\":\"Article\",\"@id\":\"https:\\\/\\\/www.feuerwehr-halberstadt.de\\\/?p=7715#article\",\"isPartOf\":{\"@id\":\"https:\\\/\\\/www.feuerwehr-halberstadt.de\\\/?p=7715\"},\"author\":{\"name\":\"Import\",\"@id\":\"https:\\\/\\\/www.feuerwehr-halberstadt.de\\\/#\\\/schema\\\/person\\\/9e94fca00b357cae16a4a5cdfc9aa4c2\"},\"headline\":\"Br\u00e4nde, Unwetter und Bombenfund\",\"datePublished\":\"2015-01-30T00:00:00+00:00\",\"dateModified\":\"2020-06-11T09:08:19+00:00\",\"mainEntityOfPage\":{\"@id\":\"https:\\\/\\\/www.feuerwehr-halberstadt.de\\\/?p=7715\"},\"wordCount\":553,\"publisher\":{\"@id\":\"https:\\\/\\\/www.feuerwehr-halberstadt.de\\\/#organization\"},\"articleSection\":[\"Archiv\"],\"inLanguage\":\"de\"},{\"@type\":\"WebPage\",\"@id\":\"https:\\\/\\\/www.feuerwehr-halberstadt.de\\\/?p=7715\",\"url\":\"https:\\\/\\\/www.feuerwehr-halberstadt.de\\\/?p=7715\",\"name\":\"Br\u00e4nde, Unwetter und Bombenfund - Feuerwehr Halberstadt\",\"isPartOf\":{\"@id\":\"https:\\\/\\\/www.feuerwehr-halberstadt.de\\\/#website\"},\"datePublished\":\"2015-01-30T00:00:00+00:00\",\"dateModified\":\"2020-06-11T09:08:19+00:00\",\"breadcrumb\":{\"@id\":\"https:\\\/\\\/www.feuerwehr-halberstadt.de\\\/?p=7715#breadcrumb\"},\"inLanguage\":\"de\",\"potentialAction\":[{\"@type\":\"ReadAction\",\"target\":[\"https:\\\/\\\/www.feuerwehr-halberstadt.de\\\/?p=7715\"]}]},{\"@type\":\"BreadcrumbList\",\"@id\":\"https:\\\/\\\/www.feuerwehr-halberstadt.de\\\/?p=7715#breadcrumb\",\"itemListElement\":[{\"@type\":\"ListItem\",\"position\":1,\"name\":\"Startseite\",\"item\":\"https:\\\/\\\/www.feuerwehr-halberstadt.de\\\/\"},{\"@type\":\"ListItem\",\"position\":2,\"name\":\"Br\u00e4nde, Unwetter und Bombenfund\"}]},{\"@type\":\"WebSite\",\"@id\":\"https:\\\/\\\/www.feuerwehr-halberstadt.de\\\/#website\",\"url\":\"https:\\\/\\\/www.feuerwehr-halberstadt.de\\\/\",\"name\":\"Feuerwehr Halberstadt\",\"description\":\"#imEinsatzf\u00fcrHalberstadt\",\"publisher\":{\"@id\":\"https:\\\/\\\/www.feuerwehr-halberstadt.de\\\/#organization\"},\"potentialAction\":[{\"@type\":\"SearchAction\",\"target\":{\"@type\":\"EntryPoint\",\"urlTemplate\":\"https:\\\/\\\/www.feuerwehr-halberstadt.de\\\/?s={search_term_string}\"},\"query-input\":{\"@type\":\"PropertyValueSpecification\",\"valueRequired\":true,\"valueName\":\"search_term_string\"}}],\"inLanguage\":\"de\"},{\"@type\":\"Organization\",\"@id\":\"https:\\\/\\\/www.feuerwehr-halberstadt.de\\\/#organization\",\"name\":\"Feuerwehr Halberstadt\",\"url\":\"https:\\\/\\\/www.feuerwehr-halberstadt.de\\\/\",\"logo\":{\"@type\":\"ImageObject\",\"inLanguage\":\"de\",\"@id\":\"https:\\\/\\\/www.feuerwehr-halberstadt.de\\\/#\\\/schema\\\/logo\\\/image\\\/\",\"url\":\"https:\\\/\\\/www.feuerwehr-halberstadt.de\\\/wp-content\\\/uploads\\\/2023\\\/10\\\/IMG_0126.png\",\"contentUrl\":\"https:\\\/\\\/www.feuerwehr-halberstadt.de\\\/wp-content\\\/uploads\\\/2023\\\/10\\\/IMG_0126.png\",\"width\":1500,\"height\":399,\"caption\":\"Feuerwehr Halberstadt\"},\"image\":{\"@id\":\"https:\\\/\\\/www.feuerwehr-halberstadt.de\\\/#\\\/schema\\\/logo\\\/image\\\/\"},\"sameAs\":[\"https:\\\/\\\/www.facebook.com\\\/FeuerwehrHalberstadt\\\/\"]},{\"@type\":\"Person\",\"@id\":\"https:\\\/\\\/www.feuerwehr-halberstadt.de\\\/#\\\/schema\\\/person\\\/9e94fca00b357cae16a4a5cdfc9aa4c2\",\"name\":\"Import\",\"image\":{\"@type\":\"ImageObject\",\"inLanguage\":\"de\",\"@id\":\"https:\\\/\\\/secure.gravatar.com\\\/avatar\\\/7e6ea62ad413e64265919670246b2992f4d15ca38b994c27298b63a588dd8ba8?s=96&d=mm&r=g\",\"url\":\"https:\\\/\\\/secure.gravatar.com\\\/avatar\\\/7e6ea62ad413e64265919670246b2992f4d15ca38b994c27298b63a588dd8ba8?s=96&d=mm&r=g\",\"contentUrl\":\"https:\\\/\\\/secure.gravatar.com\\\/avatar\\\/7e6ea62ad413e64265919670246b2992f4d15ca38b994c27298b63a588dd8ba8?s=96&d=mm&r=g\",\"caption\":\"Import\"},\"url\":\"https:\\\/\\\/www.feuerwehr-halberstadt.de\\\/?author=6\"}]}<\/script>\n<!-- \/ Yoast SEO plugin. -->","yoast_head_json":{"title":"Br\u00e4nde, Unwetter und Bombenfund - Feuerwehr Halberstadt","robots":{"index":"index","follow":"follow","max-snippet":"max-snippet:-1","max-image-preview":"max-image-preview:large","max-video-preview":"max-video-preview:-1"},"canonical":"https:\/\/www.feuerwehr-halberstadt.de\/?p=7715","og_locale":"de_DE","og_type":"article","og_title":"Br\u00e4nde, Unwetter und Bombenfund - Feuerwehr Halberstadt","og_description":"30.01.2015 von J\u00f6rg Endries Drastisch ist die Zahl der Feuerwehreins\u00e4tze in Halberstadt gestiegen. J\u00f6rg Kelle, oberster Feuerwehrmann der Stadtverwaltung, zieht Bilanz und lobt das Engagement der ehrenamtlichen Kameraden. Br\u00e4nde, Unwetter, abgesoffene Keller, Bombenfund, schweres Busungl\u00fcck &#8211; Zeit zum D\u00e4umchendrehen haben die Besch\u00e4ftigten der hauptberuflichen Wachbereitschaft und die Mitglieder der freiwilligen Feuerwehren wahrlich nicht gehabt, kommentiert [&hellip;]","og_url":"https:\/\/www.feuerwehr-halberstadt.de\/?p=7715","og_site_name":"Feuerwehr Halberstadt","article_publisher":"https:\/\/www.facebook.com\/FeuerwehrHalberstadt\/","article_published_time":"2015-01-30T00:00:00+00:00","article_modified_time":"2020-06-11T09:08:19+00:00","og_image":[{"width":444,"height":409,"url":"https:\/\/www.feuerwehr-halberstadt.de\/wp-content\/uploads\/2023\/09\/cropped-Feuerwehr_HBS_Logo-removebg-preview-1.png","type":"image\/png"}],"author":"Import","twitter_card":"summary_large_image","twitter_misc":{"Verfasst von":"Import","Gesch\u00e4tzte Lesezeit":"3\u00a0Minuten"},"schema":{"@context":"https:\/\/schema.org","@graph":[{"@type":"Article","@id":"https:\/\/www.feuerwehr-halberstadt.de\/?p=7715#article","isPartOf":{"@id":"https:\/\/www.feuerwehr-halberstadt.de\/?p=7715"},"author":{"name":"Import","@id":"https:\/\/www.feuerwehr-halberstadt.de\/#\/schema\/person\/9e94fca00b357cae16a4a5cdfc9aa4c2"},"headline":"Br\u00e4nde, Unwetter und Bombenfund","datePublished":"2015-01-30T00:00:00+00:00","dateModified":"2020-06-11T09:08:19+00:00","mainEntityOfPage":{"@id":"https:\/\/www.feuerwehr-halberstadt.de\/?p=7715"},"wordCount":553,"publisher":{"@id":"https:\/\/www.feuerwehr-halberstadt.de\/#organization"},"articleSection":["Archiv"],"inLanguage":"de"},{"@type":"WebPage","@id":"https:\/\/www.feuerwehr-halberstadt.de\/?p=7715","url":"https:\/\/www.feuerwehr-halberstadt.de\/?p=7715","name":"Br\u00e4nde, Unwetter und Bombenfund - Feuerwehr Halberstadt","isPartOf":{"@id":"https:\/\/www.feuerwehr-halberstadt.de\/#website"},"datePublished":"2015-01-30T00:00:00+00:00","dateModified":"2020-06-11T09:08:19+00:00","breadcrumb":{"@id":"https:\/\/www.feuerwehr-halberstadt.de\/?p=7715#breadcrumb"},"inLanguage":"de","potentialAction":[{"@type":"ReadAction","target":["https:\/\/www.feuerwehr-halberstadt.de\/?p=7715"]}]},{"@type":"BreadcrumbList","@id":"https:\/\/www.feuerwehr-halberstadt.de\/?p=7715#breadcrumb","itemListElement":[{"@type":"ListItem","position":1,"name":"Startseite","item":"https:\/\/www.feuerwehr-halberstadt.de\/"},{"@type":"ListItem","position":2,"name":"Br\u00e4nde, Unwetter und Bombenfund"}]},{"@type":"WebSite","@id":"https:\/\/www.feuerwehr-halberstadt.de\/#website","url":"https:\/\/www.feuerwehr-halberstadt.de\/","name":"Feuerwehr Halberstadt","description":"#imEinsatzf\u00fcrHalberstadt","publisher":{"@id":"https:\/\/www.feuerwehr-halberstadt.de\/#organization"},"potentialAction":[{"@type":"SearchAction","target":{"@type":"EntryPoint","urlTemplate":"https:\/\/www.feuerwehr-halberstadt.de\/?s={search_term_string}"},"query-input":{"@type":"PropertyValueSpecification","valueRequired":true,"valueName":"search_term_string"}}],"inLanguage":"de"},{"@type":"Organization","@id":"https:\/\/www.feuerwehr-halberstadt.de\/#organization","name":"Feuerwehr Halberstadt","url":"https:\/\/www.feuerwehr-halberstadt.de\/","logo":{"@type":"ImageObject","inLanguage":"de","@id":"https:\/\/www.feuerwehr-halberstadt.de\/#\/schema\/logo\/image\/","url":"https:\/\/www.feuerwehr-halberstadt.de\/wp-content\/uploads\/2023\/10\/IMG_0126.png","contentUrl":"https:\/\/www.feuerwehr-halberstadt.de\/wp-content\/uploads\/2023\/10\/IMG_0126.png","width":1500,"height":399,"caption":"Feuerwehr Halberstadt"},"image":{"@id":"https:\/\/www.feuerwehr-halberstadt.de\/#\/schema\/logo\/image\/"},"sameAs":["https:\/\/www.facebook.com\/FeuerwehrHalberstadt\/"]},{"@type":"Person","@id":"https:\/\/www.feuerwehr-halberstadt.de\/#\/schema\/person\/9e94fca00b357cae16a4a5cdfc9aa4c2","name":"Import","image":{"@type":"ImageObject","inLanguage":"de","@id":"https:\/\/secure.gravatar.com\/avatar\/7e6ea62ad413e64265919670246b2992f4d15ca38b994c27298b63a588dd8ba8?s=96&d=mm&r=g","url":"https:\/\/secure.gravatar.com\/avatar\/7e6ea62ad413e64265919670246b2992f4d15ca38b994c27298b63a588dd8ba8?s=96&d=mm&r=g","contentUrl":"https:\/\/secure.gravatar.com\/avatar\/7e6ea62ad413e64265919670246b2992f4d15ca38b994c27298b63a588dd8ba8?s=96&d=mm&r=g","caption":"Import"},"url":"https:\/\/www.feuerwehr-halberstadt.de\/?author=6"}]}},"_links":{"self":[{"href":"https:\/\/www.feuerwehr-halberstadt.de\/index.php?rest_route=\/wp\/v2\/posts\/7715","targetHints":{"allow":["GET"]}}],"collection":[{"href":"https:\/\/www.feuerwehr-halberstadt.de\/index.php?rest_route=\/wp\/v2\/posts"}],"about":[{"href":"https:\/\/www.feuerwehr-halberstadt.de\/index.php?rest_route=\/wp\/v2\/types\/post"}],"author":[{"embeddable":true,"href":"https:\/\/www.feuerwehr-halberstadt.de\/index.php?rest_route=\/wp\/v2\/users\/6"}],"replies":[{"embeddable":true,"href":"https:\/\/www.feuerwehr-halberstadt.de\/index.php?rest_route=%2Fwp%2Fv2%2Fcomments&post=7715"}],"version-history":[{"count":1,"href":"https:\/\/www.feuerwehr-halberstadt.de\/index.php?rest_route=\/wp\/v2\/posts\/7715\/revisions"}],"predecessor-version":[{"id":10599,"href":"https:\/\/www.feuerwehr-halberstadt.de\/index.php?rest_route=\/wp\/v2\/posts\/7715\/revisions\/10599"}],"wp:attachment":[{"href":"https:\/\/www.feuerwehr-halberstadt.de\/index.php?rest_route=%2Fwp%2Fv2%2Fmedia&parent=7715"}],"wp:term":[{"taxonomy":"category","embeddable":true,"href":"https:\/\/www.feuerwehr-halberstadt.de\/index.php?rest_route=%2Fwp%2Fv2%2Fcategories&post=7715"},{"taxonomy":"post_tag","embeddable":true,"href":"https:\/\/www.feuerwehr-halberstadt.de\/index.php?rest_route=%2Fwp%2Fv2%2Ftags&post=7715"}],"curies":[{"name":"wp","href":"https:\/\/api.w.org\/{rel}","templated":true}]}}