{"id":7712,"date":"2015-01-16T00:00:00","date_gmt":"2015-01-16T00:00:00","guid":{"rendered":"http:\/\/relaunch.feuerwehr-halberstadt.de-Test\/?p=7712"},"modified":"2020-06-11T11:10:17","modified_gmt":"2020-06-11T09:10:17","slug":"mitglieder-der-ortsfeuerwehr-emersleben-ziehen-bilanz-fuer-2014","status":"publish","type":"post","link":"https:\/\/www.feuerwehr-halberstadt.de\/?p=7712","title":{"rendered":"Mitglieder der Ortsfeuerwehr Emersleben ziehen Bilanz f\u00fcr 2014"},"content":{"rendered":"<p class=\"info\">16.01.2015  <\/p>\n<p>Nicht nur Positives konnte Thomas K\u00fcppers, Wehrleiter der Ortsfeuerwehr Emersleben in seinem Bericht vor der Mitgliederversammlung berichten. Im vergangenen Jahr haben zwei Kameraden die Wehr aus pers\u00f6nlichen beziehungsweise beruflichen Gr\u00fcnden verlassen m\u00fcssen.<br \/>Das wiegt bei einem schon geringen Personalbestand schwer.<br \/>Allerdings konnte mit Marie Rinck auch ein Neuzugang verzeichnet werden. Auch mit der geringen Teilnahme einiger Wehrmitglieder am Einsatz- und Ausbildungsdienst ist die Wehrleitung nicht zufrieden. Gegen\u00fcber dern Jahr 2013 wurden immerhin 62 Stunden weniger f\u00fcr diese Dienste<br \/>geleistet. Obwohl die Gr\u00fcnde zumeist in der Arbeitsplatzanbindung liegen, wollen die Mitglieder dennoch dar\u00fcber sprechen, ob \u00c4nderungen im<br \/>Dienstbetrieb eine Verbesserung bringen.<br \/>Die Mitglieder der Wehr haben im vergangenen Jahr bei 28 Brandsicherheitswachen im Nordharzer-St\u00e4dtebundtheater 192 Stunden abgeleistet.<br \/>Insgesamt zu 18 Eins\u00e4tzen r\u00fcckte die Wehr im Jahr 2014 aus. Davon waren: drei Brandeins\u00e4tze, zehn technische Hilfeleistungen, drei Fehlalarme<br \/>durch Brandmeldeanlagen und zwei Aushilfen in Halberstadt bei der Besetzung der Feuerwache.<br \/>Wehrleiter Thomas K\u00fcppers nahm Gelegenheit, sich bei allen Angeh\u00f6rigen der freiwilligen Ortsfeuerwehr f\u00fcr die geleistete, nicht selbstverst\u00e4ndliche Arbeit zu bedanken. Ein besonderer Dank galt dem Feuerwehr F\u00f6rderverein &#8222;St. Florian&#8220; Halberstadt f\u00fcr die Beschaffung der<br \/>Somrnereinsatzjacken f\u00fcr alle im Einsatzdienst stehenden Mitglieder. Dar\u00fcber hinaus hat der F\u00f6rderverein auch die Beschaffung einer Mikrowelle<br \/>und einer Kaffeemaschine f\u00fcr die Teek\u00fcche erm\u00f6glicht. In seinem Gru\u00dfwort hat der f\u00fcr den erkrankten Ortsb\u00fcrgermeister anwesende Stellvertreter Marco Wei\u00df, darauf hingewiesen, dass auf die Mitglieder der Wehr auch au\u00dferhalb des Dienstes immer Verlass sei. So werden von ihnen nicht nur der Weihnachts- und der Maibaum aufgestellt, sie sind auch immer bereit bei den anderen Veranstaltungen der Vereine und des Kindergartens mit zu helfen.<\/p>\n<h4>Auszeichnungen<\/h4>\n<p>Nach erfolgreicher Teilnahme an einem Grundausbildungslehrgang in Ilsenburg wurden Andrea Rapmund und Marie Rink zur Feuerwehrfrau bef\u00f6rdert. F\u00fcr eine 30-j\u00e4hrige Zugeh\u00f6rigkeit zur Feuerwehr wurde Andrea Wilkerling mit einer Urkunde und der Anstecknadel des Landes Sachsen-Anhalt ausgezeichnet.<\/p>\n<h4>Jugendarbeit neu organisiert<\/h4>\n<p>Zur\u00fcckliegend ist die Geschichte der Jugendfeuerwehr Emersleben durch viele H\u00f6hen und Tiefen gekennzeichnet. Selbst eine Aufl\u00f6sung der- Wehr drohte wegen fehlender Mitglieder und eines nicht vorhandenen Jugendwartes. Da sich in den Reihen der Ortsfeuerwehr Emersleben niemand finden lie\u00df, der die Nachwuchsarbeit \u00fcbernehmen konnte oder wollte, wurde Hilfe aus Halberstadt organisiert.<br \/>Nunmehr zeichnet seit einigen Jahren Melanie Schulz f\u00fcr die Kinder- und Jugendfeuerwehr verantwortlich. Sie konnte den Mitgliedern der Ortsfeuerwehr Emersleben, anl\u00e4sslich der Jahreshauptversammlung von einer beeindruckenden Entwicklung berichten. Aktuell geh\u00f6ren zur Jugendfeuerwehr elf und zur Kinderfeuerwehr vier Mitglieder. Allein im vergangenen Jahr gab es f\u00fcnf Zug\u00e4nge. Die sind in erster. Linie auf eine in der Kindertagesst\u00e4tte erfolgte Informationsveranstaltung zur\u00fcckzuf\u00fchren. Insgesamt wurden 2014 290 Stunden Ausbildung und allgemeine Jugendarbeit geleistet.<\/p>\n<p><img loading=\"lazy\" decoding=\"async\" src=\"assets\/images\/5\/2015_007.JPG-427fefc5.jpg\" width=\"800\" height=\"600\" alt=\"\"><\/p>\n<p><em>Kinder- und Jugendfeuerwehrwartin Melanie Schulz mit einigen Kindern der Jugendfeuerwehr vor dem Start zu einer Radtour nach Nienhagen.<\/em><\/p>\n","protected":false},"excerpt":{"rendered":"<p>16.01.2015 Nicht nur Positives konnte Thomas K\u00fcppers, Wehrleiter der Ortsfeuerwehr Emersleben in seinem Bericht vor der Mitgliederversammlung berichten. Im vergangenen Jahr haben zwei Kameraden die Wehr aus pers\u00f6nlichen beziehungsweise beruflichen Gr\u00fcnden verlassen m\u00fcssen.Das wiegt bei einem schon geringen Personalbestand schwer.Allerdings konnte mit Marie Rinck auch ein Neuzugang verzeichnet werden. Auch mit der geringen Teilnahme einiger [&hellip;]<\/p>\n","protected":false},"author":6,"featured_media":0,"comment_status":"closed","ping_status":"closed","sticky":false,"template":"","format":"standard","meta":{"_acf_changed":false,"footnotes":""},"categories":[15],"tags":[],"class_list":["post-7712","post","type-post","status-publish","format-standard","hentry","category-archiv"],"acf":[],"yoast_head":"<!-- This site is optimized with the Yoast SEO plugin v27.5 - https:\/\/yoast.com\/product\/yoast-seo-wordpress\/ -->\n<title>Mitglieder der Ortsfeuerwehr Emersleben ziehen Bilanz f\u00fcr 2014 - Feuerwehr Halberstadt<\/title>\n<meta name=\"robots\" content=\"index, follow, max-snippet:-1, max-image-preview:large, max-video-preview:-1\" \/>\n<link rel=\"canonical\" href=\"https:\/\/www.feuerwehr-halberstadt.de\/?p=7712\" \/>\n<meta property=\"og:locale\" content=\"de_DE\" \/>\n<meta property=\"og:type\" content=\"article\" \/>\n<meta property=\"og:title\" content=\"Mitglieder der Ortsfeuerwehr Emersleben ziehen Bilanz f\u00fcr 2014 - Feuerwehr Halberstadt\" \/>\n<meta property=\"og:description\" content=\"16.01.2015 Nicht nur Positives konnte Thomas K\u00fcppers, Wehrleiter der Ortsfeuerwehr Emersleben in seinem Bericht vor der Mitgliederversammlung berichten. Im vergangenen Jahr haben zwei Kameraden die Wehr aus pers\u00f6nlichen beziehungsweise beruflichen Gr\u00fcnden verlassen m\u00fcssen.Das wiegt bei einem schon geringen Personalbestand schwer.Allerdings konnte mit Marie Rinck auch ein Neuzugang verzeichnet werden. Auch mit der geringen Teilnahme einiger [&hellip;]\" \/>\n<meta property=\"og:url\" content=\"https:\/\/www.feuerwehr-halberstadt.de\/?p=7712\" \/>\n<meta property=\"og:site_name\" content=\"Feuerwehr Halberstadt\" \/>\n<meta property=\"article:publisher\" content=\"https:\/\/www.facebook.com\/FeuerwehrHalberstadt\/\" \/>\n<meta property=\"article:published_time\" content=\"2015-01-16T00:00:00+00:00\" \/>\n<meta property=\"article:modified_time\" content=\"2020-06-11T09:10:17+00:00\" \/>\n<meta property=\"og:image\" content=\"https:\/\/www.feuerwehr-halberstadt.de\/wp-content\/uploads\/2023\/09\/cropped-Feuerwehr_HBS_Logo-removebg-preview-1.png\" \/>\n\t<meta property=\"og:image:width\" content=\"444\" \/>\n\t<meta property=\"og:image:height\" content=\"409\" \/>\n\t<meta property=\"og:image:type\" content=\"image\/png\" \/>\n<meta name=\"author\" content=\"Import\" \/>\n<meta name=\"twitter:card\" content=\"summary_large_image\" \/>\n<meta name=\"twitter:label1\" content=\"Verfasst von\" \/>\n\t<meta name=\"twitter:data1\" content=\"Import\" \/>\n\t<meta name=\"twitter:label2\" content=\"Gesch\u00e4tzte Lesezeit\" \/>\n\t<meta name=\"twitter:data2\" content=\"2\u00a0Minuten\" \/>\n<script type=\"application\/ld+json\" class=\"yoast-schema-graph\">{\"@context\":\"https:\\\/\\\/schema.org\",\"@graph\":[{\"@type\":\"Article\",\"@id\":\"https:\\\/\\\/www.feuerwehr-halberstadt.de\\\/?p=7712#article\",\"isPartOf\":{\"@id\":\"https:\\\/\\\/www.feuerwehr-halberstadt.de\\\/?p=7712\"},\"author\":{\"name\":\"Import\",\"@id\":\"https:\\\/\\\/www.feuerwehr-halberstadt.de\\\/#\\\/schema\\\/person\\\/9e94fca00b357cae16a4a5cdfc9aa4c2\"},\"headline\":\"Mitglieder der Ortsfeuerwehr Emersleben ziehen Bilanz f\u00fcr 2014\",\"datePublished\":\"2015-01-16T00:00:00+00:00\",\"dateModified\":\"2020-06-11T09:10:17+00:00\",\"mainEntityOfPage\":{\"@id\":\"https:\\\/\\\/www.feuerwehr-halberstadt.de\\\/?p=7712\"},\"wordCount\":478,\"publisher\":{\"@id\":\"https:\\\/\\\/www.feuerwehr-halberstadt.de\\\/#organization\"},\"articleSection\":[\"Archiv\"],\"inLanguage\":\"de\"},{\"@type\":\"WebPage\",\"@id\":\"https:\\\/\\\/www.feuerwehr-halberstadt.de\\\/?p=7712\",\"url\":\"https:\\\/\\\/www.feuerwehr-halberstadt.de\\\/?p=7712\",\"name\":\"Mitglieder der Ortsfeuerwehr Emersleben ziehen Bilanz f\u00fcr 2014 - Feuerwehr Halberstadt\",\"isPartOf\":{\"@id\":\"https:\\\/\\\/www.feuerwehr-halberstadt.de\\\/#website\"},\"datePublished\":\"2015-01-16T00:00:00+00:00\",\"dateModified\":\"2020-06-11T09:10:17+00:00\",\"breadcrumb\":{\"@id\":\"https:\\\/\\\/www.feuerwehr-halberstadt.de\\\/?p=7712#breadcrumb\"},\"inLanguage\":\"de\",\"potentialAction\":[{\"@type\":\"ReadAction\",\"target\":[\"https:\\\/\\\/www.feuerwehr-halberstadt.de\\\/?p=7712\"]}]},{\"@type\":\"BreadcrumbList\",\"@id\":\"https:\\\/\\\/www.feuerwehr-halberstadt.de\\\/?p=7712#breadcrumb\",\"itemListElement\":[{\"@type\":\"ListItem\",\"position\":1,\"name\":\"Startseite\",\"item\":\"https:\\\/\\\/www.feuerwehr-halberstadt.de\\\/\"},{\"@type\":\"ListItem\",\"position\":2,\"name\":\"Mitglieder der Ortsfeuerwehr Emersleben ziehen Bilanz f\u00fcr 2014\"}]},{\"@type\":\"WebSite\",\"@id\":\"https:\\\/\\\/www.feuerwehr-halberstadt.de\\\/#website\",\"url\":\"https:\\\/\\\/www.feuerwehr-halberstadt.de\\\/\",\"name\":\"Feuerwehr Halberstadt\",\"description\":\"#imEinsatzf\u00fcrHalberstadt\",\"publisher\":{\"@id\":\"https:\\\/\\\/www.feuerwehr-halberstadt.de\\\/#organization\"},\"potentialAction\":[{\"@type\":\"SearchAction\",\"target\":{\"@type\":\"EntryPoint\",\"urlTemplate\":\"https:\\\/\\\/www.feuerwehr-halberstadt.de\\\/?s={search_term_string}\"},\"query-input\":{\"@type\":\"PropertyValueSpecification\",\"valueRequired\":true,\"valueName\":\"search_term_string\"}}],\"inLanguage\":\"de\"},{\"@type\":\"Organization\",\"@id\":\"https:\\\/\\\/www.feuerwehr-halberstadt.de\\\/#organization\",\"name\":\"Feuerwehr Halberstadt\",\"url\":\"https:\\\/\\\/www.feuerwehr-halberstadt.de\\\/\",\"logo\":{\"@type\":\"ImageObject\",\"inLanguage\":\"de\",\"@id\":\"https:\\\/\\\/www.feuerwehr-halberstadt.de\\\/#\\\/schema\\\/logo\\\/image\\\/\",\"url\":\"https:\\\/\\\/www.feuerwehr-halberstadt.de\\\/wp-content\\\/uploads\\\/2023\\\/10\\\/IMG_0126.png\",\"contentUrl\":\"https:\\\/\\\/www.feuerwehr-halberstadt.de\\\/wp-content\\\/uploads\\\/2023\\\/10\\\/IMG_0126.png\",\"width\":1500,\"height\":399,\"caption\":\"Feuerwehr Halberstadt\"},\"image\":{\"@id\":\"https:\\\/\\\/www.feuerwehr-halberstadt.de\\\/#\\\/schema\\\/logo\\\/image\\\/\"},\"sameAs\":[\"https:\\\/\\\/www.facebook.com\\\/FeuerwehrHalberstadt\\\/\"]},{\"@type\":\"Person\",\"@id\":\"https:\\\/\\\/www.feuerwehr-halberstadt.de\\\/#\\\/schema\\\/person\\\/9e94fca00b357cae16a4a5cdfc9aa4c2\",\"name\":\"Import\",\"image\":{\"@type\":\"ImageObject\",\"inLanguage\":\"de\",\"@id\":\"https:\\\/\\\/secure.gravatar.com\\\/avatar\\\/7e6ea62ad413e64265919670246b2992f4d15ca38b994c27298b63a588dd8ba8?s=96&d=mm&r=g\",\"url\":\"https:\\\/\\\/secure.gravatar.com\\\/avatar\\\/7e6ea62ad413e64265919670246b2992f4d15ca38b994c27298b63a588dd8ba8?s=96&d=mm&r=g\",\"contentUrl\":\"https:\\\/\\\/secure.gravatar.com\\\/avatar\\\/7e6ea62ad413e64265919670246b2992f4d15ca38b994c27298b63a588dd8ba8?s=96&d=mm&r=g\",\"caption\":\"Import\"},\"url\":\"https:\\\/\\\/www.feuerwehr-halberstadt.de\\\/?author=6\"}]}<\/script>\n<!-- \/ Yoast SEO plugin. -->","yoast_head_json":{"title":"Mitglieder der Ortsfeuerwehr Emersleben ziehen Bilanz f\u00fcr 2014 - Feuerwehr Halberstadt","robots":{"index":"index","follow":"follow","max-snippet":"max-snippet:-1","max-image-preview":"max-image-preview:large","max-video-preview":"max-video-preview:-1"},"canonical":"https:\/\/www.feuerwehr-halberstadt.de\/?p=7712","og_locale":"de_DE","og_type":"article","og_title":"Mitglieder der Ortsfeuerwehr Emersleben ziehen Bilanz f\u00fcr 2014 - Feuerwehr Halberstadt","og_description":"16.01.2015 Nicht nur Positives konnte Thomas K\u00fcppers, Wehrleiter der Ortsfeuerwehr Emersleben in seinem Bericht vor der Mitgliederversammlung berichten. Im vergangenen Jahr haben zwei Kameraden die Wehr aus pers\u00f6nlichen beziehungsweise beruflichen Gr\u00fcnden verlassen m\u00fcssen.Das wiegt bei einem schon geringen Personalbestand schwer.Allerdings konnte mit Marie Rinck auch ein Neuzugang verzeichnet werden. Auch mit der geringen Teilnahme einiger [&hellip;]","og_url":"https:\/\/www.feuerwehr-halberstadt.de\/?p=7712","og_site_name":"Feuerwehr Halberstadt","article_publisher":"https:\/\/www.facebook.com\/FeuerwehrHalberstadt\/","article_published_time":"2015-01-16T00:00:00+00:00","article_modified_time":"2020-06-11T09:10:17+00:00","og_image":[{"width":444,"height":409,"url":"https:\/\/www.feuerwehr-halberstadt.de\/wp-content\/uploads\/2023\/09\/cropped-Feuerwehr_HBS_Logo-removebg-preview-1.png","type":"image\/png"}],"author":"Import","twitter_card":"summary_large_image","twitter_misc":{"Verfasst von":"Import","Gesch\u00e4tzte Lesezeit":"2\u00a0Minuten"},"schema":{"@context":"https:\/\/schema.org","@graph":[{"@type":"Article","@id":"https:\/\/www.feuerwehr-halberstadt.de\/?p=7712#article","isPartOf":{"@id":"https:\/\/www.feuerwehr-halberstadt.de\/?p=7712"},"author":{"name":"Import","@id":"https:\/\/www.feuerwehr-halberstadt.de\/#\/schema\/person\/9e94fca00b357cae16a4a5cdfc9aa4c2"},"headline":"Mitglieder der Ortsfeuerwehr Emersleben ziehen Bilanz f\u00fcr 2014","datePublished":"2015-01-16T00:00:00+00:00","dateModified":"2020-06-11T09:10:17+00:00","mainEntityOfPage":{"@id":"https:\/\/www.feuerwehr-halberstadt.de\/?p=7712"},"wordCount":478,"publisher":{"@id":"https:\/\/www.feuerwehr-halberstadt.de\/#organization"},"articleSection":["Archiv"],"inLanguage":"de"},{"@type":"WebPage","@id":"https:\/\/www.feuerwehr-halberstadt.de\/?p=7712","url":"https:\/\/www.feuerwehr-halberstadt.de\/?p=7712","name":"Mitglieder der Ortsfeuerwehr Emersleben ziehen Bilanz f\u00fcr 2014 - Feuerwehr Halberstadt","isPartOf":{"@id":"https:\/\/www.feuerwehr-halberstadt.de\/#website"},"datePublished":"2015-01-16T00:00:00+00:00","dateModified":"2020-06-11T09:10:17+00:00","breadcrumb":{"@id":"https:\/\/www.feuerwehr-halberstadt.de\/?p=7712#breadcrumb"},"inLanguage":"de","potentialAction":[{"@type":"ReadAction","target":["https:\/\/www.feuerwehr-halberstadt.de\/?p=7712"]}]},{"@type":"BreadcrumbList","@id":"https:\/\/www.feuerwehr-halberstadt.de\/?p=7712#breadcrumb","itemListElement":[{"@type":"ListItem","position":1,"name":"Startseite","item":"https:\/\/www.feuerwehr-halberstadt.de\/"},{"@type":"ListItem","position":2,"name":"Mitglieder der Ortsfeuerwehr Emersleben ziehen Bilanz f\u00fcr 2014"}]},{"@type":"WebSite","@id":"https:\/\/www.feuerwehr-halberstadt.de\/#website","url":"https:\/\/www.feuerwehr-halberstadt.de\/","name":"Feuerwehr Halberstadt","description":"#imEinsatzf\u00fcrHalberstadt","publisher":{"@id":"https:\/\/www.feuerwehr-halberstadt.de\/#organization"},"potentialAction":[{"@type":"SearchAction","target":{"@type":"EntryPoint","urlTemplate":"https:\/\/www.feuerwehr-halberstadt.de\/?s={search_term_string}"},"query-input":{"@type":"PropertyValueSpecification","valueRequired":true,"valueName":"search_term_string"}}],"inLanguage":"de"},{"@type":"Organization","@id":"https:\/\/www.feuerwehr-halberstadt.de\/#organization","name":"Feuerwehr Halberstadt","url":"https:\/\/www.feuerwehr-halberstadt.de\/","logo":{"@type":"ImageObject","inLanguage":"de","@id":"https:\/\/www.feuerwehr-halberstadt.de\/#\/schema\/logo\/image\/","url":"https:\/\/www.feuerwehr-halberstadt.de\/wp-content\/uploads\/2023\/10\/IMG_0126.png","contentUrl":"https:\/\/www.feuerwehr-halberstadt.de\/wp-content\/uploads\/2023\/10\/IMG_0126.png","width":1500,"height":399,"caption":"Feuerwehr Halberstadt"},"image":{"@id":"https:\/\/www.feuerwehr-halberstadt.de\/#\/schema\/logo\/image\/"},"sameAs":["https:\/\/www.facebook.com\/FeuerwehrHalberstadt\/"]},{"@type":"Person","@id":"https:\/\/www.feuerwehr-halberstadt.de\/#\/schema\/person\/9e94fca00b357cae16a4a5cdfc9aa4c2","name":"Import","image":{"@type":"ImageObject","inLanguage":"de","@id":"https:\/\/secure.gravatar.com\/avatar\/7e6ea62ad413e64265919670246b2992f4d15ca38b994c27298b63a588dd8ba8?s=96&d=mm&r=g","url":"https:\/\/secure.gravatar.com\/avatar\/7e6ea62ad413e64265919670246b2992f4d15ca38b994c27298b63a588dd8ba8?s=96&d=mm&r=g","contentUrl":"https:\/\/secure.gravatar.com\/avatar\/7e6ea62ad413e64265919670246b2992f4d15ca38b994c27298b63a588dd8ba8?s=96&d=mm&r=g","caption":"Import"},"url":"https:\/\/www.feuerwehr-halberstadt.de\/?author=6"}]}},"_links":{"self":[{"href":"https:\/\/www.feuerwehr-halberstadt.de\/index.php?rest_route=\/wp\/v2\/posts\/7712","targetHints":{"allow":["GET"]}}],"collection":[{"href":"https:\/\/www.feuerwehr-halberstadt.de\/index.php?rest_route=\/wp\/v2\/posts"}],"about":[{"href":"https:\/\/www.feuerwehr-halberstadt.de\/index.php?rest_route=\/wp\/v2\/types\/post"}],"author":[{"embeddable":true,"href":"https:\/\/www.feuerwehr-halberstadt.de\/index.php?rest_route=\/wp\/v2\/users\/6"}],"replies":[{"embeddable":true,"href":"https:\/\/www.feuerwehr-halberstadt.de\/index.php?rest_route=%2Fwp%2Fv2%2Fcomments&post=7712"}],"version-history":[{"count":1,"href":"https:\/\/www.feuerwehr-halberstadt.de\/index.php?rest_route=\/wp\/v2\/posts\/7712\/revisions"}],"predecessor-version":[{"id":10812,"href":"https:\/\/www.feuerwehr-halberstadt.de\/index.php?rest_route=\/wp\/v2\/posts\/7712\/revisions\/10812"}],"wp:attachment":[{"href":"https:\/\/www.feuerwehr-halberstadt.de\/index.php?rest_route=%2Fwp%2Fv2%2Fmedia&parent=7712"}],"wp:term":[{"taxonomy":"category","embeddable":true,"href":"https:\/\/www.feuerwehr-halberstadt.de\/index.php?rest_route=%2Fwp%2Fv2%2Fcategories&post=7712"},{"taxonomy":"post_tag","embeddable":true,"href":"https:\/\/www.feuerwehr-halberstadt.de\/index.php?rest_route=%2Fwp%2Fv2%2Ftags&post=7712"}],"curies":[{"name":"wp","href":"https:\/\/api.w.org\/{rel}","templated":true}]}}