{"id":7396,"date":"2004-03-24T00:00:00","date_gmt":"2004-03-24T00:00:00","guid":{"rendered":"http:\/\/relaunch.feuerwehr-halberstadt.de-Test\/?p=7396"},"modified":"2020-06-11T11:10:18","modified_gmt":"2020-06-11T09:10:18","slug":"nachwuchs-fuer-die-halberstaedter-feuerwehr","status":"publish","type":"post","link":"https:\/\/www.feuerwehr-halberstadt.de\/?p=7396","title":{"rendered":"Nachwuchs f\u00fcr die Halberst\u00e4dter Feuerwehr"},"content":{"rendered":"<p class=\"info\">24.03.2004  <\/p>\n<p>Der Feuerwehrnachwuchs ist in Halberstadt Chefsache. Deshalb \u00fcberreichte Halberstadts Oberb\u00fcrgermeister Dr. Harald Hausmann die Ernennungsurkunden pers\u00f6nlich an die beiden jungen Feuerwehrm\u00e4nner Florian Lohmann und Hagen Bolze, informierte Ute Huch, Pressesprecherin der Stadtverwaltung Halberstadt. Die beiden Beamten auf Widerruf, wie es im Amtsdeutsch hei\u00dft, werden am 1. April ihre Ausbildung bei der Halberst\u00e4dter Feuerwehr beginnen. Die jungen M\u00e4nner eignen sich in den kommenden 18 Monaten das f\u00fcr ihren Job notwendige Fachwissen an. Die Grundausbildung werden sie bis zum 30. September in der Partnerstadt Wolfsburg absolvieren.<\/p>\n<p><img loading=\"lazy\" decoding=\"async\" src=\"files\/feuerwehr-halberstadt\/content\/bilder\/2004\/246.jpg\" width=\"592\" height=\"422\" alt=\"\">Halberstadts Oberb\u00fcrgermeister Dr. Harald Hausmann (l.) \u00fcberreichte pers\u00f6nlich an Florian Lohmann und Hagen Bolze die Ernennungsurkunden.<\/p>\n","protected":false},"excerpt":{"rendered":"<p>24.03.2004 Der Feuerwehrnachwuchs ist in Halberstadt Chefsache. Deshalb \u00fcberreichte Halberstadts Oberb\u00fcrgermeister Dr. Harald Hausmann die Ernennungsurkunden pers\u00f6nlich an die beiden jungen Feuerwehrm\u00e4nner Florian Lohmann und Hagen Bolze, informierte Ute Huch, Pressesprecherin der Stadtverwaltung Halberstadt. Die beiden Beamten auf Widerruf, wie es im Amtsdeutsch hei\u00dft, werden am 1. April ihre Ausbildung bei der Halberst\u00e4dter Feuerwehr beginnen. [&hellip;]<\/p>\n","protected":false},"author":6,"featured_media":0,"comment_status":"closed","ping_status":"closed","sticky":false,"template":"","format":"standard","meta":{"_acf_changed":false,"footnotes":""},"categories":[15],"tags":[],"class_list":["post-7396","post","type-post","status-publish","format-standard","hentry","category-archiv"],"acf":[],"yoast_head":"<!-- This site is optimized with the Yoast SEO plugin v27.5 - https:\/\/yoast.com\/product\/yoast-seo-wordpress\/ -->\n<title>Nachwuchs f\u00fcr die Halberst\u00e4dter Feuerwehr - Feuerwehr Halberstadt<\/title>\n<meta name=\"robots\" content=\"index, follow, max-snippet:-1, max-image-preview:large, max-video-preview:-1\" \/>\n<link rel=\"canonical\" href=\"https:\/\/www.feuerwehr-halberstadt.de\/?p=7396\" \/>\n<meta property=\"og:locale\" content=\"de_DE\" \/>\n<meta property=\"og:type\" content=\"article\" \/>\n<meta property=\"og:title\" content=\"Nachwuchs f\u00fcr die Halberst\u00e4dter Feuerwehr - Feuerwehr Halberstadt\" \/>\n<meta property=\"og:description\" content=\"24.03.2004 Der Feuerwehrnachwuchs ist in Halberstadt Chefsache. Deshalb \u00fcberreichte Halberstadts Oberb\u00fcrgermeister Dr. Harald Hausmann die Ernennungsurkunden pers\u00f6nlich an die beiden jungen Feuerwehrm\u00e4nner Florian Lohmann und Hagen Bolze, informierte Ute Huch, Pressesprecherin der Stadtverwaltung Halberstadt. Die beiden Beamten auf Widerruf, wie es im Amtsdeutsch hei\u00dft, werden am 1. April ihre Ausbildung bei der Halberst\u00e4dter Feuerwehr beginnen. [&hellip;]\" \/>\n<meta property=\"og:url\" content=\"https:\/\/www.feuerwehr-halberstadt.de\/?p=7396\" \/>\n<meta property=\"og:site_name\" content=\"Feuerwehr Halberstadt\" \/>\n<meta property=\"article:publisher\" content=\"https:\/\/www.facebook.com\/FeuerwehrHalberstadt\/\" \/>\n<meta property=\"article:published_time\" content=\"2004-03-24T00:00:00+00:00\" \/>\n<meta property=\"article:modified_time\" content=\"2020-06-11T09:10:18+00:00\" \/>\n<meta property=\"og:image\" content=\"https:\/\/www.feuerwehr-halberstadt.de\/wp-content\/uploads\/2023\/09\/cropped-Feuerwehr_HBS_Logo-removebg-preview-1.png\" \/>\n\t<meta property=\"og:image:width\" content=\"444\" \/>\n\t<meta property=\"og:image:height\" content=\"409\" \/>\n\t<meta property=\"og:image:type\" content=\"image\/png\" \/>\n<meta name=\"author\" content=\"Import\" \/>\n<meta name=\"twitter:card\" content=\"summary_large_image\" \/>\n<meta name=\"twitter:label1\" content=\"Verfasst von\" \/>\n\t<meta name=\"twitter:data1\" content=\"Import\" \/>\n\t<meta name=\"twitter:label2\" content=\"Gesch\u00e4tzte Lesezeit\" \/>\n\t<meta name=\"twitter:data2\" content=\"1\u00a0Minute\" \/>\n<script type=\"application\/ld+json\" class=\"yoast-schema-graph\">{\"@context\":\"https:\\\/\\\/schema.org\",\"@graph\":[{\"@type\":\"Article\",\"@id\":\"https:\\\/\\\/www.feuerwehr-halberstadt.de\\\/?p=7396#article\",\"isPartOf\":{\"@id\":\"https:\\\/\\\/www.feuerwehr-halberstadt.de\\\/?p=7396\"},\"author\":{\"name\":\"Import\",\"@id\":\"https:\\\/\\\/www.feuerwehr-halberstadt.de\\\/#\\\/schema\\\/person\\\/9e94fca00b357cae16a4a5cdfc9aa4c2\"},\"headline\":\"Nachwuchs f\u00fcr die Halberst\u00e4dter Feuerwehr\",\"datePublished\":\"2004-03-24T00:00:00+00:00\",\"dateModified\":\"2020-06-11T09:10:18+00:00\",\"mainEntityOfPage\":{\"@id\":\"https:\\\/\\\/www.feuerwehr-halberstadt.de\\\/?p=7396\"},\"wordCount\":113,\"publisher\":{\"@id\":\"https:\\\/\\\/www.feuerwehr-halberstadt.de\\\/#organization\"},\"articleSection\":[\"Archiv\"],\"inLanguage\":\"de\"},{\"@type\":\"WebPage\",\"@id\":\"https:\\\/\\\/www.feuerwehr-halberstadt.de\\\/?p=7396\",\"url\":\"https:\\\/\\\/www.feuerwehr-halberstadt.de\\\/?p=7396\",\"name\":\"Nachwuchs f\u00fcr die Halberst\u00e4dter Feuerwehr - Feuerwehr Halberstadt\",\"isPartOf\":{\"@id\":\"https:\\\/\\\/www.feuerwehr-halberstadt.de\\\/#website\"},\"datePublished\":\"2004-03-24T00:00:00+00:00\",\"dateModified\":\"2020-06-11T09:10:18+00:00\",\"breadcrumb\":{\"@id\":\"https:\\\/\\\/www.feuerwehr-halberstadt.de\\\/?p=7396#breadcrumb\"},\"inLanguage\":\"de\",\"potentialAction\":[{\"@type\":\"ReadAction\",\"target\":[\"https:\\\/\\\/www.feuerwehr-halberstadt.de\\\/?p=7396\"]}]},{\"@type\":\"BreadcrumbList\",\"@id\":\"https:\\\/\\\/www.feuerwehr-halberstadt.de\\\/?p=7396#breadcrumb\",\"itemListElement\":[{\"@type\":\"ListItem\",\"position\":1,\"name\":\"Startseite\",\"item\":\"https:\\\/\\\/www.feuerwehr-halberstadt.de\\\/\"},{\"@type\":\"ListItem\",\"position\":2,\"name\":\"Nachwuchs f\u00fcr die Halberst\u00e4dter Feuerwehr\"}]},{\"@type\":\"WebSite\",\"@id\":\"https:\\\/\\\/www.feuerwehr-halberstadt.de\\\/#website\",\"url\":\"https:\\\/\\\/www.feuerwehr-halberstadt.de\\\/\",\"name\":\"Feuerwehr Halberstadt\",\"description\":\"#imEinsatzf\u00fcrHalberstadt\",\"publisher\":{\"@id\":\"https:\\\/\\\/www.feuerwehr-halberstadt.de\\\/#organization\"},\"potentialAction\":[{\"@type\":\"SearchAction\",\"target\":{\"@type\":\"EntryPoint\",\"urlTemplate\":\"https:\\\/\\\/www.feuerwehr-halberstadt.de\\\/?s={search_term_string}\"},\"query-input\":{\"@type\":\"PropertyValueSpecification\",\"valueRequired\":true,\"valueName\":\"search_term_string\"}}],\"inLanguage\":\"de\"},{\"@type\":\"Organization\",\"@id\":\"https:\\\/\\\/www.feuerwehr-halberstadt.de\\\/#organization\",\"name\":\"Feuerwehr Halberstadt\",\"url\":\"https:\\\/\\\/www.feuerwehr-halberstadt.de\\\/\",\"logo\":{\"@type\":\"ImageObject\",\"inLanguage\":\"de\",\"@id\":\"https:\\\/\\\/www.feuerwehr-halberstadt.de\\\/#\\\/schema\\\/logo\\\/image\\\/\",\"url\":\"https:\\\/\\\/www.feuerwehr-halberstadt.de\\\/wp-content\\\/uploads\\\/2023\\\/10\\\/IMG_0126.png\",\"contentUrl\":\"https:\\\/\\\/www.feuerwehr-halberstadt.de\\\/wp-content\\\/uploads\\\/2023\\\/10\\\/IMG_0126.png\",\"width\":1500,\"height\":399,\"caption\":\"Feuerwehr Halberstadt\"},\"image\":{\"@id\":\"https:\\\/\\\/www.feuerwehr-halberstadt.de\\\/#\\\/schema\\\/logo\\\/image\\\/\"},\"sameAs\":[\"https:\\\/\\\/www.facebook.com\\\/FeuerwehrHalberstadt\\\/\"]},{\"@type\":\"Person\",\"@id\":\"https:\\\/\\\/www.feuerwehr-halberstadt.de\\\/#\\\/schema\\\/person\\\/9e94fca00b357cae16a4a5cdfc9aa4c2\",\"name\":\"Import\",\"image\":{\"@type\":\"ImageObject\",\"inLanguage\":\"de\",\"@id\":\"https:\\\/\\\/secure.gravatar.com\\\/avatar\\\/7e6ea62ad413e64265919670246b2992f4d15ca38b994c27298b63a588dd8ba8?s=96&d=mm&r=g\",\"url\":\"https:\\\/\\\/secure.gravatar.com\\\/avatar\\\/7e6ea62ad413e64265919670246b2992f4d15ca38b994c27298b63a588dd8ba8?s=96&d=mm&r=g\",\"contentUrl\":\"https:\\\/\\\/secure.gravatar.com\\\/avatar\\\/7e6ea62ad413e64265919670246b2992f4d15ca38b994c27298b63a588dd8ba8?s=96&d=mm&r=g\",\"caption\":\"Import\"},\"url\":\"https:\\\/\\\/www.feuerwehr-halberstadt.de\\\/?author=6\"}]}<\/script>\n<!-- \/ Yoast SEO plugin. -->","yoast_head_json":{"title":"Nachwuchs f\u00fcr die Halberst\u00e4dter Feuerwehr - Feuerwehr Halberstadt","robots":{"index":"index","follow":"follow","max-snippet":"max-snippet:-1","max-image-preview":"max-image-preview:large","max-video-preview":"max-video-preview:-1"},"canonical":"https:\/\/www.feuerwehr-halberstadt.de\/?p=7396","og_locale":"de_DE","og_type":"article","og_title":"Nachwuchs f\u00fcr die Halberst\u00e4dter Feuerwehr - Feuerwehr Halberstadt","og_description":"24.03.2004 Der Feuerwehrnachwuchs ist in Halberstadt Chefsache. Deshalb \u00fcberreichte Halberstadts Oberb\u00fcrgermeister Dr. Harald Hausmann die Ernennungsurkunden pers\u00f6nlich an die beiden jungen Feuerwehrm\u00e4nner Florian Lohmann und Hagen Bolze, informierte Ute Huch, Pressesprecherin der Stadtverwaltung Halberstadt. Die beiden Beamten auf Widerruf, wie es im Amtsdeutsch hei\u00dft, werden am 1. April ihre Ausbildung bei der Halberst\u00e4dter Feuerwehr beginnen. [&hellip;]","og_url":"https:\/\/www.feuerwehr-halberstadt.de\/?p=7396","og_site_name":"Feuerwehr Halberstadt","article_publisher":"https:\/\/www.facebook.com\/FeuerwehrHalberstadt\/","article_published_time":"2004-03-24T00:00:00+00:00","article_modified_time":"2020-06-11T09:10:18+00:00","og_image":[{"width":444,"height":409,"url":"https:\/\/www.feuerwehr-halberstadt.de\/wp-content\/uploads\/2023\/09\/cropped-Feuerwehr_HBS_Logo-removebg-preview-1.png","type":"image\/png"}],"author":"Import","twitter_card":"summary_large_image","twitter_misc":{"Verfasst von":"Import","Gesch\u00e4tzte Lesezeit":"1\u00a0Minute"},"schema":{"@context":"https:\/\/schema.org","@graph":[{"@type":"Article","@id":"https:\/\/www.feuerwehr-halberstadt.de\/?p=7396#article","isPartOf":{"@id":"https:\/\/www.feuerwehr-halberstadt.de\/?p=7396"},"author":{"name":"Import","@id":"https:\/\/www.feuerwehr-halberstadt.de\/#\/schema\/person\/9e94fca00b357cae16a4a5cdfc9aa4c2"},"headline":"Nachwuchs f\u00fcr die Halberst\u00e4dter Feuerwehr","datePublished":"2004-03-24T00:00:00+00:00","dateModified":"2020-06-11T09:10:18+00:00","mainEntityOfPage":{"@id":"https:\/\/www.feuerwehr-halberstadt.de\/?p=7396"},"wordCount":113,"publisher":{"@id":"https:\/\/www.feuerwehr-halberstadt.de\/#organization"},"articleSection":["Archiv"],"inLanguage":"de"},{"@type":"WebPage","@id":"https:\/\/www.feuerwehr-halberstadt.de\/?p=7396","url":"https:\/\/www.feuerwehr-halberstadt.de\/?p=7396","name":"Nachwuchs f\u00fcr die Halberst\u00e4dter Feuerwehr - Feuerwehr Halberstadt","isPartOf":{"@id":"https:\/\/www.feuerwehr-halberstadt.de\/#website"},"datePublished":"2004-03-24T00:00:00+00:00","dateModified":"2020-06-11T09:10:18+00:00","breadcrumb":{"@id":"https:\/\/www.feuerwehr-halberstadt.de\/?p=7396#breadcrumb"},"inLanguage":"de","potentialAction":[{"@type":"ReadAction","target":["https:\/\/www.feuerwehr-halberstadt.de\/?p=7396"]}]},{"@type":"BreadcrumbList","@id":"https:\/\/www.feuerwehr-halberstadt.de\/?p=7396#breadcrumb","itemListElement":[{"@type":"ListItem","position":1,"name":"Startseite","item":"https:\/\/www.feuerwehr-halberstadt.de\/"},{"@type":"ListItem","position":2,"name":"Nachwuchs f\u00fcr die Halberst\u00e4dter Feuerwehr"}]},{"@type":"WebSite","@id":"https:\/\/www.feuerwehr-halberstadt.de\/#website","url":"https:\/\/www.feuerwehr-halberstadt.de\/","name":"Feuerwehr Halberstadt","description":"#imEinsatzf\u00fcrHalberstadt","publisher":{"@id":"https:\/\/www.feuerwehr-halberstadt.de\/#organization"},"potentialAction":[{"@type":"SearchAction","target":{"@type":"EntryPoint","urlTemplate":"https:\/\/www.feuerwehr-halberstadt.de\/?s={search_term_string}"},"query-input":{"@type":"PropertyValueSpecification","valueRequired":true,"valueName":"search_term_string"}}],"inLanguage":"de"},{"@type":"Organization","@id":"https:\/\/www.feuerwehr-halberstadt.de\/#organization","name":"Feuerwehr Halberstadt","url":"https:\/\/www.feuerwehr-halberstadt.de\/","logo":{"@type":"ImageObject","inLanguage":"de","@id":"https:\/\/www.feuerwehr-halberstadt.de\/#\/schema\/logo\/image\/","url":"https:\/\/www.feuerwehr-halberstadt.de\/wp-content\/uploads\/2023\/10\/IMG_0126.png","contentUrl":"https:\/\/www.feuerwehr-halberstadt.de\/wp-content\/uploads\/2023\/10\/IMG_0126.png","width":1500,"height":399,"caption":"Feuerwehr Halberstadt"},"image":{"@id":"https:\/\/www.feuerwehr-halberstadt.de\/#\/schema\/logo\/image\/"},"sameAs":["https:\/\/www.facebook.com\/FeuerwehrHalberstadt\/"]},{"@type":"Person","@id":"https:\/\/www.feuerwehr-halberstadt.de\/#\/schema\/person\/9e94fca00b357cae16a4a5cdfc9aa4c2","name":"Import","image":{"@type":"ImageObject","inLanguage":"de","@id":"https:\/\/secure.gravatar.com\/avatar\/7e6ea62ad413e64265919670246b2992f4d15ca38b994c27298b63a588dd8ba8?s=96&d=mm&r=g","url":"https:\/\/secure.gravatar.com\/avatar\/7e6ea62ad413e64265919670246b2992f4d15ca38b994c27298b63a588dd8ba8?s=96&d=mm&r=g","contentUrl":"https:\/\/secure.gravatar.com\/avatar\/7e6ea62ad413e64265919670246b2992f4d15ca38b994c27298b63a588dd8ba8?s=96&d=mm&r=g","caption":"Import"},"url":"https:\/\/www.feuerwehr-halberstadt.de\/?author=6"}]}},"_links":{"self":[{"href":"https:\/\/www.feuerwehr-halberstadt.de\/index.php?rest_route=\/wp\/v2\/posts\/7396","targetHints":{"allow":["GET"]}}],"collection":[{"href":"https:\/\/www.feuerwehr-halberstadt.de\/index.php?rest_route=\/wp\/v2\/posts"}],"about":[{"href":"https:\/\/www.feuerwehr-halberstadt.de\/index.php?rest_route=\/wp\/v2\/types\/post"}],"author":[{"embeddable":true,"href":"https:\/\/www.feuerwehr-halberstadt.de\/index.php?rest_route=\/wp\/v2\/users\/6"}],"replies":[{"embeddable":true,"href":"https:\/\/www.feuerwehr-halberstadt.de\/index.php?rest_route=%2Fwp%2Fv2%2Fcomments&post=7396"}],"version-history":[{"count":1,"href":"https:\/\/www.feuerwehr-halberstadt.de\/index.php?rest_route=\/wp\/v2\/posts\/7396\/revisions"}],"predecessor-version":[{"id":10817,"href":"https:\/\/www.feuerwehr-halberstadt.de\/index.php?rest_route=\/wp\/v2\/posts\/7396\/revisions\/10817"}],"wp:attachment":[{"href":"https:\/\/www.feuerwehr-halberstadt.de\/index.php?rest_route=%2Fwp%2Fv2%2Fmedia&parent=7396"}],"wp:term":[{"taxonomy":"category","embeddable":true,"href":"https:\/\/www.feuerwehr-halberstadt.de\/index.php?rest_route=%2Fwp%2Fv2%2Fcategories&post=7396"},{"taxonomy":"post_tag","embeddable":true,"href":"https:\/\/www.feuerwehr-halberstadt.de\/index.php?rest_route=%2Fwp%2Fv2%2Ftags&post=7396"}],"curies":[{"name":"wp","href":"https:\/\/api.w.org\/{rel}","templated":true}]}}