{"id":7391,"date":"2004-01-24T00:00:00","date_gmt":"2004-01-24T00:00:00","guid":{"rendered":"http:\/\/relaunch.feuerwehr-halberstadt.de-Test\/?p=7391"},"modified":"2020-06-11T11:10:28","modified_gmt":"2020-06-11T09:10:28","slug":"ortsfeuerwehr-emersleben-legte-jahresbericht-2003-vor","status":"publish","type":"post","link":"https:\/\/www.feuerwehr-halberstadt.de\/?p=7391","title":{"rendered":"Ortsfeuerwehr Emersleben legte Jahresbericht 2003 vor"},"content":{"rendered":"<p class=\"info\">24.01.2004  <\/p>\n<p>Im Mittelpunkt der Diskussionen zur Jahreshauptversammlung der Ortsfeuerwehr Emersleben standen zwei Probleme. Zun\u00e4chst sprach Wehrleiter Martin Rapmund die desolate Personalsituation an. Mit nur 14 im Einsatzdienst stehenden Mitgliedern k\u00f6nnen weder die Mindestforderungen des Gesetzgebers noch die Einsatzbereitschaft sicher gestellt werden. Um diese Mindestforderung zu erf\u00fcllen, m\u00fcssten 18 Angeh\u00f6rige im Einsatzdienst stehen. Einen Lichtblick stellen die vier Mitglieder aus der Jugendfeuerwehr dar, die sich zur Zeit in der Grundausbildung befinden und mit dem Erreichen des 18. Lebensjahres den Einsatzdienst st\u00e4rken k\u00f6nnen. Voraussetzung w\u00e4re, dass sie einen Ausbildungsplatz oder eine Anstellung in Emersleben oder in der N\u00e4he erhalten. Das zweite Problem, das die Wehr dr\u00fcckt, ist der technische Zustand des 24 Jahre alten, noch aus DDR-Produktion stammende Tankl\u00f6schfahrzeuges. Eine Ersatzbeschaffung war bereits 1996 vorgesehen. Wegen fehlender Investitions- bzw. F\u00f6rdermittel wurde die Ma\u00dfnahme bis in das Planjahr 2006 verschoben. &#8222;Daf\u00fcr haben unsere Wehrmitglieder viel Verst\u00e4ndnis aufgebracht&#8220;, betonte der Wehrleiter. Wenn jetzt aber \u00fcber eine weitere Verschiebung nachgedacht wird, dann k\u00f6nnen wir die technische Einsatzbereitschaft der Wehr nicht mehr gew\u00e4hrleisten. Er forderte den anwesenden Ortsb\u00fcrgermeister Erich Frowerk auf, die beiden Probleme im Ortschaftsrat deutlich anzusprechen. Die Wehr ben\u00f6tigt dringend Hilfe. Nicht die Feuerwehr, sondern die Gemeinde ist zust\u00e4ndig f\u00fcr den Brandschutz und die Hilfeleistung. Die Feuerwehr ist eine, in erster Linie ehrenamtliche Einrichtung der Gemeinde, zur Erf\u00fcllung dieser Aufgaben.<br \/>R\u00fcckblickend auf das Jahr 2003 konnte der Wehrleiter aber auch viel Gutes berichten. So haben die Mitglieder bei sieben Eins\u00e4tzen unter Beweis gestellt, dass trotz der gro\u00dfen Probleme auf sie Verlass ist. Dar\u00fcber hinaus wurden 36 Hydranten auf ihre Funktionalit\u00e4t gepr\u00fcft und 30 Brandsicherheitswachen im Theater Halberstadt gestellt. Bei den kulturellen H\u00f6hepunkten im Ortsteil, wie dem Sch\u00fctzen- und Storchenfest, dem Aufstellen des Maibaums beteiligten sich die Feuerwehrmitglieder aktiv.<br \/>Der Feuerwehr F\u00f6rderverein &#8222;St. Florian Halberstadt&#8220; e. V. \u00fcberreichte der Wehr ein Dartspiel. Dies soll auch den Angeh\u00f6rigen der Jugendfeuerwehr zur Verf\u00fcgung gestellt werden.<\/p>\n<p><img loading=\"lazy\" decoding=\"async\" src=\"files\/feuerwehr-halberstadt\/content\/bilder\/2004\/239.jpg\" width=\"541\" height=\"480\" alt=\"\">Der Kassenwart des F\u00f6rdervereins Reinhard Kelle (r.) \u00fcbergibt das Dartspiel an den Wehrleiter Martin Rapmund.Foto: Schaufenster Sachsen-Anhalt<\/p>\n","protected":false},"excerpt":{"rendered":"<p>24.01.2004 Im Mittelpunkt der Diskussionen zur Jahreshauptversammlung der Ortsfeuerwehr Emersleben standen zwei Probleme. Zun\u00e4chst sprach Wehrleiter Martin Rapmund die desolate Personalsituation an. Mit nur 14 im Einsatzdienst stehenden Mitgliedern k\u00f6nnen weder die Mindestforderungen des Gesetzgebers noch die Einsatzbereitschaft sicher gestellt werden. Um diese Mindestforderung zu erf\u00fcllen, m\u00fcssten 18 Angeh\u00f6rige im Einsatzdienst stehen. Einen Lichtblick stellen [&hellip;]<\/p>\n","protected":false},"author":6,"featured_media":0,"comment_status":"closed","ping_status":"closed","sticky":false,"template":"","format":"standard","meta":{"_acf_changed":false,"footnotes":""},"categories":[15],"tags":[],"class_list":["post-7391","post","type-post","status-publish","format-standard","hentry","category-archiv"],"acf":[],"yoast_head":"<!-- This site is optimized with the Yoast SEO plugin v27.5 - https:\/\/yoast.com\/product\/yoast-seo-wordpress\/ -->\n<title>Ortsfeuerwehr Emersleben legte Jahresbericht 2003 vor - Feuerwehr Halberstadt<\/title>\n<meta name=\"robots\" content=\"index, follow, max-snippet:-1, max-image-preview:large, max-video-preview:-1\" \/>\n<link rel=\"canonical\" href=\"https:\/\/www.feuerwehr-halberstadt.de\/?p=7391\" \/>\n<meta property=\"og:locale\" content=\"de_DE\" \/>\n<meta property=\"og:type\" content=\"article\" \/>\n<meta property=\"og:title\" content=\"Ortsfeuerwehr Emersleben legte Jahresbericht 2003 vor - Feuerwehr Halberstadt\" \/>\n<meta property=\"og:description\" content=\"24.01.2004 Im Mittelpunkt der Diskussionen zur Jahreshauptversammlung der Ortsfeuerwehr Emersleben standen zwei Probleme. Zun\u00e4chst sprach Wehrleiter Martin Rapmund die desolate Personalsituation an. Mit nur 14 im Einsatzdienst stehenden Mitgliedern k\u00f6nnen weder die Mindestforderungen des Gesetzgebers noch die Einsatzbereitschaft sicher gestellt werden. Um diese Mindestforderung zu erf\u00fcllen, m\u00fcssten 18 Angeh\u00f6rige im Einsatzdienst stehen. Einen Lichtblick stellen [&hellip;]\" \/>\n<meta property=\"og:url\" content=\"https:\/\/www.feuerwehr-halberstadt.de\/?p=7391\" \/>\n<meta property=\"og:site_name\" content=\"Feuerwehr Halberstadt\" \/>\n<meta property=\"article:publisher\" content=\"https:\/\/www.facebook.com\/FeuerwehrHalberstadt\/\" \/>\n<meta property=\"article:published_time\" content=\"2004-01-24T00:00:00+00:00\" \/>\n<meta property=\"article:modified_time\" content=\"2020-06-11T09:10:28+00:00\" \/>\n<meta property=\"og:image\" content=\"https:\/\/www.feuerwehr-halberstadt.de\/wp-content\/uploads\/2023\/09\/cropped-Feuerwehr_HBS_Logo-removebg-preview-1.png\" \/>\n\t<meta property=\"og:image:width\" content=\"444\" \/>\n\t<meta property=\"og:image:height\" content=\"409\" \/>\n\t<meta property=\"og:image:type\" content=\"image\/png\" \/>\n<meta name=\"author\" content=\"Import\" \/>\n<meta name=\"twitter:card\" content=\"summary_large_image\" \/>\n<meta name=\"twitter:label1\" content=\"Verfasst von\" \/>\n\t<meta name=\"twitter:data1\" content=\"Import\" \/>\n\t<meta name=\"twitter:label2\" content=\"Gesch\u00e4tzte Lesezeit\" \/>\n\t<meta name=\"twitter:data2\" content=\"2\u00a0Minuten\" \/>\n<script type=\"application\/ld+json\" class=\"yoast-schema-graph\">{\"@context\":\"https:\\\/\\\/schema.org\",\"@graph\":[{\"@type\":\"Article\",\"@id\":\"https:\\\/\\\/www.feuerwehr-halberstadt.de\\\/?p=7391#article\",\"isPartOf\":{\"@id\":\"https:\\\/\\\/www.feuerwehr-halberstadt.de\\\/?p=7391\"},\"author\":{\"name\":\"Import\",\"@id\":\"https:\\\/\\\/www.feuerwehr-halberstadt.de\\\/#\\\/schema\\\/person\\\/9e94fca00b357cae16a4a5cdfc9aa4c2\"},\"headline\":\"Ortsfeuerwehr Emersleben legte Jahresbericht 2003 vor\",\"datePublished\":\"2004-01-24T00:00:00+00:00\",\"dateModified\":\"2020-06-11T09:10:28+00:00\",\"mainEntityOfPage\":{\"@id\":\"https:\\\/\\\/www.feuerwehr-halberstadt.de\\\/?p=7391\"},\"wordCount\":355,\"publisher\":{\"@id\":\"https:\\\/\\\/www.feuerwehr-halberstadt.de\\\/#organization\"},\"articleSection\":[\"Archiv\"],\"inLanguage\":\"de\"},{\"@type\":\"WebPage\",\"@id\":\"https:\\\/\\\/www.feuerwehr-halberstadt.de\\\/?p=7391\",\"url\":\"https:\\\/\\\/www.feuerwehr-halberstadt.de\\\/?p=7391\",\"name\":\"Ortsfeuerwehr Emersleben legte Jahresbericht 2003 vor - Feuerwehr Halberstadt\",\"isPartOf\":{\"@id\":\"https:\\\/\\\/www.feuerwehr-halberstadt.de\\\/#website\"},\"datePublished\":\"2004-01-24T00:00:00+00:00\",\"dateModified\":\"2020-06-11T09:10:28+00:00\",\"breadcrumb\":{\"@id\":\"https:\\\/\\\/www.feuerwehr-halberstadt.de\\\/?p=7391#breadcrumb\"},\"inLanguage\":\"de\",\"potentialAction\":[{\"@type\":\"ReadAction\",\"target\":[\"https:\\\/\\\/www.feuerwehr-halberstadt.de\\\/?p=7391\"]}]},{\"@type\":\"BreadcrumbList\",\"@id\":\"https:\\\/\\\/www.feuerwehr-halberstadt.de\\\/?p=7391#breadcrumb\",\"itemListElement\":[{\"@type\":\"ListItem\",\"position\":1,\"name\":\"Startseite\",\"item\":\"https:\\\/\\\/www.feuerwehr-halberstadt.de\\\/\"},{\"@type\":\"ListItem\",\"position\":2,\"name\":\"Ortsfeuerwehr Emersleben legte Jahresbericht 2003 vor\"}]},{\"@type\":\"WebSite\",\"@id\":\"https:\\\/\\\/www.feuerwehr-halberstadt.de\\\/#website\",\"url\":\"https:\\\/\\\/www.feuerwehr-halberstadt.de\\\/\",\"name\":\"Feuerwehr Halberstadt\",\"description\":\"#imEinsatzf\u00fcrHalberstadt\",\"publisher\":{\"@id\":\"https:\\\/\\\/www.feuerwehr-halberstadt.de\\\/#organization\"},\"potentialAction\":[{\"@type\":\"SearchAction\",\"target\":{\"@type\":\"EntryPoint\",\"urlTemplate\":\"https:\\\/\\\/www.feuerwehr-halberstadt.de\\\/?s={search_term_string}\"},\"query-input\":{\"@type\":\"PropertyValueSpecification\",\"valueRequired\":true,\"valueName\":\"search_term_string\"}}],\"inLanguage\":\"de\"},{\"@type\":\"Organization\",\"@id\":\"https:\\\/\\\/www.feuerwehr-halberstadt.de\\\/#organization\",\"name\":\"Feuerwehr Halberstadt\",\"url\":\"https:\\\/\\\/www.feuerwehr-halberstadt.de\\\/\",\"logo\":{\"@type\":\"ImageObject\",\"inLanguage\":\"de\",\"@id\":\"https:\\\/\\\/www.feuerwehr-halberstadt.de\\\/#\\\/schema\\\/logo\\\/image\\\/\",\"url\":\"https:\\\/\\\/www.feuerwehr-halberstadt.de\\\/wp-content\\\/uploads\\\/2023\\\/10\\\/IMG_0126.png\",\"contentUrl\":\"https:\\\/\\\/www.feuerwehr-halberstadt.de\\\/wp-content\\\/uploads\\\/2023\\\/10\\\/IMG_0126.png\",\"width\":1500,\"height\":399,\"caption\":\"Feuerwehr Halberstadt\"},\"image\":{\"@id\":\"https:\\\/\\\/www.feuerwehr-halberstadt.de\\\/#\\\/schema\\\/logo\\\/image\\\/\"},\"sameAs\":[\"https:\\\/\\\/www.facebook.com\\\/FeuerwehrHalberstadt\\\/\"]},{\"@type\":\"Person\",\"@id\":\"https:\\\/\\\/www.feuerwehr-halberstadt.de\\\/#\\\/schema\\\/person\\\/9e94fca00b357cae16a4a5cdfc9aa4c2\",\"name\":\"Import\",\"image\":{\"@type\":\"ImageObject\",\"inLanguage\":\"de\",\"@id\":\"https:\\\/\\\/secure.gravatar.com\\\/avatar\\\/7e6ea62ad413e64265919670246b2992f4d15ca38b994c27298b63a588dd8ba8?s=96&d=mm&r=g\",\"url\":\"https:\\\/\\\/secure.gravatar.com\\\/avatar\\\/7e6ea62ad413e64265919670246b2992f4d15ca38b994c27298b63a588dd8ba8?s=96&d=mm&r=g\",\"contentUrl\":\"https:\\\/\\\/secure.gravatar.com\\\/avatar\\\/7e6ea62ad413e64265919670246b2992f4d15ca38b994c27298b63a588dd8ba8?s=96&d=mm&r=g\",\"caption\":\"Import\"},\"url\":\"https:\\\/\\\/www.feuerwehr-halberstadt.de\\\/?author=6\"}]}<\/script>\n<!-- \/ Yoast SEO plugin. -->","yoast_head_json":{"title":"Ortsfeuerwehr Emersleben legte Jahresbericht 2003 vor - Feuerwehr Halberstadt","robots":{"index":"index","follow":"follow","max-snippet":"max-snippet:-1","max-image-preview":"max-image-preview:large","max-video-preview":"max-video-preview:-1"},"canonical":"https:\/\/www.feuerwehr-halberstadt.de\/?p=7391","og_locale":"de_DE","og_type":"article","og_title":"Ortsfeuerwehr Emersleben legte Jahresbericht 2003 vor - Feuerwehr Halberstadt","og_description":"24.01.2004 Im Mittelpunkt der Diskussionen zur Jahreshauptversammlung der Ortsfeuerwehr Emersleben standen zwei Probleme. Zun\u00e4chst sprach Wehrleiter Martin Rapmund die desolate Personalsituation an. Mit nur 14 im Einsatzdienst stehenden Mitgliedern k\u00f6nnen weder die Mindestforderungen des Gesetzgebers noch die Einsatzbereitschaft sicher gestellt werden. Um diese Mindestforderung zu erf\u00fcllen, m\u00fcssten 18 Angeh\u00f6rige im Einsatzdienst stehen. Einen Lichtblick stellen [&hellip;]","og_url":"https:\/\/www.feuerwehr-halberstadt.de\/?p=7391","og_site_name":"Feuerwehr Halberstadt","article_publisher":"https:\/\/www.facebook.com\/FeuerwehrHalberstadt\/","article_published_time":"2004-01-24T00:00:00+00:00","article_modified_time":"2020-06-11T09:10:28+00:00","og_image":[{"width":444,"height":409,"url":"https:\/\/www.feuerwehr-halberstadt.de\/wp-content\/uploads\/2023\/09\/cropped-Feuerwehr_HBS_Logo-removebg-preview-1.png","type":"image\/png"}],"author":"Import","twitter_card":"summary_large_image","twitter_misc":{"Verfasst von":"Import","Gesch\u00e4tzte Lesezeit":"2\u00a0Minuten"},"schema":{"@context":"https:\/\/schema.org","@graph":[{"@type":"Article","@id":"https:\/\/www.feuerwehr-halberstadt.de\/?p=7391#article","isPartOf":{"@id":"https:\/\/www.feuerwehr-halberstadt.de\/?p=7391"},"author":{"name":"Import","@id":"https:\/\/www.feuerwehr-halberstadt.de\/#\/schema\/person\/9e94fca00b357cae16a4a5cdfc9aa4c2"},"headline":"Ortsfeuerwehr Emersleben legte Jahresbericht 2003 vor","datePublished":"2004-01-24T00:00:00+00:00","dateModified":"2020-06-11T09:10:28+00:00","mainEntityOfPage":{"@id":"https:\/\/www.feuerwehr-halberstadt.de\/?p=7391"},"wordCount":355,"publisher":{"@id":"https:\/\/www.feuerwehr-halberstadt.de\/#organization"},"articleSection":["Archiv"],"inLanguage":"de"},{"@type":"WebPage","@id":"https:\/\/www.feuerwehr-halberstadt.de\/?p=7391","url":"https:\/\/www.feuerwehr-halberstadt.de\/?p=7391","name":"Ortsfeuerwehr Emersleben legte Jahresbericht 2003 vor - Feuerwehr Halberstadt","isPartOf":{"@id":"https:\/\/www.feuerwehr-halberstadt.de\/#website"},"datePublished":"2004-01-24T00:00:00+00:00","dateModified":"2020-06-11T09:10:28+00:00","breadcrumb":{"@id":"https:\/\/www.feuerwehr-halberstadt.de\/?p=7391#breadcrumb"},"inLanguage":"de","potentialAction":[{"@type":"ReadAction","target":["https:\/\/www.feuerwehr-halberstadt.de\/?p=7391"]}]},{"@type":"BreadcrumbList","@id":"https:\/\/www.feuerwehr-halberstadt.de\/?p=7391#breadcrumb","itemListElement":[{"@type":"ListItem","position":1,"name":"Startseite","item":"https:\/\/www.feuerwehr-halberstadt.de\/"},{"@type":"ListItem","position":2,"name":"Ortsfeuerwehr Emersleben legte Jahresbericht 2003 vor"}]},{"@type":"WebSite","@id":"https:\/\/www.feuerwehr-halberstadt.de\/#website","url":"https:\/\/www.feuerwehr-halberstadt.de\/","name":"Feuerwehr Halberstadt","description":"#imEinsatzf\u00fcrHalberstadt","publisher":{"@id":"https:\/\/www.feuerwehr-halberstadt.de\/#organization"},"potentialAction":[{"@type":"SearchAction","target":{"@type":"EntryPoint","urlTemplate":"https:\/\/www.feuerwehr-halberstadt.de\/?s={search_term_string}"},"query-input":{"@type":"PropertyValueSpecification","valueRequired":true,"valueName":"search_term_string"}}],"inLanguage":"de"},{"@type":"Organization","@id":"https:\/\/www.feuerwehr-halberstadt.de\/#organization","name":"Feuerwehr Halberstadt","url":"https:\/\/www.feuerwehr-halberstadt.de\/","logo":{"@type":"ImageObject","inLanguage":"de","@id":"https:\/\/www.feuerwehr-halberstadt.de\/#\/schema\/logo\/image\/","url":"https:\/\/www.feuerwehr-halberstadt.de\/wp-content\/uploads\/2023\/10\/IMG_0126.png","contentUrl":"https:\/\/www.feuerwehr-halberstadt.de\/wp-content\/uploads\/2023\/10\/IMG_0126.png","width":1500,"height":399,"caption":"Feuerwehr Halberstadt"},"image":{"@id":"https:\/\/www.feuerwehr-halberstadt.de\/#\/schema\/logo\/image\/"},"sameAs":["https:\/\/www.facebook.com\/FeuerwehrHalberstadt\/"]},{"@type":"Person","@id":"https:\/\/www.feuerwehr-halberstadt.de\/#\/schema\/person\/9e94fca00b357cae16a4a5cdfc9aa4c2","name":"Import","image":{"@type":"ImageObject","inLanguage":"de","@id":"https:\/\/secure.gravatar.com\/avatar\/7e6ea62ad413e64265919670246b2992f4d15ca38b994c27298b63a588dd8ba8?s=96&d=mm&r=g","url":"https:\/\/secure.gravatar.com\/avatar\/7e6ea62ad413e64265919670246b2992f4d15ca38b994c27298b63a588dd8ba8?s=96&d=mm&r=g","contentUrl":"https:\/\/secure.gravatar.com\/avatar\/7e6ea62ad413e64265919670246b2992f4d15ca38b994c27298b63a588dd8ba8?s=96&d=mm&r=g","caption":"Import"},"url":"https:\/\/www.feuerwehr-halberstadt.de\/?author=6"}]}},"_links":{"self":[{"href":"https:\/\/www.feuerwehr-halberstadt.de\/index.php?rest_route=\/wp\/v2\/posts\/7391","targetHints":{"allow":["GET"]}}],"collection":[{"href":"https:\/\/www.feuerwehr-halberstadt.de\/index.php?rest_route=\/wp\/v2\/posts"}],"about":[{"href":"https:\/\/www.feuerwehr-halberstadt.de\/index.php?rest_route=\/wp\/v2\/types\/post"}],"author":[{"embeddable":true,"href":"https:\/\/www.feuerwehr-halberstadt.de\/index.php?rest_route=\/wp\/v2\/users\/6"}],"replies":[{"embeddable":true,"href":"https:\/\/www.feuerwehr-halberstadt.de\/index.php?rest_route=%2Fwp%2Fv2%2Fcomments&post=7391"}],"version-history":[{"count":1,"href":"https:\/\/www.feuerwehr-halberstadt.de\/index.php?rest_route=\/wp\/v2\/posts\/7391\/revisions"}],"predecessor-version":[{"id":10836,"href":"https:\/\/www.feuerwehr-halberstadt.de\/index.php?rest_route=\/wp\/v2\/posts\/7391\/revisions\/10836"}],"wp:attachment":[{"href":"https:\/\/www.feuerwehr-halberstadt.de\/index.php?rest_route=%2Fwp%2Fv2%2Fmedia&parent=7391"}],"wp:term":[{"taxonomy":"category","embeddable":true,"href":"https:\/\/www.feuerwehr-halberstadt.de\/index.php?rest_route=%2Fwp%2Fv2%2Fcategories&post=7391"},{"taxonomy":"post_tag","embeddable":true,"href":"https:\/\/www.feuerwehr-halberstadt.de\/index.php?rest_route=%2Fwp%2Fv2%2Ftags&post=7391"}],"curies":[{"name":"wp","href":"https:\/\/api.w.org\/{rel}","templated":true}]}}