{"id":7385,"date":"2003-11-01T00:00:00","date_gmt":"2003-11-01T00:00:00","guid":{"rendered":"http:\/\/relaunch.feuerwehr-halberstadt.de-Test\/?p=7385"},"modified":"2020-06-11T11:09:55","modified_gmt":"2020-06-11T09:09:55","slug":"jugendliche-und-senioren-wetteiferten-gemeinsam-um-pokale","status":"publish","type":"post","link":"https:\/\/www.feuerwehr-halberstadt.de\/?p=7385","title":{"rendered":"Jugendliche und &#8222;Senioren&#8220; wetteiferten gemeinsam um Pokale"},"content":{"rendered":"<p class=\"info\">01.11.2003  <\/p>\n<p>Richtig spannend wurde es am vergangenen Sonnabendnachmittag im Gemeindehaus des Ortsteils Emersleben, Das Geb\u00e4ude gleich neben der Feuerwehr wurde zum Austragungsort f\u00fcr einen Wettkampf oder besser gesagt f\u00fcr einen Wettbewerb der Mannschaften.<br \/>Diesmal hie\u00df es nicht &#8222;Wasser marsch&#8220;, sondern vielmehr konnte man sich in anderen Disziplinen, die es zu meistern galt, ausprobieren: Kegeln, Pusterohr, Dart und KK-Gewehr-Schie\u00dfen standen auf dem Programm. Immerhin traten 10 Mannschaften an. Diesmal aktiv dabei; zwei Mitglieder aus dem Vorstand des Sankt-Florian-F\u00f6rdervereins der Halberst\u00e4dter Wehr, der \u00fcbrigens Veranstalter dieser &#8222;Geselligkeitsspiele&#8220; war. Er stiftete auch den gr\u00f6\u00dferen der beiden Pokale, der f\u00fcr den Sieger vorbehalten war, denn Urkunden gab es diesmal nicht. Ein weiterer kleiner Pokal wurde vom Ortsb\u00fcrgermeister Erich Frowerk gestiftet.<br \/>Dennoch, alle Mannschaften gaben ihr Bestes. Angetreten waren unter anderem die Altersabteilungen der Herren und Frauen der Wehren Klein Quenstedt und Emersleben, ferner die Freiwillige und Hauptberufliche Wehr Halberstadts sowie die Jugendfeuerwehren. Jede der Mannschaften hatte f\u00fcnf Akteure, die im fairen Wettbewerb gegeneinander ins Rennen gingen. Aber, wie es im Sport nun einmal so ist, kann es bekannterma\u00dfen nur einen Sieger geben, einen Zweitplazierten und einen Dritten. Mit 987 Punkten siegte wie im Vorjahr die Jugendmannschaft aus Emersleben, dahinter lag die Hauptberufliche Wache Halberstadts mit 950 Punkten und zu guter Letzt noch einmal Emersleben mit einer gemischten Mannschaft (Altersabteilung und Jugend) mit 912 Punkten. Klein Quenstedt stand an der vierten Stelle und die Mannschaft Nr. 6, darunter wie oben schon erw\u00e4hnt zwei Vorstandsaktive, kam lediglich auf einen passablen f\u00fcnften Platz (751 Punkte). Man war zufrieden, getreu dem Motto, &#8222;Dabei sein ist, alles&#8220;. Vorstandsvorsitzender Stefan Walther fungierte als Schiedsrichter.<br \/>Danach stand das leibliche Wohl im Mittelpunkt: Kartoffelsalat und Bockwurst sowie zwei Getr\u00e4nke pro Person wurden gesponsert vom F\u00f6rderverein. Es schmeckte allen gut, die Spiele machten allen Spa\u00df, und daher ist es nur allzu sehr verst\u00e4ndlich, dass es im kommenden Jahr wieder einen Wettkampf geben wird. Ziel sei es, den Pokal den Hausherren von Emersleben streitig zu machen, vielleicht ist dann auch der gesamte Vorstand vom F\u00f6rderverein &#8222;Sankt Florian&#8220; als Mannschaft vollz\u00e4hlig.&nbsp;<\/p>\n<p><a href=\"files\/feuerwehr-halberstadt\/content\/bilder\/2003\/228.jpg\" data-lightbox=\"67e956\"><img loading=\"lazy\" decoding=\"async\" src=\"files\/feuerwehr-halberstadt\/content\/bilder\/2003\/228.jpg\" width=\"600\" height=\"286\" alt=\"\"><\/a>Emerslebens Ortsb\u00fcrgermeister Erich Frowerk (r.) mit den Gewinnern des Wettstreits.<\/p>\n","protected":false},"excerpt":{"rendered":"<p>01.11.2003 Richtig spannend wurde es am vergangenen Sonnabendnachmittag im Gemeindehaus des Ortsteils Emersleben, Das Geb\u00e4ude gleich neben der Feuerwehr wurde zum Austragungsort f\u00fcr einen Wettkampf oder besser gesagt f\u00fcr einen Wettbewerb der Mannschaften.Diesmal hie\u00df es nicht &#8222;Wasser marsch&#8220;, sondern vielmehr konnte man sich in anderen Disziplinen, die es zu meistern galt, ausprobieren: Kegeln, Pusterohr, Dart [&hellip;]<\/p>\n","protected":false},"author":6,"featured_media":0,"comment_status":"closed","ping_status":"closed","sticky":false,"template":"","format":"standard","meta":{"_acf_changed":false,"footnotes":""},"categories":[15],"tags":[],"class_list":["post-7385","post","type-post","status-publish","format-standard","hentry","category-archiv"],"acf":[],"yoast_head":"<!-- This site is optimized with the Yoast SEO plugin v27.5 - https:\/\/yoast.com\/product\/yoast-seo-wordpress\/ -->\n<title>Jugendliche und &quot;Senioren&quot; wetteiferten gemeinsam um Pokale - Feuerwehr Halberstadt<\/title>\n<meta name=\"robots\" content=\"index, follow, max-snippet:-1, max-image-preview:large, max-video-preview:-1\" \/>\n<link rel=\"canonical\" href=\"https:\/\/www.feuerwehr-halberstadt.de\/?p=7385\" \/>\n<meta property=\"og:locale\" content=\"de_DE\" \/>\n<meta property=\"og:type\" content=\"article\" \/>\n<meta property=\"og:title\" content=\"Jugendliche und &quot;Senioren&quot; wetteiferten gemeinsam um Pokale - Feuerwehr Halberstadt\" \/>\n<meta property=\"og:description\" content=\"01.11.2003 Richtig spannend wurde es am vergangenen Sonnabendnachmittag im Gemeindehaus des Ortsteils Emersleben, Das Geb\u00e4ude gleich neben der Feuerwehr wurde zum Austragungsort f\u00fcr einen Wettkampf oder besser gesagt f\u00fcr einen Wettbewerb der Mannschaften.Diesmal hie\u00df es nicht &#8222;Wasser marsch&#8220;, sondern vielmehr konnte man sich in anderen Disziplinen, die es zu meistern galt, ausprobieren: Kegeln, Pusterohr, Dart [&hellip;]\" \/>\n<meta property=\"og:url\" content=\"https:\/\/www.feuerwehr-halberstadt.de\/?p=7385\" \/>\n<meta property=\"og:site_name\" content=\"Feuerwehr Halberstadt\" \/>\n<meta property=\"article:publisher\" content=\"https:\/\/www.facebook.com\/FeuerwehrHalberstadt\/\" \/>\n<meta property=\"article:published_time\" content=\"2003-11-01T00:00:00+00:00\" \/>\n<meta property=\"article:modified_time\" content=\"2020-06-11T09:09:55+00:00\" \/>\n<meta property=\"og:image\" content=\"https:\/\/www.feuerwehr-halberstadt.de\/wp-content\/uploads\/2023\/09\/cropped-Feuerwehr_HBS_Logo-removebg-preview-1.png\" \/>\n\t<meta property=\"og:image:width\" content=\"444\" \/>\n\t<meta property=\"og:image:height\" content=\"409\" \/>\n\t<meta property=\"og:image:type\" content=\"image\/png\" \/>\n<meta name=\"author\" content=\"Import\" \/>\n<meta name=\"twitter:card\" content=\"summary_large_image\" \/>\n<meta name=\"twitter:label1\" content=\"Verfasst von\" \/>\n\t<meta name=\"twitter:data1\" content=\"Import\" \/>\n\t<meta name=\"twitter:label2\" content=\"Gesch\u00e4tzte Lesezeit\" \/>\n\t<meta name=\"twitter:data2\" content=\"2\u00a0Minuten\" \/>\n<script type=\"application\/ld+json\" class=\"yoast-schema-graph\">{\"@context\":\"https:\\\/\\\/schema.org\",\"@graph\":[{\"@type\":\"Article\",\"@id\":\"https:\\\/\\\/www.feuerwehr-halberstadt.de\\\/?p=7385#article\",\"isPartOf\":{\"@id\":\"https:\\\/\\\/www.feuerwehr-halberstadt.de\\\/?p=7385\"},\"author\":{\"name\":\"Import\",\"@id\":\"https:\\\/\\\/www.feuerwehr-halberstadt.de\\\/#\\\/schema\\\/person\\\/9e94fca00b357cae16a4a5cdfc9aa4c2\"},\"headline\":\"Jugendliche und &#8222;Senioren&#8220; wetteiferten gemeinsam um Pokale\",\"datePublished\":\"2003-11-01T00:00:00+00:00\",\"dateModified\":\"2020-06-11T09:09:55+00:00\",\"mainEntityOfPage\":{\"@id\":\"https:\\\/\\\/www.feuerwehr-halberstadt.de\\\/?p=7385\"},\"wordCount\":366,\"publisher\":{\"@id\":\"https:\\\/\\\/www.feuerwehr-halberstadt.de\\\/#organization\"},\"articleSection\":[\"Archiv\"],\"inLanguage\":\"de\"},{\"@type\":\"WebPage\",\"@id\":\"https:\\\/\\\/www.feuerwehr-halberstadt.de\\\/?p=7385\",\"url\":\"https:\\\/\\\/www.feuerwehr-halberstadt.de\\\/?p=7385\",\"name\":\"Jugendliche und \\\"Senioren\\\" wetteiferten gemeinsam um Pokale - Feuerwehr Halberstadt\",\"isPartOf\":{\"@id\":\"https:\\\/\\\/www.feuerwehr-halberstadt.de\\\/#website\"},\"datePublished\":\"2003-11-01T00:00:00+00:00\",\"dateModified\":\"2020-06-11T09:09:55+00:00\",\"breadcrumb\":{\"@id\":\"https:\\\/\\\/www.feuerwehr-halberstadt.de\\\/?p=7385#breadcrumb\"},\"inLanguage\":\"de\",\"potentialAction\":[{\"@type\":\"ReadAction\",\"target\":[\"https:\\\/\\\/www.feuerwehr-halberstadt.de\\\/?p=7385\"]}]},{\"@type\":\"BreadcrumbList\",\"@id\":\"https:\\\/\\\/www.feuerwehr-halberstadt.de\\\/?p=7385#breadcrumb\",\"itemListElement\":[{\"@type\":\"ListItem\",\"position\":1,\"name\":\"Startseite\",\"item\":\"https:\\\/\\\/www.feuerwehr-halberstadt.de\\\/\"},{\"@type\":\"ListItem\",\"position\":2,\"name\":\"Jugendliche und &#8220;Senioren&#8221; wetteiferten gemeinsam um Pokale\"}]},{\"@type\":\"WebSite\",\"@id\":\"https:\\\/\\\/www.feuerwehr-halberstadt.de\\\/#website\",\"url\":\"https:\\\/\\\/www.feuerwehr-halberstadt.de\\\/\",\"name\":\"Feuerwehr Halberstadt\",\"description\":\"#imEinsatzf\u00fcrHalberstadt\",\"publisher\":{\"@id\":\"https:\\\/\\\/www.feuerwehr-halberstadt.de\\\/#organization\"},\"potentialAction\":[{\"@type\":\"SearchAction\",\"target\":{\"@type\":\"EntryPoint\",\"urlTemplate\":\"https:\\\/\\\/www.feuerwehr-halberstadt.de\\\/?s={search_term_string}\"},\"query-input\":{\"@type\":\"PropertyValueSpecification\",\"valueRequired\":true,\"valueName\":\"search_term_string\"}}],\"inLanguage\":\"de\"},{\"@type\":\"Organization\",\"@id\":\"https:\\\/\\\/www.feuerwehr-halberstadt.de\\\/#organization\",\"name\":\"Feuerwehr Halberstadt\",\"url\":\"https:\\\/\\\/www.feuerwehr-halberstadt.de\\\/\",\"logo\":{\"@type\":\"ImageObject\",\"inLanguage\":\"de\",\"@id\":\"https:\\\/\\\/www.feuerwehr-halberstadt.de\\\/#\\\/schema\\\/logo\\\/image\\\/\",\"url\":\"https:\\\/\\\/www.feuerwehr-halberstadt.de\\\/wp-content\\\/uploads\\\/2023\\\/10\\\/IMG_0126.png\",\"contentUrl\":\"https:\\\/\\\/www.feuerwehr-halberstadt.de\\\/wp-content\\\/uploads\\\/2023\\\/10\\\/IMG_0126.png\",\"width\":1500,\"height\":399,\"caption\":\"Feuerwehr Halberstadt\"},\"image\":{\"@id\":\"https:\\\/\\\/www.feuerwehr-halberstadt.de\\\/#\\\/schema\\\/logo\\\/image\\\/\"},\"sameAs\":[\"https:\\\/\\\/www.facebook.com\\\/FeuerwehrHalberstadt\\\/\"]},{\"@type\":\"Person\",\"@id\":\"https:\\\/\\\/www.feuerwehr-halberstadt.de\\\/#\\\/schema\\\/person\\\/9e94fca00b357cae16a4a5cdfc9aa4c2\",\"name\":\"Import\",\"image\":{\"@type\":\"ImageObject\",\"inLanguage\":\"de\",\"@id\":\"https:\\\/\\\/secure.gravatar.com\\\/avatar\\\/7e6ea62ad413e64265919670246b2992f4d15ca38b994c27298b63a588dd8ba8?s=96&d=mm&r=g\",\"url\":\"https:\\\/\\\/secure.gravatar.com\\\/avatar\\\/7e6ea62ad413e64265919670246b2992f4d15ca38b994c27298b63a588dd8ba8?s=96&d=mm&r=g\",\"contentUrl\":\"https:\\\/\\\/secure.gravatar.com\\\/avatar\\\/7e6ea62ad413e64265919670246b2992f4d15ca38b994c27298b63a588dd8ba8?s=96&d=mm&r=g\",\"caption\":\"Import\"},\"url\":\"https:\\\/\\\/www.feuerwehr-halberstadt.de\\\/?author=6\"}]}<\/script>\n<!-- \/ Yoast SEO plugin. -->","yoast_head_json":{"title":"Jugendliche und \"Senioren\" wetteiferten gemeinsam um Pokale - Feuerwehr Halberstadt","robots":{"index":"index","follow":"follow","max-snippet":"max-snippet:-1","max-image-preview":"max-image-preview:large","max-video-preview":"max-video-preview:-1"},"canonical":"https:\/\/www.feuerwehr-halberstadt.de\/?p=7385","og_locale":"de_DE","og_type":"article","og_title":"Jugendliche und \"Senioren\" wetteiferten gemeinsam um Pokale - Feuerwehr Halberstadt","og_description":"01.11.2003 Richtig spannend wurde es am vergangenen Sonnabendnachmittag im Gemeindehaus des Ortsteils Emersleben, Das Geb\u00e4ude gleich neben der Feuerwehr wurde zum Austragungsort f\u00fcr einen Wettkampf oder besser gesagt f\u00fcr einen Wettbewerb der Mannschaften.Diesmal hie\u00df es nicht &#8222;Wasser marsch&#8220;, sondern vielmehr konnte man sich in anderen Disziplinen, die es zu meistern galt, ausprobieren: Kegeln, Pusterohr, Dart [&hellip;]","og_url":"https:\/\/www.feuerwehr-halberstadt.de\/?p=7385","og_site_name":"Feuerwehr Halberstadt","article_publisher":"https:\/\/www.facebook.com\/FeuerwehrHalberstadt\/","article_published_time":"2003-11-01T00:00:00+00:00","article_modified_time":"2020-06-11T09:09:55+00:00","og_image":[{"width":444,"height":409,"url":"https:\/\/www.feuerwehr-halberstadt.de\/wp-content\/uploads\/2023\/09\/cropped-Feuerwehr_HBS_Logo-removebg-preview-1.png","type":"image\/png"}],"author":"Import","twitter_card":"summary_large_image","twitter_misc":{"Verfasst von":"Import","Gesch\u00e4tzte Lesezeit":"2\u00a0Minuten"},"schema":{"@context":"https:\/\/schema.org","@graph":[{"@type":"Article","@id":"https:\/\/www.feuerwehr-halberstadt.de\/?p=7385#article","isPartOf":{"@id":"https:\/\/www.feuerwehr-halberstadt.de\/?p=7385"},"author":{"name":"Import","@id":"https:\/\/www.feuerwehr-halberstadt.de\/#\/schema\/person\/9e94fca00b357cae16a4a5cdfc9aa4c2"},"headline":"Jugendliche und &#8222;Senioren&#8220; wetteiferten gemeinsam um Pokale","datePublished":"2003-11-01T00:00:00+00:00","dateModified":"2020-06-11T09:09:55+00:00","mainEntityOfPage":{"@id":"https:\/\/www.feuerwehr-halberstadt.de\/?p=7385"},"wordCount":366,"publisher":{"@id":"https:\/\/www.feuerwehr-halberstadt.de\/#organization"},"articleSection":["Archiv"],"inLanguage":"de"},{"@type":"WebPage","@id":"https:\/\/www.feuerwehr-halberstadt.de\/?p=7385","url":"https:\/\/www.feuerwehr-halberstadt.de\/?p=7385","name":"Jugendliche und \"Senioren\" wetteiferten gemeinsam um Pokale - Feuerwehr Halberstadt","isPartOf":{"@id":"https:\/\/www.feuerwehr-halberstadt.de\/#website"},"datePublished":"2003-11-01T00:00:00+00:00","dateModified":"2020-06-11T09:09:55+00:00","breadcrumb":{"@id":"https:\/\/www.feuerwehr-halberstadt.de\/?p=7385#breadcrumb"},"inLanguage":"de","potentialAction":[{"@type":"ReadAction","target":["https:\/\/www.feuerwehr-halberstadt.de\/?p=7385"]}]},{"@type":"BreadcrumbList","@id":"https:\/\/www.feuerwehr-halberstadt.de\/?p=7385#breadcrumb","itemListElement":[{"@type":"ListItem","position":1,"name":"Startseite","item":"https:\/\/www.feuerwehr-halberstadt.de\/"},{"@type":"ListItem","position":2,"name":"Jugendliche und &#8220;Senioren&#8221; wetteiferten gemeinsam um Pokale"}]},{"@type":"WebSite","@id":"https:\/\/www.feuerwehr-halberstadt.de\/#website","url":"https:\/\/www.feuerwehr-halberstadt.de\/","name":"Feuerwehr Halberstadt","description":"#imEinsatzf\u00fcrHalberstadt","publisher":{"@id":"https:\/\/www.feuerwehr-halberstadt.de\/#organization"},"potentialAction":[{"@type":"SearchAction","target":{"@type":"EntryPoint","urlTemplate":"https:\/\/www.feuerwehr-halberstadt.de\/?s={search_term_string}"},"query-input":{"@type":"PropertyValueSpecification","valueRequired":true,"valueName":"search_term_string"}}],"inLanguage":"de"},{"@type":"Organization","@id":"https:\/\/www.feuerwehr-halberstadt.de\/#organization","name":"Feuerwehr Halberstadt","url":"https:\/\/www.feuerwehr-halberstadt.de\/","logo":{"@type":"ImageObject","inLanguage":"de","@id":"https:\/\/www.feuerwehr-halberstadt.de\/#\/schema\/logo\/image\/","url":"https:\/\/www.feuerwehr-halberstadt.de\/wp-content\/uploads\/2023\/10\/IMG_0126.png","contentUrl":"https:\/\/www.feuerwehr-halberstadt.de\/wp-content\/uploads\/2023\/10\/IMG_0126.png","width":1500,"height":399,"caption":"Feuerwehr Halberstadt"},"image":{"@id":"https:\/\/www.feuerwehr-halberstadt.de\/#\/schema\/logo\/image\/"},"sameAs":["https:\/\/www.facebook.com\/FeuerwehrHalberstadt\/"]},{"@type":"Person","@id":"https:\/\/www.feuerwehr-halberstadt.de\/#\/schema\/person\/9e94fca00b357cae16a4a5cdfc9aa4c2","name":"Import","image":{"@type":"ImageObject","inLanguage":"de","@id":"https:\/\/secure.gravatar.com\/avatar\/7e6ea62ad413e64265919670246b2992f4d15ca38b994c27298b63a588dd8ba8?s=96&d=mm&r=g","url":"https:\/\/secure.gravatar.com\/avatar\/7e6ea62ad413e64265919670246b2992f4d15ca38b994c27298b63a588dd8ba8?s=96&d=mm&r=g","contentUrl":"https:\/\/secure.gravatar.com\/avatar\/7e6ea62ad413e64265919670246b2992f4d15ca38b994c27298b63a588dd8ba8?s=96&d=mm&r=g","caption":"Import"},"url":"https:\/\/www.feuerwehr-halberstadt.de\/?author=6"}]}},"_links":{"self":[{"href":"https:\/\/www.feuerwehr-halberstadt.de\/index.php?rest_route=\/wp\/v2\/posts\/7385","targetHints":{"allow":["GET"]}}],"collection":[{"href":"https:\/\/www.feuerwehr-halberstadt.de\/index.php?rest_route=\/wp\/v2\/posts"}],"about":[{"href":"https:\/\/www.feuerwehr-halberstadt.de\/index.php?rest_route=\/wp\/v2\/types\/post"}],"author":[{"embeddable":true,"href":"https:\/\/www.feuerwehr-halberstadt.de\/index.php?rest_route=\/wp\/v2\/users\/6"}],"replies":[{"embeddable":true,"href":"https:\/\/www.feuerwehr-halberstadt.de\/index.php?rest_route=%2Fwp%2Fv2%2Fcomments&post=7385"}],"version-history":[{"count":1,"href":"https:\/\/www.feuerwehr-halberstadt.de\/index.php?rest_route=\/wp\/v2\/posts\/7385\/revisions"}],"predecessor-version":[{"id":10777,"href":"https:\/\/www.feuerwehr-halberstadt.de\/index.php?rest_route=\/wp\/v2\/posts\/7385\/revisions\/10777"}],"wp:attachment":[{"href":"https:\/\/www.feuerwehr-halberstadt.de\/index.php?rest_route=%2Fwp%2Fv2%2Fmedia&parent=7385"}],"wp:term":[{"taxonomy":"category","embeddable":true,"href":"https:\/\/www.feuerwehr-halberstadt.de\/index.php?rest_route=%2Fwp%2Fv2%2Fcategories&post=7385"},{"taxonomy":"post_tag","embeddable":true,"href":"https:\/\/www.feuerwehr-halberstadt.de\/index.php?rest_route=%2Fwp%2Fv2%2Ftags&post=7385"}],"curies":[{"name":"wp","href":"https:\/\/api.w.org\/{rel}","templated":true}]}}