{"id":7382,"date":"2003-07-11T00:00:00","date_gmt":"2003-07-11T00:00:00","guid":{"rendered":"http:\/\/relaunch.feuerwehr-halberstadt.de-Test\/?p=7382"},"modified":"2020-06-11T11:09:03","modified_gmt":"2020-06-11T09:09:03","slug":"feuerwehrleute-geniessen-grosses-vertrauen","status":"publish","type":"post","link":"https:\/\/www.feuerwehr-halberstadt.de\/?p=7382","title":{"rendered":"Feuerwehrleute genie\u00dfen gro\u00dfes Vertrauen"},"content":{"rendered":"<p class=\"info\">11.07.2003  <\/p>\n<p>&nbsp;97 Prozent aller Deutschen und 95 Prozent aller Europ\u00e4er haben ein &#8222;sehr hohes&#8220; bzw. &#8222;ziemlich hohes&#8220; Vertrauen zur Feuerwehr. Das ergab eine Umfrage des Verlags- und Direktmarketingunternehmens Reader&#8217;s Digest, die in 18 L\u00e4ndern Europas durchgef\u00fchrt wurde.<br \/>Krankenschwestern und Piloten landeten auf den Pl\u00e4tzen 2 und 3. Wir, die Angeh\u00f6rigen der Feuerwehr, k\u00f6nnen \u00fcberaus stolz sein auf die positive Aussage der Umfrage, allerdings bin ich mir eher unsicher, ob wir diesem Vertrauen immer und vor allem in Zukunft gerecht werden. Auf der einen Seite sind von den 48 Feuerwehren unseres Landkreises nur 12, das entspricht 25 Prozent, rund um die Uhr einsatzbereit. Selbst bei diesen 12 bin ich mir nicht sicher, ob die verantwortlichen Wehrleiter bei dem Begriff &#8222;Einsatzbereitschaft&#8220; auch klar wissen, wor\u00fcber gesprochen wird.<br \/>In der Ausgabe der Volksstimme vom 1. Juli wurde \u00fcber eine Feuerwehr\u00fcbung in W\u00fclperode berichtet. Ich habe gro\u00dfe Achtung davor, wie der Kreisbrandmeister Kenzig die Probleme dargestellt hat. Um einen einfachen Wohnungsbrand zu l\u00f6schen, m\u00fcssen f\u00fcnf Feuerwehren alarmiert werden. Nicht ausreichende Atemschutzger\u00e4tetr\u00e4ger f\u00fcr die Menschenrettung und die Brandbek\u00e4mpfung stellten den Erfolg des Einsatzes in Frage. Richtig eingesch\u00e4tzt wurde, dass nach 20 Minuten bis zum Wirksamwerden der L\u00f6schma\u00dfnahmen das bei jedem Brand vorhandene Kohlenmonoxid seine lebensbedrohende Wirkung erzielt h\u00e4tte. Nach dieser Zeit w\u00e4re die Brandausbreitung so weit fortgeschritten, dass ein L\u00f6scherfolg nur noch mit gro\u00dfem Aufwand erreicht werden k\u00f6nnte. Was letztlich mit einem Totalverlust des Geb\u00e4udes gleichzusetzen ist. Auf der anderen Seite wurden und werden Gelder f\u00fcr technische Ausstattungen ausgegeben, nur weil von der Feuerwehr angemahnt wird, dass sie ohne diese Technik nicht auskommen kann. So manche Feuerwehr musste unbedingt mit den teuren Rettungsger\u00e4ten &#8222;Schere und Spreizer&#8220; ausger\u00fcstet werden, obwohl nur wenige Kilometer entfernt eine gr\u00f6\u00dfere, rund um die Uhr einsatzbereite Feuerwehr diese Technik bereits vorh\u00e4lt und wegen der Erfahrungen auch sicherer einsetzen kann. Es ist nat\u00fcrlich wirkungsvoll, wenn zum Tag der offenen T\u00fcr ein Pkw mit diesem Ger\u00e4t zerlegt wird. Aber muss es denn ausgerechnet ein mehrere tausend Euro teures Rettungsger\u00e4t f\u00fcr solche Spielereien sein? Bedenkt man, dass allein im Landkreis Halberstadt \u00fcber 20 Feuerwehrfahrzeuge mehr vorhanden sind, als es die Ausr\u00fcstungsnorm vorschreibt, und diese dann entsprechende Kosten verursacht haben und verursachen, ist die Frage nach dem verantwortungsvollen Umgang mit \u00f6ffentlichen Mitteln durchaus berechtigt. Immer wieder liest man von feierlichen \u00dcbergaben von Fahrzeugen. Noch bis zur Wende wurde in so mancher Ortschaft der Grundschutz mit einem Tragkraftspritzenanh\u00e4nger und organisiertem Vorspanndienst sicher gestellt. Heute muss es ein bis zu 250.000 Euro teures L\u00f6schfahrzeug mit allen m\u00f6glichen Finessen sein. Vergessen wird dabei aber leider, dass dieses Fahrzeug gar nicht normgerecht besetzt werden kann und damit auch mit diesem Superauto der klar definierte gesetzliche Auftrag nicht erf\u00fcllt wird. Wieviel Verst\u00e4ndnis und Vertrauen werden wir wohl bei der Lokalpolitik und letztendlich bei unseren B\u00fcrgern (Kunden) haben, wenn nicht klar erkannt wird, dass auch Brandschutz nicht in einem Geld freien Raum erbracht werden kann. Hut ab, vor den gerade kleineren Feuerwehren, die mangels Einsatzzahlen ihre Existenz mit B\u00fcrgern\u00e4he und als Kulturtr\u00e4ger begr\u00fcnden. In der Gemeinde ist es nicht m\u00f6glich, auf das Produkt Feuerschutz zu verzichten, aber das Ansehen und damit das Vertrauen wird Schaden nehmen, wenn das Produkt nicht die Erwartungen der B\u00fcrger erf\u00fcllt. Es ist dringend geboten, die kommunalen und kulturellen Feuerwehraufgaben zu trennen. Hier ist neues Denken gefragt. Feuerwehrvereine ohne &#8222;\u00f6ffentlichen Feuerwehr-Auftrag&#8220; k\u00f6nnen weiter als Kulturtr\u00e4ger ihres Ortes t\u00e4tig sein. Die \u00fcbrigen Einheiten, mit &#8222;\u00f6ffentlichem Feuerwehr-Auftrag&#8220; erf\u00fcllen die an die Feuerwehr gestellten Aufgaben und Anspr\u00fcche. In der o. g. Ausgabe der Volksstimme wurde berichtet, dass die Ortsfeuerwehren in der Gemeinde Huy dar\u00fcber nachdenken, eigene Feuerwehr F\u00f6rdervereine zu gr\u00fcnden. Das halte ich f\u00fcr einen gangbaren Weg, um \u00fcber die Vereinsarbeit eine Trennung von \u00f6ffentlichen und kulturellen Feuerwehraufgaben zu erreichen. Das Vertrauen, dass unsere Vorg\u00e4nger und auch wir erarbeitet haben, verlangt von uns allen, damit verantwortungsvoll umzugehen und es nicht durch Ignoranz zu untergraben.<br \/>Ich w\u00fcnsche mir, dass es auch noch in der Zukunft positiv klingt, wenn die Bev\u00f6lkerung von &#8222;ihrer Feuerwehr&#8220; spricht. Diese Tradition verpflichtet genauso wie der Sinnspruch: &#8222;Einer f\u00fcr alle &#8211; alle f\u00fcr Einen&#8220;.<\/p>\n<p>Harald B\u00f6er,<br \/> <em>Stadtwehrleiter der Feuerwehr Halberstadt&nbsp;<\/em><\/p>\n","protected":false},"excerpt":{"rendered":"<p>11.07.2003 &nbsp;97 Prozent aller Deutschen und 95 Prozent aller Europ\u00e4er haben ein &#8222;sehr hohes&#8220; bzw. &#8222;ziemlich hohes&#8220; Vertrauen zur Feuerwehr. Das ergab eine Umfrage des Verlags- und Direktmarketingunternehmens Reader&#8217;s Digest, die in 18 L\u00e4ndern Europas durchgef\u00fchrt wurde.Krankenschwestern und Piloten landeten auf den Pl\u00e4tzen 2 und 3. Wir, die Angeh\u00f6rigen der Feuerwehr, k\u00f6nnen \u00fcberaus stolz sein [&hellip;]<\/p>\n","protected":false},"author":6,"featured_media":0,"comment_status":"closed","ping_status":"closed","sticky":false,"template":"","format":"standard","meta":{"_acf_changed":false,"footnotes":""},"categories":[15],"tags":[],"class_list":["post-7382","post","type-post","status-publish","format-standard","hentry","category-archiv"],"acf":[],"yoast_head":"<!-- This site is optimized with the Yoast SEO plugin v27.5 - https:\/\/yoast.com\/product\/yoast-seo-wordpress\/ -->\n<title>Feuerwehrleute genie\u00dfen gro\u00dfes Vertrauen - Feuerwehr Halberstadt<\/title>\n<meta name=\"robots\" content=\"index, follow, max-snippet:-1, max-image-preview:large, max-video-preview:-1\" \/>\n<link rel=\"canonical\" href=\"https:\/\/www.feuerwehr-halberstadt.de\/?p=7382\" \/>\n<meta property=\"og:locale\" content=\"de_DE\" \/>\n<meta property=\"og:type\" content=\"article\" \/>\n<meta property=\"og:title\" content=\"Feuerwehrleute genie\u00dfen gro\u00dfes Vertrauen - Feuerwehr Halberstadt\" \/>\n<meta property=\"og:description\" content=\"11.07.2003 &nbsp;97 Prozent aller Deutschen und 95 Prozent aller Europ\u00e4er haben ein &#8222;sehr hohes&#8220; bzw. &#8222;ziemlich hohes&#8220; Vertrauen zur Feuerwehr. Das ergab eine Umfrage des Verlags- und Direktmarketingunternehmens Reader&#8217;s Digest, die in 18 L\u00e4ndern Europas durchgef\u00fchrt wurde.Krankenschwestern und Piloten landeten auf den Pl\u00e4tzen 2 und 3. Wir, die Angeh\u00f6rigen der Feuerwehr, k\u00f6nnen \u00fcberaus stolz sein [&hellip;]\" \/>\n<meta property=\"og:url\" content=\"https:\/\/www.feuerwehr-halberstadt.de\/?p=7382\" \/>\n<meta property=\"og:site_name\" content=\"Feuerwehr Halberstadt\" \/>\n<meta property=\"article:publisher\" content=\"https:\/\/www.facebook.com\/FeuerwehrHalberstadt\/\" \/>\n<meta property=\"article:published_time\" content=\"2003-07-11T00:00:00+00:00\" \/>\n<meta property=\"article:modified_time\" content=\"2020-06-11T09:09:03+00:00\" \/>\n<meta property=\"og:image\" content=\"https:\/\/www.feuerwehr-halberstadt.de\/wp-content\/uploads\/2023\/09\/cropped-Feuerwehr_HBS_Logo-removebg-preview-1.png\" \/>\n\t<meta property=\"og:image:width\" content=\"444\" \/>\n\t<meta property=\"og:image:height\" content=\"409\" \/>\n\t<meta property=\"og:image:type\" content=\"image\/png\" \/>\n<meta name=\"author\" content=\"Import\" \/>\n<meta name=\"twitter:card\" content=\"summary_large_image\" \/>\n<meta name=\"twitter:label1\" content=\"Verfasst von\" \/>\n\t<meta name=\"twitter:data1\" content=\"Import\" \/>\n\t<meta name=\"twitter:label2\" content=\"Gesch\u00e4tzte Lesezeit\" \/>\n\t<meta name=\"twitter:data2\" content=\"4\u00a0Minuten\" \/>\n<script type=\"application\/ld+json\" class=\"yoast-schema-graph\">{\"@context\":\"https:\\\/\\\/schema.org\",\"@graph\":[{\"@type\":\"Article\",\"@id\":\"https:\\\/\\\/www.feuerwehr-halberstadt.de\\\/?p=7382#article\",\"isPartOf\":{\"@id\":\"https:\\\/\\\/www.feuerwehr-halberstadt.de\\\/?p=7382\"},\"author\":{\"name\":\"Import\",\"@id\":\"https:\\\/\\\/www.feuerwehr-halberstadt.de\\\/#\\\/schema\\\/person\\\/9e94fca00b357cae16a4a5cdfc9aa4c2\"},\"headline\":\"Feuerwehrleute genie\u00dfen gro\u00dfes Vertrauen\",\"datePublished\":\"2003-07-11T00:00:00+00:00\",\"dateModified\":\"2020-06-11T09:09:03+00:00\",\"mainEntityOfPage\":{\"@id\":\"https:\\\/\\\/www.feuerwehr-halberstadt.de\\\/?p=7382\"},\"wordCount\":733,\"publisher\":{\"@id\":\"https:\\\/\\\/www.feuerwehr-halberstadt.de\\\/#organization\"},\"articleSection\":[\"Archiv\"],\"inLanguage\":\"de\"},{\"@type\":\"WebPage\",\"@id\":\"https:\\\/\\\/www.feuerwehr-halberstadt.de\\\/?p=7382\",\"url\":\"https:\\\/\\\/www.feuerwehr-halberstadt.de\\\/?p=7382\",\"name\":\"Feuerwehrleute genie\u00dfen gro\u00dfes Vertrauen - Feuerwehr Halberstadt\",\"isPartOf\":{\"@id\":\"https:\\\/\\\/www.feuerwehr-halberstadt.de\\\/#website\"},\"datePublished\":\"2003-07-11T00:00:00+00:00\",\"dateModified\":\"2020-06-11T09:09:03+00:00\",\"breadcrumb\":{\"@id\":\"https:\\\/\\\/www.feuerwehr-halberstadt.de\\\/?p=7382#breadcrumb\"},\"inLanguage\":\"de\",\"potentialAction\":[{\"@type\":\"ReadAction\",\"target\":[\"https:\\\/\\\/www.feuerwehr-halberstadt.de\\\/?p=7382\"]}]},{\"@type\":\"BreadcrumbList\",\"@id\":\"https:\\\/\\\/www.feuerwehr-halberstadt.de\\\/?p=7382#breadcrumb\",\"itemListElement\":[{\"@type\":\"ListItem\",\"position\":1,\"name\":\"Startseite\",\"item\":\"https:\\\/\\\/www.feuerwehr-halberstadt.de\\\/\"},{\"@type\":\"ListItem\",\"position\":2,\"name\":\"Feuerwehrleute genie\u00dfen gro\u00dfes Vertrauen\"}]},{\"@type\":\"WebSite\",\"@id\":\"https:\\\/\\\/www.feuerwehr-halberstadt.de\\\/#website\",\"url\":\"https:\\\/\\\/www.feuerwehr-halberstadt.de\\\/\",\"name\":\"Feuerwehr Halberstadt\",\"description\":\"#imEinsatzf\u00fcrHalberstadt\",\"publisher\":{\"@id\":\"https:\\\/\\\/www.feuerwehr-halberstadt.de\\\/#organization\"},\"potentialAction\":[{\"@type\":\"SearchAction\",\"target\":{\"@type\":\"EntryPoint\",\"urlTemplate\":\"https:\\\/\\\/www.feuerwehr-halberstadt.de\\\/?s={search_term_string}\"},\"query-input\":{\"@type\":\"PropertyValueSpecification\",\"valueRequired\":true,\"valueName\":\"search_term_string\"}}],\"inLanguage\":\"de\"},{\"@type\":\"Organization\",\"@id\":\"https:\\\/\\\/www.feuerwehr-halberstadt.de\\\/#organization\",\"name\":\"Feuerwehr Halberstadt\",\"url\":\"https:\\\/\\\/www.feuerwehr-halberstadt.de\\\/\",\"logo\":{\"@type\":\"ImageObject\",\"inLanguage\":\"de\",\"@id\":\"https:\\\/\\\/www.feuerwehr-halberstadt.de\\\/#\\\/schema\\\/logo\\\/image\\\/\",\"url\":\"https:\\\/\\\/www.feuerwehr-halberstadt.de\\\/wp-content\\\/uploads\\\/2023\\\/10\\\/IMG_0126.png\",\"contentUrl\":\"https:\\\/\\\/www.feuerwehr-halberstadt.de\\\/wp-content\\\/uploads\\\/2023\\\/10\\\/IMG_0126.png\",\"width\":1500,\"height\":399,\"caption\":\"Feuerwehr Halberstadt\"},\"image\":{\"@id\":\"https:\\\/\\\/www.feuerwehr-halberstadt.de\\\/#\\\/schema\\\/logo\\\/image\\\/\"},\"sameAs\":[\"https:\\\/\\\/www.facebook.com\\\/FeuerwehrHalberstadt\\\/\"]},{\"@type\":\"Person\",\"@id\":\"https:\\\/\\\/www.feuerwehr-halberstadt.de\\\/#\\\/schema\\\/person\\\/9e94fca00b357cae16a4a5cdfc9aa4c2\",\"name\":\"Import\",\"image\":{\"@type\":\"ImageObject\",\"inLanguage\":\"de\",\"@id\":\"https:\\\/\\\/secure.gravatar.com\\\/avatar\\\/7e6ea62ad413e64265919670246b2992f4d15ca38b994c27298b63a588dd8ba8?s=96&d=mm&r=g\",\"url\":\"https:\\\/\\\/secure.gravatar.com\\\/avatar\\\/7e6ea62ad413e64265919670246b2992f4d15ca38b994c27298b63a588dd8ba8?s=96&d=mm&r=g\",\"contentUrl\":\"https:\\\/\\\/secure.gravatar.com\\\/avatar\\\/7e6ea62ad413e64265919670246b2992f4d15ca38b994c27298b63a588dd8ba8?s=96&d=mm&r=g\",\"caption\":\"Import\"},\"url\":\"https:\\\/\\\/www.feuerwehr-halberstadt.de\\\/?author=6\"}]}<\/script>\n<!-- \/ Yoast SEO plugin. -->","yoast_head_json":{"title":"Feuerwehrleute genie\u00dfen gro\u00dfes Vertrauen - Feuerwehr Halberstadt","robots":{"index":"index","follow":"follow","max-snippet":"max-snippet:-1","max-image-preview":"max-image-preview:large","max-video-preview":"max-video-preview:-1"},"canonical":"https:\/\/www.feuerwehr-halberstadt.de\/?p=7382","og_locale":"de_DE","og_type":"article","og_title":"Feuerwehrleute genie\u00dfen gro\u00dfes Vertrauen - Feuerwehr Halberstadt","og_description":"11.07.2003 &nbsp;97 Prozent aller Deutschen und 95 Prozent aller Europ\u00e4er haben ein &#8222;sehr hohes&#8220; bzw. &#8222;ziemlich hohes&#8220; Vertrauen zur Feuerwehr. Das ergab eine Umfrage des Verlags- und Direktmarketingunternehmens Reader&#8217;s Digest, die in 18 L\u00e4ndern Europas durchgef\u00fchrt wurde.Krankenschwestern und Piloten landeten auf den Pl\u00e4tzen 2 und 3. Wir, die Angeh\u00f6rigen der Feuerwehr, k\u00f6nnen \u00fcberaus stolz sein [&hellip;]","og_url":"https:\/\/www.feuerwehr-halberstadt.de\/?p=7382","og_site_name":"Feuerwehr Halberstadt","article_publisher":"https:\/\/www.facebook.com\/FeuerwehrHalberstadt\/","article_published_time":"2003-07-11T00:00:00+00:00","article_modified_time":"2020-06-11T09:09:03+00:00","og_image":[{"width":444,"height":409,"url":"https:\/\/www.feuerwehr-halberstadt.de\/wp-content\/uploads\/2023\/09\/cropped-Feuerwehr_HBS_Logo-removebg-preview-1.png","type":"image\/png"}],"author":"Import","twitter_card":"summary_large_image","twitter_misc":{"Verfasst von":"Import","Gesch\u00e4tzte Lesezeit":"4\u00a0Minuten"},"schema":{"@context":"https:\/\/schema.org","@graph":[{"@type":"Article","@id":"https:\/\/www.feuerwehr-halberstadt.de\/?p=7382#article","isPartOf":{"@id":"https:\/\/www.feuerwehr-halberstadt.de\/?p=7382"},"author":{"name":"Import","@id":"https:\/\/www.feuerwehr-halberstadt.de\/#\/schema\/person\/9e94fca00b357cae16a4a5cdfc9aa4c2"},"headline":"Feuerwehrleute genie\u00dfen gro\u00dfes Vertrauen","datePublished":"2003-07-11T00:00:00+00:00","dateModified":"2020-06-11T09:09:03+00:00","mainEntityOfPage":{"@id":"https:\/\/www.feuerwehr-halberstadt.de\/?p=7382"},"wordCount":733,"publisher":{"@id":"https:\/\/www.feuerwehr-halberstadt.de\/#organization"},"articleSection":["Archiv"],"inLanguage":"de"},{"@type":"WebPage","@id":"https:\/\/www.feuerwehr-halberstadt.de\/?p=7382","url":"https:\/\/www.feuerwehr-halberstadt.de\/?p=7382","name":"Feuerwehrleute genie\u00dfen gro\u00dfes Vertrauen - Feuerwehr Halberstadt","isPartOf":{"@id":"https:\/\/www.feuerwehr-halberstadt.de\/#website"},"datePublished":"2003-07-11T00:00:00+00:00","dateModified":"2020-06-11T09:09:03+00:00","breadcrumb":{"@id":"https:\/\/www.feuerwehr-halberstadt.de\/?p=7382#breadcrumb"},"inLanguage":"de","potentialAction":[{"@type":"ReadAction","target":["https:\/\/www.feuerwehr-halberstadt.de\/?p=7382"]}]},{"@type":"BreadcrumbList","@id":"https:\/\/www.feuerwehr-halberstadt.de\/?p=7382#breadcrumb","itemListElement":[{"@type":"ListItem","position":1,"name":"Startseite","item":"https:\/\/www.feuerwehr-halberstadt.de\/"},{"@type":"ListItem","position":2,"name":"Feuerwehrleute genie\u00dfen gro\u00dfes Vertrauen"}]},{"@type":"WebSite","@id":"https:\/\/www.feuerwehr-halberstadt.de\/#website","url":"https:\/\/www.feuerwehr-halberstadt.de\/","name":"Feuerwehr Halberstadt","description":"#imEinsatzf\u00fcrHalberstadt","publisher":{"@id":"https:\/\/www.feuerwehr-halberstadt.de\/#organization"},"potentialAction":[{"@type":"SearchAction","target":{"@type":"EntryPoint","urlTemplate":"https:\/\/www.feuerwehr-halberstadt.de\/?s={search_term_string}"},"query-input":{"@type":"PropertyValueSpecification","valueRequired":true,"valueName":"search_term_string"}}],"inLanguage":"de"},{"@type":"Organization","@id":"https:\/\/www.feuerwehr-halberstadt.de\/#organization","name":"Feuerwehr Halberstadt","url":"https:\/\/www.feuerwehr-halberstadt.de\/","logo":{"@type":"ImageObject","inLanguage":"de","@id":"https:\/\/www.feuerwehr-halberstadt.de\/#\/schema\/logo\/image\/","url":"https:\/\/www.feuerwehr-halberstadt.de\/wp-content\/uploads\/2023\/10\/IMG_0126.png","contentUrl":"https:\/\/www.feuerwehr-halberstadt.de\/wp-content\/uploads\/2023\/10\/IMG_0126.png","width":1500,"height":399,"caption":"Feuerwehr Halberstadt"},"image":{"@id":"https:\/\/www.feuerwehr-halberstadt.de\/#\/schema\/logo\/image\/"},"sameAs":["https:\/\/www.facebook.com\/FeuerwehrHalberstadt\/"]},{"@type":"Person","@id":"https:\/\/www.feuerwehr-halberstadt.de\/#\/schema\/person\/9e94fca00b357cae16a4a5cdfc9aa4c2","name":"Import","image":{"@type":"ImageObject","inLanguage":"de","@id":"https:\/\/secure.gravatar.com\/avatar\/7e6ea62ad413e64265919670246b2992f4d15ca38b994c27298b63a588dd8ba8?s=96&d=mm&r=g","url":"https:\/\/secure.gravatar.com\/avatar\/7e6ea62ad413e64265919670246b2992f4d15ca38b994c27298b63a588dd8ba8?s=96&d=mm&r=g","contentUrl":"https:\/\/secure.gravatar.com\/avatar\/7e6ea62ad413e64265919670246b2992f4d15ca38b994c27298b63a588dd8ba8?s=96&d=mm&r=g","caption":"Import"},"url":"https:\/\/www.feuerwehr-halberstadt.de\/?author=6"}]}},"_links":{"self":[{"href":"https:\/\/www.feuerwehr-halberstadt.de\/index.php?rest_route=\/wp\/v2\/posts\/7382","targetHints":{"allow":["GET"]}}],"collection":[{"href":"https:\/\/www.feuerwehr-halberstadt.de\/index.php?rest_route=\/wp\/v2\/posts"}],"about":[{"href":"https:\/\/www.feuerwehr-halberstadt.de\/index.php?rest_route=\/wp\/v2\/types\/post"}],"author":[{"embeddable":true,"href":"https:\/\/www.feuerwehr-halberstadt.de\/index.php?rest_route=\/wp\/v2\/users\/6"}],"replies":[{"embeddable":true,"href":"https:\/\/www.feuerwehr-halberstadt.de\/index.php?rest_route=%2Fwp%2Fv2%2Fcomments&post=7382"}],"version-history":[{"count":1,"href":"https:\/\/www.feuerwehr-halberstadt.de\/index.php?rest_route=\/wp\/v2\/posts\/7382\/revisions"}],"predecessor-version":[{"id":10678,"href":"https:\/\/www.feuerwehr-halberstadt.de\/index.php?rest_route=\/wp\/v2\/posts\/7382\/revisions\/10678"}],"wp:attachment":[{"href":"https:\/\/www.feuerwehr-halberstadt.de\/index.php?rest_route=%2Fwp%2Fv2%2Fmedia&parent=7382"}],"wp:term":[{"taxonomy":"category","embeddable":true,"href":"https:\/\/www.feuerwehr-halberstadt.de\/index.php?rest_route=%2Fwp%2Fv2%2Fcategories&post=7382"},{"taxonomy":"post_tag","embeddable":true,"href":"https:\/\/www.feuerwehr-halberstadt.de\/index.php?rest_route=%2Fwp%2Fv2%2Ftags&post=7382"}],"curies":[{"name":"wp","href":"https:\/\/api.w.org\/{rel}","templated":true}]}}