{"id":7379,"date":"2003-06-21T00:00:00","date_gmt":"2003-06-21T00:00:00","guid":{"rendered":"http:\/\/relaunch.feuerwehr-halberstadt.de-Test\/?p=7379"},"modified":"2020-06-11T11:10:56","modified_gmt":"2020-06-11T09:10:56","slug":"tag-der-offenen-tuer-2003","status":"publish","type":"post","link":"https:\/\/www.feuerwehr-halberstadt.de\/?p=7379","title":{"rendered":"Tag der offenen T\u00fcr 2003"},"content":{"rendered":"<p class=\"info\">21.06.2003  <\/p>\n<p>Allj\u00e4hrlich l\u00e4dt die Halberst\u00e4dter Feuerwehr zu einem Tag der offenen T\u00fcr ein. Doch am Sonnabend gab es auch eine Premiere: Erstmals wurden die G\u00e4ste durch die Geb\u00e4ude der Feuerwache gef\u00fchrt. &#8222;Wir wurden schon \u00f6fter aus der Bev\u00f6lkerung nach einer F\u00fchrung gefragt&#8220;, sagte Thomas Dittmer, der Leiter der Freiwilligen Feuerwehr, die auch diesmal den Hut f\u00fcr die Organisation des Tages auf hatte. Und so begab sich eine gr\u00f6\u00dfere Gruppe auf den Rundgang. Die Stadt hat in den vergangenen Jahren viel in die Feuerwehrgeb\u00e4ude und -technik investiert. 14 Fahrzeuge stehen f\u00fcr Eins\u00e4tze bereit &#8211; vom Pkw bis zur modernen Drehleiter. Au\u00dferdem h\u00e4lt die Stadt freiwillig eine 21-k\u00f6pfige hauptamtliche Wachmannschaft vor. Aber auf die freiwilligen Feuerwehrkr\u00e4fte kann niemand verzichten angesichts der 1000 Eins\u00e4tze im Jahr, wei\u00df Dittmer. Die Freiwilligen sind bei etwa 70 Eins\u00e4tzen dabei, also rein statistisch ein bis zweimal pro Woche. Doch vor diesem Hintergrund dr\u00fccken Nachwuchssorgen. Denn mit 37 aktiven Einsatzkr\u00e4ften ist die Freiwillige unterhalb der Mindestverordnung von 42 Leuten. &#8222;Unsere Leute sind ganz sch\u00f6n belastet.&#8220; Die Wehrleitung w\u00fcrde die Arbeit gern auf breitere Schultern verteilen. So dient dieser Tag der offenen T\u00fcr allj\u00e4hrlich der Werbung f\u00fcr die Feuerwehr. Doch wei\u00df man, dass es eher die Ausnahme ist, dass sich ein 25 j\u00e4hriger als Neuling bei der Feuerwehr anmeldet. Also bleibt vor allem der Weg, die Kinder an die Feuerwehr heranzuf\u00fchren. 30 M\u00e4dchen und Jungen z\u00e4hlt die Jugendwehr. Und nach solch einem Tag der offenen T\u00fcr melden sich immer mal wieder einige an, &#8222;Die meisten unserer Mitglieder, die heute zwischen 20 und 30 Jahre alt sind, haben mit der Gr\u00fcndung der Jugendwehr angefangen&#8220;, sagte Dittmer. Die Probleme freilich treten auf, wenn die Jugendlichen von der Jugendwehr in die aktiven Dienst treten k\u00f6nnten. Viele ziehen weg, weil es hier nicht gen\u00fcgend Lehrstellen gibt. Die Angebote am Sonnabend richteten sich somit vor allem an die Kinder. Beliebt wie eh und je waren die kleinen Stadtrundfahrten mit dem L\u00f6schauto. Mit der K\u00fcbelspritze wurde Feuer gel\u00f6scht, und wer wollte, konnte sich mal ans Steuer eines L\u00f6sch-Trucks oder der Drehleiter setzen. Am Abend gab es den traditionellen Lampionumzug, angef\u00fchrt diesmal vom Spielmannszug aus Langenstein. Sorgen, dass im Notfall die Einsatzkr\u00e4fte fehlen, muss man sich indes wohl noch nicht machen. &#8222;Bisher hat immer alles geklappt, Das ist dem Engagement der Kameraden zu verdanken&#8220;, sagte Dittmer. Froh und dankbar ist er, dass die Arbeitgeber der freiwilligen Feuerwehrleute dieses Engagement unterst\u00fctzen. Wer im Erwachsenenalter ist und vielleicht Interesse an einer Mitarbeit bei der Halberst\u00e4dter Feuerwehr hat, ist dienstags ab 19 Uhr zum Dienstabend gern gesehen, sagte Thomas Dittmer. &#8222;Man kann sich ja erst mal alles ansehen.&#8220;<\/p>\n<hr \/>\n<p><em>Zum Vergr\u00f6\u00dfern auf die Vorschaubilder klicken.<\/em><\/p>\n<ul>\n<li class=\"col_0 col_first\">      <a href=\"files\/feuerwehr-halberstadt\/content\/bilder\/2003\/191.jpg\" data-lightbox=\"lb249\" title=\"Das H\u00f6chste bei der Feuerwehr. Die Drehleiter k\u00fcndet vom Tag der offenen T\u00fcr.brFoto: Feuerwehr Halberstadtbr\"><img loading=\"lazy\" decoding=\"async\" src=\"assets\/images\/5\/191-729b5ea5.jpg\" width=\"120\" height=\"80\" alt=\"Das H\u00f6chste bei der Feuerwehr. Die Drehleiter k\u00fcndet vom Tag der offenen T\u00fcr.brFoto: Feuerwehr Halberstadtbr\"><\/a>    <\/li>\n<li class=\"col_1\">      <a href=\"files\/feuerwehr-halberstadt\/content\/bilder\/2003\/192.jpg\" data-lightbox=\"lb249\" title=\"Gut besucht war auch der Info-Stand des Feuerwehr-F\u00f6rdervereins &quot;Sankt Florian&quot; Halberstadt e.V.brFoto: Feuerwehr Halberstadtbr\"><img loading=\"lazy\" decoding=\"async\" src=\"assets\/images\/a\/192-56ce89ea.jpg\" width=\"120\" height=\"80\" alt=\"Gut besucht war auch der Info-Stand des Feuerwehr-F\u00f6rdervereins &quot;Sankt Florian&quot; Halberstadt e.V.brFoto: Feuerwehr Halberstadtbr\"><\/a>    <\/li>\n<li class=\"col_2\">      <a href=\"files\/feuerwehr-halberstadt\/content\/bilder\/2003\/193.jpg\" data-lightbox=\"lb249\" title=\"Mit der K\u00fcbelspritze versuchten selbst die Kleinsten die B\u00fcchsenpyramiden abzur\u00e4umen.brFoto: Feuerwehr Halberstadtbr\"><img loading=\"lazy\" decoding=\"async\" src=\"assets\/images\/b\/193-069b800b.jpg\" width=\"120\" height=\"80\" alt=\"Mit der K\u00fcbelspritze versuchten selbst die Kleinsten die B\u00fcchsenpyramiden abzur\u00e4umen.brFoto: Feuerwehr Halberstadtbr\"><\/a>    <\/li>\n<li class=\"col_3\">      <a href=\"files\/feuerwehr-halberstadt\/content\/bilder\/2003\/194.jpg\" data-lightbox=\"lb249\" title=\"Mit der hauseigenen Gulaschkanone wurde f\u00fcr das leibliche Wohl gesorgt.brFoto: Feuerwehr Halberstadtbr\"><img loading=\"lazy\" decoding=\"async\" src=\"assets\/images\/4\/194-fa137e44.jpg\" width=\"120\" height=\"80\" alt=\"Mit der hauseigenen Gulaschkanone wurde f\u00fcr das leibliche Wohl gesorgt.brFoto: Feuerwehr Halberstadtbr\"><\/a>    <\/li>\n<li class=\"col_4 col_last\">      <a href=\"files\/feuerwehr-halberstadt\/content\/bilder\/2003\/195.jpg\" data-lightbox=\"lb249\" title=\"Angef\u00fchrt vom Spielmannszug aus Langenstein, setzte sich um 19.20 Uhr der Fackel- und Lampionzug in Bewegung.brFoto: Feuerwehr Halberstadtbr\"><img loading=\"lazy\" decoding=\"async\" src=\"assets\/images\/4\/195-3bb1d524.jpg\" width=\"120\" height=\"80\" alt=\"Angef\u00fchrt vom Spielmannszug aus Langenstein, setzte sich um 19.20 Uhr der Fackel- und Lampionzug in Bewegung.brFoto: Feuerwehr Halberstadtbr\"><\/a>    <\/li>\n<li class=\"col_0 col_first\">      <a href=\"files\/feuerwehr-halberstadt\/content\/bilder\/2003\/196.jpg\" data-lightbox=\"lb249\" title=\"Der mittlerweile schon traditionelle Lampionzug erfreute sich wieder gro\u00dfer Beliebtheit. Und das nicht nur bei den Kleinsten.brFoto: Feuerwehr Halberstadtbr\"><img loading=\"lazy\" decoding=\"async\" src=\"assets\/images\/9\/196-91759449.jpg\" width=\"120\" height=\"80\" alt=\"Der mittlerweile schon traditionelle Lampionzug erfreute sich wieder gro\u00dfer Beliebtheit. Und das nicht nur bei den Kleinsten.brFoto: Feuerwehr Halberstadtbr\"><\/a>    <\/li>\n<\/ul>\n","protected":false},"excerpt":{"rendered":"<p>21.06.2003 Allj\u00e4hrlich l\u00e4dt die Halberst\u00e4dter Feuerwehr zu einem Tag der offenen T\u00fcr ein. Doch am Sonnabend gab es auch eine Premiere: Erstmals wurden die G\u00e4ste durch die Geb\u00e4ude der Feuerwache gef\u00fchrt. &#8222;Wir wurden schon \u00f6fter aus der Bev\u00f6lkerung nach einer F\u00fchrung gefragt&#8220;, sagte Thomas Dittmer, der Leiter der Freiwilligen Feuerwehr, die auch diesmal den Hut [&hellip;]<\/p>\n","protected":false},"author":6,"featured_media":0,"comment_status":"closed","ping_status":"closed","sticky":false,"template":"","format":"standard","meta":{"_acf_changed":false,"footnotes":""},"categories":[15],"tags":[],"class_list":["post-7379","post","type-post","status-publish","format-standard","hentry","category-archiv"],"acf":[],"yoast_head":"<!-- This site is optimized with the Yoast SEO plugin v27.5 - https:\/\/yoast.com\/product\/yoast-seo-wordpress\/ -->\n<title>Tag der offenen T\u00fcr 2003 - Feuerwehr Halberstadt<\/title>\n<meta name=\"robots\" content=\"index, follow, max-snippet:-1, max-image-preview:large, max-video-preview:-1\" \/>\n<link rel=\"canonical\" href=\"https:\/\/www.feuerwehr-halberstadt.de\/?p=7379\" \/>\n<meta property=\"og:locale\" content=\"de_DE\" \/>\n<meta property=\"og:type\" content=\"article\" \/>\n<meta property=\"og:title\" content=\"Tag der offenen T\u00fcr 2003 - Feuerwehr Halberstadt\" \/>\n<meta property=\"og:description\" content=\"21.06.2003 Allj\u00e4hrlich l\u00e4dt die Halberst\u00e4dter Feuerwehr zu einem Tag der offenen T\u00fcr ein. Doch am Sonnabend gab es auch eine Premiere: Erstmals wurden die G\u00e4ste durch die Geb\u00e4ude der Feuerwache gef\u00fchrt. &#8222;Wir wurden schon \u00f6fter aus der Bev\u00f6lkerung nach einer F\u00fchrung gefragt&#8220;, sagte Thomas Dittmer, der Leiter der Freiwilligen Feuerwehr, die auch diesmal den Hut [&hellip;]\" \/>\n<meta property=\"og:url\" content=\"https:\/\/www.feuerwehr-halberstadt.de\/?p=7379\" \/>\n<meta property=\"og:site_name\" content=\"Feuerwehr Halberstadt\" \/>\n<meta property=\"article:publisher\" content=\"https:\/\/www.facebook.com\/FeuerwehrHalberstadt\/\" \/>\n<meta property=\"article:published_time\" content=\"2003-06-21T00:00:00+00:00\" \/>\n<meta property=\"article:modified_time\" content=\"2020-06-11T09:10:56+00:00\" \/>\n<meta property=\"og:image\" content=\"https:\/\/www.feuerwehr-halberstadt.de\/wp-content\/uploads\/2023\/09\/cropped-Feuerwehr_HBS_Logo-removebg-preview-1.png\" \/>\n\t<meta property=\"og:image:width\" content=\"444\" \/>\n\t<meta property=\"og:image:height\" content=\"409\" \/>\n\t<meta property=\"og:image:type\" content=\"image\/png\" \/>\n<meta name=\"author\" content=\"Import\" \/>\n<meta name=\"twitter:card\" content=\"summary_large_image\" \/>\n<meta name=\"twitter:label1\" content=\"Verfasst von\" \/>\n\t<meta name=\"twitter:data1\" content=\"Import\" \/>\n\t<meta name=\"twitter:label2\" content=\"Gesch\u00e4tzte Lesezeit\" \/>\n\t<meta name=\"twitter:data2\" content=\"2\u00a0Minuten\" \/>\n<script type=\"application\/ld+json\" class=\"yoast-schema-graph\">{\"@context\":\"https:\\\/\\\/schema.org\",\"@graph\":[{\"@type\":\"Article\",\"@id\":\"https:\\\/\\\/www.feuerwehr-halberstadt.de\\\/?p=7379#article\",\"isPartOf\":{\"@id\":\"https:\\\/\\\/www.feuerwehr-halberstadt.de\\\/?p=7379\"},\"author\":{\"name\":\"Import\",\"@id\":\"https:\\\/\\\/www.feuerwehr-halberstadt.de\\\/#\\\/schema\\\/person\\\/9e94fca00b357cae16a4a5cdfc9aa4c2\"},\"headline\":\"Tag der offenen T\u00fcr 2003\",\"datePublished\":\"2003-06-21T00:00:00+00:00\",\"dateModified\":\"2020-06-11T09:10:56+00:00\",\"mainEntityOfPage\":{\"@id\":\"https:\\\/\\\/www.feuerwehr-halberstadt.de\\\/?p=7379\"},\"wordCount\":473,\"publisher\":{\"@id\":\"https:\\\/\\\/www.feuerwehr-halberstadt.de\\\/#organization\"},\"articleSection\":[\"Archiv\"],\"inLanguage\":\"de\"},{\"@type\":\"WebPage\",\"@id\":\"https:\\\/\\\/www.feuerwehr-halberstadt.de\\\/?p=7379\",\"url\":\"https:\\\/\\\/www.feuerwehr-halberstadt.de\\\/?p=7379\",\"name\":\"Tag der offenen T\u00fcr 2003 - Feuerwehr Halberstadt\",\"isPartOf\":{\"@id\":\"https:\\\/\\\/www.feuerwehr-halberstadt.de\\\/#website\"},\"datePublished\":\"2003-06-21T00:00:00+00:00\",\"dateModified\":\"2020-06-11T09:10:56+00:00\",\"breadcrumb\":{\"@id\":\"https:\\\/\\\/www.feuerwehr-halberstadt.de\\\/?p=7379#breadcrumb\"},\"inLanguage\":\"de\",\"potentialAction\":[{\"@type\":\"ReadAction\",\"target\":[\"https:\\\/\\\/www.feuerwehr-halberstadt.de\\\/?p=7379\"]}]},{\"@type\":\"BreadcrumbList\",\"@id\":\"https:\\\/\\\/www.feuerwehr-halberstadt.de\\\/?p=7379#breadcrumb\",\"itemListElement\":[{\"@type\":\"ListItem\",\"position\":1,\"name\":\"Startseite\",\"item\":\"https:\\\/\\\/www.feuerwehr-halberstadt.de\\\/\"},{\"@type\":\"ListItem\",\"position\":2,\"name\":\"Tag der offenen T\u00fcr 2003\"}]},{\"@type\":\"WebSite\",\"@id\":\"https:\\\/\\\/www.feuerwehr-halberstadt.de\\\/#website\",\"url\":\"https:\\\/\\\/www.feuerwehr-halberstadt.de\\\/\",\"name\":\"Feuerwehr Halberstadt\",\"description\":\"#imEinsatzf\u00fcrHalberstadt\",\"publisher\":{\"@id\":\"https:\\\/\\\/www.feuerwehr-halberstadt.de\\\/#organization\"},\"potentialAction\":[{\"@type\":\"SearchAction\",\"target\":{\"@type\":\"EntryPoint\",\"urlTemplate\":\"https:\\\/\\\/www.feuerwehr-halberstadt.de\\\/?s={search_term_string}\"},\"query-input\":{\"@type\":\"PropertyValueSpecification\",\"valueRequired\":true,\"valueName\":\"search_term_string\"}}],\"inLanguage\":\"de\"},{\"@type\":\"Organization\",\"@id\":\"https:\\\/\\\/www.feuerwehr-halberstadt.de\\\/#organization\",\"name\":\"Feuerwehr Halberstadt\",\"url\":\"https:\\\/\\\/www.feuerwehr-halberstadt.de\\\/\",\"logo\":{\"@type\":\"ImageObject\",\"inLanguage\":\"de\",\"@id\":\"https:\\\/\\\/www.feuerwehr-halberstadt.de\\\/#\\\/schema\\\/logo\\\/image\\\/\",\"url\":\"https:\\\/\\\/www.feuerwehr-halberstadt.de\\\/wp-content\\\/uploads\\\/2023\\\/10\\\/IMG_0126.png\",\"contentUrl\":\"https:\\\/\\\/www.feuerwehr-halberstadt.de\\\/wp-content\\\/uploads\\\/2023\\\/10\\\/IMG_0126.png\",\"width\":1500,\"height\":399,\"caption\":\"Feuerwehr Halberstadt\"},\"image\":{\"@id\":\"https:\\\/\\\/www.feuerwehr-halberstadt.de\\\/#\\\/schema\\\/logo\\\/image\\\/\"},\"sameAs\":[\"https:\\\/\\\/www.facebook.com\\\/FeuerwehrHalberstadt\\\/\"]},{\"@type\":\"Person\",\"@id\":\"https:\\\/\\\/www.feuerwehr-halberstadt.de\\\/#\\\/schema\\\/person\\\/9e94fca00b357cae16a4a5cdfc9aa4c2\",\"name\":\"Import\",\"image\":{\"@type\":\"ImageObject\",\"inLanguage\":\"de\",\"@id\":\"https:\\\/\\\/secure.gravatar.com\\\/avatar\\\/7e6ea62ad413e64265919670246b2992f4d15ca38b994c27298b63a588dd8ba8?s=96&d=mm&r=g\",\"url\":\"https:\\\/\\\/secure.gravatar.com\\\/avatar\\\/7e6ea62ad413e64265919670246b2992f4d15ca38b994c27298b63a588dd8ba8?s=96&d=mm&r=g\",\"contentUrl\":\"https:\\\/\\\/secure.gravatar.com\\\/avatar\\\/7e6ea62ad413e64265919670246b2992f4d15ca38b994c27298b63a588dd8ba8?s=96&d=mm&r=g\",\"caption\":\"Import\"},\"url\":\"https:\\\/\\\/www.feuerwehr-halberstadt.de\\\/?author=6\"}]}<\/script>\n<!-- \/ Yoast SEO plugin. -->","yoast_head_json":{"title":"Tag der offenen T\u00fcr 2003 - Feuerwehr Halberstadt","robots":{"index":"index","follow":"follow","max-snippet":"max-snippet:-1","max-image-preview":"max-image-preview:large","max-video-preview":"max-video-preview:-1"},"canonical":"https:\/\/www.feuerwehr-halberstadt.de\/?p=7379","og_locale":"de_DE","og_type":"article","og_title":"Tag der offenen T\u00fcr 2003 - Feuerwehr Halberstadt","og_description":"21.06.2003 Allj\u00e4hrlich l\u00e4dt die Halberst\u00e4dter Feuerwehr zu einem Tag der offenen T\u00fcr ein. Doch am Sonnabend gab es auch eine Premiere: Erstmals wurden die G\u00e4ste durch die Geb\u00e4ude der Feuerwache gef\u00fchrt. &#8222;Wir wurden schon \u00f6fter aus der Bev\u00f6lkerung nach einer F\u00fchrung gefragt&#8220;, sagte Thomas Dittmer, der Leiter der Freiwilligen Feuerwehr, die auch diesmal den Hut [&hellip;]","og_url":"https:\/\/www.feuerwehr-halberstadt.de\/?p=7379","og_site_name":"Feuerwehr Halberstadt","article_publisher":"https:\/\/www.facebook.com\/FeuerwehrHalberstadt\/","article_published_time":"2003-06-21T00:00:00+00:00","article_modified_time":"2020-06-11T09:10:56+00:00","og_image":[{"width":444,"height":409,"url":"https:\/\/www.feuerwehr-halberstadt.de\/wp-content\/uploads\/2023\/09\/cropped-Feuerwehr_HBS_Logo-removebg-preview-1.png","type":"image\/png"}],"author":"Import","twitter_card":"summary_large_image","twitter_misc":{"Verfasst von":"Import","Gesch\u00e4tzte Lesezeit":"2\u00a0Minuten"},"schema":{"@context":"https:\/\/schema.org","@graph":[{"@type":"Article","@id":"https:\/\/www.feuerwehr-halberstadt.de\/?p=7379#article","isPartOf":{"@id":"https:\/\/www.feuerwehr-halberstadt.de\/?p=7379"},"author":{"name":"Import","@id":"https:\/\/www.feuerwehr-halberstadt.de\/#\/schema\/person\/9e94fca00b357cae16a4a5cdfc9aa4c2"},"headline":"Tag der offenen T\u00fcr 2003","datePublished":"2003-06-21T00:00:00+00:00","dateModified":"2020-06-11T09:10:56+00:00","mainEntityOfPage":{"@id":"https:\/\/www.feuerwehr-halberstadt.de\/?p=7379"},"wordCount":473,"publisher":{"@id":"https:\/\/www.feuerwehr-halberstadt.de\/#organization"},"articleSection":["Archiv"],"inLanguage":"de"},{"@type":"WebPage","@id":"https:\/\/www.feuerwehr-halberstadt.de\/?p=7379","url":"https:\/\/www.feuerwehr-halberstadt.de\/?p=7379","name":"Tag der offenen T\u00fcr 2003 - Feuerwehr Halberstadt","isPartOf":{"@id":"https:\/\/www.feuerwehr-halberstadt.de\/#website"},"datePublished":"2003-06-21T00:00:00+00:00","dateModified":"2020-06-11T09:10:56+00:00","breadcrumb":{"@id":"https:\/\/www.feuerwehr-halberstadt.de\/?p=7379#breadcrumb"},"inLanguage":"de","potentialAction":[{"@type":"ReadAction","target":["https:\/\/www.feuerwehr-halberstadt.de\/?p=7379"]}]},{"@type":"BreadcrumbList","@id":"https:\/\/www.feuerwehr-halberstadt.de\/?p=7379#breadcrumb","itemListElement":[{"@type":"ListItem","position":1,"name":"Startseite","item":"https:\/\/www.feuerwehr-halberstadt.de\/"},{"@type":"ListItem","position":2,"name":"Tag der offenen T\u00fcr 2003"}]},{"@type":"WebSite","@id":"https:\/\/www.feuerwehr-halberstadt.de\/#website","url":"https:\/\/www.feuerwehr-halberstadt.de\/","name":"Feuerwehr Halberstadt","description":"#imEinsatzf\u00fcrHalberstadt","publisher":{"@id":"https:\/\/www.feuerwehr-halberstadt.de\/#organization"},"potentialAction":[{"@type":"SearchAction","target":{"@type":"EntryPoint","urlTemplate":"https:\/\/www.feuerwehr-halberstadt.de\/?s={search_term_string}"},"query-input":{"@type":"PropertyValueSpecification","valueRequired":true,"valueName":"search_term_string"}}],"inLanguage":"de"},{"@type":"Organization","@id":"https:\/\/www.feuerwehr-halberstadt.de\/#organization","name":"Feuerwehr Halberstadt","url":"https:\/\/www.feuerwehr-halberstadt.de\/","logo":{"@type":"ImageObject","inLanguage":"de","@id":"https:\/\/www.feuerwehr-halberstadt.de\/#\/schema\/logo\/image\/","url":"https:\/\/www.feuerwehr-halberstadt.de\/wp-content\/uploads\/2023\/10\/IMG_0126.png","contentUrl":"https:\/\/www.feuerwehr-halberstadt.de\/wp-content\/uploads\/2023\/10\/IMG_0126.png","width":1500,"height":399,"caption":"Feuerwehr Halberstadt"},"image":{"@id":"https:\/\/www.feuerwehr-halberstadt.de\/#\/schema\/logo\/image\/"},"sameAs":["https:\/\/www.facebook.com\/FeuerwehrHalberstadt\/"]},{"@type":"Person","@id":"https:\/\/www.feuerwehr-halberstadt.de\/#\/schema\/person\/9e94fca00b357cae16a4a5cdfc9aa4c2","name":"Import","image":{"@type":"ImageObject","inLanguage":"de","@id":"https:\/\/secure.gravatar.com\/avatar\/7e6ea62ad413e64265919670246b2992f4d15ca38b994c27298b63a588dd8ba8?s=96&d=mm&r=g","url":"https:\/\/secure.gravatar.com\/avatar\/7e6ea62ad413e64265919670246b2992f4d15ca38b994c27298b63a588dd8ba8?s=96&d=mm&r=g","contentUrl":"https:\/\/secure.gravatar.com\/avatar\/7e6ea62ad413e64265919670246b2992f4d15ca38b994c27298b63a588dd8ba8?s=96&d=mm&r=g","caption":"Import"},"url":"https:\/\/www.feuerwehr-halberstadt.de\/?author=6"}]}},"_links":{"self":[{"href":"https:\/\/www.feuerwehr-halberstadt.de\/index.php?rest_route=\/wp\/v2\/posts\/7379","targetHints":{"allow":["GET"]}}],"collection":[{"href":"https:\/\/www.feuerwehr-halberstadt.de\/index.php?rest_route=\/wp\/v2\/posts"}],"about":[{"href":"https:\/\/www.feuerwehr-halberstadt.de\/index.php?rest_route=\/wp\/v2\/types\/post"}],"author":[{"embeddable":true,"href":"https:\/\/www.feuerwehr-halberstadt.de\/index.php?rest_route=\/wp\/v2\/users\/6"}],"replies":[{"embeddable":true,"href":"https:\/\/www.feuerwehr-halberstadt.de\/index.php?rest_route=%2Fwp%2Fv2%2Fcomments&post=7379"}],"version-history":[{"count":1,"href":"https:\/\/www.feuerwehr-halberstadt.de\/index.php?rest_route=\/wp\/v2\/posts\/7379\/revisions"}],"predecessor-version":[{"id":10890,"href":"https:\/\/www.feuerwehr-halberstadt.de\/index.php?rest_route=\/wp\/v2\/posts\/7379\/revisions\/10890"}],"wp:attachment":[{"href":"https:\/\/www.feuerwehr-halberstadt.de\/index.php?rest_route=%2Fwp%2Fv2%2Fmedia&parent=7379"}],"wp:term":[{"taxonomy":"category","embeddable":true,"href":"https:\/\/www.feuerwehr-halberstadt.de\/index.php?rest_route=%2Fwp%2Fv2%2Fcategories&post=7379"},{"taxonomy":"post_tag","embeddable":true,"href":"https:\/\/www.feuerwehr-halberstadt.de\/index.php?rest_route=%2Fwp%2Fv2%2Ftags&post=7379"}],"curies":[{"name":"wp","href":"https:\/\/api.w.org\/{rel}","templated":true}]}}