{"id":523,"date":"2017-03-18T19:03:25","date_gmt":"2017-03-18T18:03:25","guid":{"rendered":"http:\/\/relaunch.feuerwehr-halberstadt.de\/?p=523"},"modified":"2020-06-11T11:07:17","modified_gmt":"2020-06-11T09:07:17","slug":"spezialgruppen-der-stadtfeuerwehr-bilden-sich-fort","status":"publish","type":"post","link":"https:\/\/www.feuerwehr-halberstadt.de\/?p=523","title":{"rendered":"Spezialgruppen der Stadtfeuerwehr bilden sich fort"},"content":{"rendered":"\n<p>Manche Kameraden aus den verschiedensten Ortswehren sind Teil einer speziellen Einsatzgruppe, welche bei Gro\u00dfschadenslagen alarmiert wird. <\/p>\n\n\n\n<!--more-->\n\n\n\n<p>So gibt es eine Einheit f\u00fcr den Einsatz mit Gef\u00e4hrlichen Stoffen und G\u00fctern (GSG) und eine Verpflegungsgruppe. Diese wird bei l\u00e4ngeren und gr\u00f6\u00dferen Eins\u00e4tzen aktiviert. Die beiden Einheiten befinden sich momentan im Aufbau, was ein regelm\u00e4\u00dfiges \u00fcben, fortbilden und trainieren unabdinglich macht. Als besonders aufw\u00e4ndig ist hierbei der Bereich GSG zu werten.<\/p>\n\n\n\n<p>Die Verpflegungseinheit ist zwar schon l\u00e4nger existent, dennoch hat die Vergangenheit gezeigt, dass sich die tats\u00e4chliche Umsetzung als problematisch darstellt. Die Einheit setzte sich aus Kameraden zusammen, welche auch im aktiven Einsatzdienst stehen. Kommt es zu einem gr\u00f6\u00dferen Schadensereignis, in welchem mitunter die ganze Stadtwehr f\u00fcr mehrere Stunden im Einsatz ist und die Einsatzkr\u00e4fte mit k\u00fchlen \/ warmen Getr\u00e4nken und fester Nahrung versorgt werden m\u00fcssen, wird die Verpflegung aktiviert. Da die Kameraden die sich bisher um die Verpflegung gek\u00fcmmert haben, selbst im Einsatz gebunden waren, stellte sich diese Aufgabe als schwierig dar. Die Einsatzkr\u00e4fte fehlten entweder an der Einsatzstelle oder bei der logistischen Umsetzung der Verpflegung. Besonders bei der immer d\u00fcnner werdenden Personaldecke war dieses System nicht mehr tragbar. Besonders auff\u00e4llig war dies bei dem Waldbrand im vergangenen Jahr. Hier mussten die Kameraden \u00fcber mehrere Tage verpflegt werden. Die Erkenntnis der fehlenden Einsatzkr\u00e4fte regte zum nachdenken an und es musste ein neues Konzept erstellt werden. Seit Anfang diesen Jahres \u00fcbernehmen B\u00fcrgerinnen und B\u00fcrger aus mehreren Ortsteilen diese wichtige Aufgabe. Es sind Menschen welche sich gern in die Feuerwehr einbringen w\u00fcrden, sich jedoch aus den verschiedensten Gr\u00fcnden selbst nicht in der Lage f\u00fchlen das Einsatzgeschehen zu bewerkstelligen. Diese B\u00fcrgerinnen und B\u00fcrger \u00fcbernehmen nun die Verpflegung. F\u00fcr die Feuerwehr ist dies ein gro\u00dfer Gewinn und eine gewaltige Entlastung aller Beteiligten. Nun kann der Verpflegungszug alarmiert werden, ohne dass Einsatzkr\u00e4fte von der Einsatzstelle abgezogen werden m\u00fcssen. Es ist eine logistische Aufgabe die meist hinter den Kulissen stattfindet, jedoch \u00e4ndert das auf keinem Fall etwas an der Wichtigkeit dieser. Denn wie sagt man so sch\u00f6n &#8211; ohne Mampf, kein Kampf!! Stellt man sich vor, dass zu jeder Tages- und Nachtzeit ungeplant hungrige und ersch\u00f6pfte Einsatzkr\u00e4fte verpflegt werden m\u00fcssen, dann wei\u00df man die logistische Aufgabe und das Ressourcenmanagement zu sch\u00e4tzen.<\/p>\n\n\n\n<p>Einige Kameraden besch\u00e4ftigen sich seit dem letzten Jahr zus\u00e4tzlich zu der normalen Feuerwehr Ausbildung mit den Gef\u00e4hrlichen Stoffen und G\u00fctern. Ein Einsatz mit Gefahrgut nimmt ungewohnte Dimensionen an und fordert eine Menge Fachwissen. Deshalb wird sich regelm\u00e4\u00dfig an Samstagen getroffen um das n\u00f6tige Fachwissen zu erlernen und das erarbeitete Einsatzkonzept zu \u00fcben.<\/p>\n\n\n\n<p>Am vergangen Samstag, den 18.03.2017, bildete sich wieder einmal die GSG-Einheit fort. Nat\u00fcrlich war dies eine ideale Gelegenheit um die neu gewonnene Verpflegungsgruppe auszutesten und das Zusammenspiel zu \u00fcben. So galten die 15 Kameraden der Samstagsausbildung verpflegt zu werden.<\/p>\n\n\n\n<p>Wir bedanken uns f\u00fcr das Engagement der Kameraden, welche bereit sind sich ihre Freizeit zus\u00e4tzlich zu opfern und diese Aufgaben \u00fcbernehmen.<\/p>\n\n\n\n<ul class=\"wp-block-gallery columns-3 is-cropped wp-block-gallery-1 is-layout-flex wp-block-gallery-is-layout-flex\"><li class=\"blocks-gallery-item\"><figure><img loading=\"lazy\" decoding=\"async\" width=\"800\" height=\"600\" src=\"http:\/\/relaunch.feuerwehr-halberstadt.de\/wp-content\/uploads\/2019\/07\/GSG.jpg\" alt=\"\" data-id=\"524\" data-link=\"http:\/\/relaunch.feuerwehr-halberstadt.de\/?attachment_id=524\" class=\"wp-image-524\" srcset=\"https:\/\/www.feuerwehr-halberstadt.de\/wp-content\/uploads\/2019\/07\/GSG.jpg 800w, https:\/\/www.feuerwehr-halberstadt.de\/wp-content\/uploads\/2019\/07\/GSG-300x225.jpg 300w, https:\/\/www.feuerwehr-halberstadt.de\/wp-content\/uploads\/2019\/07\/GSG-768x576.jpg 768w\" sizes=\"auto, (max-width: 800px) 100vw, 800px\" \/><\/figure><\/li><li class=\"blocks-gallery-item\"><figure><img loading=\"lazy\" decoding=\"async\" width=\"800\" height=\"600\" src=\"http:\/\/relaunch.feuerwehr-halberstadt.de\/wp-content\/uploads\/2019\/07\/GSG1.jpg\" alt=\"\" data-id=\"525\" data-link=\"http:\/\/relaunch.feuerwehr-halberstadt.de\/?attachment_id=525\" class=\"wp-image-525\" srcset=\"https:\/\/www.feuerwehr-halberstadt.de\/wp-content\/uploads\/2019\/07\/GSG1.jpg 800w, https:\/\/www.feuerwehr-halberstadt.de\/wp-content\/uploads\/2019\/07\/GSG1-300x225.jpg 300w, https:\/\/www.feuerwehr-halberstadt.de\/wp-content\/uploads\/2019\/07\/GSG1-768x576.jpg 768w\" sizes=\"auto, (max-width: 800px) 100vw, 800px\" \/><\/figure><\/li><li class=\"blocks-gallery-item\"><figure><img loading=\"lazy\" decoding=\"async\" width=\"800\" height=\"533\" src=\"http:\/\/relaunch.feuerwehr-halberstadt.de\/wp-content\/uploads\/2019\/07\/Versorgung.jpg\" alt=\"\" data-id=\"526\" data-link=\"http:\/\/relaunch.feuerwehr-halberstadt.de\/?attachment_id=526\" class=\"wp-image-526\" srcset=\"https:\/\/www.feuerwehr-halberstadt.de\/wp-content\/uploads\/2019\/07\/Versorgung.jpg 800w, https:\/\/www.feuerwehr-halberstadt.de\/wp-content\/uploads\/2019\/07\/Versorgung-300x200.jpg 300w, https:\/\/www.feuerwehr-halberstadt.de\/wp-content\/uploads\/2019\/07\/Versorgung-768x512.jpg 768w\" sizes=\"auto, (max-width: 800px) 100vw, 800px\" \/><\/figure><\/li><li class=\"blocks-gallery-item\"><figure><img loading=\"lazy\" decoding=\"async\" width=\"800\" height=\"533\" src=\"http:\/\/relaunch.feuerwehr-halberstadt.de\/wp-content\/uploads\/2019\/07\/Versorgung1.jpg\" alt=\"\" data-id=\"527\" data-link=\"http:\/\/relaunch.feuerwehr-halberstadt.de\/?attachment_id=527\" class=\"wp-image-527\" srcset=\"https:\/\/www.feuerwehr-halberstadt.de\/wp-content\/uploads\/2019\/07\/Versorgung1.jpg 800w, https:\/\/www.feuerwehr-halberstadt.de\/wp-content\/uploads\/2019\/07\/Versorgung1-300x200.jpg 300w, https:\/\/www.feuerwehr-halberstadt.de\/wp-content\/uploads\/2019\/07\/Versorgung1-768x512.jpg 768w\" sizes=\"auto, (max-width: 800px) 100vw, 800px\" \/><\/figure><\/li><\/ul>\n","protected":false},"excerpt":{"rendered":"<p>Manche Kameraden aus den verschiedensten Ortswehren sind Teil einer speziellen Einsatzgruppe, welche bei Gro\u00dfschadenslagen alarmiert wird.<\/p>\n","protected":false},"author":6,"featured_media":524,"comment_status":"closed","ping_status":"closed","sticky":false,"template":"","format":"standard","meta":{"_acf_changed":false,"footnotes":""},"categories":[9],"tags":[],"class_list":["post-523","post","type-post","status-publish","format-standard","has-post-thumbnail","hentry","category-allgemein"],"acf":[],"yoast_head":"<!-- This site is optimized with the Yoast SEO plugin v27.4 - https:\/\/yoast.com\/product\/yoast-seo-wordpress\/ -->\n<title>Spezialgruppen der Stadtfeuerwehr bilden sich fort - Feuerwehr Halberstadt<\/title>\n<meta name=\"robots\" content=\"index, follow, max-snippet:-1, max-image-preview:large, max-video-preview:-1\" \/>\n<link rel=\"canonical\" href=\"https:\/\/www.feuerwehr-halberstadt.de\/?p=523\" \/>\n<meta property=\"og:locale\" content=\"de_DE\" \/>\n<meta property=\"og:type\" content=\"article\" \/>\n<meta property=\"og:title\" content=\"Spezialgruppen der Stadtfeuerwehr bilden sich fort - Feuerwehr Halberstadt\" \/>\n<meta property=\"og:description\" content=\"Manche Kameraden aus den verschiedensten Ortswehren sind Teil einer speziellen Einsatzgruppe, welche bei Gro\u00dfschadenslagen alarmiert wird.\" \/>\n<meta property=\"og:url\" content=\"https:\/\/www.feuerwehr-halberstadt.de\/?p=523\" \/>\n<meta property=\"og:site_name\" content=\"Feuerwehr Halberstadt\" \/>\n<meta property=\"article:publisher\" content=\"https:\/\/www.facebook.com\/FeuerwehrHalberstadt\/\" \/>\n<meta property=\"article:published_time\" content=\"2017-03-18T18:03:25+00:00\" \/>\n<meta property=\"article:modified_time\" content=\"2020-06-11T09:07:17+00:00\" \/>\n<meta property=\"og:image\" content=\"https:\/\/www.feuerwehr-halberstadt.de\/wp-content\/uploads\/2019\/07\/GSG.jpg\" \/>\n\t<meta property=\"og:image:width\" content=\"800\" \/>\n\t<meta property=\"og:image:height\" content=\"600\" \/>\n\t<meta property=\"og:image:type\" content=\"image\/jpeg\" \/>\n<meta name=\"author\" content=\"Import\" \/>\n<meta name=\"twitter:card\" content=\"summary_large_image\" \/>\n<meta name=\"twitter:label1\" content=\"Verfasst von\" \/>\n\t<meta name=\"twitter:data1\" content=\"Import\" \/>\n\t<meta name=\"twitter:label2\" content=\"Gesch\u00e4tzte Lesezeit\" \/>\n\t<meta name=\"twitter:data2\" content=\"3\u00a0Minuten\" \/>\n<script type=\"application\/ld+json\" class=\"yoast-schema-graph\">{\"@context\":\"https:\\\/\\\/schema.org\",\"@graph\":[{\"@type\":\"Article\",\"@id\":\"https:\\\/\\\/www.feuerwehr-halberstadt.de\\\/?p=523#article\",\"isPartOf\":{\"@id\":\"https:\\\/\\\/www.feuerwehr-halberstadt.de\\\/?p=523\"},\"author\":{\"name\":\"Import\",\"@id\":\"https:\\\/\\\/www.feuerwehr-halberstadt.de\\\/#\\\/schema\\\/person\\\/9e94fca00b357cae16a4a5cdfc9aa4c2\"},\"headline\":\"Spezialgruppen der Stadtfeuerwehr bilden sich fort\",\"datePublished\":\"2017-03-18T18:03:25+00:00\",\"dateModified\":\"2020-06-11T09:07:17+00:00\",\"mainEntityOfPage\":{\"@id\":\"https:\\\/\\\/www.feuerwehr-halberstadt.de\\\/?p=523\"},\"wordCount\":525,\"publisher\":{\"@id\":\"https:\\\/\\\/www.feuerwehr-halberstadt.de\\\/#organization\"},\"image\":{\"@id\":\"https:\\\/\\\/www.feuerwehr-halberstadt.de\\\/?p=523#primaryimage\"},\"thumbnailUrl\":\"https:\\\/\\\/www.feuerwehr-halberstadt.de\\\/wp-content\\\/uploads\\\/2019\\\/07\\\/GSG.jpg\",\"inLanguage\":\"de\"},{\"@type\":\"WebPage\",\"@id\":\"https:\\\/\\\/www.feuerwehr-halberstadt.de\\\/?p=523\",\"url\":\"https:\\\/\\\/www.feuerwehr-halberstadt.de\\\/?p=523\",\"name\":\"Spezialgruppen der Stadtfeuerwehr bilden sich fort - Feuerwehr Halberstadt\",\"isPartOf\":{\"@id\":\"https:\\\/\\\/www.feuerwehr-halberstadt.de\\\/#website\"},\"primaryImageOfPage\":{\"@id\":\"https:\\\/\\\/www.feuerwehr-halberstadt.de\\\/?p=523#primaryimage\"},\"image\":{\"@id\":\"https:\\\/\\\/www.feuerwehr-halberstadt.de\\\/?p=523#primaryimage\"},\"thumbnailUrl\":\"https:\\\/\\\/www.feuerwehr-halberstadt.de\\\/wp-content\\\/uploads\\\/2019\\\/07\\\/GSG.jpg\",\"datePublished\":\"2017-03-18T18:03:25+00:00\",\"dateModified\":\"2020-06-11T09:07:17+00:00\",\"breadcrumb\":{\"@id\":\"https:\\\/\\\/www.feuerwehr-halberstadt.de\\\/?p=523#breadcrumb\"},\"inLanguage\":\"de\",\"potentialAction\":[{\"@type\":\"ReadAction\",\"target\":[\"https:\\\/\\\/www.feuerwehr-halberstadt.de\\\/?p=523\"]}]},{\"@type\":\"ImageObject\",\"inLanguage\":\"de\",\"@id\":\"https:\\\/\\\/www.feuerwehr-halberstadt.de\\\/?p=523#primaryimage\",\"url\":\"https:\\\/\\\/www.feuerwehr-halberstadt.de\\\/wp-content\\\/uploads\\\/2019\\\/07\\\/GSG.jpg\",\"contentUrl\":\"https:\\\/\\\/www.feuerwehr-halberstadt.de\\\/wp-content\\\/uploads\\\/2019\\\/07\\\/GSG.jpg\",\"width\":800,\"height\":600},{\"@type\":\"BreadcrumbList\",\"@id\":\"https:\\\/\\\/www.feuerwehr-halberstadt.de\\\/?p=523#breadcrumb\",\"itemListElement\":[{\"@type\":\"ListItem\",\"position\":1,\"name\":\"Startseite\",\"item\":\"https:\\\/\\\/www.feuerwehr-halberstadt.de\\\/\"},{\"@type\":\"ListItem\",\"position\":2,\"name\":\"Spezialgruppen der Stadtfeuerwehr bilden sich fort\"}]},{\"@type\":\"WebSite\",\"@id\":\"https:\\\/\\\/www.feuerwehr-halberstadt.de\\\/#website\",\"url\":\"https:\\\/\\\/www.feuerwehr-halberstadt.de\\\/\",\"name\":\"Feuerwehr Halberstadt\",\"description\":\"#imEinsatzf\u00fcrHalberstadt\",\"publisher\":{\"@id\":\"https:\\\/\\\/www.feuerwehr-halberstadt.de\\\/#organization\"},\"potentialAction\":[{\"@type\":\"SearchAction\",\"target\":{\"@type\":\"EntryPoint\",\"urlTemplate\":\"https:\\\/\\\/www.feuerwehr-halberstadt.de\\\/?s={search_term_string}\"},\"query-input\":{\"@type\":\"PropertyValueSpecification\",\"valueRequired\":true,\"valueName\":\"search_term_string\"}}],\"inLanguage\":\"de\"},{\"@type\":\"Organization\",\"@id\":\"https:\\\/\\\/www.feuerwehr-halberstadt.de\\\/#organization\",\"name\":\"Feuerwehr Halberstadt\",\"url\":\"https:\\\/\\\/www.feuerwehr-halberstadt.de\\\/\",\"logo\":{\"@type\":\"ImageObject\",\"inLanguage\":\"de\",\"@id\":\"https:\\\/\\\/www.feuerwehr-halberstadt.de\\\/#\\\/schema\\\/logo\\\/image\\\/\",\"url\":\"https:\\\/\\\/www.feuerwehr-halberstadt.de\\\/wp-content\\\/uploads\\\/2023\\\/10\\\/IMG_0126.png\",\"contentUrl\":\"https:\\\/\\\/www.feuerwehr-halberstadt.de\\\/wp-content\\\/uploads\\\/2023\\\/10\\\/IMG_0126.png\",\"width\":1500,\"height\":399,\"caption\":\"Feuerwehr Halberstadt\"},\"image\":{\"@id\":\"https:\\\/\\\/www.feuerwehr-halberstadt.de\\\/#\\\/schema\\\/logo\\\/image\\\/\"},\"sameAs\":[\"https:\\\/\\\/www.facebook.com\\\/FeuerwehrHalberstadt\\\/\"]},{\"@type\":\"Person\",\"@id\":\"https:\\\/\\\/www.feuerwehr-halberstadt.de\\\/#\\\/schema\\\/person\\\/9e94fca00b357cae16a4a5cdfc9aa4c2\",\"name\":\"Import\",\"image\":{\"@type\":\"ImageObject\",\"inLanguage\":\"de\",\"@id\":\"https:\\\/\\\/secure.gravatar.com\\\/avatar\\\/7e6ea62ad413e64265919670246b2992f4d15ca38b994c27298b63a588dd8ba8?s=96&d=mm&r=g\",\"url\":\"https:\\\/\\\/secure.gravatar.com\\\/avatar\\\/7e6ea62ad413e64265919670246b2992f4d15ca38b994c27298b63a588dd8ba8?s=96&d=mm&r=g\",\"contentUrl\":\"https:\\\/\\\/secure.gravatar.com\\\/avatar\\\/7e6ea62ad413e64265919670246b2992f4d15ca38b994c27298b63a588dd8ba8?s=96&d=mm&r=g\",\"caption\":\"Import\"},\"url\":\"https:\\\/\\\/www.feuerwehr-halberstadt.de\\\/?author=6\"}]}<\/script>\n<!-- \/ Yoast SEO plugin. -->","yoast_head_json":{"title":"Spezialgruppen der Stadtfeuerwehr bilden sich fort - Feuerwehr Halberstadt","robots":{"index":"index","follow":"follow","max-snippet":"max-snippet:-1","max-image-preview":"max-image-preview:large","max-video-preview":"max-video-preview:-1"},"canonical":"https:\/\/www.feuerwehr-halberstadt.de\/?p=523","og_locale":"de_DE","og_type":"article","og_title":"Spezialgruppen der Stadtfeuerwehr bilden sich fort - Feuerwehr Halberstadt","og_description":"Manche Kameraden aus den verschiedensten Ortswehren sind Teil einer speziellen Einsatzgruppe, welche bei Gro\u00dfschadenslagen alarmiert wird.","og_url":"https:\/\/www.feuerwehr-halberstadt.de\/?p=523","og_site_name":"Feuerwehr Halberstadt","article_publisher":"https:\/\/www.facebook.com\/FeuerwehrHalberstadt\/","article_published_time":"2017-03-18T18:03:25+00:00","article_modified_time":"2020-06-11T09:07:17+00:00","og_image":[{"width":800,"height":600,"url":"https:\/\/www.feuerwehr-halberstadt.de\/wp-content\/uploads\/2019\/07\/GSG.jpg","type":"image\/jpeg"}],"author":"Import","twitter_card":"summary_large_image","twitter_misc":{"Verfasst von":"Import","Gesch\u00e4tzte Lesezeit":"3\u00a0Minuten"},"schema":{"@context":"https:\/\/schema.org","@graph":[{"@type":"Article","@id":"https:\/\/www.feuerwehr-halberstadt.de\/?p=523#article","isPartOf":{"@id":"https:\/\/www.feuerwehr-halberstadt.de\/?p=523"},"author":{"name":"Import","@id":"https:\/\/www.feuerwehr-halberstadt.de\/#\/schema\/person\/9e94fca00b357cae16a4a5cdfc9aa4c2"},"headline":"Spezialgruppen der Stadtfeuerwehr bilden sich fort","datePublished":"2017-03-18T18:03:25+00:00","dateModified":"2020-06-11T09:07:17+00:00","mainEntityOfPage":{"@id":"https:\/\/www.feuerwehr-halberstadt.de\/?p=523"},"wordCount":525,"publisher":{"@id":"https:\/\/www.feuerwehr-halberstadt.de\/#organization"},"image":{"@id":"https:\/\/www.feuerwehr-halberstadt.de\/?p=523#primaryimage"},"thumbnailUrl":"https:\/\/www.feuerwehr-halberstadt.de\/wp-content\/uploads\/2019\/07\/GSG.jpg","inLanguage":"de"},{"@type":"WebPage","@id":"https:\/\/www.feuerwehr-halberstadt.de\/?p=523","url":"https:\/\/www.feuerwehr-halberstadt.de\/?p=523","name":"Spezialgruppen der Stadtfeuerwehr bilden sich fort - Feuerwehr Halberstadt","isPartOf":{"@id":"https:\/\/www.feuerwehr-halberstadt.de\/#website"},"primaryImageOfPage":{"@id":"https:\/\/www.feuerwehr-halberstadt.de\/?p=523#primaryimage"},"image":{"@id":"https:\/\/www.feuerwehr-halberstadt.de\/?p=523#primaryimage"},"thumbnailUrl":"https:\/\/www.feuerwehr-halberstadt.de\/wp-content\/uploads\/2019\/07\/GSG.jpg","datePublished":"2017-03-18T18:03:25+00:00","dateModified":"2020-06-11T09:07:17+00:00","breadcrumb":{"@id":"https:\/\/www.feuerwehr-halberstadt.de\/?p=523#breadcrumb"},"inLanguage":"de","potentialAction":[{"@type":"ReadAction","target":["https:\/\/www.feuerwehr-halberstadt.de\/?p=523"]}]},{"@type":"ImageObject","inLanguage":"de","@id":"https:\/\/www.feuerwehr-halberstadt.de\/?p=523#primaryimage","url":"https:\/\/www.feuerwehr-halberstadt.de\/wp-content\/uploads\/2019\/07\/GSG.jpg","contentUrl":"https:\/\/www.feuerwehr-halberstadt.de\/wp-content\/uploads\/2019\/07\/GSG.jpg","width":800,"height":600},{"@type":"BreadcrumbList","@id":"https:\/\/www.feuerwehr-halberstadt.de\/?p=523#breadcrumb","itemListElement":[{"@type":"ListItem","position":1,"name":"Startseite","item":"https:\/\/www.feuerwehr-halberstadt.de\/"},{"@type":"ListItem","position":2,"name":"Spezialgruppen der Stadtfeuerwehr bilden sich fort"}]},{"@type":"WebSite","@id":"https:\/\/www.feuerwehr-halberstadt.de\/#website","url":"https:\/\/www.feuerwehr-halberstadt.de\/","name":"Feuerwehr Halberstadt","description":"#imEinsatzf\u00fcrHalberstadt","publisher":{"@id":"https:\/\/www.feuerwehr-halberstadt.de\/#organization"},"potentialAction":[{"@type":"SearchAction","target":{"@type":"EntryPoint","urlTemplate":"https:\/\/www.feuerwehr-halberstadt.de\/?s={search_term_string}"},"query-input":{"@type":"PropertyValueSpecification","valueRequired":true,"valueName":"search_term_string"}}],"inLanguage":"de"},{"@type":"Organization","@id":"https:\/\/www.feuerwehr-halberstadt.de\/#organization","name":"Feuerwehr Halberstadt","url":"https:\/\/www.feuerwehr-halberstadt.de\/","logo":{"@type":"ImageObject","inLanguage":"de","@id":"https:\/\/www.feuerwehr-halberstadt.de\/#\/schema\/logo\/image\/","url":"https:\/\/www.feuerwehr-halberstadt.de\/wp-content\/uploads\/2023\/10\/IMG_0126.png","contentUrl":"https:\/\/www.feuerwehr-halberstadt.de\/wp-content\/uploads\/2023\/10\/IMG_0126.png","width":1500,"height":399,"caption":"Feuerwehr Halberstadt"},"image":{"@id":"https:\/\/www.feuerwehr-halberstadt.de\/#\/schema\/logo\/image\/"},"sameAs":["https:\/\/www.facebook.com\/FeuerwehrHalberstadt\/"]},{"@type":"Person","@id":"https:\/\/www.feuerwehr-halberstadt.de\/#\/schema\/person\/9e94fca00b357cae16a4a5cdfc9aa4c2","name":"Import","image":{"@type":"ImageObject","inLanguage":"de","@id":"https:\/\/secure.gravatar.com\/avatar\/7e6ea62ad413e64265919670246b2992f4d15ca38b994c27298b63a588dd8ba8?s=96&d=mm&r=g","url":"https:\/\/secure.gravatar.com\/avatar\/7e6ea62ad413e64265919670246b2992f4d15ca38b994c27298b63a588dd8ba8?s=96&d=mm&r=g","contentUrl":"https:\/\/secure.gravatar.com\/avatar\/7e6ea62ad413e64265919670246b2992f4d15ca38b994c27298b63a588dd8ba8?s=96&d=mm&r=g","caption":"Import"},"url":"https:\/\/www.feuerwehr-halberstadt.de\/?author=6"}]}},"_links":{"self":[{"href":"https:\/\/www.feuerwehr-halberstadt.de\/index.php?rest_route=\/wp\/v2\/posts\/523","targetHints":{"allow":["GET"]}}],"collection":[{"href":"https:\/\/www.feuerwehr-halberstadt.de\/index.php?rest_route=\/wp\/v2\/posts"}],"about":[{"href":"https:\/\/www.feuerwehr-halberstadt.de\/index.php?rest_route=\/wp\/v2\/types\/post"}],"author":[{"embeddable":true,"href":"https:\/\/www.feuerwehr-halberstadt.de\/index.php?rest_route=\/wp\/v2\/users\/6"}],"replies":[{"embeddable":true,"href":"https:\/\/www.feuerwehr-halberstadt.de\/index.php?rest_route=%2Fwp%2Fv2%2Fcomments&post=523"}],"version-history":[{"count":1,"href":"https:\/\/www.feuerwehr-halberstadt.de\/index.php?rest_route=\/wp\/v2\/posts\/523\/revisions"}],"predecessor-version":[{"id":528,"href":"https:\/\/www.feuerwehr-halberstadt.de\/index.php?rest_route=\/wp\/v2\/posts\/523\/revisions\/528"}],"wp:featuredmedia":[{"embeddable":true,"href":"https:\/\/www.feuerwehr-halberstadt.de\/index.php?rest_route=\/wp\/v2\/media\/524"}],"wp:attachment":[{"href":"https:\/\/www.feuerwehr-halberstadt.de\/index.php?rest_route=%2Fwp%2Fv2%2Fmedia&parent=523"}],"wp:term":[{"taxonomy":"category","embeddable":true,"href":"https:\/\/www.feuerwehr-halberstadt.de\/index.php?rest_route=%2Fwp%2Fv2%2Fcategories&post=523"},{"taxonomy":"post_tag","embeddable":true,"href":"https:\/\/www.feuerwehr-halberstadt.de\/index.php?rest_route=%2Fwp%2Fv2%2Ftags&post=523"}],"curies":[{"name":"wp","href":"https:\/\/api.w.org\/{rel}","templated":true}]}}