{"id":18214,"date":"2026-03-16T20:00:48","date_gmt":"2026-03-16T19:00:48","guid":{"rendered":"https:\/\/www.feuerwehr-halberstadt.de\/?p=18214"},"modified":"2026-03-16T20:00:49","modified_gmt":"2026-03-16T19:00:49","slug":"wochenbericht-freiwillige-feuerwehr-09-03-15-03-2026","status":"publish","type":"post","link":"https:\/\/www.feuerwehr-halberstadt.de\/?p=18214","title":{"rendered":"Wochenbericht Freiwillige Feuerwehr &#8211; 09.03. &#8211; 15.03.2026"},"content":{"rendered":"\n<p><strong>09.03.2026 <\/strong>\u2013 05:14 Uhr<br><strong>B2 \u2013 Geb\u00e4udebrand &#8211; Friedenstra\u00dfe <\/strong>\u2013 Einsatz 35\/2026<br><em>Alarmierte Kr\u00e4fte: Einsatzleitdienst, Berufsfeuerwehr, FF Halberstadt, AS\u00dc-Gruppe, ELW-Gruppe, Rettungsdienst, Polizei<\/em><br><strong>Kurzinfo:<\/strong> In einer Wohnung im Obergeschoss kam es aus bislang ungekl\u00e4rter Ursache zu einem Brand. Der Trupp der Berufsfeuerwehr ging unter Atemschutz zur Brandbek\u00e4mpfung vor. Durch den Einsatzleiter wurde die AS\u00dc-Gruppe aus Langenstein nachgefordert, die im weiteren Verlauf nicht mehr ben\u00f6tigt wurden und vor dem Ausr\u00fccken den Einsatz beenden konnten. Eine Person wurde an den Rettungsdienst \u00fcbergeben und in ein Krankenhaus gebracht. Die Wohnung wurde anschlie\u00dfend bel\u00fcftet.<\/p>\n\n\n\n<p><strong>12.03.2026 <\/strong>\u2013 14:15 Uhr<br><strong>B2 \u2013 Geb\u00e4udebrand &#8211; Richard-Wagner-Stra\u00dfe <\/strong>\u2013 Einsatz 36\/2026<br><em>Alarmierte Kr\u00e4fte: Einsatzleitdienst, Berufsfeuerwehr, FF Halberstadt, ELW-Gruppe, Rettungsdienst, Polizei<\/em><br><strong>Kurzinfo:<\/strong> Vor Ort handelte es sich um einen Entstehungsbrand in einem Regenwasserkanal. F\u00fcr die Kr\u00e4fte der Freiwilligen Feuerwehr bestand kein Handlungsbedarf.<\/p>\n\n\n\n<p><strong>12.03.2026 <\/strong>\u2013 19:58 Uhr<br><strong>B2 \u2013 Mittelbrand &#8211; Nachforderung TLF &#8211; Mozartstra\u00dfe <\/strong>\u2013 Einsatz 37\/2026<br><em>Alarmierte Kr\u00e4fte: Einsatzleitdienst, Berufsfeuerwehr, FF Halberstadt, ELW-Gruppe, Rettungsdienst, Polizei<\/em><br><strong>Kurzinfo:<\/strong> Vor Ort brannte eine Hecke und ein Brennholzlager auf einem Grundst\u00fcck. Das Feuer wude durch zwei C-Rohre von Kr\u00e4ften der Berufs- und Freiwilligen Feuerwehr abgel\u00f6scht. Anschlie\u00dfend wurde alles mittels W\u00e4rmebildkamera kontrolliert und der Einsatz konnte nach circa einer Stunde beendet werden.<\/p>\n\n\n\n<figure class=\"wp-block-gallery has-nested-images columns-default is-cropped wp-block-gallery-1 is-layout-flex wp-block-gallery-is-layout-flex\">\n<figure class=\"wp-block-image size-large\"><img loading=\"lazy\" decoding=\"async\" width=\"1024\" height=\"768\" data-id=\"18276\" src=\"https:\/\/www.feuerwehr-halberstadt.de\/wp-content\/uploads\/2026\/03\/IMG_7723.jpeg\" alt=\"\" class=\"wp-image-18276\" srcset=\"https:\/\/www.feuerwehr-halberstadt.de\/wp-content\/uploads\/2026\/03\/IMG_7723.jpeg 1024w, https:\/\/www.feuerwehr-halberstadt.de\/wp-content\/uploads\/2026\/03\/IMG_7723-300x225.jpeg 300w, https:\/\/www.feuerwehr-halberstadt.de\/wp-content\/uploads\/2026\/03\/IMG_7723-768x576.jpeg 768w\" sizes=\"auto, (max-width: 1024px) 100vw, 1024px\" \/><figcaption class=\"wp-element-caption\">Einsatz 37\/2026, Quelle: Polizei<\/figcaption><\/figure>\n<\/figure>\n\n\n\n<p><strong>13.03.2026 <\/strong>\u2013 17:47 Uhr<br><strong>B2 \u2013 Garagenbrand &#8211; Hans-Neupert-Stra\u00dfe <\/strong>\u2013 Einsatz 38\/2026<br><em>Alarmierte Kr\u00e4fte: Einsatzleitdienst, Berufsfeuerwehr, FF Halberstadt, ELW-Gruppe, Rettungsdienst, Polizei<\/em><br><strong>Kurzinfo:<\/strong> Es brannte Unrat in einer leerstehenden Garage. Das Feuer wurde durch den Angriffstrupp der Berufsfeuerwehr gel\u00f6scht.<\/p>\n\n\n\n<figure class=\"wp-block-gallery has-nested-images columns-default is-cropped wp-block-gallery-2 is-layout-flex wp-block-gallery-is-layout-flex\">\n<figure class=\"wp-block-image size-large\"><img loading=\"lazy\" decoding=\"async\" width=\"1024\" height=\"768\" data-id=\"18277\" src=\"https:\/\/www.feuerwehr-halberstadt.de\/wp-content\/uploads\/2026\/03\/c5fe5578-a2f0-4513-8dfe-3a78543c9372-1024x768.jpeg\" alt=\"\" class=\"wp-image-18277\" srcset=\"https:\/\/www.feuerwehr-halberstadt.de\/wp-content\/uploads\/2026\/03\/c5fe5578-a2f0-4513-8dfe-3a78543c9372-1024x768.jpeg 1024w, https:\/\/www.feuerwehr-halberstadt.de\/wp-content\/uploads\/2026\/03\/c5fe5578-a2f0-4513-8dfe-3a78543c9372-300x225.jpeg 300w, https:\/\/www.feuerwehr-halberstadt.de\/wp-content\/uploads\/2026\/03\/c5fe5578-a2f0-4513-8dfe-3a78543c9372-768x576.jpeg 768w, https:\/\/www.feuerwehr-halberstadt.de\/wp-content\/uploads\/2026\/03\/c5fe5578-a2f0-4513-8dfe-3a78543c9372-1536x1152.jpeg 1536w, https:\/\/www.feuerwehr-halberstadt.de\/wp-content\/uploads\/2026\/03\/c5fe5578-a2f0-4513-8dfe-3a78543c9372-2048x1536.jpeg 2048w\" sizes=\"auto, (max-width: 1024px) 100vw, 1024px\" \/><figcaption class=\"wp-element-caption\">Einsatz 38\/2026<\/figcaption><\/figure>\n<\/figure>\n\n\n\n<p><strong>14.03.2026 <\/strong>\u2013 00:17 Uhr<br><strong>B2 \u2013 Geb\u00e4udebrand &#8211; Erich-Bordach-Stra\u00dfe <\/strong>\u2013 Einsatz 39\/2026<br><em>Alarmierte Kr\u00e4fte: Einsatzleitdienst, Berufsfeuerwehr, FF Halberstadt, ELW-Gruppe, Rettungsdienst, Polizei<\/em><br><strong>Kurzinfo:<\/strong> Vor Ort handelte es sich um angebranntes Essen. F\u00fcr die Kr\u00e4fte der Freiwilligen Feuerwehr bestand kein Handlungsbedarf. <\/p>\n\n\n\n<p><\/p>\n","protected":false},"excerpt":{"rendered":"<p>09.03.2026 \u2013 05:14 UhrB2 \u2013 Geb\u00e4udebrand &#8211; Friedenstra\u00dfe \u2013 Einsatz 35\/2026Alarmierte Kr\u00e4fte: Einsatzleitdienst, Berufsfeuerwehr, FF Halberstadt, AS\u00dc-Gruppe, ELW-Gruppe, Rettungsdienst, PolizeiKurzinfo: In einer Wohnung im Obergeschoss kam es aus bislang ungekl\u00e4rter Ursache zu einem Brand. Der Trupp der Berufsfeuerwehr ging unter Atemschutz zur Brandbek\u00e4mpfung vor. Durch den Einsatzleiter wurde die AS\u00dc-Gruppe aus Langenstein nachgefordert, die im [&hellip;]<\/p>\n","protected":false},"author":3,"featured_media":14815,"comment_status":"closed","ping_status":"closed","sticky":false,"template":"","format":"standard","meta":{"_acf_changed":false,"footnotes":""},"categories":[9],"tags":[],"class_list":["post-18214","post","type-post","status-publish","format-standard","has-post-thumbnail","hentry","category-allgemein"],"acf":[],"yoast_head":"<!-- This site is optimized with the Yoast SEO plugin v27.5 - https:\/\/yoast.com\/product\/yoast-seo-wordpress\/ -->\n<title>Wochenbericht Freiwillige Feuerwehr - 09.03. - 15.03.2026 - Feuerwehr Halberstadt<\/title>\n<meta name=\"robots\" content=\"index, follow, max-snippet:-1, max-image-preview:large, max-video-preview:-1\" \/>\n<link rel=\"canonical\" href=\"https:\/\/www.feuerwehr-halberstadt.de\/?p=18214\" \/>\n<meta property=\"og:locale\" content=\"de_DE\" \/>\n<meta property=\"og:type\" content=\"article\" \/>\n<meta property=\"og:title\" content=\"Wochenbericht Freiwillige Feuerwehr - 09.03. - 15.03.2026 - Feuerwehr Halberstadt\" \/>\n<meta property=\"og:description\" content=\"09.03.2026 \u2013 05:14 UhrB2 \u2013 Geb\u00e4udebrand &#8211; Friedenstra\u00dfe \u2013 Einsatz 35\/2026Alarmierte Kr\u00e4fte: Einsatzleitdienst, Berufsfeuerwehr, FF Halberstadt, AS\u00dc-Gruppe, ELW-Gruppe, Rettungsdienst, PolizeiKurzinfo: In einer Wohnung im Obergeschoss kam es aus bislang ungekl\u00e4rter Ursache zu einem Brand. Der Trupp der Berufsfeuerwehr ging unter Atemschutz zur Brandbek\u00e4mpfung vor. Durch den Einsatzleiter wurde die AS\u00dc-Gruppe aus Langenstein nachgefordert, die im [&hellip;]\" \/>\n<meta property=\"og:url\" content=\"https:\/\/www.feuerwehr-halberstadt.de\/?p=18214\" \/>\n<meta property=\"og:site_name\" content=\"Feuerwehr Halberstadt\" \/>\n<meta property=\"article:publisher\" content=\"https:\/\/www.facebook.com\/FeuerwehrHalberstadt\/\" \/>\n<meta property=\"article:published_time\" content=\"2026-03-16T19:00:48+00:00\" \/>\n<meta property=\"article:modified_time\" content=\"2026-03-16T19:00:49+00:00\" \/>\n<meta property=\"og:image\" content=\"https:\/\/www.feuerwehr-halberstadt.de\/wp-content\/uploads\/2024\/03\/11_20240310_165751_0008.jpg\" \/>\n\t<meta property=\"og:image:width\" content=\"1920\" \/>\n\t<meta property=\"og:image:height\" content=\"1080\" \/>\n\t<meta property=\"og:image:type\" content=\"image\/jpeg\" \/>\n<meta name=\"author\" content=\"Buchold, Chris\" \/>\n<meta name=\"twitter:card\" content=\"summary_large_image\" \/>\n<meta name=\"twitter:label1\" content=\"Verfasst von\" \/>\n\t<meta name=\"twitter:data1\" content=\"Buchold, Chris\" \/>\n\t<meta name=\"twitter:label2\" content=\"Gesch\u00e4tzte Lesezeit\" \/>\n\t<meta name=\"twitter:data2\" content=\"3\u00a0Minuten\" \/>\n<script type=\"application\/ld+json\" class=\"yoast-schema-graph\">{\"@context\":\"https:\\\/\\\/schema.org\",\"@graph\":[{\"@type\":\"Article\",\"@id\":\"https:\\\/\\\/www.feuerwehr-halberstadt.de\\\/?p=18214#article\",\"isPartOf\":{\"@id\":\"https:\\\/\\\/www.feuerwehr-halberstadt.de\\\/?p=18214\"},\"author\":{\"name\":\"Buchold, Chris\",\"@id\":\"https:\\\/\\\/www.feuerwehr-halberstadt.de\\\/#\\\/schema\\\/person\\\/55ce5d9b46008e58cd3d55d4116ec727\"},\"headline\":\"Wochenbericht Freiwillige Feuerwehr &#8211; 09.03. &#8211; 15.03.2026\",\"datePublished\":\"2026-03-16T19:00:48+00:00\",\"dateModified\":\"2026-03-16T19:00:49+00:00\",\"mainEntityOfPage\":{\"@id\":\"https:\\\/\\\/www.feuerwehr-halberstadt.de\\\/?p=18214\"},\"wordCount\":284,\"publisher\":{\"@id\":\"https:\\\/\\\/www.feuerwehr-halberstadt.de\\\/#organization\"},\"image\":{\"@id\":\"https:\\\/\\\/www.feuerwehr-halberstadt.de\\\/?p=18214#primaryimage\"},\"thumbnailUrl\":\"https:\\\/\\\/www.feuerwehr-halberstadt.de\\\/wp-content\\\/uploads\\\/2024\\\/03\\\/11_20240310_165751_0008.jpg\",\"inLanguage\":\"de\"},{\"@type\":\"WebPage\",\"@id\":\"https:\\\/\\\/www.feuerwehr-halberstadt.de\\\/?p=18214\",\"url\":\"https:\\\/\\\/www.feuerwehr-halberstadt.de\\\/?p=18214\",\"name\":\"Wochenbericht Freiwillige Feuerwehr - 09.03. - 15.03.2026 - Feuerwehr Halberstadt\",\"isPartOf\":{\"@id\":\"https:\\\/\\\/www.feuerwehr-halberstadt.de\\\/#website\"},\"primaryImageOfPage\":{\"@id\":\"https:\\\/\\\/www.feuerwehr-halberstadt.de\\\/?p=18214#primaryimage\"},\"image\":{\"@id\":\"https:\\\/\\\/www.feuerwehr-halberstadt.de\\\/?p=18214#primaryimage\"},\"thumbnailUrl\":\"https:\\\/\\\/www.feuerwehr-halberstadt.de\\\/wp-content\\\/uploads\\\/2024\\\/03\\\/11_20240310_165751_0008.jpg\",\"datePublished\":\"2026-03-16T19:00:48+00:00\",\"dateModified\":\"2026-03-16T19:00:49+00:00\",\"breadcrumb\":{\"@id\":\"https:\\\/\\\/www.feuerwehr-halberstadt.de\\\/?p=18214#breadcrumb\"},\"inLanguage\":\"de\",\"potentialAction\":[{\"@type\":\"ReadAction\",\"target\":[\"https:\\\/\\\/www.feuerwehr-halberstadt.de\\\/?p=18214\"]}]},{\"@type\":\"ImageObject\",\"inLanguage\":\"de\",\"@id\":\"https:\\\/\\\/www.feuerwehr-halberstadt.de\\\/?p=18214#primaryimage\",\"url\":\"https:\\\/\\\/www.feuerwehr-halberstadt.de\\\/wp-content\\\/uploads\\\/2024\\\/03\\\/11_20240310_165751_0008.jpg\",\"contentUrl\":\"https:\\\/\\\/www.feuerwehr-halberstadt.de\\\/wp-content\\\/uploads\\\/2024\\\/03\\\/11_20240310_165751_0008.jpg\",\"width\":1920,\"height\":1080},{\"@type\":\"BreadcrumbList\",\"@id\":\"https:\\\/\\\/www.feuerwehr-halberstadt.de\\\/?p=18214#breadcrumb\",\"itemListElement\":[{\"@type\":\"ListItem\",\"position\":1,\"name\":\"Startseite\",\"item\":\"https:\\\/\\\/www.feuerwehr-halberstadt.de\\\/\"},{\"@type\":\"ListItem\",\"position\":2,\"name\":\"Wochenbericht Freiwillige Feuerwehr &#8211; 09.03. &#8211; 15.03.2026\"}]},{\"@type\":\"WebSite\",\"@id\":\"https:\\\/\\\/www.feuerwehr-halberstadt.de\\\/#website\",\"url\":\"https:\\\/\\\/www.feuerwehr-halberstadt.de\\\/\",\"name\":\"Feuerwehr Halberstadt\",\"description\":\"#imEinsatzf\u00fcrHalberstadt\",\"publisher\":{\"@id\":\"https:\\\/\\\/www.feuerwehr-halberstadt.de\\\/#organization\"},\"potentialAction\":[{\"@type\":\"SearchAction\",\"target\":{\"@type\":\"EntryPoint\",\"urlTemplate\":\"https:\\\/\\\/www.feuerwehr-halberstadt.de\\\/?s={search_term_string}\"},\"query-input\":{\"@type\":\"PropertyValueSpecification\",\"valueRequired\":true,\"valueName\":\"search_term_string\"}}],\"inLanguage\":\"de\"},{\"@type\":\"Organization\",\"@id\":\"https:\\\/\\\/www.feuerwehr-halberstadt.de\\\/#organization\",\"name\":\"Feuerwehr Halberstadt\",\"url\":\"https:\\\/\\\/www.feuerwehr-halberstadt.de\\\/\",\"logo\":{\"@type\":\"ImageObject\",\"inLanguage\":\"de\",\"@id\":\"https:\\\/\\\/www.feuerwehr-halberstadt.de\\\/#\\\/schema\\\/logo\\\/image\\\/\",\"url\":\"https:\\\/\\\/www.feuerwehr-halberstadt.de\\\/wp-content\\\/uploads\\\/2023\\\/10\\\/IMG_0126.png\",\"contentUrl\":\"https:\\\/\\\/www.feuerwehr-halberstadt.de\\\/wp-content\\\/uploads\\\/2023\\\/10\\\/IMG_0126.png\",\"width\":1500,\"height\":399,\"caption\":\"Feuerwehr Halberstadt\"},\"image\":{\"@id\":\"https:\\\/\\\/www.feuerwehr-halberstadt.de\\\/#\\\/schema\\\/logo\\\/image\\\/\"},\"sameAs\":[\"https:\\\/\\\/www.facebook.com\\\/FeuerwehrHalberstadt\\\/\"]},{\"@type\":\"Person\",\"@id\":\"https:\\\/\\\/www.feuerwehr-halberstadt.de\\\/#\\\/schema\\\/person\\\/55ce5d9b46008e58cd3d55d4116ec727\",\"name\":\"Buchold, Chris\",\"image\":{\"@type\":\"ImageObject\",\"inLanguage\":\"de\",\"@id\":\"https:\\\/\\\/secure.gravatar.com\\\/avatar\\\/bff08a084f0390bf8a93fc28c488452766ba521109cec244ac64210fdd500a49?s=96&d=mm&r=g\",\"url\":\"https:\\\/\\\/secure.gravatar.com\\\/avatar\\\/bff08a084f0390bf8a93fc28c488452766ba521109cec244ac64210fdd500a49?s=96&d=mm&r=g\",\"contentUrl\":\"https:\\\/\\\/secure.gravatar.com\\\/avatar\\\/bff08a084f0390bf8a93fc28c488452766ba521109cec244ac64210fdd500a49?s=96&d=mm&r=g\",\"caption\":\"Buchold, Chris\"},\"url\":\"https:\\\/\\\/www.feuerwehr-halberstadt.de\\\/?author=3\"}]}<\/script>\n<!-- \/ Yoast SEO plugin. -->","yoast_head_json":{"title":"Wochenbericht Freiwillige Feuerwehr - 09.03. - 15.03.2026 - Feuerwehr Halberstadt","robots":{"index":"index","follow":"follow","max-snippet":"max-snippet:-1","max-image-preview":"max-image-preview:large","max-video-preview":"max-video-preview:-1"},"canonical":"https:\/\/www.feuerwehr-halberstadt.de\/?p=18214","og_locale":"de_DE","og_type":"article","og_title":"Wochenbericht Freiwillige Feuerwehr - 09.03. - 15.03.2026 - Feuerwehr Halberstadt","og_description":"09.03.2026 \u2013 05:14 UhrB2 \u2013 Geb\u00e4udebrand &#8211; Friedenstra\u00dfe \u2013 Einsatz 35\/2026Alarmierte Kr\u00e4fte: Einsatzleitdienst, Berufsfeuerwehr, FF Halberstadt, AS\u00dc-Gruppe, ELW-Gruppe, Rettungsdienst, PolizeiKurzinfo: In einer Wohnung im Obergeschoss kam es aus bislang ungekl\u00e4rter Ursache zu einem Brand. Der Trupp der Berufsfeuerwehr ging unter Atemschutz zur Brandbek\u00e4mpfung vor. Durch den Einsatzleiter wurde die AS\u00dc-Gruppe aus Langenstein nachgefordert, die im [&hellip;]","og_url":"https:\/\/www.feuerwehr-halberstadt.de\/?p=18214","og_site_name":"Feuerwehr Halberstadt","article_publisher":"https:\/\/www.facebook.com\/FeuerwehrHalberstadt\/","article_published_time":"2026-03-16T19:00:48+00:00","article_modified_time":"2026-03-16T19:00:49+00:00","og_image":[{"width":1920,"height":1080,"url":"https:\/\/www.feuerwehr-halberstadt.de\/wp-content\/uploads\/2024\/03\/11_20240310_165751_0008.jpg","type":"image\/jpeg"}],"author":"Buchold, Chris","twitter_card":"summary_large_image","twitter_misc":{"Verfasst von":"Buchold, Chris","Gesch\u00e4tzte Lesezeit":"3\u00a0Minuten"},"schema":{"@context":"https:\/\/schema.org","@graph":[{"@type":"Article","@id":"https:\/\/www.feuerwehr-halberstadt.de\/?p=18214#article","isPartOf":{"@id":"https:\/\/www.feuerwehr-halberstadt.de\/?p=18214"},"author":{"name":"Buchold, Chris","@id":"https:\/\/www.feuerwehr-halberstadt.de\/#\/schema\/person\/55ce5d9b46008e58cd3d55d4116ec727"},"headline":"Wochenbericht Freiwillige Feuerwehr &#8211; 09.03. &#8211; 15.03.2026","datePublished":"2026-03-16T19:00:48+00:00","dateModified":"2026-03-16T19:00:49+00:00","mainEntityOfPage":{"@id":"https:\/\/www.feuerwehr-halberstadt.de\/?p=18214"},"wordCount":284,"publisher":{"@id":"https:\/\/www.feuerwehr-halberstadt.de\/#organization"},"image":{"@id":"https:\/\/www.feuerwehr-halberstadt.de\/?p=18214#primaryimage"},"thumbnailUrl":"https:\/\/www.feuerwehr-halberstadt.de\/wp-content\/uploads\/2024\/03\/11_20240310_165751_0008.jpg","inLanguage":"de"},{"@type":"WebPage","@id":"https:\/\/www.feuerwehr-halberstadt.de\/?p=18214","url":"https:\/\/www.feuerwehr-halberstadt.de\/?p=18214","name":"Wochenbericht Freiwillige Feuerwehr - 09.03. - 15.03.2026 - Feuerwehr Halberstadt","isPartOf":{"@id":"https:\/\/www.feuerwehr-halberstadt.de\/#website"},"primaryImageOfPage":{"@id":"https:\/\/www.feuerwehr-halberstadt.de\/?p=18214#primaryimage"},"image":{"@id":"https:\/\/www.feuerwehr-halberstadt.de\/?p=18214#primaryimage"},"thumbnailUrl":"https:\/\/www.feuerwehr-halberstadt.de\/wp-content\/uploads\/2024\/03\/11_20240310_165751_0008.jpg","datePublished":"2026-03-16T19:00:48+00:00","dateModified":"2026-03-16T19:00:49+00:00","breadcrumb":{"@id":"https:\/\/www.feuerwehr-halberstadt.de\/?p=18214#breadcrumb"},"inLanguage":"de","potentialAction":[{"@type":"ReadAction","target":["https:\/\/www.feuerwehr-halberstadt.de\/?p=18214"]}]},{"@type":"ImageObject","inLanguage":"de","@id":"https:\/\/www.feuerwehr-halberstadt.de\/?p=18214#primaryimage","url":"https:\/\/www.feuerwehr-halberstadt.de\/wp-content\/uploads\/2024\/03\/11_20240310_165751_0008.jpg","contentUrl":"https:\/\/www.feuerwehr-halberstadt.de\/wp-content\/uploads\/2024\/03\/11_20240310_165751_0008.jpg","width":1920,"height":1080},{"@type":"BreadcrumbList","@id":"https:\/\/www.feuerwehr-halberstadt.de\/?p=18214#breadcrumb","itemListElement":[{"@type":"ListItem","position":1,"name":"Startseite","item":"https:\/\/www.feuerwehr-halberstadt.de\/"},{"@type":"ListItem","position":2,"name":"Wochenbericht Freiwillige Feuerwehr &#8211; 09.03. &#8211; 15.03.2026"}]},{"@type":"WebSite","@id":"https:\/\/www.feuerwehr-halberstadt.de\/#website","url":"https:\/\/www.feuerwehr-halberstadt.de\/","name":"Feuerwehr Halberstadt","description":"#imEinsatzf\u00fcrHalberstadt","publisher":{"@id":"https:\/\/www.feuerwehr-halberstadt.de\/#organization"},"potentialAction":[{"@type":"SearchAction","target":{"@type":"EntryPoint","urlTemplate":"https:\/\/www.feuerwehr-halberstadt.de\/?s={search_term_string}"},"query-input":{"@type":"PropertyValueSpecification","valueRequired":true,"valueName":"search_term_string"}}],"inLanguage":"de"},{"@type":"Organization","@id":"https:\/\/www.feuerwehr-halberstadt.de\/#organization","name":"Feuerwehr Halberstadt","url":"https:\/\/www.feuerwehr-halberstadt.de\/","logo":{"@type":"ImageObject","inLanguage":"de","@id":"https:\/\/www.feuerwehr-halberstadt.de\/#\/schema\/logo\/image\/","url":"https:\/\/www.feuerwehr-halberstadt.de\/wp-content\/uploads\/2023\/10\/IMG_0126.png","contentUrl":"https:\/\/www.feuerwehr-halberstadt.de\/wp-content\/uploads\/2023\/10\/IMG_0126.png","width":1500,"height":399,"caption":"Feuerwehr Halberstadt"},"image":{"@id":"https:\/\/www.feuerwehr-halberstadt.de\/#\/schema\/logo\/image\/"},"sameAs":["https:\/\/www.facebook.com\/FeuerwehrHalberstadt\/"]},{"@type":"Person","@id":"https:\/\/www.feuerwehr-halberstadt.de\/#\/schema\/person\/55ce5d9b46008e58cd3d55d4116ec727","name":"Buchold, Chris","image":{"@type":"ImageObject","inLanguage":"de","@id":"https:\/\/secure.gravatar.com\/avatar\/bff08a084f0390bf8a93fc28c488452766ba521109cec244ac64210fdd500a49?s=96&d=mm&r=g","url":"https:\/\/secure.gravatar.com\/avatar\/bff08a084f0390bf8a93fc28c488452766ba521109cec244ac64210fdd500a49?s=96&d=mm&r=g","contentUrl":"https:\/\/secure.gravatar.com\/avatar\/bff08a084f0390bf8a93fc28c488452766ba521109cec244ac64210fdd500a49?s=96&d=mm&r=g","caption":"Buchold, Chris"},"url":"https:\/\/www.feuerwehr-halberstadt.de\/?author=3"}]}},"_links":{"self":[{"href":"https:\/\/www.feuerwehr-halberstadt.de\/index.php?rest_route=\/wp\/v2\/posts\/18214","targetHints":{"allow":["GET"]}}],"collection":[{"href":"https:\/\/www.feuerwehr-halberstadt.de\/index.php?rest_route=\/wp\/v2\/posts"}],"about":[{"href":"https:\/\/www.feuerwehr-halberstadt.de\/index.php?rest_route=\/wp\/v2\/types\/post"}],"author":[{"embeddable":true,"href":"https:\/\/www.feuerwehr-halberstadt.de\/index.php?rest_route=\/wp\/v2\/users\/3"}],"replies":[{"embeddable":true,"href":"https:\/\/www.feuerwehr-halberstadt.de\/index.php?rest_route=%2Fwp%2Fv2%2Fcomments&post=18214"}],"version-history":[{"count":4,"href":"https:\/\/www.feuerwehr-halberstadt.de\/index.php?rest_route=\/wp\/v2\/posts\/18214\/revisions"}],"predecessor-version":[{"id":18287,"href":"https:\/\/www.feuerwehr-halberstadt.de\/index.php?rest_route=\/wp\/v2\/posts\/18214\/revisions\/18287"}],"wp:featuredmedia":[{"embeddable":true,"href":"https:\/\/www.feuerwehr-halberstadt.de\/index.php?rest_route=\/wp\/v2\/media\/14815"}],"wp:attachment":[{"href":"https:\/\/www.feuerwehr-halberstadt.de\/index.php?rest_route=%2Fwp%2Fv2%2Fmedia&parent=18214"}],"wp:term":[{"taxonomy":"category","embeddable":true,"href":"https:\/\/www.feuerwehr-halberstadt.de\/index.php?rest_route=%2Fwp%2Fv2%2Fcategories&post=18214"},{"taxonomy":"post_tag","embeddable":true,"href":"https:\/\/www.feuerwehr-halberstadt.de\/index.php?rest_route=%2Fwp%2Fv2%2Ftags&post=18214"}],"curies":[{"name":"wp","href":"https:\/\/api.w.org\/{rel}","templated":true}]}}