{"id":18196,"date":"2026-03-09T19:42:28","date_gmt":"2026-03-09T18:42:28","guid":{"rendered":"https:\/\/www.feuerwehr-halberstadt.de\/?p=18196"},"modified":"2026-03-09T19:42:30","modified_gmt":"2026-03-09T18:42:30","slug":"jahreshauptversammlung-der-ortsfeuerwehr-sargstedt-4","status":"publish","type":"post","link":"https:\/\/www.feuerwehr-halberstadt.de\/?p=18196","title":{"rendered":"Jahreshauptversammlung der Ortsfeuerwehr Sargstedt"},"content":{"rendered":"\n<p>Am Freitag, dem 06.03.2026, f\u00fchrte die Ortsfeuerwehr Sargstedt ihre j\u00e4hrliche Jahreshauptversammlung im Ger\u00e4tehaus durch.<\/p>\n\n\n\n<!--more-->\n\n\n\n<p>Zu Beginn musste ein neuer stellvertretender Ortswehrleiter gew\u00e4hlt werden, da die Amtszeit des amtierenden Stellvertreters Marcus Wegener ausl\u00e4uft. Auf die ausgeschriebene Wahlfunktion hatte sich die Kameradin Katja K\u00f6sling als einzige Kameradin der Ortsfeuerwehr beworben. Von insgesamt 15 Wahlberechtigten waren 11 zur Wahl anwesend. Kameradin Katja K\u00f6sling wurde einstimmig mit 11 Ja-Stimmen zur neuen stellvertrenden Ortswehrleiterin gew\u00e4hlt. Stadtwehrleiter Martin Schulz und Ortswehrleiter Jonas Pannier w\u00fcnschten ihr f\u00fcr die Zukunft alles Gute und bedankten sich gleichzeitig bei Marcus Wegener f\u00fcr die jahrelange gute Zusammenarbeit.<\/p>\n\n\n\n<p>Anschlie\u00dfend er\u00f6ffnete Ortswehrleiter Jonas Pannier die Sitzung mit der Begr\u00fc\u00dfung aller anwesenden Kameraden und G\u00e4ste, bevor er auf das vergangene Jahr zur\u00fcckblickte.<br>Die Ortsfeuerwehr Sargstedt z\u00e4hlte im Jahr 2025 insgesamt 20 Einsatzkr\u00e4fte, was eine Steigerung von 3 Kameraden in der Einsatzabteilung aufweist. Weiterhin engagieren sich 3 Gastkameraden aus der Ortsfeuerwehr Halberstadt in der Ortswehr Sargstedt. &#8222;Dazu m\u00f6chte ich meinen Dank aussprechen, eine aktive Arbeit in zwei Ortsfeuerwehren ist nicht selbstverst\u00e4ndlich&#8220;, so der Ortswehrleiter. Zudem befinden sich 16 Mitglieder in der Alters- und Ehrenabteilung. Besonders erfreulich ist es, dass durch Neueinstiege und \u00dcbernahmen von Kameraden aus der Jugendfeuerwehr der Altersdurchschnitt drastisch gesenkt werden konnte. Somit steht die Ortsfeuerwehr f\u00fcr die Zukunft auf einem stabilen Fundament, berichtete Pannier.<\/p>\n\n\n\n<p>Im letzten Jahr konnten 38 Ausbildungen mit 816 Stunden absolviert werden. Hierbei ist zu erw\u00e4hnen, dass durch die Kameraden auch insgesamt 5 Lehrg\u00e4nge besucht wurden, wobei 110 Stunden abgeleistet wurden. <br>Das Jahr 2025 war mit insgesamt 10 Eins\u00e4tzen erneut ein einsatzstarkes Jahr f\u00fcr die Ortsfeuerwehr. Diese gliedern sich in 3 Brandeins\u00e4tze und 7 technische Hilfeleistungen auf. <br><br>Erw\u00e4hnenswert sind hier unter anderem:<br>&#8211; eine vermutliche Kofferbombe in einer Bankfiliale in Halberstadt<br>&#8211; das Starkregenereignis in der Ortslage mit 5 Einsatzstellen<br>&#8211; ein PKW-Brand in der eigenen Ortslage<br>&#8211; sowie die unangek\u00fcndigte Einsatz\u00fcbung im Dorfkrug<\/p>\n\n\n\n<p>Weiterhin war die Ortswehr bei mehreren Veranstaltungen im Ort vertreten. Zu den Highlights z\u00e4hlten das Osterfeuer, das Erntedankfest, das Martinsfeuer, der Weihnachtshof und das 140-j\u00e4hrige Jubil\u00e4um der Ortsfeuerwehr.<\/p>\n\n\n\n<p>Anschlie\u00dfend gab der Ortswehrleiter einen kleinen Ausblick f\u00fcr das Jahr 2026. Zum Abschluss seiner Rede bedankte er sich bei den Kameraden f\u00fcr die geleistete Arbeit im Jahr 2025 und w\u00fcnscht sich weiterhin eine gute Zusammenarbeit.<\/p>\n\n\n\n<p>Ortsjugendwartin Katja K\u00f6sling blickte auf das Ausbildungsjahr der Kinder- und Jugendfeuerwehr zur\u00fcck. Die 6 Kinder und 8 Jugendlichen leisteten im vergangenen Jahr insgesamt 598 Ausbildungsstunden. Bei der Ausbildung lag der Schwerpunkt in 2025 auf dem Thema &#8222;L\u00f6schangriff nass nach Feuerwehr Dienstvorschrift 3&#8220;. Besonders erfreulich ist der Zuwachs von 5 neuen Kindern in der Kinderfeuerwehr. Leider mussten auch 3 Jugendliche die Jugendfeuerwehr altersbedingt verlassen. Besonders erfreulich ist, dass eine davon in die Einsatzabteilung gewechselt ist. Auch im vergangenen Jahr gab es f\u00fcr die Kinder und Jugendlichen wieder einige Veranstaltungen und Ausfl\u00fcge. <br><br>Zu den Highlights z\u00e4hlten hier zum Beispiel:<br>&#8211; das gemeinsame Zeltlager mit der DLRG und der Kinderfeuerwehr Halberstadt am Halberst\u00e4dter See<br>&#8211; eine Einsatz\u00fcbung im Herbst<br>&#8211; der Besuch der Firma Niemeyer Feuerschutz gemeinsam mit der Kinder- und Jugendfeuerwehr Klein Quenstedt<br>&#8211; der Besuch der Integrierten Leitstelle Harz<br>&#8211; sowie der Orientierungsmarsch in Langenstein<br><br>&#8222;Ein besonderer Dank gilt dabei allen Mitgliedern, Ausbildern, Eltern und Unterst\u00fctzern die durch ihren Einsatz dieses erfolgreiche Jahr erm\u00f6glicht haben&#8220;, so die Ortsjugendwartin. Au\u00dferdem bedankte sich die Jugendwartin bei dem ehemaligem Stadtjugendwart Stefan Gebauer, f\u00fcr seine geleistete Arbeit und \u00fcbergab ihm im Anschluss einen Pr\u00e4sentkorb.<\/p>\n\n\n\n<p>Stadtwehrleiter Martin Schulz bedankte sich zun\u00e4chst f\u00fcr die geleistete Einsatzbereitschaft im vergangenen Jahr. Au\u00dferdem blickte er positiv auf das Jahr 2025 zur\u00fcck, welches einige Neuerungen mit sich brachte. Die war zum einen die \u00dcbergabe der neuen Einsatzhelme f\u00fcr die gesamte Stadtfeuerwehr im Oktober und die \u00dcbergabe der neuen Einsatzbekleidung f\u00fcr die Ortfeuerwehren Halberstadt, Emersleben und Klein Quenstedt im Dezember. Weitere Ortsfeuerwehren sollen Ende diesen Jahres ebenfalls ihre neue Einsatzbekleidung erhalten. Die Ortsfeuerwehr Sargstedt ist f\u00fcr 2027 geplant, erg\u00e4nzte der Stadtwehrleiter. Zu guter letzt wurde das Jahr mit der Einf\u00fchrung der neuen AlarmApp f\u00fcr alle Ortsfeuerwehren erfolgreich beendet. An dieser Stelle richtete er auch ein gro\u00dfes Dankesch\u00f6n an den Oberb\u00fcrgermeister Daniel Szarata und den Stadtrat, die diese Ver\u00e4nderungen erst m\u00f6glich machen. Au\u00dferdem gab Schulz einen \u00dcberblick \u00fcber die Neuerungen und Entwicklungen am IBK Heyrothsberge.<\/p>\n\n\n\n<p>Im Anschluss wurden Bef\u00f6rderungen, Ehrungen und Berufungen durch Ortswehrleiter Jonas Pannier und Stadtwehrleiter Martin Schulz durchgef\u00fchrt.<\/p>\n\n\n\n<p><strong>Bef\u00f6rderungen:<\/strong><br>Kim Lodahl, Feuerwehrfrauanw\u00e4rterin<br>Reni Deppner, Feuerwehrfrauanw\u00e4rterin<br>Dominic Lausch, Feuerwehrmannanw\u00e4rter (nicht anwesend)<br>Elias Koch, Feuerwehrmannanw\u00e4rter<br>Lars Schmolke, Feuerwehrmannanw\u00e4rter<br>Katja K\u00f6sling, Oberfeuerwehrfrau<br>Axel Sch\u00fcler, Hauptfeuerwehrmann<br>Jonas Pannier, Brandmeister<\/p>\n\n\n\n<p><strong>Berufungen:<\/strong><br>Axel Sch\u00fcler, Gruppenf\u00fchrer und Maschinist f\u00fcr L\u00f6schfahrzeuge<br>Patrick K\u00f6hler, Leiter Kinderfeuerwehr<\/p>\n\n\n\n<p><strong>Ehrungen:<\/strong><br>Marcus Wegener, 30 Jahre Mitgliedschaft<\/p>\n\n\n\n<figure class=\"wp-block-gallery has-nested-images columns-default is-cropped wp-block-gallery-1 is-layout-flex wp-block-gallery-is-layout-flex\">\n<figure class=\"wp-block-image size-large\"><img loading=\"lazy\" decoding=\"async\" width=\"1024\" height=\"683\" data-id=\"18226\" src=\"https:\/\/www.feuerwehr-halberstadt.de\/wp-content\/uploads\/2026\/03\/DSC07875-1024x683.jpg\" alt=\"\" class=\"wp-image-18226\" srcset=\"https:\/\/www.feuerwehr-halberstadt.de\/wp-content\/uploads\/2026\/03\/DSC07875-1024x683.jpg 1024w, https:\/\/www.feuerwehr-halberstadt.de\/wp-content\/uploads\/2026\/03\/DSC07875-300x200.jpg 300w, https:\/\/www.feuerwehr-halberstadt.de\/wp-content\/uploads\/2026\/03\/DSC07875-768x512.jpg 768w, https:\/\/www.feuerwehr-halberstadt.de\/wp-content\/uploads\/2026\/03\/DSC07875-1536x1025.jpg 1536w, https:\/\/www.feuerwehr-halberstadt.de\/wp-content\/uploads\/2026\/03\/DSC07875.jpg 2048w\" sizes=\"auto, (max-width: 1024px) 100vw, 1024px\" \/><\/figure>\n\n\n\n<figure class=\"wp-block-image size-large\"><img loading=\"lazy\" decoding=\"async\" width=\"1024\" height=\"683\" data-id=\"18225\" src=\"https:\/\/www.feuerwehr-halberstadt.de\/wp-content\/uploads\/2026\/03\/DSC07885-1024x683.jpg\" alt=\"\" class=\"wp-image-18225\" srcset=\"https:\/\/www.feuerwehr-halberstadt.de\/wp-content\/uploads\/2026\/03\/DSC07885-1024x683.jpg 1024w, https:\/\/www.feuerwehr-halberstadt.de\/wp-content\/uploads\/2026\/03\/DSC07885-300x200.jpg 300w, https:\/\/www.feuerwehr-halberstadt.de\/wp-content\/uploads\/2026\/03\/DSC07885-768x512.jpg 768w, https:\/\/www.feuerwehr-halberstadt.de\/wp-content\/uploads\/2026\/03\/DSC07885-1536x1025.jpg 1536w, https:\/\/www.feuerwehr-halberstadt.de\/wp-content\/uploads\/2026\/03\/DSC07885.jpg 2048w\" sizes=\"auto, (max-width: 1024px) 100vw, 1024px\" \/><\/figure>\n\n\n\n<figure class=\"wp-block-image size-large\"><img loading=\"lazy\" decoding=\"async\" width=\"1024\" height=\"683\" data-id=\"18224\" src=\"https:\/\/www.feuerwehr-halberstadt.de\/wp-content\/uploads\/2026\/03\/DSC07895-1024x683.jpg\" alt=\"\" class=\"wp-image-18224\" srcset=\"https:\/\/www.feuerwehr-halberstadt.de\/wp-content\/uploads\/2026\/03\/DSC07895-1024x683.jpg 1024w, https:\/\/www.feuerwehr-halberstadt.de\/wp-content\/uploads\/2026\/03\/DSC07895-300x200.jpg 300w, https:\/\/www.feuerwehr-halberstadt.de\/wp-content\/uploads\/2026\/03\/DSC07895-768x512.jpg 768w, https:\/\/www.feuerwehr-halberstadt.de\/wp-content\/uploads\/2026\/03\/DSC07895-1536x1025.jpg 1536w, https:\/\/www.feuerwehr-halberstadt.de\/wp-content\/uploads\/2026\/03\/DSC07895.jpg 2048w\" sizes=\"auto, (max-width: 1024px) 100vw, 1024px\" \/><\/figure>\n\n\n\n<figure class=\"wp-block-image size-large\"><img loading=\"lazy\" decoding=\"async\" width=\"1024\" height=\"683\" data-id=\"18223\" src=\"https:\/\/www.feuerwehr-halberstadt.de\/wp-content\/uploads\/2026\/03\/DSC07904-1024x683.jpg\" alt=\"\" class=\"wp-image-18223\" srcset=\"https:\/\/www.feuerwehr-halberstadt.de\/wp-content\/uploads\/2026\/03\/DSC07904-1024x683.jpg 1024w, https:\/\/www.feuerwehr-halberstadt.de\/wp-content\/uploads\/2026\/03\/DSC07904-300x200.jpg 300w, https:\/\/www.feuerwehr-halberstadt.de\/wp-content\/uploads\/2026\/03\/DSC07904-768x512.jpg 768w, https:\/\/www.feuerwehr-halberstadt.de\/wp-content\/uploads\/2026\/03\/DSC07904-1536x1025.jpg 1536w, https:\/\/www.feuerwehr-halberstadt.de\/wp-content\/uploads\/2026\/03\/DSC07904.jpg 2048w\" sizes=\"auto, (max-width: 1024px) 100vw, 1024px\" \/><\/figure>\n\n\n\n<figure class=\"wp-block-image size-large\"><img loading=\"lazy\" decoding=\"async\" width=\"1024\" height=\"683\" data-id=\"18222\" src=\"https:\/\/www.feuerwehr-halberstadt.de\/wp-content\/uploads\/2026\/03\/DSC07917-1024x683.jpg\" alt=\"\" class=\"wp-image-18222\" srcset=\"https:\/\/www.feuerwehr-halberstadt.de\/wp-content\/uploads\/2026\/03\/DSC07917-1024x683.jpg 1024w, https:\/\/www.feuerwehr-halberstadt.de\/wp-content\/uploads\/2026\/03\/DSC07917-300x200.jpg 300w, https:\/\/www.feuerwehr-halberstadt.de\/wp-content\/uploads\/2026\/03\/DSC07917-768x512.jpg 768w, https:\/\/www.feuerwehr-halberstadt.de\/wp-content\/uploads\/2026\/03\/DSC07917-1536x1025.jpg 1536w, https:\/\/www.feuerwehr-halberstadt.de\/wp-content\/uploads\/2026\/03\/DSC07917.jpg 2048w\" sizes=\"auto, (max-width: 1024px) 100vw, 1024px\" \/><\/figure>\n\n\n\n<figure class=\"wp-block-image size-large\"><img loading=\"lazy\" decoding=\"async\" width=\"1024\" height=\"683\" data-id=\"18221\" src=\"https:\/\/www.feuerwehr-halberstadt.de\/wp-content\/uploads\/2026\/03\/DSC07924-1024x683.jpg\" alt=\"\" class=\"wp-image-18221\" srcset=\"https:\/\/www.feuerwehr-halberstadt.de\/wp-content\/uploads\/2026\/03\/DSC07924-1024x683.jpg 1024w, https:\/\/www.feuerwehr-halberstadt.de\/wp-content\/uploads\/2026\/03\/DSC07924-300x200.jpg 300w, https:\/\/www.feuerwehr-halberstadt.de\/wp-content\/uploads\/2026\/03\/DSC07924-768x512.jpg 768w, https:\/\/www.feuerwehr-halberstadt.de\/wp-content\/uploads\/2026\/03\/DSC07924-1536x1025.jpg 1536w, https:\/\/www.feuerwehr-halberstadt.de\/wp-content\/uploads\/2026\/03\/DSC07924.jpg 2048w\" sizes=\"auto, (max-width: 1024px) 100vw, 1024px\" \/><\/figure>\n\n\n\n<figure class=\"wp-block-image size-large\"><img loading=\"lazy\" decoding=\"async\" width=\"1024\" height=\"683\" data-id=\"18219\" src=\"https:\/\/www.feuerwehr-halberstadt.de\/wp-content\/uploads\/2026\/03\/DSC07952-1024x683.jpg\" alt=\"\" class=\"wp-image-18219\" srcset=\"https:\/\/www.feuerwehr-halberstadt.de\/wp-content\/uploads\/2026\/03\/DSC07952-1024x683.jpg 1024w, https:\/\/www.feuerwehr-halberstadt.de\/wp-content\/uploads\/2026\/03\/DSC07952-300x200.jpg 300w, https:\/\/www.feuerwehr-halberstadt.de\/wp-content\/uploads\/2026\/03\/DSC07952-768x512.jpg 768w, https:\/\/www.feuerwehr-halberstadt.de\/wp-content\/uploads\/2026\/03\/DSC07952-1536x1025.jpg 1536w, https:\/\/www.feuerwehr-halberstadt.de\/wp-content\/uploads\/2026\/03\/DSC07952.jpg 2048w\" sizes=\"auto, (max-width: 1024px) 100vw, 1024px\" \/><\/figure>\n\n\n\n<figure class=\"wp-block-image size-large\"><img loading=\"lazy\" decoding=\"async\" width=\"1024\" height=\"683\" data-id=\"18220\" src=\"https:\/\/www.feuerwehr-halberstadt.de\/wp-content\/uploads\/2026\/03\/DSC07942-1024x683.jpg\" alt=\"\" class=\"wp-image-18220\" srcset=\"https:\/\/www.feuerwehr-halberstadt.de\/wp-content\/uploads\/2026\/03\/DSC07942-1024x683.jpg 1024w, https:\/\/www.feuerwehr-halberstadt.de\/wp-content\/uploads\/2026\/03\/DSC07942-300x200.jpg 300w, https:\/\/www.feuerwehr-halberstadt.de\/wp-content\/uploads\/2026\/03\/DSC07942-768x512.jpg 768w, https:\/\/www.feuerwehr-halberstadt.de\/wp-content\/uploads\/2026\/03\/DSC07942-1536x1025.jpg 1536w, https:\/\/www.feuerwehr-halberstadt.de\/wp-content\/uploads\/2026\/03\/DSC07942.jpg 2048w\" sizes=\"auto, (max-width: 1024px) 100vw, 1024px\" \/><\/figure>\n\n\n\n<figure class=\"wp-block-image size-large\"><img loading=\"lazy\" decoding=\"async\" width=\"1024\" height=\"683\" data-id=\"18218\" src=\"https:\/\/www.feuerwehr-halberstadt.de\/wp-content\/uploads\/2026\/03\/DSC07963-1024x683.jpg\" alt=\"\" class=\"wp-image-18218\" srcset=\"https:\/\/www.feuerwehr-halberstadt.de\/wp-content\/uploads\/2026\/03\/DSC07963-1024x683.jpg 1024w, https:\/\/www.feuerwehr-halberstadt.de\/wp-content\/uploads\/2026\/03\/DSC07963-300x200.jpg 300w, https:\/\/www.feuerwehr-halberstadt.de\/wp-content\/uploads\/2026\/03\/DSC07963-768x512.jpg 768w, https:\/\/www.feuerwehr-halberstadt.de\/wp-content\/uploads\/2026\/03\/DSC07963-1536x1025.jpg 1536w, https:\/\/www.feuerwehr-halberstadt.de\/wp-content\/uploads\/2026\/03\/DSC07963.jpg 2048w\" sizes=\"auto, (max-width: 1024px) 100vw, 1024px\" \/><\/figure>\n\n\n\n<figure class=\"wp-block-image size-large\"><img loading=\"lazy\" decoding=\"async\" width=\"1024\" height=\"683\" data-id=\"18217\" src=\"https:\/\/www.feuerwehr-halberstadt.de\/wp-content\/uploads\/2026\/03\/DSC07970-1024x683.jpg\" alt=\"\" class=\"wp-image-18217\" srcset=\"https:\/\/www.feuerwehr-halberstadt.de\/wp-content\/uploads\/2026\/03\/DSC07970-1024x683.jpg 1024w, https:\/\/www.feuerwehr-halberstadt.de\/wp-content\/uploads\/2026\/03\/DSC07970-300x200.jpg 300w, https:\/\/www.feuerwehr-halberstadt.de\/wp-content\/uploads\/2026\/03\/DSC07970-768x512.jpg 768w, https:\/\/www.feuerwehr-halberstadt.de\/wp-content\/uploads\/2026\/03\/DSC07970-1536x1025.jpg 1536w, https:\/\/www.feuerwehr-halberstadt.de\/wp-content\/uploads\/2026\/03\/DSC07970.jpg 2048w\" sizes=\"auto, (max-width: 1024px) 100vw, 1024px\" \/><\/figure>\n<\/figure>\n","protected":false},"excerpt":{"rendered":"<p>Am Freitag, dem 06.03.2026, f\u00fchrte die Ortsfeuerwehr Sargstedt ihre j\u00e4hrliche Jahreshauptversammlung im Ger\u00e4tehaus durch.<\/p>\n","protected":false},"author":8,"featured_media":18227,"comment_status":"closed","ping_status":"closed","sticky":false,"template":"","format":"standard","meta":{"_acf_changed":false,"footnotes":""},"categories":[9],"tags":[],"class_list":["post-18196","post","type-post","status-publish","format-standard","has-post-thumbnail","hentry","category-allgemein"],"acf":[],"yoast_head":"<!-- This site is optimized with the Yoast SEO plugin v27.4 - https:\/\/yoast.com\/product\/yoast-seo-wordpress\/ -->\n<title>Jahreshauptversammlung der Ortsfeuerwehr Sargstedt - Feuerwehr Halberstadt<\/title>\n<meta name=\"robots\" content=\"index, follow, max-snippet:-1, max-image-preview:large, max-video-preview:-1\" \/>\n<link rel=\"canonical\" href=\"https:\/\/www.feuerwehr-halberstadt.de\/?p=18196\" \/>\n<meta property=\"og:locale\" content=\"de_DE\" \/>\n<meta property=\"og:type\" content=\"article\" \/>\n<meta property=\"og:title\" content=\"Jahreshauptversammlung der Ortsfeuerwehr Sargstedt - Feuerwehr Halberstadt\" \/>\n<meta property=\"og:description\" content=\"Am Freitag, dem 06.03.2026, f\u00fchrte die Ortsfeuerwehr Sargstedt ihre j\u00e4hrliche Jahreshauptversammlung im Ger\u00e4tehaus durch.\" \/>\n<meta property=\"og:url\" content=\"https:\/\/www.feuerwehr-halberstadt.de\/?p=18196\" \/>\n<meta property=\"og:site_name\" content=\"Feuerwehr Halberstadt\" \/>\n<meta property=\"article:publisher\" content=\"https:\/\/www.facebook.com\/FeuerwehrHalberstadt\/\" \/>\n<meta property=\"article:published_time\" content=\"2026-03-09T18:42:28+00:00\" \/>\n<meta property=\"article:modified_time\" content=\"2026-03-09T18:42:30+00:00\" \/>\n<meta property=\"og:image\" content=\"https:\/\/www.feuerwehr-halberstadt.de\/wp-content\/uploads\/2026\/03\/DSC07856-e1773081600644.jpg\" \/>\n\t<meta property=\"og:image:width\" content=\"1280\" \/>\n\t<meta property=\"og:image:height\" content=\"824\" \/>\n\t<meta property=\"og:image:type\" content=\"image\/jpeg\" \/>\n<meta name=\"author\" content=\"K\u00fchne, Ren\u00e9\" \/>\n<meta name=\"twitter:card\" content=\"summary_large_image\" \/>\n<meta name=\"twitter:label1\" content=\"Verfasst von\" \/>\n\t<meta name=\"twitter:data1\" content=\"K\u00fchne, Ren\u00e9\" \/>\n\t<meta name=\"twitter:label2\" content=\"Gesch\u00e4tzte Lesezeit\" \/>\n\t<meta name=\"twitter:data2\" content=\"7\u00a0Minuten\" \/>\n<script type=\"application\/ld+json\" class=\"yoast-schema-graph\">{\"@context\":\"https:\\\/\\\/schema.org\",\"@graph\":[{\"@type\":\"Article\",\"@id\":\"https:\\\/\\\/www.feuerwehr-halberstadt.de\\\/?p=18196#article\",\"isPartOf\":{\"@id\":\"https:\\\/\\\/www.feuerwehr-halberstadt.de\\\/?p=18196\"},\"author\":{\"name\":\"K\u00fchne, Ren\u00e9\",\"@id\":\"https:\\\/\\\/www.feuerwehr-halberstadt.de\\\/#\\\/schema\\\/person\\\/3025e717504caccf9120c148aa5dafc9\"},\"headline\":\"Jahreshauptversammlung der Ortsfeuerwehr Sargstedt\",\"datePublished\":\"2026-03-09T18:42:28+00:00\",\"dateModified\":\"2026-03-09T18:42:30+00:00\",\"mainEntityOfPage\":{\"@id\":\"https:\\\/\\\/www.feuerwehr-halberstadt.de\\\/?p=18196\"},\"wordCount\":791,\"publisher\":{\"@id\":\"https:\\\/\\\/www.feuerwehr-halberstadt.de\\\/#organization\"},\"image\":{\"@id\":\"https:\\\/\\\/www.feuerwehr-halberstadt.de\\\/?p=18196#primaryimage\"},\"thumbnailUrl\":\"https:\\\/\\\/www.feuerwehr-halberstadt.de\\\/wp-content\\\/uploads\\\/2026\\\/03\\\/DSC07856-e1773081600644.jpg\",\"inLanguage\":\"de\"},{\"@type\":\"WebPage\",\"@id\":\"https:\\\/\\\/www.feuerwehr-halberstadt.de\\\/?p=18196\",\"url\":\"https:\\\/\\\/www.feuerwehr-halberstadt.de\\\/?p=18196\",\"name\":\"Jahreshauptversammlung der Ortsfeuerwehr Sargstedt - Feuerwehr Halberstadt\",\"isPartOf\":{\"@id\":\"https:\\\/\\\/www.feuerwehr-halberstadt.de\\\/#website\"},\"primaryImageOfPage\":{\"@id\":\"https:\\\/\\\/www.feuerwehr-halberstadt.de\\\/?p=18196#primaryimage\"},\"image\":{\"@id\":\"https:\\\/\\\/www.feuerwehr-halberstadt.de\\\/?p=18196#primaryimage\"},\"thumbnailUrl\":\"https:\\\/\\\/www.feuerwehr-halberstadt.de\\\/wp-content\\\/uploads\\\/2026\\\/03\\\/DSC07856-e1773081600644.jpg\",\"datePublished\":\"2026-03-09T18:42:28+00:00\",\"dateModified\":\"2026-03-09T18:42:30+00:00\",\"breadcrumb\":{\"@id\":\"https:\\\/\\\/www.feuerwehr-halberstadt.de\\\/?p=18196#breadcrumb\"},\"inLanguage\":\"de\",\"potentialAction\":[{\"@type\":\"ReadAction\",\"target\":[\"https:\\\/\\\/www.feuerwehr-halberstadt.de\\\/?p=18196\"]}]},{\"@type\":\"ImageObject\",\"inLanguage\":\"de\",\"@id\":\"https:\\\/\\\/www.feuerwehr-halberstadt.de\\\/?p=18196#primaryimage\",\"url\":\"https:\\\/\\\/www.feuerwehr-halberstadt.de\\\/wp-content\\\/uploads\\\/2026\\\/03\\\/DSC07856-e1773081600644.jpg\",\"contentUrl\":\"https:\\\/\\\/www.feuerwehr-halberstadt.de\\\/wp-content\\\/uploads\\\/2026\\\/03\\\/DSC07856-e1773081600644.jpg\",\"width\":1280,\"height\":824},{\"@type\":\"BreadcrumbList\",\"@id\":\"https:\\\/\\\/www.feuerwehr-halberstadt.de\\\/?p=18196#breadcrumb\",\"itemListElement\":[{\"@type\":\"ListItem\",\"position\":1,\"name\":\"Startseite\",\"item\":\"https:\\\/\\\/www.feuerwehr-halberstadt.de\\\/\"},{\"@type\":\"ListItem\",\"position\":2,\"name\":\"Jahreshauptversammlung der Ortsfeuerwehr Sargstedt\"}]},{\"@type\":\"WebSite\",\"@id\":\"https:\\\/\\\/www.feuerwehr-halberstadt.de\\\/#website\",\"url\":\"https:\\\/\\\/www.feuerwehr-halberstadt.de\\\/\",\"name\":\"Feuerwehr Halberstadt\",\"description\":\"#imEinsatzf\u00fcrHalberstadt\",\"publisher\":{\"@id\":\"https:\\\/\\\/www.feuerwehr-halberstadt.de\\\/#organization\"},\"potentialAction\":[{\"@type\":\"SearchAction\",\"target\":{\"@type\":\"EntryPoint\",\"urlTemplate\":\"https:\\\/\\\/www.feuerwehr-halberstadt.de\\\/?s={search_term_string}\"},\"query-input\":{\"@type\":\"PropertyValueSpecification\",\"valueRequired\":true,\"valueName\":\"search_term_string\"}}],\"inLanguage\":\"de\"},{\"@type\":\"Organization\",\"@id\":\"https:\\\/\\\/www.feuerwehr-halberstadt.de\\\/#organization\",\"name\":\"Feuerwehr Halberstadt\",\"url\":\"https:\\\/\\\/www.feuerwehr-halberstadt.de\\\/\",\"logo\":{\"@type\":\"ImageObject\",\"inLanguage\":\"de\",\"@id\":\"https:\\\/\\\/www.feuerwehr-halberstadt.de\\\/#\\\/schema\\\/logo\\\/image\\\/\",\"url\":\"https:\\\/\\\/www.feuerwehr-halberstadt.de\\\/wp-content\\\/uploads\\\/2023\\\/10\\\/IMG_0126.png\",\"contentUrl\":\"https:\\\/\\\/www.feuerwehr-halberstadt.de\\\/wp-content\\\/uploads\\\/2023\\\/10\\\/IMG_0126.png\",\"width\":1500,\"height\":399,\"caption\":\"Feuerwehr Halberstadt\"},\"image\":{\"@id\":\"https:\\\/\\\/www.feuerwehr-halberstadt.de\\\/#\\\/schema\\\/logo\\\/image\\\/\"},\"sameAs\":[\"https:\\\/\\\/www.facebook.com\\\/FeuerwehrHalberstadt\\\/\"]},{\"@type\":\"Person\",\"@id\":\"https:\\\/\\\/www.feuerwehr-halberstadt.de\\\/#\\\/schema\\\/person\\\/3025e717504caccf9120c148aa5dafc9\",\"name\":\"K\u00fchne, Ren\u00e9\",\"image\":{\"@type\":\"ImageObject\",\"inLanguage\":\"de\",\"@id\":\"https:\\\/\\\/secure.gravatar.com\\\/avatar\\\/55eea2ec92cf331c72f122107a136da45b190ce89b28770aafc2f0a0788d2fd4?s=96&d=mm&r=g\",\"url\":\"https:\\\/\\\/secure.gravatar.com\\\/avatar\\\/55eea2ec92cf331c72f122107a136da45b190ce89b28770aafc2f0a0788d2fd4?s=96&d=mm&r=g\",\"contentUrl\":\"https:\\\/\\\/secure.gravatar.com\\\/avatar\\\/55eea2ec92cf331c72f122107a136da45b190ce89b28770aafc2f0a0788d2fd4?s=96&d=mm&r=g\",\"caption\":\"K\u00fchne, Ren\u00e9\"},\"url\":\"https:\\\/\\\/www.feuerwehr-halberstadt.de\\\/?author=8\"}]}<\/script>\n<!-- \/ Yoast SEO plugin. -->","yoast_head_json":{"title":"Jahreshauptversammlung der Ortsfeuerwehr Sargstedt - Feuerwehr Halberstadt","robots":{"index":"index","follow":"follow","max-snippet":"max-snippet:-1","max-image-preview":"max-image-preview:large","max-video-preview":"max-video-preview:-1"},"canonical":"https:\/\/www.feuerwehr-halberstadt.de\/?p=18196","og_locale":"de_DE","og_type":"article","og_title":"Jahreshauptversammlung der Ortsfeuerwehr Sargstedt - Feuerwehr Halberstadt","og_description":"Am Freitag, dem 06.03.2026, f\u00fchrte die Ortsfeuerwehr Sargstedt ihre j\u00e4hrliche Jahreshauptversammlung im Ger\u00e4tehaus durch.","og_url":"https:\/\/www.feuerwehr-halberstadt.de\/?p=18196","og_site_name":"Feuerwehr Halberstadt","article_publisher":"https:\/\/www.facebook.com\/FeuerwehrHalberstadt\/","article_published_time":"2026-03-09T18:42:28+00:00","article_modified_time":"2026-03-09T18:42:30+00:00","og_image":[{"width":1280,"height":824,"url":"https:\/\/www.feuerwehr-halberstadt.de\/wp-content\/uploads\/2026\/03\/DSC07856-e1773081600644.jpg","type":"image\/jpeg"}],"author":"K\u00fchne, Ren\u00e9","twitter_card":"summary_large_image","twitter_misc":{"Verfasst von":"K\u00fchne, Ren\u00e9","Gesch\u00e4tzte Lesezeit":"7\u00a0Minuten"},"schema":{"@context":"https:\/\/schema.org","@graph":[{"@type":"Article","@id":"https:\/\/www.feuerwehr-halberstadt.de\/?p=18196#article","isPartOf":{"@id":"https:\/\/www.feuerwehr-halberstadt.de\/?p=18196"},"author":{"name":"K\u00fchne, Ren\u00e9","@id":"https:\/\/www.feuerwehr-halberstadt.de\/#\/schema\/person\/3025e717504caccf9120c148aa5dafc9"},"headline":"Jahreshauptversammlung der Ortsfeuerwehr Sargstedt","datePublished":"2026-03-09T18:42:28+00:00","dateModified":"2026-03-09T18:42:30+00:00","mainEntityOfPage":{"@id":"https:\/\/www.feuerwehr-halberstadt.de\/?p=18196"},"wordCount":791,"publisher":{"@id":"https:\/\/www.feuerwehr-halberstadt.de\/#organization"},"image":{"@id":"https:\/\/www.feuerwehr-halberstadt.de\/?p=18196#primaryimage"},"thumbnailUrl":"https:\/\/www.feuerwehr-halberstadt.de\/wp-content\/uploads\/2026\/03\/DSC07856-e1773081600644.jpg","inLanguage":"de"},{"@type":"WebPage","@id":"https:\/\/www.feuerwehr-halberstadt.de\/?p=18196","url":"https:\/\/www.feuerwehr-halberstadt.de\/?p=18196","name":"Jahreshauptversammlung der Ortsfeuerwehr Sargstedt - Feuerwehr Halberstadt","isPartOf":{"@id":"https:\/\/www.feuerwehr-halberstadt.de\/#website"},"primaryImageOfPage":{"@id":"https:\/\/www.feuerwehr-halberstadt.de\/?p=18196#primaryimage"},"image":{"@id":"https:\/\/www.feuerwehr-halberstadt.de\/?p=18196#primaryimage"},"thumbnailUrl":"https:\/\/www.feuerwehr-halberstadt.de\/wp-content\/uploads\/2026\/03\/DSC07856-e1773081600644.jpg","datePublished":"2026-03-09T18:42:28+00:00","dateModified":"2026-03-09T18:42:30+00:00","breadcrumb":{"@id":"https:\/\/www.feuerwehr-halberstadt.de\/?p=18196#breadcrumb"},"inLanguage":"de","potentialAction":[{"@type":"ReadAction","target":["https:\/\/www.feuerwehr-halberstadt.de\/?p=18196"]}]},{"@type":"ImageObject","inLanguage":"de","@id":"https:\/\/www.feuerwehr-halberstadt.de\/?p=18196#primaryimage","url":"https:\/\/www.feuerwehr-halberstadt.de\/wp-content\/uploads\/2026\/03\/DSC07856-e1773081600644.jpg","contentUrl":"https:\/\/www.feuerwehr-halberstadt.de\/wp-content\/uploads\/2026\/03\/DSC07856-e1773081600644.jpg","width":1280,"height":824},{"@type":"BreadcrumbList","@id":"https:\/\/www.feuerwehr-halberstadt.de\/?p=18196#breadcrumb","itemListElement":[{"@type":"ListItem","position":1,"name":"Startseite","item":"https:\/\/www.feuerwehr-halberstadt.de\/"},{"@type":"ListItem","position":2,"name":"Jahreshauptversammlung der Ortsfeuerwehr Sargstedt"}]},{"@type":"WebSite","@id":"https:\/\/www.feuerwehr-halberstadt.de\/#website","url":"https:\/\/www.feuerwehr-halberstadt.de\/","name":"Feuerwehr Halberstadt","description":"#imEinsatzf\u00fcrHalberstadt","publisher":{"@id":"https:\/\/www.feuerwehr-halberstadt.de\/#organization"},"potentialAction":[{"@type":"SearchAction","target":{"@type":"EntryPoint","urlTemplate":"https:\/\/www.feuerwehr-halberstadt.de\/?s={search_term_string}"},"query-input":{"@type":"PropertyValueSpecification","valueRequired":true,"valueName":"search_term_string"}}],"inLanguage":"de"},{"@type":"Organization","@id":"https:\/\/www.feuerwehr-halberstadt.de\/#organization","name":"Feuerwehr Halberstadt","url":"https:\/\/www.feuerwehr-halberstadt.de\/","logo":{"@type":"ImageObject","inLanguage":"de","@id":"https:\/\/www.feuerwehr-halberstadt.de\/#\/schema\/logo\/image\/","url":"https:\/\/www.feuerwehr-halberstadt.de\/wp-content\/uploads\/2023\/10\/IMG_0126.png","contentUrl":"https:\/\/www.feuerwehr-halberstadt.de\/wp-content\/uploads\/2023\/10\/IMG_0126.png","width":1500,"height":399,"caption":"Feuerwehr Halberstadt"},"image":{"@id":"https:\/\/www.feuerwehr-halberstadt.de\/#\/schema\/logo\/image\/"},"sameAs":["https:\/\/www.facebook.com\/FeuerwehrHalberstadt\/"]},{"@type":"Person","@id":"https:\/\/www.feuerwehr-halberstadt.de\/#\/schema\/person\/3025e717504caccf9120c148aa5dafc9","name":"K\u00fchne, Ren\u00e9","image":{"@type":"ImageObject","inLanguage":"de","@id":"https:\/\/secure.gravatar.com\/avatar\/55eea2ec92cf331c72f122107a136da45b190ce89b28770aafc2f0a0788d2fd4?s=96&d=mm&r=g","url":"https:\/\/secure.gravatar.com\/avatar\/55eea2ec92cf331c72f122107a136da45b190ce89b28770aafc2f0a0788d2fd4?s=96&d=mm&r=g","contentUrl":"https:\/\/secure.gravatar.com\/avatar\/55eea2ec92cf331c72f122107a136da45b190ce89b28770aafc2f0a0788d2fd4?s=96&d=mm&r=g","caption":"K\u00fchne, Ren\u00e9"},"url":"https:\/\/www.feuerwehr-halberstadt.de\/?author=8"}]}},"_links":{"self":[{"href":"https:\/\/www.feuerwehr-halberstadt.de\/index.php?rest_route=\/wp\/v2\/posts\/18196","targetHints":{"allow":["GET"]}}],"collection":[{"href":"https:\/\/www.feuerwehr-halberstadt.de\/index.php?rest_route=\/wp\/v2\/posts"}],"about":[{"href":"https:\/\/www.feuerwehr-halberstadt.de\/index.php?rest_route=\/wp\/v2\/types\/post"}],"author":[{"embeddable":true,"href":"https:\/\/www.feuerwehr-halberstadt.de\/index.php?rest_route=\/wp\/v2\/users\/8"}],"replies":[{"embeddable":true,"href":"https:\/\/www.feuerwehr-halberstadt.de\/index.php?rest_route=%2Fwp%2Fv2%2Fcomments&post=18196"}],"version-history":[{"count":5,"href":"https:\/\/www.feuerwehr-halberstadt.de\/index.php?rest_route=\/wp\/v2\/posts\/18196\/revisions"}],"predecessor-version":[{"id":18228,"href":"https:\/\/www.feuerwehr-halberstadt.de\/index.php?rest_route=\/wp\/v2\/posts\/18196\/revisions\/18228"}],"wp:featuredmedia":[{"embeddable":true,"href":"https:\/\/www.feuerwehr-halberstadt.de\/index.php?rest_route=\/wp\/v2\/media\/18227"}],"wp:attachment":[{"href":"https:\/\/www.feuerwehr-halberstadt.de\/index.php?rest_route=%2Fwp%2Fv2%2Fmedia&parent=18196"}],"wp:term":[{"taxonomy":"category","embeddable":true,"href":"https:\/\/www.feuerwehr-halberstadt.de\/index.php?rest_route=%2Fwp%2Fv2%2Fcategories&post=18196"},{"taxonomy":"post_tag","embeddable":true,"href":"https:\/\/www.feuerwehr-halberstadt.de\/index.php?rest_route=%2Fwp%2Fv2%2Ftags&post=18196"}],"curies":[{"name":"wp","href":"https:\/\/api.w.org\/{rel}","templated":true}]}}