{"id":18193,"date":"2026-03-08T13:25:29","date_gmt":"2026-03-08T12:25:29","guid":{"rendered":"https:\/\/www.feuerwehr-halberstadt.de\/?p=18193"},"modified":"2026-03-08T16:46:05","modified_gmt":"2026-03-08T15:46:05","slug":"jahreshauptversammlung-der-ortsfeuerwehr-aspenstedt-3","status":"publish","type":"post","link":"https:\/\/www.feuerwehr-halberstadt.de\/?p=18193","title":{"rendered":"Jahreshauptversammlung der Ortsfeuerwehr Aspenstedt"},"content":{"rendered":"\n<p>Am Samstag, dem 28.02.2026, f\u00fchrte die Ortsfeuerwehr Aspenstedt ihre j\u00e4hrliche Jahreshauptversammlung durch. In diesem Jahr wurde die Versammlung jedoch nicht wie gewohnt im Ger\u00e4tehaus, sondern im Harzer Schnitzelk\u00f6nig in Lautenthal durchgef\u00fchrt. Ortswehrleiter Nico Hauptmann er\u00f6ffnete die Sitzung mit der Begr\u00fc\u00dfung aller anwesenden G\u00e4ste sowie der Kameradinnen und Kameraden.<\/p>\n\n\n\n<!--more-->\n\n\n\n<p>Der Ortswehrleiter blickte positiv auf das Jahr 2025 zur\u00fcck. Besonders erfreulich sei die seit Jahren steigende Mitgliederzahl. Die Ortsfeuerwehr Aspenstedt z\u00e4hlte im Jahr 2025 insgesamt 20 Einsatzkr\u00e4fte. Ein sehr positiver Trend, da auch im vergangenen Jahr wieder zwei neue Mitglieder gewonnen werden konnten, welche sich zur Zeit noch in der Ausbildung befinden. <\/p>\n\n\n\n<p>Die Aspenstedter Kameradinnen und Kameraden wurden in 2025 zu 12 Eins\u00e4tzen alarmiert. So leisteten die Kameraden insgesamt 137,02 Einsatzstunden. Erfreulich ist dabei, dass die Ortsfeuerwehr zu diesen Eins\u00e4tzen mit durchschnittlich 6 Einsatzkr\u00e4ften ausr\u00fccken konnte.<\/p>\n\n\n\n<p>Erw\u00e4hnenswert hierbei waren:<br>&#8211; ein Massenanfall von Verletzten (MANV II) nach einem Kellerbrand in Halberstadt<br>&#8211; zwei B2 Mittelbr\u00e4nde in Halberstadt<br>&#8211; eine \u00fcber\u00f6rtliche L\u00f6schhilfe im Harz<br>&#8211; ein Traktorbrand auf der B79<br>&#8211; ein Gartenlaubenbrand in Veltensm\u00fchle<br>&#8211; und ein Verkehrsunfall auf der B79.<\/p>\n\n\n\n<p>An insgesamt 20 Dienstabenden wurden im letzten Jahr 668 Ausbildungsstunden durch die Ortsfeuerwehr abgeleistet. Zudem wurden durch die Kameraden 7 Lehrgangsveranstaltungen auf Kreis- und Landesebene besucht. Hierbei kamen weitere 450 Ausbildungsstunden f\u00fcr die Ortsfeuerwehr zusammen. In Hinblick auf Lehrg\u00e4nge lobte Nico Hauptmann die Durchf\u00fchrung des Grundlehrgangs im vergangenen Jahr.<\/p>\n\n\n\n<p>Bei zahlreichen Veranstaltungen im Ort, konnte die Ortsfeuerwehr erneut beweisen, dass sie zu einer verl\u00e4sslichen und anerkannten Gr\u00f6\u00dfe der Dorfgemeinschaft geh\u00f6ren. So wurden unter anderem das Osterfeuer, der Huy-Burgen-Lauf, der Martinsumzug und der Weihnachtsmarkt durch die Kameraden abgesichert oder organisiert. <\/p>\n\n\n\n<p>Im Jahr 2026 stehen wieder einige Punkte auf dem Programm der Ortsfeuerwehr. Zwei Kameraden werden den Grundlehrgang besuchen, ein Kamerad soll den Gruppenf\u00fchrer-Lehrgang am IBK besuchen und ein Kamerad soll zum Zugf\u00fchrer ausgebildet werden. Leider scheidet auch ein Mitglied altersbedingt aus der Einsatzabteilung aus. Zudem stehen auch wieder einige Veranstaltungen auf dem Plan der Ortsfeuerwehr.<\/p>\n\n\n\n<p>Anschlie\u00dfend bedankte sich der Ortswehrleiter bei den Mitgliedern f\u00fcr das Engagement im vergangenen Jahr und die gezeigte Einsatzbereitschaft. Besonderer Dank galt den Familien, ohne deren Unterst\u00fctzung die Ehrenamtlichen ihre Arbeit nicht durchf\u00fchren k\u00f6nnen.<\/p>\n\n\n\n<p>Stadtwehrleiter Martin Schulz bedankte sich zun\u00e4chst f\u00fcr die geleistete Einsatzbereitschaft im vergangenen Jahr und lobte die hohe Anzahl der Einsatzkr\u00e4fte in der Ortswehr, mit 20 aktiven Mitgliedern sei Aspenstedt neben der Ortsfeuerwehr Halberstadt eine der st\u00e4rksten Ortsfeuerwehren in der Stadtfeuerwehr Halberstadt.<\/p>\n\n\n\n<p>Au\u00dferdem blickte er positiv auf das Jahr 2025 zur\u00fcck, welches einige Neuerungen mit sich brachte. Die war zum einen die \u00dcbergabe der neuen Einsatzhelme f\u00fcr die gesamte Stadtfeuerwehr im Oktober und die \u00dcbergabe der neuen Einsatzbekleidung f\u00fcr die Ortfeuerwehren Halberstadt, Emersleben und Klein Quenstedt im Dezember. Weitere Ortsfeuerwehren sollen Ende diesen Jahres ebenfalls ihre neue Einsatzbekleidung erhalten, erg\u00e4nzte der Stadtwehrleiter. Zu guter letzt wurde das Jahr mit der Einf\u00fchrung der neuen AlarmApp f\u00fcr alle Ortsfeuerwehren erfolgreich beendet. An dieser Stelle richtete er auch ein gro\u00dfes Dankesch\u00f6n an den Oberb\u00fcrgermeister Daniel Szarata und den Stadtrat, die diese Ver\u00e4nderungen erst m\u00f6glich machen. Au\u00dferdem gab Schulz einen \u00dcberblick \u00fcber die Neuerungen und Entwicklungen am IBK Heyrothsberge.<\/p>\n\n\n\n<p><strong>Bef\u00f6rderungen:<\/strong><br>Markus-Kalle Gellert, Oberfeuerwehrmann<br>Carsten Kundt, Oberfeuerwehrmann <br>Melvin Gro\u00dfhennig, Oberfeuerwehrmann <br>Josefin Breitschuh, Hauptfeuerwehrfrau<br>Sascha Wundram, Hauptfeuerwehrmann<br>Kai Breitschuh, 1. Hauptfeuerwehrmann<\/p>\n\n\n\n<p><strong>Ehrungen:<\/strong><br>David Ahrenholz, 20 Jahre Mitgliedschaft<br><\/p>\n","protected":false},"excerpt":{"rendered":"<p>Am Samstag, dem 28.02.2026, f\u00fchrte die Ortsfeuerwehr Aspenstedt ihre j\u00e4hrliche Jahreshauptversammlung durch. In diesem Jahr wurde die Versammlung jedoch nicht wie gewohnt im Ger\u00e4tehaus, sondern im Harzer Schnitzelk\u00f6nig in Lautenthal durchgef\u00fchrt. Ortswehrleiter Nico Hauptmann er\u00f6ffnete die Sitzung mit der Begr\u00fc\u00dfung aller anwesenden G\u00e4ste sowie der Kameradinnen und Kameraden.<\/p>\n","protected":false},"author":8,"featured_media":18195,"comment_status":"closed","ping_status":"closed","sticky":false,"template":"","format":"standard","meta":{"_acf_changed":false,"footnotes":""},"categories":[9],"tags":[],"class_list":["post-18193","post","type-post","status-publish","format-standard","has-post-thumbnail","hentry","category-allgemein"],"acf":[],"yoast_head":"<!-- This site is optimized with the Yoast SEO plugin v27.4 - https:\/\/yoast.com\/product\/yoast-seo-wordpress\/ -->\n<title>Jahreshauptversammlung der Ortsfeuerwehr Aspenstedt - Feuerwehr Halberstadt<\/title>\n<meta name=\"robots\" content=\"index, follow, max-snippet:-1, max-image-preview:large, max-video-preview:-1\" \/>\n<link rel=\"canonical\" href=\"https:\/\/www.feuerwehr-halberstadt.de\/?p=18193\" \/>\n<meta property=\"og:locale\" content=\"de_DE\" \/>\n<meta property=\"og:type\" content=\"article\" \/>\n<meta property=\"og:title\" content=\"Jahreshauptversammlung der Ortsfeuerwehr Aspenstedt - Feuerwehr Halberstadt\" \/>\n<meta property=\"og:description\" content=\"Am Samstag, dem 28.02.2026, f\u00fchrte die Ortsfeuerwehr Aspenstedt ihre j\u00e4hrliche Jahreshauptversammlung durch. In diesem Jahr wurde die Versammlung jedoch nicht wie gewohnt im Ger\u00e4tehaus, sondern im Harzer Schnitzelk\u00f6nig in Lautenthal durchgef\u00fchrt. Ortswehrleiter Nico Hauptmann er\u00f6ffnete die Sitzung mit der Begr\u00fc\u00dfung aller anwesenden G\u00e4ste sowie der Kameradinnen und Kameraden.\" \/>\n<meta property=\"og:url\" content=\"https:\/\/www.feuerwehr-halberstadt.de\/?p=18193\" \/>\n<meta property=\"og:site_name\" content=\"Feuerwehr Halberstadt\" \/>\n<meta property=\"article:publisher\" content=\"https:\/\/www.facebook.com\/FeuerwehrHalberstadt\/\" \/>\n<meta property=\"article:published_time\" content=\"2026-03-08T12:25:29+00:00\" \/>\n<meta property=\"article:modified_time\" content=\"2026-03-08T15:46:05+00:00\" \/>\n<meta property=\"og:image\" content=\"https:\/\/www.feuerwehr-halberstadt.de\/wp-content\/uploads\/2026\/03\/IMG_7709-scaled.jpeg\" \/>\n\t<meta property=\"og:image:width\" content=\"2560\" \/>\n\t<meta property=\"og:image:height\" content=\"1920\" \/>\n\t<meta property=\"og:image:type\" content=\"image\/jpeg\" \/>\n<meta name=\"author\" content=\"K\u00fchne, Ren\u00e9\" \/>\n<meta name=\"twitter:card\" content=\"summary_large_image\" \/>\n<meta name=\"twitter:label1\" content=\"Verfasst von\" \/>\n\t<meta name=\"twitter:data1\" content=\"K\u00fchne, Ren\u00e9\" \/>\n\t<meta name=\"twitter:label2\" content=\"Gesch\u00e4tzte Lesezeit\" \/>\n\t<meta name=\"twitter:data2\" content=\"4\u00a0Minuten\" \/>\n<script type=\"application\/ld+json\" class=\"yoast-schema-graph\">{\"@context\":\"https:\\\/\\\/schema.org\",\"@graph\":[{\"@type\":\"Article\",\"@id\":\"https:\\\/\\\/www.feuerwehr-halberstadt.de\\\/?p=18193#article\",\"isPartOf\":{\"@id\":\"https:\\\/\\\/www.feuerwehr-halberstadt.de\\\/?p=18193\"},\"author\":{\"name\":\"K\u00fchne, Ren\u00e9\",\"@id\":\"https:\\\/\\\/www.feuerwehr-halberstadt.de\\\/#\\\/schema\\\/person\\\/3025e717504caccf9120c148aa5dafc9\"},\"headline\":\"Jahreshauptversammlung der Ortsfeuerwehr Aspenstedt\",\"datePublished\":\"2026-03-08T12:25:29+00:00\",\"dateModified\":\"2026-03-08T15:46:05+00:00\",\"mainEntityOfPage\":{\"@id\":\"https:\\\/\\\/www.feuerwehr-halberstadt.de\\\/?p=18193\"},\"wordCount\":568,\"publisher\":{\"@id\":\"https:\\\/\\\/www.feuerwehr-halberstadt.de\\\/#organization\"},\"image\":{\"@id\":\"https:\\\/\\\/www.feuerwehr-halberstadt.de\\\/?p=18193#primaryimage\"},\"thumbnailUrl\":\"https:\\\/\\\/www.feuerwehr-halberstadt.de\\\/wp-content\\\/uploads\\\/2026\\\/03\\\/IMG_7709-scaled.jpeg\",\"inLanguage\":\"de\"},{\"@type\":\"WebPage\",\"@id\":\"https:\\\/\\\/www.feuerwehr-halberstadt.de\\\/?p=18193\",\"url\":\"https:\\\/\\\/www.feuerwehr-halberstadt.de\\\/?p=18193\",\"name\":\"Jahreshauptversammlung der Ortsfeuerwehr Aspenstedt - Feuerwehr Halberstadt\",\"isPartOf\":{\"@id\":\"https:\\\/\\\/www.feuerwehr-halberstadt.de\\\/#website\"},\"primaryImageOfPage\":{\"@id\":\"https:\\\/\\\/www.feuerwehr-halberstadt.de\\\/?p=18193#primaryimage\"},\"image\":{\"@id\":\"https:\\\/\\\/www.feuerwehr-halberstadt.de\\\/?p=18193#primaryimage\"},\"thumbnailUrl\":\"https:\\\/\\\/www.feuerwehr-halberstadt.de\\\/wp-content\\\/uploads\\\/2026\\\/03\\\/IMG_7709-scaled.jpeg\",\"datePublished\":\"2026-03-08T12:25:29+00:00\",\"dateModified\":\"2026-03-08T15:46:05+00:00\",\"breadcrumb\":{\"@id\":\"https:\\\/\\\/www.feuerwehr-halberstadt.de\\\/?p=18193#breadcrumb\"},\"inLanguage\":\"de\",\"potentialAction\":[{\"@type\":\"ReadAction\",\"target\":[\"https:\\\/\\\/www.feuerwehr-halberstadt.de\\\/?p=18193\"]}]},{\"@type\":\"ImageObject\",\"inLanguage\":\"de\",\"@id\":\"https:\\\/\\\/www.feuerwehr-halberstadt.de\\\/?p=18193#primaryimage\",\"url\":\"https:\\\/\\\/www.feuerwehr-halberstadt.de\\\/wp-content\\\/uploads\\\/2026\\\/03\\\/IMG_7709-scaled.jpeg\",\"contentUrl\":\"https:\\\/\\\/www.feuerwehr-halberstadt.de\\\/wp-content\\\/uploads\\\/2026\\\/03\\\/IMG_7709-scaled.jpeg\",\"width\":2560,\"height\":1920},{\"@type\":\"BreadcrumbList\",\"@id\":\"https:\\\/\\\/www.feuerwehr-halberstadt.de\\\/?p=18193#breadcrumb\",\"itemListElement\":[{\"@type\":\"ListItem\",\"position\":1,\"name\":\"Startseite\",\"item\":\"https:\\\/\\\/www.feuerwehr-halberstadt.de\\\/\"},{\"@type\":\"ListItem\",\"position\":2,\"name\":\"Jahreshauptversammlung der Ortsfeuerwehr Aspenstedt\"}]},{\"@type\":\"WebSite\",\"@id\":\"https:\\\/\\\/www.feuerwehr-halberstadt.de\\\/#website\",\"url\":\"https:\\\/\\\/www.feuerwehr-halberstadt.de\\\/\",\"name\":\"Feuerwehr Halberstadt\",\"description\":\"#imEinsatzf\u00fcrHalberstadt\",\"publisher\":{\"@id\":\"https:\\\/\\\/www.feuerwehr-halberstadt.de\\\/#organization\"},\"potentialAction\":[{\"@type\":\"SearchAction\",\"target\":{\"@type\":\"EntryPoint\",\"urlTemplate\":\"https:\\\/\\\/www.feuerwehr-halberstadt.de\\\/?s={search_term_string}\"},\"query-input\":{\"@type\":\"PropertyValueSpecification\",\"valueRequired\":true,\"valueName\":\"search_term_string\"}}],\"inLanguage\":\"de\"},{\"@type\":\"Organization\",\"@id\":\"https:\\\/\\\/www.feuerwehr-halberstadt.de\\\/#organization\",\"name\":\"Feuerwehr Halberstadt\",\"url\":\"https:\\\/\\\/www.feuerwehr-halberstadt.de\\\/\",\"logo\":{\"@type\":\"ImageObject\",\"inLanguage\":\"de\",\"@id\":\"https:\\\/\\\/www.feuerwehr-halberstadt.de\\\/#\\\/schema\\\/logo\\\/image\\\/\",\"url\":\"https:\\\/\\\/www.feuerwehr-halberstadt.de\\\/wp-content\\\/uploads\\\/2023\\\/10\\\/IMG_0126.png\",\"contentUrl\":\"https:\\\/\\\/www.feuerwehr-halberstadt.de\\\/wp-content\\\/uploads\\\/2023\\\/10\\\/IMG_0126.png\",\"width\":1500,\"height\":399,\"caption\":\"Feuerwehr Halberstadt\"},\"image\":{\"@id\":\"https:\\\/\\\/www.feuerwehr-halberstadt.de\\\/#\\\/schema\\\/logo\\\/image\\\/\"},\"sameAs\":[\"https:\\\/\\\/www.facebook.com\\\/FeuerwehrHalberstadt\\\/\"]},{\"@type\":\"Person\",\"@id\":\"https:\\\/\\\/www.feuerwehr-halberstadt.de\\\/#\\\/schema\\\/person\\\/3025e717504caccf9120c148aa5dafc9\",\"name\":\"K\u00fchne, Ren\u00e9\",\"image\":{\"@type\":\"ImageObject\",\"inLanguage\":\"de\",\"@id\":\"https:\\\/\\\/secure.gravatar.com\\\/avatar\\\/55eea2ec92cf331c72f122107a136da45b190ce89b28770aafc2f0a0788d2fd4?s=96&d=mm&r=g\",\"url\":\"https:\\\/\\\/secure.gravatar.com\\\/avatar\\\/55eea2ec92cf331c72f122107a136da45b190ce89b28770aafc2f0a0788d2fd4?s=96&d=mm&r=g\",\"contentUrl\":\"https:\\\/\\\/secure.gravatar.com\\\/avatar\\\/55eea2ec92cf331c72f122107a136da45b190ce89b28770aafc2f0a0788d2fd4?s=96&d=mm&r=g\",\"caption\":\"K\u00fchne, Ren\u00e9\"},\"url\":\"https:\\\/\\\/www.feuerwehr-halberstadt.de\\\/?author=8\"}]}<\/script>\n<!-- \/ Yoast SEO plugin. -->","yoast_head_json":{"title":"Jahreshauptversammlung der Ortsfeuerwehr Aspenstedt - Feuerwehr Halberstadt","robots":{"index":"index","follow":"follow","max-snippet":"max-snippet:-1","max-image-preview":"max-image-preview:large","max-video-preview":"max-video-preview:-1"},"canonical":"https:\/\/www.feuerwehr-halberstadt.de\/?p=18193","og_locale":"de_DE","og_type":"article","og_title":"Jahreshauptversammlung der Ortsfeuerwehr Aspenstedt - Feuerwehr Halberstadt","og_description":"Am Samstag, dem 28.02.2026, f\u00fchrte die Ortsfeuerwehr Aspenstedt ihre j\u00e4hrliche Jahreshauptversammlung durch. In diesem Jahr wurde die Versammlung jedoch nicht wie gewohnt im Ger\u00e4tehaus, sondern im Harzer Schnitzelk\u00f6nig in Lautenthal durchgef\u00fchrt. Ortswehrleiter Nico Hauptmann er\u00f6ffnete die Sitzung mit der Begr\u00fc\u00dfung aller anwesenden G\u00e4ste sowie der Kameradinnen und Kameraden.","og_url":"https:\/\/www.feuerwehr-halberstadt.de\/?p=18193","og_site_name":"Feuerwehr Halberstadt","article_publisher":"https:\/\/www.facebook.com\/FeuerwehrHalberstadt\/","article_published_time":"2026-03-08T12:25:29+00:00","article_modified_time":"2026-03-08T15:46:05+00:00","og_image":[{"width":2560,"height":1920,"url":"https:\/\/www.feuerwehr-halberstadt.de\/wp-content\/uploads\/2026\/03\/IMG_7709-scaled.jpeg","type":"image\/jpeg"}],"author":"K\u00fchne, Ren\u00e9","twitter_card":"summary_large_image","twitter_misc":{"Verfasst von":"K\u00fchne, Ren\u00e9","Gesch\u00e4tzte Lesezeit":"4\u00a0Minuten"},"schema":{"@context":"https:\/\/schema.org","@graph":[{"@type":"Article","@id":"https:\/\/www.feuerwehr-halberstadt.de\/?p=18193#article","isPartOf":{"@id":"https:\/\/www.feuerwehr-halberstadt.de\/?p=18193"},"author":{"name":"K\u00fchne, Ren\u00e9","@id":"https:\/\/www.feuerwehr-halberstadt.de\/#\/schema\/person\/3025e717504caccf9120c148aa5dafc9"},"headline":"Jahreshauptversammlung der Ortsfeuerwehr Aspenstedt","datePublished":"2026-03-08T12:25:29+00:00","dateModified":"2026-03-08T15:46:05+00:00","mainEntityOfPage":{"@id":"https:\/\/www.feuerwehr-halberstadt.de\/?p=18193"},"wordCount":568,"publisher":{"@id":"https:\/\/www.feuerwehr-halberstadt.de\/#organization"},"image":{"@id":"https:\/\/www.feuerwehr-halberstadt.de\/?p=18193#primaryimage"},"thumbnailUrl":"https:\/\/www.feuerwehr-halberstadt.de\/wp-content\/uploads\/2026\/03\/IMG_7709-scaled.jpeg","inLanguage":"de"},{"@type":"WebPage","@id":"https:\/\/www.feuerwehr-halberstadt.de\/?p=18193","url":"https:\/\/www.feuerwehr-halberstadt.de\/?p=18193","name":"Jahreshauptversammlung der Ortsfeuerwehr Aspenstedt - Feuerwehr Halberstadt","isPartOf":{"@id":"https:\/\/www.feuerwehr-halberstadt.de\/#website"},"primaryImageOfPage":{"@id":"https:\/\/www.feuerwehr-halberstadt.de\/?p=18193#primaryimage"},"image":{"@id":"https:\/\/www.feuerwehr-halberstadt.de\/?p=18193#primaryimage"},"thumbnailUrl":"https:\/\/www.feuerwehr-halberstadt.de\/wp-content\/uploads\/2026\/03\/IMG_7709-scaled.jpeg","datePublished":"2026-03-08T12:25:29+00:00","dateModified":"2026-03-08T15:46:05+00:00","breadcrumb":{"@id":"https:\/\/www.feuerwehr-halberstadt.de\/?p=18193#breadcrumb"},"inLanguage":"de","potentialAction":[{"@type":"ReadAction","target":["https:\/\/www.feuerwehr-halberstadt.de\/?p=18193"]}]},{"@type":"ImageObject","inLanguage":"de","@id":"https:\/\/www.feuerwehr-halberstadt.de\/?p=18193#primaryimage","url":"https:\/\/www.feuerwehr-halberstadt.de\/wp-content\/uploads\/2026\/03\/IMG_7709-scaled.jpeg","contentUrl":"https:\/\/www.feuerwehr-halberstadt.de\/wp-content\/uploads\/2026\/03\/IMG_7709-scaled.jpeg","width":2560,"height":1920},{"@type":"BreadcrumbList","@id":"https:\/\/www.feuerwehr-halberstadt.de\/?p=18193#breadcrumb","itemListElement":[{"@type":"ListItem","position":1,"name":"Startseite","item":"https:\/\/www.feuerwehr-halberstadt.de\/"},{"@type":"ListItem","position":2,"name":"Jahreshauptversammlung der Ortsfeuerwehr Aspenstedt"}]},{"@type":"WebSite","@id":"https:\/\/www.feuerwehr-halberstadt.de\/#website","url":"https:\/\/www.feuerwehr-halberstadt.de\/","name":"Feuerwehr Halberstadt","description":"#imEinsatzf\u00fcrHalberstadt","publisher":{"@id":"https:\/\/www.feuerwehr-halberstadt.de\/#organization"},"potentialAction":[{"@type":"SearchAction","target":{"@type":"EntryPoint","urlTemplate":"https:\/\/www.feuerwehr-halberstadt.de\/?s={search_term_string}"},"query-input":{"@type":"PropertyValueSpecification","valueRequired":true,"valueName":"search_term_string"}}],"inLanguage":"de"},{"@type":"Organization","@id":"https:\/\/www.feuerwehr-halberstadt.de\/#organization","name":"Feuerwehr Halberstadt","url":"https:\/\/www.feuerwehr-halberstadt.de\/","logo":{"@type":"ImageObject","inLanguage":"de","@id":"https:\/\/www.feuerwehr-halberstadt.de\/#\/schema\/logo\/image\/","url":"https:\/\/www.feuerwehr-halberstadt.de\/wp-content\/uploads\/2023\/10\/IMG_0126.png","contentUrl":"https:\/\/www.feuerwehr-halberstadt.de\/wp-content\/uploads\/2023\/10\/IMG_0126.png","width":1500,"height":399,"caption":"Feuerwehr Halberstadt"},"image":{"@id":"https:\/\/www.feuerwehr-halberstadt.de\/#\/schema\/logo\/image\/"},"sameAs":["https:\/\/www.facebook.com\/FeuerwehrHalberstadt\/"]},{"@type":"Person","@id":"https:\/\/www.feuerwehr-halberstadt.de\/#\/schema\/person\/3025e717504caccf9120c148aa5dafc9","name":"K\u00fchne, Ren\u00e9","image":{"@type":"ImageObject","inLanguage":"de","@id":"https:\/\/secure.gravatar.com\/avatar\/55eea2ec92cf331c72f122107a136da45b190ce89b28770aafc2f0a0788d2fd4?s=96&d=mm&r=g","url":"https:\/\/secure.gravatar.com\/avatar\/55eea2ec92cf331c72f122107a136da45b190ce89b28770aafc2f0a0788d2fd4?s=96&d=mm&r=g","contentUrl":"https:\/\/secure.gravatar.com\/avatar\/55eea2ec92cf331c72f122107a136da45b190ce89b28770aafc2f0a0788d2fd4?s=96&d=mm&r=g","caption":"K\u00fchne, Ren\u00e9"},"url":"https:\/\/www.feuerwehr-halberstadt.de\/?author=8"}]}},"_links":{"self":[{"href":"https:\/\/www.feuerwehr-halberstadt.de\/index.php?rest_route=\/wp\/v2\/posts\/18193","targetHints":{"allow":["GET"]}}],"collection":[{"href":"https:\/\/www.feuerwehr-halberstadt.de\/index.php?rest_route=\/wp\/v2\/posts"}],"about":[{"href":"https:\/\/www.feuerwehr-halberstadt.de\/index.php?rest_route=\/wp\/v2\/types\/post"}],"author":[{"embeddable":true,"href":"https:\/\/www.feuerwehr-halberstadt.de\/index.php?rest_route=\/wp\/v2\/users\/8"}],"replies":[{"embeddable":true,"href":"https:\/\/www.feuerwehr-halberstadt.de\/index.php?rest_route=%2Fwp%2Fv2%2Fcomments&post=18193"}],"version-history":[{"count":3,"href":"https:\/\/www.feuerwehr-halberstadt.de\/index.php?rest_route=\/wp\/v2\/posts\/18193\/revisions"}],"predecessor-version":[{"id":18207,"href":"https:\/\/www.feuerwehr-halberstadt.de\/index.php?rest_route=\/wp\/v2\/posts\/18193\/revisions\/18207"}],"wp:featuredmedia":[{"embeddable":true,"href":"https:\/\/www.feuerwehr-halberstadt.de\/index.php?rest_route=\/wp\/v2\/media\/18195"}],"wp:attachment":[{"href":"https:\/\/www.feuerwehr-halberstadt.de\/index.php?rest_route=%2Fwp%2Fv2%2Fmedia&parent=18193"}],"wp:term":[{"taxonomy":"category","embeddable":true,"href":"https:\/\/www.feuerwehr-halberstadt.de\/index.php?rest_route=%2Fwp%2Fv2%2Fcategories&post=18193"},{"taxonomy":"post_tag","embeddable":true,"href":"https:\/\/www.feuerwehr-halberstadt.de\/index.php?rest_route=%2Fwp%2Fv2%2Ftags&post=18193"}],"curies":[{"name":"wp","href":"https:\/\/api.w.org\/{rel}","templated":true}]}}