{"id":17915,"date":"2026-01-18T12:49:18","date_gmt":"2026-01-18T11:49:18","guid":{"rendered":"https:\/\/www.feuerwehr-halberstadt.de\/?p=17915"},"modified":"2026-01-18T12:49:19","modified_gmt":"2026-01-18T11:49:19","slug":"stadtjugendwart-neu-gewaehlt","status":"publish","type":"post","link":"https:\/\/www.feuerwehr-halberstadt.de\/?p=17915","title":{"rendered":"Stadtjugendwart neu gew\u00e4hlt"},"content":{"rendered":"\n<p>Am Mittwoch, dem 14.01.2026, musste ein neuer Stadtjugendwart f\u00fcr die Freiwilligen Feuerwehren gew\u00e4hlt werden.<\/p>\n\n\n\n<p>Auf die Stelle des Stadtjugendwartes hatte sich Kamerad Veit Rahn aus der Ortsfeuerwehr Sargstedt beworben. Von den insgesamt acht Wahlberechtigten, welche zur Wahl anwesend waren, wurde Veit Rahn mit sieben Ja-Stimmen und einer Gegenstimme erfolgreich zum neuen Stadtjugendwart gew\u00e4hlt. Die Berufung in sein sechsj\u00e4hriges Amt wird durch die Stadt Halberstadt in der n\u00e4chsten Stadtratssitzung erfolgen.<\/p>\n\n\n\n<p>Stadtwehrleiter Martin Schulz und der amtierende Stadtjugendwart Stefan Gebauer w\u00fcnschten ihm f\u00fcr die weitere Zukunft alles Gute!<\/p>\n","protected":false},"excerpt":{"rendered":"<p>Am Mittwoch, dem 14.01.2026, musste ein neuer Stadtjugendwart f\u00fcr die Freiwilligen Feuerwehren gew\u00e4hlt werden. Auf die Stelle des Stadtjugendwartes hatte sich Kamerad Veit Rahn aus der Ortsfeuerwehr Sargstedt beworben. Von den insgesamt acht Wahlberechtigten, welche zur Wahl anwesend waren, wurde Veit Rahn mit sieben Ja-Stimmen und einer Gegenstimme erfolgreich zum neuen Stadtjugendwart gew\u00e4hlt. Die Berufung [&hellip;]<\/p>\n","protected":false},"author":8,"featured_media":17912,"comment_status":"closed","ping_status":"closed","sticky":false,"template":"","format":"standard","meta":{"_acf_changed":false,"footnotes":""},"categories":[9],"tags":[],"class_list":["post-17915","post","type-post","status-publish","format-standard","has-post-thumbnail","hentry","category-allgemein"],"acf":[],"yoast_head":"<!-- This site is optimized with the Yoast SEO plugin v27.4 - https:\/\/yoast.com\/product\/yoast-seo-wordpress\/ -->\n<title>Stadtjugendwart neu gew\u00e4hlt - Feuerwehr Halberstadt<\/title>\n<meta name=\"robots\" content=\"index, follow, max-snippet:-1, max-image-preview:large, max-video-preview:-1\" \/>\n<link rel=\"canonical\" href=\"https:\/\/www.feuerwehr-halberstadt.de\/?p=17915\" \/>\n<meta property=\"og:locale\" content=\"de_DE\" \/>\n<meta property=\"og:type\" content=\"article\" \/>\n<meta property=\"og:title\" content=\"Stadtjugendwart neu gew\u00e4hlt - Feuerwehr Halberstadt\" \/>\n<meta property=\"og:description\" content=\"Am Mittwoch, dem 14.01.2026, musste ein neuer Stadtjugendwart f\u00fcr die Freiwilligen Feuerwehren gew\u00e4hlt werden. Auf die Stelle des Stadtjugendwartes hatte sich Kamerad Veit Rahn aus der Ortsfeuerwehr Sargstedt beworben. Von den insgesamt acht Wahlberechtigten, welche zur Wahl anwesend waren, wurde Veit Rahn mit sieben Ja-Stimmen und einer Gegenstimme erfolgreich zum neuen Stadtjugendwart gew\u00e4hlt. Die Berufung [&hellip;]\" \/>\n<meta property=\"og:url\" content=\"https:\/\/www.feuerwehr-halberstadt.de\/?p=17915\" \/>\n<meta property=\"og:site_name\" content=\"Feuerwehr Halberstadt\" \/>\n<meta property=\"article:publisher\" content=\"https:\/\/www.facebook.com\/FeuerwehrHalberstadt\/\" \/>\n<meta property=\"article:published_time\" content=\"2026-01-18T11:49:18+00:00\" \/>\n<meta property=\"article:modified_time\" content=\"2026-01-18T11:49:19+00:00\" \/>\n<meta property=\"og:image\" content=\"https:\/\/www.feuerwehr-halberstadt.de\/wp-content\/uploads\/2026\/01\/a0f5c508-d750-44a5-9147-bb847bfdef1a-scaled.jpeg\" \/>\n\t<meta property=\"og:image:width\" content=\"2560\" \/>\n\t<meta property=\"og:image:height\" content=\"1920\" \/>\n\t<meta property=\"og:image:type\" content=\"image\/jpeg\" \/>\n<meta name=\"author\" content=\"K\u00fchne, Ren\u00e9\" \/>\n<meta name=\"twitter:card\" content=\"summary_large_image\" \/>\n<meta name=\"twitter:label1\" content=\"Verfasst von\" \/>\n\t<meta name=\"twitter:data1\" content=\"K\u00fchne, Ren\u00e9\" \/>\n\t<meta name=\"twitter:label2\" content=\"Gesch\u00e4tzte Lesezeit\" \/>\n\t<meta name=\"twitter:data2\" content=\"1\u00a0Minute\" \/>\n<script type=\"application\/ld+json\" class=\"yoast-schema-graph\">{\"@context\":\"https:\\\/\\\/schema.org\",\"@graph\":[{\"@type\":\"Article\",\"@id\":\"https:\\\/\\\/www.feuerwehr-halberstadt.de\\\/?p=17915#article\",\"isPartOf\":{\"@id\":\"https:\\\/\\\/www.feuerwehr-halberstadt.de\\\/?p=17915\"},\"author\":{\"name\":\"K\u00fchne, Ren\u00e9\",\"@id\":\"https:\\\/\\\/www.feuerwehr-halberstadt.de\\\/#\\\/schema\\\/person\\\/3025e717504caccf9120c148aa5dafc9\"},\"headline\":\"Stadtjugendwart neu gew\u00e4hlt\",\"datePublished\":\"2026-01-18T11:49:18+00:00\",\"dateModified\":\"2026-01-18T11:49:19+00:00\",\"mainEntityOfPage\":{\"@id\":\"https:\\\/\\\/www.feuerwehr-halberstadt.de\\\/?p=17915\"},\"wordCount\":96,\"publisher\":{\"@id\":\"https:\\\/\\\/www.feuerwehr-halberstadt.de\\\/#organization\"},\"image\":{\"@id\":\"https:\\\/\\\/www.feuerwehr-halberstadt.de\\\/?p=17915#primaryimage\"},\"thumbnailUrl\":\"https:\\\/\\\/www.feuerwehr-halberstadt.de\\\/wp-content\\\/uploads\\\/2026\\\/01\\\/a0f5c508-d750-44a5-9147-bb847bfdef1a-scaled.jpeg\",\"inLanguage\":\"de\"},{\"@type\":\"WebPage\",\"@id\":\"https:\\\/\\\/www.feuerwehr-halberstadt.de\\\/?p=17915\",\"url\":\"https:\\\/\\\/www.feuerwehr-halberstadt.de\\\/?p=17915\",\"name\":\"Stadtjugendwart neu gew\u00e4hlt - Feuerwehr Halberstadt\",\"isPartOf\":{\"@id\":\"https:\\\/\\\/www.feuerwehr-halberstadt.de\\\/#website\"},\"primaryImageOfPage\":{\"@id\":\"https:\\\/\\\/www.feuerwehr-halberstadt.de\\\/?p=17915#primaryimage\"},\"image\":{\"@id\":\"https:\\\/\\\/www.feuerwehr-halberstadt.de\\\/?p=17915#primaryimage\"},\"thumbnailUrl\":\"https:\\\/\\\/www.feuerwehr-halberstadt.de\\\/wp-content\\\/uploads\\\/2026\\\/01\\\/a0f5c508-d750-44a5-9147-bb847bfdef1a-scaled.jpeg\",\"datePublished\":\"2026-01-18T11:49:18+00:00\",\"dateModified\":\"2026-01-18T11:49:19+00:00\",\"breadcrumb\":{\"@id\":\"https:\\\/\\\/www.feuerwehr-halberstadt.de\\\/?p=17915#breadcrumb\"},\"inLanguage\":\"de\",\"potentialAction\":[{\"@type\":\"ReadAction\",\"target\":[\"https:\\\/\\\/www.feuerwehr-halberstadt.de\\\/?p=17915\"]}]},{\"@type\":\"ImageObject\",\"inLanguage\":\"de\",\"@id\":\"https:\\\/\\\/www.feuerwehr-halberstadt.de\\\/?p=17915#primaryimage\",\"url\":\"https:\\\/\\\/www.feuerwehr-halberstadt.de\\\/wp-content\\\/uploads\\\/2026\\\/01\\\/a0f5c508-d750-44a5-9147-bb847bfdef1a-scaled.jpeg\",\"contentUrl\":\"https:\\\/\\\/www.feuerwehr-halberstadt.de\\\/wp-content\\\/uploads\\\/2026\\\/01\\\/a0f5c508-d750-44a5-9147-bb847bfdef1a-scaled.jpeg\",\"width\":2560,\"height\":1920},{\"@type\":\"BreadcrumbList\",\"@id\":\"https:\\\/\\\/www.feuerwehr-halberstadt.de\\\/?p=17915#breadcrumb\",\"itemListElement\":[{\"@type\":\"ListItem\",\"position\":1,\"name\":\"Startseite\",\"item\":\"https:\\\/\\\/www.feuerwehr-halberstadt.de\\\/\"},{\"@type\":\"ListItem\",\"position\":2,\"name\":\"Stadtjugendwart neu gew\u00e4hlt\"}]},{\"@type\":\"WebSite\",\"@id\":\"https:\\\/\\\/www.feuerwehr-halberstadt.de\\\/#website\",\"url\":\"https:\\\/\\\/www.feuerwehr-halberstadt.de\\\/\",\"name\":\"Feuerwehr Halberstadt\",\"description\":\"#imEinsatzf\u00fcrHalberstadt\",\"publisher\":{\"@id\":\"https:\\\/\\\/www.feuerwehr-halberstadt.de\\\/#organization\"},\"potentialAction\":[{\"@type\":\"SearchAction\",\"target\":{\"@type\":\"EntryPoint\",\"urlTemplate\":\"https:\\\/\\\/www.feuerwehr-halberstadt.de\\\/?s={search_term_string}\"},\"query-input\":{\"@type\":\"PropertyValueSpecification\",\"valueRequired\":true,\"valueName\":\"search_term_string\"}}],\"inLanguage\":\"de\"},{\"@type\":\"Organization\",\"@id\":\"https:\\\/\\\/www.feuerwehr-halberstadt.de\\\/#organization\",\"name\":\"Feuerwehr Halberstadt\",\"url\":\"https:\\\/\\\/www.feuerwehr-halberstadt.de\\\/\",\"logo\":{\"@type\":\"ImageObject\",\"inLanguage\":\"de\",\"@id\":\"https:\\\/\\\/www.feuerwehr-halberstadt.de\\\/#\\\/schema\\\/logo\\\/image\\\/\",\"url\":\"https:\\\/\\\/www.feuerwehr-halberstadt.de\\\/wp-content\\\/uploads\\\/2023\\\/10\\\/IMG_0126.png\",\"contentUrl\":\"https:\\\/\\\/www.feuerwehr-halberstadt.de\\\/wp-content\\\/uploads\\\/2023\\\/10\\\/IMG_0126.png\",\"width\":1500,\"height\":399,\"caption\":\"Feuerwehr Halberstadt\"},\"image\":{\"@id\":\"https:\\\/\\\/www.feuerwehr-halberstadt.de\\\/#\\\/schema\\\/logo\\\/image\\\/\"},\"sameAs\":[\"https:\\\/\\\/www.facebook.com\\\/FeuerwehrHalberstadt\\\/\"]},{\"@type\":\"Person\",\"@id\":\"https:\\\/\\\/www.feuerwehr-halberstadt.de\\\/#\\\/schema\\\/person\\\/3025e717504caccf9120c148aa5dafc9\",\"name\":\"K\u00fchne, Ren\u00e9\",\"image\":{\"@type\":\"ImageObject\",\"inLanguage\":\"de\",\"@id\":\"https:\\\/\\\/secure.gravatar.com\\\/avatar\\\/55eea2ec92cf331c72f122107a136da45b190ce89b28770aafc2f0a0788d2fd4?s=96&d=mm&r=g\",\"url\":\"https:\\\/\\\/secure.gravatar.com\\\/avatar\\\/55eea2ec92cf331c72f122107a136da45b190ce89b28770aafc2f0a0788d2fd4?s=96&d=mm&r=g\",\"contentUrl\":\"https:\\\/\\\/secure.gravatar.com\\\/avatar\\\/55eea2ec92cf331c72f122107a136da45b190ce89b28770aafc2f0a0788d2fd4?s=96&d=mm&r=g\",\"caption\":\"K\u00fchne, Ren\u00e9\"},\"url\":\"https:\\\/\\\/www.feuerwehr-halberstadt.de\\\/?author=8\"}]}<\/script>\n<!-- \/ Yoast SEO plugin. -->","yoast_head_json":{"title":"Stadtjugendwart neu gew\u00e4hlt - Feuerwehr Halberstadt","robots":{"index":"index","follow":"follow","max-snippet":"max-snippet:-1","max-image-preview":"max-image-preview:large","max-video-preview":"max-video-preview:-1"},"canonical":"https:\/\/www.feuerwehr-halberstadt.de\/?p=17915","og_locale":"de_DE","og_type":"article","og_title":"Stadtjugendwart neu gew\u00e4hlt - Feuerwehr Halberstadt","og_description":"Am Mittwoch, dem 14.01.2026, musste ein neuer Stadtjugendwart f\u00fcr die Freiwilligen Feuerwehren gew\u00e4hlt werden. Auf die Stelle des Stadtjugendwartes hatte sich Kamerad Veit Rahn aus der Ortsfeuerwehr Sargstedt beworben. Von den insgesamt acht Wahlberechtigten, welche zur Wahl anwesend waren, wurde Veit Rahn mit sieben Ja-Stimmen und einer Gegenstimme erfolgreich zum neuen Stadtjugendwart gew\u00e4hlt. Die Berufung [&hellip;]","og_url":"https:\/\/www.feuerwehr-halberstadt.de\/?p=17915","og_site_name":"Feuerwehr Halberstadt","article_publisher":"https:\/\/www.facebook.com\/FeuerwehrHalberstadt\/","article_published_time":"2026-01-18T11:49:18+00:00","article_modified_time":"2026-01-18T11:49:19+00:00","og_image":[{"width":2560,"height":1920,"url":"https:\/\/www.feuerwehr-halberstadt.de\/wp-content\/uploads\/2026\/01\/a0f5c508-d750-44a5-9147-bb847bfdef1a-scaled.jpeg","type":"image\/jpeg"}],"author":"K\u00fchne, Ren\u00e9","twitter_card":"summary_large_image","twitter_misc":{"Verfasst von":"K\u00fchne, Ren\u00e9","Gesch\u00e4tzte Lesezeit":"1\u00a0Minute"},"schema":{"@context":"https:\/\/schema.org","@graph":[{"@type":"Article","@id":"https:\/\/www.feuerwehr-halberstadt.de\/?p=17915#article","isPartOf":{"@id":"https:\/\/www.feuerwehr-halberstadt.de\/?p=17915"},"author":{"name":"K\u00fchne, Ren\u00e9","@id":"https:\/\/www.feuerwehr-halberstadt.de\/#\/schema\/person\/3025e717504caccf9120c148aa5dafc9"},"headline":"Stadtjugendwart neu gew\u00e4hlt","datePublished":"2026-01-18T11:49:18+00:00","dateModified":"2026-01-18T11:49:19+00:00","mainEntityOfPage":{"@id":"https:\/\/www.feuerwehr-halberstadt.de\/?p=17915"},"wordCount":96,"publisher":{"@id":"https:\/\/www.feuerwehr-halberstadt.de\/#organization"},"image":{"@id":"https:\/\/www.feuerwehr-halberstadt.de\/?p=17915#primaryimage"},"thumbnailUrl":"https:\/\/www.feuerwehr-halberstadt.de\/wp-content\/uploads\/2026\/01\/a0f5c508-d750-44a5-9147-bb847bfdef1a-scaled.jpeg","inLanguage":"de"},{"@type":"WebPage","@id":"https:\/\/www.feuerwehr-halberstadt.de\/?p=17915","url":"https:\/\/www.feuerwehr-halberstadt.de\/?p=17915","name":"Stadtjugendwart neu gew\u00e4hlt - Feuerwehr Halberstadt","isPartOf":{"@id":"https:\/\/www.feuerwehr-halberstadt.de\/#website"},"primaryImageOfPage":{"@id":"https:\/\/www.feuerwehr-halberstadt.de\/?p=17915#primaryimage"},"image":{"@id":"https:\/\/www.feuerwehr-halberstadt.de\/?p=17915#primaryimage"},"thumbnailUrl":"https:\/\/www.feuerwehr-halberstadt.de\/wp-content\/uploads\/2026\/01\/a0f5c508-d750-44a5-9147-bb847bfdef1a-scaled.jpeg","datePublished":"2026-01-18T11:49:18+00:00","dateModified":"2026-01-18T11:49:19+00:00","breadcrumb":{"@id":"https:\/\/www.feuerwehr-halberstadt.de\/?p=17915#breadcrumb"},"inLanguage":"de","potentialAction":[{"@type":"ReadAction","target":["https:\/\/www.feuerwehr-halberstadt.de\/?p=17915"]}]},{"@type":"ImageObject","inLanguage":"de","@id":"https:\/\/www.feuerwehr-halberstadt.de\/?p=17915#primaryimage","url":"https:\/\/www.feuerwehr-halberstadt.de\/wp-content\/uploads\/2026\/01\/a0f5c508-d750-44a5-9147-bb847bfdef1a-scaled.jpeg","contentUrl":"https:\/\/www.feuerwehr-halberstadt.de\/wp-content\/uploads\/2026\/01\/a0f5c508-d750-44a5-9147-bb847bfdef1a-scaled.jpeg","width":2560,"height":1920},{"@type":"BreadcrumbList","@id":"https:\/\/www.feuerwehr-halberstadt.de\/?p=17915#breadcrumb","itemListElement":[{"@type":"ListItem","position":1,"name":"Startseite","item":"https:\/\/www.feuerwehr-halberstadt.de\/"},{"@type":"ListItem","position":2,"name":"Stadtjugendwart neu gew\u00e4hlt"}]},{"@type":"WebSite","@id":"https:\/\/www.feuerwehr-halberstadt.de\/#website","url":"https:\/\/www.feuerwehr-halberstadt.de\/","name":"Feuerwehr Halberstadt","description":"#imEinsatzf\u00fcrHalberstadt","publisher":{"@id":"https:\/\/www.feuerwehr-halberstadt.de\/#organization"},"potentialAction":[{"@type":"SearchAction","target":{"@type":"EntryPoint","urlTemplate":"https:\/\/www.feuerwehr-halberstadt.de\/?s={search_term_string}"},"query-input":{"@type":"PropertyValueSpecification","valueRequired":true,"valueName":"search_term_string"}}],"inLanguage":"de"},{"@type":"Organization","@id":"https:\/\/www.feuerwehr-halberstadt.de\/#organization","name":"Feuerwehr Halberstadt","url":"https:\/\/www.feuerwehr-halberstadt.de\/","logo":{"@type":"ImageObject","inLanguage":"de","@id":"https:\/\/www.feuerwehr-halberstadt.de\/#\/schema\/logo\/image\/","url":"https:\/\/www.feuerwehr-halberstadt.de\/wp-content\/uploads\/2023\/10\/IMG_0126.png","contentUrl":"https:\/\/www.feuerwehr-halberstadt.de\/wp-content\/uploads\/2023\/10\/IMG_0126.png","width":1500,"height":399,"caption":"Feuerwehr Halberstadt"},"image":{"@id":"https:\/\/www.feuerwehr-halberstadt.de\/#\/schema\/logo\/image\/"},"sameAs":["https:\/\/www.facebook.com\/FeuerwehrHalberstadt\/"]},{"@type":"Person","@id":"https:\/\/www.feuerwehr-halberstadt.de\/#\/schema\/person\/3025e717504caccf9120c148aa5dafc9","name":"K\u00fchne, Ren\u00e9","image":{"@type":"ImageObject","inLanguage":"de","@id":"https:\/\/secure.gravatar.com\/avatar\/55eea2ec92cf331c72f122107a136da45b190ce89b28770aafc2f0a0788d2fd4?s=96&d=mm&r=g","url":"https:\/\/secure.gravatar.com\/avatar\/55eea2ec92cf331c72f122107a136da45b190ce89b28770aafc2f0a0788d2fd4?s=96&d=mm&r=g","contentUrl":"https:\/\/secure.gravatar.com\/avatar\/55eea2ec92cf331c72f122107a136da45b190ce89b28770aafc2f0a0788d2fd4?s=96&d=mm&r=g","caption":"K\u00fchne, Ren\u00e9"},"url":"https:\/\/www.feuerwehr-halberstadt.de\/?author=8"}]}},"_links":{"self":[{"href":"https:\/\/www.feuerwehr-halberstadt.de\/index.php?rest_route=\/wp\/v2\/posts\/17915","targetHints":{"allow":["GET"]}}],"collection":[{"href":"https:\/\/www.feuerwehr-halberstadt.de\/index.php?rest_route=\/wp\/v2\/posts"}],"about":[{"href":"https:\/\/www.feuerwehr-halberstadt.de\/index.php?rest_route=\/wp\/v2\/types\/post"}],"author":[{"embeddable":true,"href":"https:\/\/www.feuerwehr-halberstadt.de\/index.php?rest_route=\/wp\/v2\/users\/8"}],"replies":[{"embeddable":true,"href":"https:\/\/www.feuerwehr-halberstadt.de\/index.php?rest_route=%2Fwp%2Fv2%2Fcomments&post=17915"}],"version-history":[{"count":2,"href":"https:\/\/www.feuerwehr-halberstadt.de\/index.php?rest_route=\/wp\/v2\/posts\/17915\/revisions"}],"predecessor-version":[{"id":17921,"href":"https:\/\/www.feuerwehr-halberstadt.de\/index.php?rest_route=\/wp\/v2\/posts\/17915\/revisions\/17921"}],"wp:featuredmedia":[{"embeddable":true,"href":"https:\/\/www.feuerwehr-halberstadt.de\/index.php?rest_route=\/wp\/v2\/media\/17912"}],"wp:attachment":[{"href":"https:\/\/www.feuerwehr-halberstadt.de\/index.php?rest_route=%2Fwp%2Fv2%2Fmedia&parent=17915"}],"wp:term":[{"taxonomy":"category","embeddable":true,"href":"https:\/\/www.feuerwehr-halberstadt.de\/index.php?rest_route=%2Fwp%2Fv2%2Fcategories&post=17915"},{"taxonomy":"post_tag","embeddable":true,"href":"https:\/\/www.feuerwehr-halberstadt.de\/index.php?rest_route=%2Fwp%2Fv2%2Ftags&post=17915"}],"curies":[{"name":"wp","href":"https:\/\/api.w.org\/{rel}","templated":true}]}}