{"id":17908,"date":"2026-01-19T05:46:55","date_gmt":"2026-01-19T04:46:55","guid":{"rendered":"https:\/\/www.feuerwehr-halberstadt.de\/?p=17908"},"modified":"2026-01-19T05:46:56","modified_gmt":"2026-01-19T04:46:56","slug":"wochenbericht-freiwillige-feuerwehr-12-01-18-01-2026","status":"publish","type":"post","link":"https:\/\/www.feuerwehr-halberstadt.de\/?p=17908","title":{"rendered":"Wochenbericht Freiwillige Feuerwehr &#8211; 12.01. &#8211; 18.01.2026"},"content":{"rendered":"\n<p><strong>13.01.2026 <\/strong>\u2013 21:06 Uhr<br><strong>B2 \u2013 Wohnungsbrand &#8211; Kurze Stra\u00dfe <\/strong>\u2013 Einsatz 6\/2026<br><em>Alarmierte Kr\u00e4fte: Einsatzleitdienst, Berufsfeuerwehr<\/em>, <em>FF Halberstadt<\/em>, <em>ELW-Gruppe,<\/em> <em>Rettungsdienst, Polizei<\/em><br><strong>Kurzinfo:<\/strong> In einem Mehrfamilienhaus in der Kurze Stra\u00dfe wurde Brandgeruch gemeldet. Vor Ort handelte es sich vermutlich um angebranntes Essen. Der Einsatz konnte wenig sp\u00e4ter beendet werden.<\/p>\n\n\n\n<p><strong>15.01.2026 <\/strong>\u2013 12:44 Uhr<br><strong>B2 \u2013 Geb\u00e4udebrand &#8211; Am Huyberg &#8211; Aspenstedt <\/strong>\u2013 Einsatz 7\/2026<br><em>Alarmierte Kr\u00e4fte: Einsatzleitdienst, Berufsfeuerwehr<\/em>, <em>FF Halberstadt<\/em>, <em>ELW-Gruppe<\/em>, <em>FF Aspenstedt, FF Sargstedt, FF Str\u00f6beck,<\/em> <em>Rettungsdienst, Polizei<\/em><br><strong>Kurzinfo:<\/strong> In der Ortslage Aspenstedt kam es zum Brand eines Gartenhauses. Durch die Kameraden der Ortsfeuerwehren Aspenstedt und Str\u00f6beck wurde eine Brandbek\u00e4mpfung eingeleitet und eine Wasserversorgung aufgebaut. Die Berufsfeuerwehr unterst\u00fctze bei den Restl\u00f6scharbeiten. Die Ortsfeuerwehr Sargstedt konnte mangels Personal nicht ausr\u00fccken. Nach kurzer Zeit konnte der Einsatz beendet werden.<\/p>\n\n\n\n<figure class=\"wp-block-gallery has-nested-images columns-default is-cropped wp-block-gallery-1 is-layout-flex wp-block-gallery-is-layout-flex\">\n<figure class=\"wp-block-image size-large\"><img loading=\"lazy\" decoding=\"async\" width=\"1024\" height=\"768\" data-id=\"17913\" src=\"https:\/\/www.feuerwehr-halberstadt.de\/wp-content\/uploads\/2026\/01\/IMG_7592-1024x768.jpeg\" alt=\"\" class=\"wp-image-17913\" srcset=\"https:\/\/www.feuerwehr-halberstadt.de\/wp-content\/uploads\/2026\/01\/IMG_7592-1024x768.jpeg 1024w, https:\/\/www.feuerwehr-halberstadt.de\/wp-content\/uploads\/2026\/01\/IMG_7592-300x225.jpeg 300w, https:\/\/www.feuerwehr-halberstadt.de\/wp-content\/uploads\/2026\/01\/IMG_7592-768x576.jpeg 768w, https:\/\/www.feuerwehr-halberstadt.de\/wp-content\/uploads\/2026\/01\/IMG_7592-1536x1152.jpeg 1536w, https:\/\/www.feuerwehr-halberstadt.de\/wp-content\/uploads\/2026\/01\/IMG_7592-2048x1536.jpeg 2048w\" sizes=\"auto, (max-width: 1024px) 100vw, 1024px\" \/><figcaption class=\"wp-element-caption\">Einsatz 7\/2026<\/figcaption><\/figure>\n\n\n\n<figure class=\"wp-block-image size-large\"><img loading=\"lazy\" decoding=\"async\" width=\"1024\" height=\"768\" data-id=\"17914\" src=\"https:\/\/www.feuerwehr-halberstadt.de\/wp-content\/uploads\/2026\/01\/IMG_7589-1024x768.jpeg\" alt=\"\" class=\"wp-image-17914\" srcset=\"https:\/\/www.feuerwehr-halberstadt.de\/wp-content\/uploads\/2026\/01\/IMG_7589-1024x768.jpeg 1024w, https:\/\/www.feuerwehr-halberstadt.de\/wp-content\/uploads\/2026\/01\/IMG_7589-300x225.jpeg 300w, https:\/\/www.feuerwehr-halberstadt.de\/wp-content\/uploads\/2026\/01\/IMG_7589-768x576.jpeg 768w, https:\/\/www.feuerwehr-halberstadt.de\/wp-content\/uploads\/2026\/01\/IMG_7589-1536x1152.jpeg 1536w, https:\/\/www.feuerwehr-halberstadt.de\/wp-content\/uploads\/2026\/01\/IMG_7589-2048x1536.jpeg 2048w\" sizes=\"auto, (max-width: 1024px) 100vw, 1024px\" \/><figcaption class=\"wp-element-caption\">Einsatz 7\/2026<\/figcaption><\/figure>\n<\/figure>\n\n\n\n<p><strong>17.01.2026 <\/strong>\u2013 07:02 Uhr<br><strong>BMA \u2013 Kinderheim St. Josef &#8211; Katharinenstra\u00dfe <\/strong>\u2013 Einsatz 8\/2026<br><em>Alarmierte Kr\u00e4fte: Einsatzleitdienst, Berufsfeuerwehr<\/em>, <em>FF Halberstadt<\/em><br><strong>Kurzinfo:<\/strong> Die Brandmeldeanlage wurde durch Weihrauch ausgel\u00f6st. Der betroffene Bereich wurde mittels L\u00fcfter bel\u00fcftet und die Anlage anschlie\u00dfend zur\u00fcckgesetzt.<\/p>\n\n\n\n<p><strong>17.01.2026 <\/strong>\u2013 08:53 Uhr<br><strong>VUeP \u2013 PKW auf Dach\/Seite &#8211; L83 Neu Runstedt &#8211; Huysburg <\/strong>\u2013 Einsatz 9\/2026<br><em>Alarmierte Kr\u00e4fte: Einsatzleitdienst, Berufsfeuerwehr<\/em>, <em>FF Halberstadt<\/em>, <em>ELW-Gruppe, Rettungsdienst, Polizei<\/em><br><strong>Kurzinfo:<\/strong> Die Person wurde durch die Berufsfeuerwehr aus dem PKW befreit. Die Kr\u00e4fte der Freiwilligen Feuerwehr konnten den Einsatz noch auf der Anfahrt abbrechen.<\/p>\n","protected":false},"excerpt":{"rendered":"<p>13.01.2026 \u2013 21:06 UhrB2 \u2013 Wohnungsbrand &#8211; Kurze Stra\u00dfe \u2013 Einsatz 6\/2026Alarmierte Kr\u00e4fte: Einsatzleitdienst, Berufsfeuerwehr, FF Halberstadt, ELW-Gruppe, Rettungsdienst, PolizeiKurzinfo: In einem Mehrfamilienhaus in der Kurze Stra\u00dfe wurde Brandgeruch gemeldet. Vor Ort handelte es sich vermutlich um angebranntes Essen. Der Einsatz konnte wenig sp\u00e4ter beendet werden. 15.01.2026 \u2013 12:44 UhrB2 \u2013 Geb\u00e4udebrand &#8211; Am Huyberg [&hellip;]<\/p>\n","protected":false},"author":3,"featured_media":14817,"comment_status":"closed","ping_status":"closed","sticky":false,"template":"","format":"standard","meta":{"_acf_changed":false,"footnotes":""},"categories":[9],"tags":[],"class_list":["post-17908","post","type-post","status-publish","format-standard","has-post-thumbnail","hentry","category-allgemein"],"acf":[],"yoast_head":"<!-- This site is optimized with the Yoast SEO plugin v27.4 - https:\/\/yoast.com\/product\/yoast-seo-wordpress\/ -->\n<title>Wochenbericht Freiwillige Feuerwehr - 12.01. - 18.01.2026 - Feuerwehr Halberstadt<\/title>\n<meta name=\"robots\" content=\"index, follow, max-snippet:-1, max-image-preview:large, max-video-preview:-1\" \/>\n<link rel=\"canonical\" href=\"https:\/\/www.feuerwehr-halberstadt.de\/?p=17908\" \/>\n<meta property=\"og:locale\" content=\"de_DE\" \/>\n<meta property=\"og:type\" content=\"article\" \/>\n<meta property=\"og:title\" content=\"Wochenbericht Freiwillige Feuerwehr - 12.01. - 18.01.2026 - Feuerwehr Halberstadt\" \/>\n<meta property=\"og:description\" content=\"13.01.2026 \u2013 21:06 UhrB2 \u2013 Wohnungsbrand &#8211; Kurze Stra\u00dfe \u2013 Einsatz 6\/2026Alarmierte Kr\u00e4fte: Einsatzleitdienst, Berufsfeuerwehr, FF Halberstadt, ELW-Gruppe, Rettungsdienst, PolizeiKurzinfo: In einem Mehrfamilienhaus in der Kurze Stra\u00dfe wurde Brandgeruch gemeldet. Vor Ort handelte es sich vermutlich um angebranntes Essen. Der Einsatz konnte wenig sp\u00e4ter beendet werden. 15.01.2026 \u2013 12:44 UhrB2 \u2013 Geb\u00e4udebrand &#8211; Am Huyberg [&hellip;]\" \/>\n<meta property=\"og:url\" content=\"https:\/\/www.feuerwehr-halberstadt.de\/?p=17908\" \/>\n<meta property=\"og:site_name\" content=\"Feuerwehr Halberstadt\" \/>\n<meta property=\"article:publisher\" content=\"https:\/\/www.facebook.com\/FeuerwehrHalberstadt\/\" \/>\n<meta property=\"article:published_time\" content=\"2026-01-19T04:46:55+00:00\" \/>\n<meta property=\"article:modified_time\" content=\"2026-01-19T04:46:56+00:00\" \/>\n<meta property=\"og:image\" content=\"https:\/\/www.feuerwehr-halberstadt.de\/wp-content\/uploads\/2024\/03\/13_20240310_165751_0010.jpg\" \/>\n\t<meta property=\"og:image:width\" content=\"1920\" \/>\n\t<meta property=\"og:image:height\" content=\"1080\" \/>\n\t<meta property=\"og:image:type\" content=\"image\/jpeg\" \/>\n<meta name=\"author\" content=\"Buchold, Chris\" \/>\n<meta name=\"twitter:card\" content=\"summary_large_image\" \/>\n<meta name=\"twitter:label1\" content=\"Verfasst von\" \/>\n\t<meta name=\"twitter:data1\" content=\"Buchold, Chris\" \/>\n\t<meta name=\"twitter:label2\" content=\"Gesch\u00e4tzte Lesezeit\" \/>\n\t<meta name=\"twitter:data2\" content=\"2\u00a0Minuten\" \/>\n<script type=\"application\/ld+json\" class=\"yoast-schema-graph\">{\"@context\":\"https:\\\/\\\/schema.org\",\"@graph\":[{\"@type\":\"Article\",\"@id\":\"https:\\\/\\\/www.feuerwehr-halberstadt.de\\\/?p=17908#article\",\"isPartOf\":{\"@id\":\"https:\\\/\\\/www.feuerwehr-halberstadt.de\\\/?p=17908\"},\"author\":{\"name\":\"Buchold, Chris\",\"@id\":\"https:\\\/\\\/www.feuerwehr-halberstadt.de\\\/#\\\/schema\\\/person\\\/55ce5d9b46008e58cd3d55d4116ec727\"},\"headline\":\"Wochenbericht Freiwillige Feuerwehr &#8211; 12.01. &#8211; 18.01.2026\",\"datePublished\":\"2026-01-19T04:46:55+00:00\",\"dateModified\":\"2026-01-19T04:46:56+00:00\",\"mainEntityOfPage\":{\"@id\":\"https:\\\/\\\/www.feuerwehr-halberstadt.de\\\/?p=17908\"},\"wordCount\":223,\"publisher\":{\"@id\":\"https:\\\/\\\/www.feuerwehr-halberstadt.de\\\/#organization\"},\"image\":{\"@id\":\"https:\\\/\\\/www.feuerwehr-halberstadt.de\\\/?p=17908#primaryimage\"},\"thumbnailUrl\":\"https:\\\/\\\/www.feuerwehr-halberstadt.de\\\/wp-content\\\/uploads\\\/2024\\\/03\\\/13_20240310_165751_0010.jpg\",\"inLanguage\":\"de\"},{\"@type\":\"WebPage\",\"@id\":\"https:\\\/\\\/www.feuerwehr-halberstadt.de\\\/?p=17908\",\"url\":\"https:\\\/\\\/www.feuerwehr-halberstadt.de\\\/?p=17908\",\"name\":\"Wochenbericht Freiwillige Feuerwehr - 12.01. - 18.01.2026 - Feuerwehr Halberstadt\",\"isPartOf\":{\"@id\":\"https:\\\/\\\/www.feuerwehr-halberstadt.de\\\/#website\"},\"primaryImageOfPage\":{\"@id\":\"https:\\\/\\\/www.feuerwehr-halberstadt.de\\\/?p=17908#primaryimage\"},\"image\":{\"@id\":\"https:\\\/\\\/www.feuerwehr-halberstadt.de\\\/?p=17908#primaryimage\"},\"thumbnailUrl\":\"https:\\\/\\\/www.feuerwehr-halberstadt.de\\\/wp-content\\\/uploads\\\/2024\\\/03\\\/13_20240310_165751_0010.jpg\",\"datePublished\":\"2026-01-19T04:46:55+00:00\",\"dateModified\":\"2026-01-19T04:46:56+00:00\",\"breadcrumb\":{\"@id\":\"https:\\\/\\\/www.feuerwehr-halberstadt.de\\\/?p=17908#breadcrumb\"},\"inLanguage\":\"de\",\"potentialAction\":[{\"@type\":\"ReadAction\",\"target\":[\"https:\\\/\\\/www.feuerwehr-halberstadt.de\\\/?p=17908\"]}]},{\"@type\":\"ImageObject\",\"inLanguage\":\"de\",\"@id\":\"https:\\\/\\\/www.feuerwehr-halberstadt.de\\\/?p=17908#primaryimage\",\"url\":\"https:\\\/\\\/www.feuerwehr-halberstadt.de\\\/wp-content\\\/uploads\\\/2024\\\/03\\\/13_20240310_165751_0010.jpg\",\"contentUrl\":\"https:\\\/\\\/www.feuerwehr-halberstadt.de\\\/wp-content\\\/uploads\\\/2024\\\/03\\\/13_20240310_165751_0010.jpg\",\"width\":1920,\"height\":1080},{\"@type\":\"BreadcrumbList\",\"@id\":\"https:\\\/\\\/www.feuerwehr-halberstadt.de\\\/?p=17908#breadcrumb\",\"itemListElement\":[{\"@type\":\"ListItem\",\"position\":1,\"name\":\"Startseite\",\"item\":\"https:\\\/\\\/www.feuerwehr-halberstadt.de\\\/\"},{\"@type\":\"ListItem\",\"position\":2,\"name\":\"Wochenbericht Freiwillige Feuerwehr &#8211; 12.01. &#8211; 18.01.2026\"}]},{\"@type\":\"WebSite\",\"@id\":\"https:\\\/\\\/www.feuerwehr-halberstadt.de\\\/#website\",\"url\":\"https:\\\/\\\/www.feuerwehr-halberstadt.de\\\/\",\"name\":\"Feuerwehr Halberstadt\",\"description\":\"#imEinsatzf\u00fcrHalberstadt\",\"publisher\":{\"@id\":\"https:\\\/\\\/www.feuerwehr-halberstadt.de\\\/#organization\"},\"potentialAction\":[{\"@type\":\"SearchAction\",\"target\":{\"@type\":\"EntryPoint\",\"urlTemplate\":\"https:\\\/\\\/www.feuerwehr-halberstadt.de\\\/?s={search_term_string}\"},\"query-input\":{\"@type\":\"PropertyValueSpecification\",\"valueRequired\":true,\"valueName\":\"search_term_string\"}}],\"inLanguage\":\"de\"},{\"@type\":\"Organization\",\"@id\":\"https:\\\/\\\/www.feuerwehr-halberstadt.de\\\/#organization\",\"name\":\"Feuerwehr Halberstadt\",\"url\":\"https:\\\/\\\/www.feuerwehr-halberstadt.de\\\/\",\"logo\":{\"@type\":\"ImageObject\",\"inLanguage\":\"de\",\"@id\":\"https:\\\/\\\/www.feuerwehr-halberstadt.de\\\/#\\\/schema\\\/logo\\\/image\\\/\",\"url\":\"https:\\\/\\\/www.feuerwehr-halberstadt.de\\\/wp-content\\\/uploads\\\/2023\\\/10\\\/IMG_0126.png\",\"contentUrl\":\"https:\\\/\\\/www.feuerwehr-halberstadt.de\\\/wp-content\\\/uploads\\\/2023\\\/10\\\/IMG_0126.png\",\"width\":1500,\"height\":399,\"caption\":\"Feuerwehr Halberstadt\"},\"image\":{\"@id\":\"https:\\\/\\\/www.feuerwehr-halberstadt.de\\\/#\\\/schema\\\/logo\\\/image\\\/\"},\"sameAs\":[\"https:\\\/\\\/www.facebook.com\\\/FeuerwehrHalberstadt\\\/\"]},{\"@type\":\"Person\",\"@id\":\"https:\\\/\\\/www.feuerwehr-halberstadt.de\\\/#\\\/schema\\\/person\\\/55ce5d9b46008e58cd3d55d4116ec727\",\"name\":\"Buchold, Chris\",\"image\":{\"@type\":\"ImageObject\",\"inLanguage\":\"de\",\"@id\":\"https:\\\/\\\/secure.gravatar.com\\\/avatar\\\/bff08a084f0390bf8a93fc28c488452766ba521109cec244ac64210fdd500a49?s=96&d=mm&r=g\",\"url\":\"https:\\\/\\\/secure.gravatar.com\\\/avatar\\\/bff08a084f0390bf8a93fc28c488452766ba521109cec244ac64210fdd500a49?s=96&d=mm&r=g\",\"contentUrl\":\"https:\\\/\\\/secure.gravatar.com\\\/avatar\\\/bff08a084f0390bf8a93fc28c488452766ba521109cec244ac64210fdd500a49?s=96&d=mm&r=g\",\"caption\":\"Buchold, Chris\"},\"url\":\"https:\\\/\\\/www.feuerwehr-halberstadt.de\\\/?author=3\"}]}<\/script>\n<!-- \/ Yoast SEO plugin. -->","yoast_head_json":{"title":"Wochenbericht Freiwillige Feuerwehr - 12.01. - 18.01.2026 - Feuerwehr Halberstadt","robots":{"index":"index","follow":"follow","max-snippet":"max-snippet:-1","max-image-preview":"max-image-preview:large","max-video-preview":"max-video-preview:-1"},"canonical":"https:\/\/www.feuerwehr-halberstadt.de\/?p=17908","og_locale":"de_DE","og_type":"article","og_title":"Wochenbericht Freiwillige Feuerwehr - 12.01. - 18.01.2026 - Feuerwehr Halberstadt","og_description":"13.01.2026 \u2013 21:06 UhrB2 \u2013 Wohnungsbrand &#8211; Kurze Stra\u00dfe \u2013 Einsatz 6\/2026Alarmierte Kr\u00e4fte: Einsatzleitdienst, Berufsfeuerwehr, FF Halberstadt, ELW-Gruppe, Rettungsdienst, PolizeiKurzinfo: In einem Mehrfamilienhaus in der Kurze Stra\u00dfe wurde Brandgeruch gemeldet. Vor Ort handelte es sich vermutlich um angebranntes Essen. Der Einsatz konnte wenig sp\u00e4ter beendet werden. 15.01.2026 \u2013 12:44 UhrB2 \u2013 Geb\u00e4udebrand &#8211; Am Huyberg [&hellip;]","og_url":"https:\/\/www.feuerwehr-halberstadt.de\/?p=17908","og_site_name":"Feuerwehr Halberstadt","article_publisher":"https:\/\/www.facebook.com\/FeuerwehrHalberstadt\/","article_published_time":"2026-01-19T04:46:55+00:00","article_modified_time":"2026-01-19T04:46:56+00:00","og_image":[{"width":1920,"height":1080,"url":"https:\/\/www.feuerwehr-halberstadt.de\/wp-content\/uploads\/2024\/03\/13_20240310_165751_0010.jpg","type":"image\/jpeg"}],"author":"Buchold, Chris","twitter_card":"summary_large_image","twitter_misc":{"Verfasst von":"Buchold, Chris","Gesch\u00e4tzte Lesezeit":"2\u00a0Minuten"},"schema":{"@context":"https:\/\/schema.org","@graph":[{"@type":"Article","@id":"https:\/\/www.feuerwehr-halberstadt.de\/?p=17908#article","isPartOf":{"@id":"https:\/\/www.feuerwehr-halberstadt.de\/?p=17908"},"author":{"name":"Buchold, Chris","@id":"https:\/\/www.feuerwehr-halberstadt.de\/#\/schema\/person\/55ce5d9b46008e58cd3d55d4116ec727"},"headline":"Wochenbericht Freiwillige Feuerwehr &#8211; 12.01. &#8211; 18.01.2026","datePublished":"2026-01-19T04:46:55+00:00","dateModified":"2026-01-19T04:46:56+00:00","mainEntityOfPage":{"@id":"https:\/\/www.feuerwehr-halberstadt.de\/?p=17908"},"wordCount":223,"publisher":{"@id":"https:\/\/www.feuerwehr-halberstadt.de\/#organization"},"image":{"@id":"https:\/\/www.feuerwehr-halberstadt.de\/?p=17908#primaryimage"},"thumbnailUrl":"https:\/\/www.feuerwehr-halberstadt.de\/wp-content\/uploads\/2024\/03\/13_20240310_165751_0010.jpg","inLanguage":"de"},{"@type":"WebPage","@id":"https:\/\/www.feuerwehr-halberstadt.de\/?p=17908","url":"https:\/\/www.feuerwehr-halberstadt.de\/?p=17908","name":"Wochenbericht Freiwillige Feuerwehr - 12.01. - 18.01.2026 - Feuerwehr Halberstadt","isPartOf":{"@id":"https:\/\/www.feuerwehr-halberstadt.de\/#website"},"primaryImageOfPage":{"@id":"https:\/\/www.feuerwehr-halberstadt.de\/?p=17908#primaryimage"},"image":{"@id":"https:\/\/www.feuerwehr-halberstadt.de\/?p=17908#primaryimage"},"thumbnailUrl":"https:\/\/www.feuerwehr-halberstadt.de\/wp-content\/uploads\/2024\/03\/13_20240310_165751_0010.jpg","datePublished":"2026-01-19T04:46:55+00:00","dateModified":"2026-01-19T04:46:56+00:00","breadcrumb":{"@id":"https:\/\/www.feuerwehr-halberstadt.de\/?p=17908#breadcrumb"},"inLanguage":"de","potentialAction":[{"@type":"ReadAction","target":["https:\/\/www.feuerwehr-halberstadt.de\/?p=17908"]}]},{"@type":"ImageObject","inLanguage":"de","@id":"https:\/\/www.feuerwehr-halberstadt.de\/?p=17908#primaryimage","url":"https:\/\/www.feuerwehr-halberstadt.de\/wp-content\/uploads\/2024\/03\/13_20240310_165751_0010.jpg","contentUrl":"https:\/\/www.feuerwehr-halberstadt.de\/wp-content\/uploads\/2024\/03\/13_20240310_165751_0010.jpg","width":1920,"height":1080},{"@type":"BreadcrumbList","@id":"https:\/\/www.feuerwehr-halberstadt.de\/?p=17908#breadcrumb","itemListElement":[{"@type":"ListItem","position":1,"name":"Startseite","item":"https:\/\/www.feuerwehr-halberstadt.de\/"},{"@type":"ListItem","position":2,"name":"Wochenbericht Freiwillige Feuerwehr &#8211; 12.01. &#8211; 18.01.2026"}]},{"@type":"WebSite","@id":"https:\/\/www.feuerwehr-halberstadt.de\/#website","url":"https:\/\/www.feuerwehr-halberstadt.de\/","name":"Feuerwehr Halberstadt","description":"#imEinsatzf\u00fcrHalberstadt","publisher":{"@id":"https:\/\/www.feuerwehr-halberstadt.de\/#organization"},"potentialAction":[{"@type":"SearchAction","target":{"@type":"EntryPoint","urlTemplate":"https:\/\/www.feuerwehr-halberstadt.de\/?s={search_term_string}"},"query-input":{"@type":"PropertyValueSpecification","valueRequired":true,"valueName":"search_term_string"}}],"inLanguage":"de"},{"@type":"Organization","@id":"https:\/\/www.feuerwehr-halberstadt.de\/#organization","name":"Feuerwehr Halberstadt","url":"https:\/\/www.feuerwehr-halberstadt.de\/","logo":{"@type":"ImageObject","inLanguage":"de","@id":"https:\/\/www.feuerwehr-halberstadt.de\/#\/schema\/logo\/image\/","url":"https:\/\/www.feuerwehr-halberstadt.de\/wp-content\/uploads\/2023\/10\/IMG_0126.png","contentUrl":"https:\/\/www.feuerwehr-halberstadt.de\/wp-content\/uploads\/2023\/10\/IMG_0126.png","width":1500,"height":399,"caption":"Feuerwehr Halberstadt"},"image":{"@id":"https:\/\/www.feuerwehr-halberstadt.de\/#\/schema\/logo\/image\/"},"sameAs":["https:\/\/www.facebook.com\/FeuerwehrHalberstadt\/"]},{"@type":"Person","@id":"https:\/\/www.feuerwehr-halberstadt.de\/#\/schema\/person\/55ce5d9b46008e58cd3d55d4116ec727","name":"Buchold, Chris","image":{"@type":"ImageObject","inLanguage":"de","@id":"https:\/\/secure.gravatar.com\/avatar\/bff08a084f0390bf8a93fc28c488452766ba521109cec244ac64210fdd500a49?s=96&d=mm&r=g","url":"https:\/\/secure.gravatar.com\/avatar\/bff08a084f0390bf8a93fc28c488452766ba521109cec244ac64210fdd500a49?s=96&d=mm&r=g","contentUrl":"https:\/\/secure.gravatar.com\/avatar\/bff08a084f0390bf8a93fc28c488452766ba521109cec244ac64210fdd500a49?s=96&d=mm&r=g","caption":"Buchold, Chris"},"url":"https:\/\/www.feuerwehr-halberstadt.de\/?author=3"}]}},"_links":{"self":[{"href":"https:\/\/www.feuerwehr-halberstadt.de\/index.php?rest_route=\/wp\/v2\/posts\/17908","targetHints":{"allow":["GET"]}}],"collection":[{"href":"https:\/\/www.feuerwehr-halberstadt.de\/index.php?rest_route=\/wp\/v2\/posts"}],"about":[{"href":"https:\/\/www.feuerwehr-halberstadt.de\/index.php?rest_route=\/wp\/v2\/types\/post"}],"author":[{"embeddable":true,"href":"https:\/\/www.feuerwehr-halberstadt.de\/index.php?rest_route=\/wp\/v2\/users\/3"}],"replies":[{"embeddable":true,"href":"https:\/\/www.feuerwehr-halberstadt.de\/index.php?rest_route=%2Fwp%2Fv2%2Fcomments&post=17908"}],"version-history":[{"count":5,"href":"https:\/\/www.feuerwehr-halberstadt.de\/index.php?rest_route=\/wp\/v2\/posts\/17908\/revisions"}],"predecessor-version":[{"id":17922,"href":"https:\/\/www.feuerwehr-halberstadt.de\/index.php?rest_route=\/wp\/v2\/posts\/17908\/revisions\/17922"}],"wp:featuredmedia":[{"embeddable":true,"href":"https:\/\/www.feuerwehr-halberstadt.de\/index.php?rest_route=\/wp\/v2\/media\/14817"}],"wp:attachment":[{"href":"https:\/\/www.feuerwehr-halberstadt.de\/index.php?rest_route=%2Fwp%2Fv2%2Fmedia&parent=17908"}],"wp:term":[{"taxonomy":"category","embeddable":true,"href":"https:\/\/www.feuerwehr-halberstadt.de\/index.php?rest_route=%2Fwp%2Fv2%2Fcategories&post=17908"},{"taxonomy":"post_tag","embeddable":true,"href":"https:\/\/www.feuerwehr-halberstadt.de\/index.php?rest_route=%2Fwp%2Fv2%2Ftags&post=17908"}],"curies":[{"name":"wp","href":"https:\/\/api.w.org\/{rel}","templated":true}]}}