{"id":17754,"date":"2025-12-08T09:54:19","date_gmt":"2025-12-08T08:54:19","guid":{"rendered":"https:\/\/www.feuerwehr-halberstadt.de\/?p=17754"},"modified":"2025-12-08T09:54:20","modified_gmt":"2025-12-08T08:54:20","slug":"wochenbericht-freiwillige-feuerwehr-01-12-07-12-2025","status":"publish","type":"post","link":"https:\/\/www.feuerwehr-halberstadt.de\/?p=17754","title":{"rendered":"Wochenbericht Freiwillige Feuerwehr &#8211; 01.12. &#8211; 07.12.2025"},"content":{"rendered":"\n<p><strong>02.12.2025 <\/strong>\u2013 11:32 Uhr<br><strong>BMA \u2013 ZAST &#8211; Friedrich-List-Stra\u00dfe <\/strong>\u2013 Einsatz 173\/2025<br><em>Alarmierte Kr\u00e4fte: Einsatzleitdienst, Hauptberufliche Wachbereitschaft<\/em>, <em>FF Halberstadt<\/em>, <em>Rettungsdienst<\/em><br><strong>Kurzinfo:<\/strong> Die Brandmeldeanlage wurde durch Bauarbeiten ausgel\u00f6st. Der Einsatz konnte wenig sp\u00e4ter beendet werden.<\/p>\n\n\n\n<p><strong>02.12.2025 <\/strong>\u2013 20:26 Uhr<br><strong>BMA \u2013 ZAST &#8211; Friedrich-List-Stra\u00dfe <\/strong>\u2013 Einsatz 174\/2025<br><em>Alarmierte Kr\u00e4fte: Einsatzleitdienst, Hauptberufliche Wachbereitschaft<\/em>, <em>FF Halberstadt<\/em>, <em>Rettungsdienst<\/em><br><strong>Kurzinfo:<\/strong> Vor Ort brannte eine T\u00fcr, die mittels Kleinl\u00f6schger\u00e4t gel\u00f6scht wurde. Verrauchte Bereiche wurden bel\u00fcftet.<\/p>\n\n\n\n<p><strong>03.12.2025 <\/strong>\u2013 19:23 Uhr<br><strong>BMA \u2013 Schloss Langenstein &#8211; Bahnhofstra\u00dfe in Langenstein <\/strong>\u2013 Einsatz 175\/2025<br><em>Alarmierte Kr\u00e4fte: FF Langenstein, FF Str\u00f6beck,<\/em> <em>FF Halberstadt<\/em><br><strong>Kurzinfo:<\/strong> Es handelte sich um eine unangek\u00fcndigte Einsatz\u00fcbung. <a href=\"https:\/\/www.feuerwehr-halberstadt.de\/?p=17738\">https:\/\/www.feuerwehr-halberstadt.de\/?p=17738<\/a><\/p>\n","protected":false},"excerpt":{"rendered":"<p>02.12.2025 \u2013 11:32 UhrBMA \u2013 ZAST &#8211; Friedrich-List-Stra\u00dfe \u2013 Einsatz 173\/2025Alarmierte Kr\u00e4fte: Einsatzleitdienst, Hauptberufliche Wachbereitschaft, FF Halberstadt, RettungsdienstKurzinfo: Die Brandmeldeanlage wurde durch Bauarbeiten ausgel\u00f6st. Der Einsatz konnte wenig sp\u00e4ter beendet werden. 02.12.2025 \u2013 20:26 UhrBMA \u2013 ZAST &#8211; Friedrich-List-Stra\u00dfe \u2013 Einsatz 174\/2025Alarmierte Kr\u00e4fte: Einsatzleitdienst, Hauptberufliche Wachbereitschaft, FF Halberstadt, RettungsdienstKurzinfo: Vor Ort brannte eine T\u00fcr, die [&hellip;]<\/p>\n","protected":false},"author":3,"featured_media":14819,"comment_status":"closed","ping_status":"closed","sticky":false,"template":"","format":"standard","meta":{"_acf_changed":false,"footnotes":""},"categories":[9],"tags":[],"class_list":["post-17754","post","type-post","status-publish","format-standard","has-post-thumbnail","hentry","category-allgemein"],"acf":[],"yoast_head":"<!-- This site is optimized with the Yoast SEO plugin v27.4 - https:\/\/yoast.com\/product\/yoast-seo-wordpress\/ -->\n<title>Wochenbericht Freiwillige Feuerwehr - 01.12. - 07.12.2025 - Feuerwehr Halberstadt<\/title>\n<meta name=\"robots\" content=\"index, follow, max-snippet:-1, max-image-preview:large, max-video-preview:-1\" \/>\n<link rel=\"canonical\" href=\"https:\/\/www.feuerwehr-halberstadt.de\/?p=17754\" \/>\n<meta property=\"og:locale\" content=\"de_DE\" \/>\n<meta property=\"og:type\" content=\"article\" \/>\n<meta property=\"og:title\" content=\"Wochenbericht Freiwillige Feuerwehr - 01.12. - 07.12.2025 - Feuerwehr Halberstadt\" \/>\n<meta property=\"og:description\" content=\"02.12.2025 \u2013 11:32 UhrBMA \u2013 ZAST &#8211; Friedrich-List-Stra\u00dfe \u2013 Einsatz 173\/2025Alarmierte Kr\u00e4fte: Einsatzleitdienst, Hauptberufliche Wachbereitschaft, FF Halberstadt, RettungsdienstKurzinfo: Die Brandmeldeanlage wurde durch Bauarbeiten ausgel\u00f6st. Der Einsatz konnte wenig sp\u00e4ter beendet werden. 02.12.2025 \u2013 20:26 UhrBMA \u2013 ZAST &#8211; Friedrich-List-Stra\u00dfe \u2013 Einsatz 174\/2025Alarmierte Kr\u00e4fte: Einsatzleitdienst, Hauptberufliche Wachbereitschaft, FF Halberstadt, RettungsdienstKurzinfo: Vor Ort brannte eine T\u00fcr, die [&hellip;]\" \/>\n<meta property=\"og:url\" content=\"https:\/\/www.feuerwehr-halberstadt.de\/?p=17754\" \/>\n<meta property=\"og:site_name\" content=\"Feuerwehr Halberstadt\" \/>\n<meta property=\"article:publisher\" content=\"https:\/\/www.facebook.com\/FeuerwehrHalberstadt\/\" \/>\n<meta property=\"article:published_time\" content=\"2025-12-08T08:54:19+00:00\" \/>\n<meta property=\"article:modified_time\" content=\"2025-12-08T08:54:20+00:00\" \/>\n<meta property=\"og:image\" content=\"https:\/\/www.feuerwehr-halberstadt.de\/wp-content\/uploads\/2024\/03\/15_20240310_165751_0012.jpg\" \/>\n\t<meta property=\"og:image:width\" content=\"1920\" \/>\n\t<meta property=\"og:image:height\" content=\"1080\" \/>\n\t<meta property=\"og:image:type\" content=\"image\/jpeg\" \/>\n<meta name=\"author\" content=\"Buchold, Chris\" \/>\n<meta name=\"twitter:card\" content=\"summary_large_image\" \/>\n<meta name=\"twitter:label1\" content=\"Verfasst von\" \/>\n\t<meta name=\"twitter:data1\" content=\"Buchold, Chris\" \/>\n\t<meta name=\"twitter:label2\" content=\"Gesch\u00e4tzte Lesezeit\" \/>\n\t<meta name=\"twitter:data2\" content=\"1\u00a0Minute\" \/>\n<script type=\"application\/ld+json\" class=\"yoast-schema-graph\">{\"@context\":\"https:\\\/\\\/schema.org\",\"@graph\":[{\"@type\":\"Article\",\"@id\":\"https:\\\/\\\/www.feuerwehr-halberstadt.de\\\/?p=17754#article\",\"isPartOf\":{\"@id\":\"https:\\\/\\\/www.feuerwehr-halberstadt.de\\\/?p=17754\"},\"author\":{\"name\":\"Buchold, Chris\",\"@id\":\"https:\\\/\\\/www.feuerwehr-halberstadt.de\\\/#\\\/schema\\\/person\\\/55ce5d9b46008e58cd3d55d4116ec727\"},\"headline\":\"Wochenbericht Freiwillige Feuerwehr &#8211; 01.12. &#8211; 07.12.2025\",\"datePublished\":\"2025-12-08T08:54:19+00:00\",\"dateModified\":\"2025-12-08T08:54:20+00:00\",\"mainEntityOfPage\":{\"@id\":\"https:\\\/\\\/www.feuerwehr-halberstadt.de\\\/?p=17754\"},\"wordCount\":108,\"publisher\":{\"@id\":\"https:\\\/\\\/www.feuerwehr-halberstadt.de\\\/#organization\"},\"image\":{\"@id\":\"https:\\\/\\\/www.feuerwehr-halberstadt.de\\\/?p=17754#primaryimage\"},\"thumbnailUrl\":\"https:\\\/\\\/www.feuerwehr-halberstadt.de\\\/wp-content\\\/uploads\\\/2024\\\/03\\\/15_20240310_165751_0012.jpg\",\"inLanguage\":\"de\"},{\"@type\":\"WebPage\",\"@id\":\"https:\\\/\\\/www.feuerwehr-halberstadt.de\\\/?p=17754\",\"url\":\"https:\\\/\\\/www.feuerwehr-halberstadt.de\\\/?p=17754\",\"name\":\"Wochenbericht Freiwillige Feuerwehr - 01.12. - 07.12.2025 - Feuerwehr Halberstadt\",\"isPartOf\":{\"@id\":\"https:\\\/\\\/www.feuerwehr-halberstadt.de\\\/#website\"},\"primaryImageOfPage\":{\"@id\":\"https:\\\/\\\/www.feuerwehr-halberstadt.de\\\/?p=17754#primaryimage\"},\"image\":{\"@id\":\"https:\\\/\\\/www.feuerwehr-halberstadt.de\\\/?p=17754#primaryimage\"},\"thumbnailUrl\":\"https:\\\/\\\/www.feuerwehr-halberstadt.de\\\/wp-content\\\/uploads\\\/2024\\\/03\\\/15_20240310_165751_0012.jpg\",\"datePublished\":\"2025-12-08T08:54:19+00:00\",\"dateModified\":\"2025-12-08T08:54:20+00:00\",\"breadcrumb\":{\"@id\":\"https:\\\/\\\/www.feuerwehr-halberstadt.de\\\/?p=17754#breadcrumb\"},\"inLanguage\":\"de\",\"potentialAction\":[{\"@type\":\"ReadAction\",\"target\":[\"https:\\\/\\\/www.feuerwehr-halberstadt.de\\\/?p=17754\"]}]},{\"@type\":\"ImageObject\",\"inLanguage\":\"de\",\"@id\":\"https:\\\/\\\/www.feuerwehr-halberstadt.de\\\/?p=17754#primaryimage\",\"url\":\"https:\\\/\\\/www.feuerwehr-halberstadt.de\\\/wp-content\\\/uploads\\\/2024\\\/03\\\/15_20240310_165751_0012.jpg\",\"contentUrl\":\"https:\\\/\\\/www.feuerwehr-halberstadt.de\\\/wp-content\\\/uploads\\\/2024\\\/03\\\/15_20240310_165751_0012.jpg\",\"width\":1920,\"height\":1080},{\"@type\":\"BreadcrumbList\",\"@id\":\"https:\\\/\\\/www.feuerwehr-halberstadt.de\\\/?p=17754#breadcrumb\",\"itemListElement\":[{\"@type\":\"ListItem\",\"position\":1,\"name\":\"Startseite\",\"item\":\"https:\\\/\\\/www.feuerwehr-halberstadt.de\\\/\"},{\"@type\":\"ListItem\",\"position\":2,\"name\":\"Wochenbericht Freiwillige Feuerwehr &#8211; 01.12. &#8211; 07.12.2025\"}]},{\"@type\":\"WebSite\",\"@id\":\"https:\\\/\\\/www.feuerwehr-halberstadt.de\\\/#website\",\"url\":\"https:\\\/\\\/www.feuerwehr-halberstadt.de\\\/\",\"name\":\"Feuerwehr Halberstadt\",\"description\":\"#imEinsatzf\u00fcrHalberstadt\",\"publisher\":{\"@id\":\"https:\\\/\\\/www.feuerwehr-halberstadt.de\\\/#organization\"},\"potentialAction\":[{\"@type\":\"SearchAction\",\"target\":{\"@type\":\"EntryPoint\",\"urlTemplate\":\"https:\\\/\\\/www.feuerwehr-halberstadt.de\\\/?s={search_term_string}\"},\"query-input\":{\"@type\":\"PropertyValueSpecification\",\"valueRequired\":true,\"valueName\":\"search_term_string\"}}],\"inLanguage\":\"de\"},{\"@type\":\"Organization\",\"@id\":\"https:\\\/\\\/www.feuerwehr-halberstadt.de\\\/#organization\",\"name\":\"Feuerwehr Halberstadt\",\"url\":\"https:\\\/\\\/www.feuerwehr-halberstadt.de\\\/\",\"logo\":{\"@type\":\"ImageObject\",\"inLanguage\":\"de\",\"@id\":\"https:\\\/\\\/www.feuerwehr-halberstadt.de\\\/#\\\/schema\\\/logo\\\/image\\\/\",\"url\":\"https:\\\/\\\/www.feuerwehr-halberstadt.de\\\/wp-content\\\/uploads\\\/2023\\\/10\\\/IMG_0126.png\",\"contentUrl\":\"https:\\\/\\\/www.feuerwehr-halberstadt.de\\\/wp-content\\\/uploads\\\/2023\\\/10\\\/IMG_0126.png\",\"width\":1500,\"height\":399,\"caption\":\"Feuerwehr Halberstadt\"},\"image\":{\"@id\":\"https:\\\/\\\/www.feuerwehr-halberstadt.de\\\/#\\\/schema\\\/logo\\\/image\\\/\"},\"sameAs\":[\"https:\\\/\\\/www.facebook.com\\\/FeuerwehrHalberstadt\\\/\"]},{\"@type\":\"Person\",\"@id\":\"https:\\\/\\\/www.feuerwehr-halberstadt.de\\\/#\\\/schema\\\/person\\\/55ce5d9b46008e58cd3d55d4116ec727\",\"name\":\"Buchold, Chris\",\"image\":{\"@type\":\"ImageObject\",\"inLanguage\":\"de\",\"@id\":\"https:\\\/\\\/secure.gravatar.com\\\/avatar\\\/bff08a084f0390bf8a93fc28c488452766ba521109cec244ac64210fdd500a49?s=96&d=mm&r=g\",\"url\":\"https:\\\/\\\/secure.gravatar.com\\\/avatar\\\/bff08a084f0390bf8a93fc28c488452766ba521109cec244ac64210fdd500a49?s=96&d=mm&r=g\",\"contentUrl\":\"https:\\\/\\\/secure.gravatar.com\\\/avatar\\\/bff08a084f0390bf8a93fc28c488452766ba521109cec244ac64210fdd500a49?s=96&d=mm&r=g\",\"caption\":\"Buchold, Chris\"},\"url\":\"https:\\\/\\\/www.feuerwehr-halberstadt.de\\\/?author=3\"}]}<\/script>\n<!-- \/ Yoast SEO plugin. -->","yoast_head_json":{"title":"Wochenbericht Freiwillige Feuerwehr - 01.12. - 07.12.2025 - Feuerwehr Halberstadt","robots":{"index":"index","follow":"follow","max-snippet":"max-snippet:-1","max-image-preview":"max-image-preview:large","max-video-preview":"max-video-preview:-1"},"canonical":"https:\/\/www.feuerwehr-halberstadt.de\/?p=17754","og_locale":"de_DE","og_type":"article","og_title":"Wochenbericht Freiwillige Feuerwehr - 01.12. - 07.12.2025 - Feuerwehr Halberstadt","og_description":"02.12.2025 \u2013 11:32 UhrBMA \u2013 ZAST &#8211; Friedrich-List-Stra\u00dfe \u2013 Einsatz 173\/2025Alarmierte Kr\u00e4fte: Einsatzleitdienst, Hauptberufliche Wachbereitschaft, FF Halberstadt, RettungsdienstKurzinfo: Die Brandmeldeanlage wurde durch Bauarbeiten ausgel\u00f6st. Der Einsatz konnte wenig sp\u00e4ter beendet werden. 02.12.2025 \u2013 20:26 UhrBMA \u2013 ZAST &#8211; Friedrich-List-Stra\u00dfe \u2013 Einsatz 174\/2025Alarmierte Kr\u00e4fte: Einsatzleitdienst, Hauptberufliche Wachbereitschaft, FF Halberstadt, RettungsdienstKurzinfo: Vor Ort brannte eine T\u00fcr, die [&hellip;]","og_url":"https:\/\/www.feuerwehr-halberstadt.de\/?p=17754","og_site_name":"Feuerwehr Halberstadt","article_publisher":"https:\/\/www.facebook.com\/FeuerwehrHalberstadt\/","article_published_time":"2025-12-08T08:54:19+00:00","article_modified_time":"2025-12-08T08:54:20+00:00","og_image":[{"width":1920,"height":1080,"url":"https:\/\/www.feuerwehr-halberstadt.de\/wp-content\/uploads\/2024\/03\/15_20240310_165751_0012.jpg","type":"image\/jpeg"}],"author":"Buchold, Chris","twitter_card":"summary_large_image","twitter_misc":{"Verfasst von":"Buchold, Chris","Gesch\u00e4tzte Lesezeit":"1\u00a0Minute"},"schema":{"@context":"https:\/\/schema.org","@graph":[{"@type":"Article","@id":"https:\/\/www.feuerwehr-halberstadt.de\/?p=17754#article","isPartOf":{"@id":"https:\/\/www.feuerwehr-halberstadt.de\/?p=17754"},"author":{"name":"Buchold, Chris","@id":"https:\/\/www.feuerwehr-halberstadt.de\/#\/schema\/person\/55ce5d9b46008e58cd3d55d4116ec727"},"headline":"Wochenbericht Freiwillige Feuerwehr &#8211; 01.12. &#8211; 07.12.2025","datePublished":"2025-12-08T08:54:19+00:00","dateModified":"2025-12-08T08:54:20+00:00","mainEntityOfPage":{"@id":"https:\/\/www.feuerwehr-halberstadt.de\/?p=17754"},"wordCount":108,"publisher":{"@id":"https:\/\/www.feuerwehr-halberstadt.de\/#organization"},"image":{"@id":"https:\/\/www.feuerwehr-halberstadt.de\/?p=17754#primaryimage"},"thumbnailUrl":"https:\/\/www.feuerwehr-halberstadt.de\/wp-content\/uploads\/2024\/03\/15_20240310_165751_0012.jpg","inLanguage":"de"},{"@type":"WebPage","@id":"https:\/\/www.feuerwehr-halberstadt.de\/?p=17754","url":"https:\/\/www.feuerwehr-halberstadt.de\/?p=17754","name":"Wochenbericht Freiwillige Feuerwehr - 01.12. - 07.12.2025 - Feuerwehr Halberstadt","isPartOf":{"@id":"https:\/\/www.feuerwehr-halberstadt.de\/#website"},"primaryImageOfPage":{"@id":"https:\/\/www.feuerwehr-halberstadt.de\/?p=17754#primaryimage"},"image":{"@id":"https:\/\/www.feuerwehr-halberstadt.de\/?p=17754#primaryimage"},"thumbnailUrl":"https:\/\/www.feuerwehr-halberstadt.de\/wp-content\/uploads\/2024\/03\/15_20240310_165751_0012.jpg","datePublished":"2025-12-08T08:54:19+00:00","dateModified":"2025-12-08T08:54:20+00:00","breadcrumb":{"@id":"https:\/\/www.feuerwehr-halberstadt.de\/?p=17754#breadcrumb"},"inLanguage":"de","potentialAction":[{"@type":"ReadAction","target":["https:\/\/www.feuerwehr-halberstadt.de\/?p=17754"]}]},{"@type":"ImageObject","inLanguage":"de","@id":"https:\/\/www.feuerwehr-halberstadt.de\/?p=17754#primaryimage","url":"https:\/\/www.feuerwehr-halberstadt.de\/wp-content\/uploads\/2024\/03\/15_20240310_165751_0012.jpg","contentUrl":"https:\/\/www.feuerwehr-halberstadt.de\/wp-content\/uploads\/2024\/03\/15_20240310_165751_0012.jpg","width":1920,"height":1080},{"@type":"BreadcrumbList","@id":"https:\/\/www.feuerwehr-halberstadt.de\/?p=17754#breadcrumb","itemListElement":[{"@type":"ListItem","position":1,"name":"Startseite","item":"https:\/\/www.feuerwehr-halberstadt.de\/"},{"@type":"ListItem","position":2,"name":"Wochenbericht Freiwillige Feuerwehr &#8211; 01.12. &#8211; 07.12.2025"}]},{"@type":"WebSite","@id":"https:\/\/www.feuerwehr-halberstadt.de\/#website","url":"https:\/\/www.feuerwehr-halberstadt.de\/","name":"Feuerwehr Halberstadt","description":"#imEinsatzf\u00fcrHalberstadt","publisher":{"@id":"https:\/\/www.feuerwehr-halberstadt.de\/#organization"},"potentialAction":[{"@type":"SearchAction","target":{"@type":"EntryPoint","urlTemplate":"https:\/\/www.feuerwehr-halberstadt.de\/?s={search_term_string}"},"query-input":{"@type":"PropertyValueSpecification","valueRequired":true,"valueName":"search_term_string"}}],"inLanguage":"de"},{"@type":"Organization","@id":"https:\/\/www.feuerwehr-halberstadt.de\/#organization","name":"Feuerwehr Halberstadt","url":"https:\/\/www.feuerwehr-halberstadt.de\/","logo":{"@type":"ImageObject","inLanguage":"de","@id":"https:\/\/www.feuerwehr-halberstadt.de\/#\/schema\/logo\/image\/","url":"https:\/\/www.feuerwehr-halberstadt.de\/wp-content\/uploads\/2023\/10\/IMG_0126.png","contentUrl":"https:\/\/www.feuerwehr-halberstadt.de\/wp-content\/uploads\/2023\/10\/IMG_0126.png","width":1500,"height":399,"caption":"Feuerwehr Halberstadt"},"image":{"@id":"https:\/\/www.feuerwehr-halberstadt.de\/#\/schema\/logo\/image\/"},"sameAs":["https:\/\/www.facebook.com\/FeuerwehrHalberstadt\/"]},{"@type":"Person","@id":"https:\/\/www.feuerwehr-halberstadt.de\/#\/schema\/person\/55ce5d9b46008e58cd3d55d4116ec727","name":"Buchold, Chris","image":{"@type":"ImageObject","inLanguage":"de","@id":"https:\/\/secure.gravatar.com\/avatar\/bff08a084f0390bf8a93fc28c488452766ba521109cec244ac64210fdd500a49?s=96&d=mm&r=g","url":"https:\/\/secure.gravatar.com\/avatar\/bff08a084f0390bf8a93fc28c488452766ba521109cec244ac64210fdd500a49?s=96&d=mm&r=g","contentUrl":"https:\/\/secure.gravatar.com\/avatar\/bff08a084f0390bf8a93fc28c488452766ba521109cec244ac64210fdd500a49?s=96&d=mm&r=g","caption":"Buchold, Chris"},"url":"https:\/\/www.feuerwehr-halberstadt.de\/?author=3"}]}},"_links":{"self":[{"href":"https:\/\/www.feuerwehr-halberstadt.de\/index.php?rest_route=\/wp\/v2\/posts\/17754","targetHints":{"allow":["GET"]}}],"collection":[{"href":"https:\/\/www.feuerwehr-halberstadt.de\/index.php?rest_route=\/wp\/v2\/posts"}],"about":[{"href":"https:\/\/www.feuerwehr-halberstadt.de\/index.php?rest_route=\/wp\/v2\/types\/post"}],"author":[{"embeddable":true,"href":"https:\/\/www.feuerwehr-halberstadt.de\/index.php?rest_route=\/wp\/v2\/users\/3"}],"replies":[{"embeddable":true,"href":"https:\/\/www.feuerwehr-halberstadt.de\/index.php?rest_route=%2Fwp%2Fv2%2Fcomments&post=17754"}],"version-history":[{"count":4,"href":"https:\/\/www.feuerwehr-halberstadt.de\/index.php?rest_route=\/wp\/v2\/posts\/17754\/revisions"}],"predecessor-version":[{"id":17762,"href":"https:\/\/www.feuerwehr-halberstadt.de\/index.php?rest_route=\/wp\/v2\/posts\/17754\/revisions\/17762"}],"wp:featuredmedia":[{"embeddable":true,"href":"https:\/\/www.feuerwehr-halberstadt.de\/index.php?rest_route=\/wp\/v2\/media\/14819"}],"wp:attachment":[{"href":"https:\/\/www.feuerwehr-halberstadt.de\/index.php?rest_route=%2Fwp%2Fv2%2Fmedia&parent=17754"}],"wp:term":[{"taxonomy":"category","embeddable":true,"href":"https:\/\/www.feuerwehr-halberstadt.de\/index.php?rest_route=%2Fwp%2Fv2%2Fcategories&post=17754"},{"taxonomy":"post_tag","embeddable":true,"href":"https:\/\/www.feuerwehr-halberstadt.de\/index.php?rest_route=%2Fwp%2Fv2%2Ftags&post=17754"}],"curies":[{"name":"wp","href":"https:\/\/api.w.org\/{rel}","templated":true}]}}