{"id":17349,"date":"2025-10-13T14:00:36","date_gmt":"2025-10-13T12:00:36","guid":{"rendered":"https:\/\/www.feuerwehr-halberstadt.de\/?p=17349"},"modified":"2025-11-15T13:14:44","modified_gmt":"2025-11-15T12:14:44","slug":"technische-hilfeleistung-bei-verkehrsunfaellen-mit-lkw","status":"publish","type":"post","link":"https:\/\/www.feuerwehr-halberstadt.de\/?p=17349","title":{"rendered":"Technische Hilfeleistung bei Verkehrsunf\u00e4llen mit LKW"},"content":{"rendered":"\n<p>Am 27.09.2025 und am 11.10.2025, nahmen einige Kameraden unserer Ortsfeuerwehr an einer Ausbildung zum Thema &#8222;Technische Hilfeleistung bei Verkehrsunf\u00e4llen mit LKW Beteiligung&#8220; teil. Au\u00dferdem waren die Feuerwehren aus Wegeleben und Deesdorf ebenfalls zu Gast. F\u00fcr die Kollegen der Hauptamtlichen Wachbereitschaft begann diese Ausbildung bereits im Juni.<\/p>\n\n\n\n<!--more-->\n\n\n\n<p>Die Ausbildungseinheit wurde durch den Kollegen Marcel Bamberg von der Wachbereitschaft, welcher auf das Thema &#8222;Technische Hilfeleistung&#8220; spezialisiert ist, organisiert und durchgef\u00fchrt. Anlass f\u00fcr diese Ausbildung war unter anderem die Ansiedlung von Daimler Truck in Halberstadt, weshalb in und um Halberstadt mit deutlich erh\u00f6htem LKW-Aufkommen zurechnen ist.<\/p>\n\n\n\n<p>Begonnen wurde am 27.09.2025 mit einem kleinen theoretischen Teil, in dem es um die technischen Daten und die Dimensionen eines LKW ging. So wurde zum Beispiel auf die Abmessungen, das Gewicht und die Fl\u00fcssigkeitsst\u00e4nde (Kraftstoff und \u00d6le) eingegangen. Zudem wurden Zugangsm\u00f6glichkeiten und das Retten einer Person aus der Fahrerkabine besprochen. Au\u00dferdem stellte Kollege Bamberg verschiedene M\u00f6glichkeiten vor um zus\u00e4tzlich zu der bestehenden Arbeitsplattform eine weitere provisorische Arbeitsplattform zu schaffen um an der LKW Kabine, beispielsweise mit dem hydraulischem Rettungsger\u00e4t arbeiten zu k\u00f6nnen. Nach der Theorie folgte nun die Praxis. Hierf\u00fcr stand an diesem Tag ein moderner LKW der Firma Krage &amp; Gerloff aus Schwanebeck zur Verf\u00fcgung, an dem das erlernte Wissen angewandt werden konnte.<\/p>\n\n\n\n<p>Am 11.10.2025 wurde die Praxiseinheit auf dem Gel\u00e4nde der STALA in Halberstadt noch einmal erweitert. Hierzu standen mehrere LKW der STALA zur Verf\u00fcgung an denen das Aufbauen der Rettungsplattformen und die Personenrettung in Zusammenarbeit mit dem Rettungsdienst ge\u00fcbt werden konnte. <br>Au\u00dferdem stand eine landwirtschaftliche Zugmaschine zur Verf\u00fcgung. Hier wurden ebenfalls die technischen Daten besprochen und eine Personenrettung durchgef\u00fchrt. An zwei weiteren Stationen ging es zus\u00e4tzlich noch um die Technische Hilfeleistung nach einem klassischen Verkehrsunfall. Hierzu simulierte man unter anderem einen Frontalzusammensto\u00df zwischen zwei PKW und einem PKW in Seitenlage. Die Besonderheit war hier, dass die Feuerwehr Wegeleben mit ihrem neuen hydraulischem Rettungsger\u00e4t auf Akkubasis vor Ort war. So konnten die Kameraden aus Halberstadt die neue Technik im Einsatz testen.<\/p>\n\n\n\n<p>Ein besonderer Dank gilt an dieser Stelle dem Kollegen Marcel Bamberg von der Wachbereitschaft f\u00fcr die Organisation und die Durchf\u00fchrung dieser Ausbildungseinheit, bei der alle Kameraden neue Erkenntnisse und Erfahrungen sammeln konnten. Au\u00dferdem m\u00f6chten wir uns recht herzlich bei der Firma Krage &amp; Gerloff aus Schwanebeck bedanken, f\u00fcr die Bereitstellung des LKW! Wir hoffen auf eine weiterhin gute Zusammenarbeit. <br><\/p>\n\n\n\n<figure class=\"wp-block-gallery has-nested-images columns-default is-cropped wp-block-gallery-1 is-layout-flex wp-block-gallery-is-layout-flex\">\n<figure class=\"wp-block-image size-large\"><img loading=\"lazy\" decoding=\"async\" width=\"1024\" height=\"768\" data-id=\"17345\" src=\"https:\/\/www.feuerwehr-halberstadt.de\/wp-content\/uploads\/2025\/10\/393cd961-6ce6-4ed7-8a43-02299fff85d4-1024x768.jpeg\" alt=\"\" class=\"wp-image-17345\" srcset=\"https:\/\/www.feuerwehr-halberstadt.de\/wp-content\/uploads\/2025\/10\/393cd961-6ce6-4ed7-8a43-02299fff85d4-1024x768.jpeg 1024w, https:\/\/www.feuerwehr-halberstadt.de\/wp-content\/uploads\/2025\/10\/393cd961-6ce6-4ed7-8a43-02299fff85d4-300x225.jpeg 300w, https:\/\/www.feuerwehr-halberstadt.de\/wp-content\/uploads\/2025\/10\/393cd961-6ce6-4ed7-8a43-02299fff85d4-768x576.jpeg 768w, https:\/\/www.feuerwehr-halberstadt.de\/wp-content\/uploads\/2025\/10\/393cd961-6ce6-4ed7-8a43-02299fff85d4-1536x1152.jpeg 1536w, https:\/\/www.feuerwehr-halberstadt.de\/wp-content\/uploads\/2025\/10\/393cd961-6ce6-4ed7-8a43-02299fff85d4.jpeg 2048w\" sizes=\"auto, (max-width: 1024px) 100vw, 1024px\" \/><\/figure>\n\n\n\n<figure class=\"wp-block-image size-large\"><img loading=\"lazy\" decoding=\"async\" width=\"1024\" height=\"768\" data-id=\"17343\" src=\"https:\/\/www.feuerwehr-halberstadt.de\/wp-content\/uploads\/2025\/10\/2177eaa7-b234-4662-a302-2538764418fe-1024x768.jpeg\" alt=\"\" class=\"wp-image-17343\" srcset=\"https:\/\/www.feuerwehr-halberstadt.de\/wp-content\/uploads\/2025\/10\/2177eaa7-b234-4662-a302-2538764418fe-1024x768.jpeg 1024w, https:\/\/www.feuerwehr-halberstadt.de\/wp-content\/uploads\/2025\/10\/2177eaa7-b234-4662-a302-2538764418fe-300x225.jpeg 300w, https:\/\/www.feuerwehr-halberstadt.de\/wp-content\/uploads\/2025\/10\/2177eaa7-b234-4662-a302-2538764418fe-768x576.jpeg 768w, https:\/\/www.feuerwehr-halberstadt.de\/wp-content\/uploads\/2025\/10\/2177eaa7-b234-4662-a302-2538764418fe-1536x1152.jpeg 1536w, https:\/\/www.feuerwehr-halberstadt.de\/wp-content\/uploads\/2025\/10\/2177eaa7-b234-4662-a302-2538764418fe.jpeg 2048w\" sizes=\"auto, (max-width: 1024px) 100vw, 1024px\" \/><\/figure>\n\n\n\n<figure class=\"wp-block-image size-large\"><img loading=\"lazy\" decoding=\"async\" width=\"1024\" height=\"768\" data-id=\"17339\" src=\"https:\/\/www.feuerwehr-halberstadt.de\/wp-content\/uploads\/2025\/10\/IMG_7171-1024x768.jpeg\" alt=\"\" class=\"wp-image-17339\" srcset=\"https:\/\/www.feuerwehr-halberstadt.de\/wp-content\/uploads\/2025\/10\/IMG_7171-1024x768.jpeg 1024w, https:\/\/www.feuerwehr-halberstadt.de\/wp-content\/uploads\/2025\/10\/IMG_7171-300x225.jpeg 300w, https:\/\/www.feuerwehr-halberstadt.de\/wp-content\/uploads\/2025\/10\/IMG_7171-768x576.jpeg 768w, https:\/\/www.feuerwehr-halberstadt.de\/wp-content\/uploads\/2025\/10\/IMG_7171-1536x1152.jpeg 1536w, https:\/\/www.feuerwehr-halberstadt.de\/wp-content\/uploads\/2025\/10\/IMG_7171-2048x1536.jpeg 2048w\" sizes=\"auto, (max-width: 1024px) 100vw, 1024px\" \/><\/figure>\n\n\n\n<figure class=\"wp-block-image size-large\"><img loading=\"lazy\" decoding=\"async\" width=\"1024\" height=\"768\" data-id=\"17338\" src=\"https:\/\/www.feuerwehr-halberstadt.de\/wp-content\/uploads\/2025\/10\/IMG_7177-1024x768.jpeg\" alt=\"\" class=\"wp-image-17338\" srcset=\"https:\/\/www.feuerwehr-halberstadt.de\/wp-content\/uploads\/2025\/10\/IMG_7177-1024x768.jpeg 1024w, https:\/\/www.feuerwehr-halberstadt.de\/wp-content\/uploads\/2025\/10\/IMG_7177-300x225.jpeg 300w, https:\/\/www.feuerwehr-halberstadt.de\/wp-content\/uploads\/2025\/10\/IMG_7177-768x576.jpeg 768w, https:\/\/www.feuerwehr-halberstadt.de\/wp-content\/uploads\/2025\/10\/IMG_7177-1536x1152.jpeg 1536w, https:\/\/www.feuerwehr-halberstadt.de\/wp-content\/uploads\/2025\/10\/IMG_7177-2048x1536.jpeg 2048w\" sizes=\"auto, (max-width: 1024px) 100vw, 1024px\" \/><\/figure>\n\n\n\n<figure class=\"wp-block-image size-large\"><img loading=\"lazy\" decoding=\"async\" width=\"1024\" height=\"768\" data-id=\"17341\" src=\"https:\/\/www.feuerwehr-halberstadt.de\/wp-content\/uploads\/2025\/10\/IMG_7165-1024x768.jpeg\" alt=\"\" class=\"wp-image-17341\" srcset=\"https:\/\/www.feuerwehr-halberstadt.de\/wp-content\/uploads\/2025\/10\/IMG_7165-1024x768.jpeg 1024w, https:\/\/www.feuerwehr-halberstadt.de\/wp-content\/uploads\/2025\/10\/IMG_7165-300x225.jpeg 300w, https:\/\/www.feuerwehr-halberstadt.de\/wp-content\/uploads\/2025\/10\/IMG_7165-768x576.jpeg 768w, https:\/\/www.feuerwehr-halberstadt.de\/wp-content\/uploads\/2025\/10\/IMG_7165-1536x1152.jpeg 1536w, https:\/\/www.feuerwehr-halberstadt.de\/wp-content\/uploads\/2025\/10\/IMG_7165-2048x1536.jpeg 2048w\" sizes=\"auto, (max-width: 1024px) 100vw, 1024px\" \/><\/figure>\n\n\n\n<figure class=\"wp-block-image size-large\"><img loading=\"lazy\" decoding=\"async\" width=\"1024\" height=\"768\" data-id=\"17337\" src=\"https:\/\/www.feuerwehr-halberstadt.de\/wp-content\/uploads\/2025\/10\/IMG_7178-1024x768.jpeg\" alt=\"\" class=\"wp-image-17337\" srcset=\"https:\/\/www.feuerwehr-halberstadt.de\/wp-content\/uploads\/2025\/10\/IMG_7178-1024x768.jpeg 1024w, https:\/\/www.feuerwehr-halberstadt.de\/wp-content\/uploads\/2025\/10\/IMG_7178-300x225.jpeg 300w, https:\/\/www.feuerwehr-halberstadt.de\/wp-content\/uploads\/2025\/10\/IMG_7178-768x576.jpeg 768w, https:\/\/www.feuerwehr-halberstadt.de\/wp-content\/uploads\/2025\/10\/IMG_7178-1536x1152.jpeg 1536w, https:\/\/www.feuerwehr-halberstadt.de\/wp-content\/uploads\/2025\/10\/IMG_7178-2048x1536.jpeg 2048w\" sizes=\"auto, (max-width: 1024px) 100vw, 1024px\" \/><\/figure>\n\n\n\n<figure class=\"wp-block-image size-large\"><img loading=\"lazy\" decoding=\"async\" width=\"1024\" height=\"768\" data-id=\"17336\" src=\"https:\/\/www.feuerwehr-halberstadt.de\/wp-content\/uploads\/2025\/10\/IMG_7179-1024x768.jpeg\" alt=\"\" class=\"wp-image-17336\" srcset=\"https:\/\/www.feuerwehr-halberstadt.de\/wp-content\/uploads\/2025\/10\/IMG_7179-1024x768.jpeg 1024w, https:\/\/www.feuerwehr-halberstadt.de\/wp-content\/uploads\/2025\/10\/IMG_7179-300x225.jpeg 300w, https:\/\/www.feuerwehr-halberstadt.de\/wp-content\/uploads\/2025\/10\/IMG_7179-768x576.jpeg 768w, https:\/\/www.feuerwehr-halberstadt.de\/wp-content\/uploads\/2025\/10\/IMG_7179-1536x1152.jpeg 1536w, https:\/\/www.feuerwehr-halberstadt.de\/wp-content\/uploads\/2025\/10\/IMG_7179-2048x1536.jpeg 2048w\" sizes=\"auto, (max-width: 1024px) 100vw, 1024px\" \/><\/figure>\n\n\n\n<figure class=\"wp-block-image size-large\"><img loading=\"lazy\" decoding=\"async\" width=\"1024\" height=\"768\" data-id=\"17335\" src=\"https:\/\/www.feuerwehr-halberstadt.de\/wp-content\/uploads\/2025\/10\/IMG_7183-1024x768.jpeg\" alt=\"\" class=\"wp-image-17335\" srcset=\"https:\/\/www.feuerwehr-halberstadt.de\/wp-content\/uploads\/2025\/10\/IMG_7183-1024x768.jpeg 1024w, https:\/\/www.feuerwehr-halberstadt.de\/wp-content\/uploads\/2025\/10\/IMG_7183-300x225.jpeg 300w, https:\/\/www.feuerwehr-halberstadt.de\/wp-content\/uploads\/2025\/10\/IMG_7183-768x576.jpeg 768w, https:\/\/www.feuerwehr-halberstadt.de\/wp-content\/uploads\/2025\/10\/IMG_7183-1536x1152.jpeg 1536w, https:\/\/www.feuerwehr-halberstadt.de\/wp-content\/uploads\/2025\/10\/IMG_7183-2048x1536.jpeg 2048w\" sizes=\"auto, (max-width: 1024px) 100vw, 1024px\" \/><\/figure>\n\n\n\n<figure class=\"wp-block-image size-large\"><img loading=\"lazy\" decoding=\"async\" width=\"1024\" height=\"768\" data-id=\"17340\" src=\"https:\/\/www.feuerwehr-halberstadt.de\/wp-content\/uploads\/2025\/10\/IMG_7169-1024x768.jpeg\" alt=\"\" class=\"wp-image-17340\" srcset=\"https:\/\/www.feuerwehr-halberstadt.de\/wp-content\/uploads\/2025\/10\/IMG_7169-1024x768.jpeg 1024w, https:\/\/www.feuerwehr-halberstadt.de\/wp-content\/uploads\/2025\/10\/IMG_7169-300x225.jpeg 300w, https:\/\/www.feuerwehr-halberstadt.de\/wp-content\/uploads\/2025\/10\/IMG_7169-768x576.jpeg 768w, https:\/\/www.feuerwehr-halberstadt.de\/wp-content\/uploads\/2025\/10\/IMG_7169-1536x1152.jpeg 1536w, https:\/\/www.feuerwehr-halberstadt.de\/wp-content\/uploads\/2025\/10\/IMG_7169-2048x1536.jpeg 2048w\" sizes=\"auto, (max-width: 1024px) 100vw, 1024px\" \/><\/figure>\n\n\n\n<figure class=\"wp-block-image size-large\"><img loading=\"lazy\" decoding=\"async\" width=\"1024\" height=\"768\" data-id=\"17342\" src=\"https:\/\/www.feuerwehr-halberstadt.de\/wp-content\/uploads\/2025\/10\/IMG_7162-1024x768.jpeg\" alt=\"\" class=\"wp-image-17342\" srcset=\"https:\/\/www.feuerwehr-halberstadt.de\/wp-content\/uploads\/2025\/10\/IMG_7162-1024x768.jpeg 1024w, https:\/\/www.feuerwehr-halberstadt.de\/wp-content\/uploads\/2025\/10\/IMG_7162-300x225.jpeg 300w, https:\/\/www.feuerwehr-halberstadt.de\/wp-content\/uploads\/2025\/10\/IMG_7162-768x576.jpeg 768w, https:\/\/www.feuerwehr-halberstadt.de\/wp-content\/uploads\/2025\/10\/IMG_7162-1536x1152.jpeg 1536w, https:\/\/www.feuerwehr-halberstadt.de\/wp-content\/uploads\/2025\/10\/IMG_7162-2048x1536.jpeg 2048w\" sizes=\"auto, (max-width: 1024px) 100vw, 1024px\" \/><\/figure>\n<\/figure>\n","protected":false},"excerpt":{"rendered":"<p>Am 27.09.2025 und am 11.10.2025, nahmen einige Kameraden unserer Ortsfeuerwehr an einer Ausbildung zum Thema &#8222;Technische Hilfeleistung bei Verkehrsunf\u00e4llen mit LKW Beteiligung&#8220; teil. Au\u00dferdem waren die Feuerwehren aus Wegeleben und Deesdorf ebenfalls zu Gast. F\u00fcr die Kollegen der Hauptamtlichen Wachbereitschaft begann diese Ausbildung bereits im Juni.<\/p>\n","protected":false},"author":8,"featured_media":17344,"comment_status":"closed","ping_status":"closed","sticky":false,"template":"","format":"standard","meta":{"_acf_changed":false,"footnotes":""},"categories":[9,24],"tags":[],"class_list":["post-17349","post","type-post","status-publish","format-standard","has-post-thumbnail","hentry","category-allgemein","category-ausbildung"],"acf":[],"yoast_head":"<!-- This site is optimized with the Yoast SEO plugin v27.4 - https:\/\/yoast.com\/product\/yoast-seo-wordpress\/ -->\n<title>Technische Hilfeleistung bei Verkehrsunf\u00e4llen mit LKW - Feuerwehr Halberstadt<\/title>\n<meta name=\"robots\" content=\"index, follow, max-snippet:-1, max-image-preview:large, max-video-preview:-1\" \/>\n<link rel=\"canonical\" href=\"https:\/\/www.feuerwehr-halberstadt.de\/?p=17349\" \/>\n<meta property=\"og:locale\" content=\"de_DE\" \/>\n<meta property=\"og:type\" content=\"article\" \/>\n<meta property=\"og:title\" content=\"Technische Hilfeleistung bei Verkehrsunf\u00e4llen mit LKW - Feuerwehr Halberstadt\" \/>\n<meta property=\"og:description\" content=\"Am 27.09.2025 und am 11.10.2025, nahmen einige Kameraden unserer Ortsfeuerwehr an einer Ausbildung zum Thema &#8222;Technische Hilfeleistung bei Verkehrsunf\u00e4llen mit LKW Beteiligung&#8220; teil. Au\u00dferdem waren die Feuerwehren aus Wegeleben und Deesdorf ebenfalls zu Gast. F\u00fcr die Kollegen der Hauptamtlichen Wachbereitschaft begann diese Ausbildung bereits im Juni.\" \/>\n<meta property=\"og:url\" content=\"https:\/\/www.feuerwehr-halberstadt.de\/?p=17349\" \/>\n<meta property=\"og:site_name\" content=\"Feuerwehr Halberstadt\" \/>\n<meta property=\"article:publisher\" content=\"https:\/\/www.facebook.com\/FeuerwehrHalberstadt\/\" \/>\n<meta property=\"article:published_time\" content=\"2025-10-13T12:00:36+00:00\" \/>\n<meta property=\"article:modified_time\" content=\"2025-11-15T12:14:44+00:00\" \/>\n<meta property=\"og:image\" content=\"https:\/\/www.feuerwehr-halberstadt.de\/wp-content\/uploads\/2025\/10\/a68bd11f-02b8-4ebe-996f-614b9f727498-e1760261702555.jpeg\" \/>\n\t<meta property=\"og:image:width\" content=\"1382\" \/>\n\t<meta property=\"og:image:height\" content=\"754\" \/>\n\t<meta property=\"og:image:type\" content=\"image\/jpeg\" \/>\n<meta name=\"author\" content=\"K\u00fchne, Ren\u00e9\" \/>\n<meta name=\"twitter:card\" content=\"summary_large_image\" \/>\n<meta name=\"twitter:label1\" content=\"Verfasst von\" \/>\n\t<meta name=\"twitter:data1\" content=\"K\u00fchne, Ren\u00e9\" \/>\n\t<meta name=\"twitter:label2\" content=\"Gesch\u00e4tzte Lesezeit\" \/>\n\t<meta name=\"twitter:data2\" content=\"1\u00a0Minute\" \/>\n<script type=\"application\/ld+json\" class=\"yoast-schema-graph\">{\"@context\":\"https:\\\/\\\/schema.org\",\"@graph\":[{\"@type\":\"Article\",\"@id\":\"https:\\\/\\\/www.feuerwehr-halberstadt.de\\\/?p=17349#article\",\"isPartOf\":{\"@id\":\"https:\\\/\\\/www.feuerwehr-halberstadt.de\\\/?p=17349\"},\"author\":{\"name\":\"K\u00fchne, Ren\u00e9\",\"@id\":\"https:\\\/\\\/www.feuerwehr-halberstadt.de\\\/#\\\/schema\\\/person\\\/3025e717504caccf9120c148aa5dafc9\"},\"headline\":\"Technische Hilfeleistung bei Verkehrsunf\u00e4llen mit LKW\",\"datePublished\":\"2025-10-13T12:00:36+00:00\",\"dateModified\":\"2025-11-15T12:14:44+00:00\",\"mainEntityOfPage\":{\"@id\":\"https:\\\/\\\/www.feuerwehr-halberstadt.de\\\/?p=17349\"},\"wordCount\":417,\"publisher\":{\"@id\":\"https:\\\/\\\/www.feuerwehr-halberstadt.de\\\/#organization\"},\"image\":{\"@id\":\"https:\\\/\\\/www.feuerwehr-halberstadt.de\\\/?p=17349#primaryimage\"},\"thumbnailUrl\":\"https:\\\/\\\/www.feuerwehr-halberstadt.de\\\/wp-content\\\/uploads\\\/2025\\\/10\\\/a68bd11f-02b8-4ebe-996f-614b9f727498-e1760261702555.jpeg\",\"articleSection\":{\"1\":\"Ausbildung\"},\"inLanguage\":\"de\"},{\"@type\":\"WebPage\",\"@id\":\"https:\\\/\\\/www.feuerwehr-halberstadt.de\\\/?p=17349\",\"url\":\"https:\\\/\\\/www.feuerwehr-halberstadt.de\\\/?p=17349\",\"name\":\"Technische Hilfeleistung bei Verkehrsunf\u00e4llen mit LKW - Feuerwehr Halberstadt\",\"isPartOf\":{\"@id\":\"https:\\\/\\\/www.feuerwehr-halberstadt.de\\\/#website\"},\"primaryImageOfPage\":{\"@id\":\"https:\\\/\\\/www.feuerwehr-halberstadt.de\\\/?p=17349#primaryimage\"},\"image\":{\"@id\":\"https:\\\/\\\/www.feuerwehr-halberstadt.de\\\/?p=17349#primaryimage\"},\"thumbnailUrl\":\"https:\\\/\\\/www.feuerwehr-halberstadt.de\\\/wp-content\\\/uploads\\\/2025\\\/10\\\/a68bd11f-02b8-4ebe-996f-614b9f727498-e1760261702555.jpeg\",\"datePublished\":\"2025-10-13T12:00:36+00:00\",\"dateModified\":\"2025-11-15T12:14:44+00:00\",\"breadcrumb\":{\"@id\":\"https:\\\/\\\/www.feuerwehr-halberstadt.de\\\/?p=17349#breadcrumb\"},\"inLanguage\":\"de\",\"potentialAction\":[{\"@type\":\"ReadAction\",\"target\":[\"https:\\\/\\\/www.feuerwehr-halberstadt.de\\\/?p=17349\"]}]},{\"@type\":\"ImageObject\",\"inLanguage\":\"de\",\"@id\":\"https:\\\/\\\/www.feuerwehr-halberstadt.de\\\/?p=17349#primaryimage\",\"url\":\"https:\\\/\\\/www.feuerwehr-halberstadt.de\\\/wp-content\\\/uploads\\\/2025\\\/10\\\/a68bd11f-02b8-4ebe-996f-614b9f727498-e1760261702555.jpeg\",\"contentUrl\":\"https:\\\/\\\/www.feuerwehr-halberstadt.de\\\/wp-content\\\/uploads\\\/2025\\\/10\\\/a68bd11f-02b8-4ebe-996f-614b9f727498-e1760261702555.jpeg\",\"width\":1382,\"height\":754},{\"@type\":\"BreadcrumbList\",\"@id\":\"https:\\\/\\\/www.feuerwehr-halberstadt.de\\\/?p=17349#breadcrumb\",\"itemListElement\":[{\"@type\":\"ListItem\",\"position\":1,\"name\":\"Startseite\",\"item\":\"https:\\\/\\\/www.feuerwehr-halberstadt.de\\\/\"},{\"@type\":\"ListItem\",\"position\":2,\"name\":\"Technische Hilfeleistung bei Verkehrsunf\u00e4llen mit LKW\"}]},{\"@type\":\"WebSite\",\"@id\":\"https:\\\/\\\/www.feuerwehr-halberstadt.de\\\/#website\",\"url\":\"https:\\\/\\\/www.feuerwehr-halberstadt.de\\\/\",\"name\":\"Feuerwehr Halberstadt\",\"description\":\"#imEinsatzf\u00fcrHalberstadt\",\"publisher\":{\"@id\":\"https:\\\/\\\/www.feuerwehr-halberstadt.de\\\/#organization\"},\"potentialAction\":[{\"@type\":\"SearchAction\",\"target\":{\"@type\":\"EntryPoint\",\"urlTemplate\":\"https:\\\/\\\/www.feuerwehr-halberstadt.de\\\/?s={search_term_string}\"},\"query-input\":{\"@type\":\"PropertyValueSpecification\",\"valueRequired\":true,\"valueName\":\"search_term_string\"}}],\"inLanguage\":\"de\"},{\"@type\":\"Organization\",\"@id\":\"https:\\\/\\\/www.feuerwehr-halberstadt.de\\\/#organization\",\"name\":\"Feuerwehr Halberstadt\",\"url\":\"https:\\\/\\\/www.feuerwehr-halberstadt.de\\\/\",\"logo\":{\"@type\":\"ImageObject\",\"inLanguage\":\"de\",\"@id\":\"https:\\\/\\\/www.feuerwehr-halberstadt.de\\\/#\\\/schema\\\/logo\\\/image\\\/\",\"url\":\"https:\\\/\\\/www.feuerwehr-halberstadt.de\\\/wp-content\\\/uploads\\\/2023\\\/10\\\/IMG_0126.png\",\"contentUrl\":\"https:\\\/\\\/www.feuerwehr-halberstadt.de\\\/wp-content\\\/uploads\\\/2023\\\/10\\\/IMG_0126.png\",\"width\":1500,\"height\":399,\"caption\":\"Feuerwehr Halberstadt\"},\"image\":{\"@id\":\"https:\\\/\\\/www.feuerwehr-halberstadt.de\\\/#\\\/schema\\\/logo\\\/image\\\/\"},\"sameAs\":[\"https:\\\/\\\/www.facebook.com\\\/FeuerwehrHalberstadt\\\/\"]},{\"@type\":\"Person\",\"@id\":\"https:\\\/\\\/www.feuerwehr-halberstadt.de\\\/#\\\/schema\\\/person\\\/3025e717504caccf9120c148aa5dafc9\",\"name\":\"K\u00fchne, Ren\u00e9\",\"image\":{\"@type\":\"ImageObject\",\"inLanguage\":\"de\",\"@id\":\"https:\\\/\\\/secure.gravatar.com\\\/avatar\\\/55eea2ec92cf331c72f122107a136da45b190ce89b28770aafc2f0a0788d2fd4?s=96&d=mm&r=g\",\"url\":\"https:\\\/\\\/secure.gravatar.com\\\/avatar\\\/55eea2ec92cf331c72f122107a136da45b190ce89b28770aafc2f0a0788d2fd4?s=96&d=mm&r=g\",\"contentUrl\":\"https:\\\/\\\/secure.gravatar.com\\\/avatar\\\/55eea2ec92cf331c72f122107a136da45b190ce89b28770aafc2f0a0788d2fd4?s=96&d=mm&r=g\",\"caption\":\"K\u00fchne, Ren\u00e9\"},\"url\":\"https:\\\/\\\/www.feuerwehr-halberstadt.de\\\/?author=8\"}]}<\/script>\n<!-- \/ Yoast SEO plugin. -->","yoast_head_json":{"title":"Technische Hilfeleistung bei Verkehrsunf\u00e4llen mit LKW - Feuerwehr Halberstadt","robots":{"index":"index","follow":"follow","max-snippet":"max-snippet:-1","max-image-preview":"max-image-preview:large","max-video-preview":"max-video-preview:-1"},"canonical":"https:\/\/www.feuerwehr-halberstadt.de\/?p=17349","og_locale":"de_DE","og_type":"article","og_title":"Technische Hilfeleistung bei Verkehrsunf\u00e4llen mit LKW - Feuerwehr Halberstadt","og_description":"Am 27.09.2025 und am 11.10.2025, nahmen einige Kameraden unserer Ortsfeuerwehr an einer Ausbildung zum Thema &#8222;Technische Hilfeleistung bei Verkehrsunf\u00e4llen mit LKW Beteiligung&#8220; teil. Au\u00dferdem waren die Feuerwehren aus Wegeleben und Deesdorf ebenfalls zu Gast. F\u00fcr die Kollegen der Hauptamtlichen Wachbereitschaft begann diese Ausbildung bereits im Juni.","og_url":"https:\/\/www.feuerwehr-halberstadt.de\/?p=17349","og_site_name":"Feuerwehr Halberstadt","article_publisher":"https:\/\/www.facebook.com\/FeuerwehrHalberstadt\/","article_published_time":"2025-10-13T12:00:36+00:00","article_modified_time":"2025-11-15T12:14:44+00:00","og_image":[{"width":1382,"height":754,"url":"https:\/\/www.feuerwehr-halberstadt.de\/wp-content\/uploads\/2025\/10\/a68bd11f-02b8-4ebe-996f-614b9f727498-e1760261702555.jpeg","type":"image\/jpeg"}],"author":"K\u00fchne, Ren\u00e9","twitter_card":"summary_large_image","twitter_misc":{"Verfasst von":"K\u00fchne, Ren\u00e9","Gesch\u00e4tzte Lesezeit":"1\u00a0Minute"},"schema":{"@context":"https:\/\/schema.org","@graph":[{"@type":"Article","@id":"https:\/\/www.feuerwehr-halberstadt.de\/?p=17349#article","isPartOf":{"@id":"https:\/\/www.feuerwehr-halberstadt.de\/?p=17349"},"author":{"name":"K\u00fchne, Ren\u00e9","@id":"https:\/\/www.feuerwehr-halberstadt.de\/#\/schema\/person\/3025e717504caccf9120c148aa5dafc9"},"headline":"Technische Hilfeleistung bei Verkehrsunf\u00e4llen mit LKW","datePublished":"2025-10-13T12:00:36+00:00","dateModified":"2025-11-15T12:14:44+00:00","mainEntityOfPage":{"@id":"https:\/\/www.feuerwehr-halberstadt.de\/?p=17349"},"wordCount":417,"publisher":{"@id":"https:\/\/www.feuerwehr-halberstadt.de\/#organization"},"image":{"@id":"https:\/\/www.feuerwehr-halberstadt.de\/?p=17349#primaryimage"},"thumbnailUrl":"https:\/\/www.feuerwehr-halberstadt.de\/wp-content\/uploads\/2025\/10\/a68bd11f-02b8-4ebe-996f-614b9f727498-e1760261702555.jpeg","articleSection":{"1":"Ausbildung"},"inLanguage":"de"},{"@type":"WebPage","@id":"https:\/\/www.feuerwehr-halberstadt.de\/?p=17349","url":"https:\/\/www.feuerwehr-halberstadt.de\/?p=17349","name":"Technische Hilfeleistung bei Verkehrsunf\u00e4llen mit LKW - Feuerwehr Halberstadt","isPartOf":{"@id":"https:\/\/www.feuerwehr-halberstadt.de\/#website"},"primaryImageOfPage":{"@id":"https:\/\/www.feuerwehr-halberstadt.de\/?p=17349#primaryimage"},"image":{"@id":"https:\/\/www.feuerwehr-halberstadt.de\/?p=17349#primaryimage"},"thumbnailUrl":"https:\/\/www.feuerwehr-halberstadt.de\/wp-content\/uploads\/2025\/10\/a68bd11f-02b8-4ebe-996f-614b9f727498-e1760261702555.jpeg","datePublished":"2025-10-13T12:00:36+00:00","dateModified":"2025-11-15T12:14:44+00:00","breadcrumb":{"@id":"https:\/\/www.feuerwehr-halberstadt.de\/?p=17349#breadcrumb"},"inLanguage":"de","potentialAction":[{"@type":"ReadAction","target":["https:\/\/www.feuerwehr-halberstadt.de\/?p=17349"]}]},{"@type":"ImageObject","inLanguage":"de","@id":"https:\/\/www.feuerwehr-halberstadt.de\/?p=17349#primaryimage","url":"https:\/\/www.feuerwehr-halberstadt.de\/wp-content\/uploads\/2025\/10\/a68bd11f-02b8-4ebe-996f-614b9f727498-e1760261702555.jpeg","contentUrl":"https:\/\/www.feuerwehr-halberstadt.de\/wp-content\/uploads\/2025\/10\/a68bd11f-02b8-4ebe-996f-614b9f727498-e1760261702555.jpeg","width":1382,"height":754},{"@type":"BreadcrumbList","@id":"https:\/\/www.feuerwehr-halberstadt.de\/?p=17349#breadcrumb","itemListElement":[{"@type":"ListItem","position":1,"name":"Startseite","item":"https:\/\/www.feuerwehr-halberstadt.de\/"},{"@type":"ListItem","position":2,"name":"Technische Hilfeleistung bei Verkehrsunf\u00e4llen mit LKW"}]},{"@type":"WebSite","@id":"https:\/\/www.feuerwehr-halberstadt.de\/#website","url":"https:\/\/www.feuerwehr-halberstadt.de\/","name":"Feuerwehr Halberstadt","description":"#imEinsatzf\u00fcrHalberstadt","publisher":{"@id":"https:\/\/www.feuerwehr-halberstadt.de\/#organization"},"potentialAction":[{"@type":"SearchAction","target":{"@type":"EntryPoint","urlTemplate":"https:\/\/www.feuerwehr-halberstadt.de\/?s={search_term_string}"},"query-input":{"@type":"PropertyValueSpecification","valueRequired":true,"valueName":"search_term_string"}}],"inLanguage":"de"},{"@type":"Organization","@id":"https:\/\/www.feuerwehr-halberstadt.de\/#organization","name":"Feuerwehr Halberstadt","url":"https:\/\/www.feuerwehr-halberstadt.de\/","logo":{"@type":"ImageObject","inLanguage":"de","@id":"https:\/\/www.feuerwehr-halberstadt.de\/#\/schema\/logo\/image\/","url":"https:\/\/www.feuerwehr-halberstadt.de\/wp-content\/uploads\/2023\/10\/IMG_0126.png","contentUrl":"https:\/\/www.feuerwehr-halberstadt.de\/wp-content\/uploads\/2023\/10\/IMG_0126.png","width":1500,"height":399,"caption":"Feuerwehr Halberstadt"},"image":{"@id":"https:\/\/www.feuerwehr-halberstadt.de\/#\/schema\/logo\/image\/"},"sameAs":["https:\/\/www.facebook.com\/FeuerwehrHalberstadt\/"]},{"@type":"Person","@id":"https:\/\/www.feuerwehr-halberstadt.de\/#\/schema\/person\/3025e717504caccf9120c148aa5dafc9","name":"K\u00fchne, Ren\u00e9","image":{"@type":"ImageObject","inLanguage":"de","@id":"https:\/\/secure.gravatar.com\/avatar\/55eea2ec92cf331c72f122107a136da45b190ce89b28770aafc2f0a0788d2fd4?s=96&d=mm&r=g","url":"https:\/\/secure.gravatar.com\/avatar\/55eea2ec92cf331c72f122107a136da45b190ce89b28770aafc2f0a0788d2fd4?s=96&d=mm&r=g","contentUrl":"https:\/\/secure.gravatar.com\/avatar\/55eea2ec92cf331c72f122107a136da45b190ce89b28770aafc2f0a0788d2fd4?s=96&d=mm&r=g","caption":"K\u00fchne, Ren\u00e9"},"url":"https:\/\/www.feuerwehr-halberstadt.de\/?author=8"}]}},"_links":{"self":[{"href":"https:\/\/www.feuerwehr-halberstadt.de\/index.php?rest_route=\/wp\/v2\/posts\/17349","targetHints":{"allow":["GET"]}}],"collection":[{"href":"https:\/\/www.feuerwehr-halberstadt.de\/index.php?rest_route=\/wp\/v2\/posts"}],"about":[{"href":"https:\/\/www.feuerwehr-halberstadt.de\/index.php?rest_route=\/wp\/v2\/types\/post"}],"author":[{"embeddable":true,"href":"https:\/\/www.feuerwehr-halberstadt.de\/index.php?rest_route=\/wp\/v2\/users\/8"}],"replies":[{"embeddable":true,"href":"https:\/\/www.feuerwehr-halberstadt.de\/index.php?rest_route=%2Fwp%2Fv2%2Fcomments&post=17349"}],"version-history":[{"count":6,"href":"https:\/\/www.feuerwehr-halberstadt.de\/index.php?rest_route=\/wp\/v2\/posts\/17349\/revisions"}],"predecessor-version":[{"id":17419,"href":"https:\/\/www.feuerwehr-halberstadt.de\/index.php?rest_route=\/wp\/v2\/posts\/17349\/revisions\/17419"}],"wp:featuredmedia":[{"embeddable":true,"href":"https:\/\/www.feuerwehr-halberstadt.de\/index.php?rest_route=\/wp\/v2\/media\/17344"}],"wp:attachment":[{"href":"https:\/\/www.feuerwehr-halberstadt.de\/index.php?rest_route=%2Fwp%2Fv2%2Fmedia&parent=17349"}],"wp:term":[{"taxonomy":"category","embeddable":true,"href":"https:\/\/www.feuerwehr-halberstadt.de\/index.php?rest_route=%2Fwp%2Fv2%2Fcategories&post=17349"},{"taxonomy":"post_tag","embeddable":true,"href":"https:\/\/www.feuerwehr-halberstadt.de\/index.php?rest_route=%2Fwp%2Fv2%2Ftags&post=17349"}],"curies":[{"name":"wp","href":"https:\/\/api.w.org\/{rel}","templated":true}]}}