{"id":17287,"date":"2025-10-08T06:30:04","date_gmt":"2025-10-08T04:30:04","guid":{"rendered":"https:\/\/www.feuerwehr-halberstadt.de\/?p=17287"},"modified":"2025-10-08T07:39:05","modified_gmt":"2025-10-08T05:39:05","slug":"uebergabe-von-230-neuen-helmen-und-7-tablets","status":"publish","type":"post","link":"https:\/\/www.feuerwehr-halberstadt.de\/?p=17287","title":{"rendered":"\u00dcbergabe von 230 neuen Helmen und 7 Tablets"},"content":{"rendered":"\n<p>Bei einem offiziellen \u00dcbergabetermin konnte Oberb\u00fcrgermeister Daniel Szarata am 07. Oktober 2025 insgesamt 230 neue Einsatzhelme an die Kameradinnen und Kameraden der Feuerwehr Halberstadt aush\u00e4ndigen \u2013 eine Investition von rund 114.000 Euro. Die neuen Helme bieten nicht nur verbesserten Schutz, sondern entsprechen auch den neuesten technischen Standards im Bereich der Pers\u00f6nlichen Schutzausr\u00fcstung. Die Beschaffung lief \u00fcber die BTL Brandschutz Technik GmbH Leipzig.<\/p>\n\n\n\n<!--more-->\n\n\n\n<p>In seiner Ansprache dankte Oberb\u00fcrgermeister Szarata den Feuerwehrleuten f\u00fcr ihren unerm\u00fcdlichen Einsatz zum Schutz der B\u00fcrgerinnen und B\u00fcrger: \u201eDie Sicherheit unserer Einsatzkr\u00e4fte hat h\u00f6chste Priorit\u00e4t. Mit der Anschaffung dieser modernen Helme investieren wir in die Zukunft und in die Gesundheit der Menschen, die t\u00e4glich f\u00fcr uns alle einstehen.\u201c<\/p>\n\n\n\n<p>Die neuen Helme zeichnen sich durch ein ergonomisches Design, verbesserte Sichtverh\u00e4ltnisse und einen erh\u00f6hten Tragekomfort aus. Sie bieten optimalen Schutz vor Hitze, St\u00f6\u00dfen und anderen Gefahren, denen Feuerwehrleute bei ihren Eins\u00e4tzen ausgesetzt sind.<\/p>\n\n\n\n<p>Stadtwehrleiter Martin Schulz bedankte sich im Namen aller Kameradinnen und Kameraden f\u00fcr die Unterst\u00fctzung durch den Oberb\u00fcrgermeister und den Stadtrat. Er betonte die Bedeutung moderner Ausr\u00fcstung f\u00fcr die Einsatzbereitschaft der Feuerwehr. \u201eMit diesen neuen Helmen sind wir noch besser f\u00fcr unsere vielf\u00e4ltigen Aufgaben ger\u00fcstet. Sie sind ein wichtiges Zeichen der Wertsch\u00e4tzung und Motivation f\u00fcr unsere ehren- und hauptamtlichen Kr\u00e4fte\u201c so Schulz.<\/p>\n\n\n\n<p>Die Investition in die neuen Einsatzhelme ist Teil eines umfangreicheren Ma\u00dfnahmenpakets zur Modernisierung der Bekleidung der Feuerwehr Halberstadt. Nachdem bereits im Fr\u00fchjahr die Hauptberufliche Wachbereitschaft mit neuer Einsatzbekleidung ausgestattet wurde, folgen in diesem Jahr noch die Ortsfeuerwehren Halberstadt, Klein Quenstedt und Emersleben. <\/p>\n\n\n\n<hr class=\"wp-block-separator has-alpha-channel-opacity\"\/>\n\n\n\n<p><strong>\u00dcbergabe neuer Einsatztablets<\/strong><\/p>\n\n\n\n<p>Im Anschluss konnten noch die neuen Einsatztablets \u00fcbergeben werden, die vom Land Sachsen-Anhalt f\u00fcr<strong> alle Ortsfeuerwehren des Landes<\/strong> angeschafft wurden. Die F\u00fchrungskr\u00e4fte der Feuerwehren in Sachsen-Anhalt bekommen damit ein F\u00fchrungsmittel an die Hand, mit dem sie am Einsatzort schnell wichtige Informationen abrufen k\u00f6nnen, die f\u00fcr die Bewertung und auch die Bew\u00e4ltigung der jeweiligen Einsatzsituation erforderlich sind. Innenministerin Dr.&nbsp;Tamara&nbsp;Zieschang stellte Ende November 2023 die Pl\u00e4ne f\u00fcr die Einf\u00fchrung einer Feuerwehr-App vor. Im Anschluss wurde eine Kooperationsvereinbarung mit der TU Bergakademie Freiberg unterzeichnet, welche die Feuerwehr-App entwickelt und speziell auf Sachsen-Anhalt zugeschnitten weiterentwickelte.<\/p>\n\n\n\n<p>Innenministerin Dr.&nbsp;Tamara&nbsp;Zieschang: \u201eDie Feuerwehr-App ist ein wichtiger Baustein zur St\u00e4rkung unserer Feuerwehren im Land. Mit ihr soll zuk\u00fcnftig die Einsatzf\u00fchrung unterst\u00fctzt werden, in dem relevante Informationen f\u00fcr die F\u00fchrung eines Einsatzes direkt \u00fcber die App abgerufen werden k\u00f6nnen. Damit Feuerwehren die App nutzen k\u00f6nnen, werden 1.500&nbsp;Tablets an die Gemeinden in Sachsen\u2011Anhalt ausgereicht, die sie an ihre Ortsfeuerwehren verteilen k\u00f6nnen.\u201c<\/p>\n\n\n\n<p>Das Land tr\u00e4gt die Kosten in H\u00f6he von etwa 210.000&nbsp;Euro f\u00fcr die Feuerwehr-App und die Anbindung an das Kraftfahrtbundesamt sowie mehr als eine Million Euro f\u00fcr die Tablets und einsatztaugliche H\u00fcllen. <\/p>\n\n\n\n<p>An die acht Ortsfeuerwehren der Stadt Halberstadt konnten sieben Tablets \u00fcbergeben werden. Ein Vers\u00e4umnis und Fehler des Landesverwaltungsamtes, der laut Aussage der zust\u00e4ndigen Ansprechpartner nicht behoben werden kann. <\/p>\n\n\n\n<figure class=\"wp-block-gallery has-nested-images columns-2 is-cropped wp-block-gallery-1 is-layout-flex wp-block-gallery-is-layout-flex\">\n<figure class=\"wp-block-image size-large\"><img loading=\"lazy\" decoding=\"async\" width=\"1024\" height=\"682\" data-id=\"17315\" src=\"https:\/\/www.feuerwehr-halberstadt.de\/wp-content\/uploads\/2025\/10\/94c71081-1729-43d2-b12c-cfebaf5dec1a-1024x682.jpeg\" alt=\"\" class=\"wp-image-17315\" srcset=\"https:\/\/www.feuerwehr-halberstadt.de\/wp-content\/uploads\/2025\/10\/94c71081-1729-43d2-b12c-cfebaf5dec1a-1024x682.jpeg 1024w, https:\/\/www.feuerwehr-halberstadt.de\/wp-content\/uploads\/2025\/10\/94c71081-1729-43d2-b12c-cfebaf5dec1a-300x200.jpeg 300w, https:\/\/www.feuerwehr-halberstadt.de\/wp-content\/uploads\/2025\/10\/94c71081-1729-43d2-b12c-cfebaf5dec1a-768x512.jpeg 768w, https:\/\/www.feuerwehr-halberstadt.de\/wp-content\/uploads\/2025\/10\/94c71081-1729-43d2-b12c-cfebaf5dec1a-1536x1023.jpeg 1536w, https:\/\/www.feuerwehr-halberstadt.de\/wp-content\/uploads\/2025\/10\/94c71081-1729-43d2-b12c-cfebaf5dec1a.jpeg 1600w\" sizes=\"auto, (max-width: 1024px) 100vw, 1024px\" \/><\/figure>\n\n\n\n<figure class=\"wp-block-image size-large\"><img loading=\"lazy\" decoding=\"async\" width=\"1024\" height=\"682\" data-id=\"17314\" src=\"https:\/\/www.feuerwehr-halberstadt.de\/wp-content\/uploads\/2025\/10\/92c173c5-7251-4fd7-98f9-18806e35d8b3-1024x682.jpeg\" alt=\"\" class=\"wp-image-17314\" srcset=\"https:\/\/www.feuerwehr-halberstadt.de\/wp-content\/uploads\/2025\/10\/92c173c5-7251-4fd7-98f9-18806e35d8b3-1024x682.jpeg 1024w, https:\/\/www.feuerwehr-halberstadt.de\/wp-content\/uploads\/2025\/10\/92c173c5-7251-4fd7-98f9-18806e35d8b3-300x200.jpeg 300w, https:\/\/www.feuerwehr-halberstadt.de\/wp-content\/uploads\/2025\/10\/92c173c5-7251-4fd7-98f9-18806e35d8b3-768x512.jpeg 768w, https:\/\/www.feuerwehr-halberstadt.de\/wp-content\/uploads\/2025\/10\/92c173c5-7251-4fd7-98f9-18806e35d8b3-1536x1023.jpeg 1536w, https:\/\/www.feuerwehr-halberstadt.de\/wp-content\/uploads\/2025\/10\/92c173c5-7251-4fd7-98f9-18806e35d8b3.jpeg 1600w\" sizes=\"auto, (max-width: 1024px) 100vw, 1024px\" \/><\/figure>\n\n\n\n<figure class=\"wp-block-image size-large\"><img loading=\"lazy\" decoding=\"async\" width=\"1024\" height=\"682\" data-id=\"17316\" src=\"https:\/\/www.feuerwehr-halberstadt.de\/wp-content\/uploads\/2025\/10\/d50f6b08-f380-4eb0-9ea6-20b14a59f9a3-1024x682.jpeg\" alt=\"\" class=\"wp-image-17316\" srcset=\"https:\/\/www.feuerwehr-halberstadt.de\/wp-content\/uploads\/2025\/10\/d50f6b08-f380-4eb0-9ea6-20b14a59f9a3-1024x682.jpeg 1024w, https:\/\/www.feuerwehr-halberstadt.de\/wp-content\/uploads\/2025\/10\/d50f6b08-f380-4eb0-9ea6-20b14a59f9a3-300x200.jpeg 300w, https:\/\/www.feuerwehr-halberstadt.de\/wp-content\/uploads\/2025\/10\/d50f6b08-f380-4eb0-9ea6-20b14a59f9a3-768x512.jpeg 768w, https:\/\/www.feuerwehr-halberstadt.de\/wp-content\/uploads\/2025\/10\/d50f6b08-f380-4eb0-9ea6-20b14a59f9a3-1536x1023.jpeg 1536w, https:\/\/www.feuerwehr-halberstadt.de\/wp-content\/uploads\/2025\/10\/d50f6b08-f380-4eb0-9ea6-20b14a59f9a3.jpeg 1600w\" sizes=\"auto, (max-width: 1024px) 100vw, 1024px\" \/><\/figure>\n\n\n\n<figure class=\"wp-block-image size-large\"><img loading=\"lazy\" decoding=\"async\" width=\"1024\" height=\"682\" data-id=\"17318\" src=\"https:\/\/www.feuerwehr-halberstadt.de\/wp-content\/uploads\/2025\/10\/69a1a933-c4b4-41c5-96be-862589bc4df5-1024x682.jpeg\" alt=\"\" class=\"wp-image-17318\" srcset=\"https:\/\/www.feuerwehr-halberstadt.de\/wp-content\/uploads\/2025\/10\/69a1a933-c4b4-41c5-96be-862589bc4df5-1024x682.jpeg 1024w, https:\/\/www.feuerwehr-halberstadt.de\/wp-content\/uploads\/2025\/10\/69a1a933-c4b4-41c5-96be-862589bc4df5-300x200.jpeg 300w, https:\/\/www.feuerwehr-halberstadt.de\/wp-content\/uploads\/2025\/10\/69a1a933-c4b4-41c5-96be-862589bc4df5-768x512.jpeg 768w, https:\/\/www.feuerwehr-halberstadt.de\/wp-content\/uploads\/2025\/10\/69a1a933-c4b4-41c5-96be-862589bc4df5-1536x1023.jpeg 1536w, https:\/\/www.feuerwehr-halberstadt.de\/wp-content\/uploads\/2025\/10\/69a1a933-c4b4-41c5-96be-862589bc4df5.jpeg 1600w\" sizes=\"auto, (max-width: 1024px) 100vw, 1024px\" \/><\/figure>\n\n\n\n<figure class=\"wp-block-image size-large\"><img loading=\"lazy\" decoding=\"async\" width=\"1024\" height=\"682\" data-id=\"17317\" src=\"https:\/\/www.feuerwehr-halberstadt.de\/wp-content\/uploads\/2025\/10\/2904a77d-9c7a-49e1-951b-dedb7c387fe2-1024x682.jpeg\" alt=\"\" class=\"wp-image-17317\" srcset=\"https:\/\/www.feuerwehr-halberstadt.de\/wp-content\/uploads\/2025\/10\/2904a77d-9c7a-49e1-951b-dedb7c387fe2-1024x682.jpeg 1024w, https:\/\/www.feuerwehr-halberstadt.de\/wp-content\/uploads\/2025\/10\/2904a77d-9c7a-49e1-951b-dedb7c387fe2-300x200.jpeg 300w, https:\/\/www.feuerwehr-halberstadt.de\/wp-content\/uploads\/2025\/10\/2904a77d-9c7a-49e1-951b-dedb7c387fe2-768x512.jpeg 768w, https:\/\/www.feuerwehr-halberstadt.de\/wp-content\/uploads\/2025\/10\/2904a77d-9c7a-49e1-951b-dedb7c387fe2-1536x1023.jpeg 1536w, https:\/\/www.feuerwehr-halberstadt.de\/wp-content\/uploads\/2025\/10\/2904a77d-9c7a-49e1-951b-dedb7c387fe2.jpeg 1600w\" sizes=\"auto, (max-width: 1024px) 100vw, 1024px\" \/><\/figure>\n\n\n\n<figure class=\"wp-block-image size-large\"><img loading=\"lazy\" decoding=\"async\" width=\"1024\" height=\"682\" data-id=\"17319\" src=\"https:\/\/www.feuerwehr-halberstadt.de\/wp-content\/uploads\/2025\/10\/9a65b26e-feb8-4999-a09f-8fa7dffa5e4e-1024x682.jpeg\" alt=\"\" class=\"wp-image-17319\" srcset=\"https:\/\/www.feuerwehr-halberstadt.de\/wp-content\/uploads\/2025\/10\/9a65b26e-feb8-4999-a09f-8fa7dffa5e4e-1024x682.jpeg 1024w, https:\/\/www.feuerwehr-halberstadt.de\/wp-content\/uploads\/2025\/10\/9a65b26e-feb8-4999-a09f-8fa7dffa5e4e-300x200.jpeg 300w, https:\/\/www.feuerwehr-halberstadt.de\/wp-content\/uploads\/2025\/10\/9a65b26e-feb8-4999-a09f-8fa7dffa5e4e-768x512.jpeg 768w, https:\/\/www.feuerwehr-halberstadt.de\/wp-content\/uploads\/2025\/10\/9a65b26e-feb8-4999-a09f-8fa7dffa5e4e-1536x1023.jpeg 1536w, https:\/\/www.feuerwehr-halberstadt.de\/wp-content\/uploads\/2025\/10\/9a65b26e-feb8-4999-a09f-8fa7dffa5e4e.jpeg 1600w\" sizes=\"auto, (max-width: 1024px) 100vw, 1024px\" \/><\/figure>\n\n\n\n<figure class=\"wp-block-image size-large\"><img loading=\"lazy\" decoding=\"async\" width=\"1024\" height=\"682\" data-id=\"17326\" src=\"https:\/\/www.feuerwehr-halberstadt.de\/wp-content\/uploads\/2025\/10\/9a65b26e-feb8-4999-a09f-8fa7dffa5e4e-1-1024x682.jpeg\" alt=\"\" class=\"wp-image-17326\" srcset=\"https:\/\/www.feuerwehr-halberstadt.de\/wp-content\/uploads\/2025\/10\/9a65b26e-feb8-4999-a09f-8fa7dffa5e4e-1-1024x682.jpeg 1024w, https:\/\/www.feuerwehr-halberstadt.de\/wp-content\/uploads\/2025\/10\/9a65b26e-feb8-4999-a09f-8fa7dffa5e4e-1-300x200.jpeg 300w, https:\/\/www.feuerwehr-halberstadt.de\/wp-content\/uploads\/2025\/10\/9a65b26e-feb8-4999-a09f-8fa7dffa5e4e-1-768x512.jpeg 768w, https:\/\/www.feuerwehr-halberstadt.de\/wp-content\/uploads\/2025\/10\/9a65b26e-feb8-4999-a09f-8fa7dffa5e4e-1-1536x1023.jpeg 1536w, https:\/\/www.feuerwehr-halberstadt.de\/wp-content\/uploads\/2025\/10\/9a65b26e-feb8-4999-a09f-8fa7dffa5e4e-1.jpeg 1600w\" sizes=\"auto, (max-width: 1024px) 100vw, 1024px\" \/><\/figure>\n\n\n\n<figure class=\"wp-block-image size-large\"><img loading=\"lazy\" decoding=\"async\" width=\"1024\" height=\"682\" data-id=\"17328\" src=\"https:\/\/www.feuerwehr-halberstadt.de\/wp-content\/uploads\/2025\/10\/d50f6b08-f380-4eb0-9ea6-20b14a59f9a3-1-1024x682.jpeg\" alt=\"\" class=\"wp-image-17328\" srcset=\"https:\/\/www.feuerwehr-halberstadt.de\/wp-content\/uploads\/2025\/10\/d50f6b08-f380-4eb0-9ea6-20b14a59f9a3-1-1024x682.jpeg 1024w, https:\/\/www.feuerwehr-halberstadt.de\/wp-content\/uploads\/2025\/10\/d50f6b08-f380-4eb0-9ea6-20b14a59f9a3-1-300x200.jpeg 300w, https:\/\/www.feuerwehr-halberstadt.de\/wp-content\/uploads\/2025\/10\/d50f6b08-f380-4eb0-9ea6-20b14a59f9a3-1-768x512.jpeg 768w, https:\/\/www.feuerwehr-halberstadt.de\/wp-content\/uploads\/2025\/10\/d50f6b08-f380-4eb0-9ea6-20b14a59f9a3-1-1536x1023.jpeg 1536w, https:\/\/www.feuerwehr-halberstadt.de\/wp-content\/uploads\/2025\/10\/d50f6b08-f380-4eb0-9ea6-20b14a59f9a3-1.jpeg 1600w\" sizes=\"auto, (max-width: 1024px) 100vw, 1024px\" \/><\/figure>\n\n\n\n<figure class=\"wp-block-image size-large\"><img loading=\"lazy\" decoding=\"async\" width=\"682\" height=\"1024\" data-id=\"17327\" src=\"https:\/\/www.feuerwehr-halberstadt.de\/wp-content\/uploads\/2025\/10\/08158dfd-3527-43d3-9dda-da6b2cfaf5cf-682x1024.jpeg\" alt=\"\" class=\"wp-image-17327\" srcset=\"https:\/\/www.feuerwehr-halberstadt.de\/wp-content\/uploads\/2025\/10\/08158dfd-3527-43d3-9dda-da6b2cfaf5cf-682x1024.jpeg 682w, https:\/\/www.feuerwehr-halberstadt.de\/wp-content\/uploads\/2025\/10\/08158dfd-3527-43d3-9dda-da6b2cfaf5cf-200x300.jpeg 200w, https:\/\/www.feuerwehr-halberstadt.de\/wp-content\/uploads\/2025\/10\/08158dfd-3527-43d3-9dda-da6b2cfaf5cf-768x1153.jpeg 768w, https:\/\/www.feuerwehr-halberstadt.de\/wp-content\/uploads\/2025\/10\/08158dfd-3527-43d3-9dda-da6b2cfaf5cf-1023x1536.jpeg 1023w, https:\/\/www.feuerwehr-halberstadt.de\/wp-content\/uploads\/2025\/10\/08158dfd-3527-43d3-9dda-da6b2cfaf5cf.jpeg 1066w\" sizes=\"auto, (max-width: 682px) 100vw, 682px\" \/><\/figure>\n<\/figure>\n\n\n\n<p><\/p>\n","protected":false},"excerpt":{"rendered":"<p>Bei einem offiziellen \u00dcbergabetermin konnte Oberb\u00fcrgermeister Daniel Szarata am 07. Oktober 2025 insgesamt 230 neue Einsatzhelme an die Kameradinnen und Kameraden der Feuerwehr Halberstadt aush\u00e4ndigen \u2013 eine Investition von rund 114.000 Euro. Die neuen Helme bieten nicht nur verbesserten Schutz, sondern entsprechen auch den neuesten technischen Standards im Bereich der Pers\u00f6nlichen Schutzausr\u00fcstung. Die Beschaffung lief [&hellip;]<\/p>\n","protected":false},"author":3,"featured_media":17324,"comment_status":"closed","ping_status":"closed","sticky":false,"template":"","format":"standard","meta":{"_acf_changed":false,"footnotes":""},"categories":[9],"tags":[],"class_list":["post-17287","post","type-post","status-publish","format-standard","has-post-thumbnail","hentry","category-allgemein"],"acf":[],"yoast_head":"<!-- This site is optimized with the Yoast SEO plugin v27.4 - https:\/\/yoast.com\/product\/yoast-seo-wordpress\/ -->\n<title>\u00dcbergabe von 230 neuen Helmen und 7 Tablets - Feuerwehr Halberstadt<\/title>\n<meta name=\"robots\" content=\"index, follow, max-snippet:-1, max-image-preview:large, max-video-preview:-1\" \/>\n<link rel=\"canonical\" href=\"https:\/\/www.feuerwehr-halberstadt.de\/?p=17287\" \/>\n<meta property=\"og:locale\" content=\"de_DE\" \/>\n<meta property=\"og:type\" content=\"article\" \/>\n<meta property=\"og:title\" content=\"\u00dcbergabe von 230 neuen Helmen und 7 Tablets - Feuerwehr Halberstadt\" \/>\n<meta property=\"og:description\" content=\"Bei einem offiziellen \u00dcbergabetermin konnte Oberb\u00fcrgermeister Daniel Szarata am 07. Oktober 2025 insgesamt 230 neue Einsatzhelme an die Kameradinnen und Kameraden der Feuerwehr Halberstadt aush\u00e4ndigen \u2013 eine Investition von rund 114.000 Euro. Die neuen Helme bieten nicht nur verbesserten Schutz, sondern entsprechen auch den neuesten technischen Standards im Bereich der Pers\u00f6nlichen Schutzausr\u00fcstung. Die Beschaffung lief [&hellip;]\" \/>\n<meta property=\"og:url\" content=\"https:\/\/www.feuerwehr-halberstadt.de\/?p=17287\" \/>\n<meta property=\"og:site_name\" content=\"Feuerwehr Halberstadt\" \/>\n<meta property=\"article:publisher\" content=\"https:\/\/www.facebook.com\/FeuerwehrHalberstadt\/\" \/>\n<meta property=\"article:published_time\" content=\"2025-10-08T04:30:04+00:00\" \/>\n<meta property=\"article:modified_time\" content=\"2025-10-08T05:39:05+00:00\" \/>\n<meta property=\"og:image\" content=\"https:\/\/www.feuerwehr-halberstadt.de\/wp-content\/uploads\/2025\/10\/c0d7e9cd-5ef1-4dab-af95-d092bcd37747.jpeg\" \/>\n\t<meta property=\"og:image:width\" content=\"1280\" \/>\n\t<meta property=\"og:image:height\" content=\"853\" \/>\n\t<meta property=\"og:image:type\" content=\"image\/jpeg\" \/>\n<meta name=\"author\" content=\"Buchold, Chris\" \/>\n<meta name=\"twitter:card\" content=\"summary_large_image\" \/>\n<meta name=\"twitter:label1\" content=\"Verfasst von\" \/>\n\t<meta name=\"twitter:data1\" content=\"Buchold, Chris\" \/>\n\t<meta name=\"twitter:label2\" content=\"Gesch\u00e4tzte Lesezeit\" \/>\n\t<meta name=\"twitter:data2\" content=\"5\u00a0Minuten\" \/>\n<script type=\"application\/ld+json\" class=\"yoast-schema-graph\">{\"@context\":\"https:\\\/\\\/schema.org\",\"@graph\":[{\"@type\":\"Article\",\"@id\":\"https:\\\/\\\/www.feuerwehr-halberstadt.de\\\/?p=17287#article\",\"isPartOf\":{\"@id\":\"https:\\\/\\\/www.feuerwehr-halberstadt.de\\\/?p=17287\"},\"author\":{\"name\":\"Buchold, Chris\",\"@id\":\"https:\\\/\\\/www.feuerwehr-halberstadt.de\\\/#\\\/schema\\\/person\\\/55ce5d9b46008e58cd3d55d4116ec727\"},\"headline\":\"\u00dcbergabe von 230 neuen Helmen und 7 Tablets\",\"datePublished\":\"2025-10-08T04:30:04+00:00\",\"dateModified\":\"2025-10-08T05:39:05+00:00\",\"mainEntityOfPage\":{\"@id\":\"https:\\\/\\\/www.feuerwehr-halberstadt.de\\\/?p=17287\"},\"wordCount\":526,\"publisher\":{\"@id\":\"https:\\\/\\\/www.feuerwehr-halberstadt.de\\\/#organization\"},\"image\":{\"@id\":\"https:\\\/\\\/www.feuerwehr-halberstadt.de\\\/?p=17287#primaryimage\"},\"thumbnailUrl\":\"https:\\\/\\\/www.feuerwehr-halberstadt.de\\\/wp-content\\\/uploads\\\/2025\\\/10\\\/c0d7e9cd-5ef1-4dab-af95-d092bcd37747.jpeg\",\"inLanguage\":\"de\"},{\"@type\":\"WebPage\",\"@id\":\"https:\\\/\\\/www.feuerwehr-halberstadt.de\\\/?p=17287\",\"url\":\"https:\\\/\\\/www.feuerwehr-halberstadt.de\\\/?p=17287\",\"name\":\"\u00dcbergabe von 230 neuen Helmen und 7 Tablets - Feuerwehr Halberstadt\",\"isPartOf\":{\"@id\":\"https:\\\/\\\/www.feuerwehr-halberstadt.de\\\/#website\"},\"primaryImageOfPage\":{\"@id\":\"https:\\\/\\\/www.feuerwehr-halberstadt.de\\\/?p=17287#primaryimage\"},\"image\":{\"@id\":\"https:\\\/\\\/www.feuerwehr-halberstadt.de\\\/?p=17287#primaryimage\"},\"thumbnailUrl\":\"https:\\\/\\\/www.feuerwehr-halberstadt.de\\\/wp-content\\\/uploads\\\/2025\\\/10\\\/c0d7e9cd-5ef1-4dab-af95-d092bcd37747.jpeg\",\"datePublished\":\"2025-10-08T04:30:04+00:00\",\"dateModified\":\"2025-10-08T05:39:05+00:00\",\"breadcrumb\":{\"@id\":\"https:\\\/\\\/www.feuerwehr-halberstadt.de\\\/?p=17287#breadcrumb\"},\"inLanguage\":\"de\",\"potentialAction\":[{\"@type\":\"ReadAction\",\"target\":[\"https:\\\/\\\/www.feuerwehr-halberstadt.de\\\/?p=17287\"]}]},{\"@type\":\"ImageObject\",\"inLanguage\":\"de\",\"@id\":\"https:\\\/\\\/www.feuerwehr-halberstadt.de\\\/?p=17287#primaryimage\",\"url\":\"https:\\\/\\\/www.feuerwehr-halberstadt.de\\\/wp-content\\\/uploads\\\/2025\\\/10\\\/c0d7e9cd-5ef1-4dab-af95-d092bcd37747.jpeg\",\"contentUrl\":\"https:\\\/\\\/www.feuerwehr-halberstadt.de\\\/wp-content\\\/uploads\\\/2025\\\/10\\\/c0d7e9cd-5ef1-4dab-af95-d092bcd37747.jpeg\",\"width\":1280,\"height\":853},{\"@type\":\"BreadcrumbList\",\"@id\":\"https:\\\/\\\/www.feuerwehr-halberstadt.de\\\/?p=17287#breadcrumb\",\"itemListElement\":[{\"@type\":\"ListItem\",\"position\":1,\"name\":\"Startseite\",\"item\":\"https:\\\/\\\/www.feuerwehr-halberstadt.de\\\/\"},{\"@type\":\"ListItem\",\"position\":2,\"name\":\"\u00dcbergabe von 230 neuen Helmen und 7 Tablets\"}]},{\"@type\":\"WebSite\",\"@id\":\"https:\\\/\\\/www.feuerwehr-halberstadt.de\\\/#website\",\"url\":\"https:\\\/\\\/www.feuerwehr-halberstadt.de\\\/\",\"name\":\"Feuerwehr Halberstadt\",\"description\":\"#imEinsatzf\u00fcrHalberstadt\",\"publisher\":{\"@id\":\"https:\\\/\\\/www.feuerwehr-halberstadt.de\\\/#organization\"},\"potentialAction\":[{\"@type\":\"SearchAction\",\"target\":{\"@type\":\"EntryPoint\",\"urlTemplate\":\"https:\\\/\\\/www.feuerwehr-halberstadt.de\\\/?s={search_term_string}\"},\"query-input\":{\"@type\":\"PropertyValueSpecification\",\"valueRequired\":true,\"valueName\":\"search_term_string\"}}],\"inLanguage\":\"de\"},{\"@type\":\"Organization\",\"@id\":\"https:\\\/\\\/www.feuerwehr-halberstadt.de\\\/#organization\",\"name\":\"Feuerwehr Halberstadt\",\"url\":\"https:\\\/\\\/www.feuerwehr-halberstadt.de\\\/\",\"logo\":{\"@type\":\"ImageObject\",\"inLanguage\":\"de\",\"@id\":\"https:\\\/\\\/www.feuerwehr-halberstadt.de\\\/#\\\/schema\\\/logo\\\/image\\\/\",\"url\":\"https:\\\/\\\/www.feuerwehr-halberstadt.de\\\/wp-content\\\/uploads\\\/2023\\\/10\\\/IMG_0126.png\",\"contentUrl\":\"https:\\\/\\\/www.feuerwehr-halberstadt.de\\\/wp-content\\\/uploads\\\/2023\\\/10\\\/IMG_0126.png\",\"width\":1500,\"height\":399,\"caption\":\"Feuerwehr Halberstadt\"},\"image\":{\"@id\":\"https:\\\/\\\/www.feuerwehr-halberstadt.de\\\/#\\\/schema\\\/logo\\\/image\\\/\"},\"sameAs\":[\"https:\\\/\\\/www.facebook.com\\\/FeuerwehrHalberstadt\\\/\"]},{\"@type\":\"Person\",\"@id\":\"https:\\\/\\\/www.feuerwehr-halberstadt.de\\\/#\\\/schema\\\/person\\\/55ce5d9b46008e58cd3d55d4116ec727\",\"name\":\"Buchold, Chris\",\"image\":{\"@type\":\"ImageObject\",\"inLanguage\":\"de\",\"@id\":\"https:\\\/\\\/secure.gravatar.com\\\/avatar\\\/bff08a084f0390bf8a93fc28c488452766ba521109cec244ac64210fdd500a49?s=96&d=mm&r=g\",\"url\":\"https:\\\/\\\/secure.gravatar.com\\\/avatar\\\/bff08a084f0390bf8a93fc28c488452766ba521109cec244ac64210fdd500a49?s=96&d=mm&r=g\",\"contentUrl\":\"https:\\\/\\\/secure.gravatar.com\\\/avatar\\\/bff08a084f0390bf8a93fc28c488452766ba521109cec244ac64210fdd500a49?s=96&d=mm&r=g\",\"caption\":\"Buchold, Chris\"},\"url\":\"https:\\\/\\\/www.feuerwehr-halberstadt.de\\\/?author=3\"}]}<\/script>\n<!-- \/ Yoast SEO plugin. -->","yoast_head_json":{"title":"\u00dcbergabe von 230 neuen Helmen und 7 Tablets - Feuerwehr Halberstadt","robots":{"index":"index","follow":"follow","max-snippet":"max-snippet:-1","max-image-preview":"max-image-preview:large","max-video-preview":"max-video-preview:-1"},"canonical":"https:\/\/www.feuerwehr-halberstadt.de\/?p=17287","og_locale":"de_DE","og_type":"article","og_title":"\u00dcbergabe von 230 neuen Helmen und 7 Tablets - Feuerwehr Halberstadt","og_description":"Bei einem offiziellen \u00dcbergabetermin konnte Oberb\u00fcrgermeister Daniel Szarata am 07. Oktober 2025 insgesamt 230 neue Einsatzhelme an die Kameradinnen und Kameraden der Feuerwehr Halberstadt aush\u00e4ndigen \u2013 eine Investition von rund 114.000 Euro. Die neuen Helme bieten nicht nur verbesserten Schutz, sondern entsprechen auch den neuesten technischen Standards im Bereich der Pers\u00f6nlichen Schutzausr\u00fcstung. Die Beschaffung lief [&hellip;]","og_url":"https:\/\/www.feuerwehr-halberstadt.de\/?p=17287","og_site_name":"Feuerwehr Halberstadt","article_publisher":"https:\/\/www.facebook.com\/FeuerwehrHalberstadt\/","article_published_time":"2025-10-08T04:30:04+00:00","article_modified_time":"2025-10-08T05:39:05+00:00","og_image":[{"width":1280,"height":853,"url":"https:\/\/www.feuerwehr-halberstadt.de\/wp-content\/uploads\/2025\/10\/c0d7e9cd-5ef1-4dab-af95-d092bcd37747.jpeg","type":"image\/jpeg"}],"author":"Buchold, Chris","twitter_card":"summary_large_image","twitter_misc":{"Verfasst von":"Buchold, Chris","Gesch\u00e4tzte Lesezeit":"5\u00a0Minuten"},"schema":{"@context":"https:\/\/schema.org","@graph":[{"@type":"Article","@id":"https:\/\/www.feuerwehr-halberstadt.de\/?p=17287#article","isPartOf":{"@id":"https:\/\/www.feuerwehr-halberstadt.de\/?p=17287"},"author":{"name":"Buchold, Chris","@id":"https:\/\/www.feuerwehr-halberstadt.de\/#\/schema\/person\/55ce5d9b46008e58cd3d55d4116ec727"},"headline":"\u00dcbergabe von 230 neuen Helmen und 7 Tablets","datePublished":"2025-10-08T04:30:04+00:00","dateModified":"2025-10-08T05:39:05+00:00","mainEntityOfPage":{"@id":"https:\/\/www.feuerwehr-halberstadt.de\/?p=17287"},"wordCount":526,"publisher":{"@id":"https:\/\/www.feuerwehr-halberstadt.de\/#organization"},"image":{"@id":"https:\/\/www.feuerwehr-halberstadt.de\/?p=17287#primaryimage"},"thumbnailUrl":"https:\/\/www.feuerwehr-halberstadt.de\/wp-content\/uploads\/2025\/10\/c0d7e9cd-5ef1-4dab-af95-d092bcd37747.jpeg","inLanguage":"de"},{"@type":"WebPage","@id":"https:\/\/www.feuerwehr-halberstadt.de\/?p=17287","url":"https:\/\/www.feuerwehr-halberstadt.de\/?p=17287","name":"\u00dcbergabe von 230 neuen Helmen und 7 Tablets - Feuerwehr Halberstadt","isPartOf":{"@id":"https:\/\/www.feuerwehr-halberstadt.de\/#website"},"primaryImageOfPage":{"@id":"https:\/\/www.feuerwehr-halberstadt.de\/?p=17287#primaryimage"},"image":{"@id":"https:\/\/www.feuerwehr-halberstadt.de\/?p=17287#primaryimage"},"thumbnailUrl":"https:\/\/www.feuerwehr-halberstadt.de\/wp-content\/uploads\/2025\/10\/c0d7e9cd-5ef1-4dab-af95-d092bcd37747.jpeg","datePublished":"2025-10-08T04:30:04+00:00","dateModified":"2025-10-08T05:39:05+00:00","breadcrumb":{"@id":"https:\/\/www.feuerwehr-halberstadt.de\/?p=17287#breadcrumb"},"inLanguage":"de","potentialAction":[{"@type":"ReadAction","target":["https:\/\/www.feuerwehr-halberstadt.de\/?p=17287"]}]},{"@type":"ImageObject","inLanguage":"de","@id":"https:\/\/www.feuerwehr-halberstadt.de\/?p=17287#primaryimage","url":"https:\/\/www.feuerwehr-halberstadt.de\/wp-content\/uploads\/2025\/10\/c0d7e9cd-5ef1-4dab-af95-d092bcd37747.jpeg","contentUrl":"https:\/\/www.feuerwehr-halberstadt.de\/wp-content\/uploads\/2025\/10\/c0d7e9cd-5ef1-4dab-af95-d092bcd37747.jpeg","width":1280,"height":853},{"@type":"BreadcrumbList","@id":"https:\/\/www.feuerwehr-halberstadt.de\/?p=17287#breadcrumb","itemListElement":[{"@type":"ListItem","position":1,"name":"Startseite","item":"https:\/\/www.feuerwehr-halberstadt.de\/"},{"@type":"ListItem","position":2,"name":"\u00dcbergabe von 230 neuen Helmen und 7 Tablets"}]},{"@type":"WebSite","@id":"https:\/\/www.feuerwehr-halberstadt.de\/#website","url":"https:\/\/www.feuerwehr-halberstadt.de\/","name":"Feuerwehr Halberstadt","description":"#imEinsatzf\u00fcrHalberstadt","publisher":{"@id":"https:\/\/www.feuerwehr-halberstadt.de\/#organization"},"potentialAction":[{"@type":"SearchAction","target":{"@type":"EntryPoint","urlTemplate":"https:\/\/www.feuerwehr-halberstadt.de\/?s={search_term_string}"},"query-input":{"@type":"PropertyValueSpecification","valueRequired":true,"valueName":"search_term_string"}}],"inLanguage":"de"},{"@type":"Organization","@id":"https:\/\/www.feuerwehr-halberstadt.de\/#organization","name":"Feuerwehr Halberstadt","url":"https:\/\/www.feuerwehr-halberstadt.de\/","logo":{"@type":"ImageObject","inLanguage":"de","@id":"https:\/\/www.feuerwehr-halberstadt.de\/#\/schema\/logo\/image\/","url":"https:\/\/www.feuerwehr-halberstadt.de\/wp-content\/uploads\/2023\/10\/IMG_0126.png","contentUrl":"https:\/\/www.feuerwehr-halberstadt.de\/wp-content\/uploads\/2023\/10\/IMG_0126.png","width":1500,"height":399,"caption":"Feuerwehr Halberstadt"},"image":{"@id":"https:\/\/www.feuerwehr-halberstadt.de\/#\/schema\/logo\/image\/"},"sameAs":["https:\/\/www.facebook.com\/FeuerwehrHalberstadt\/"]},{"@type":"Person","@id":"https:\/\/www.feuerwehr-halberstadt.de\/#\/schema\/person\/55ce5d9b46008e58cd3d55d4116ec727","name":"Buchold, Chris","image":{"@type":"ImageObject","inLanguage":"de","@id":"https:\/\/secure.gravatar.com\/avatar\/bff08a084f0390bf8a93fc28c488452766ba521109cec244ac64210fdd500a49?s=96&d=mm&r=g","url":"https:\/\/secure.gravatar.com\/avatar\/bff08a084f0390bf8a93fc28c488452766ba521109cec244ac64210fdd500a49?s=96&d=mm&r=g","contentUrl":"https:\/\/secure.gravatar.com\/avatar\/bff08a084f0390bf8a93fc28c488452766ba521109cec244ac64210fdd500a49?s=96&d=mm&r=g","caption":"Buchold, Chris"},"url":"https:\/\/www.feuerwehr-halberstadt.de\/?author=3"}]}},"_links":{"self":[{"href":"https:\/\/www.feuerwehr-halberstadt.de\/index.php?rest_route=\/wp\/v2\/posts\/17287","targetHints":{"allow":["GET"]}}],"collection":[{"href":"https:\/\/www.feuerwehr-halberstadt.de\/index.php?rest_route=\/wp\/v2\/posts"}],"about":[{"href":"https:\/\/www.feuerwehr-halberstadt.de\/index.php?rest_route=\/wp\/v2\/types\/post"}],"author":[{"embeddable":true,"href":"https:\/\/www.feuerwehr-halberstadt.de\/index.php?rest_route=\/wp\/v2\/users\/3"}],"replies":[{"embeddable":true,"href":"https:\/\/www.feuerwehr-halberstadt.de\/index.php?rest_route=%2Fwp%2Fv2%2Fcomments&post=17287"}],"version-history":[{"count":14,"href":"https:\/\/www.feuerwehr-halberstadt.de\/index.php?rest_route=\/wp\/v2\/posts\/17287\/revisions"}],"predecessor-version":[{"id":17334,"href":"https:\/\/www.feuerwehr-halberstadt.de\/index.php?rest_route=\/wp\/v2\/posts\/17287\/revisions\/17334"}],"wp:featuredmedia":[{"embeddable":true,"href":"https:\/\/www.feuerwehr-halberstadt.de\/index.php?rest_route=\/wp\/v2\/media\/17324"}],"wp:attachment":[{"href":"https:\/\/www.feuerwehr-halberstadt.de\/index.php?rest_route=%2Fwp%2Fv2%2Fmedia&parent=17287"}],"wp:term":[{"taxonomy":"category","embeddable":true,"href":"https:\/\/www.feuerwehr-halberstadt.de\/index.php?rest_route=%2Fwp%2Fv2%2Fcategories&post=17287"},{"taxonomy":"post_tag","embeddable":true,"href":"https:\/\/www.feuerwehr-halberstadt.de\/index.php?rest_route=%2Fwp%2Fv2%2Ftags&post=17287"}],"curies":[{"name":"wp","href":"https:\/\/api.w.org\/{rel}","templated":true}]}}