{"id":17256,"date":"2025-09-29T18:17:26","date_gmt":"2025-09-29T16:17:26","guid":{"rendered":"https:\/\/www.feuerwehr-halberstadt.de\/?p=17256"},"modified":"2025-09-29T18:23:36","modified_gmt":"2025-09-29T16:23:36","slug":"drei-befoerderungen-bei-der-wachbereitschaft","status":"publish","type":"post","link":"https:\/\/www.feuerwehr-halberstadt.de\/?p=17256","title":{"rendered":"Drei Bef\u00f6rderungen bei der Wachbereitschaft"},"content":{"rendered":"\n<p>Im Halberst\u00e4dter Rathaus wurden heute durch Oberb\u00fcrgermeister Daniel Szarata drei weitere Bef\u00f6rderungen bei der Hauptberuflichen Wachbereitschaft durchgef\u00fchrt.<\/p>\n\n\n\n<p><strong>Mike Schneevoigt<\/strong> und <strong>Dominik Steinert<\/strong> konnten aufgrund der \u00dcbernahme von zus\u00e4tzlichen Aufgaben, mit Wirkung zum 01.10.2025, zu Oberbrandmeistern bef\u00f6rdert werden. Mike Schneevoigt leitet das Sachgebiet Ger\u00e4te\/Ausr\u00fcstung und Dominik Steinert das Sachgebiet Haustechnik.<\/p>\n\n\n\n<p>Brandmeisteranw\u00e4rter <strong>Lukas Handel<\/strong> konnte seine Ausbildung und Laufbahnpr\u00fcfung erfolgreich abschlie\u00dfen, weshalb er mit Wirkung zum 01.10.2025 zum Brandmeister und Beamten auf Probe ernannt werden konnte. <\/p>\n\n\n\n<p>Ingo Wetzel (Abteilungsleiter Feuerwehr) und Kerstin Schmieder (Abteilungsleiterin Personal) gratulierten den drei Kameraden und w\u00fcnschten f\u00fcr die weitere Zukunft alles Gute.<\/p>\n\n\n\n<figure class=\"wp-block-gallery has-nested-images columns-2 is-cropped wp-block-gallery-1 is-layout-flex wp-block-gallery-is-layout-flex\">\n<figure class=\"wp-block-image size-large is-style-default\"><img loading=\"lazy\" decoding=\"async\" width=\"1024\" height=\"682\" data-id=\"17249\" src=\"https:\/\/www.feuerwehr-halberstadt.de\/wp-content\/uploads\/2025\/09\/8993792f-72a0-4b45-95e9-27746b2eadc2-1024x682.jpeg\" alt=\"\" class=\"wp-image-17249\" srcset=\"https:\/\/www.feuerwehr-halberstadt.de\/wp-content\/uploads\/2025\/09\/8993792f-72a0-4b45-95e9-27746b2eadc2-1024x682.jpeg 1024w, https:\/\/www.feuerwehr-halberstadt.de\/wp-content\/uploads\/2025\/09\/8993792f-72a0-4b45-95e9-27746b2eadc2-300x200.jpeg 300w, https:\/\/www.feuerwehr-halberstadt.de\/wp-content\/uploads\/2025\/09\/8993792f-72a0-4b45-95e9-27746b2eadc2-768x512.jpeg 768w, https:\/\/www.feuerwehr-halberstadt.de\/wp-content\/uploads\/2025\/09\/8993792f-72a0-4b45-95e9-27746b2eadc2-1536x1023.jpeg 1536w, https:\/\/www.feuerwehr-halberstadt.de\/wp-content\/uploads\/2025\/09\/8993792f-72a0-4b45-95e9-27746b2eadc2.jpeg 1600w\" sizes=\"auto, (max-width: 1024px) 100vw, 1024px\" \/><\/figure>\n\n\n\n<figure class=\"wp-block-image size-large\"><img loading=\"lazy\" decoding=\"async\" width=\"1024\" height=\"682\" data-id=\"17250\" src=\"https:\/\/www.feuerwehr-halberstadt.de\/wp-content\/uploads\/2025\/09\/0029e8ee-b1f3-45f6-aabc-88abeaf3f3d8-1024x682.jpeg\" alt=\"\" class=\"wp-image-17250\" srcset=\"https:\/\/www.feuerwehr-halberstadt.de\/wp-content\/uploads\/2025\/09\/0029e8ee-b1f3-45f6-aabc-88abeaf3f3d8-1024x682.jpeg 1024w, https:\/\/www.feuerwehr-halberstadt.de\/wp-content\/uploads\/2025\/09\/0029e8ee-b1f3-45f6-aabc-88abeaf3f3d8-300x200.jpeg 300w, https:\/\/www.feuerwehr-halberstadt.de\/wp-content\/uploads\/2025\/09\/0029e8ee-b1f3-45f6-aabc-88abeaf3f3d8-768x512.jpeg 768w, https:\/\/www.feuerwehr-halberstadt.de\/wp-content\/uploads\/2025\/09\/0029e8ee-b1f3-45f6-aabc-88abeaf3f3d8-1536x1023.jpeg 1536w, https:\/\/www.feuerwehr-halberstadt.de\/wp-content\/uploads\/2025\/09\/0029e8ee-b1f3-45f6-aabc-88abeaf3f3d8.jpeg 1600w\" sizes=\"auto, (max-width: 1024px) 100vw, 1024px\" \/><\/figure>\n\n\n\n<figure class=\"wp-block-image size-large\"><img loading=\"lazy\" decoding=\"async\" width=\"1024\" height=\"682\" data-id=\"17251\" src=\"https:\/\/www.feuerwehr-halberstadt.de\/wp-content\/uploads\/2025\/09\/893f8cf8-e186-4dbd-a665-d0f93fe0ec4e-1024x682.jpeg\" alt=\"\" class=\"wp-image-17251\" srcset=\"https:\/\/www.feuerwehr-halberstadt.de\/wp-content\/uploads\/2025\/09\/893f8cf8-e186-4dbd-a665-d0f93fe0ec4e-1024x682.jpeg 1024w, https:\/\/www.feuerwehr-halberstadt.de\/wp-content\/uploads\/2025\/09\/893f8cf8-e186-4dbd-a665-d0f93fe0ec4e-300x200.jpeg 300w, https:\/\/www.feuerwehr-halberstadt.de\/wp-content\/uploads\/2025\/09\/893f8cf8-e186-4dbd-a665-d0f93fe0ec4e-768x512.jpeg 768w, https:\/\/www.feuerwehr-halberstadt.de\/wp-content\/uploads\/2025\/09\/893f8cf8-e186-4dbd-a665-d0f93fe0ec4e-1536x1023.jpeg 1536w, https:\/\/www.feuerwehr-halberstadt.de\/wp-content\/uploads\/2025\/09\/893f8cf8-e186-4dbd-a665-d0f93fe0ec4e.jpeg 1600w\" sizes=\"auto, (max-width: 1024px) 100vw, 1024px\" \/><\/figure>\n\n\n\n<figure class=\"wp-block-image size-large\"><img loading=\"lazy\" decoding=\"async\" width=\"1024\" height=\"682\" data-id=\"17252\" src=\"https:\/\/www.feuerwehr-halberstadt.de\/wp-content\/uploads\/2025\/09\/e5b7906d-41cf-4846-bf0a-d95202ca502d-1024x682.jpeg\" alt=\"\" class=\"wp-image-17252\" srcset=\"https:\/\/www.feuerwehr-halberstadt.de\/wp-content\/uploads\/2025\/09\/e5b7906d-41cf-4846-bf0a-d95202ca502d-1024x682.jpeg 1024w, https:\/\/www.feuerwehr-halberstadt.de\/wp-content\/uploads\/2025\/09\/e5b7906d-41cf-4846-bf0a-d95202ca502d-300x200.jpeg 300w, https:\/\/www.feuerwehr-halberstadt.de\/wp-content\/uploads\/2025\/09\/e5b7906d-41cf-4846-bf0a-d95202ca502d-768x512.jpeg 768w, https:\/\/www.feuerwehr-halberstadt.de\/wp-content\/uploads\/2025\/09\/e5b7906d-41cf-4846-bf0a-d95202ca502d-1536x1023.jpeg 1536w, https:\/\/www.feuerwehr-halberstadt.de\/wp-content\/uploads\/2025\/09\/e5b7906d-41cf-4846-bf0a-d95202ca502d.jpeg 1600w\" sizes=\"auto, (max-width: 1024px) 100vw, 1024px\" \/><\/figure>\n\n\n\n<figure class=\"wp-block-image size-large\"><img loading=\"lazy\" decoding=\"async\" width=\"1024\" height=\"682\" data-id=\"17254\" src=\"https:\/\/www.feuerwehr-halberstadt.de\/wp-content\/uploads\/2025\/09\/842d23ed-28f3-4726-ac7e-ced5d7045125-1024x682.jpeg\" alt=\"\" class=\"wp-image-17254\" srcset=\"https:\/\/www.feuerwehr-halberstadt.de\/wp-content\/uploads\/2025\/09\/842d23ed-28f3-4726-ac7e-ced5d7045125-1024x682.jpeg 1024w, https:\/\/www.feuerwehr-halberstadt.de\/wp-content\/uploads\/2025\/09\/842d23ed-28f3-4726-ac7e-ced5d7045125-300x200.jpeg 300w, https:\/\/www.feuerwehr-halberstadt.de\/wp-content\/uploads\/2025\/09\/842d23ed-28f3-4726-ac7e-ced5d7045125-768x512.jpeg 768w, https:\/\/www.feuerwehr-halberstadt.de\/wp-content\/uploads\/2025\/09\/842d23ed-28f3-4726-ac7e-ced5d7045125-1536x1023.jpeg 1536w, https:\/\/www.feuerwehr-halberstadt.de\/wp-content\/uploads\/2025\/09\/842d23ed-28f3-4726-ac7e-ced5d7045125.jpeg 1600w\" sizes=\"auto, (max-width: 1024px) 100vw, 1024px\" \/><\/figure>\n\n\n\n<figure class=\"wp-block-image size-large\"><img loading=\"lazy\" decoding=\"async\" width=\"1024\" height=\"682\" data-id=\"17253\" src=\"https:\/\/www.feuerwehr-halberstadt.de\/wp-content\/uploads\/2025\/09\/39b05c6b-8813-4c21-ae78-8781726aafa9-1024x682.jpeg\" alt=\"\" class=\"wp-image-17253\" srcset=\"https:\/\/www.feuerwehr-halberstadt.de\/wp-content\/uploads\/2025\/09\/39b05c6b-8813-4c21-ae78-8781726aafa9-1024x682.jpeg 1024w, https:\/\/www.feuerwehr-halberstadt.de\/wp-content\/uploads\/2025\/09\/39b05c6b-8813-4c21-ae78-8781726aafa9-300x200.jpeg 300w, https:\/\/www.feuerwehr-halberstadt.de\/wp-content\/uploads\/2025\/09\/39b05c6b-8813-4c21-ae78-8781726aafa9-768x512.jpeg 768w, https:\/\/www.feuerwehr-halberstadt.de\/wp-content\/uploads\/2025\/09\/39b05c6b-8813-4c21-ae78-8781726aafa9-1536x1023.jpeg 1536w, https:\/\/www.feuerwehr-halberstadt.de\/wp-content\/uploads\/2025\/09\/39b05c6b-8813-4c21-ae78-8781726aafa9.jpeg 1600w\" sizes=\"auto, (max-width: 1024px) 100vw, 1024px\" \/><\/figure>\n\n\n\n<figure class=\"wp-block-image size-large\"><img loading=\"lazy\" decoding=\"async\" width=\"1024\" height=\"682\" data-id=\"17255\" src=\"https:\/\/www.feuerwehr-halberstadt.de\/wp-content\/uploads\/2025\/09\/7bfb78c6-a1ca-434f-9eed-429283d334aa-1024x682.jpeg\" alt=\"\" class=\"wp-image-17255\" srcset=\"https:\/\/www.feuerwehr-halberstadt.de\/wp-content\/uploads\/2025\/09\/7bfb78c6-a1ca-434f-9eed-429283d334aa-1024x682.jpeg 1024w, https:\/\/www.feuerwehr-halberstadt.de\/wp-content\/uploads\/2025\/09\/7bfb78c6-a1ca-434f-9eed-429283d334aa-300x200.jpeg 300w, https:\/\/www.feuerwehr-halberstadt.de\/wp-content\/uploads\/2025\/09\/7bfb78c6-a1ca-434f-9eed-429283d334aa-768x512.jpeg 768w, https:\/\/www.feuerwehr-halberstadt.de\/wp-content\/uploads\/2025\/09\/7bfb78c6-a1ca-434f-9eed-429283d334aa-1536x1023.jpeg 1536w, https:\/\/www.feuerwehr-halberstadt.de\/wp-content\/uploads\/2025\/09\/7bfb78c6-a1ca-434f-9eed-429283d334aa.jpeg 1600w\" sizes=\"auto, (max-width: 1024px) 100vw, 1024px\" \/><\/figure>\n<\/figure>\n","protected":false},"excerpt":{"rendered":"<p>Im Halberst\u00e4dter Rathaus wurden heute durch Oberb\u00fcrgermeister Daniel Szarata drei weitere Bef\u00f6rderungen bei der Hauptberuflichen Wachbereitschaft durchgef\u00fchrt. Mike Schneevoigt und Dominik Steinert konnten aufgrund der \u00dcbernahme von zus\u00e4tzlichen Aufgaben, mit Wirkung zum 01.10.2025, zu Oberbrandmeistern bef\u00f6rdert werden. Mike Schneevoigt leitet das Sachgebiet Ger\u00e4te\/Ausr\u00fcstung und Dominik Steinert das Sachgebiet Haustechnik. Brandmeisteranw\u00e4rter Lukas Handel konnte seine Ausbildung [&hellip;]<\/p>\n","protected":false},"author":3,"featured_media":17248,"comment_status":"closed","ping_status":"closed","sticky":false,"template":"","format":"standard","meta":{"_acf_changed":false,"footnotes":""},"categories":[9,11],"tags":[],"class_list":["post-17256","post","type-post","status-publish","format-standard","has-post-thumbnail","hentry","category-allgemein","category-wache"],"acf":[],"yoast_head":"<!-- This site is optimized with the Yoast SEO plugin v27.4 - https:\/\/yoast.com\/product\/yoast-seo-wordpress\/ -->\n<title>Drei Bef\u00f6rderungen bei der Wachbereitschaft - Feuerwehr Halberstadt<\/title>\n<meta name=\"robots\" content=\"index, follow, max-snippet:-1, max-image-preview:large, max-video-preview:-1\" \/>\n<link rel=\"canonical\" href=\"https:\/\/www.feuerwehr-halberstadt.de\/?p=17256\" \/>\n<meta property=\"og:locale\" content=\"de_DE\" \/>\n<meta property=\"og:type\" content=\"article\" \/>\n<meta property=\"og:title\" content=\"Drei Bef\u00f6rderungen bei der Wachbereitschaft - Feuerwehr Halberstadt\" \/>\n<meta property=\"og:description\" content=\"Im Halberst\u00e4dter Rathaus wurden heute durch Oberb\u00fcrgermeister Daniel Szarata drei weitere Bef\u00f6rderungen bei der Hauptberuflichen Wachbereitschaft durchgef\u00fchrt. Mike Schneevoigt und Dominik Steinert konnten aufgrund der \u00dcbernahme von zus\u00e4tzlichen Aufgaben, mit Wirkung zum 01.10.2025, zu Oberbrandmeistern bef\u00f6rdert werden. Mike Schneevoigt leitet das Sachgebiet Ger\u00e4te\/Ausr\u00fcstung und Dominik Steinert das Sachgebiet Haustechnik. Brandmeisteranw\u00e4rter Lukas Handel konnte seine Ausbildung [&hellip;]\" \/>\n<meta property=\"og:url\" content=\"https:\/\/www.feuerwehr-halberstadt.de\/?p=17256\" \/>\n<meta property=\"og:site_name\" content=\"Feuerwehr Halberstadt\" \/>\n<meta property=\"article:publisher\" content=\"https:\/\/www.facebook.com\/FeuerwehrHalberstadt\/\" \/>\n<meta property=\"article:published_time\" content=\"2025-09-29T16:17:26+00:00\" \/>\n<meta property=\"article:modified_time\" content=\"2025-09-29T16:23:36+00:00\" \/>\n<meta property=\"og:image\" content=\"https:\/\/www.feuerwehr-halberstadt.de\/wp-content\/uploads\/2025\/09\/23eb89fb-3d1b-4812-9e60-7c9ed28a07a1.jpeg\" \/>\n\t<meta property=\"og:image:width\" content=\"1280\" \/>\n\t<meta property=\"og:image:height\" content=\"853\" \/>\n\t<meta property=\"og:image:type\" content=\"image\/jpeg\" \/>\n<meta name=\"author\" content=\"Buchold, Chris\" \/>\n<meta name=\"twitter:card\" content=\"summary_large_image\" \/>\n<meta name=\"twitter:label1\" content=\"Verfasst von\" \/>\n\t<meta name=\"twitter:data1\" content=\"Buchold, Chris\" \/>\n\t<meta name=\"twitter:label2\" content=\"Gesch\u00e4tzte Lesezeit\" \/>\n\t<meta name=\"twitter:data2\" content=\"3\u00a0Minuten\" \/>\n<script type=\"application\/ld+json\" class=\"yoast-schema-graph\">{\"@context\":\"https:\\\/\\\/schema.org\",\"@graph\":[{\"@type\":\"Article\",\"@id\":\"https:\\\/\\\/www.feuerwehr-halberstadt.de\\\/?p=17256#article\",\"isPartOf\":{\"@id\":\"https:\\\/\\\/www.feuerwehr-halberstadt.de\\\/?p=17256\"},\"author\":{\"name\":\"Buchold, Chris\",\"@id\":\"https:\\\/\\\/www.feuerwehr-halberstadt.de\\\/#\\\/schema\\\/person\\\/55ce5d9b46008e58cd3d55d4116ec727\"},\"headline\":\"Drei Bef\u00f6rderungen bei der Wachbereitschaft\",\"datePublished\":\"2025-09-29T16:17:26+00:00\",\"dateModified\":\"2025-09-29T16:23:36+00:00\",\"mainEntityOfPage\":{\"@id\":\"https:\\\/\\\/www.feuerwehr-halberstadt.de\\\/?p=17256\"},\"wordCount\":113,\"publisher\":{\"@id\":\"https:\\\/\\\/www.feuerwehr-halberstadt.de\\\/#organization\"},\"image\":{\"@id\":\"https:\\\/\\\/www.feuerwehr-halberstadt.de\\\/?p=17256#primaryimage\"},\"thumbnailUrl\":\"https:\\\/\\\/www.feuerwehr-halberstadt.de\\\/wp-content\\\/uploads\\\/2025\\\/09\\\/23eb89fb-3d1b-4812-9e60-7c9ed28a07a1.jpeg\",\"articleSection\":{\"1\":\"Wache\"},\"inLanguage\":\"de\"},{\"@type\":\"WebPage\",\"@id\":\"https:\\\/\\\/www.feuerwehr-halberstadt.de\\\/?p=17256\",\"url\":\"https:\\\/\\\/www.feuerwehr-halberstadt.de\\\/?p=17256\",\"name\":\"Drei Bef\u00f6rderungen bei der Wachbereitschaft - Feuerwehr Halberstadt\",\"isPartOf\":{\"@id\":\"https:\\\/\\\/www.feuerwehr-halberstadt.de\\\/#website\"},\"primaryImageOfPage\":{\"@id\":\"https:\\\/\\\/www.feuerwehr-halberstadt.de\\\/?p=17256#primaryimage\"},\"image\":{\"@id\":\"https:\\\/\\\/www.feuerwehr-halberstadt.de\\\/?p=17256#primaryimage\"},\"thumbnailUrl\":\"https:\\\/\\\/www.feuerwehr-halberstadt.de\\\/wp-content\\\/uploads\\\/2025\\\/09\\\/23eb89fb-3d1b-4812-9e60-7c9ed28a07a1.jpeg\",\"datePublished\":\"2025-09-29T16:17:26+00:00\",\"dateModified\":\"2025-09-29T16:23:36+00:00\",\"breadcrumb\":{\"@id\":\"https:\\\/\\\/www.feuerwehr-halberstadt.de\\\/?p=17256#breadcrumb\"},\"inLanguage\":\"de\",\"potentialAction\":[{\"@type\":\"ReadAction\",\"target\":[\"https:\\\/\\\/www.feuerwehr-halberstadt.de\\\/?p=17256\"]}]},{\"@type\":\"ImageObject\",\"inLanguage\":\"de\",\"@id\":\"https:\\\/\\\/www.feuerwehr-halberstadt.de\\\/?p=17256#primaryimage\",\"url\":\"https:\\\/\\\/www.feuerwehr-halberstadt.de\\\/wp-content\\\/uploads\\\/2025\\\/09\\\/23eb89fb-3d1b-4812-9e60-7c9ed28a07a1.jpeg\",\"contentUrl\":\"https:\\\/\\\/www.feuerwehr-halberstadt.de\\\/wp-content\\\/uploads\\\/2025\\\/09\\\/23eb89fb-3d1b-4812-9e60-7c9ed28a07a1.jpeg\",\"width\":1280,\"height\":853},{\"@type\":\"BreadcrumbList\",\"@id\":\"https:\\\/\\\/www.feuerwehr-halberstadt.de\\\/?p=17256#breadcrumb\",\"itemListElement\":[{\"@type\":\"ListItem\",\"position\":1,\"name\":\"Startseite\",\"item\":\"https:\\\/\\\/www.feuerwehr-halberstadt.de\\\/\"},{\"@type\":\"ListItem\",\"position\":2,\"name\":\"Drei Bef\u00f6rderungen bei der Wachbereitschaft\"}]},{\"@type\":\"WebSite\",\"@id\":\"https:\\\/\\\/www.feuerwehr-halberstadt.de\\\/#website\",\"url\":\"https:\\\/\\\/www.feuerwehr-halberstadt.de\\\/\",\"name\":\"Feuerwehr Halberstadt\",\"description\":\"#imEinsatzf\u00fcrHalberstadt\",\"publisher\":{\"@id\":\"https:\\\/\\\/www.feuerwehr-halberstadt.de\\\/#organization\"},\"potentialAction\":[{\"@type\":\"SearchAction\",\"target\":{\"@type\":\"EntryPoint\",\"urlTemplate\":\"https:\\\/\\\/www.feuerwehr-halberstadt.de\\\/?s={search_term_string}\"},\"query-input\":{\"@type\":\"PropertyValueSpecification\",\"valueRequired\":true,\"valueName\":\"search_term_string\"}}],\"inLanguage\":\"de\"},{\"@type\":\"Organization\",\"@id\":\"https:\\\/\\\/www.feuerwehr-halberstadt.de\\\/#organization\",\"name\":\"Feuerwehr Halberstadt\",\"url\":\"https:\\\/\\\/www.feuerwehr-halberstadt.de\\\/\",\"logo\":{\"@type\":\"ImageObject\",\"inLanguage\":\"de\",\"@id\":\"https:\\\/\\\/www.feuerwehr-halberstadt.de\\\/#\\\/schema\\\/logo\\\/image\\\/\",\"url\":\"https:\\\/\\\/www.feuerwehr-halberstadt.de\\\/wp-content\\\/uploads\\\/2023\\\/10\\\/IMG_0126.png\",\"contentUrl\":\"https:\\\/\\\/www.feuerwehr-halberstadt.de\\\/wp-content\\\/uploads\\\/2023\\\/10\\\/IMG_0126.png\",\"width\":1500,\"height\":399,\"caption\":\"Feuerwehr Halberstadt\"},\"image\":{\"@id\":\"https:\\\/\\\/www.feuerwehr-halberstadt.de\\\/#\\\/schema\\\/logo\\\/image\\\/\"},\"sameAs\":[\"https:\\\/\\\/www.facebook.com\\\/FeuerwehrHalberstadt\\\/\"]},{\"@type\":\"Person\",\"@id\":\"https:\\\/\\\/www.feuerwehr-halberstadt.de\\\/#\\\/schema\\\/person\\\/55ce5d9b46008e58cd3d55d4116ec727\",\"name\":\"Buchold, Chris\",\"image\":{\"@type\":\"ImageObject\",\"inLanguage\":\"de\",\"@id\":\"https:\\\/\\\/secure.gravatar.com\\\/avatar\\\/bff08a084f0390bf8a93fc28c488452766ba521109cec244ac64210fdd500a49?s=96&d=mm&r=g\",\"url\":\"https:\\\/\\\/secure.gravatar.com\\\/avatar\\\/bff08a084f0390bf8a93fc28c488452766ba521109cec244ac64210fdd500a49?s=96&d=mm&r=g\",\"contentUrl\":\"https:\\\/\\\/secure.gravatar.com\\\/avatar\\\/bff08a084f0390bf8a93fc28c488452766ba521109cec244ac64210fdd500a49?s=96&d=mm&r=g\",\"caption\":\"Buchold, Chris\"},\"url\":\"https:\\\/\\\/www.feuerwehr-halberstadt.de\\\/?author=3\"}]}<\/script>\n<!-- \/ Yoast SEO plugin. -->","yoast_head_json":{"title":"Drei Bef\u00f6rderungen bei der Wachbereitschaft - Feuerwehr Halberstadt","robots":{"index":"index","follow":"follow","max-snippet":"max-snippet:-1","max-image-preview":"max-image-preview:large","max-video-preview":"max-video-preview:-1"},"canonical":"https:\/\/www.feuerwehr-halberstadt.de\/?p=17256","og_locale":"de_DE","og_type":"article","og_title":"Drei Bef\u00f6rderungen bei der Wachbereitschaft - Feuerwehr Halberstadt","og_description":"Im Halberst\u00e4dter Rathaus wurden heute durch Oberb\u00fcrgermeister Daniel Szarata drei weitere Bef\u00f6rderungen bei der Hauptberuflichen Wachbereitschaft durchgef\u00fchrt. Mike Schneevoigt und Dominik Steinert konnten aufgrund der \u00dcbernahme von zus\u00e4tzlichen Aufgaben, mit Wirkung zum 01.10.2025, zu Oberbrandmeistern bef\u00f6rdert werden. Mike Schneevoigt leitet das Sachgebiet Ger\u00e4te\/Ausr\u00fcstung und Dominik Steinert das Sachgebiet Haustechnik. Brandmeisteranw\u00e4rter Lukas Handel konnte seine Ausbildung [&hellip;]","og_url":"https:\/\/www.feuerwehr-halberstadt.de\/?p=17256","og_site_name":"Feuerwehr Halberstadt","article_publisher":"https:\/\/www.facebook.com\/FeuerwehrHalberstadt\/","article_published_time":"2025-09-29T16:17:26+00:00","article_modified_time":"2025-09-29T16:23:36+00:00","og_image":[{"width":1280,"height":853,"url":"https:\/\/www.feuerwehr-halberstadt.de\/wp-content\/uploads\/2025\/09\/23eb89fb-3d1b-4812-9e60-7c9ed28a07a1.jpeg","type":"image\/jpeg"}],"author":"Buchold, Chris","twitter_card":"summary_large_image","twitter_misc":{"Verfasst von":"Buchold, Chris","Gesch\u00e4tzte Lesezeit":"3\u00a0Minuten"},"schema":{"@context":"https:\/\/schema.org","@graph":[{"@type":"Article","@id":"https:\/\/www.feuerwehr-halberstadt.de\/?p=17256#article","isPartOf":{"@id":"https:\/\/www.feuerwehr-halberstadt.de\/?p=17256"},"author":{"name":"Buchold, Chris","@id":"https:\/\/www.feuerwehr-halberstadt.de\/#\/schema\/person\/55ce5d9b46008e58cd3d55d4116ec727"},"headline":"Drei Bef\u00f6rderungen bei der Wachbereitschaft","datePublished":"2025-09-29T16:17:26+00:00","dateModified":"2025-09-29T16:23:36+00:00","mainEntityOfPage":{"@id":"https:\/\/www.feuerwehr-halberstadt.de\/?p=17256"},"wordCount":113,"publisher":{"@id":"https:\/\/www.feuerwehr-halberstadt.de\/#organization"},"image":{"@id":"https:\/\/www.feuerwehr-halberstadt.de\/?p=17256#primaryimage"},"thumbnailUrl":"https:\/\/www.feuerwehr-halberstadt.de\/wp-content\/uploads\/2025\/09\/23eb89fb-3d1b-4812-9e60-7c9ed28a07a1.jpeg","articleSection":{"1":"Wache"},"inLanguage":"de"},{"@type":"WebPage","@id":"https:\/\/www.feuerwehr-halberstadt.de\/?p=17256","url":"https:\/\/www.feuerwehr-halberstadt.de\/?p=17256","name":"Drei Bef\u00f6rderungen bei der Wachbereitschaft - Feuerwehr Halberstadt","isPartOf":{"@id":"https:\/\/www.feuerwehr-halberstadt.de\/#website"},"primaryImageOfPage":{"@id":"https:\/\/www.feuerwehr-halberstadt.de\/?p=17256#primaryimage"},"image":{"@id":"https:\/\/www.feuerwehr-halberstadt.de\/?p=17256#primaryimage"},"thumbnailUrl":"https:\/\/www.feuerwehr-halberstadt.de\/wp-content\/uploads\/2025\/09\/23eb89fb-3d1b-4812-9e60-7c9ed28a07a1.jpeg","datePublished":"2025-09-29T16:17:26+00:00","dateModified":"2025-09-29T16:23:36+00:00","breadcrumb":{"@id":"https:\/\/www.feuerwehr-halberstadt.de\/?p=17256#breadcrumb"},"inLanguage":"de","potentialAction":[{"@type":"ReadAction","target":["https:\/\/www.feuerwehr-halberstadt.de\/?p=17256"]}]},{"@type":"ImageObject","inLanguage":"de","@id":"https:\/\/www.feuerwehr-halberstadt.de\/?p=17256#primaryimage","url":"https:\/\/www.feuerwehr-halberstadt.de\/wp-content\/uploads\/2025\/09\/23eb89fb-3d1b-4812-9e60-7c9ed28a07a1.jpeg","contentUrl":"https:\/\/www.feuerwehr-halberstadt.de\/wp-content\/uploads\/2025\/09\/23eb89fb-3d1b-4812-9e60-7c9ed28a07a1.jpeg","width":1280,"height":853},{"@type":"BreadcrumbList","@id":"https:\/\/www.feuerwehr-halberstadt.de\/?p=17256#breadcrumb","itemListElement":[{"@type":"ListItem","position":1,"name":"Startseite","item":"https:\/\/www.feuerwehr-halberstadt.de\/"},{"@type":"ListItem","position":2,"name":"Drei Bef\u00f6rderungen bei der Wachbereitschaft"}]},{"@type":"WebSite","@id":"https:\/\/www.feuerwehr-halberstadt.de\/#website","url":"https:\/\/www.feuerwehr-halberstadt.de\/","name":"Feuerwehr Halberstadt","description":"#imEinsatzf\u00fcrHalberstadt","publisher":{"@id":"https:\/\/www.feuerwehr-halberstadt.de\/#organization"},"potentialAction":[{"@type":"SearchAction","target":{"@type":"EntryPoint","urlTemplate":"https:\/\/www.feuerwehr-halberstadt.de\/?s={search_term_string}"},"query-input":{"@type":"PropertyValueSpecification","valueRequired":true,"valueName":"search_term_string"}}],"inLanguage":"de"},{"@type":"Organization","@id":"https:\/\/www.feuerwehr-halberstadt.de\/#organization","name":"Feuerwehr Halberstadt","url":"https:\/\/www.feuerwehr-halberstadt.de\/","logo":{"@type":"ImageObject","inLanguage":"de","@id":"https:\/\/www.feuerwehr-halberstadt.de\/#\/schema\/logo\/image\/","url":"https:\/\/www.feuerwehr-halberstadt.de\/wp-content\/uploads\/2023\/10\/IMG_0126.png","contentUrl":"https:\/\/www.feuerwehr-halberstadt.de\/wp-content\/uploads\/2023\/10\/IMG_0126.png","width":1500,"height":399,"caption":"Feuerwehr Halberstadt"},"image":{"@id":"https:\/\/www.feuerwehr-halberstadt.de\/#\/schema\/logo\/image\/"},"sameAs":["https:\/\/www.facebook.com\/FeuerwehrHalberstadt\/"]},{"@type":"Person","@id":"https:\/\/www.feuerwehr-halberstadt.de\/#\/schema\/person\/55ce5d9b46008e58cd3d55d4116ec727","name":"Buchold, Chris","image":{"@type":"ImageObject","inLanguage":"de","@id":"https:\/\/secure.gravatar.com\/avatar\/bff08a084f0390bf8a93fc28c488452766ba521109cec244ac64210fdd500a49?s=96&d=mm&r=g","url":"https:\/\/secure.gravatar.com\/avatar\/bff08a084f0390bf8a93fc28c488452766ba521109cec244ac64210fdd500a49?s=96&d=mm&r=g","contentUrl":"https:\/\/secure.gravatar.com\/avatar\/bff08a084f0390bf8a93fc28c488452766ba521109cec244ac64210fdd500a49?s=96&d=mm&r=g","caption":"Buchold, Chris"},"url":"https:\/\/www.feuerwehr-halberstadt.de\/?author=3"}]}},"_links":{"self":[{"href":"https:\/\/www.feuerwehr-halberstadt.de\/index.php?rest_route=\/wp\/v2\/posts\/17256","targetHints":{"allow":["GET"]}}],"collection":[{"href":"https:\/\/www.feuerwehr-halberstadt.de\/index.php?rest_route=\/wp\/v2\/posts"}],"about":[{"href":"https:\/\/www.feuerwehr-halberstadt.de\/index.php?rest_route=\/wp\/v2\/types\/post"}],"author":[{"embeddable":true,"href":"https:\/\/www.feuerwehr-halberstadt.de\/index.php?rest_route=\/wp\/v2\/users\/3"}],"replies":[{"embeddable":true,"href":"https:\/\/www.feuerwehr-halberstadt.de\/index.php?rest_route=%2Fwp%2Fv2%2Fcomments&post=17256"}],"version-history":[{"count":3,"href":"https:\/\/www.feuerwehr-halberstadt.de\/index.php?rest_route=\/wp\/v2\/posts\/17256\/revisions"}],"predecessor-version":[{"id":17261,"href":"https:\/\/www.feuerwehr-halberstadt.de\/index.php?rest_route=\/wp\/v2\/posts\/17256\/revisions\/17261"}],"wp:featuredmedia":[{"embeddable":true,"href":"https:\/\/www.feuerwehr-halberstadt.de\/index.php?rest_route=\/wp\/v2\/media\/17248"}],"wp:attachment":[{"href":"https:\/\/www.feuerwehr-halberstadt.de\/index.php?rest_route=%2Fwp%2Fv2%2Fmedia&parent=17256"}],"wp:term":[{"taxonomy":"category","embeddable":true,"href":"https:\/\/www.feuerwehr-halberstadt.de\/index.php?rest_route=%2Fwp%2Fv2%2Fcategories&post=17256"},{"taxonomy":"post_tag","embeddable":true,"href":"https:\/\/www.feuerwehr-halberstadt.de\/index.php?rest_route=%2Fwp%2Fv2%2Ftags&post=17256"}],"curies":[{"name":"wp","href":"https:\/\/api.w.org\/{rel}","templated":true}]}}