{"id":17125,"date":"2025-09-10T18:47:39","date_gmt":"2025-09-10T16:47:39","guid":{"rendered":"https:\/\/www.feuerwehr-halberstadt.de\/?p=17125"},"modified":"2025-09-10T18:47:41","modified_gmt":"2025-09-10T16:47:41","slug":"orientierungsmarsch-der-stadtjugendfeuerwehr","status":"publish","type":"post","link":"https:\/\/www.feuerwehr-halberstadt.de\/?p=17125","title":{"rendered":"Orientierungsmarsch der Stadtjugendfeuerwehr"},"content":{"rendered":"\n<p>Am Samstag, dem 06.09.2025, f\u00fchrten die Kinder- und Jugendfeuerwehren der Stadt Halberstadt nach langer Zeit wieder einen Orientierungsmarsch durch. Zus\u00e4tzlich zu den Kinder- und Jugendfeuerwehren aus Klein Quenstedt, Sargstedt, Halberstadt und Langenstein war ebenfalls die THW-Jugendgruppe des Ortsverbands Halberstadt mit vertreten.<\/p>\n\n\n\n<p>Gegen 08:30 Uhr er\u00f6ffnete Veit Rahn als stv. Stadtjugendwart und Organisator die Veranstaltung in Langenstein auf dem Sch\u00fctzenplatz. Zun\u00e4chst begr\u00fc\u00dfte er alle anwesenden Kinder und Betreuer, bevor es dann mit den einzelnen Stationen losging.<\/p>\n\n\n\n<p>F\u00fcr die insgesamt sechs Gruppen galt es sieben Stationen abzuarbeiten. An den einzelnen Stationen ging es um verschiedenste Themen. An der 1. Station durften sich die Kinder und Jugendlichen bei Schie\u00dfen mit dem Lasergewehr ausprobieren. Weiter ging es dann an der 2. Station mit dem Beantworten von einigen feuerwehrtechnischen Fragen. Bei der 3. wurde das Thema &#8222;Erste Hilfe&#8220; durch die DLRG Ortsgruppe Halberstadt aufgegriffen. Hier sollte ein Druckverband und die stabile Seitenlage ge\u00fcbt werden. An Station 4 war Sportlichkeit gefragt, es wurde ein Staffellauf durchgef\u00fchrt. Bei der 5. Station mussten die Kinder und Jugendlichen Kleidungsst\u00fccke und Ger\u00e4tschaften aus der Feuerwehr in der Ferne erkennen. Hierf\u00fcr stand ihnen ein Fernglas zur Verf\u00fcgung. Bei der vorletzten Station war Geschicklichkeit gefragt. Es sollte eine Ente aus einem Quadrat an Schl\u00e4uchen gerettet werden, ohne diese im Quadrat mit den H\u00e4nden zu ber\u00fchren. Die letzte Station beinhaltete ganz klassisch die Aufgabe &#8222;L\u00f6schangriff nass&#8220;. Hier wurde durch die Gruppen ein normaler L\u00f6schangriff nass auf Zeit aufgebaut und als Ziel sollten anschlie\u00dfend Pylonen mit den Strahlrohren umgeschossen werden.<\/p>\n\n\n\n<p>Nat\u00fcrlich stand bei der ganzen Veranstaltung der Spa\u00df f\u00fcr die Kinder im Vordergrund. Nachdem alle Stationen durch die Kinder und Jugendlichen abgearbeitet wurden, gab es f\u00fcr alle eine Urkunde und einen kleinen Preis. Zum Abschluss wurde durch die Versorgungsgruppe der Stadtfeuerwehr ein Mittagessen organisiert.<\/p>\n\n\n\n<p>An dieser Stelle geht ein gro\u00dfer Dank an Veit Rahn als stv. Stadtjugendwart f\u00fcr die Organisation und die Durchf\u00fchrung dieses Tages! Ebenfalls bedanken wir uns bei der DLRG Ortsgruppe Halberstadt, dem Sch\u00fctzenverein aus Langenstein und der Versorgungsgruppe der Stadtfeuerwehr f\u00fcr die Unterst\u00fctzung bei dieser Veranstaltung!<br><\/p>\n\n\n\n<figure class=\"wp-block-gallery has-nested-images columns-default is-cropped wp-block-gallery-1 is-layout-flex wp-block-gallery-is-layout-flex\">\n<figure class=\"wp-block-image size-large\"><img loading=\"lazy\" decoding=\"async\" width=\"1024\" height=\"683\" data-id=\"17145\" src=\"https:\/\/www.feuerwehr-halberstadt.de\/wp-content\/uploads\/2025\/09\/02ea6add-2af9-4641-a8bb-b2c29662a5f1-1024x683.jpeg\" alt=\"\" class=\"wp-image-17145\" srcset=\"https:\/\/www.feuerwehr-halberstadt.de\/wp-content\/uploads\/2025\/09\/02ea6add-2af9-4641-a8bb-b2c29662a5f1-1024x683.jpeg 1024w, https:\/\/www.feuerwehr-halberstadt.de\/wp-content\/uploads\/2025\/09\/02ea6add-2af9-4641-a8bb-b2c29662a5f1-300x200.jpeg 300w, https:\/\/www.feuerwehr-halberstadt.de\/wp-content\/uploads\/2025\/09\/02ea6add-2af9-4641-a8bb-b2c29662a5f1-768x512.jpeg 768w, https:\/\/www.feuerwehr-halberstadt.de\/wp-content\/uploads\/2025\/09\/02ea6add-2af9-4641-a8bb-b2c29662a5f1-1536x1024.jpeg 1536w, https:\/\/www.feuerwehr-halberstadt.de\/wp-content\/uploads\/2025\/09\/02ea6add-2af9-4641-a8bb-b2c29662a5f1-2048x1365.jpeg 2048w\" sizes=\"auto, (max-width: 1024px) 100vw, 1024px\" \/><\/figure>\n\n\n\n<figure class=\"wp-block-image size-large\"><img loading=\"lazy\" decoding=\"async\" width=\"1024\" height=\"683\" data-id=\"17144\" src=\"https:\/\/www.feuerwehr-halberstadt.de\/wp-content\/uploads\/2025\/09\/c3ed385f-92c2-4554-8160-2771e43df8f7-1024x683.jpeg\" alt=\"\" class=\"wp-image-17144\" srcset=\"https:\/\/www.feuerwehr-halberstadt.de\/wp-content\/uploads\/2025\/09\/c3ed385f-92c2-4554-8160-2771e43df8f7-1024x683.jpeg 1024w, https:\/\/www.feuerwehr-halberstadt.de\/wp-content\/uploads\/2025\/09\/c3ed385f-92c2-4554-8160-2771e43df8f7-300x200.jpeg 300w, https:\/\/www.feuerwehr-halberstadt.de\/wp-content\/uploads\/2025\/09\/c3ed385f-92c2-4554-8160-2771e43df8f7-768x512.jpeg 768w, https:\/\/www.feuerwehr-halberstadt.de\/wp-content\/uploads\/2025\/09\/c3ed385f-92c2-4554-8160-2771e43df8f7-1536x1024.jpeg 1536w, https:\/\/www.feuerwehr-halberstadt.de\/wp-content\/uploads\/2025\/09\/c3ed385f-92c2-4554-8160-2771e43df8f7-2048x1365.jpeg 2048w\" sizes=\"auto, (max-width: 1024px) 100vw, 1024px\" \/><\/figure>\n\n\n\n<figure class=\"wp-block-image size-large\"><img loading=\"lazy\" decoding=\"async\" width=\"1024\" height=\"683\" data-id=\"17143\" src=\"https:\/\/www.feuerwehr-halberstadt.de\/wp-content\/uploads\/2025\/09\/c3fc0116-fa30-4edc-ad1e-1edea1da3cbd-1024x683.jpeg\" alt=\"\" class=\"wp-image-17143\" srcset=\"https:\/\/www.feuerwehr-halberstadt.de\/wp-content\/uploads\/2025\/09\/c3fc0116-fa30-4edc-ad1e-1edea1da3cbd-1024x683.jpeg 1024w, https:\/\/www.feuerwehr-halberstadt.de\/wp-content\/uploads\/2025\/09\/c3fc0116-fa30-4edc-ad1e-1edea1da3cbd-300x200.jpeg 300w, https:\/\/www.feuerwehr-halberstadt.de\/wp-content\/uploads\/2025\/09\/c3fc0116-fa30-4edc-ad1e-1edea1da3cbd-768x512.jpeg 768w, https:\/\/www.feuerwehr-halberstadt.de\/wp-content\/uploads\/2025\/09\/c3fc0116-fa30-4edc-ad1e-1edea1da3cbd-1536x1024.jpeg 1536w, https:\/\/www.feuerwehr-halberstadt.de\/wp-content\/uploads\/2025\/09\/c3fc0116-fa30-4edc-ad1e-1edea1da3cbd-2048x1365.jpeg 2048w\" sizes=\"auto, (max-width: 1024px) 100vw, 1024px\" \/><\/figure>\n\n\n\n<figure class=\"wp-block-image size-large\"><img loading=\"lazy\" decoding=\"async\" width=\"1024\" height=\"683\" data-id=\"17142\" src=\"https:\/\/www.feuerwehr-halberstadt.de\/wp-content\/uploads\/2025\/09\/8a50c866-c669-43ef-9b1e-4ba084981c6e-1024x683.jpeg\" alt=\"\" class=\"wp-image-17142\" srcset=\"https:\/\/www.feuerwehr-halberstadt.de\/wp-content\/uploads\/2025\/09\/8a50c866-c669-43ef-9b1e-4ba084981c6e-1024x683.jpeg 1024w, https:\/\/www.feuerwehr-halberstadt.de\/wp-content\/uploads\/2025\/09\/8a50c866-c669-43ef-9b1e-4ba084981c6e-300x200.jpeg 300w, https:\/\/www.feuerwehr-halberstadt.de\/wp-content\/uploads\/2025\/09\/8a50c866-c669-43ef-9b1e-4ba084981c6e-768x512.jpeg 768w, https:\/\/www.feuerwehr-halberstadt.de\/wp-content\/uploads\/2025\/09\/8a50c866-c669-43ef-9b1e-4ba084981c6e-1536x1024.jpeg 1536w, https:\/\/www.feuerwehr-halberstadt.de\/wp-content\/uploads\/2025\/09\/8a50c866-c669-43ef-9b1e-4ba084981c6e-2048x1365.jpeg 2048w\" sizes=\"auto, (max-width: 1024px) 100vw, 1024px\" \/><\/figure>\n\n\n\n<figure class=\"wp-block-image size-large\"><img loading=\"lazy\" decoding=\"async\" width=\"1024\" height=\"683\" data-id=\"17141\" src=\"https:\/\/www.feuerwehr-halberstadt.de\/wp-content\/uploads\/2025\/09\/6418ed5c-f20f-4f86-ad17-9f2ae28c811f-1024x683.jpeg\" alt=\"\" class=\"wp-image-17141\" srcset=\"https:\/\/www.feuerwehr-halberstadt.de\/wp-content\/uploads\/2025\/09\/6418ed5c-f20f-4f86-ad17-9f2ae28c811f-1024x683.jpeg 1024w, https:\/\/www.feuerwehr-halberstadt.de\/wp-content\/uploads\/2025\/09\/6418ed5c-f20f-4f86-ad17-9f2ae28c811f-300x200.jpeg 300w, https:\/\/www.feuerwehr-halberstadt.de\/wp-content\/uploads\/2025\/09\/6418ed5c-f20f-4f86-ad17-9f2ae28c811f-768x512.jpeg 768w, https:\/\/www.feuerwehr-halberstadt.de\/wp-content\/uploads\/2025\/09\/6418ed5c-f20f-4f86-ad17-9f2ae28c811f-1536x1024.jpeg 1536w, https:\/\/www.feuerwehr-halberstadt.de\/wp-content\/uploads\/2025\/09\/6418ed5c-f20f-4f86-ad17-9f2ae28c811f-2048x1365.jpeg 2048w\" sizes=\"auto, (max-width: 1024px) 100vw, 1024px\" \/><\/figure>\n\n\n\n<figure class=\"wp-block-image size-large\"><img loading=\"lazy\" decoding=\"async\" width=\"1024\" height=\"683\" data-id=\"17140\" src=\"https:\/\/www.feuerwehr-halberstadt.de\/wp-content\/uploads\/2025\/09\/99faedc4-94d3-42d0-8884-db1c2a4dc9b7-1024x683.jpeg\" alt=\"\" class=\"wp-image-17140\" srcset=\"https:\/\/www.feuerwehr-halberstadt.de\/wp-content\/uploads\/2025\/09\/99faedc4-94d3-42d0-8884-db1c2a4dc9b7-1024x683.jpeg 1024w, https:\/\/www.feuerwehr-halberstadt.de\/wp-content\/uploads\/2025\/09\/99faedc4-94d3-42d0-8884-db1c2a4dc9b7-300x200.jpeg 300w, https:\/\/www.feuerwehr-halberstadt.de\/wp-content\/uploads\/2025\/09\/99faedc4-94d3-42d0-8884-db1c2a4dc9b7-768x512.jpeg 768w, https:\/\/www.feuerwehr-halberstadt.de\/wp-content\/uploads\/2025\/09\/99faedc4-94d3-42d0-8884-db1c2a4dc9b7-1536x1024.jpeg 1536w, https:\/\/www.feuerwehr-halberstadt.de\/wp-content\/uploads\/2025\/09\/99faedc4-94d3-42d0-8884-db1c2a4dc9b7-2048x1365.jpeg 2048w\" sizes=\"auto, (max-width: 1024px) 100vw, 1024px\" \/><\/figure>\n\n\n\n<figure class=\"wp-block-image size-large\"><img loading=\"lazy\" decoding=\"async\" width=\"1024\" height=\"683\" data-id=\"17139\" src=\"https:\/\/www.feuerwehr-halberstadt.de\/wp-content\/uploads\/2025\/09\/6c9671db-dc59-461d-a495-088e6822337d-1024x683.jpeg\" alt=\"\" class=\"wp-image-17139\" srcset=\"https:\/\/www.feuerwehr-halberstadt.de\/wp-content\/uploads\/2025\/09\/6c9671db-dc59-461d-a495-088e6822337d-1024x683.jpeg 1024w, https:\/\/www.feuerwehr-halberstadt.de\/wp-content\/uploads\/2025\/09\/6c9671db-dc59-461d-a495-088e6822337d-300x200.jpeg 300w, https:\/\/www.feuerwehr-halberstadt.de\/wp-content\/uploads\/2025\/09\/6c9671db-dc59-461d-a495-088e6822337d-768x512.jpeg 768w, https:\/\/www.feuerwehr-halberstadt.de\/wp-content\/uploads\/2025\/09\/6c9671db-dc59-461d-a495-088e6822337d-1536x1024.jpeg 1536w, https:\/\/www.feuerwehr-halberstadt.de\/wp-content\/uploads\/2025\/09\/6c9671db-dc59-461d-a495-088e6822337d-2048x1365.jpeg 2048w\" sizes=\"auto, (max-width: 1024px) 100vw, 1024px\" \/><\/figure>\n\n\n\n<figure class=\"wp-block-image size-large\"><img loading=\"lazy\" decoding=\"async\" width=\"1024\" height=\"683\" data-id=\"17138\" src=\"https:\/\/www.feuerwehr-halberstadt.de\/wp-content\/uploads\/2025\/09\/ad828aaa-5102-4dde-aa2f-1a0d49e5ccd1-1024x683.jpeg\" alt=\"\" class=\"wp-image-17138\" srcset=\"https:\/\/www.feuerwehr-halberstadt.de\/wp-content\/uploads\/2025\/09\/ad828aaa-5102-4dde-aa2f-1a0d49e5ccd1-1024x683.jpeg 1024w, https:\/\/www.feuerwehr-halberstadt.de\/wp-content\/uploads\/2025\/09\/ad828aaa-5102-4dde-aa2f-1a0d49e5ccd1-300x200.jpeg 300w, https:\/\/www.feuerwehr-halberstadt.de\/wp-content\/uploads\/2025\/09\/ad828aaa-5102-4dde-aa2f-1a0d49e5ccd1-768x512.jpeg 768w, https:\/\/www.feuerwehr-halberstadt.de\/wp-content\/uploads\/2025\/09\/ad828aaa-5102-4dde-aa2f-1a0d49e5ccd1-1536x1024.jpeg 1536w, https:\/\/www.feuerwehr-halberstadt.de\/wp-content\/uploads\/2025\/09\/ad828aaa-5102-4dde-aa2f-1a0d49e5ccd1-2048x1365.jpeg 2048w\" sizes=\"auto, (max-width: 1024px) 100vw, 1024px\" \/><\/figure>\n\n\n\n<figure class=\"wp-block-image size-large\"><img loading=\"lazy\" decoding=\"async\" width=\"1024\" height=\"683\" data-id=\"17137\" src=\"https:\/\/www.feuerwehr-halberstadt.de\/wp-content\/uploads\/2025\/09\/555045f4-1199-440f-8855-96c69e9a9402-1024x683.jpeg\" alt=\"\" class=\"wp-image-17137\" srcset=\"https:\/\/www.feuerwehr-halberstadt.de\/wp-content\/uploads\/2025\/09\/555045f4-1199-440f-8855-96c69e9a9402-1024x683.jpeg 1024w, https:\/\/www.feuerwehr-halberstadt.de\/wp-content\/uploads\/2025\/09\/555045f4-1199-440f-8855-96c69e9a9402-300x200.jpeg 300w, https:\/\/www.feuerwehr-halberstadt.de\/wp-content\/uploads\/2025\/09\/555045f4-1199-440f-8855-96c69e9a9402-768x512.jpeg 768w, https:\/\/www.feuerwehr-halberstadt.de\/wp-content\/uploads\/2025\/09\/555045f4-1199-440f-8855-96c69e9a9402-1536x1024.jpeg 1536w, https:\/\/www.feuerwehr-halberstadt.de\/wp-content\/uploads\/2025\/09\/555045f4-1199-440f-8855-96c69e9a9402-2048x1365.jpeg 2048w\" sizes=\"auto, (max-width: 1024px) 100vw, 1024px\" \/><\/figure>\n<\/figure>\n","protected":false},"excerpt":{"rendered":"<p>Am Samstag, dem 06.09.2025, f\u00fchrten die Kinder- und Jugendfeuerwehren der Stadt Halberstadt nach langer Zeit wieder einen Orientierungsmarsch durch. Zus\u00e4tzlich zu den Kinder- und Jugendfeuerwehren aus Klein Quenstedt, Sargstedt, Halberstadt und Langenstein war ebenfalls die THW-Jugendgruppe des Ortsverbands Halberstadt mit vertreten. Gegen 08:30 Uhr er\u00f6ffnete Veit Rahn als stv. Stadtjugendwart und Organisator die Veranstaltung in [&hellip;]<\/p>\n","protected":false},"author":8,"featured_media":17146,"comment_status":"closed","ping_status":"closed","sticky":false,"template":"","format":"standard","meta":{"_acf_changed":false,"footnotes":""},"categories":[9],"tags":[],"class_list":["post-17125","post","type-post","status-publish","format-standard","has-post-thumbnail","hentry","category-allgemein"],"acf":[],"yoast_head":"<!-- This site is optimized with the Yoast SEO plugin v27.5 - https:\/\/yoast.com\/product\/yoast-seo-wordpress\/ -->\n<title>Orientierungsmarsch der Stadtjugendfeuerwehr - Feuerwehr Halberstadt<\/title>\n<meta name=\"robots\" content=\"index, follow, max-snippet:-1, max-image-preview:large, max-video-preview:-1\" \/>\n<link rel=\"canonical\" href=\"https:\/\/www.feuerwehr-halberstadt.de\/?p=17125\" \/>\n<meta property=\"og:locale\" content=\"de_DE\" \/>\n<meta property=\"og:type\" content=\"article\" \/>\n<meta property=\"og:title\" content=\"Orientierungsmarsch der Stadtjugendfeuerwehr - Feuerwehr Halberstadt\" \/>\n<meta property=\"og:description\" content=\"Am Samstag, dem 06.09.2025, f\u00fchrten die Kinder- und Jugendfeuerwehren der Stadt Halberstadt nach langer Zeit wieder einen Orientierungsmarsch durch. Zus\u00e4tzlich zu den Kinder- und Jugendfeuerwehren aus Klein Quenstedt, Sargstedt, Halberstadt und Langenstein war ebenfalls die THW-Jugendgruppe des Ortsverbands Halberstadt mit vertreten. Gegen 08:30 Uhr er\u00f6ffnete Veit Rahn als stv. Stadtjugendwart und Organisator die Veranstaltung in [&hellip;]\" \/>\n<meta property=\"og:url\" content=\"https:\/\/www.feuerwehr-halberstadt.de\/?p=17125\" \/>\n<meta property=\"og:site_name\" content=\"Feuerwehr Halberstadt\" \/>\n<meta property=\"article:publisher\" content=\"https:\/\/www.facebook.com\/FeuerwehrHalberstadt\/\" \/>\n<meta property=\"article:published_time\" content=\"2025-09-10T16:47:39+00:00\" \/>\n<meta property=\"article:modified_time\" content=\"2025-09-10T16:47:41+00:00\" \/>\n<meta property=\"og:image\" content=\"https:\/\/www.feuerwehr-halberstadt.de\/wp-content\/uploads\/2025\/09\/f7616e2a-2dc5-4d7c-90dd-b785a5cbf66b-scaled-e1757522843812.jpeg\" \/>\n\t<meta property=\"og:image:width\" content=\"1358\" \/>\n\t<meta property=\"og:image:height\" content=\"906\" \/>\n\t<meta property=\"og:image:type\" content=\"image\/jpeg\" \/>\n<meta name=\"author\" content=\"K\u00fchne, Ren\u00e9\" \/>\n<meta name=\"twitter:card\" content=\"summary_large_image\" \/>\n<meta name=\"twitter:label1\" content=\"Verfasst von\" \/>\n\t<meta name=\"twitter:data1\" content=\"K\u00fchne, Ren\u00e9\" \/>\n\t<meta name=\"twitter:label2\" content=\"Gesch\u00e4tzte Lesezeit\" \/>\n\t<meta name=\"twitter:data2\" content=\"4\u00a0Minuten\" \/>\n<script type=\"application\/ld+json\" class=\"yoast-schema-graph\">{\"@context\":\"https:\\\/\\\/schema.org\",\"@graph\":[{\"@type\":\"Article\",\"@id\":\"https:\\\/\\\/www.feuerwehr-halberstadt.de\\\/?p=17125#article\",\"isPartOf\":{\"@id\":\"https:\\\/\\\/www.feuerwehr-halberstadt.de\\\/?p=17125\"},\"author\":{\"name\":\"K\u00fchne, Ren\u00e9\",\"@id\":\"https:\\\/\\\/www.feuerwehr-halberstadt.de\\\/#\\\/schema\\\/person\\\/3025e717504caccf9120c148aa5dafc9\"},\"headline\":\"Orientierungsmarsch der Stadtjugendfeuerwehr\",\"datePublished\":\"2025-09-10T16:47:39+00:00\",\"dateModified\":\"2025-09-10T16:47:41+00:00\",\"mainEntityOfPage\":{\"@id\":\"https:\\\/\\\/www.feuerwehr-halberstadt.de\\\/?p=17125\"},\"wordCount\":360,\"publisher\":{\"@id\":\"https:\\\/\\\/www.feuerwehr-halberstadt.de\\\/#organization\"},\"image\":{\"@id\":\"https:\\\/\\\/www.feuerwehr-halberstadt.de\\\/?p=17125#primaryimage\"},\"thumbnailUrl\":\"https:\\\/\\\/www.feuerwehr-halberstadt.de\\\/wp-content\\\/uploads\\\/2025\\\/09\\\/f7616e2a-2dc5-4d7c-90dd-b785a5cbf66b-scaled-e1757522843812.jpeg\",\"inLanguage\":\"de\"},{\"@type\":\"WebPage\",\"@id\":\"https:\\\/\\\/www.feuerwehr-halberstadt.de\\\/?p=17125\",\"url\":\"https:\\\/\\\/www.feuerwehr-halberstadt.de\\\/?p=17125\",\"name\":\"Orientierungsmarsch der Stadtjugendfeuerwehr - Feuerwehr Halberstadt\",\"isPartOf\":{\"@id\":\"https:\\\/\\\/www.feuerwehr-halberstadt.de\\\/#website\"},\"primaryImageOfPage\":{\"@id\":\"https:\\\/\\\/www.feuerwehr-halberstadt.de\\\/?p=17125#primaryimage\"},\"image\":{\"@id\":\"https:\\\/\\\/www.feuerwehr-halberstadt.de\\\/?p=17125#primaryimage\"},\"thumbnailUrl\":\"https:\\\/\\\/www.feuerwehr-halberstadt.de\\\/wp-content\\\/uploads\\\/2025\\\/09\\\/f7616e2a-2dc5-4d7c-90dd-b785a5cbf66b-scaled-e1757522843812.jpeg\",\"datePublished\":\"2025-09-10T16:47:39+00:00\",\"dateModified\":\"2025-09-10T16:47:41+00:00\",\"breadcrumb\":{\"@id\":\"https:\\\/\\\/www.feuerwehr-halberstadt.de\\\/?p=17125#breadcrumb\"},\"inLanguage\":\"de\",\"potentialAction\":[{\"@type\":\"ReadAction\",\"target\":[\"https:\\\/\\\/www.feuerwehr-halberstadt.de\\\/?p=17125\"]}]},{\"@type\":\"ImageObject\",\"inLanguage\":\"de\",\"@id\":\"https:\\\/\\\/www.feuerwehr-halberstadt.de\\\/?p=17125#primaryimage\",\"url\":\"https:\\\/\\\/www.feuerwehr-halberstadt.de\\\/wp-content\\\/uploads\\\/2025\\\/09\\\/f7616e2a-2dc5-4d7c-90dd-b785a5cbf66b-scaled-e1757522843812.jpeg\",\"contentUrl\":\"https:\\\/\\\/www.feuerwehr-halberstadt.de\\\/wp-content\\\/uploads\\\/2025\\\/09\\\/f7616e2a-2dc5-4d7c-90dd-b785a5cbf66b-scaled-e1757522843812.jpeg\",\"width\":1358,\"height\":906},{\"@type\":\"BreadcrumbList\",\"@id\":\"https:\\\/\\\/www.feuerwehr-halberstadt.de\\\/?p=17125#breadcrumb\",\"itemListElement\":[{\"@type\":\"ListItem\",\"position\":1,\"name\":\"Startseite\",\"item\":\"https:\\\/\\\/www.feuerwehr-halberstadt.de\\\/\"},{\"@type\":\"ListItem\",\"position\":2,\"name\":\"Orientierungsmarsch der Stadtjugendfeuerwehr\"}]},{\"@type\":\"WebSite\",\"@id\":\"https:\\\/\\\/www.feuerwehr-halberstadt.de\\\/#website\",\"url\":\"https:\\\/\\\/www.feuerwehr-halberstadt.de\\\/\",\"name\":\"Feuerwehr Halberstadt\",\"description\":\"#imEinsatzf\u00fcrHalberstadt\",\"publisher\":{\"@id\":\"https:\\\/\\\/www.feuerwehr-halberstadt.de\\\/#organization\"},\"potentialAction\":[{\"@type\":\"SearchAction\",\"target\":{\"@type\":\"EntryPoint\",\"urlTemplate\":\"https:\\\/\\\/www.feuerwehr-halberstadt.de\\\/?s={search_term_string}\"},\"query-input\":{\"@type\":\"PropertyValueSpecification\",\"valueRequired\":true,\"valueName\":\"search_term_string\"}}],\"inLanguage\":\"de\"},{\"@type\":\"Organization\",\"@id\":\"https:\\\/\\\/www.feuerwehr-halberstadt.de\\\/#organization\",\"name\":\"Feuerwehr Halberstadt\",\"url\":\"https:\\\/\\\/www.feuerwehr-halberstadt.de\\\/\",\"logo\":{\"@type\":\"ImageObject\",\"inLanguage\":\"de\",\"@id\":\"https:\\\/\\\/www.feuerwehr-halberstadt.de\\\/#\\\/schema\\\/logo\\\/image\\\/\",\"url\":\"https:\\\/\\\/www.feuerwehr-halberstadt.de\\\/wp-content\\\/uploads\\\/2023\\\/10\\\/IMG_0126.png\",\"contentUrl\":\"https:\\\/\\\/www.feuerwehr-halberstadt.de\\\/wp-content\\\/uploads\\\/2023\\\/10\\\/IMG_0126.png\",\"width\":1500,\"height\":399,\"caption\":\"Feuerwehr Halberstadt\"},\"image\":{\"@id\":\"https:\\\/\\\/www.feuerwehr-halberstadt.de\\\/#\\\/schema\\\/logo\\\/image\\\/\"},\"sameAs\":[\"https:\\\/\\\/www.facebook.com\\\/FeuerwehrHalberstadt\\\/\"]},{\"@type\":\"Person\",\"@id\":\"https:\\\/\\\/www.feuerwehr-halberstadt.de\\\/#\\\/schema\\\/person\\\/3025e717504caccf9120c148aa5dafc9\",\"name\":\"K\u00fchne, Ren\u00e9\",\"image\":{\"@type\":\"ImageObject\",\"inLanguage\":\"de\",\"@id\":\"https:\\\/\\\/secure.gravatar.com\\\/avatar\\\/55eea2ec92cf331c72f122107a136da45b190ce89b28770aafc2f0a0788d2fd4?s=96&d=mm&r=g\",\"url\":\"https:\\\/\\\/secure.gravatar.com\\\/avatar\\\/55eea2ec92cf331c72f122107a136da45b190ce89b28770aafc2f0a0788d2fd4?s=96&d=mm&r=g\",\"contentUrl\":\"https:\\\/\\\/secure.gravatar.com\\\/avatar\\\/55eea2ec92cf331c72f122107a136da45b190ce89b28770aafc2f0a0788d2fd4?s=96&d=mm&r=g\",\"caption\":\"K\u00fchne, Ren\u00e9\"},\"url\":\"https:\\\/\\\/www.feuerwehr-halberstadt.de\\\/?author=8\"}]}<\/script>\n<!-- \/ Yoast SEO plugin. -->","yoast_head_json":{"title":"Orientierungsmarsch der Stadtjugendfeuerwehr - Feuerwehr Halberstadt","robots":{"index":"index","follow":"follow","max-snippet":"max-snippet:-1","max-image-preview":"max-image-preview:large","max-video-preview":"max-video-preview:-1"},"canonical":"https:\/\/www.feuerwehr-halberstadt.de\/?p=17125","og_locale":"de_DE","og_type":"article","og_title":"Orientierungsmarsch der Stadtjugendfeuerwehr - Feuerwehr Halberstadt","og_description":"Am Samstag, dem 06.09.2025, f\u00fchrten die Kinder- und Jugendfeuerwehren der Stadt Halberstadt nach langer Zeit wieder einen Orientierungsmarsch durch. Zus\u00e4tzlich zu den Kinder- und Jugendfeuerwehren aus Klein Quenstedt, Sargstedt, Halberstadt und Langenstein war ebenfalls die THW-Jugendgruppe des Ortsverbands Halberstadt mit vertreten. Gegen 08:30 Uhr er\u00f6ffnete Veit Rahn als stv. Stadtjugendwart und Organisator die Veranstaltung in [&hellip;]","og_url":"https:\/\/www.feuerwehr-halberstadt.de\/?p=17125","og_site_name":"Feuerwehr Halberstadt","article_publisher":"https:\/\/www.facebook.com\/FeuerwehrHalberstadt\/","article_published_time":"2025-09-10T16:47:39+00:00","article_modified_time":"2025-09-10T16:47:41+00:00","og_image":[{"width":1358,"height":906,"url":"https:\/\/www.feuerwehr-halberstadt.de\/wp-content\/uploads\/2025\/09\/f7616e2a-2dc5-4d7c-90dd-b785a5cbf66b-scaled-e1757522843812.jpeg","type":"image\/jpeg"}],"author":"K\u00fchne, Ren\u00e9","twitter_card":"summary_large_image","twitter_misc":{"Verfasst von":"K\u00fchne, Ren\u00e9","Gesch\u00e4tzte Lesezeit":"4\u00a0Minuten"},"schema":{"@context":"https:\/\/schema.org","@graph":[{"@type":"Article","@id":"https:\/\/www.feuerwehr-halberstadt.de\/?p=17125#article","isPartOf":{"@id":"https:\/\/www.feuerwehr-halberstadt.de\/?p=17125"},"author":{"name":"K\u00fchne, Ren\u00e9","@id":"https:\/\/www.feuerwehr-halberstadt.de\/#\/schema\/person\/3025e717504caccf9120c148aa5dafc9"},"headline":"Orientierungsmarsch der Stadtjugendfeuerwehr","datePublished":"2025-09-10T16:47:39+00:00","dateModified":"2025-09-10T16:47:41+00:00","mainEntityOfPage":{"@id":"https:\/\/www.feuerwehr-halberstadt.de\/?p=17125"},"wordCount":360,"publisher":{"@id":"https:\/\/www.feuerwehr-halberstadt.de\/#organization"},"image":{"@id":"https:\/\/www.feuerwehr-halberstadt.de\/?p=17125#primaryimage"},"thumbnailUrl":"https:\/\/www.feuerwehr-halberstadt.de\/wp-content\/uploads\/2025\/09\/f7616e2a-2dc5-4d7c-90dd-b785a5cbf66b-scaled-e1757522843812.jpeg","inLanguage":"de"},{"@type":"WebPage","@id":"https:\/\/www.feuerwehr-halberstadt.de\/?p=17125","url":"https:\/\/www.feuerwehr-halberstadt.de\/?p=17125","name":"Orientierungsmarsch der Stadtjugendfeuerwehr - Feuerwehr Halberstadt","isPartOf":{"@id":"https:\/\/www.feuerwehr-halberstadt.de\/#website"},"primaryImageOfPage":{"@id":"https:\/\/www.feuerwehr-halberstadt.de\/?p=17125#primaryimage"},"image":{"@id":"https:\/\/www.feuerwehr-halberstadt.de\/?p=17125#primaryimage"},"thumbnailUrl":"https:\/\/www.feuerwehr-halberstadt.de\/wp-content\/uploads\/2025\/09\/f7616e2a-2dc5-4d7c-90dd-b785a5cbf66b-scaled-e1757522843812.jpeg","datePublished":"2025-09-10T16:47:39+00:00","dateModified":"2025-09-10T16:47:41+00:00","breadcrumb":{"@id":"https:\/\/www.feuerwehr-halberstadt.de\/?p=17125#breadcrumb"},"inLanguage":"de","potentialAction":[{"@type":"ReadAction","target":["https:\/\/www.feuerwehr-halberstadt.de\/?p=17125"]}]},{"@type":"ImageObject","inLanguage":"de","@id":"https:\/\/www.feuerwehr-halberstadt.de\/?p=17125#primaryimage","url":"https:\/\/www.feuerwehr-halberstadt.de\/wp-content\/uploads\/2025\/09\/f7616e2a-2dc5-4d7c-90dd-b785a5cbf66b-scaled-e1757522843812.jpeg","contentUrl":"https:\/\/www.feuerwehr-halberstadt.de\/wp-content\/uploads\/2025\/09\/f7616e2a-2dc5-4d7c-90dd-b785a5cbf66b-scaled-e1757522843812.jpeg","width":1358,"height":906},{"@type":"BreadcrumbList","@id":"https:\/\/www.feuerwehr-halberstadt.de\/?p=17125#breadcrumb","itemListElement":[{"@type":"ListItem","position":1,"name":"Startseite","item":"https:\/\/www.feuerwehr-halberstadt.de\/"},{"@type":"ListItem","position":2,"name":"Orientierungsmarsch der Stadtjugendfeuerwehr"}]},{"@type":"WebSite","@id":"https:\/\/www.feuerwehr-halberstadt.de\/#website","url":"https:\/\/www.feuerwehr-halberstadt.de\/","name":"Feuerwehr Halberstadt","description":"#imEinsatzf\u00fcrHalberstadt","publisher":{"@id":"https:\/\/www.feuerwehr-halberstadt.de\/#organization"},"potentialAction":[{"@type":"SearchAction","target":{"@type":"EntryPoint","urlTemplate":"https:\/\/www.feuerwehr-halberstadt.de\/?s={search_term_string}"},"query-input":{"@type":"PropertyValueSpecification","valueRequired":true,"valueName":"search_term_string"}}],"inLanguage":"de"},{"@type":"Organization","@id":"https:\/\/www.feuerwehr-halberstadt.de\/#organization","name":"Feuerwehr Halberstadt","url":"https:\/\/www.feuerwehr-halberstadt.de\/","logo":{"@type":"ImageObject","inLanguage":"de","@id":"https:\/\/www.feuerwehr-halberstadt.de\/#\/schema\/logo\/image\/","url":"https:\/\/www.feuerwehr-halberstadt.de\/wp-content\/uploads\/2023\/10\/IMG_0126.png","contentUrl":"https:\/\/www.feuerwehr-halberstadt.de\/wp-content\/uploads\/2023\/10\/IMG_0126.png","width":1500,"height":399,"caption":"Feuerwehr Halberstadt"},"image":{"@id":"https:\/\/www.feuerwehr-halberstadt.de\/#\/schema\/logo\/image\/"},"sameAs":["https:\/\/www.facebook.com\/FeuerwehrHalberstadt\/"]},{"@type":"Person","@id":"https:\/\/www.feuerwehr-halberstadt.de\/#\/schema\/person\/3025e717504caccf9120c148aa5dafc9","name":"K\u00fchne, Ren\u00e9","image":{"@type":"ImageObject","inLanguage":"de","@id":"https:\/\/secure.gravatar.com\/avatar\/55eea2ec92cf331c72f122107a136da45b190ce89b28770aafc2f0a0788d2fd4?s=96&d=mm&r=g","url":"https:\/\/secure.gravatar.com\/avatar\/55eea2ec92cf331c72f122107a136da45b190ce89b28770aafc2f0a0788d2fd4?s=96&d=mm&r=g","contentUrl":"https:\/\/secure.gravatar.com\/avatar\/55eea2ec92cf331c72f122107a136da45b190ce89b28770aafc2f0a0788d2fd4?s=96&d=mm&r=g","caption":"K\u00fchne, Ren\u00e9"},"url":"https:\/\/www.feuerwehr-halberstadt.de\/?author=8"}]}},"_links":{"self":[{"href":"https:\/\/www.feuerwehr-halberstadt.de\/index.php?rest_route=\/wp\/v2\/posts\/17125","targetHints":{"allow":["GET"]}}],"collection":[{"href":"https:\/\/www.feuerwehr-halberstadt.de\/index.php?rest_route=\/wp\/v2\/posts"}],"about":[{"href":"https:\/\/www.feuerwehr-halberstadt.de\/index.php?rest_route=\/wp\/v2\/types\/post"}],"author":[{"embeddable":true,"href":"https:\/\/www.feuerwehr-halberstadt.de\/index.php?rest_route=\/wp\/v2\/users\/8"}],"replies":[{"embeddable":true,"href":"https:\/\/www.feuerwehr-halberstadt.de\/index.php?rest_route=%2Fwp%2Fv2%2Fcomments&post=17125"}],"version-history":[{"count":4,"href":"https:\/\/www.feuerwehr-halberstadt.de\/index.php?rest_route=\/wp\/v2\/posts\/17125\/revisions"}],"predecessor-version":[{"id":17147,"href":"https:\/\/www.feuerwehr-halberstadt.de\/index.php?rest_route=\/wp\/v2\/posts\/17125\/revisions\/17147"}],"wp:featuredmedia":[{"embeddable":true,"href":"https:\/\/www.feuerwehr-halberstadt.de\/index.php?rest_route=\/wp\/v2\/media\/17146"}],"wp:attachment":[{"href":"https:\/\/www.feuerwehr-halberstadt.de\/index.php?rest_route=%2Fwp%2Fv2%2Fmedia&parent=17125"}],"wp:term":[{"taxonomy":"category","embeddable":true,"href":"https:\/\/www.feuerwehr-halberstadt.de\/index.php?rest_route=%2Fwp%2Fv2%2Fcategories&post=17125"},{"taxonomy":"post_tag","embeddable":true,"href":"https:\/\/www.feuerwehr-halberstadt.de\/index.php?rest_route=%2Fwp%2Fv2%2Ftags&post=17125"}],"curies":[{"name":"wp","href":"https:\/\/api.w.org\/{rel}","templated":true}]}}