{"id":17082,"date":"2025-08-25T07:52:05","date_gmt":"2025-08-25T05:52:05","guid":{"rendered":"https:\/\/www.feuerwehr-halberstadt.de\/?p=17082"},"modified":"2025-08-25T12:46:15","modified_gmt":"2025-08-25T10:46:15","slug":"wochenbericht-freiwillige-feuerwehr-18-08-24-08-2025","status":"publish","type":"post","link":"https:\/\/www.feuerwehr-halberstadt.de\/?p=17082","title":{"rendered":"Wochenbericht Freiwillige Feuerwehr &#8211; 18.08. &#8211; 24.08.2025"},"content":{"rendered":"\n<p><strong>18.08.2025 <\/strong>\u2013 14:39 Uhr<br><strong>BMA \u2013 FAH am Dom &#8211; Domplatz <\/strong>\u2013 Einsatz 134\/2025<br><em>Alarmierte Kr\u00e4fte: Einsatzleitdienst, Hauptberufliche Wachbereitschaft, FF Halberstadt<\/em>, <em>Rettungsdienst<\/em><br><strong>Kurzinfo:<\/strong> Vor Ort stand eine Kaffeemaschine auf einem eingeschalteten Herd. Durch die Rauchentwicklung wurde die Brandmeldeanlage ausgel\u00f6st. Die Kr\u00e4fte der Wachbereitschaft entfernten die Kaffeemaschine und l\u00fcfteten den Bereich. F\u00fcr die Kr\u00e4fte der Ortsfeuerwehr bestand kein Handlungsbedarf.<\/p>\n\n\n\n<p><strong>19.08.2025 <\/strong>\u2013 13:42 Uhr<br><strong>B2 \u2013 Mittelbrand &#8211; Emerslebener Weg <\/strong>\u2013 Einsatz 135\/2025<br><em>Alarmierte Kr\u00e4fte:<\/em> <em>Einsatzleitdienst, Hauptberufliche Wachbereitschaft, FF Halberstadt, ELW-Gruppe,<\/em> <em>Rettungsdienst, Polizei<\/em><br><strong>Kurzinfo:<\/strong> Vor Ort handelte es sich um einen Entstehungsbrand an einer Couch. Das Feuer wurde bereits durch die Anwohner vor dem Eintreffen der Feuerwehr abgel\u00f6scht. Die Kr\u00e4fte der Ortsfeuerwehr konnten den Einsatz noch auf Anfahrt abbrechen. <\/p>\n\n\n\n<p><strong>19.08.2025 <\/strong>\u2013 14:07 Uhr<br><strong>Erkund B  \u2013 Erkundung &#8211; Richard-Wagner-Stra\u00dfe <\/strong>\u2013 Einsatz 136\/2025<br><em>Alarmierte Kr\u00e4fte:<\/em> <em>FF Halberstadt<\/em><br><strong>Kurzinfo:<\/strong> Ein Anwohner meldete eine vermeindliche Rauchentwicklung Richtung Neu Runstedt. Die Kr\u00e4fte der Ortsfeuerwehr fuhren mit dem TLF in diese Richtung und kontrollierten den Bereich ab. Vor Ort stellte sich die Rauchentwicklung als Staubwolke von landwirtschaftlichen Arbeiten heraus.<\/p>\n\n\n\n<p><strong>19.08.2025 <\/strong>\u2013 23:09 Uhr<br><strong>BMA \u2013 ZAST &#8211; Friedrich-List-Stra\u00dfe &#8211; Halberstadt <\/strong>\u2013 Einsatz 137\/2025<br><em>Alarmierte Kr\u00e4fte: Einsatzleitdienst, Hauptberufliche Wachbereitschaft, FF Halberstadt<\/em>,<em> Rettungsdienst<\/em><br><strong>Kurzinfo:<\/strong> Die Brandmeldeanlage wurde durch angebranntes Essen ausgel\u00f6st. Vor Ort bestand kein weiterer Handlungsbedarf. Die Anlage wurde zur\u00fcckgestellt und der Einsatz konnte beendet werden.<\/p>\n\n\n\n<p><strong>19.08.2025 <\/strong>\u2013 23:26 Uhr<br><strong>PNo \u2013 Tragehilfe f\u00fcr Rettungsdienst &#8211; Friedrich-List-Stra\u00dfe <\/strong>\u2013 Einsatz 138\/2025<br><em>Alarmierte Kr\u00e4fte: FF Halberstadt<\/em>,<em> Rettungsdienst<\/em><br><strong>Kurzinfo:<\/strong> Parallel zur BMA ZAST, unterst\u00fctzte die Besatzung des TLF unserer Ortsfeuerwehr den Rettungsdienst bei einer Tragehilfe.<\/p>\n\n\n\n<p><strong>21.08.2025 <\/strong>\u2013 20:26 Uhr<br><strong>PNoT\u00fcr \u2013 T\u00fcr\u00f6ffnung &#8211; Heinrich-Julius-Stra\u00dfe <\/strong>\u2013 Einsatz 139\/2025<br><em>Alarmierte Kr\u00e4fte: FF Halberstadt<\/em>,<em> Rettungsdienst<\/em><br><strong>Kurzinfo:<\/strong> Da die Wachbereitschaft in einem anderen Einsatz gebunden war, \u00fcbernahmen die Kr\u00e4fte der Ortsfeuerwehr diesen Einsatz. Vor Ort bestand f\u00fcr die Kr\u00e4fte der Feuerwehr kein Handlungsbedarf mehr, die T\u00fcr wurde durch den Bewohner ge\u00f6ffnet.<\/p>\n","protected":false},"excerpt":{"rendered":"<p>18.08.2025 \u2013 14:39 UhrBMA \u2013 FAH am Dom &#8211; Domplatz \u2013 Einsatz 134\/2025Alarmierte Kr\u00e4fte: Einsatzleitdienst, Hauptberufliche Wachbereitschaft, FF Halberstadt, RettungsdienstKurzinfo: Vor Ort stand eine Kaffeemaschine auf einem eingeschalteten Herd. Durch die Rauchentwicklung wurde die Brandmeldeanlage ausgel\u00f6st. Die Kr\u00e4fte der Wachbereitschaft entfernten die Kaffeemaschine und l\u00fcfteten den Bereich. F\u00fcr die Kr\u00e4fte der Ortsfeuerwehr bestand kein Handlungsbedarf. [&hellip;]<\/p>\n","protected":false},"author":8,"featured_media":14810,"comment_status":"closed","ping_status":"closed","sticky":false,"template":"","format":"standard","meta":{"_acf_changed":false,"footnotes":""},"categories":[9],"tags":[],"class_list":["post-17082","post","type-post","status-publish","format-standard","has-post-thumbnail","hentry","category-allgemein"],"acf":[],"yoast_head":"<!-- This site is optimized with the Yoast SEO plugin v27.4 - https:\/\/yoast.com\/product\/yoast-seo-wordpress\/ -->\n<title>Wochenbericht Freiwillige Feuerwehr - 18.08. - 24.08.2025 - Feuerwehr Halberstadt<\/title>\n<meta name=\"robots\" content=\"index, follow, max-snippet:-1, max-image-preview:large, max-video-preview:-1\" \/>\n<link rel=\"canonical\" href=\"https:\/\/www.feuerwehr-halberstadt.de\/?p=17082\" \/>\n<meta property=\"og:locale\" content=\"de_DE\" \/>\n<meta property=\"og:type\" content=\"article\" \/>\n<meta property=\"og:title\" content=\"Wochenbericht Freiwillige Feuerwehr - 18.08. - 24.08.2025 - Feuerwehr Halberstadt\" \/>\n<meta property=\"og:description\" content=\"18.08.2025 \u2013 14:39 UhrBMA \u2013 FAH am Dom &#8211; Domplatz \u2013 Einsatz 134\/2025Alarmierte Kr\u00e4fte: Einsatzleitdienst, Hauptberufliche Wachbereitschaft, FF Halberstadt, RettungsdienstKurzinfo: Vor Ort stand eine Kaffeemaschine auf einem eingeschalteten Herd. Durch die Rauchentwicklung wurde die Brandmeldeanlage ausgel\u00f6st. Die Kr\u00e4fte der Wachbereitschaft entfernten die Kaffeemaschine und l\u00fcfteten den Bereich. F\u00fcr die Kr\u00e4fte der Ortsfeuerwehr bestand kein Handlungsbedarf. [&hellip;]\" \/>\n<meta property=\"og:url\" content=\"https:\/\/www.feuerwehr-halberstadt.de\/?p=17082\" \/>\n<meta property=\"og:site_name\" content=\"Feuerwehr Halberstadt\" \/>\n<meta property=\"article:publisher\" content=\"https:\/\/www.facebook.com\/FeuerwehrHalberstadt\/\" \/>\n<meta property=\"article:published_time\" content=\"2025-08-25T05:52:05+00:00\" \/>\n<meta property=\"article:modified_time\" content=\"2025-08-25T10:46:15+00:00\" \/>\n<meta property=\"og:image\" content=\"https:\/\/www.feuerwehr-halberstadt.de\/wp-content\/uploads\/2024\/03\/6_20240310_165751_0003.jpg\" \/>\n\t<meta property=\"og:image:width\" content=\"1920\" \/>\n\t<meta property=\"og:image:height\" content=\"1080\" \/>\n\t<meta property=\"og:image:type\" content=\"image\/jpeg\" \/>\n<meta name=\"author\" content=\"K\u00fchne, Ren\u00e9\" \/>\n<meta name=\"twitter:card\" content=\"summary_large_image\" \/>\n<meta name=\"twitter:label1\" content=\"Verfasst von\" \/>\n\t<meta name=\"twitter:data1\" content=\"K\u00fchne, Ren\u00e9\" \/>\n\t<meta name=\"twitter:label2\" content=\"Gesch\u00e4tzte Lesezeit\" \/>\n\t<meta name=\"twitter:data2\" content=\"2\u00a0Minuten\" \/>\n<script type=\"application\/ld+json\" class=\"yoast-schema-graph\">{\"@context\":\"https:\\\/\\\/schema.org\",\"@graph\":[{\"@type\":\"Article\",\"@id\":\"https:\\\/\\\/www.feuerwehr-halberstadt.de\\\/?p=17082#article\",\"isPartOf\":{\"@id\":\"https:\\\/\\\/www.feuerwehr-halberstadt.de\\\/?p=17082\"},\"author\":{\"name\":\"K\u00fchne, Ren\u00e9\",\"@id\":\"https:\\\/\\\/www.feuerwehr-halberstadt.de\\\/#\\\/schema\\\/person\\\/3025e717504caccf9120c148aa5dafc9\"},\"headline\":\"Wochenbericht Freiwillige Feuerwehr &#8211; 18.08. &#8211; 24.08.2025\",\"datePublished\":\"2025-08-25T05:52:05+00:00\",\"dateModified\":\"2025-08-25T10:46:15+00:00\",\"mainEntityOfPage\":{\"@id\":\"https:\\\/\\\/www.feuerwehr-halberstadt.de\\\/?p=17082\"},\"wordCount\":305,\"publisher\":{\"@id\":\"https:\\\/\\\/www.feuerwehr-halberstadt.de\\\/#organization\"},\"image\":{\"@id\":\"https:\\\/\\\/www.feuerwehr-halberstadt.de\\\/?p=17082#primaryimage\"},\"thumbnailUrl\":\"https:\\\/\\\/www.feuerwehr-halberstadt.de\\\/wp-content\\\/uploads\\\/2024\\\/03\\\/6_20240310_165751_0003.jpg\",\"inLanguage\":\"de\"},{\"@type\":\"WebPage\",\"@id\":\"https:\\\/\\\/www.feuerwehr-halberstadt.de\\\/?p=17082\",\"url\":\"https:\\\/\\\/www.feuerwehr-halberstadt.de\\\/?p=17082\",\"name\":\"Wochenbericht Freiwillige Feuerwehr - 18.08. - 24.08.2025 - Feuerwehr Halberstadt\",\"isPartOf\":{\"@id\":\"https:\\\/\\\/www.feuerwehr-halberstadt.de\\\/#website\"},\"primaryImageOfPage\":{\"@id\":\"https:\\\/\\\/www.feuerwehr-halberstadt.de\\\/?p=17082#primaryimage\"},\"image\":{\"@id\":\"https:\\\/\\\/www.feuerwehr-halberstadt.de\\\/?p=17082#primaryimage\"},\"thumbnailUrl\":\"https:\\\/\\\/www.feuerwehr-halberstadt.de\\\/wp-content\\\/uploads\\\/2024\\\/03\\\/6_20240310_165751_0003.jpg\",\"datePublished\":\"2025-08-25T05:52:05+00:00\",\"dateModified\":\"2025-08-25T10:46:15+00:00\",\"breadcrumb\":{\"@id\":\"https:\\\/\\\/www.feuerwehr-halberstadt.de\\\/?p=17082#breadcrumb\"},\"inLanguage\":\"de\",\"potentialAction\":[{\"@type\":\"ReadAction\",\"target\":[\"https:\\\/\\\/www.feuerwehr-halberstadt.de\\\/?p=17082\"]}]},{\"@type\":\"ImageObject\",\"inLanguage\":\"de\",\"@id\":\"https:\\\/\\\/www.feuerwehr-halberstadt.de\\\/?p=17082#primaryimage\",\"url\":\"https:\\\/\\\/www.feuerwehr-halberstadt.de\\\/wp-content\\\/uploads\\\/2024\\\/03\\\/6_20240310_165751_0003.jpg\",\"contentUrl\":\"https:\\\/\\\/www.feuerwehr-halberstadt.de\\\/wp-content\\\/uploads\\\/2024\\\/03\\\/6_20240310_165751_0003.jpg\",\"width\":1920,\"height\":1080},{\"@type\":\"BreadcrumbList\",\"@id\":\"https:\\\/\\\/www.feuerwehr-halberstadt.de\\\/?p=17082#breadcrumb\",\"itemListElement\":[{\"@type\":\"ListItem\",\"position\":1,\"name\":\"Startseite\",\"item\":\"https:\\\/\\\/www.feuerwehr-halberstadt.de\\\/\"},{\"@type\":\"ListItem\",\"position\":2,\"name\":\"Wochenbericht Freiwillige Feuerwehr &#8211; 18.08. &#8211; 24.08.2025\"}]},{\"@type\":\"WebSite\",\"@id\":\"https:\\\/\\\/www.feuerwehr-halberstadt.de\\\/#website\",\"url\":\"https:\\\/\\\/www.feuerwehr-halberstadt.de\\\/\",\"name\":\"Feuerwehr Halberstadt\",\"description\":\"#imEinsatzf\u00fcrHalberstadt\",\"publisher\":{\"@id\":\"https:\\\/\\\/www.feuerwehr-halberstadt.de\\\/#organization\"},\"potentialAction\":[{\"@type\":\"SearchAction\",\"target\":{\"@type\":\"EntryPoint\",\"urlTemplate\":\"https:\\\/\\\/www.feuerwehr-halberstadt.de\\\/?s={search_term_string}\"},\"query-input\":{\"@type\":\"PropertyValueSpecification\",\"valueRequired\":true,\"valueName\":\"search_term_string\"}}],\"inLanguage\":\"de\"},{\"@type\":\"Organization\",\"@id\":\"https:\\\/\\\/www.feuerwehr-halberstadt.de\\\/#organization\",\"name\":\"Feuerwehr Halberstadt\",\"url\":\"https:\\\/\\\/www.feuerwehr-halberstadt.de\\\/\",\"logo\":{\"@type\":\"ImageObject\",\"inLanguage\":\"de\",\"@id\":\"https:\\\/\\\/www.feuerwehr-halberstadt.de\\\/#\\\/schema\\\/logo\\\/image\\\/\",\"url\":\"https:\\\/\\\/www.feuerwehr-halberstadt.de\\\/wp-content\\\/uploads\\\/2023\\\/10\\\/IMG_0126.png\",\"contentUrl\":\"https:\\\/\\\/www.feuerwehr-halberstadt.de\\\/wp-content\\\/uploads\\\/2023\\\/10\\\/IMG_0126.png\",\"width\":1500,\"height\":399,\"caption\":\"Feuerwehr Halberstadt\"},\"image\":{\"@id\":\"https:\\\/\\\/www.feuerwehr-halberstadt.de\\\/#\\\/schema\\\/logo\\\/image\\\/\"},\"sameAs\":[\"https:\\\/\\\/www.facebook.com\\\/FeuerwehrHalberstadt\\\/\"]},{\"@type\":\"Person\",\"@id\":\"https:\\\/\\\/www.feuerwehr-halberstadt.de\\\/#\\\/schema\\\/person\\\/3025e717504caccf9120c148aa5dafc9\",\"name\":\"K\u00fchne, Ren\u00e9\",\"image\":{\"@type\":\"ImageObject\",\"inLanguage\":\"de\",\"@id\":\"https:\\\/\\\/secure.gravatar.com\\\/avatar\\\/55eea2ec92cf331c72f122107a136da45b190ce89b28770aafc2f0a0788d2fd4?s=96&d=mm&r=g\",\"url\":\"https:\\\/\\\/secure.gravatar.com\\\/avatar\\\/55eea2ec92cf331c72f122107a136da45b190ce89b28770aafc2f0a0788d2fd4?s=96&d=mm&r=g\",\"contentUrl\":\"https:\\\/\\\/secure.gravatar.com\\\/avatar\\\/55eea2ec92cf331c72f122107a136da45b190ce89b28770aafc2f0a0788d2fd4?s=96&d=mm&r=g\",\"caption\":\"K\u00fchne, Ren\u00e9\"},\"url\":\"https:\\\/\\\/www.feuerwehr-halberstadt.de\\\/?author=8\"}]}<\/script>\n<!-- \/ Yoast SEO plugin. -->","yoast_head_json":{"title":"Wochenbericht Freiwillige Feuerwehr - 18.08. - 24.08.2025 - Feuerwehr Halberstadt","robots":{"index":"index","follow":"follow","max-snippet":"max-snippet:-1","max-image-preview":"max-image-preview:large","max-video-preview":"max-video-preview:-1"},"canonical":"https:\/\/www.feuerwehr-halberstadt.de\/?p=17082","og_locale":"de_DE","og_type":"article","og_title":"Wochenbericht Freiwillige Feuerwehr - 18.08. - 24.08.2025 - Feuerwehr Halberstadt","og_description":"18.08.2025 \u2013 14:39 UhrBMA \u2013 FAH am Dom &#8211; Domplatz \u2013 Einsatz 134\/2025Alarmierte Kr\u00e4fte: Einsatzleitdienst, Hauptberufliche Wachbereitschaft, FF Halberstadt, RettungsdienstKurzinfo: Vor Ort stand eine Kaffeemaschine auf einem eingeschalteten Herd. Durch die Rauchentwicklung wurde die Brandmeldeanlage ausgel\u00f6st. Die Kr\u00e4fte der Wachbereitschaft entfernten die Kaffeemaschine und l\u00fcfteten den Bereich. F\u00fcr die Kr\u00e4fte der Ortsfeuerwehr bestand kein Handlungsbedarf. [&hellip;]","og_url":"https:\/\/www.feuerwehr-halberstadt.de\/?p=17082","og_site_name":"Feuerwehr Halberstadt","article_publisher":"https:\/\/www.facebook.com\/FeuerwehrHalberstadt\/","article_published_time":"2025-08-25T05:52:05+00:00","article_modified_time":"2025-08-25T10:46:15+00:00","og_image":[{"width":1920,"height":1080,"url":"https:\/\/www.feuerwehr-halberstadt.de\/wp-content\/uploads\/2024\/03\/6_20240310_165751_0003.jpg","type":"image\/jpeg"}],"author":"K\u00fchne, Ren\u00e9","twitter_card":"summary_large_image","twitter_misc":{"Verfasst von":"K\u00fchne, Ren\u00e9","Gesch\u00e4tzte Lesezeit":"2\u00a0Minuten"},"schema":{"@context":"https:\/\/schema.org","@graph":[{"@type":"Article","@id":"https:\/\/www.feuerwehr-halberstadt.de\/?p=17082#article","isPartOf":{"@id":"https:\/\/www.feuerwehr-halberstadt.de\/?p=17082"},"author":{"name":"K\u00fchne, Ren\u00e9","@id":"https:\/\/www.feuerwehr-halberstadt.de\/#\/schema\/person\/3025e717504caccf9120c148aa5dafc9"},"headline":"Wochenbericht Freiwillige Feuerwehr &#8211; 18.08. &#8211; 24.08.2025","datePublished":"2025-08-25T05:52:05+00:00","dateModified":"2025-08-25T10:46:15+00:00","mainEntityOfPage":{"@id":"https:\/\/www.feuerwehr-halberstadt.de\/?p=17082"},"wordCount":305,"publisher":{"@id":"https:\/\/www.feuerwehr-halberstadt.de\/#organization"},"image":{"@id":"https:\/\/www.feuerwehr-halberstadt.de\/?p=17082#primaryimage"},"thumbnailUrl":"https:\/\/www.feuerwehr-halberstadt.de\/wp-content\/uploads\/2024\/03\/6_20240310_165751_0003.jpg","inLanguage":"de"},{"@type":"WebPage","@id":"https:\/\/www.feuerwehr-halberstadt.de\/?p=17082","url":"https:\/\/www.feuerwehr-halberstadt.de\/?p=17082","name":"Wochenbericht Freiwillige Feuerwehr - 18.08. - 24.08.2025 - Feuerwehr Halberstadt","isPartOf":{"@id":"https:\/\/www.feuerwehr-halberstadt.de\/#website"},"primaryImageOfPage":{"@id":"https:\/\/www.feuerwehr-halberstadt.de\/?p=17082#primaryimage"},"image":{"@id":"https:\/\/www.feuerwehr-halberstadt.de\/?p=17082#primaryimage"},"thumbnailUrl":"https:\/\/www.feuerwehr-halberstadt.de\/wp-content\/uploads\/2024\/03\/6_20240310_165751_0003.jpg","datePublished":"2025-08-25T05:52:05+00:00","dateModified":"2025-08-25T10:46:15+00:00","breadcrumb":{"@id":"https:\/\/www.feuerwehr-halberstadt.de\/?p=17082#breadcrumb"},"inLanguage":"de","potentialAction":[{"@type":"ReadAction","target":["https:\/\/www.feuerwehr-halberstadt.de\/?p=17082"]}]},{"@type":"ImageObject","inLanguage":"de","@id":"https:\/\/www.feuerwehr-halberstadt.de\/?p=17082#primaryimage","url":"https:\/\/www.feuerwehr-halberstadt.de\/wp-content\/uploads\/2024\/03\/6_20240310_165751_0003.jpg","contentUrl":"https:\/\/www.feuerwehr-halberstadt.de\/wp-content\/uploads\/2024\/03\/6_20240310_165751_0003.jpg","width":1920,"height":1080},{"@type":"BreadcrumbList","@id":"https:\/\/www.feuerwehr-halberstadt.de\/?p=17082#breadcrumb","itemListElement":[{"@type":"ListItem","position":1,"name":"Startseite","item":"https:\/\/www.feuerwehr-halberstadt.de\/"},{"@type":"ListItem","position":2,"name":"Wochenbericht Freiwillige Feuerwehr &#8211; 18.08. &#8211; 24.08.2025"}]},{"@type":"WebSite","@id":"https:\/\/www.feuerwehr-halberstadt.de\/#website","url":"https:\/\/www.feuerwehr-halberstadt.de\/","name":"Feuerwehr Halberstadt","description":"#imEinsatzf\u00fcrHalberstadt","publisher":{"@id":"https:\/\/www.feuerwehr-halberstadt.de\/#organization"},"potentialAction":[{"@type":"SearchAction","target":{"@type":"EntryPoint","urlTemplate":"https:\/\/www.feuerwehr-halberstadt.de\/?s={search_term_string}"},"query-input":{"@type":"PropertyValueSpecification","valueRequired":true,"valueName":"search_term_string"}}],"inLanguage":"de"},{"@type":"Organization","@id":"https:\/\/www.feuerwehr-halberstadt.de\/#organization","name":"Feuerwehr Halberstadt","url":"https:\/\/www.feuerwehr-halberstadt.de\/","logo":{"@type":"ImageObject","inLanguage":"de","@id":"https:\/\/www.feuerwehr-halberstadt.de\/#\/schema\/logo\/image\/","url":"https:\/\/www.feuerwehr-halberstadt.de\/wp-content\/uploads\/2023\/10\/IMG_0126.png","contentUrl":"https:\/\/www.feuerwehr-halberstadt.de\/wp-content\/uploads\/2023\/10\/IMG_0126.png","width":1500,"height":399,"caption":"Feuerwehr Halberstadt"},"image":{"@id":"https:\/\/www.feuerwehr-halberstadt.de\/#\/schema\/logo\/image\/"},"sameAs":["https:\/\/www.facebook.com\/FeuerwehrHalberstadt\/"]},{"@type":"Person","@id":"https:\/\/www.feuerwehr-halberstadt.de\/#\/schema\/person\/3025e717504caccf9120c148aa5dafc9","name":"K\u00fchne, Ren\u00e9","image":{"@type":"ImageObject","inLanguage":"de","@id":"https:\/\/secure.gravatar.com\/avatar\/55eea2ec92cf331c72f122107a136da45b190ce89b28770aafc2f0a0788d2fd4?s=96&d=mm&r=g","url":"https:\/\/secure.gravatar.com\/avatar\/55eea2ec92cf331c72f122107a136da45b190ce89b28770aafc2f0a0788d2fd4?s=96&d=mm&r=g","contentUrl":"https:\/\/secure.gravatar.com\/avatar\/55eea2ec92cf331c72f122107a136da45b190ce89b28770aafc2f0a0788d2fd4?s=96&d=mm&r=g","caption":"K\u00fchne, Ren\u00e9"},"url":"https:\/\/www.feuerwehr-halberstadt.de\/?author=8"}]}},"_links":{"self":[{"href":"https:\/\/www.feuerwehr-halberstadt.de\/index.php?rest_route=\/wp\/v2\/posts\/17082","targetHints":{"allow":["GET"]}}],"collection":[{"href":"https:\/\/www.feuerwehr-halberstadt.de\/index.php?rest_route=\/wp\/v2\/posts"}],"about":[{"href":"https:\/\/www.feuerwehr-halberstadt.de\/index.php?rest_route=\/wp\/v2\/types\/post"}],"author":[{"embeddable":true,"href":"https:\/\/www.feuerwehr-halberstadt.de\/index.php?rest_route=\/wp\/v2\/users\/8"}],"replies":[{"embeddable":true,"href":"https:\/\/www.feuerwehr-halberstadt.de\/index.php?rest_route=%2Fwp%2Fv2%2Fcomments&post=17082"}],"version-history":[{"count":5,"href":"https:\/\/www.feuerwehr-halberstadt.de\/index.php?rest_route=\/wp\/v2\/posts\/17082\/revisions"}],"predecessor-version":[{"id":17135,"href":"https:\/\/www.feuerwehr-halberstadt.de\/index.php?rest_route=\/wp\/v2\/posts\/17082\/revisions\/17135"}],"wp:featuredmedia":[{"embeddable":true,"href":"https:\/\/www.feuerwehr-halberstadt.de\/index.php?rest_route=\/wp\/v2\/media\/14810"}],"wp:attachment":[{"href":"https:\/\/www.feuerwehr-halberstadt.de\/index.php?rest_route=%2Fwp%2Fv2%2Fmedia&parent=17082"}],"wp:term":[{"taxonomy":"category","embeddable":true,"href":"https:\/\/www.feuerwehr-halberstadt.de\/index.php?rest_route=%2Fwp%2Fv2%2Fcategories&post=17082"},{"taxonomy":"post_tag","embeddable":true,"href":"https:\/\/www.feuerwehr-halberstadt.de\/index.php?rest_route=%2Fwp%2Fv2%2Ftags&post=17082"}],"curies":[{"name":"wp","href":"https:\/\/api.w.org\/{rel}","templated":true}]}}