{"id":17041,"date":"2025-07-28T06:40:20","date_gmt":"2025-07-28T04:40:20","guid":{"rendered":"https:\/\/www.feuerwehr-halberstadt.de\/?p=17041"},"modified":"2025-07-28T06:40:22","modified_gmt":"2025-07-28T04:40:22","slug":"wochenbericht-freiwillige-feuerwehr-21-07-27-07-2025","status":"publish","type":"post","link":"https:\/\/www.feuerwehr-halberstadt.de\/?p=17041","title":{"rendered":"Wochenbericht Freiwillige Feuerwehr &#8211; 21.07. &#8211; 27.07.2025"},"content":{"rendered":"\n<p><strong>22.07.2025 <\/strong>\u2013 08:17 Uhr<br><strong>GSG gro\u00df \u2013 Hoppenstedter Stra\u00dfe &#8211; Osterwieck <\/strong>\u2013 Einsatz 114\/2025<br><em>Alarmierte Kr\u00e4fte: Fachdienst CBRN<\/em><br><strong>Kurzinfo:<\/strong> https:\/\/www.tagesschau.de\/inland\/regional\/sachsenanhalt\/arsen-austritt-harz-100.html<\/p>\n\n\n\n<figure class=\"wp-block-gallery has-nested-images columns-3 is-cropped wp-block-gallery-1 is-layout-flex wp-block-gallery-is-layout-flex\">\n<figure class=\"wp-block-image size-large\"><img loading=\"lazy\" decoding=\"async\" width=\"1024\" height=\"768\" data-id=\"17047\" src=\"https:\/\/www.feuerwehr-halberstadt.de\/wp-content\/uploads\/2025\/07\/9171abc1-055b-470e-a6ea-4c8b295ab77e-1024x768.jpeg\" alt=\"\" class=\"wp-image-17047\" srcset=\"https:\/\/www.feuerwehr-halberstadt.de\/wp-content\/uploads\/2025\/07\/9171abc1-055b-470e-a6ea-4c8b295ab77e-1024x768.jpeg 1024w, https:\/\/www.feuerwehr-halberstadt.de\/wp-content\/uploads\/2025\/07\/9171abc1-055b-470e-a6ea-4c8b295ab77e-300x225.jpeg 300w, https:\/\/www.feuerwehr-halberstadt.de\/wp-content\/uploads\/2025\/07\/9171abc1-055b-470e-a6ea-4c8b295ab77e-768x576.jpeg 768w, https:\/\/www.feuerwehr-halberstadt.de\/wp-content\/uploads\/2025\/07\/9171abc1-055b-470e-a6ea-4c8b295ab77e-1536x1152.jpeg 1536w, https:\/\/www.feuerwehr-halberstadt.de\/wp-content\/uploads\/2025\/07\/9171abc1-055b-470e-a6ea-4c8b295ab77e.jpeg 2000w\" sizes=\"auto, (max-width: 1024px) 100vw, 1024px\" \/><figcaption class=\"wp-element-caption\">Einsatz 114\/2025<\/figcaption><\/figure>\n\n\n\n<figure class=\"wp-block-image size-large\"><img loading=\"lazy\" decoding=\"async\" width=\"600\" height=\"450\" data-id=\"17046\" src=\"https:\/\/www.feuerwehr-halberstadt.de\/wp-content\/uploads\/2025\/07\/IMG_1583.jpeg\" alt=\"\" class=\"wp-image-17046\" srcset=\"https:\/\/www.feuerwehr-halberstadt.de\/wp-content\/uploads\/2025\/07\/IMG_1583.jpeg 600w, https:\/\/www.feuerwehr-halberstadt.de\/wp-content\/uploads\/2025\/07\/IMG_1583-300x225.jpeg 300w\" sizes=\"auto, (max-width: 600px) 100vw, 600px\" \/><figcaption class=\"wp-element-caption\">Einsatz 114\/2025<\/figcaption><\/figure>\n\n\n\n<figure class=\"wp-block-image size-large\"><img loading=\"lazy\" decoding=\"async\" width=\"1024\" height=\"768\" data-id=\"17045\" src=\"https:\/\/www.feuerwehr-halberstadt.de\/wp-content\/uploads\/2025\/07\/a2d4bcc5-5dae-48b4-8778-cfba3e213be9-1024x768.jpeg\" alt=\"\" class=\"wp-image-17045\" srcset=\"https:\/\/www.feuerwehr-halberstadt.de\/wp-content\/uploads\/2025\/07\/a2d4bcc5-5dae-48b4-8778-cfba3e213be9-1024x768.jpeg 1024w, https:\/\/www.feuerwehr-halberstadt.de\/wp-content\/uploads\/2025\/07\/a2d4bcc5-5dae-48b4-8778-cfba3e213be9-300x225.jpeg 300w, https:\/\/www.feuerwehr-halberstadt.de\/wp-content\/uploads\/2025\/07\/a2d4bcc5-5dae-48b4-8778-cfba3e213be9-768x576.jpeg 768w, https:\/\/www.feuerwehr-halberstadt.de\/wp-content\/uploads\/2025\/07\/a2d4bcc5-5dae-48b4-8778-cfba3e213be9-1536x1152.jpeg 1536w, https:\/\/www.feuerwehr-halberstadt.de\/wp-content\/uploads\/2025\/07\/a2d4bcc5-5dae-48b4-8778-cfba3e213be9.jpeg 2000w\" sizes=\"auto, (max-width: 1024px) 100vw, 1024px\" \/><figcaption class=\"wp-element-caption\">Einsatz 114\/2025<\/figcaption><\/figure>\n<\/figure>\n\n\n\n<p><strong>22.07.2025 <\/strong>\u2013 16:09 Uhr<br><strong>PNoT\u00fcr \u2013 Sargstedter Weg &#8211; Halberstadt <\/strong>\u2013 Einsatz 115\/2025<br><em>Alarmierte Kr\u00e4fte: FF Halberstadt<\/em>,<em> Rettungsdienst, Polizei<\/em><br><strong>Kurzinfo:<\/strong> Da sich die Hauptberufliche Wachbereitschaft mit Teilen der Ortsfeuerwehr in Osterwieck befand, wurde durch weitere Kr\u00e4fte eine T\u00fcr\u00f6ffnung im Sargstedter Weg abgearbeitet. Die in der Wohnung befindliche Person wurde an den Rettungsdienst \u00fcbergeben.<\/p>\n\n\n\n<p><strong>22.07.2025 <\/strong>\u2013 18:55 Uhr<br><strong>TH1 \u2013 In den Langen St\u00fccken &#8211; Halberstadt <\/strong>\u2013 Einsatz 116\/2025<br><em>Alarmierte Kr\u00e4fte: FF Halberstadt, Polizei<\/em>, <em>TopCar<\/em><br><strong>Kurzinfo:<\/strong> Vor Ort kam es zu einem Dieselaustritt aus einem PKW. Betroffene Bereiche wurden abgestreut und die Einsatzstelle an TopCar \u00fcbergeben.<\/p>\n\n\n\n<p><strong>22.07.2025 <\/strong>\u2013 21:00 Uhr<br><strong>BMA \u2013 ZAST &#8211; Friedrich-List-Stra\u00dfe &#8211; Halberstadt <\/strong>\u2013 Einsatz 117\/2025<br><em>Alarmierte Kr\u00e4fte: Einsatzleitdienst, Hauptberufliche Wachbereitschaft, FF Halberstadt, Rettungsdienst<\/em><br><strong>Kurzinfo:<\/strong> Die Brandmeldeanlage wurde durch K\u00fcchend\u00fcnste ausgel\u00f6st. Der Einsatz konnte wenig sp\u00e4ter beendet werden.<\/p>\n\n\n\n<p><strong>27.07.2025 <\/strong>\u2013 15:07 Uhr<br><strong>BMA \u2013 ZAST &#8211; Friedrich-List-Stra\u00dfe &#8211; Halberstadt <\/strong>\u2013 Einsatz 118\/2025<br><em>Alarmierte Kr\u00e4fte: Einsatzleitdienst, Hauptberufliche Wachbereitschaft, FF Halberstadt, Rettungsdienst<\/em><br><strong>Kurzinfo:<\/strong> Bei der Erkundung konnte kein Ausl\u00f6segrund festgestellt werden. Der Einsatz wurde beendet.<\/p>\n","protected":false},"excerpt":{"rendered":"<p>22.07.2025 \u2013 08:17 UhrGSG gro\u00df \u2013 Hoppenstedter Stra\u00dfe &#8211; Osterwieck \u2013 Einsatz 114\/2025Alarmierte Kr\u00e4fte: Fachdienst CBRNKurzinfo: https:\/\/www.tagesschau.de\/inland\/regional\/sachsenanhalt\/arsen-austritt-harz-100.html 22.07.2025 \u2013 16:09 UhrPNoT\u00fcr \u2013 Sargstedter Weg &#8211; Halberstadt \u2013 Einsatz 115\/2025Alarmierte Kr\u00e4fte: FF Halberstadt, Rettungsdienst, PolizeiKurzinfo: Da sich die Hauptberufliche Wachbereitschaft mit Teilen der Ortsfeuerwehr in Osterwieck befand, wurde durch weitere Kr\u00e4fte eine T\u00fcr\u00f6ffnung im Sargstedter Weg [&hellip;]<\/p>\n","protected":false},"author":3,"featured_media":14812,"comment_status":"closed","ping_status":"closed","sticky":false,"template":"","format":"standard","meta":{"_acf_changed":false,"footnotes":""},"categories":[9],"tags":[],"class_list":["post-17041","post","type-post","status-publish","format-standard","has-post-thumbnail","hentry","category-allgemein"],"acf":[],"yoast_head":"<!-- This site is optimized with the Yoast SEO plugin v27.5 - https:\/\/yoast.com\/product\/yoast-seo-wordpress\/ -->\n<title>Wochenbericht Freiwillige Feuerwehr - 21.07. - 27.07.2025 - Feuerwehr Halberstadt<\/title>\n<meta name=\"robots\" content=\"index, follow, max-snippet:-1, max-image-preview:large, max-video-preview:-1\" \/>\n<link rel=\"canonical\" href=\"https:\/\/www.feuerwehr-halberstadt.de\/?p=17041\" \/>\n<meta property=\"og:locale\" content=\"de_DE\" \/>\n<meta property=\"og:type\" content=\"article\" \/>\n<meta property=\"og:title\" content=\"Wochenbericht Freiwillige Feuerwehr - 21.07. - 27.07.2025 - Feuerwehr Halberstadt\" \/>\n<meta property=\"og:description\" content=\"22.07.2025 \u2013 08:17 UhrGSG gro\u00df \u2013 Hoppenstedter Stra\u00dfe &#8211; Osterwieck \u2013 Einsatz 114\/2025Alarmierte Kr\u00e4fte: Fachdienst CBRNKurzinfo: https:\/\/www.tagesschau.de\/inland\/regional\/sachsenanhalt\/arsen-austritt-harz-100.html 22.07.2025 \u2013 16:09 UhrPNoT\u00fcr \u2013 Sargstedter Weg &#8211; Halberstadt \u2013 Einsatz 115\/2025Alarmierte Kr\u00e4fte: FF Halberstadt, Rettungsdienst, PolizeiKurzinfo: Da sich die Hauptberufliche Wachbereitschaft mit Teilen der Ortsfeuerwehr in Osterwieck befand, wurde durch weitere Kr\u00e4fte eine T\u00fcr\u00f6ffnung im Sargstedter Weg [&hellip;]\" \/>\n<meta property=\"og:url\" content=\"https:\/\/www.feuerwehr-halberstadt.de\/?p=17041\" \/>\n<meta property=\"og:site_name\" content=\"Feuerwehr Halberstadt\" \/>\n<meta property=\"article:publisher\" content=\"https:\/\/www.facebook.com\/FeuerwehrHalberstadt\/\" \/>\n<meta property=\"article:published_time\" content=\"2025-07-28T04:40:20+00:00\" \/>\n<meta property=\"article:modified_time\" content=\"2025-07-28T04:40:22+00:00\" \/>\n<meta property=\"og:image\" content=\"https:\/\/www.feuerwehr-halberstadt.de\/wp-content\/uploads\/2024\/03\/8_20240310_165751_0005.jpg\" \/>\n\t<meta property=\"og:image:width\" content=\"1920\" \/>\n\t<meta property=\"og:image:height\" content=\"1080\" \/>\n\t<meta property=\"og:image:type\" content=\"image\/jpeg\" \/>\n<meta name=\"author\" content=\"Buchold, Chris\" \/>\n<meta name=\"twitter:card\" content=\"summary_large_image\" \/>\n<meta name=\"twitter:label1\" content=\"Verfasst von\" \/>\n\t<meta name=\"twitter:data1\" content=\"Buchold, Chris\" \/>\n\t<meta name=\"twitter:label2\" content=\"Gesch\u00e4tzte Lesezeit\" \/>\n\t<meta name=\"twitter:data2\" content=\"1\u00a0Minute\" \/>\n<script type=\"application\/ld+json\" class=\"yoast-schema-graph\">{\"@context\":\"https:\\\/\\\/schema.org\",\"@graph\":[{\"@type\":\"Article\",\"@id\":\"https:\\\/\\\/www.feuerwehr-halberstadt.de\\\/?p=17041#article\",\"isPartOf\":{\"@id\":\"https:\\\/\\\/www.feuerwehr-halberstadt.de\\\/?p=17041\"},\"author\":{\"name\":\"Buchold, Chris\",\"@id\":\"https:\\\/\\\/www.feuerwehr-halberstadt.de\\\/#\\\/schema\\\/person\\\/55ce5d9b46008e58cd3d55d4116ec727\"},\"headline\":\"Wochenbericht Freiwillige Feuerwehr &#8211; 21.07. &#8211; 27.07.2025\",\"datePublished\":\"2025-07-28T04:40:20+00:00\",\"dateModified\":\"2025-07-28T04:40:22+00:00\",\"mainEntityOfPage\":{\"@id\":\"https:\\\/\\\/www.feuerwehr-halberstadt.de\\\/?p=17041\"},\"wordCount\":190,\"publisher\":{\"@id\":\"https:\\\/\\\/www.feuerwehr-halberstadt.de\\\/#organization\"},\"image\":{\"@id\":\"https:\\\/\\\/www.feuerwehr-halberstadt.de\\\/?p=17041#primaryimage\"},\"thumbnailUrl\":\"https:\\\/\\\/www.feuerwehr-halberstadt.de\\\/wp-content\\\/uploads\\\/2024\\\/03\\\/8_20240310_165751_0005.jpg\",\"inLanguage\":\"de\"},{\"@type\":\"WebPage\",\"@id\":\"https:\\\/\\\/www.feuerwehr-halberstadt.de\\\/?p=17041\",\"url\":\"https:\\\/\\\/www.feuerwehr-halberstadt.de\\\/?p=17041\",\"name\":\"Wochenbericht Freiwillige Feuerwehr - 21.07. - 27.07.2025 - Feuerwehr Halberstadt\",\"isPartOf\":{\"@id\":\"https:\\\/\\\/www.feuerwehr-halberstadt.de\\\/#website\"},\"primaryImageOfPage\":{\"@id\":\"https:\\\/\\\/www.feuerwehr-halberstadt.de\\\/?p=17041#primaryimage\"},\"image\":{\"@id\":\"https:\\\/\\\/www.feuerwehr-halberstadt.de\\\/?p=17041#primaryimage\"},\"thumbnailUrl\":\"https:\\\/\\\/www.feuerwehr-halberstadt.de\\\/wp-content\\\/uploads\\\/2024\\\/03\\\/8_20240310_165751_0005.jpg\",\"datePublished\":\"2025-07-28T04:40:20+00:00\",\"dateModified\":\"2025-07-28T04:40:22+00:00\",\"breadcrumb\":{\"@id\":\"https:\\\/\\\/www.feuerwehr-halberstadt.de\\\/?p=17041#breadcrumb\"},\"inLanguage\":\"de\",\"potentialAction\":[{\"@type\":\"ReadAction\",\"target\":[\"https:\\\/\\\/www.feuerwehr-halberstadt.de\\\/?p=17041\"]}]},{\"@type\":\"ImageObject\",\"inLanguage\":\"de\",\"@id\":\"https:\\\/\\\/www.feuerwehr-halberstadt.de\\\/?p=17041#primaryimage\",\"url\":\"https:\\\/\\\/www.feuerwehr-halberstadt.de\\\/wp-content\\\/uploads\\\/2024\\\/03\\\/8_20240310_165751_0005.jpg\",\"contentUrl\":\"https:\\\/\\\/www.feuerwehr-halberstadt.de\\\/wp-content\\\/uploads\\\/2024\\\/03\\\/8_20240310_165751_0005.jpg\",\"width\":1920,\"height\":1080},{\"@type\":\"BreadcrumbList\",\"@id\":\"https:\\\/\\\/www.feuerwehr-halberstadt.de\\\/?p=17041#breadcrumb\",\"itemListElement\":[{\"@type\":\"ListItem\",\"position\":1,\"name\":\"Startseite\",\"item\":\"https:\\\/\\\/www.feuerwehr-halberstadt.de\\\/\"},{\"@type\":\"ListItem\",\"position\":2,\"name\":\"Wochenbericht Freiwillige Feuerwehr &#8211; 21.07. &#8211; 27.07.2025\"}]},{\"@type\":\"WebSite\",\"@id\":\"https:\\\/\\\/www.feuerwehr-halberstadt.de\\\/#website\",\"url\":\"https:\\\/\\\/www.feuerwehr-halberstadt.de\\\/\",\"name\":\"Feuerwehr Halberstadt\",\"description\":\"#imEinsatzf\u00fcrHalberstadt\",\"publisher\":{\"@id\":\"https:\\\/\\\/www.feuerwehr-halberstadt.de\\\/#organization\"},\"potentialAction\":[{\"@type\":\"SearchAction\",\"target\":{\"@type\":\"EntryPoint\",\"urlTemplate\":\"https:\\\/\\\/www.feuerwehr-halberstadt.de\\\/?s={search_term_string}\"},\"query-input\":{\"@type\":\"PropertyValueSpecification\",\"valueRequired\":true,\"valueName\":\"search_term_string\"}}],\"inLanguage\":\"de\"},{\"@type\":\"Organization\",\"@id\":\"https:\\\/\\\/www.feuerwehr-halberstadt.de\\\/#organization\",\"name\":\"Feuerwehr Halberstadt\",\"url\":\"https:\\\/\\\/www.feuerwehr-halberstadt.de\\\/\",\"logo\":{\"@type\":\"ImageObject\",\"inLanguage\":\"de\",\"@id\":\"https:\\\/\\\/www.feuerwehr-halberstadt.de\\\/#\\\/schema\\\/logo\\\/image\\\/\",\"url\":\"https:\\\/\\\/www.feuerwehr-halberstadt.de\\\/wp-content\\\/uploads\\\/2023\\\/10\\\/IMG_0126.png\",\"contentUrl\":\"https:\\\/\\\/www.feuerwehr-halberstadt.de\\\/wp-content\\\/uploads\\\/2023\\\/10\\\/IMG_0126.png\",\"width\":1500,\"height\":399,\"caption\":\"Feuerwehr Halberstadt\"},\"image\":{\"@id\":\"https:\\\/\\\/www.feuerwehr-halberstadt.de\\\/#\\\/schema\\\/logo\\\/image\\\/\"},\"sameAs\":[\"https:\\\/\\\/www.facebook.com\\\/FeuerwehrHalberstadt\\\/\"]},{\"@type\":\"Person\",\"@id\":\"https:\\\/\\\/www.feuerwehr-halberstadt.de\\\/#\\\/schema\\\/person\\\/55ce5d9b46008e58cd3d55d4116ec727\",\"name\":\"Buchold, Chris\",\"image\":{\"@type\":\"ImageObject\",\"inLanguage\":\"de\",\"@id\":\"https:\\\/\\\/secure.gravatar.com\\\/avatar\\\/bff08a084f0390bf8a93fc28c488452766ba521109cec244ac64210fdd500a49?s=96&d=mm&r=g\",\"url\":\"https:\\\/\\\/secure.gravatar.com\\\/avatar\\\/bff08a084f0390bf8a93fc28c488452766ba521109cec244ac64210fdd500a49?s=96&d=mm&r=g\",\"contentUrl\":\"https:\\\/\\\/secure.gravatar.com\\\/avatar\\\/bff08a084f0390bf8a93fc28c488452766ba521109cec244ac64210fdd500a49?s=96&d=mm&r=g\",\"caption\":\"Buchold, Chris\"},\"url\":\"https:\\\/\\\/www.feuerwehr-halberstadt.de\\\/?author=3\"}]}<\/script>\n<!-- \/ Yoast SEO plugin. -->","yoast_head_json":{"title":"Wochenbericht Freiwillige Feuerwehr - 21.07. - 27.07.2025 - Feuerwehr Halberstadt","robots":{"index":"index","follow":"follow","max-snippet":"max-snippet:-1","max-image-preview":"max-image-preview:large","max-video-preview":"max-video-preview:-1"},"canonical":"https:\/\/www.feuerwehr-halberstadt.de\/?p=17041","og_locale":"de_DE","og_type":"article","og_title":"Wochenbericht Freiwillige Feuerwehr - 21.07. - 27.07.2025 - Feuerwehr Halberstadt","og_description":"22.07.2025 \u2013 08:17 UhrGSG gro\u00df \u2013 Hoppenstedter Stra\u00dfe &#8211; Osterwieck \u2013 Einsatz 114\/2025Alarmierte Kr\u00e4fte: Fachdienst CBRNKurzinfo: https:\/\/www.tagesschau.de\/inland\/regional\/sachsenanhalt\/arsen-austritt-harz-100.html 22.07.2025 \u2013 16:09 UhrPNoT\u00fcr \u2013 Sargstedter Weg &#8211; Halberstadt \u2013 Einsatz 115\/2025Alarmierte Kr\u00e4fte: FF Halberstadt, Rettungsdienst, PolizeiKurzinfo: Da sich die Hauptberufliche Wachbereitschaft mit Teilen der Ortsfeuerwehr in Osterwieck befand, wurde durch weitere Kr\u00e4fte eine T\u00fcr\u00f6ffnung im Sargstedter Weg [&hellip;]","og_url":"https:\/\/www.feuerwehr-halberstadt.de\/?p=17041","og_site_name":"Feuerwehr Halberstadt","article_publisher":"https:\/\/www.facebook.com\/FeuerwehrHalberstadt\/","article_published_time":"2025-07-28T04:40:20+00:00","article_modified_time":"2025-07-28T04:40:22+00:00","og_image":[{"width":1920,"height":1080,"url":"https:\/\/www.feuerwehr-halberstadt.de\/wp-content\/uploads\/2024\/03\/8_20240310_165751_0005.jpg","type":"image\/jpeg"}],"author":"Buchold, Chris","twitter_card":"summary_large_image","twitter_misc":{"Verfasst von":"Buchold, Chris","Gesch\u00e4tzte Lesezeit":"1\u00a0Minute"},"schema":{"@context":"https:\/\/schema.org","@graph":[{"@type":"Article","@id":"https:\/\/www.feuerwehr-halberstadt.de\/?p=17041#article","isPartOf":{"@id":"https:\/\/www.feuerwehr-halberstadt.de\/?p=17041"},"author":{"name":"Buchold, Chris","@id":"https:\/\/www.feuerwehr-halberstadt.de\/#\/schema\/person\/55ce5d9b46008e58cd3d55d4116ec727"},"headline":"Wochenbericht Freiwillige Feuerwehr &#8211; 21.07. &#8211; 27.07.2025","datePublished":"2025-07-28T04:40:20+00:00","dateModified":"2025-07-28T04:40:22+00:00","mainEntityOfPage":{"@id":"https:\/\/www.feuerwehr-halberstadt.de\/?p=17041"},"wordCount":190,"publisher":{"@id":"https:\/\/www.feuerwehr-halberstadt.de\/#organization"},"image":{"@id":"https:\/\/www.feuerwehr-halberstadt.de\/?p=17041#primaryimage"},"thumbnailUrl":"https:\/\/www.feuerwehr-halberstadt.de\/wp-content\/uploads\/2024\/03\/8_20240310_165751_0005.jpg","inLanguage":"de"},{"@type":"WebPage","@id":"https:\/\/www.feuerwehr-halberstadt.de\/?p=17041","url":"https:\/\/www.feuerwehr-halberstadt.de\/?p=17041","name":"Wochenbericht Freiwillige Feuerwehr - 21.07. - 27.07.2025 - Feuerwehr Halberstadt","isPartOf":{"@id":"https:\/\/www.feuerwehr-halberstadt.de\/#website"},"primaryImageOfPage":{"@id":"https:\/\/www.feuerwehr-halberstadt.de\/?p=17041#primaryimage"},"image":{"@id":"https:\/\/www.feuerwehr-halberstadt.de\/?p=17041#primaryimage"},"thumbnailUrl":"https:\/\/www.feuerwehr-halberstadt.de\/wp-content\/uploads\/2024\/03\/8_20240310_165751_0005.jpg","datePublished":"2025-07-28T04:40:20+00:00","dateModified":"2025-07-28T04:40:22+00:00","breadcrumb":{"@id":"https:\/\/www.feuerwehr-halberstadt.de\/?p=17041#breadcrumb"},"inLanguage":"de","potentialAction":[{"@type":"ReadAction","target":["https:\/\/www.feuerwehr-halberstadt.de\/?p=17041"]}]},{"@type":"ImageObject","inLanguage":"de","@id":"https:\/\/www.feuerwehr-halberstadt.de\/?p=17041#primaryimage","url":"https:\/\/www.feuerwehr-halberstadt.de\/wp-content\/uploads\/2024\/03\/8_20240310_165751_0005.jpg","contentUrl":"https:\/\/www.feuerwehr-halberstadt.de\/wp-content\/uploads\/2024\/03\/8_20240310_165751_0005.jpg","width":1920,"height":1080},{"@type":"BreadcrumbList","@id":"https:\/\/www.feuerwehr-halberstadt.de\/?p=17041#breadcrumb","itemListElement":[{"@type":"ListItem","position":1,"name":"Startseite","item":"https:\/\/www.feuerwehr-halberstadt.de\/"},{"@type":"ListItem","position":2,"name":"Wochenbericht Freiwillige Feuerwehr &#8211; 21.07. &#8211; 27.07.2025"}]},{"@type":"WebSite","@id":"https:\/\/www.feuerwehr-halberstadt.de\/#website","url":"https:\/\/www.feuerwehr-halberstadt.de\/","name":"Feuerwehr Halberstadt","description":"#imEinsatzf\u00fcrHalberstadt","publisher":{"@id":"https:\/\/www.feuerwehr-halberstadt.de\/#organization"},"potentialAction":[{"@type":"SearchAction","target":{"@type":"EntryPoint","urlTemplate":"https:\/\/www.feuerwehr-halberstadt.de\/?s={search_term_string}"},"query-input":{"@type":"PropertyValueSpecification","valueRequired":true,"valueName":"search_term_string"}}],"inLanguage":"de"},{"@type":"Organization","@id":"https:\/\/www.feuerwehr-halberstadt.de\/#organization","name":"Feuerwehr Halberstadt","url":"https:\/\/www.feuerwehr-halberstadt.de\/","logo":{"@type":"ImageObject","inLanguage":"de","@id":"https:\/\/www.feuerwehr-halberstadt.de\/#\/schema\/logo\/image\/","url":"https:\/\/www.feuerwehr-halberstadt.de\/wp-content\/uploads\/2023\/10\/IMG_0126.png","contentUrl":"https:\/\/www.feuerwehr-halberstadt.de\/wp-content\/uploads\/2023\/10\/IMG_0126.png","width":1500,"height":399,"caption":"Feuerwehr Halberstadt"},"image":{"@id":"https:\/\/www.feuerwehr-halberstadt.de\/#\/schema\/logo\/image\/"},"sameAs":["https:\/\/www.facebook.com\/FeuerwehrHalberstadt\/"]},{"@type":"Person","@id":"https:\/\/www.feuerwehr-halberstadt.de\/#\/schema\/person\/55ce5d9b46008e58cd3d55d4116ec727","name":"Buchold, Chris","image":{"@type":"ImageObject","inLanguage":"de","@id":"https:\/\/secure.gravatar.com\/avatar\/bff08a084f0390bf8a93fc28c488452766ba521109cec244ac64210fdd500a49?s=96&d=mm&r=g","url":"https:\/\/secure.gravatar.com\/avatar\/bff08a084f0390bf8a93fc28c488452766ba521109cec244ac64210fdd500a49?s=96&d=mm&r=g","contentUrl":"https:\/\/secure.gravatar.com\/avatar\/bff08a084f0390bf8a93fc28c488452766ba521109cec244ac64210fdd500a49?s=96&d=mm&r=g","caption":"Buchold, Chris"},"url":"https:\/\/www.feuerwehr-halberstadt.de\/?author=3"}]}},"_links":{"self":[{"href":"https:\/\/www.feuerwehr-halberstadt.de\/index.php?rest_route=\/wp\/v2\/posts\/17041","targetHints":{"allow":["GET"]}}],"collection":[{"href":"https:\/\/www.feuerwehr-halberstadt.de\/index.php?rest_route=\/wp\/v2\/posts"}],"about":[{"href":"https:\/\/www.feuerwehr-halberstadt.de\/index.php?rest_route=\/wp\/v2\/types\/post"}],"author":[{"embeddable":true,"href":"https:\/\/www.feuerwehr-halberstadt.de\/index.php?rest_route=\/wp\/v2\/users\/3"}],"replies":[{"embeddable":true,"href":"https:\/\/www.feuerwehr-halberstadt.de\/index.php?rest_route=%2Fwp%2Fv2%2Fcomments&post=17041"}],"version-history":[{"count":3,"href":"https:\/\/www.feuerwehr-halberstadt.de\/index.php?rest_route=\/wp\/v2\/posts\/17041\/revisions"}],"predecessor-version":[{"id":17048,"href":"https:\/\/www.feuerwehr-halberstadt.de\/index.php?rest_route=\/wp\/v2\/posts\/17041\/revisions\/17048"}],"wp:featuredmedia":[{"embeddable":true,"href":"https:\/\/www.feuerwehr-halberstadt.de\/index.php?rest_route=\/wp\/v2\/media\/14812"}],"wp:attachment":[{"href":"https:\/\/www.feuerwehr-halberstadt.de\/index.php?rest_route=%2Fwp%2Fv2%2Fmedia&parent=17041"}],"wp:term":[{"taxonomy":"category","embeddable":true,"href":"https:\/\/www.feuerwehr-halberstadt.de\/index.php?rest_route=%2Fwp%2Fv2%2Fcategories&post=17041"},{"taxonomy":"post_tag","embeddable":true,"href":"https:\/\/www.feuerwehr-halberstadt.de\/index.php?rest_route=%2Fwp%2Fv2%2Ftags&post=17041"}],"curies":[{"name":"wp","href":"https:\/\/api.w.org\/{rel}","templated":true}]}}