{"id":17025,"date":"2025-07-25T23:13:56","date_gmt":"2025-07-25T21:13:56","guid":{"rendered":"https:\/\/www.feuerwehr-halberstadt.de\/?p=17025"},"modified":"2025-07-25T23:15:49","modified_gmt":"2025-07-25T21:15:49","slug":"neuer-geraetewagen-gefahrgut-uebergeben","status":"publish","type":"post","link":"https:\/\/www.feuerwehr-halberstadt.de\/?p=17025","title":{"rendered":"Neuer Ger\u00e4tewagen Gefahrgut \u00fcbergeben"},"content":{"rendered":"\n<p>In der Feuer- und Umweltwache Halberstadt konnten gestern einige G\u00e4ste zur feierlichen \u00dcbergabe eines neuen Ger\u00e4tewagen Gefahrgut (GW-G)&nbsp;durch den Fachbereichsleiter Bauen und Ordnung Jens Klaus&nbsp;begr\u00fc\u00dft werden. Dieses Fahrzeug wurde durch den Landkreis Harz, mit Hilfe von F\u00f6rdermitteln des Landes Sachsen-Anhalt&nbsp;in H\u00f6he von 300.000 \u20ac&nbsp;und im Rahmen einer zentralen Beschaffung, gekauft. Die Feuerwehr Halberstadt bekam durch Innenministerin Dr. Tamara Zieschang&nbsp;und Landrat Thomas Balcerowski&nbsp;das 800.000 Euro teure Fahrzeug \u00fcbergeben, da die Halberst\u00e4dter Kr\u00e4fte ein Teil des Fachdienst CBRN sind. Das&nbsp;36&nbsp;Jahre alte Vorg\u00e4ngerfahrzeug wird somit abgel\u00f6st.<\/p>\n\n\n\n<!--more-->\n\n\n\n<p>Innenministerin Dr. Tamara Zieschang betonte die Wichtigkeit der zentralen Beschaffung durch das Land Sachsen-Anhalt und bedankte sich gleichzeitig bei den Mitgliedern des Landtags f\u00fcr die Unterst\u00fctzung. Die Investition in moderne Technik und Ausr\u00fcstung der Feuerwehren ist wichtig, da es in Sachsen-Anhalt eine Vielzahl an Betrieben und Industrie gibt, bei denen Vorf\u00e4lle m\u00f6glich sind, auf die man vorbereitet sein muss.<\/p>\n\n\n\n<p>Kreisbrandmeister Kai-Uwe Lohse betonte die Wichtigkeit der Stationierung dieses neuen Fahrzeugs in Halberstadt. \u201eFeuerwehrfahrzeuge machen viel Arbeit und ein Ger\u00e4tewagen Gefahrgut besonders viel. Deshalb ist es gut, dass sich in Halberstadt hauptberufliche Kr\u00e4fte um dieses Fahrzeug k\u00fcmmern und ihr Know-how mit einbringen\u201c so Lohse. Das alte Fahrzeug wurde ebenfalls durch die Hauptberufliche Wachbereitschaft gepflegt, gewartet und teilweise repariert, wof\u00fcr ebenfalls ein Dank ausgerichtet wurde.<\/p>\n\n\n\n<p>Einen R\u00fcckblick \u00fcber vergangene Gefahrgut-Eins\u00e4tze gab Fachdienstf\u00fchrer Dr. Alexander Beck. \u201eWei\u00dfes Pulver in Briefumschl\u00e4gen, Drogen Herstellung, S\u00e4ure- oder Chlorgasaustritte, radioaktives Material im Keller eines Mehrfamilienhauses \u2013 das sind alles Eins\u00e4tze, bei denen die Feuerwehr Halberstadt im Rahmen des Fachdienstes mit GW-G und CBRN-Erkunder unterst\u00fctzte. Vielen Dank daf\u00fcr\u201c so Beck.<\/p>\n\n\n\n<p>Die Feuerwehr Halberstadt bedankt sich beim Landkreis Harz, der Kreisbrandmeister-Organisation und dem Land Sachsen-Anhalt f\u00fcr diese hochwertige und moderne Technik!<\/p>\n\n\n\n<figure class=\"wp-block-gallery has-nested-images columns-default is-cropped wp-block-gallery-1 is-layout-flex wp-block-gallery-is-layout-flex\">\n<figure class=\"wp-block-image size-large\"><img loading=\"lazy\" decoding=\"async\" width=\"1024\" height=\"682\" data-id=\"17030\" src=\"https:\/\/www.feuerwehr-halberstadt.de\/wp-content\/uploads\/2025\/07\/IMG_1454-1024x682.jpeg\" alt=\"\" class=\"wp-image-17030\" srcset=\"https:\/\/www.feuerwehr-halberstadt.de\/wp-content\/uploads\/2025\/07\/IMG_1454-1024x682.jpeg 1024w, https:\/\/www.feuerwehr-halberstadt.de\/wp-content\/uploads\/2025\/07\/IMG_1454-300x200.jpeg 300w, https:\/\/www.feuerwehr-halberstadt.de\/wp-content\/uploads\/2025\/07\/IMG_1454-768x512.jpeg 768w, https:\/\/www.feuerwehr-halberstadt.de\/wp-content\/uploads\/2025\/07\/IMG_1454-1536x1023.jpeg 1536w, https:\/\/www.feuerwehr-halberstadt.de\/wp-content\/uploads\/2025\/07\/IMG_1454.jpeg 1600w\" sizes=\"auto, (max-width: 1024px) 100vw, 1024px\" \/><\/figure>\n\n\n\n<figure class=\"wp-block-image size-large\"><img loading=\"lazy\" decoding=\"async\" width=\"1024\" height=\"768\" data-id=\"17033\" src=\"https:\/\/www.feuerwehr-halberstadt.de\/wp-content\/uploads\/2025\/07\/IMG_1417-1024x768.jpeg\" alt=\"\" class=\"wp-image-17033\" srcset=\"https:\/\/www.feuerwehr-halberstadt.de\/wp-content\/uploads\/2025\/07\/IMG_1417-1024x768.jpeg 1024w, https:\/\/www.feuerwehr-halberstadt.de\/wp-content\/uploads\/2025\/07\/IMG_1417-300x225.jpeg 300w, https:\/\/www.feuerwehr-halberstadt.de\/wp-content\/uploads\/2025\/07\/IMG_1417-768x576.jpeg 768w, https:\/\/www.feuerwehr-halberstadt.de\/wp-content\/uploads\/2025\/07\/IMG_1417-1536x1152.jpeg 1536w, https:\/\/www.feuerwehr-halberstadt.de\/wp-content\/uploads\/2025\/07\/IMG_1417-2048x1536.jpeg 2048w\" sizes=\"auto, (max-width: 1024px) 100vw, 1024px\" \/><\/figure>\n\n\n\n<figure class=\"wp-block-image size-large\"><img loading=\"lazy\" decoding=\"async\" width=\"1024\" height=\"768\" data-id=\"17028\" src=\"https:\/\/www.feuerwehr-halberstadt.de\/wp-content\/uploads\/2025\/07\/IMG_1437-1-1024x768.jpeg\" alt=\"\" class=\"wp-image-17028\" srcset=\"https:\/\/www.feuerwehr-halberstadt.de\/wp-content\/uploads\/2025\/07\/IMG_1437-1-1024x768.jpeg 1024w, https:\/\/www.feuerwehr-halberstadt.de\/wp-content\/uploads\/2025\/07\/IMG_1437-1-300x225.jpeg 300w, https:\/\/www.feuerwehr-halberstadt.de\/wp-content\/uploads\/2025\/07\/IMG_1437-1-768x576.jpeg 768w, https:\/\/www.feuerwehr-halberstadt.de\/wp-content\/uploads\/2025\/07\/IMG_1437-1-1536x1152.jpeg 1536w, https:\/\/www.feuerwehr-halberstadt.de\/wp-content\/uploads\/2025\/07\/IMG_1437-1-2048x1536.jpeg 2048w\" sizes=\"auto, (max-width: 1024px) 100vw, 1024px\" \/><\/figure>\n\n\n\n<figure class=\"wp-block-image size-large\"><img loading=\"lazy\" decoding=\"async\" width=\"1024\" height=\"682\" data-id=\"17029\" src=\"https:\/\/www.feuerwehr-halberstadt.de\/wp-content\/uploads\/2025\/07\/IMG_1461-1024x682.jpeg\" alt=\"\" class=\"wp-image-17029\" srcset=\"https:\/\/www.feuerwehr-halberstadt.de\/wp-content\/uploads\/2025\/07\/IMG_1461-1024x682.jpeg 1024w, https:\/\/www.feuerwehr-halberstadt.de\/wp-content\/uploads\/2025\/07\/IMG_1461-300x200.jpeg 300w, https:\/\/www.feuerwehr-halberstadt.de\/wp-content\/uploads\/2025\/07\/IMG_1461-768x512.jpeg 768w, https:\/\/www.feuerwehr-halberstadt.de\/wp-content\/uploads\/2025\/07\/IMG_1461-1536x1023.jpeg 1536w, https:\/\/www.feuerwehr-halberstadt.de\/wp-content\/uploads\/2025\/07\/IMG_1461.jpeg 1600w\" sizes=\"auto, (max-width: 1024px) 100vw, 1024px\" \/><\/figure>\n\n\n\n<figure class=\"wp-block-image size-large\"><img loading=\"lazy\" decoding=\"async\" width=\"1024\" height=\"682\" data-id=\"17032\" src=\"https:\/\/www.feuerwehr-halberstadt.de\/wp-content\/uploads\/2025\/07\/IMG_1452-1024x682.jpeg\" alt=\"\" class=\"wp-image-17032\" srcset=\"https:\/\/www.feuerwehr-halberstadt.de\/wp-content\/uploads\/2025\/07\/IMG_1452-1024x682.jpeg 1024w, https:\/\/www.feuerwehr-halberstadt.de\/wp-content\/uploads\/2025\/07\/IMG_1452-300x200.jpeg 300w, https:\/\/www.feuerwehr-halberstadt.de\/wp-content\/uploads\/2025\/07\/IMG_1452-768x512.jpeg 768w, https:\/\/www.feuerwehr-halberstadt.de\/wp-content\/uploads\/2025\/07\/IMG_1452-1536x1023.jpeg 1536w, https:\/\/www.feuerwehr-halberstadt.de\/wp-content\/uploads\/2025\/07\/IMG_1452.jpeg 1600w\" sizes=\"auto, (max-width: 1024px) 100vw, 1024px\" \/><\/figure>\n\n\n\n<figure class=\"wp-block-image size-large\"><img loading=\"lazy\" decoding=\"async\" width=\"1024\" height=\"682\" data-id=\"17031\" src=\"https:\/\/www.feuerwehr-halberstadt.de\/wp-content\/uploads\/2025\/07\/IMG_1453-1024x682.jpeg\" alt=\"\" class=\"wp-image-17031\" srcset=\"https:\/\/www.feuerwehr-halberstadt.de\/wp-content\/uploads\/2025\/07\/IMG_1453-1024x682.jpeg 1024w, https:\/\/www.feuerwehr-halberstadt.de\/wp-content\/uploads\/2025\/07\/IMG_1453-300x200.jpeg 300w, https:\/\/www.feuerwehr-halberstadt.de\/wp-content\/uploads\/2025\/07\/IMG_1453-768x512.jpeg 768w, https:\/\/www.feuerwehr-halberstadt.de\/wp-content\/uploads\/2025\/07\/IMG_1453-1536x1023.jpeg 1536w, https:\/\/www.feuerwehr-halberstadt.de\/wp-content\/uploads\/2025\/07\/IMG_1453.jpeg 1600w\" sizes=\"auto, (max-width: 1024px) 100vw, 1024px\" \/><\/figure>\n<\/figure>\n","protected":false},"excerpt":{"rendered":"<p>In der Feuer- und Umweltwache Halberstadt konnten gestern einige G\u00e4ste zur feierlichen \u00dcbergabe eines neuen Ger\u00e4tewagen Gefahrgut (GW-G)&nbsp;durch den Fachbereichsleiter Bauen und Ordnung Jens Klaus&nbsp;begr\u00fc\u00dft werden. Dieses Fahrzeug wurde durch den Landkreis Harz, mit Hilfe von F\u00f6rdermitteln des Landes Sachsen-Anhalt&nbsp;in H\u00f6he von 300.000 \u20ac&nbsp;und im Rahmen einer zentralen Beschaffung, gekauft. Die Feuerwehr Halberstadt bekam durch [&hellip;]<\/p>\n","protected":false},"author":3,"featured_media":17037,"comment_status":"closed","ping_status":"closed","sticky":false,"template":"","format":"standard","meta":{"_acf_changed":false,"footnotes":""},"categories":[9],"tags":[],"class_list":["post-17025","post","type-post","status-publish","format-standard","has-post-thumbnail","hentry","category-allgemein"],"acf":[],"yoast_head":"<!-- This site is optimized with the Yoast SEO plugin v27.5 - https:\/\/yoast.com\/product\/yoast-seo-wordpress\/ -->\n<title>Neuer Ger\u00e4tewagen Gefahrgut \u00fcbergeben - Feuerwehr Halberstadt<\/title>\n<meta name=\"robots\" content=\"index, follow, max-snippet:-1, max-image-preview:large, max-video-preview:-1\" \/>\n<link rel=\"canonical\" href=\"https:\/\/www.feuerwehr-halberstadt.de\/?p=17025\" \/>\n<meta property=\"og:locale\" content=\"de_DE\" \/>\n<meta property=\"og:type\" content=\"article\" \/>\n<meta property=\"og:title\" content=\"Neuer Ger\u00e4tewagen Gefahrgut \u00fcbergeben - Feuerwehr Halberstadt\" \/>\n<meta property=\"og:description\" content=\"In der Feuer- und Umweltwache Halberstadt konnten gestern einige G\u00e4ste zur feierlichen \u00dcbergabe eines neuen Ger\u00e4tewagen Gefahrgut (GW-G)&nbsp;durch den Fachbereichsleiter Bauen und Ordnung Jens Klaus&nbsp;begr\u00fc\u00dft werden. Dieses Fahrzeug wurde durch den Landkreis Harz, mit Hilfe von F\u00f6rdermitteln des Landes Sachsen-Anhalt&nbsp;in H\u00f6he von 300.000 \u20ac&nbsp;und im Rahmen einer zentralen Beschaffung, gekauft. Die Feuerwehr Halberstadt bekam durch [&hellip;]\" \/>\n<meta property=\"og:url\" content=\"https:\/\/www.feuerwehr-halberstadt.de\/?p=17025\" \/>\n<meta property=\"og:site_name\" content=\"Feuerwehr Halberstadt\" \/>\n<meta property=\"article:publisher\" content=\"https:\/\/www.facebook.com\/FeuerwehrHalberstadt\/\" \/>\n<meta property=\"article:published_time\" content=\"2025-07-25T21:13:56+00:00\" \/>\n<meta property=\"article:modified_time\" content=\"2025-07-25T21:15:49+00:00\" \/>\n<meta property=\"og:image\" content=\"https:\/\/www.feuerwehr-halberstadt.de\/wp-content\/uploads\/2025\/07\/IMG_1467.jpeg\" \/>\n\t<meta property=\"og:image:width\" content=\"1358\" \/>\n\t<meta property=\"og:image:height\" content=\"1150\" \/>\n\t<meta property=\"og:image:type\" content=\"image\/jpeg\" \/>\n<meta name=\"author\" content=\"Buchold, Chris\" \/>\n<meta name=\"twitter:card\" content=\"summary_large_image\" \/>\n<meta name=\"twitter:label1\" content=\"Verfasst von\" \/>\n\t<meta name=\"twitter:data1\" content=\"Buchold, Chris\" \/>\n\t<meta name=\"twitter:label2\" content=\"Gesch\u00e4tzte Lesezeit\" \/>\n\t<meta name=\"twitter:data2\" content=\"3\u00a0Minuten\" \/>\n<script type=\"application\/ld+json\" class=\"yoast-schema-graph\">{\"@context\":\"https:\\\/\\\/schema.org\",\"@graph\":[{\"@type\":\"Article\",\"@id\":\"https:\\\/\\\/www.feuerwehr-halberstadt.de\\\/?p=17025#article\",\"isPartOf\":{\"@id\":\"https:\\\/\\\/www.feuerwehr-halberstadt.de\\\/?p=17025\"},\"author\":{\"name\":\"Buchold, Chris\",\"@id\":\"https:\\\/\\\/www.feuerwehr-halberstadt.de\\\/#\\\/schema\\\/person\\\/55ce5d9b46008e58cd3d55d4116ec727\"},\"headline\":\"Neuer Ger\u00e4tewagen Gefahrgut \u00fcbergeben\",\"datePublished\":\"2025-07-25T21:13:56+00:00\",\"dateModified\":\"2025-07-25T21:15:49+00:00\",\"mainEntityOfPage\":{\"@id\":\"https:\\\/\\\/www.feuerwehr-halberstadt.de\\\/?p=17025\"},\"wordCount\":319,\"publisher\":{\"@id\":\"https:\\\/\\\/www.feuerwehr-halberstadt.de\\\/#organization\"},\"image\":{\"@id\":\"https:\\\/\\\/www.feuerwehr-halberstadt.de\\\/?p=17025#primaryimage\"},\"thumbnailUrl\":\"https:\\\/\\\/www.feuerwehr-halberstadt.de\\\/wp-content\\\/uploads\\\/2025\\\/07\\\/IMG_1467.jpeg\",\"inLanguage\":\"de\"},{\"@type\":\"WebPage\",\"@id\":\"https:\\\/\\\/www.feuerwehr-halberstadt.de\\\/?p=17025\",\"url\":\"https:\\\/\\\/www.feuerwehr-halberstadt.de\\\/?p=17025\",\"name\":\"Neuer Ger\u00e4tewagen Gefahrgut \u00fcbergeben - Feuerwehr Halberstadt\",\"isPartOf\":{\"@id\":\"https:\\\/\\\/www.feuerwehr-halberstadt.de\\\/#website\"},\"primaryImageOfPage\":{\"@id\":\"https:\\\/\\\/www.feuerwehr-halberstadt.de\\\/?p=17025#primaryimage\"},\"image\":{\"@id\":\"https:\\\/\\\/www.feuerwehr-halberstadt.de\\\/?p=17025#primaryimage\"},\"thumbnailUrl\":\"https:\\\/\\\/www.feuerwehr-halberstadt.de\\\/wp-content\\\/uploads\\\/2025\\\/07\\\/IMG_1467.jpeg\",\"datePublished\":\"2025-07-25T21:13:56+00:00\",\"dateModified\":\"2025-07-25T21:15:49+00:00\",\"breadcrumb\":{\"@id\":\"https:\\\/\\\/www.feuerwehr-halberstadt.de\\\/?p=17025#breadcrumb\"},\"inLanguage\":\"de\",\"potentialAction\":[{\"@type\":\"ReadAction\",\"target\":[\"https:\\\/\\\/www.feuerwehr-halberstadt.de\\\/?p=17025\"]}]},{\"@type\":\"ImageObject\",\"inLanguage\":\"de\",\"@id\":\"https:\\\/\\\/www.feuerwehr-halberstadt.de\\\/?p=17025#primaryimage\",\"url\":\"https:\\\/\\\/www.feuerwehr-halberstadt.de\\\/wp-content\\\/uploads\\\/2025\\\/07\\\/IMG_1467.jpeg\",\"contentUrl\":\"https:\\\/\\\/www.feuerwehr-halberstadt.de\\\/wp-content\\\/uploads\\\/2025\\\/07\\\/IMG_1467.jpeg\",\"width\":1358,\"height\":1150},{\"@type\":\"BreadcrumbList\",\"@id\":\"https:\\\/\\\/www.feuerwehr-halberstadt.de\\\/?p=17025#breadcrumb\",\"itemListElement\":[{\"@type\":\"ListItem\",\"position\":1,\"name\":\"Startseite\",\"item\":\"https:\\\/\\\/www.feuerwehr-halberstadt.de\\\/\"},{\"@type\":\"ListItem\",\"position\":2,\"name\":\"Neuer Ger\u00e4tewagen Gefahrgut \u00fcbergeben\"}]},{\"@type\":\"WebSite\",\"@id\":\"https:\\\/\\\/www.feuerwehr-halberstadt.de\\\/#website\",\"url\":\"https:\\\/\\\/www.feuerwehr-halberstadt.de\\\/\",\"name\":\"Feuerwehr Halberstadt\",\"description\":\"#imEinsatzf\u00fcrHalberstadt\",\"publisher\":{\"@id\":\"https:\\\/\\\/www.feuerwehr-halberstadt.de\\\/#organization\"},\"potentialAction\":[{\"@type\":\"SearchAction\",\"target\":{\"@type\":\"EntryPoint\",\"urlTemplate\":\"https:\\\/\\\/www.feuerwehr-halberstadt.de\\\/?s={search_term_string}\"},\"query-input\":{\"@type\":\"PropertyValueSpecification\",\"valueRequired\":true,\"valueName\":\"search_term_string\"}}],\"inLanguage\":\"de\"},{\"@type\":\"Organization\",\"@id\":\"https:\\\/\\\/www.feuerwehr-halberstadt.de\\\/#organization\",\"name\":\"Feuerwehr Halberstadt\",\"url\":\"https:\\\/\\\/www.feuerwehr-halberstadt.de\\\/\",\"logo\":{\"@type\":\"ImageObject\",\"inLanguage\":\"de\",\"@id\":\"https:\\\/\\\/www.feuerwehr-halberstadt.de\\\/#\\\/schema\\\/logo\\\/image\\\/\",\"url\":\"https:\\\/\\\/www.feuerwehr-halberstadt.de\\\/wp-content\\\/uploads\\\/2023\\\/10\\\/IMG_0126.png\",\"contentUrl\":\"https:\\\/\\\/www.feuerwehr-halberstadt.de\\\/wp-content\\\/uploads\\\/2023\\\/10\\\/IMG_0126.png\",\"width\":1500,\"height\":399,\"caption\":\"Feuerwehr Halberstadt\"},\"image\":{\"@id\":\"https:\\\/\\\/www.feuerwehr-halberstadt.de\\\/#\\\/schema\\\/logo\\\/image\\\/\"},\"sameAs\":[\"https:\\\/\\\/www.facebook.com\\\/FeuerwehrHalberstadt\\\/\"]},{\"@type\":\"Person\",\"@id\":\"https:\\\/\\\/www.feuerwehr-halberstadt.de\\\/#\\\/schema\\\/person\\\/55ce5d9b46008e58cd3d55d4116ec727\",\"name\":\"Buchold, Chris\",\"image\":{\"@type\":\"ImageObject\",\"inLanguage\":\"de\",\"@id\":\"https:\\\/\\\/secure.gravatar.com\\\/avatar\\\/bff08a084f0390bf8a93fc28c488452766ba521109cec244ac64210fdd500a49?s=96&d=mm&r=g\",\"url\":\"https:\\\/\\\/secure.gravatar.com\\\/avatar\\\/bff08a084f0390bf8a93fc28c488452766ba521109cec244ac64210fdd500a49?s=96&d=mm&r=g\",\"contentUrl\":\"https:\\\/\\\/secure.gravatar.com\\\/avatar\\\/bff08a084f0390bf8a93fc28c488452766ba521109cec244ac64210fdd500a49?s=96&d=mm&r=g\",\"caption\":\"Buchold, Chris\"},\"url\":\"https:\\\/\\\/www.feuerwehr-halberstadt.de\\\/?author=3\"}]}<\/script>\n<!-- \/ Yoast SEO plugin. -->","yoast_head_json":{"title":"Neuer Ger\u00e4tewagen Gefahrgut \u00fcbergeben - Feuerwehr Halberstadt","robots":{"index":"index","follow":"follow","max-snippet":"max-snippet:-1","max-image-preview":"max-image-preview:large","max-video-preview":"max-video-preview:-1"},"canonical":"https:\/\/www.feuerwehr-halberstadt.de\/?p=17025","og_locale":"de_DE","og_type":"article","og_title":"Neuer Ger\u00e4tewagen Gefahrgut \u00fcbergeben - Feuerwehr Halberstadt","og_description":"In der Feuer- und Umweltwache Halberstadt konnten gestern einige G\u00e4ste zur feierlichen \u00dcbergabe eines neuen Ger\u00e4tewagen Gefahrgut (GW-G)&nbsp;durch den Fachbereichsleiter Bauen und Ordnung Jens Klaus&nbsp;begr\u00fc\u00dft werden. Dieses Fahrzeug wurde durch den Landkreis Harz, mit Hilfe von F\u00f6rdermitteln des Landes Sachsen-Anhalt&nbsp;in H\u00f6he von 300.000 \u20ac&nbsp;und im Rahmen einer zentralen Beschaffung, gekauft. Die Feuerwehr Halberstadt bekam durch [&hellip;]","og_url":"https:\/\/www.feuerwehr-halberstadt.de\/?p=17025","og_site_name":"Feuerwehr Halberstadt","article_publisher":"https:\/\/www.facebook.com\/FeuerwehrHalberstadt\/","article_published_time":"2025-07-25T21:13:56+00:00","article_modified_time":"2025-07-25T21:15:49+00:00","og_image":[{"width":1358,"height":1150,"url":"https:\/\/www.feuerwehr-halberstadt.de\/wp-content\/uploads\/2025\/07\/IMG_1467.jpeg","type":"image\/jpeg"}],"author":"Buchold, Chris","twitter_card":"summary_large_image","twitter_misc":{"Verfasst von":"Buchold, Chris","Gesch\u00e4tzte Lesezeit":"3\u00a0Minuten"},"schema":{"@context":"https:\/\/schema.org","@graph":[{"@type":"Article","@id":"https:\/\/www.feuerwehr-halberstadt.de\/?p=17025#article","isPartOf":{"@id":"https:\/\/www.feuerwehr-halberstadt.de\/?p=17025"},"author":{"name":"Buchold, Chris","@id":"https:\/\/www.feuerwehr-halberstadt.de\/#\/schema\/person\/55ce5d9b46008e58cd3d55d4116ec727"},"headline":"Neuer Ger\u00e4tewagen Gefahrgut \u00fcbergeben","datePublished":"2025-07-25T21:13:56+00:00","dateModified":"2025-07-25T21:15:49+00:00","mainEntityOfPage":{"@id":"https:\/\/www.feuerwehr-halberstadt.de\/?p=17025"},"wordCount":319,"publisher":{"@id":"https:\/\/www.feuerwehr-halberstadt.de\/#organization"},"image":{"@id":"https:\/\/www.feuerwehr-halberstadt.de\/?p=17025#primaryimage"},"thumbnailUrl":"https:\/\/www.feuerwehr-halberstadt.de\/wp-content\/uploads\/2025\/07\/IMG_1467.jpeg","inLanguage":"de"},{"@type":"WebPage","@id":"https:\/\/www.feuerwehr-halberstadt.de\/?p=17025","url":"https:\/\/www.feuerwehr-halberstadt.de\/?p=17025","name":"Neuer Ger\u00e4tewagen Gefahrgut \u00fcbergeben - Feuerwehr Halberstadt","isPartOf":{"@id":"https:\/\/www.feuerwehr-halberstadt.de\/#website"},"primaryImageOfPage":{"@id":"https:\/\/www.feuerwehr-halberstadt.de\/?p=17025#primaryimage"},"image":{"@id":"https:\/\/www.feuerwehr-halberstadt.de\/?p=17025#primaryimage"},"thumbnailUrl":"https:\/\/www.feuerwehr-halberstadt.de\/wp-content\/uploads\/2025\/07\/IMG_1467.jpeg","datePublished":"2025-07-25T21:13:56+00:00","dateModified":"2025-07-25T21:15:49+00:00","breadcrumb":{"@id":"https:\/\/www.feuerwehr-halberstadt.de\/?p=17025#breadcrumb"},"inLanguage":"de","potentialAction":[{"@type":"ReadAction","target":["https:\/\/www.feuerwehr-halberstadt.de\/?p=17025"]}]},{"@type":"ImageObject","inLanguage":"de","@id":"https:\/\/www.feuerwehr-halberstadt.de\/?p=17025#primaryimage","url":"https:\/\/www.feuerwehr-halberstadt.de\/wp-content\/uploads\/2025\/07\/IMG_1467.jpeg","contentUrl":"https:\/\/www.feuerwehr-halberstadt.de\/wp-content\/uploads\/2025\/07\/IMG_1467.jpeg","width":1358,"height":1150},{"@type":"BreadcrumbList","@id":"https:\/\/www.feuerwehr-halberstadt.de\/?p=17025#breadcrumb","itemListElement":[{"@type":"ListItem","position":1,"name":"Startseite","item":"https:\/\/www.feuerwehr-halberstadt.de\/"},{"@type":"ListItem","position":2,"name":"Neuer Ger\u00e4tewagen Gefahrgut \u00fcbergeben"}]},{"@type":"WebSite","@id":"https:\/\/www.feuerwehr-halberstadt.de\/#website","url":"https:\/\/www.feuerwehr-halberstadt.de\/","name":"Feuerwehr Halberstadt","description":"#imEinsatzf\u00fcrHalberstadt","publisher":{"@id":"https:\/\/www.feuerwehr-halberstadt.de\/#organization"},"potentialAction":[{"@type":"SearchAction","target":{"@type":"EntryPoint","urlTemplate":"https:\/\/www.feuerwehr-halberstadt.de\/?s={search_term_string}"},"query-input":{"@type":"PropertyValueSpecification","valueRequired":true,"valueName":"search_term_string"}}],"inLanguage":"de"},{"@type":"Organization","@id":"https:\/\/www.feuerwehr-halberstadt.de\/#organization","name":"Feuerwehr Halberstadt","url":"https:\/\/www.feuerwehr-halberstadt.de\/","logo":{"@type":"ImageObject","inLanguage":"de","@id":"https:\/\/www.feuerwehr-halberstadt.de\/#\/schema\/logo\/image\/","url":"https:\/\/www.feuerwehr-halberstadt.de\/wp-content\/uploads\/2023\/10\/IMG_0126.png","contentUrl":"https:\/\/www.feuerwehr-halberstadt.de\/wp-content\/uploads\/2023\/10\/IMG_0126.png","width":1500,"height":399,"caption":"Feuerwehr Halberstadt"},"image":{"@id":"https:\/\/www.feuerwehr-halberstadt.de\/#\/schema\/logo\/image\/"},"sameAs":["https:\/\/www.facebook.com\/FeuerwehrHalberstadt\/"]},{"@type":"Person","@id":"https:\/\/www.feuerwehr-halberstadt.de\/#\/schema\/person\/55ce5d9b46008e58cd3d55d4116ec727","name":"Buchold, Chris","image":{"@type":"ImageObject","inLanguage":"de","@id":"https:\/\/secure.gravatar.com\/avatar\/bff08a084f0390bf8a93fc28c488452766ba521109cec244ac64210fdd500a49?s=96&d=mm&r=g","url":"https:\/\/secure.gravatar.com\/avatar\/bff08a084f0390bf8a93fc28c488452766ba521109cec244ac64210fdd500a49?s=96&d=mm&r=g","contentUrl":"https:\/\/secure.gravatar.com\/avatar\/bff08a084f0390bf8a93fc28c488452766ba521109cec244ac64210fdd500a49?s=96&d=mm&r=g","caption":"Buchold, Chris"},"url":"https:\/\/www.feuerwehr-halberstadt.de\/?author=3"}]}},"_links":{"self":[{"href":"https:\/\/www.feuerwehr-halberstadt.de\/index.php?rest_route=\/wp\/v2\/posts\/17025","targetHints":{"allow":["GET"]}}],"collection":[{"href":"https:\/\/www.feuerwehr-halberstadt.de\/index.php?rest_route=\/wp\/v2\/posts"}],"about":[{"href":"https:\/\/www.feuerwehr-halberstadt.de\/index.php?rest_route=\/wp\/v2\/types\/post"}],"author":[{"embeddable":true,"href":"https:\/\/www.feuerwehr-halberstadt.de\/index.php?rest_route=\/wp\/v2\/users\/3"}],"replies":[{"embeddable":true,"href":"https:\/\/www.feuerwehr-halberstadt.de\/index.php?rest_route=%2Fwp%2Fv2%2Fcomments&post=17025"}],"version-history":[{"count":6,"href":"https:\/\/www.feuerwehr-halberstadt.de\/index.php?rest_route=\/wp\/v2\/posts\/17025\/revisions"}],"predecessor-version":[{"id":17039,"href":"https:\/\/www.feuerwehr-halberstadt.de\/index.php?rest_route=\/wp\/v2\/posts\/17025\/revisions\/17039"}],"wp:featuredmedia":[{"embeddable":true,"href":"https:\/\/www.feuerwehr-halberstadt.de\/index.php?rest_route=\/wp\/v2\/media\/17037"}],"wp:attachment":[{"href":"https:\/\/www.feuerwehr-halberstadt.de\/index.php?rest_route=%2Fwp%2Fv2%2Fmedia&parent=17025"}],"wp:term":[{"taxonomy":"category","embeddable":true,"href":"https:\/\/www.feuerwehr-halberstadt.de\/index.php?rest_route=%2Fwp%2Fv2%2Fcategories&post=17025"},{"taxonomy":"post_tag","embeddable":true,"href":"https:\/\/www.feuerwehr-halberstadt.de\/index.php?rest_route=%2Fwp%2Fv2%2Ftags&post=17025"}],"curies":[{"name":"wp","href":"https:\/\/api.w.org\/{rel}","templated":true}]}}