{"id":17014,"date":"2025-07-18T05:55:21","date_gmt":"2025-07-18T03:55:21","guid":{"rendered":"https:\/\/www.feuerwehr-halberstadt.de\/?p=17014"},"modified":"2025-07-18T05:55:54","modified_gmt":"2025-07-18T03:55:54","slug":"feuerwehr-halberstadt-geht-neuen-weg-um-sicherheit-zu-garantieren","status":"publish","type":"post","link":"https:\/\/www.feuerwehr-halberstadt.de\/?p=17014","title":{"rendered":"Feuerwehr Halberstadt geht neuen Weg, um Sicherheit zu garantieren"},"content":{"rendered":"\n<p>Dass er sich mal Sorgen um Nachr\u00fccker machen muss, das hat Ingo Wetzel auch nicht gedacht. Doch der Andrang auf die hauptamtlichen Stellen bei der Feuerwehr in Halberstadt ist vorbei und deswegen wird man im kommenden Jahr mit einem Pilotprojekt neue Wege in der Ausbildung beschreiten.<\/p>\n\n\n\n<!--more-->\n\n\n\n<p>Der Abteilungsleiter Feuerwehr erz\u00e4hlt: \u201eIn diesem Fr\u00fchjahr hatten wir drei Stellen ausgeschrieben und mussten f\u00fcr jede einzelne Stelle einen kompletten Bewerbungsprozess mit Theorie- und Praxistest durchf\u00fchren, weil die Zahl der Bewerber so gering war und die auch nicht unter einen Hut zu bringen waren.&#8220; F\u00fcr den Brandamtsrat ist das zu viel Aufwand.<\/p>\n\n\n\n<p>Dabei ist der Bedarf an Nachwuchs da und er w\u00e4chst. Das liegt auch an der personellen Ausstattung der Freiwilligen Feuerwehren. \u201eBedarf haben wir vor allem bei den hauptamtlichen Kr\u00e4ften&#8220;, macht Ingo Wetzel klar. An den Wochenenden und in den Tagesrandzeiten sind die Freiwilligen Feuerwehren gut besetzt, aber unter der Woche und w\u00e4hrend der Kernarbeitszeit sieht das anders aus. In diesen Zeiten m\u00fcssen im Alarmfall die hauptamtlichen Kr\u00e4fte aus der Feuerwache anr\u00fccken. \u201eIch gehe davon aus, dass unser Bedarf sogar noch wachsen wird&#8220;, prognostiziert Ingo Wetzel. Deswegen wird man in der Kreisstadt die Ausbildung des Berufsnachwuchses der Feuerwehrleute demn\u00e4chst selbst in die Hand nehmen.<\/p>\n\n\n\n<p>Feuerwehrkr\u00e4fte gebe es ausreichend auf dem Arbeitsmarkt, aber die ziehe es nicht in die l\u00e4ndlichen Regionen. \u201eJunge Menschen gehen zu gro\u00dfen Wehren, die noch zus\u00e4tzliche Ausbildungen wie Taucher oder H\u00f6henretter bieten k\u00f6nnen&#8220;, erkl\u00e4rt Ingo Wetzel.<\/p>\n\n\n\n<p>Dann ist da noch ein organisatorisches Problem: Auf dem Papier ist die Feuerwehr Halberstadt eine Freiwillige Feuerwehr mit hauptamtlichen Kr\u00e4ften und deswegen wird sie in den Stellenportalen nicht als Berufsfeuerwehr aufgef\u00fchrt. Ingo Wetzel \u00e4rgert sich ein wenig dar\u00fcber: \u201eEs ist alles angeglichen, die Bezahlung, die Laufbahn und die soziale Absicherung, trotzdem gelten wir als Freiwillige Wehr und das bremst uns auf dem Stellenmarkt aus.&#8220;<\/p>\n\n\n\n<p>Mit einem Pilotprojekt des Landesfeuerwehrverbandes wird man ab dem kommenden Jahr das Nachwuchsproblem angehen. \u201eWir haben uns an der Polizei orientiert und bieten eine duale Ausbildung an&#8220;, erkl\u00e4rt der Brandamtsrat. Ein wichtiger Schritt ist dabei das Absenken des Eintrittsalters. Mussten hauptamtliche Feuerwehrleute erst eine Ausbildung absolviert haben, bevor sie den Dienst aufnehmen konnten, kann dies k\u00fcnftig nach dem Abschluss der Sekundarstufe passieren.<\/p>\n\n\n\n<p>Die Berufsstarter beginnen mit 16 Jahren eine handwerkliche Ausbildung bei der Feuerwehr, bevor ein Jahr sp\u00e4ter die feuerwehrtechnische Ausbildung dazu kommt. Die dauert wiederum zwei Jahre und somit ist die Ausbildung nach drei Jahren abgeschlossen.<\/p>\n\n\n\n<p>\u201eMit dieser neuen Ausbildung werden wir im Ringen um den Nachwuchs ein wenig aufschlie\u00dfen zur Konkurrenz durch Industrie und Handwerk&#8220;, ist sich Ingo Wetzel sicher. Der Weg sei nicht einfach, aber er optimistisch, fasst er zusammen.<\/p>\n\n\n\n<p><em>Text\/Bild: Halberst\u00e4dter Volksstimme, Thomas K\u00fcgler<\/em><\/p>\n","protected":false},"excerpt":{"rendered":"<p>Dass er sich mal Sorgen um Nachr\u00fccker machen muss, das hat Ingo Wetzel auch nicht gedacht. Doch der Andrang auf die hauptamtlichen Stellen bei der Feuerwehr in Halberstadt ist vorbei und deswegen wird man im kommenden Jahr mit einem Pilotprojekt neue Wege in der Ausbildung beschreiten.<\/p>\n","protected":false},"author":3,"featured_media":17013,"comment_status":"closed","ping_status":"closed","sticky":false,"template":"","format":"standard","meta":{"_acf_changed":false,"footnotes":""},"categories":[9,11],"tags":[],"class_list":["post-17014","post","type-post","status-publish","format-standard","has-post-thumbnail","hentry","category-allgemein","category-wache"],"acf":[],"yoast_head":"<!-- This site is optimized with the Yoast SEO plugin v27.5 - https:\/\/yoast.com\/product\/yoast-seo-wordpress\/ -->\n<title>Feuerwehr Halberstadt geht neuen Weg, um Sicherheit zu garantieren - Feuerwehr Halberstadt<\/title>\n<meta name=\"robots\" content=\"index, follow, max-snippet:-1, max-image-preview:large, max-video-preview:-1\" \/>\n<link rel=\"canonical\" href=\"https:\/\/www.feuerwehr-halberstadt.de\/?p=17014\" \/>\n<meta property=\"og:locale\" content=\"de_DE\" \/>\n<meta property=\"og:type\" content=\"article\" \/>\n<meta property=\"og:title\" content=\"Feuerwehr Halberstadt geht neuen Weg, um Sicherheit zu garantieren - Feuerwehr Halberstadt\" \/>\n<meta property=\"og:description\" content=\"Dass er sich mal Sorgen um Nachr\u00fccker machen muss, das hat Ingo Wetzel auch nicht gedacht. Doch der Andrang auf die hauptamtlichen Stellen bei der Feuerwehr in Halberstadt ist vorbei und deswegen wird man im kommenden Jahr mit einem Pilotprojekt neue Wege in der Ausbildung beschreiten.\" \/>\n<meta property=\"og:url\" content=\"https:\/\/www.feuerwehr-halberstadt.de\/?p=17014\" \/>\n<meta property=\"og:site_name\" content=\"Feuerwehr Halberstadt\" \/>\n<meta property=\"article:publisher\" content=\"https:\/\/www.facebook.com\/FeuerwehrHalberstadt\/\" \/>\n<meta property=\"article:published_time\" content=\"2025-07-18T03:55:21+00:00\" \/>\n<meta property=\"article:modified_time\" content=\"2025-07-18T03:55:54+00:00\" \/>\n<meta property=\"og:image\" content=\"https:\/\/www.feuerwehr-halberstadt.de\/wp-content\/uploads\/2025\/07\/IMG_1322.jpeg\" \/>\n\t<meta property=\"og:image:width\" content=\"2048\" \/>\n\t<meta property=\"og:image:height\" content=\"1152\" \/>\n\t<meta property=\"og:image:type\" content=\"image\/jpeg\" \/>\n<meta name=\"author\" content=\"Buchold, Chris\" \/>\n<meta name=\"twitter:card\" content=\"summary_large_image\" \/>\n<meta name=\"twitter:label1\" content=\"Verfasst von\" \/>\n\t<meta name=\"twitter:data1\" content=\"Buchold, Chris\" \/>\n\t<meta name=\"twitter:label2\" content=\"Gesch\u00e4tzte Lesezeit\" \/>\n\t<meta name=\"twitter:data2\" content=\"3\u00a0Minuten\" \/>\n<script type=\"application\/ld+json\" class=\"yoast-schema-graph\">{\"@context\":\"https:\\\/\\\/schema.org\",\"@graph\":[{\"@type\":\"Article\",\"@id\":\"https:\\\/\\\/www.feuerwehr-halberstadt.de\\\/?p=17014#article\",\"isPartOf\":{\"@id\":\"https:\\\/\\\/www.feuerwehr-halberstadt.de\\\/?p=17014\"},\"author\":{\"name\":\"Buchold, Chris\",\"@id\":\"https:\\\/\\\/www.feuerwehr-halberstadt.de\\\/#\\\/schema\\\/person\\\/55ce5d9b46008e58cd3d55d4116ec727\"},\"headline\":\"Feuerwehr Halberstadt geht neuen Weg, um Sicherheit zu garantieren\",\"datePublished\":\"2025-07-18T03:55:21+00:00\",\"dateModified\":\"2025-07-18T03:55:54+00:00\",\"mainEntityOfPage\":{\"@id\":\"https:\\\/\\\/www.feuerwehr-halberstadt.de\\\/?p=17014\"},\"wordCount\":476,\"publisher\":{\"@id\":\"https:\\\/\\\/www.feuerwehr-halberstadt.de\\\/#organization\"},\"image\":{\"@id\":\"https:\\\/\\\/www.feuerwehr-halberstadt.de\\\/?p=17014#primaryimage\"},\"thumbnailUrl\":\"https:\\\/\\\/www.feuerwehr-halberstadt.de\\\/wp-content\\\/uploads\\\/2025\\\/07\\\/IMG_1322.jpeg\",\"articleSection\":{\"1\":\"Wache\"},\"inLanguage\":\"de\"},{\"@type\":\"WebPage\",\"@id\":\"https:\\\/\\\/www.feuerwehr-halberstadt.de\\\/?p=17014\",\"url\":\"https:\\\/\\\/www.feuerwehr-halberstadt.de\\\/?p=17014\",\"name\":\"Feuerwehr Halberstadt geht neuen Weg, um Sicherheit zu garantieren - Feuerwehr Halberstadt\",\"isPartOf\":{\"@id\":\"https:\\\/\\\/www.feuerwehr-halberstadt.de\\\/#website\"},\"primaryImageOfPage\":{\"@id\":\"https:\\\/\\\/www.feuerwehr-halberstadt.de\\\/?p=17014#primaryimage\"},\"image\":{\"@id\":\"https:\\\/\\\/www.feuerwehr-halberstadt.de\\\/?p=17014#primaryimage\"},\"thumbnailUrl\":\"https:\\\/\\\/www.feuerwehr-halberstadt.de\\\/wp-content\\\/uploads\\\/2025\\\/07\\\/IMG_1322.jpeg\",\"datePublished\":\"2025-07-18T03:55:21+00:00\",\"dateModified\":\"2025-07-18T03:55:54+00:00\",\"breadcrumb\":{\"@id\":\"https:\\\/\\\/www.feuerwehr-halberstadt.de\\\/?p=17014#breadcrumb\"},\"inLanguage\":\"de\",\"potentialAction\":[{\"@type\":\"ReadAction\",\"target\":[\"https:\\\/\\\/www.feuerwehr-halberstadt.de\\\/?p=17014\"]}]},{\"@type\":\"ImageObject\",\"inLanguage\":\"de\",\"@id\":\"https:\\\/\\\/www.feuerwehr-halberstadt.de\\\/?p=17014#primaryimage\",\"url\":\"https:\\\/\\\/www.feuerwehr-halberstadt.de\\\/wp-content\\\/uploads\\\/2025\\\/07\\\/IMG_1322.jpeg\",\"contentUrl\":\"https:\\\/\\\/www.feuerwehr-halberstadt.de\\\/wp-content\\\/uploads\\\/2025\\\/07\\\/IMG_1322.jpeg\",\"width\":2048,\"height\":1152},{\"@type\":\"BreadcrumbList\",\"@id\":\"https:\\\/\\\/www.feuerwehr-halberstadt.de\\\/?p=17014#breadcrumb\",\"itemListElement\":[{\"@type\":\"ListItem\",\"position\":1,\"name\":\"Startseite\",\"item\":\"https:\\\/\\\/www.feuerwehr-halberstadt.de\\\/\"},{\"@type\":\"ListItem\",\"position\":2,\"name\":\"Feuerwehr Halberstadt geht neuen Weg, um Sicherheit zu garantieren\"}]},{\"@type\":\"WebSite\",\"@id\":\"https:\\\/\\\/www.feuerwehr-halberstadt.de\\\/#website\",\"url\":\"https:\\\/\\\/www.feuerwehr-halberstadt.de\\\/\",\"name\":\"Feuerwehr Halberstadt\",\"description\":\"#imEinsatzf\u00fcrHalberstadt\",\"publisher\":{\"@id\":\"https:\\\/\\\/www.feuerwehr-halberstadt.de\\\/#organization\"},\"potentialAction\":[{\"@type\":\"SearchAction\",\"target\":{\"@type\":\"EntryPoint\",\"urlTemplate\":\"https:\\\/\\\/www.feuerwehr-halberstadt.de\\\/?s={search_term_string}\"},\"query-input\":{\"@type\":\"PropertyValueSpecification\",\"valueRequired\":true,\"valueName\":\"search_term_string\"}}],\"inLanguage\":\"de\"},{\"@type\":\"Organization\",\"@id\":\"https:\\\/\\\/www.feuerwehr-halberstadt.de\\\/#organization\",\"name\":\"Feuerwehr Halberstadt\",\"url\":\"https:\\\/\\\/www.feuerwehr-halberstadt.de\\\/\",\"logo\":{\"@type\":\"ImageObject\",\"inLanguage\":\"de\",\"@id\":\"https:\\\/\\\/www.feuerwehr-halberstadt.de\\\/#\\\/schema\\\/logo\\\/image\\\/\",\"url\":\"https:\\\/\\\/www.feuerwehr-halberstadt.de\\\/wp-content\\\/uploads\\\/2023\\\/10\\\/IMG_0126.png\",\"contentUrl\":\"https:\\\/\\\/www.feuerwehr-halberstadt.de\\\/wp-content\\\/uploads\\\/2023\\\/10\\\/IMG_0126.png\",\"width\":1500,\"height\":399,\"caption\":\"Feuerwehr Halberstadt\"},\"image\":{\"@id\":\"https:\\\/\\\/www.feuerwehr-halberstadt.de\\\/#\\\/schema\\\/logo\\\/image\\\/\"},\"sameAs\":[\"https:\\\/\\\/www.facebook.com\\\/FeuerwehrHalberstadt\\\/\"]},{\"@type\":\"Person\",\"@id\":\"https:\\\/\\\/www.feuerwehr-halberstadt.de\\\/#\\\/schema\\\/person\\\/55ce5d9b46008e58cd3d55d4116ec727\",\"name\":\"Buchold, Chris\",\"image\":{\"@type\":\"ImageObject\",\"inLanguage\":\"de\",\"@id\":\"https:\\\/\\\/secure.gravatar.com\\\/avatar\\\/bff08a084f0390bf8a93fc28c488452766ba521109cec244ac64210fdd500a49?s=96&d=mm&r=g\",\"url\":\"https:\\\/\\\/secure.gravatar.com\\\/avatar\\\/bff08a084f0390bf8a93fc28c488452766ba521109cec244ac64210fdd500a49?s=96&d=mm&r=g\",\"contentUrl\":\"https:\\\/\\\/secure.gravatar.com\\\/avatar\\\/bff08a084f0390bf8a93fc28c488452766ba521109cec244ac64210fdd500a49?s=96&d=mm&r=g\",\"caption\":\"Buchold, Chris\"},\"url\":\"https:\\\/\\\/www.feuerwehr-halberstadt.de\\\/?author=3\"}]}<\/script>\n<!-- \/ Yoast SEO plugin. -->","yoast_head_json":{"title":"Feuerwehr Halberstadt geht neuen Weg, um Sicherheit zu garantieren - Feuerwehr Halberstadt","robots":{"index":"index","follow":"follow","max-snippet":"max-snippet:-1","max-image-preview":"max-image-preview:large","max-video-preview":"max-video-preview:-1"},"canonical":"https:\/\/www.feuerwehr-halberstadt.de\/?p=17014","og_locale":"de_DE","og_type":"article","og_title":"Feuerwehr Halberstadt geht neuen Weg, um Sicherheit zu garantieren - Feuerwehr Halberstadt","og_description":"Dass er sich mal Sorgen um Nachr\u00fccker machen muss, das hat Ingo Wetzel auch nicht gedacht. Doch der Andrang auf die hauptamtlichen Stellen bei der Feuerwehr in Halberstadt ist vorbei und deswegen wird man im kommenden Jahr mit einem Pilotprojekt neue Wege in der Ausbildung beschreiten.","og_url":"https:\/\/www.feuerwehr-halberstadt.de\/?p=17014","og_site_name":"Feuerwehr Halberstadt","article_publisher":"https:\/\/www.facebook.com\/FeuerwehrHalberstadt\/","article_published_time":"2025-07-18T03:55:21+00:00","article_modified_time":"2025-07-18T03:55:54+00:00","og_image":[{"width":2048,"height":1152,"url":"https:\/\/www.feuerwehr-halberstadt.de\/wp-content\/uploads\/2025\/07\/IMG_1322.jpeg","type":"image\/jpeg"}],"author":"Buchold, Chris","twitter_card":"summary_large_image","twitter_misc":{"Verfasst von":"Buchold, Chris","Gesch\u00e4tzte Lesezeit":"3\u00a0Minuten"},"schema":{"@context":"https:\/\/schema.org","@graph":[{"@type":"Article","@id":"https:\/\/www.feuerwehr-halberstadt.de\/?p=17014#article","isPartOf":{"@id":"https:\/\/www.feuerwehr-halberstadt.de\/?p=17014"},"author":{"name":"Buchold, Chris","@id":"https:\/\/www.feuerwehr-halberstadt.de\/#\/schema\/person\/55ce5d9b46008e58cd3d55d4116ec727"},"headline":"Feuerwehr Halberstadt geht neuen Weg, um Sicherheit zu garantieren","datePublished":"2025-07-18T03:55:21+00:00","dateModified":"2025-07-18T03:55:54+00:00","mainEntityOfPage":{"@id":"https:\/\/www.feuerwehr-halberstadt.de\/?p=17014"},"wordCount":476,"publisher":{"@id":"https:\/\/www.feuerwehr-halberstadt.de\/#organization"},"image":{"@id":"https:\/\/www.feuerwehr-halberstadt.de\/?p=17014#primaryimage"},"thumbnailUrl":"https:\/\/www.feuerwehr-halberstadt.de\/wp-content\/uploads\/2025\/07\/IMG_1322.jpeg","articleSection":{"1":"Wache"},"inLanguage":"de"},{"@type":"WebPage","@id":"https:\/\/www.feuerwehr-halberstadt.de\/?p=17014","url":"https:\/\/www.feuerwehr-halberstadt.de\/?p=17014","name":"Feuerwehr Halberstadt geht neuen Weg, um Sicherheit zu garantieren - Feuerwehr Halberstadt","isPartOf":{"@id":"https:\/\/www.feuerwehr-halberstadt.de\/#website"},"primaryImageOfPage":{"@id":"https:\/\/www.feuerwehr-halberstadt.de\/?p=17014#primaryimage"},"image":{"@id":"https:\/\/www.feuerwehr-halberstadt.de\/?p=17014#primaryimage"},"thumbnailUrl":"https:\/\/www.feuerwehr-halberstadt.de\/wp-content\/uploads\/2025\/07\/IMG_1322.jpeg","datePublished":"2025-07-18T03:55:21+00:00","dateModified":"2025-07-18T03:55:54+00:00","breadcrumb":{"@id":"https:\/\/www.feuerwehr-halberstadt.de\/?p=17014#breadcrumb"},"inLanguage":"de","potentialAction":[{"@type":"ReadAction","target":["https:\/\/www.feuerwehr-halberstadt.de\/?p=17014"]}]},{"@type":"ImageObject","inLanguage":"de","@id":"https:\/\/www.feuerwehr-halberstadt.de\/?p=17014#primaryimage","url":"https:\/\/www.feuerwehr-halberstadt.de\/wp-content\/uploads\/2025\/07\/IMG_1322.jpeg","contentUrl":"https:\/\/www.feuerwehr-halberstadt.de\/wp-content\/uploads\/2025\/07\/IMG_1322.jpeg","width":2048,"height":1152},{"@type":"BreadcrumbList","@id":"https:\/\/www.feuerwehr-halberstadt.de\/?p=17014#breadcrumb","itemListElement":[{"@type":"ListItem","position":1,"name":"Startseite","item":"https:\/\/www.feuerwehr-halberstadt.de\/"},{"@type":"ListItem","position":2,"name":"Feuerwehr Halberstadt geht neuen Weg, um Sicherheit zu garantieren"}]},{"@type":"WebSite","@id":"https:\/\/www.feuerwehr-halberstadt.de\/#website","url":"https:\/\/www.feuerwehr-halberstadt.de\/","name":"Feuerwehr Halberstadt","description":"#imEinsatzf\u00fcrHalberstadt","publisher":{"@id":"https:\/\/www.feuerwehr-halberstadt.de\/#organization"},"potentialAction":[{"@type":"SearchAction","target":{"@type":"EntryPoint","urlTemplate":"https:\/\/www.feuerwehr-halberstadt.de\/?s={search_term_string}"},"query-input":{"@type":"PropertyValueSpecification","valueRequired":true,"valueName":"search_term_string"}}],"inLanguage":"de"},{"@type":"Organization","@id":"https:\/\/www.feuerwehr-halberstadt.de\/#organization","name":"Feuerwehr Halberstadt","url":"https:\/\/www.feuerwehr-halberstadt.de\/","logo":{"@type":"ImageObject","inLanguage":"de","@id":"https:\/\/www.feuerwehr-halberstadt.de\/#\/schema\/logo\/image\/","url":"https:\/\/www.feuerwehr-halberstadt.de\/wp-content\/uploads\/2023\/10\/IMG_0126.png","contentUrl":"https:\/\/www.feuerwehr-halberstadt.de\/wp-content\/uploads\/2023\/10\/IMG_0126.png","width":1500,"height":399,"caption":"Feuerwehr Halberstadt"},"image":{"@id":"https:\/\/www.feuerwehr-halberstadt.de\/#\/schema\/logo\/image\/"},"sameAs":["https:\/\/www.facebook.com\/FeuerwehrHalberstadt\/"]},{"@type":"Person","@id":"https:\/\/www.feuerwehr-halberstadt.de\/#\/schema\/person\/55ce5d9b46008e58cd3d55d4116ec727","name":"Buchold, Chris","image":{"@type":"ImageObject","inLanguage":"de","@id":"https:\/\/secure.gravatar.com\/avatar\/bff08a084f0390bf8a93fc28c488452766ba521109cec244ac64210fdd500a49?s=96&d=mm&r=g","url":"https:\/\/secure.gravatar.com\/avatar\/bff08a084f0390bf8a93fc28c488452766ba521109cec244ac64210fdd500a49?s=96&d=mm&r=g","contentUrl":"https:\/\/secure.gravatar.com\/avatar\/bff08a084f0390bf8a93fc28c488452766ba521109cec244ac64210fdd500a49?s=96&d=mm&r=g","caption":"Buchold, Chris"},"url":"https:\/\/www.feuerwehr-halberstadt.de\/?author=3"}]}},"_links":{"self":[{"href":"https:\/\/www.feuerwehr-halberstadt.de\/index.php?rest_route=\/wp\/v2\/posts\/17014","targetHints":{"allow":["GET"]}}],"collection":[{"href":"https:\/\/www.feuerwehr-halberstadt.de\/index.php?rest_route=\/wp\/v2\/posts"}],"about":[{"href":"https:\/\/www.feuerwehr-halberstadt.de\/index.php?rest_route=\/wp\/v2\/types\/post"}],"author":[{"embeddable":true,"href":"https:\/\/www.feuerwehr-halberstadt.de\/index.php?rest_route=\/wp\/v2\/users\/3"}],"replies":[{"embeddable":true,"href":"https:\/\/www.feuerwehr-halberstadt.de\/index.php?rest_route=%2Fwp%2Fv2%2Fcomments&post=17014"}],"version-history":[{"count":3,"href":"https:\/\/www.feuerwehr-halberstadt.de\/index.php?rest_route=\/wp\/v2\/posts\/17014\/revisions"}],"predecessor-version":[{"id":17017,"href":"https:\/\/www.feuerwehr-halberstadt.de\/index.php?rest_route=\/wp\/v2\/posts\/17014\/revisions\/17017"}],"wp:featuredmedia":[{"embeddable":true,"href":"https:\/\/www.feuerwehr-halberstadt.de\/index.php?rest_route=\/wp\/v2\/media\/17013"}],"wp:attachment":[{"href":"https:\/\/www.feuerwehr-halberstadt.de\/index.php?rest_route=%2Fwp%2Fv2%2Fmedia&parent=17014"}],"wp:term":[{"taxonomy":"category","embeddable":true,"href":"https:\/\/www.feuerwehr-halberstadt.de\/index.php?rest_route=%2Fwp%2Fv2%2Fcategories&post=17014"},{"taxonomy":"post_tag","embeddable":true,"href":"https:\/\/www.feuerwehr-halberstadt.de\/index.php?rest_route=%2Fwp%2Fv2%2Ftags&post=17014"}],"curies":[{"name":"wp","href":"https:\/\/api.w.org\/{rel}","templated":true}]}}