{"id":16885,"date":"2025-06-02T16:13:01","date_gmt":"2025-06-02T14:13:01","guid":{"rendered":"https:\/\/www.feuerwehr-halberstadt.de\/?p=16885"},"modified":"2025-06-02T16:13:02","modified_gmt":"2025-06-02T14:13:02","slug":"wochenbericht-freiwillige-feuerwehr-26-05-01-06-2025","status":"publish","type":"post","link":"https:\/\/www.feuerwehr-halberstadt.de\/?p=16885","title":{"rendered":"Wochenbericht Freiwillige Feuerwehr &#8211; 26.05. &#8211; 01.06.2025"},"content":{"rendered":"\n<p><strong>27.05.2025 <\/strong>\u2013 05:59 Uhr<br><strong>B2 \u2013 Wohnungsbrand \u2013 Quedlinburger Stra\u00dfe <\/strong>\u2013 Einsatz 86\/2025<br><em>Alarmierte Kr\u00e4fte: <em>Einsatzleitdienst, Hauptberufliche Wachbereitschaft,<\/em> <em>ELW-Gruppe<\/em>,<em> FF Halberstadt<\/em><\/em>, <em>Rettungsdienst<\/em>, Polizei<br><strong>Kurzinfo:<\/strong> Bei der Erkundung wurde festgestellt, dass es sich um einen Entstehungsbrand auf dem Herd handelte. Die anfahrenden Kr\u00e4fte der Ortsfeuerwehr Halberstadt konnten den Einsatz abbrechen.<\/p>\n\n\n\n<p><strong>29.05.2025 <\/strong>\u2013 12:07 Uhr<br><strong>BMA \u2013 Obdachlosenunterkunft \u2013 Gleimstra\u00dfe <\/strong>\u2013 Einsatz 87\/2025<br><em>Alarmierte Kr\u00e4fte: <em>Einsatzleitdienst, Hauptberufliche Wachbereitschaft,<\/em> <em>FF Halberstadt<\/em><\/em><br><strong>Kurzinfo:<\/strong> Die Brandmeldeanlage wurde durch angebranntes Essen ausgel\u00f6st. Vor Ort war kein weiteres Handeln notwendig.<\/p>\n\n\n\n<p><strong>29.05.2025 <\/strong>\u2013 12:12 Uhr<br><strong>B1 \u2013 Kleinbrand \u2013 Kosakengrab <\/strong>\u2013 Einsatz 88\/2025<br><em>Alarmierte Kr\u00e4fte: <em>FF Halberstadt<\/em><\/em><br><strong>Kurzinfo:<\/strong> Bereits am fr\u00fchen Morgen wurden durch die Kameraden der Wachbereitschaft mehrere Strohballen abgel\u00f6scht. Durch die Ortsfeuerwehr Halberstadt wurden Nachl\u00f6scharbeiten durchgef\u00fchrt, da die Wachbereitschaft parallel noch bei der Brandmeldeanlage im Einsatz war.<\/p>\n\n\n\n<p><strong>31.05.2025 <\/strong>\u2013 16:08 Uhr<br><strong>BMA \u2013 Dom \u2013 Domplatz <\/strong>\u2013 Einsatz 89\/2025<br><em>Alarmierte Kr\u00e4fte: <em>Einsatzleitdienst, Hauptberufliche Wachbereitschaft,<\/em> <em>FF Halberstadt<\/em><\/em><br><strong>Kurzinfo:<\/strong> Die Brandmeldeanlage wurde durch einen technischen Defekt eines Melders ausgel\u00f6st. Vor Ort war kein weiteres Handeln notwendig.<\/p>\n","protected":false},"excerpt":{"rendered":"<p>27.05.2025 \u2013 05:59 UhrB2 \u2013 Wohnungsbrand \u2013 Quedlinburger Stra\u00dfe \u2013 Einsatz 86\/2025Alarmierte Kr\u00e4fte: Einsatzleitdienst, Hauptberufliche Wachbereitschaft, ELW-Gruppe, FF Halberstadt, Rettungsdienst, PolizeiKurzinfo: Bei der Erkundung wurde festgestellt, dass es sich um einen Entstehungsbrand auf dem Herd handelte. Die anfahrenden Kr\u00e4fte der Ortsfeuerwehr Halberstadt konnten den Einsatz abbrechen. 29.05.2025 \u2013 12:07 UhrBMA \u2013 Obdachlosenunterkunft \u2013 Gleimstra\u00dfe \u2013 [&hellip;]<\/p>\n","protected":false},"author":3,"featured_media":15878,"comment_status":"closed","ping_status":"closed","sticky":false,"template":"","format":"standard","meta":{"_acf_changed":false,"footnotes":""},"categories":[9],"tags":[],"class_list":["post-16885","post","type-post","status-publish","format-standard","has-post-thumbnail","hentry","category-allgemein"],"acf":[],"yoast_head":"<!-- This site is optimized with the Yoast SEO plugin v27.5 - https:\/\/yoast.com\/product\/yoast-seo-wordpress\/ -->\n<title>Wochenbericht Freiwillige Feuerwehr - 26.05. - 01.06.2025 - Feuerwehr Halberstadt<\/title>\n<meta name=\"robots\" content=\"index, follow, max-snippet:-1, max-image-preview:large, max-video-preview:-1\" \/>\n<link rel=\"canonical\" href=\"https:\/\/www.feuerwehr-halberstadt.de\/?p=16885\" \/>\n<meta property=\"og:locale\" content=\"de_DE\" \/>\n<meta property=\"og:type\" content=\"article\" \/>\n<meta property=\"og:title\" content=\"Wochenbericht Freiwillige Feuerwehr - 26.05. - 01.06.2025 - Feuerwehr Halberstadt\" \/>\n<meta property=\"og:description\" content=\"27.05.2025 \u2013 05:59 UhrB2 \u2013 Wohnungsbrand \u2013 Quedlinburger Stra\u00dfe \u2013 Einsatz 86\/2025Alarmierte Kr\u00e4fte: Einsatzleitdienst, Hauptberufliche Wachbereitschaft, ELW-Gruppe, FF Halberstadt, Rettungsdienst, PolizeiKurzinfo: Bei der Erkundung wurde festgestellt, dass es sich um einen Entstehungsbrand auf dem Herd handelte. Die anfahrenden Kr\u00e4fte der Ortsfeuerwehr Halberstadt konnten den Einsatz abbrechen. 29.05.2025 \u2013 12:07 UhrBMA \u2013 Obdachlosenunterkunft \u2013 Gleimstra\u00dfe \u2013 [&hellip;]\" \/>\n<meta property=\"og:url\" content=\"https:\/\/www.feuerwehr-halberstadt.de\/?p=16885\" \/>\n<meta property=\"og:site_name\" content=\"Feuerwehr Halberstadt\" \/>\n<meta property=\"article:publisher\" content=\"https:\/\/www.facebook.com\/FeuerwehrHalberstadt\/\" \/>\n<meta property=\"article:published_time\" content=\"2025-06-02T14:13:01+00:00\" \/>\n<meta property=\"article:modified_time\" content=\"2025-06-02T14:13:02+00:00\" \/>\n<meta property=\"og:image\" content=\"https:\/\/www.feuerwehr-halberstadt.de\/wp-content\/uploads\/2024\/12\/2_20241219_102734_0001.jpg\" \/>\n\t<meta property=\"og:image:width\" content=\"1920\" \/>\n\t<meta property=\"og:image:height\" content=\"1080\" \/>\n\t<meta property=\"og:image:type\" content=\"image\/jpeg\" \/>\n<meta name=\"author\" content=\"Buchold, Chris\" \/>\n<meta name=\"twitter:card\" content=\"summary_large_image\" \/>\n<meta name=\"twitter:label1\" content=\"Verfasst von\" \/>\n\t<meta name=\"twitter:data1\" content=\"Buchold, Chris\" \/>\n\t<meta name=\"twitter:label2\" content=\"Gesch\u00e4tzte Lesezeit\" \/>\n\t<meta name=\"twitter:data2\" content=\"2\u00a0Minuten\" \/>\n<script type=\"application\/ld+json\" class=\"yoast-schema-graph\">{\"@context\":\"https:\\\/\\\/schema.org\",\"@graph\":[{\"@type\":\"Article\",\"@id\":\"https:\\\/\\\/www.feuerwehr-halberstadt.de\\\/?p=16885#article\",\"isPartOf\":{\"@id\":\"https:\\\/\\\/www.feuerwehr-halberstadt.de\\\/?p=16885\"},\"author\":{\"name\":\"Buchold, Chris\",\"@id\":\"https:\\\/\\\/www.feuerwehr-halberstadt.de\\\/#\\\/schema\\\/person\\\/55ce5d9b46008e58cd3d55d4116ec727\"},\"headline\":\"Wochenbericht Freiwillige Feuerwehr &#8211; 26.05. &#8211; 01.06.2025\",\"datePublished\":\"2025-06-02T14:13:01+00:00\",\"dateModified\":\"2025-06-02T14:13:02+00:00\",\"mainEntityOfPage\":{\"@id\":\"https:\\\/\\\/www.feuerwehr-halberstadt.de\\\/?p=16885\"},\"wordCount\":158,\"publisher\":{\"@id\":\"https:\\\/\\\/www.feuerwehr-halberstadt.de\\\/#organization\"},\"image\":{\"@id\":\"https:\\\/\\\/www.feuerwehr-halberstadt.de\\\/?p=16885#primaryimage\"},\"thumbnailUrl\":\"https:\\\/\\\/www.feuerwehr-halberstadt.de\\\/wp-content\\\/uploads\\\/2024\\\/12\\\/2_20241219_102734_0001.jpg\",\"inLanguage\":\"de\"},{\"@type\":\"WebPage\",\"@id\":\"https:\\\/\\\/www.feuerwehr-halberstadt.de\\\/?p=16885\",\"url\":\"https:\\\/\\\/www.feuerwehr-halberstadt.de\\\/?p=16885\",\"name\":\"Wochenbericht Freiwillige Feuerwehr - 26.05. - 01.06.2025 - Feuerwehr Halberstadt\",\"isPartOf\":{\"@id\":\"https:\\\/\\\/www.feuerwehr-halberstadt.de\\\/#website\"},\"primaryImageOfPage\":{\"@id\":\"https:\\\/\\\/www.feuerwehr-halberstadt.de\\\/?p=16885#primaryimage\"},\"image\":{\"@id\":\"https:\\\/\\\/www.feuerwehr-halberstadt.de\\\/?p=16885#primaryimage\"},\"thumbnailUrl\":\"https:\\\/\\\/www.feuerwehr-halberstadt.de\\\/wp-content\\\/uploads\\\/2024\\\/12\\\/2_20241219_102734_0001.jpg\",\"datePublished\":\"2025-06-02T14:13:01+00:00\",\"dateModified\":\"2025-06-02T14:13:02+00:00\",\"breadcrumb\":{\"@id\":\"https:\\\/\\\/www.feuerwehr-halberstadt.de\\\/?p=16885#breadcrumb\"},\"inLanguage\":\"de\",\"potentialAction\":[{\"@type\":\"ReadAction\",\"target\":[\"https:\\\/\\\/www.feuerwehr-halberstadt.de\\\/?p=16885\"]}]},{\"@type\":\"ImageObject\",\"inLanguage\":\"de\",\"@id\":\"https:\\\/\\\/www.feuerwehr-halberstadt.de\\\/?p=16885#primaryimage\",\"url\":\"https:\\\/\\\/www.feuerwehr-halberstadt.de\\\/wp-content\\\/uploads\\\/2024\\\/12\\\/2_20241219_102734_0001.jpg\",\"contentUrl\":\"https:\\\/\\\/www.feuerwehr-halberstadt.de\\\/wp-content\\\/uploads\\\/2024\\\/12\\\/2_20241219_102734_0001.jpg\",\"width\":1920,\"height\":1080},{\"@type\":\"BreadcrumbList\",\"@id\":\"https:\\\/\\\/www.feuerwehr-halberstadt.de\\\/?p=16885#breadcrumb\",\"itemListElement\":[{\"@type\":\"ListItem\",\"position\":1,\"name\":\"Startseite\",\"item\":\"https:\\\/\\\/www.feuerwehr-halberstadt.de\\\/\"},{\"@type\":\"ListItem\",\"position\":2,\"name\":\"Wochenbericht Freiwillige Feuerwehr &#8211; 26.05. &#8211; 01.06.2025\"}]},{\"@type\":\"WebSite\",\"@id\":\"https:\\\/\\\/www.feuerwehr-halberstadt.de\\\/#website\",\"url\":\"https:\\\/\\\/www.feuerwehr-halberstadt.de\\\/\",\"name\":\"Feuerwehr Halberstadt\",\"description\":\"#imEinsatzf\u00fcrHalberstadt\",\"publisher\":{\"@id\":\"https:\\\/\\\/www.feuerwehr-halberstadt.de\\\/#organization\"},\"potentialAction\":[{\"@type\":\"SearchAction\",\"target\":{\"@type\":\"EntryPoint\",\"urlTemplate\":\"https:\\\/\\\/www.feuerwehr-halberstadt.de\\\/?s={search_term_string}\"},\"query-input\":{\"@type\":\"PropertyValueSpecification\",\"valueRequired\":true,\"valueName\":\"search_term_string\"}}],\"inLanguage\":\"de\"},{\"@type\":\"Organization\",\"@id\":\"https:\\\/\\\/www.feuerwehr-halberstadt.de\\\/#organization\",\"name\":\"Feuerwehr Halberstadt\",\"url\":\"https:\\\/\\\/www.feuerwehr-halberstadt.de\\\/\",\"logo\":{\"@type\":\"ImageObject\",\"inLanguage\":\"de\",\"@id\":\"https:\\\/\\\/www.feuerwehr-halberstadt.de\\\/#\\\/schema\\\/logo\\\/image\\\/\",\"url\":\"https:\\\/\\\/www.feuerwehr-halberstadt.de\\\/wp-content\\\/uploads\\\/2023\\\/10\\\/IMG_0126.png\",\"contentUrl\":\"https:\\\/\\\/www.feuerwehr-halberstadt.de\\\/wp-content\\\/uploads\\\/2023\\\/10\\\/IMG_0126.png\",\"width\":1500,\"height\":399,\"caption\":\"Feuerwehr Halberstadt\"},\"image\":{\"@id\":\"https:\\\/\\\/www.feuerwehr-halberstadt.de\\\/#\\\/schema\\\/logo\\\/image\\\/\"},\"sameAs\":[\"https:\\\/\\\/www.facebook.com\\\/FeuerwehrHalberstadt\\\/\"]},{\"@type\":\"Person\",\"@id\":\"https:\\\/\\\/www.feuerwehr-halberstadt.de\\\/#\\\/schema\\\/person\\\/55ce5d9b46008e58cd3d55d4116ec727\",\"name\":\"Buchold, Chris\",\"image\":{\"@type\":\"ImageObject\",\"inLanguage\":\"de\",\"@id\":\"https:\\\/\\\/secure.gravatar.com\\\/avatar\\\/bff08a084f0390bf8a93fc28c488452766ba521109cec244ac64210fdd500a49?s=96&d=mm&r=g\",\"url\":\"https:\\\/\\\/secure.gravatar.com\\\/avatar\\\/bff08a084f0390bf8a93fc28c488452766ba521109cec244ac64210fdd500a49?s=96&d=mm&r=g\",\"contentUrl\":\"https:\\\/\\\/secure.gravatar.com\\\/avatar\\\/bff08a084f0390bf8a93fc28c488452766ba521109cec244ac64210fdd500a49?s=96&d=mm&r=g\",\"caption\":\"Buchold, Chris\"},\"url\":\"https:\\\/\\\/www.feuerwehr-halberstadt.de\\\/?author=3\"}]}<\/script>\n<!-- \/ Yoast SEO plugin. -->","yoast_head_json":{"title":"Wochenbericht Freiwillige Feuerwehr - 26.05. - 01.06.2025 - Feuerwehr Halberstadt","robots":{"index":"index","follow":"follow","max-snippet":"max-snippet:-1","max-image-preview":"max-image-preview:large","max-video-preview":"max-video-preview:-1"},"canonical":"https:\/\/www.feuerwehr-halberstadt.de\/?p=16885","og_locale":"de_DE","og_type":"article","og_title":"Wochenbericht Freiwillige Feuerwehr - 26.05. - 01.06.2025 - Feuerwehr Halberstadt","og_description":"27.05.2025 \u2013 05:59 UhrB2 \u2013 Wohnungsbrand \u2013 Quedlinburger Stra\u00dfe \u2013 Einsatz 86\/2025Alarmierte Kr\u00e4fte: Einsatzleitdienst, Hauptberufliche Wachbereitschaft, ELW-Gruppe, FF Halberstadt, Rettungsdienst, PolizeiKurzinfo: Bei der Erkundung wurde festgestellt, dass es sich um einen Entstehungsbrand auf dem Herd handelte. Die anfahrenden Kr\u00e4fte der Ortsfeuerwehr Halberstadt konnten den Einsatz abbrechen. 29.05.2025 \u2013 12:07 UhrBMA \u2013 Obdachlosenunterkunft \u2013 Gleimstra\u00dfe \u2013 [&hellip;]","og_url":"https:\/\/www.feuerwehr-halberstadt.de\/?p=16885","og_site_name":"Feuerwehr Halberstadt","article_publisher":"https:\/\/www.facebook.com\/FeuerwehrHalberstadt\/","article_published_time":"2025-06-02T14:13:01+00:00","article_modified_time":"2025-06-02T14:13:02+00:00","og_image":[{"width":1920,"height":1080,"url":"https:\/\/www.feuerwehr-halberstadt.de\/wp-content\/uploads\/2024\/12\/2_20241219_102734_0001.jpg","type":"image\/jpeg"}],"author":"Buchold, Chris","twitter_card":"summary_large_image","twitter_misc":{"Verfasst von":"Buchold, Chris","Gesch\u00e4tzte Lesezeit":"2\u00a0Minuten"},"schema":{"@context":"https:\/\/schema.org","@graph":[{"@type":"Article","@id":"https:\/\/www.feuerwehr-halberstadt.de\/?p=16885#article","isPartOf":{"@id":"https:\/\/www.feuerwehr-halberstadt.de\/?p=16885"},"author":{"name":"Buchold, Chris","@id":"https:\/\/www.feuerwehr-halberstadt.de\/#\/schema\/person\/55ce5d9b46008e58cd3d55d4116ec727"},"headline":"Wochenbericht Freiwillige Feuerwehr &#8211; 26.05. &#8211; 01.06.2025","datePublished":"2025-06-02T14:13:01+00:00","dateModified":"2025-06-02T14:13:02+00:00","mainEntityOfPage":{"@id":"https:\/\/www.feuerwehr-halberstadt.de\/?p=16885"},"wordCount":158,"publisher":{"@id":"https:\/\/www.feuerwehr-halberstadt.de\/#organization"},"image":{"@id":"https:\/\/www.feuerwehr-halberstadt.de\/?p=16885#primaryimage"},"thumbnailUrl":"https:\/\/www.feuerwehr-halberstadt.de\/wp-content\/uploads\/2024\/12\/2_20241219_102734_0001.jpg","inLanguage":"de"},{"@type":"WebPage","@id":"https:\/\/www.feuerwehr-halberstadt.de\/?p=16885","url":"https:\/\/www.feuerwehr-halberstadt.de\/?p=16885","name":"Wochenbericht Freiwillige Feuerwehr - 26.05. - 01.06.2025 - Feuerwehr Halberstadt","isPartOf":{"@id":"https:\/\/www.feuerwehr-halberstadt.de\/#website"},"primaryImageOfPage":{"@id":"https:\/\/www.feuerwehr-halberstadt.de\/?p=16885#primaryimage"},"image":{"@id":"https:\/\/www.feuerwehr-halberstadt.de\/?p=16885#primaryimage"},"thumbnailUrl":"https:\/\/www.feuerwehr-halberstadt.de\/wp-content\/uploads\/2024\/12\/2_20241219_102734_0001.jpg","datePublished":"2025-06-02T14:13:01+00:00","dateModified":"2025-06-02T14:13:02+00:00","breadcrumb":{"@id":"https:\/\/www.feuerwehr-halberstadt.de\/?p=16885#breadcrumb"},"inLanguage":"de","potentialAction":[{"@type":"ReadAction","target":["https:\/\/www.feuerwehr-halberstadt.de\/?p=16885"]}]},{"@type":"ImageObject","inLanguage":"de","@id":"https:\/\/www.feuerwehr-halberstadt.de\/?p=16885#primaryimage","url":"https:\/\/www.feuerwehr-halberstadt.de\/wp-content\/uploads\/2024\/12\/2_20241219_102734_0001.jpg","contentUrl":"https:\/\/www.feuerwehr-halberstadt.de\/wp-content\/uploads\/2024\/12\/2_20241219_102734_0001.jpg","width":1920,"height":1080},{"@type":"BreadcrumbList","@id":"https:\/\/www.feuerwehr-halberstadt.de\/?p=16885#breadcrumb","itemListElement":[{"@type":"ListItem","position":1,"name":"Startseite","item":"https:\/\/www.feuerwehr-halberstadt.de\/"},{"@type":"ListItem","position":2,"name":"Wochenbericht Freiwillige Feuerwehr &#8211; 26.05. &#8211; 01.06.2025"}]},{"@type":"WebSite","@id":"https:\/\/www.feuerwehr-halberstadt.de\/#website","url":"https:\/\/www.feuerwehr-halberstadt.de\/","name":"Feuerwehr Halberstadt","description":"#imEinsatzf\u00fcrHalberstadt","publisher":{"@id":"https:\/\/www.feuerwehr-halberstadt.de\/#organization"},"potentialAction":[{"@type":"SearchAction","target":{"@type":"EntryPoint","urlTemplate":"https:\/\/www.feuerwehr-halberstadt.de\/?s={search_term_string}"},"query-input":{"@type":"PropertyValueSpecification","valueRequired":true,"valueName":"search_term_string"}}],"inLanguage":"de"},{"@type":"Organization","@id":"https:\/\/www.feuerwehr-halberstadt.de\/#organization","name":"Feuerwehr Halberstadt","url":"https:\/\/www.feuerwehr-halberstadt.de\/","logo":{"@type":"ImageObject","inLanguage":"de","@id":"https:\/\/www.feuerwehr-halberstadt.de\/#\/schema\/logo\/image\/","url":"https:\/\/www.feuerwehr-halberstadt.de\/wp-content\/uploads\/2023\/10\/IMG_0126.png","contentUrl":"https:\/\/www.feuerwehr-halberstadt.de\/wp-content\/uploads\/2023\/10\/IMG_0126.png","width":1500,"height":399,"caption":"Feuerwehr Halberstadt"},"image":{"@id":"https:\/\/www.feuerwehr-halberstadt.de\/#\/schema\/logo\/image\/"},"sameAs":["https:\/\/www.facebook.com\/FeuerwehrHalberstadt\/"]},{"@type":"Person","@id":"https:\/\/www.feuerwehr-halberstadt.de\/#\/schema\/person\/55ce5d9b46008e58cd3d55d4116ec727","name":"Buchold, Chris","image":{"@type":"ImageObject","inLanguage":"de","@id":"https:\/\/secure.gravatar.com\/avatar\/bff08a084f0390bf8a93fc28c488452766ba521109cec244ac64210fdd500a49?s=96&d=mm&r=g","url":"https:\/\/secure.gravatar.com\/avatar\/bff08a084f0390bf8a93fc28c488452766ba521109cec244ac64210fdd500a49?s=96&d=mm&r=g","contentUrl":"https:\/\/secure.gravatar.com\/avatar\/bff08a084f0390bf8a93fc28c488452766ba521109cec244ac64210fdd500a49?s=96&d=mm&r=g","caption":"Buchold, Chris"},"url":"https:\/\/www.feuerwehr-halberstadt.de\/?author=3"}]}},"_links":{"self":[{"href":"https:\/\/www.feuerwehr-halberstadt.de\/index.php?rest_route=\/wp\/v2\/posts\/16885","targetHints":{"allow":["GET"]}}],"collection":[{"href":"https:\/\/www.feuerwehr-halberstadt.de\/index.php?rest_route=\/wp\/v2\/posts"}],"about":[{"href":"https:\/\/www.feuerwehr-halberstadt.de\/index.php?rest_route=\/wp\/v2\/types\/post"}],"author":[{"embeddable":true,"href":"https:\/\/www.feuerwehr-halberstadt.de\/index.php?rest_route=\/wp\/v2\/users\/3"}],"replies":[{"embeddable":true,"href":"https:\/\/www.feuerwehr-halberstadt.de\/index.php?rest_route=%2Fwp%2Fv2%2Fcomments&post=16885"}],"version-history":[{"count":6,"href":"https:\/\/www.feuerwehr-halberstadt.de\/index.php?rest_route=\/wp\/v2\/posts\/16885\/revisions"}],"predecessor-version":[{"id":16895,"href":"https:\/\/www.feuerwehr-halberstadt.de\/index.php?rest_route=\/wp\/v2\/posts\/16885\/revisions\/16895"}],"wp:featuredmedia":[{"embeddable":true,"href":"https:\/\/www.feuerwehr-halberstadt.de\/index.php?rest_route=\/wp\/v2\/media\/15878"}],"wp:attachment":[{"href":"https:\/\/www.feuerwehr-halberstadt.de\/index.php?rest_route=%2Fwp%2Fv2%2Fmedia&parent=16885"}],"wp:term":[{"taxonomy":"category","embeddable":true,"href":"https:\/\/www.feuerwehr-halberstadt.de\/index.php?rest_route=%2Fwp%2Fv2%2Fcategories&post=16885"},{"taxonomy":"post_tag","embeddable":true,"href":"https:\/\/www.feuerwehr-halberstadt.de\/index.php?rest_route=%2Fwp%2Fv2%2Ftags&post=16885"}],"curies":[{"name":"wp","href":"https:\/\/api.w.org\/{rel}","templated":true}]}}