{"id":16623,"date":"2025-04-08T18:56:20","date_gmt":"2025-04-08T16:56:20","guid":{"rendered":"https:\/\/www.feuerwehr-halberstadt.de\/?p=16623"},"modified":"2025-04-08T18:56:20","modified_gmt":"2025-04-08T16:56:20","slug":"gedenken-zum-80-jahrestag-der-zerstoerung-halberstadts","status":"publish","type":"post","link":"https:\/\/www.feuerwehr-halberstadt.de\/?p=16623","title":{"rendered":"Gedenken zum 80. Jahrestag der Zerst\u00f6rung Halberstadts"},"content":{"rendered":"\n<p>Der 8. April 1945, der schrecklichste Tag in der Geschichte unserer Stadt, j\u00e4hrt sich nun zum 80. Mal. Neben zahlreichen Halberst\u00e4dter B\u00fcrgern und Vertretern aus der Politik, kamen auch einige Kameradinnen und Kameraden der Feuerwehr zum Gedenken an die Ruine der Franzosenkirche.<\/p>\n\n\n\n<p>Die Feuerwehr Halberstadt stand 1945 vor einem Tr\u00fcmmerhaufen. Ein gro\u00dfer Teil der Fahrzeuge, Ger\u00e4te und des Schlauchmaterials war den Brandbomben der Amerikaner zum Opfer gefallen. Die Feuerwache in der Krebsschere wurde vollst\u00e4ndig zerst\u00f6rt. Damit war die Berufs- und Freiwillige Feuerwehr ohne Ger\u00e4tehaus. Die nichtzerst\u00f6rte Feuerwache der ehemaligen Junkers-Werke bot zumindest eine gute Unterkunft f\u00fcr die Feuerwehr.<\/p>\n\n\n\n<p>Es war eine w\u00fcrdevolle Veranstaltung, die sowohl an die schrecklichen Ereignisse als auch an den Wiederaufbau der Stadt erinnerte.<\/p>\n\n\n\n<p>Mit der Rezitation aus dem Halberst\u00e4dter Requiem von Georg Faulhaber erlebten die Anwesenden einen sehr emotionalen Moment. Eine besondere Ehre erwiesen mit ihrem Besuch die G\u00e4ste der 2. und folgenden Generationen der Opfer des Konzentrationslagers Langenstein-Zwieberge, darunter Marcin Stankiewicz. Seine Rede, gepr\u00e4gt von Mahnung und Vers\u00f6hnung, wurde von Dr. Gero Fedtke, dem Leiter der Gedenkst\u00e4tte, \u00fcbersetzt.<\/p>\n\n\n\n<p>F\u00fcr den musikalischen Beitrag sorgte das Bl\u00e4serquartett des Nordharzer St\u00e4dtebundtheaters.<\/p>\n\n\n\n<p>In seiner Ansprache zitierte Oberb\u00fcrgermeister Szarata aus einem Brief von Dagmar<br>Ortmann, den sie ihn vor wenigen Tagen zusandte. Sie musste als Kind den schrecklichen Tag erleben und leistete sp\u00e4ter ihren Beitrag zum Wiederaufbau der Stadt.<\/p>\n\n\n\n<p>Als pers\u00f6nliches Anliegen formulierte Daniel Szarata in seiner Rede abschlie\u00dfend den Wunsch nach Frieden in der ganzen Welt \u2013 und ein klares \u201eNie wieder\u201c.<\/p>\n\n\n\n<figure class=\"wp-block-gallery has-nested-images columns-default is-cropped wp-block-gallery-1 is-layout-flex wp-block-gallery-is-layout-flex\">\n<figure class=\"wp-block-image size-large\"><img loading=\"lazy\" decoding=\"async\" width=\"1024\" height=\"683\" data-id=\"16640\" src=\"https:\/\/www.feuerwehr-halberstadt.de\/wp-content\/uploads\/2025\/04\/IMG_9586-1-1024x683.jpeg\" alt=\"\" class=\"wp-image-16640\" srcset=\"https:\/\/www.feuerwehr-halberstadt.de\/wp-content\/uploads\/2025\/04\/IMG_9586-1-1024x683.jpeg 1024w, https:\/\/www.feuerwehr-halberstadt.de\/wp-content\/uploads\/2025\/04\/IMG_9586-1-300x200.jpeg 300w, https:\/\/www.feuerwehr-halberstadt.de\/wp-content\/uploads\/2025\/04\/IMG_9586-1-768x512.jpeg 768w, https:\/\/www.feuerwehr-halberstadt.de\/wp-content\/uploads\/2025\/04\/IMG_9586-1-1536x1025.jpeg 1536w, https:\/\/www.feuerwehr-halberstadt.de\/wp-content\/uploads\/2025\/04\/IMG_9586-1.jpeg 2048w\" sizes=\"auto, (max-width: 1024px) 100vw, 1024px\" \/><\/figure>\n\n\n\n<figure class=\"wp-block-image size-large\"><img loading=\"lazy\" decoding=\"async\" width=\"1024\" height=\"683\" data-id=\"16641\" src=\"https:\/\/www.feuerwehr-halberstadt.de\/wp-content\/uploads\/2025\/04\/IMG_9585-1-1024x683.jpeg\" alt=\"\" class=\"wp-image-16641\" srcset=\"https:\/\/www.feuerwehr-halberstadt.de\/wp-content\/uploads\/2025\/04\/IMG_9585-1-1024x683.jpeg 1024w, https:\/\/www.feuerwehr-halberstadt.de\/wp-content\/uploads\/2025\/04\/IMG_9585-1-300x200.jpeg 300w, https:\/\/www.feuerwehr-halberstadt.de\/wp-content\/uploads\/2025\/04\/IMG_9585-1-768x512.jpeg 768w, https:\/\/www.feuerwehr-halberstadt.de\/wp-content\/uploads\/2025\/04\/IMG_9585-1-1536x1025.jpeg 1536w, https:\/\/www.feuerwehr-halberstadt.de\/wp-content\/uploads\/2025\/04\/IMG_9585-1.jpeg 2048w\" sizes=\"auto, (max-width: 1024px) 100vw, 1024px\" \/><\/figure>\n\n\n\n<figure class=\"wp-block-image size-large\"><img loading=\"lazy\" decoding=\"async\" width=\"1024\" height=\"683\" data-id=\"16639\" src=\"https:\/\/www.feuerwehr-halberstadt.de\/wp-content\/uploads\/2025\/04\/IMG_9584-1-1024x683.jpeg\" alt=\"\" class=\"wp-image-16639\" srcset=\"https:\/\/www.feuerwehr-halberstadt.de\/wp-content\/uploads\/2025\/04\/IMG_9584-1-1024x683.jpeg 1024w, https:\/\/www.feuerwehr-halberstadt.de\/wp-content\/uploads\/2025\/04\/IMG_9584-1-300x200.jpeg 300w, https:\/\/www.feuerwehr-halberstadt.de\/wp-content\/uploads\/2025\/04\/IMG_9584-1-768x512.jpeg 768w, https:\/\/www.feuerwehr-halberstadt.de\/wp-content\/uploads\/2025\/04\/IMG_9584-1-1536x1025.jpeg 1536w, https:\/\/www.feuerwehr-halberstadt.de\/wp-content\/uploads\/2025\/04\/IMG_9584-1.jpeg 2048w\" sizes=\"auto, (max-width: 1024px) 100vw, 1024px\" \/><\/figure>\n<\/figure>\n\n\n\n<hr class=\"wp-block-separator has-alpha-channel-opacity\"\/>\n\n\n\n<p><strong>Die Angriffe auf<\/strong> <strong>Halberstadt:<\/strong><\/p>\n\n\n\n<p>Der Luftkrieg und die Bombardierung von &#8222;feindlichen&#8220; St\u00e4dten und Industrieanlagen begannen 1940. So sp\u00fcrten auch Halberstadts B\u00fcrger die furchtbaren Luftangriffe.&nbsp;Die Stadt erlebte 10 Luftangriffe. Die ersten hatten die Junkers-Flugzeugwerke, den Flugplatz und den Bahnhof als Ziel.<\/p>\n\n\n\n<p>Am 7. April 1945 griffen Jagdbomber einen auf dem Hauptbahnhof abgestellten Munitionszug an. Die Seeminen, mit denen der Zug beladen war, explodierten.&nbsp;Der Bahnhof mit Geb\u00e4uden und Gleisanlagen wurde zerst\u00f6rt, der Zugverkehr musste komplett eingestellt werden. Luftdrucksch\u00e4den gab es in weiten Teilen des Stadtgebietes.<\/p>\n\n\n\n<p>Nur einen Tag sp\u00e4ter, am 8. April 1945, erfolgte der zehnte und schwerste Luftangriff auf Halberstadt.&nbsp;Von verschiedenen Flugpl\u00e4tzen in Mittelengland starteten gegen 9.00 Uhr, 215 amerikanische Fernbomber des Typs B-17, die durch &#8222;Mustang&#8220;-Langstreckenj\u00e4ger begleitet wurden.&nbsp;Um 11.10 Uhr wurde Luftalarm ausgel\u00f6st. Schon 11.25 Uhr n\u00e4herten sich die ersten Bomber aus s\u00fcdwestlicher Richtung. Nach dem Setzen von Rauchzeichen fielen die ersten Bomben auf das Stadtzentrum. Die n\u00e4chsten Wellen warfen in kurzen Zeitabst\u00e4nden ihre Bomben auf das Stadtzentrum. Die Flieger flogen f\u00e4cherf\u00f6rmig \u00fcber die Stadt, Drehpunkt war wahrscheinlich das Lyzeum und der K\u00e4the-Kollwitz-Platz.&nbsp;Durch dieses Verfahren wollte man eine gro\u00dfe Trefferquote und h\u00f6chstm\u00f6gliche Vernichtung erreichen.&nbsp;Die letzten Bomben wurden 11.45 Uhr abgeworfen. Eine Entwarnung konnte nicht mehr erfolgen, da das Warnsystem komplett zerst\u00f6rt war.<\/p>\n\n\n\n<p>504 Tonnen Sprengbomben und 50 Tonnen Brandbomben wurden auf die Stadt abgeworfen.&nbsp;Die Folgen waren ersch\u00fctternd. Auf einer Fl\u00e4che von 1,1 km\u00b2 lagen ca. 1,5 Millionen m\u00b3 Schutt und Tr\u00fcmmer. Ungef\u00e4hr 2000 Tote waren bei den 10 Luftangriffen zu beklagen und etwa 25.000 Halberst\u00e4dter waren obdachlos geworden. Die Versorgung mit Gas, Wasser und Strom musste eingestellt werden, da die Leitungsnetze zerst\u00f6rt waren. Eisenbahnen und Stra\u00dfenbahnen konnten nicht mehr fahren, Fahrzeuge, Schienen und Oberleitungen waren besch\u00e4digt.&nbsp;Die Stadt war in eine riesige Rauchwolke geh\u00fcllt, die Br\u00e4nde w\u00fcteten drei Tage.&nbsp;Am 11. April 1945 wurde die Stadt durch amerikanische Truppen besetzt, f\u00fcr die Halberst\u00e4dter war der Krieg &#8222;offiziell&#8220; beendet.<\/p>\n\n\n\n<p>Quelle: Buch &#8222;Halberstadt brennt&#8220; von Werner Hartmann<\/p>\n\n\n\n<figure class=\"wp-block-gallery has-nested-images columns-2 is-cropped wp-block-gallery-2 is-layout-flex wp-block-gallery-is-layout-flex\">\n<figure class=\"wp-block-image size-large\"><img loading=\"lazy\" decoding=\"async\" width=\"780\" height=\"480\" data-id=\"16630\" src=\"https:\/\/www.feuerwehr-halberstadt.de\/wp-content\/uploads\/2025\/04\/IMG_9547.jpeg\" alt=\"\" class=\"wp-image-16630\" srcset=\"https:\/\/www.feuerwehr-halberstadt.de\/wp-content\/uploads\/2025\/04\/IMG_9547.jpeg 780w, https:\/\/www.feuerwehr-halberstadt.de\/wp-content\/uploads\/2025\/04\/IMG_9547-300x185.jpeg 300w, https:\/\/www.feuerwehr-halberstadt.de\/wp-content\/uploads\/2025\/04\/IMG_9547-768x473.jpeg 768w\" sizes=\"auto, (max-width: 780px) 100vw, 780px\" \/><\/figure>\n\n\n\n<figure class=\"wp-block-image size-large\"><img loading=\"lazy\" decoding=\"async\" width=\"350\" height=\"250\" data-id=\"16631\" src=\"https:\/\/www.feuerwehr-halberstadt.de\/wp-content\/uploads\/2025\/04\/IMG_9550.jpeg\" alt=\"\" class=\"wp-image-16631\" srcset=\"https:\/\/www.feuerwehr-halberstadt.de\/wp-content\/uploads\/2025\/04\/IMG_9550.jpeg 350w, https:\/\/www.feuerwehr-halberstadt.de\/wp-content\/uploads\/2025\/04\/IMG_9550-300x214.jpeg 300w\" sizes=\"auto, (max-width: 350px) 100vw, 350px\" \/><\/figure>\n\n\n\n<figure class=\"wp-block-image size-large\"><img loading=\"lazy\" decoding=\"async\" width=\"350\" height=\"250\" data-id=\"16629\" src=\"https:\/\/www.feuerwehr-halberstadt.de\/wp-content\/uploads\/2025\/04\/IMG_9548.jpeg\" alt=\"\" class=\"wp-image-16629\" srcset=\"https:\/\/www.feuerwehr-halberstadt.de\/wp-content\/uploads\/2025\/04\/IMG_9548.jpeg 350w, https:\/\/www.feuerwehr-halberstadt.de\/wp-content\/uploads\/2025\/04\/IMG_9548-300x214.jpeg 300w\" sizes=\"auto, (max-width: 350px) 100vw, 350px\" \/><\/figure>\n\n\n\n<figure class=\"wp-block-image size-large\"><img loading=\"lazy\" decoding=\"async\" width=\"350\" height=\"250\" data-id=\"16632\" src=\"https:\/\/www.feuerwehr-halberstadt.de\/wp-content\/uploads\/2025\/04\/IMG_9549.jpeg\" alt=\"\" class=\"wp-image-16632\" srcset=\"https:\/\/www.feuerwehr-halberstadt.de\/wp-content\/uploads\/2025\/04\/IMG_9549.jpeg 350w, https:\/\/www.feuerwehr-halberstadt.de\/wp-content\/uploads\/2025\/04\/IMG_9549-300x214.jpeg 300w\" sizes=\"auto, (max-width: 350px) 100vw, 350px\" \/><\/figure>\n<\/figure>\n","protected":false},"excerpt":{"rendered":"<p>Der 8. April 1945, der schrecklichste Tag in der Geschichte unserer Stadt, j\u00e4hrt sich nun zum 80. Mal. Neben zahlreichen Halberst\u00e4dter B\u00fcrgern und Vertretern aus der Politik, kamen auch einige Kameradinnen und Kameraden der Feuerwehr zum Gedenken an die Ruine der Franzosenkirche. Die Feuerwehr Halberstadt stand 1945 vor einem Tr\u00fcmmerhaufen. Ein gro\u00dfer Teil der Fahrzeuge, [&hellip;]<\/p>\n","protected":false},"author":3,"featured_media":16634,"comment_status":"closed","ping_status":"closed","sticky":false,"template":"","format":"standard","meta":{"_acf_changed":false,"footnotes":""},"categories":[9],"tags":[],"class_list":["post-16623","post","type-post","status-publish","format-standard","has-post-thumbnail","hentry","category-allgemein"],"acf":[],"yoast_head":"<!-- This site is optimized with the Yoast SEO plugin v27.4 - https:\/\/yoast.com\/product\/yoast-seo-wordpress\/ -->\n<title>Gedenken zum 80. Jahrestag der Zerst\u00f6rung Halberstadts - Feuerwehr Halberstadt<\/title>\n<meta name=\"robots\" content=\"index, follow, max-snippet:-1, max-image-preview:large, max-video-preview:-1\" \/>\n<link rel=\"canonical\" href=\"https:\/\/www.feuerwehr-halberstadt.de\/?p=16623\" \/>\n<meta property=\"og:locale\" content=\"de_DE\" \/>\n<meta property=\"og:type\" content=\"article\" \/>\n<meta property=\"og:title\" content=\"Gedenken zum 80. Jahrestag der Zerst\u00f6rung Halberstadts - Feuerwehr Halberstadt\" \/>\n<meta property=\"og:description\" content=\"Der 8. April 1945, der schrecklichste Tag in der Geschichte unserer Stadt, j\u00e4hrt sich nun zum 80. Mal. Neben zahlreichen Halberst\u00e4dter B\u00fcrgern und Vertretern aus der Politik, kamen auch einige Kameradinnen und Kameraden der Feuerwehr zum Gedenken an die Ruine der Franzosenkirche. Die Feuerwehr Halberstadt stand 1945 vor einem Tr\u00fcmmerhaufen. Ein gro\u00dfer Teil der Fahrzeuge, [&hellip;]\" \/>\n<meta property=\"og:url\" content=\"https:\/\/www.feuerwehr-halberstadt.de\/?p=16623\" \/>\n<meta property=\"og:site_name\" content=\"Feuerwehr Halberstadt\" \/>\n<meta property=\"article:publisher\" content=\"https:\/\/www.facebook.com\/FeuerwehrHalberstadt\/\" \/>\n<meta property=\"article:published_time\" content=\"2025-04-08T16:56:20+00:00\" \/>\n<meta property=\"og:image\" content=\"https:\/\/www.feuerwehr-halberstadt.de\/wp-content\/uploads\/2025\/04\/7f0d042d-2a78-4c33-976a-d3f705851913.jpeg\" \/>\n\t<meta property=\"og:image:width\" content=\"1280\" \/>\n\t<meta property=\"og:image:height\" content=\"853\" \/>\n\t<meta property=\"og:image:type\" content=\"image\/jpeg\" \/>\n<meta name=\"author\" content=\"Buchold, Chris\" \/>\n<meta name=\"twitter:card\" content=\"summary_large_image\" \/>\n<meta name=\"twitter:label1\" content=\"Verfasst von\" \/>\n\t<meta name=\"twitter:data1\" content=\"Buchold, Chris\" \/>\n\t<meta name=\"twitter:label2\" content=\"Gesch\u00e4tzte Lesezeit\" \/>\n\t<meta name=\"twitter:data2\" content=\"5\u00a0Minuten\" \/>\n<script type=\"application\/ld+json\" class=\"yoast-schema-graph\">{\"@context\":\"https:\\\/\\\/schema.org\",\"@graph\":[{\"@type\":\"Article\",\"@id\":\"https:\\\/\\\/www.feuerwehr-halberstadt.de\\\/?p=16623#article\",\"isPartOf\":{\"@id\":\"https:\\\/\\\/www.feuerwehr-halberstadt.de\\\/?p=16623\"},\"author\":{\"name\":\"Buchold, Chris\",\"@id\":\"https:\\\/\\\/www.feuerwehr-halberstadt.de\\\/#\\\/schema\\\/person\\\/55ce5d9b46008e58cd3d55d4116ec727\"},\"headline\":\"Gedenken zum 80. Jahrestag der Zerst\u00f6rung Halberstadts\",\"datePublished\":\"2025-04-08T16:56:20+00:00\",\"mainEntityOfPage\":{\"@id\":\"https:\\\/\\\/www.feuerwehr-halberstadt.de\\\/?p=16623\"},\"wordCount\":613,\"publisher\":{\"@id\":\"https:\\\/\\\/www.feuerwehr-halberstadt.de\\\/#organization\"},\"image\":{\"@id\":\"https:\\\/\\\/www.feuerwehr-halberstadt.de\\\/?p=16623#primaryimage\"},\"thumbnailUrl\":\"https:\\\/\\\/www.feuerwehr-halberstadt.de\\\/wp-content\\\/uploads\\\/2025\\\/04\\\/7f0d042d-2a78-4c33-976a-d3f705851913.jpeg\",\"inLanguage\":\"de\"},{\"@type\":\"WebPage\",\"@id\":\"https:\\\/\\\/www.feuerwehr-halberstadt.de\\\/?p=16623\",\"url\":\"https:\\\/\\\/www.feuerwehr-halberstadt.de\\\/?p=16623\",\"name\":\"Gedenken zum 80. Jahrestag der Zerst\u00f6rung Halberstadts - Feuerwehr Halberstadt\",\"isPartOf\":{\"@id\":\"https:\\\/\\\/www.feuerwehr-halberstadt.de\\\/#website\"},\"primaryImageOfPage\":{\"@id\":\"https:\\\/\\\/www.feuerwehr-halberstadt.de\\\/?p=16623#primaryimage\"},\"image\":{\"@id\":\"https:\\\/\\\/www.feuerwehr-halberstadt.de\\\/?p=16623#primaryimage\"},\"thumbnailUrl\":\"https:\\\/\\\/www.feuerwehr-halberstadt.de\\\/wp-content\\\/uploads\\\/2025\\\/04\\\/7f0d042d-2a78-4c33-976a-d3f705851913.jpeg\",\"datePublished\":\"2025-04-08T16:56:20+00:00\",\"breadcrumb\":{\"@id\":\"https:\\\/\\\/www.feuerwehr-halberstadt.de\\\/?p=16623#breadcrumb\"},\"inLanguage\":\"de\",\"potentialAction\":[{\"@type\":\"ReadAction\",\"target\":[\"https:\\\/\\\/www.feuerwehr-halberstadt.de\\\/?p=16623\"]}]},{\"@type\":\"ImageObject\",\"inLanguage\":\"de\",\"@id\":\"https:\\\/\\\/www.feuerwehr-halberstadt.de\\\/?p=16623#primaryimage\",\"url\":\"https:\\\/\\\/www.feuerwehr-halberstadt.de\\\/wp-content\\\/uploads\\\/2025\\\/04\\\/7f0d042d-2a78-4c33-976a-d3f705851913.jpeg\",\"contentUrl\":\"https:\\\/\\\/www.feuerwehr-halberstadt.de\\\/wp-content\\\/uploads\\\/2025\\\/04\\\/7f0d042d-2a78-4c33-976a-d3f705851913.jpeg\",\"width\":1280,\"height\":853},{\"@type\":\"BreadcrumbList\",\"@id\":\"https:\\\/\\\/www.feuerwehr-halberstadt.de\\\/?p=16623#breadcrumb\",\"itemListElement\":[{\"@type\":\"ListItem\",\"position\":1,\"name\":\"Startseite\",\"item\":\"https:\\\/\\\/www.feuerwehr-halberstadt.de\\\/\"},{\"@type\":\"ListItem\",\"position\":2,\"name\":\"Gedenken zum 80. Jahrestag der Zerst\u00f6rung Halberstadts\"}]},{\"@type\":\"WebSite\",\"@id\":\"https:\\\/\\\/www.feuerwehr-halberstadt.de\\\/#website\",\"url\":\"https:\\\/\\\/www.feuerwehr-halberstadt.de\\\/\",\"name\":\"Feuerwehr Halberstadt\",\"description\":\"#imEinsatzf\u00fcrHalberstadt\",\"publisher\":{\"@id\":\"https:\\\/\\\/www.feuerwehr-halberstadt.de\\\/#organization\"},\"potentialAction\":[{\"@type\":\"SearchAction\",\"target\":{\"@type\":\"EntryPoint\",\"urlTemplate\":\"https:\\\/\\\/www.feuerwehr-halberstadt.de\\\/?s={search_term_string}\"},\"query-input\":{\"@type\":\"PropertyValueSpecification\",\"valueRequired\":true,\"valueName\":\"search_term_string\"}}],\"inLanguage\":\"de\"},{\"@type\":\"Organization\",\"@id\":\"https:\\\/\\\/www.feuerwehr-halberstadt.de\\\/#organization\",\"name\":\"Feuerwehr Halberstadt\",\"url\":\"https:\\\/\\\/www.feuerwehr-halberstadt.de\\\/\",\"logo\":{\"@type\":\"ImageObject\",\"inLanguage\":\"de\",\"@id\":\"https:\\\/\\\/www.feuerwehr-halberstadt.de\\\/#\\\/schema\\\/logo\\\/image\\\/\",\"url\":\"https:\\\/\\\/www.feuerwehr-halberstadt.de\\\/wp-content\\\/uploads\\\/2023\\\/10\\\/IMG_0126.png\",\"contentUrl\":\"https:\\\/\\\/www.feuerwehr-halberstadt.de\\\/wp-content\\\/uploads\\\/2023\\\/10\\\/IMG_0126.png\",\"width\":1500,\"height\":399,\"caption\":\"Feuerwehr Halberstadt\"},\"image\":{\"@id\":\"https:\\\/\\\/www.feuerwehr-halberstadt.de\\\/#\\\/schema\\\/logo\\\/image\\\/\"},\"sameAs\":[\"https:\\\/\\\/www.facebook.com\\\/FeuerwehrHalberstadt\\\/\"]},{\"@type\":\"Person\",\"@id\":\"https:\\\/\\\/www.feuerwehr-halberstadt.de\\\/#\\\/schema\\\/person\\\/55ce5d9b46008e58cd3d55d4116ec727\",\"name\":\"Buchold, Chris\",\"image\":{\"@type\":\"ImageObject\",\"inLanguage\":\"de\",\"@id\":\"https:\\\/\\\/secure.gravatar.com\\\/avatar\\\/bff08a084f0390bf8a93fc28c488452766ba521109cec244ac64210fdd500a49?s=96&d=mm&r=g\",\"url\":\"https:\\\/\\\/secure.gravatar.com\\\/avatar\\\/bff08a084f0390bf8a93fc28c488452766ba521109cec244ac64210fdd500a49?s=96&d=mm&r=g\",\"contentUrl\":\"https:\\\/\\\/secure.gravatar.com\\\/avatar\\\/bff08a084f0390bf8a93fc28c488452766ba521109cec244ac64210fdd500a49?s=96&d=mm&r=g\",\"caption\":\"Buchold, Chris\"},\"url\":\"https:\\\/\\\/www.feuerwehr-halberstadt.de\\\/?author=3\"}]}<\/script>\n<!-- \/ Yoast SEO plugin. -->","yoast_head_json":{"title":"Gedenken zum 80. Jahrestag der Zerst\u00f6rung Halberstadts - Feuerwehr Halberstadt","robots":{"index":"index","follow":"follow","max-snippet":"max-snippet:-1","max-image-preview":"max-image-preview:large","max-video-preview":"max-video-preview:-1"},"canonical":"https:\/\/www.feuerwehr-halberstadt.de\/?p=16623","og_locale":"de_DE","og_type":"article","og_title":"Gedenken zum 80. Jahrestag der Zerst\u00f6rung Halberstadts - Feuerwehr Halberstadt","og_description":"Der 8. April 1945, der schrecklichste Tag in der Geschichte unserer Stadt, j\u00e4hrt sich nun zum 80. Mal. Neben zahlreichen Halberst\u00e4dter B\u00fcrgern und Vertretern aus der Politik, kamen auch einige Kameradinnen und Kameraden der Feuerwehr zum Gedenken an die Ruine der Franzosenkirche. Die Feuerwehr Halberstadt stand 1945 vor einem Tr\u00fcmmerhaufen. Ein gro\u00dfer Teil der Fahrzeuge, [&hellip;]","og_url":"https:\/\/www.feuerwehr-halberstadt.de\/?p=16623","og_site_name":"Feuerwehr Halberstadt","article_publisher":"https:\/\/www.facebook.com\/FeuerwehrHalberstadt\/","article_published_time":"2025-04-08T16:56:20+00:00","og_image":[{"width":1280,"height":853,"url":"https:\/\/www.feuerwehr-halberstadt.de\/wp-content\/uploads\/2025\/04\/7f0d042d-2a78-4c33-976a-d3f705851913.jpeg","type":"image\/jpeg"}],"author":"Buchold, Chris","twitter_card":"summary_large_image","twitter_misc":{"Verfasst von":"Buchold, Chris","Gesch\u00e4tzte Lesezeit":"5\u00a0Minuten"},"schema":{"@context":"https:\/\/schema.org","@graph":[{"@type":"Article","@id":"https:\/\/www.feuerwehr-halberstadt.de\/?p=16623#article","isPartOf":{"@id":"https:\/\/www.feuerwehr-halberstadt.de\/?p=16623"},"author":{"name":"Buchold, Chris","@id":"https:\/\/www.feuerwehr-halberstadt.de\/#\/schema\/person\/55ce5d9b46008e58cd3d55d4116ec727"},"headline":"Gedenken zum 80. Jahrestag der Zerst\u00f6rung Halberstadts","datePublished":"2025-04-08T16:56:20+00:00","mainEntityOfPage":{"@id":"https:\/\/www.feuerwehr-halberstadt.de\/?p=16623"},"wordCount":613,"publisher":{"@id":"https:\/\/www.feuerwehr-halberstadt.de\/#organization"},"image":{"@id":"https:\/\/www.feuerwehr-halberstadt.de\/?p=16623#primaryimage"},"thumbnailUrl":"https:\/\/www.feuerwehr-halberstadt.de\/wp-content\/uploads\/2025\/04\/7f0d042d-2a78-4c33-976a-d3f705851913.jpeg","inLanguage":"de"},{"@type":"WebPage","@id":"https:\/\/www.feuerwehr-halberstadt.de\/?p=16623","url":"https:\/\/www.feuerwehr-halberstadt.de\/?p=16623","name":"Gedenken zum 80. Jahrestag der Zerst\u00f6rung Halberstadts - Feuerwehr Halberstadt","isPartOf":{"@id":"https:\/\/www.feuerwehr-halberstadt.de\/#website"},"primaryImageOfPage":{"@id":"https:\/\/www.feuerwehr-halberstadt.de\/?p=16623#primaryimage"},"image":{"@id":"https:\/\/www.feuerwehr-halberstadt.de\/?p=16623#primaryimage"},"thumbnailUrl":"https:\/\/www.feuerwehr-halberstadt.de\/wp-content\/uploads\/2025\/04\/7f0d042d-2a78-4c33-976a-d3f705851913.jpeg","datePublished":"2025-04-08T16:56:20+00:00","breadcrumb":{"@id":"https:\/\/www.feuerwehr-halberstadt.de\/?p=16623#breadcrumb"},"inLanguage":"de","potentialAction":[{"@type":"ReadAction","target":["https:\/\/www.feuerwehr-halberstadt.de\/?p=16623"]}]},{"@type":"ImageObject","inLanguage":"de","@id":"https:\/\/www.feuerwehr-halberstadt.de\/?p=16623#primaryimage","url":"https:\/\/www.feuerwehr-halberstadt.de\/wp-content\/uploads\/2025\/04\/7f0d042d-2a78-4c33-976a-d3f705851913.jpeg","contentUrl":"https:\/\/www.feuerwehr-halberstadt.de\/wp-content\/uploads\/2025\/04\/7f0d042d-2a78-4c33-976a-d3f705851913.jpeg","width":1280,"height":853},{"@type":"BreadcrumbList","@id":"https:\/\/www.feuerwehr-halberstadt.de\/?p=16623#breadcrumb","itemListElement":[{"@type":"ListItem","position":1,"name":"Startseite","item":"https:\/\/www.feuerwehr-halberstadt.de\/"},{"@type":"ListItem","position":2,"name":"Gedenken zum 80. Jahrestag der Zerst\u00f6rung Halberstadts"}]},{"@type":"WebSite","@id":"https:\/\/www.feuerwehr-halberstadt.de\/#website","url":"https:\/\/www.feuerwehr-halberstadt.de\/","name":"Feuerwehr Halberstadt","description":"#imEinsatzf\u00fcrHalberstadt","publisher":{"@id":"https:\/\/www.feuerwehr-halberstadt.de\/#organization"},"potentialAction":[{"@type":"SearchAction","target":{"@type":"EntryPoint","urlTemplate":"https:\/\/www.feuerwehr-halberstadt.de\/?s={search_term_string}"},"query-input":{"@type":"PropertyValueSpecification","valueRequired":true,"valueName":"search_term_string"}}],"inLanguage":"de"},{"@type":"Organization","@id":"https:\/\/www.feuerwehr-halberstadt.de\/#organization","name":"Feuerwehr Halberstadt","url":"https:\/\/www.feuerwehr-halberstadt.de\/","logo":{"@type":"ImageObject","inLanguage":"de","@id":"https:\/\/www.feuerwehr-halberstadt.de\/#\/schema\/logo\/image\/","url":"https:\/\/www.feuerwehr-halberstadt.de\/wp-content\/uploads\/2023\/10\/IMG_0126.png","contentUrl":"https:\/\/www.feuerwehr-halberstadt.de\/wp-content\/uploads\/2023\/10\/IMG_0126.png","width":1500,"height":399,"caption":"Feuerwehr Halberstadt"},"image":{"@id":"https:\/\/www.feuerwehr-halberstadt.de\/#\/schema\/logo\/image\/"},"sameAs":["https:\/\/www.facebook.com\/FeuerwehrHalberstadt\/"]},{"@type":"Person","@id":"https:\/\/www.feuerwehr-halberstadt.de\/#\/schema\/person\/55ce5d9b46008e58cd3d55d4116ec727","name":"Buchold, Chris","image":{"@type":"ImageObject","inLanguage":"de","@id":"https:\/\/secure.gravatar.com\/avatar\/bff08a084f0390bf8a93fc28c488452766ba521109cec244ac64210fdd500a49?s=96&d=mm&r=g","url":"https:\/\/secure.gravatar.com\/avatar\/bff08a084f0390bf8a93fc28c488452766ba521109cec244ac64210fdd500a49?s=96&d=mm&r=g","contentUrl":"https:\/\/secure.gravatar.com\/avatar\/bff08a084f0390bf8a93fc28c488452766ba521109cec244ac64210fdd500a49?s=96&d=mm&r=g","caption":"Buchold, Chris"},"url":"https:\/\/www.feuerwehr-halberstadt.de\/?author=3"}]}},"_links":{"self":[{"href":"https:\/\/www.feuerwehr-halberstadt.de\/index.php?rest_route=\/wp\/v2\/posts\/16623","targetHints":{"allow":["GET"]}}],"collection":[{"href":"https:\/\/www.feuerwehr-halberstadt.de\/index.php?rest_route=\/wp\/v2\/posts"}],"about":[{"href":"https:\/\/www.feuerwehr-halberstadt.de\/index.php?rest_route=\/wp\/v2\/types\/post"}],"author":[{"embeddable":true,"href":"https:\/\/www.feuerwehr-halberstadt.de\/index.php?rest_route=\/wp\/v2\/users\/3"}],"replies":[{"embeddable":true,"href":"https:\/\/www.feuerwehr-halberstadt.de\/index.php?rest_route=%2Fwp%2Fv2%2Fcomments&post=16623"}],"version-history":[{"count":10,"href":"https:\/\/www.feuerwehr-halberstadt.de\/index.php?rest_route=\/wp\/v2\/posts\/16623\/revisions"}],"predecessor-version":[{"id":16644,"href":"https:\/\/www.feuerwehr-halberstadt.de\/index.php?rest_route=\/wp\/v2\/posts\/16623\/revisions\/16644"}],"wp:featuredmedia":[{"embeddable":true,"href":"https:\/\/www.feuerwehr-halberstadt.de\/index.php?rest_route=\/wp\/v2\/media\/16634"}],"wp:attachment":[{"href":"https:\/\/www.feuerwehr-halberstadt.de\/index.php?rest_route=%2Fwp%2Fv2%2Fmedia&parent=16623"}],"wp:term":[{"taxonomy":"category","embeddable":true,"href":"https:\/\/www.feuerwehr-halberstadt.de\/index.php?rest_route=%2Fwp%2Fv2%2Fcategories&post=16623"},{"taxonomy":"post_tag","embeddable":true,"href":"https:\/\/www.feuerwehr-halberstadt.de\/index.php?rest_route=%2Fwp%2Fv2%2Ftags&post=16623"}],"curies":[{"name":"wp","href":"https:\/\/api.w.org\/{rel}","templated":true}]}}