{"id":16569,"date":"2025-04-01T08:12:30","date_gmt":"2025-04-01T06:12:30","guid":{"rendered":"https:\/\/www.feuerwehr-halberstadt.de\/?p=16569"},"modified":"2025-04-01T08:13:30","modified_gmt":"2025-04-01T06:13:30","slug":"stellenausschreibung-tuermer-m-w-d-bei-der-feuerwehr","status":"publish","type":"post","link":"https:\/\/www.feuerwehr-halberstadt.de\/?p=16569","title":{"rendered":"Stellenausschreibung &#8211; T\u00fcrmer (m\/w\/d) bei der Feuerwehr"},"content":{"rendered":"\n<p>Egal ob bei Br\u00e4nden oder bei Unwetterereignissen &#8211; wir m\u00fcssen vorbereitet sein und rechtzeitig gewarnt werden! Technik und digitale Warnmedien k\u00f6nnen ausfallen, weshalb auch auf den Menschen gesetzt wird. Daf\u00fcr wird eine vor Jahrzehnten abgeschaffte Stelle wieder ins Leben gerufen.<\/p>\n\n\n\n<p>Die Feuerwehr der Stadt Halberstadt sucht zum n\u00e4chstm\u00f6glichen Zeitpunkt einen <strong>T\u00fcrmer (m\/w\/d)<\/strong> zur Unterst\u00fctzung bei der Gefahrenerkennung!<\/p>\n\n\n\n<p><strong>Es handelt sich um eine unbefristete Stelle mit einer w\u00f6chentlichen Arbeitszeit<\/strong> <strong>von 39 Stunden und einer Bezahlung nach Entgeltgruppe 09a TV\u00f6D.<\/strong><\/p>\n\n\n\n<p><strong>Zu Ihren Aufgaben geh\u00f6ren:<\/strong><\/p>\n\n\n\n<ul class=\"wp-block-list\">\n<li>\u00dcberwachung der Umgebung auf m\u00f6gliche Br\u00e4nde oder Gefahren mittels Fernglas<\/li>\n\n\n\n<li>Meldung an \u00fcbergeordnete Stellen<\/li>\n\n\n\n<li>Alarmierung der Feuerwehr<\/li>\n\n\n\n<li>Warnung der Bev\u00f6lkerung \u00fcber Signalhorn, Glocke, Flaggen oder bei Dunkelheit \u00fcber Lampen<\/li>\n\n\n\n<li>Pflege der Dienstr\u00e4ume des T\u00fcrmers <\/li>\n<\/ul>\n\n\n\n<p><strong>Wir bieten Ihnen:<\/strong><\/p>\n\n\n\n<ul class=\"wp-block-list\">\n<li>moderne, attraktive und freundliche Arbeitsbedingungen<\/li>\n\n\n\n<li>ein verantwortungsvolles Aufgabengebiet in einem funktionierenden Team<\/li>\n\n\n\n<li>eine fachkundige und -gerechte Einarbeitung<\/li>\n\n\n\n<li>betriebliche Altersvorsorge<\/li>\n\n\n\n<li>betriebliche Gesundheitsf\u00f6rderung<\/li>\n\n\n\n<li>Gefahrenzulage, Pr\u00e4mienzahlung, Urlaub usw. nach dem Tarifvertrag f\u00fcr den \u00f6ffentlichen Dienst (TV\u00f6D)<\/li>\n<\/ul>\n\n\n\n<p>F\u00fcr die Dauer des Dienstes sind Sie in der T\u00fcrmer-Wohnung untergebracht. Diese befindet sich in dem Steg zwischen den beiden T\u00fcrmen der Martinikirche.<\/p>\n\n\n\n<p>Haben wir ihr Interesse geweckt? Dann bewerben Sie sich jetzt online unter: <a href=\"https:\/\/www.feuerwehr-halberstadt.de\/?page_id=14897\">https:\/\/www.feuerwehr-halberstadt.de\/?page_id=14897<\/a><\/p>\n\n\n\n<figure class=\"wp-block-image size-large\"><img loading=\"lazy\" decoding=\"async\" width=\"1024\" height=\"682\" src=\"https:\/\/www.feuerwehr-halberstadt.de\/wp-content\/uploads\/2025\/03\/DSC06062300325-1024x682.jpeg\" alt=\"\" class=\"wp-image-16582\" srcset=\"https:\/\/www.feuerwehr-halberstadt.de\/wp-content\/uploads\/2025\/03\/DSC06062300325-1024x682.jpeg 1024w, https:\/\/www.feuerwehr-halberstadt.de\/wp-content\/uploads\/2025\/03\/DSC06062300325-300x200.jpeg 300w, https:\/\/www.feuerwehr-halberstadt.de\/wp-content\/uploads\/2025\/03\/DSC06062300325-768x512.jpeg 768w, https:\/\/www.feuerwehr-halberstadt.de\/wp-content\/uploads\/2025\/03\/DSC06062300325.jpeg 1280w\" sizes=\"auto, (max-width: 1024px) 100vw, 1024px\" \/><\/figure>\n","protected":false},"excerpt":{"rendered":"<p>Egal ob bei Br\u00e4nden oder bei Unwetterereignissen &#8211; wir m\u00fcssen vorbereitet sein und rechtzeitig gewarnt werden! Technik und digitale Warnmedien k\u00f6nnen ausfallen, weshalb auch auf den Menschen gesetzt wird. Daf\u00fcr wird eine vor Jahrzehnten abgeschaffte Stelle wieder ins Leben gerufen. Die Feuerwehr der Stadt Halberstadt sucht zum n\u00e4chstm\u00f6glichen Zeitpunkt einen T\u00fcrmer (m\/w\/d) zur Unterst\u00fctzung bei [&hellip;]<\/p>\n","protected":false},"author":3,"featured_media":16583,"comment_status":"closed","ping_status":"closed","sticky":false,"template":"","format":"standard","meta":{"_acf_changed":false,"footnotes":""},"categories":[9],"tags":[],"class_list":["post-16569","post","type-post","status-publish","format-standard","has-post-thumbnail","hentry","category-allgemein"],"acf":[],"yoast_head":"<!-- This site is optimized with the Yoast SEO plugin v27.5 - https:\/\/yoast.com\/product\/yoast-seo-wordpress\/ -->\n<title>Stellenausschreibung - T\u00fcrmer (m\/w\/d) bei der Feuerwehr - Feuerwehr Halberstadt<\/title>\n<meta name=\"robots\" content=\"index, follow, max-snippet:-1, max-image-preview:large, max-video-preview:-1\" \/>\n<link rel=\"canonical\" href=\"https:\/\/www.feuerwehr-halberstadt.de\/?p=16569\" \/>\n<meta property=\"og:locale\" content=\"de_DE\" \/>\n<meta property=\"og:type\" content=\"article\" \/>\n<meta property=\"og:title\" content=\"Stellenausschreibung - T\u00fcrmer (m\/w\/d) bei der Feuerwehr - Feuerwehr Halberstadt\" \/>\n<meta property=\"og:description\" content=\"Egal ob bei Br\u00e4nden oder bei Unwetterereignissen &#8211; wir m\u00fcssen vorbereitet sein und rechtzeitig gewarnt werden! Technik und digitale Warnmedien k\u00f6nnen ausfallen, weshalb auch auf den Menschen gesetzt wird. Daf\u00fcr wird eine vor Jahrzehnten abgeschaffte Stelle wieder ins Leben gerufen. Die Feuerwehr der Stadt Halberstadt sucht zum n\u00e4chstm\u00f6glichen Zeitpunkt einen T\u00fcrmer (m\/w\/d) zur Unterst\u00fctzung bei [&hellip;]\" \/>\n<meta property=\"og:url\" content=\"https:\/\/www.feuerwehr-halberstadt.de\/?p=16569\" \/>\n<meta property=\"og:site_name\" content=\"Feuerwehr Halberstadt\" \/>\n<meta property=\"article:publisher\" content=\"https:\/\/www.facebook.com\/FeuerwehrHalberstadt\/\" \/>\n<meta property=\"article:published_time\" content=\"2025-04-01T06:12:30+00:00\" \/>\n<meta property=\"article:modified_time\" content=\"2025-04-01T06:13:30+00:00\" \/>\n<meta property=\"og:image\" content=\"https:\/\/www.feuerwehr-halberstadt.de\/wp-content\/uploads\/2025\/03\/DSC06050300325.jpeg\" \/>\n\t<meta property=\"og:image:width\" content=\"1280\" \/>\n\t<meta property=\"og:image:height\" content=\"853\" \/>\n\t<meta property=\"og:image:type\" content=\"image\/jpeg\" \/>\n<meta name=\"author\" content=\"Buchold, Chris\" \/>\n<meta name=\"twitter:card\" content=\"summary_large_image\" \/>\n<meta name=\"twitter:label1\" content=\"Verfasst von\" \/>\n\t<meta name=\"twitter:data1\" content=\"Buchold, Chris\" \/>\n\t<meta name=\"twitter:label2\" content=\"Gesch\u00e4tzte Lesezeit\" \/>\n\t<meta name=\"twitter:data2\" content=\"2\u00a0Minuten\" \/>\n<script type=\"application\/ld+json\" class=\"yoast-schema-graph\">{\"@context\":\"https:\\\/\\\/schema.org\",\"@graph\":[{\"@type\":\"Article\",\"@id\":\"https:\\\/\\\/www.feuerwehr-halberstadt.de\\\/?p=16569#article\",\"isPartOf\":{\"@id\":\"https:\\\/\\\/www.feuerwehr-halberstadt.de\\\/?p=16569\"},\"author\":{\"name\":\"Buchold, Chris\",\"@id\":\"https:\\\/\\\/www.feuerwehr-halberstadt.de\\\/#\\\/schema\\\/person\\\/55ce5d9b46008e58cd3d55d4116ec727\"},\"headline\":\"Stellenausschreibung &#8211; T\u00fcrmer (m\\\/w\\\/d) bei der Feuerwehr\",\"datePublished\":\"2025-04-01T06:12:30+00:00\",\"dateModified\":\"2025-04-01T06:13:30+00:00\",\"mainEntityOfPage\":{\"@id\":\"https:\\\/\\\/www.feuerwehr-halberstadt.de\\\/?p=16569\"},\"wordCount\":227,\"publisher\":{\"@id\":\"https:\\\/\\\/www.feuerwehr-halberstadt.de\\\/#organization\"},\"image\":{\"@id\":\"https:\\\/\\\/www.feuerwehr-halberstadt.de\\\/?p=16569#primaryimage\"},\"thumbnailUrl\":\"https:\\\/\\\/www.feuerwehr-halberstadt.de\\\/wp-content\\\/uploads\\\/2025\\\/03\\\/DSC06050300325.jpeg\",\"inLanguage\":\"de\"},{\"@type\":\"WebPage\",\"@id\":\"https:\\\/\\\/www.feuerwehr-halberstadt.de\\\/?p=16569\",\"url\":\"https:\\\/\\\/www.feuerwehr-halberstadt.de\\\/?p=16569\",\"name\":\"Stellenausschreibung - T\u00fcrmer (m\\\/w\\\/d) bei der Feuerwehr - Feuerwehr Halberstadt\",\"isPartOf\":{\"@id\":\"https:\\\/\\\/www.feuerwehr-halberstadt.de\\\/#website\"},\"primaryImageOfPage\":{\"@id\":\"https:\\\/\\\/www.feuerwehr-halberstadt.de\\\/?p=16569#primaryimage\"},\"image\":{\"@id\":\"https:\\\/\\\/www.feuerwehr-halberstadt.de\\\/?p=16569#primaryimage\"},\"thumbnailUrl\":\"https:\\\/\\\/www.feuerwehr-halberstadt.de\\\/wp-content\\\/uploads\\\/2025\\\/03\\\/DSC06050300325.jpeg\",\"datePublished\":\"2025-04-01T06:12:30+00:00\",\"dateModified\":\"2025-04-01T06:13:30+00:00\",\"breadcrumb\":{\"@id\":\"https:\\\/\\\/www.feuerwehr-halberstadt.de\\\/?p=16569#breadcrumb\"},\"inLanguage\":\"de\",\"potentialAction\":[{\"@type\":\"ReadAction\",\"target\":[\"https:\\\/\\\/www.feuerwehr-halberstadt.de\\\/?p=16569\"]}]},{\"@type\":\"ImageObject\",\"inLanguage\":\"de\",\"@id\":\"https:\\\/\\\/www.feuerwehr-halberstadt.de\\\/?p=16569#primaryimage\",\"url\":\"https:\\\/\\\/www.feuerwehr-halberstadt.de\\\/wp-content\\\/uploads\\\/2025\\\/03\\\/DSC06050300325.jpeg\",\"contentUrl\":\"https:\\\/\\\/www.feuerwehr-halberstadt.de\\\/wp-content\\\/uploads\\\/2025\\\/03\\\/DSC06050300325.jpeg\",\"width\":1280,\"height\":853},{\"@type\":\"BreadcrumbList\",\"@id\":\"https:\\\/\\\/www.feuerwehr-halberstadt.de\\\/?p=16569#breadcrumb\",\"itemListElement\":[{\"@type\":\"ListItem\",\"position\":1,\"name\":\"Startseite\",\"item\":\"https:\\\/\\\/www.feuerwehr-halberstadt.de\\\/\"},{\"@type\":\"ListItem\",\"position\":2,\"name\":\"Stellenausschreibung &#8211; T\u00fcrmer (m\\\/w\\\/d) bei der Feuerwehr\"}]},{\"@type\":\"WebSite\",\"@id\":\"https:\\\/\\\/www.feuerwehr-halberstadt.de\\\/#website\",\"url\":\"https:\\\/\\\/www.feuerwehr-halberstadt.de\\\/\",\"name\":\"Feuerwehr Halberstadt\",\"description\":\"#imEinsatzf\u00fcrHalberstadt\",\"publisher\":{\"@id\":\"https:\\\/\\\/www.feuerwehr-halberstadt.de\\\/#organization\"},\"potentialAction\":[{\"@type\":\"SearchAction\",\"target\":{\"@type\":\"EntryPoint\",\"urlTemplate\":\"https:\\\/\\\/www.feuerwehr-halberstadt.de\\\/?s={search_term_string}\"},\"query-input\":{\"@type\":\"PropertyValueSpecification\",\"valueRequired\":true,\"valueName\":\"search_term_string\"}}],\"inLanguage\":\"de\"},{\"@type\":\"Organization\",\"@id\":\"https:\\\/\\\/www.feuerwehr-halberstadt.de\\\/#organization\",\"name\":\"Feuerwehr Halberstadt\",\"url\":\"https:\\\/\\\/www.feuerwehr-halberstadt.de\\\/\",\"logo\":{\"@type\":\"ImageObject\",\"inLanguage\":\"de\",\"@id\":\"https:\\\/\\\/www.feuerwehr-halberstadt.de\\\/#\\\/schema\\\/logo\\\/image\\\/\",\"url\":\"https:\\\/\\\/www.feuerwehr-halberstadt.de\\\/wp-content\\\/uploads\\\/2023\\\/10\\\/IMG_0126.png\",\"contentUrl\":\"https:\\\/\\\/www.feuerwehr-halberstadt.de\\\/wp-content\\\/uploads\\\/2023\\\/10\\\/IMG_0126.png\",\"width\":1500,\"height\":399,\"caption\":\"Feuerwehr Halberstadt\"},\"image\":{\"@id\":\"https:\\\/\\\/www.feuerwehr-halberstadt.de\\\/#\\\/schema\\\/logo\\\/image\\\/\"},\"sameAs\":[\"https:\\\/\\\/www.facebook.com\\\/FeuerwehrHalberstadt\\\/\"]},{\"@type\":\"Person\",\"@id\":\"https:\\\/\\\/www.feuerwehr-halberstadt.de\\\/#\\\/schema\\\/person\\\/55ce5d9b46008e58cd3d55d4116ec727\",\"name\":\"Buchold, Chris\",\"image\":{\"@type\":\"ImageObject\",\"inLanguage\":\"de\",\"@id\":\"https:\\\/\\\/secure.gravatar.com\\\/avatar\\\/bff08a084f0390bf8a93fc28c488452766ba521109cec244ac64210fdd500a49?s=96&d=mm&r=g\",\"url\":\"https:\\\/\\\/secure.gravatar.com\\\/avatar\\\/bff08a084f0390bf8a93fc28c488452766ba521109cec244ac64210fdd500a49?s=96&d=mm&r=g\",\"contentUrl\":\"https:\\\/\\\/secure.gravatar.com\\\/avatar\\\/bff08a084f0390bf8a93fc28c488452766ba521109cec244ac64210fdd500a49?s=96&d=mm&r=g\",\"caption\":\"Buchold, Chris\"},\"url\":\"https:\\\/\\\/www.feuerwehr-halberstadt.de\\\/?author=3\"}]}<\/script>\n<!-- \/ Yoast SEO plugin. -->","yoast_head_json":{"title":"Stellenausschreibung - T\u00fcrmer (m\/w\/d) bei der Feuerwehr - Feuerwehr Halberstadt","robots":{"index":"index","follow":"follow","max-snippet":"max-snippet:-1","max-image-preview":"max-image-preview:large","max-video-preview":"max-video-preview:-1"},"canonical":"https:\/\/www.feuerwehr-halberstadt.de\/?p=16569","og_locale":"de_DE","og_type":"article","og_title":"Stellenausschreibung - T\u00fcrmer (m\/w\/d) bei der Feuerwehr - Feuerwehr Halberstadt","og_description":"Egal ob bei Br\u00e4nden oder bei Unwetterereignissen &#8211; wir m\u00fcssen vorbereitet sein und rechtzeitig gewarnt werden! Technik und digitale Warnmedien k\u00f6nnen ausfallen, weshalb auch auf den Menschen gesetzt wird. Daf\u00fcr wird eine vor Jahrzehnten abgeschaffte Stelle wieder ins Leben gerufen. Die Feuerwehr der Stadt Halberstadt sucht zum n\u00e4chstm\u00f6glichen Zeitpunkt einen T\u00fcrmer (m\/w\/d) zur Unterst\u00fctzung bei [&hellip;]","og_url":"https:\/\/www.feuerwehr-halberstadt.de\/?p=16569","og_site_name":"Feuerwehr Halberstadt","article_publisher":"https:\/\/www.facebook.com\/FeuerwehrHalberstadt\/","article_published_time":"2025-04-01T06:12:30+00:00","article_modified_time":"2025-04-01T06:13:30+00:00","og_image":[{"width":1280,"height":853,"url":"https:\/\/www.feuerwehr-halberstadt.de\/wp-content\/uploads\/2025\/03\/DSC06050300325.jpeg","type":"image\/jpeg"}],"author":"Buchold, Chris","twitter_card":"summary_large_image","twitter_misc":{"Verfasst von":"Buchold, Chris","Gesch\u00e4tzte Lesezeit":"2\u00a0Minuten"},"schema":{"@context":"https:\/\/schema.org","@graph":[{"@type":"Article","@id":"https:\/\/www.feuerwehr-halberstadt.de\/?p=16569#article","isPartOf":{"@id":"https:\/\/www.feuerwehr-halberstadt.de\/?p=16569"},"author":{"name":"Buchold, Chris","@id":"https:\/\/www.feuerwehr-halberstadt.de\/#\/schema\/person\/55ce5d9b46008e58cd3d55d4116ec727"},"headline":"Stellenausschreibung &#8211; T\u00fcrmer (m\/w\/d) bei der Feuerwehr","datePublished":"2025-04-01T06:12:30+00:00","dateModified":"2025-04-01T06:13:30+00:00","mainEntityOfPage":{"@id":"https:\/\/www.feuerwehr-halberstadt.de\/?p=16569"},"wordCount":227,"publisher":{"@id":"https:\/\/www.feuerwehr-halberstadt.de\/#organization"},"image":{"@id":"https:\/\/www.feuerwehr-halberstadt.de\/?p=16569#primaryimage"},"thumbnailUrl":"https:\/\/www.feuerwehr-halberstadt.de\/wp-content\/uploads\/2025\/03\/DSC06050300325.jpeg","inLanguage":"de"},{"@type":"WebPage","@id":"https:\/\/www.feuerwehr-halberstadt.de\/?p=16569","url":"https:\/\/www.feuerwehr-halberstadt.de\/?p=16569","name":"Stellenausschreibung - T\u00fcrmer (m\/w\/d) bei der Feuerwehr - Feuerwehr Halberstadt","isPartOf":{"@id":"https:\/\/www.feuerwehr-halberstadt.de\/#website"},"primaryImageOfPage":{"@id":"https:\/\/www.feuerwehr-halberstadt.de\/?p=16569#primaryimage"},"image":{"@id":"https:\/\/www.feuerwehr-halberstadt.de\/?p=16569#primaryimage"},"thumbnailUrl":"https:\/\/www.feuerwehr-halberstadt.de\/wp-content\/uploads\/2025\/03\/DSC06050300325.jpeg","datePublished":"2025-04-01T06:12:30+00:00","dateModified":"2025-04-01T06:13:30+00:00","breadcrumb":{"@id":"https:\/\/www.feuerwehr-halberstadt.de\/?p=16569#breadcrumb"},"inLanguage":"de","potentialAction":[{"@type":"ReadAction","target":["https:\/\/www.feuerwehr-halberstadt.de\/?p=16569"]}]},{"@type":"ImageObject","inLanguage":"de","@id":"https:\/\/www.feuerwehr-halberstadt.de\/?p=16569#primaryimage","url":"https:\/\/www.feuerwehr-halberstadt.de\/wp-content\/uploads\/2025\/03\/DSC06050300325.jpeg","contentUrl":"https:\/\/www.feuerwehr-halberstadt.de\/wp-content\/uploads\/2025\/03\/DSC06050300325.jpeg","width":1280,"height":853},{"@type":"BreadcrumbList","@id":"https:\/\/www.feuerwehr-halberstadt.de\/?p=16569#breadcrumb","itemListElement":[{"@type":"ListItem","position":1,"name":"Startseite","item":"https:\/\/www.feuerwehr-halberstadt.de\/"},{"@type":"ListItem","position":2,"name":"Stellenausschreibung &#8211; T\u00fcrmer (m\/w\/d) bei der Feuerwehr"}]},{"@type":"WebSite","@id":"https:\/\/www.feuerwehr-halberstadt.de\/#website","url":"https:\/\/www.feuerwehr-halberstadt.de\/","name":"Feuerwehr Halberstadt","description":"#imEinsatzf\u00fcrHalberstadt","publisher":{"@id":"https:\/\/www.feuerwehr-halberstadt.de\/#organization"},"potentialAction":[{"@type":"SearchAction","target":{"@type":"EntryPoint","urlTemplate":"https:\/\/www.feuerwehr-halberstadt.de\/?s={search_term_string}"},"query-input":{"@type":"PropertyValueSpecification","valueRequired":true,"valueName":"search_term_string"}}],"inLanguage":"de"},{"@type":"Organization","@id":"https:\/\/www.feuerwehr-halberstadt.de\/#organization","name":"Feuerwehr Halberstadt","url":"https:\/\/www.feuerwehr-halberstadt.de\/","logo":{"@type":"ImageObject","inLanguage":"de","@id":"https:\/\/www.feuerwehr-halberstadt.de\/#\/schema\/logo\/image\/","url":"https:\/\/www.feuerwehr-halberstadt.de\/wp-content\/uploads\/2023\/10\/IMG_0126.png","contentUrl":"https:\/\/www.feuerwehr-halberstadt.de\/wp-content\/uploads\/2023\/10\/IMG_0126.png","width":1500,"height":399,"caption":"Feuerwehr Halberstadt"},"image":{"@id":"https:\/\/www.feuerwehr-halberstadt.de\/#\/schema\/logo\/image\/"},"sameAs":["https:\/\/www.facebook.com\/FeuerwehrHalberstadt\/"]},{"@type":"Person","@id":"https:\/\/www.feuerwehr-halberstadt.de\/#\/schema\/person\/55ce5d9b46008e58cd3d55d4116ec727","name":"Buchold, Chris","image":{"@type":"ImageObject","inLanguage":"de","@id":"https:\/\/secure.gravatar.com\/avatar\/bff08a084f0390bf8a93fc28c488452766ba521109cec244ac64210fdd500a49?s=96&d=mm&r=g","url":"https:\/\/secure.gravatar.com\/avatar\/bff08a084f0390bf8a93fc28c488452766ba521109cec244ac64210fdd500a49?s=96&d=mm&r=g","contentUrl":"https:\/\/secure.gravatar.com\/avatar\/bff08a084f0390bf8a93fc28c488452766ba521109cec244ac64210fdd500a49?s=96&d=mm&r=g","caption":"Buchold, Chris"},"url":"https:\/\/www.feuerwehr-halberstadt.de\/?author=3"}]}},"_links":{"self":[{"href":"https:\/\/www.feuerwehr-halberstadt.de\/index.php?rest_route=\/wp\/v2\/posts\/16569","targetHints":{"allow":["GET"]}}],"collection":[{"href":"https:\/\/www.feuerwehr-halberstadt.de\/index.php?rest_route=\/wp\/v2\/posts"}],"about":[{"href":"https:\/\/www.feuerwehr-halberstadt.de\/index.php?rest_route=\/wp\/v2\/types\/post"}],"author":[{"embeddable":true,"href":"https:\/\/www.feuerwehr-halberstadt.de\/index.php?rest_route=\/wp\/v2\/users\/3"}],"replies":[{"embeddable":true,"href":"https:\/\/www.feuerwehr-halberstadt.de\/index.php?rest_route=%2Fwp%2Fv2%2Fcomments&post=16569"}],"version-history":[{"count":13,"href":"https:\/\/www.feuerwehr-halberstadt.de\/index.php?rest_route=\/wp\/v2\/posts\/16569\/revisions"}],"predecessor-version":[{"id":16597,"href":"https:\/\/www.feuerwehr-halberstadt.de\/index.php?rest_route=\/wp\/v2\/posts\/16569\/revisions\/16597"}],"wp:featuredmedia":[{"embeddable":true,"href":"https:\/\/www.feuerwehr-halberstadt.de\/index.php?rest_route=\/wp\/v2\/media\/16583"}],"wp:attachment":[{"href":"https:\/\/www.feuerwehr-halberstadt.de\/index.php?rest_route=%2Fwp%2Fv2%2Fmedia&parent=16569"}],"wp:term":[{"taxonomy":"category","embeddable":true,"href":"https:\/\/www.feuerwehr-halberstadt.de\/index.php?rest_route=%2Fwp%2Fv2%2Fcategories&post=16569"},{"taxonomy":"post_tag","embeddable":true,"href":"https:\/\/www.feuerwehr-halberstadt.de\/index.php?rest_route=%2Fwp%2Fv2%2Ftags&post=16569"}],"curies":[{"name":"wp","href":"https:\/\/api.w.org\/{rel}","templated":true}]}}