{"id":16503,"date":"2025-03-17T20:50:21","date_gmt":"2025-03-17T19:50:21","guid":{"rendered":"https:\/\/www.feuerwehr-halberstadt.de\/?p=16503"},"modified":"2025-03-17T23:13:22","modified_gmt":"2025-03-17T22:13:22","slug":"wochenbericht-freiwillige-feuerwehr-10-03-16-03-2025","status":"publish","type":"post","link":"https:\/\/www.feuerwehr-halberstadt.de\/?p=16503","title":{"rendered":"Wochenbericht Freiwillige Feuerwehr &#8211; 10.03. &#8211; 16.03.2025"},"content":{"rendered":"\n<p><strong>10.03.2025 <\/strong>&#8211; 07:25 Uhr<br><strong>B1<em> \u2013 <\/em>PKW-Brand <em>\u2013 <\/em>Wehrstedter Stra\u00dfe <\/strong>&#8211; Einsatz 38\/2025<br><em>Alarmierte Kr\u00e4fte: Einsatzleitdienst, FF Halberstadt<\/em><br><strong>Kurzinfo:<\/strong> Da die Wachbereitschaft in einem anderen Einsatz gebunden war, wurde die Ortsfeuerwehr zu einem PKW-Brand alarmiert. Der Entstehungsbrand wurde bereits vor Ankunft der Feuerwehr gel\u00f6scht, sodass nur eine Nachkontrolle durchgef\u00fchrt wurde.<\/p>\n\n\n\n<p><strong>11.03.2025 <\/strong>&#8211; 14:21 Uhr<br><strong>BMA<em> \u2013 <\/em>ZAST <em>\u2013 <\/em>Friedrich-List-Stra\u00dfe <\/strong>&#8211; Einsatz 39\/2025<br><em>Alarmierte Kr\u00e4fte: Einsatzleitdienst, Hauptberufliche Wachbereitschaft, FF Halberstadt<\/em>,<em> Rettungsdienst<\/em><br><strong>Kurzinfo:<\/strong> Die Brandmeldeanlage wurde ohne erkennbaren Grund ausgel\u00f6st. Die Kr\u00e4fte konnten den Einsatz nach kurzer Zeit wieder beenden.<\/p>\n\n\n\n<p><strong>12.03.2025 <\/strong>&#8211; 10:19 Uhr<br><strong>BMA<em> \u2013 <\/em>Daimler Truck Global Parts Center <em>\u2013 <\/em>Daimler-Truck-Stra\u00dfe <\/strong>&#8211; Einsatz 40\/2025<br><em>Alarmierte Kr\u00e4fte: Einsatzleitdienst, Hauptberufliche Wachbereitschaft, FF Halberstadt<\/em>, <em>FF Emersleben, ELW-Gruppe<\/em><br><strong>Kurzinfo:<\/strong> Die Brandmeldeanlage l\u00f6ste durch Bauarbeiten aus. Der Bereich wurde abkontrolliert. Alle Kr\u00e4fte konnten im Anschluss wieder einr\u00fccken.<\/p>\n\n\n\n<p><strong>12.03.2025 <\/strong>&#8211; 10:30 Uhr<br><strong>P No<em> \u2013 <\/em>T\u00fcr\u00f6ffnung <em>\u2013 <\/em>Beethovenstra\u00dfe <\/strong>&#8211; Einsatz 41\/2025<br><em>Alarmierte Kr\u00e4fte: FF Halberstadt<\/em><br><strong>Kurzinfo:<\/strong> W\u00e4hrend des Einsatzes bei Daimler Truck, wurde ein Fahrzeug der Ortsfeuerwehr zu einer T\u00fcr\u00f6ffnung in die Beethovenstra\u00dfe alarmiert. Die T\u00fcr konnte gewaltfrei ge\u00f6ffnet werden.<\/p>\n\n\n\n<p><strong>13.03.2025 <\/strong>&#8211; 17:47 Uhr<br><strong>B2<em> \u2013 <\/em>Wohnungsbrand <em>\u2013 <\/em>Bergstra\u00dfe <\/strong>&#8211; Einsatz 42\/2025<br><em>Alarmierte Kr\u00e4fte: <em>Einsatzleitdienst, Hauptberufliche Wachbereitschaft, FF Halberstadt<\/em>, <em>ELW-Gruppe<\/em><\/em>, <em>Rettungsdienst, Polizei<\/em><br><strong>Kurzinfo:<\/strong> Vor Ort konnte eine brennende Mikrowelle in einer K\u00fcche festgestellt werden. Zwei Personen wurden an den Rettungsdienst \u00fcbergeben. Die Mikrowelle wurde aus der Wohnung entfernt.<\/p>\n\n\n\n<p><strong>15.03.2025 <\/strong>&#8211; 23:26 Uhr<br><strong>BMA<em> \u2013 <\/em>ZAST <em>\u2013 <\/em>Friedrich-List-Stra\u00dfe <\/strong>&#8211; Einsatz 43\/2025<br><em>Alarmierte Kr\u00e4fte: <em>Einsatzleitdienst, Hauptberufliche Wachbereitschaft, FF Halberstadt<\/em>, Rettungsdienst<\/em><br><strong>Kurzinfo:<\/strong> Die Brandmeldeanlage l\u00f6ste ohne erkennbaren Grund aus. Die Kr\u00e4fte konnten nach kurzer Zeit den Einsatz beenden.<\/p>\n\n\n\n<p><strong>16.03.2025 <\/strong>&#8211; 23:23 Uhr<br><strong>B2<em> \u2013 <\/em>Kellerbrand <em>\u2013 <\/em>Puschkinstra\u00dfe <\/strong>&#8211; Einsatz 44\/2025<br><em>Alarmierte Kr\u00e4fte: <em>Einsatzleitdienst, Hauptberufliche Wachbereitschaft, FF Halberstadt<\/em>, ELW-Gruppe, Rettungsdienst<\/em>, Polizei<br><strong>Kurzinfo:<\/strong> In der Puschkinstra\u00dfe kam es in einem leerstehenden Mehrfamilienhaus zu einem Kellerbrand. Durch die Wachbereitschaft wurde die Brandbek\u00e4mpfung mit einem C-Rohr durchgef\u00fchrt. Die Kr\u00e4fte der Ortsfeuerwehr Halberstadt standen in Bereitschaft und mussten nicht mehr t\u00e4tig werden.<\/p>\n\n\n\n<p><strong>16.03.2025 <\/strong>&#8211; 23:30 Uhr<br><strong>P No<em> \u2013 <\/em>Tragehilfe <em>\u2013 <\/em>K\u00fcchengarten <\/strong>&#8211; Einsatz 45\/2025<br><em>Alarmierte Kr\u00e4fte: <em>FF Halberstadt<\/em><\/em><br><strong>Kurzinfo:<\/strong> Im K\u00fcchengarten ben\u00f6tigte der Rettungsdienst eine Trageunterst\u00fctzung beim Transport des Patienten in den Rettungswagen. Die Besatzung des HLF unterst\u00fctzte hierbei.<\/p>\n","protected":false},"excerpt":{"rendered":"<p>10.03.2025 &#8211; 07:25 UhrB1 \u2013 PKW-Brand \u2013 Wehrstedter Stra\u00dfe &#8211; Einsatz 38\/2025Alarmierte Kr\u00e4fte: Einsatzleitdienst, FF HalberstadtKurzinfo: Da die Wachbereitschaft in einem anderen Einsatz gebunden war, wurde die Ortsfeuerwehr zu einem PKW-Brand alarmiert. Der Entstehungsbrand wurde bereits vor Ankunft der Feuerwehr gel\u00f6scht, sodass nur eine Nachkontrolle durchgef\u00fchrt wurde. 11.03.2025 &#8211; 14:21 UhrBMA \u2013 ZAST \u2013 Friedrich-List-Stra\u00dfe [&hellip;]<\/p>\n","protected":false},"author":3,"featured_media":15878,"comment_status":"closed","ping_status":"closed","sticky":false,"template":"","format":"standard","meta":{"_acf_changed":false,"footnotes":""},"categories":[9],"tags":[],"class_list":["post-16503","post","type-post","status-publish","format-standard","has-post-thumbnail","hentry","category-allgemein"],"acf":[],"yoast_head":"<!-- This site is optimized with the Yoast SEO plugin v27.5 - https:\/\/yoast.com\/product\/yoast-seo-wordpress\/ -->\n<title>Wochenbericht Freiwillige Feuerwehr - 10.03. - 16.03.2025 - Feuerwehr Halberstadt<\/title>\n<meta name=\"robots\" content=\"index, follow, max-snippet:-1, max-image-preview:large, max-video-preview:-1\" \/>\n<link rel=\"canonical\" href=\"https:\/\/www.feuerwehr-halberstadt.de\/?p=16503\" \/>\n<meta property=\"og:locale\" content=\"de_DE\" \/>\n<meta property=\"og:type\" content=\"article\" \/>\n<meta property=\"og:title\" content=\"Wochenbericht Freiwillige Feuerwehr - 10.03. - 16.03.2025 - Feuerwehr Halberstadt\" \/>\n<meta property=\"og:description\" content=\"10.03.2025 &#8211; 07:25 UhrB1 \u2013 PKW-Brand \u2013 Wehrstedter Stra\u00dfe &#8211; Einsatz 38\/2025Alarmierte Kr\u00e4fte: Einsatzleitdienst, FF HalberstadtKurzinfo: Da die Wachbereitschaft in einem anderen Einsatz gebunden war, wurde die Ortsfeuerwehr zu einem PKW-Brand alarmiert. Der Entstehungsbrand wurde bereits vor Ankunft der Feuerwehr gel\u00f6scht, sodass nur eine Nachkontrolle durchgef\u00fchrt wurde. 11.03.2025 &#8211; 14:21 UhrBMA \u2013 ZAST \u2013 Friedrich-List-Stra\u00dfe [&hellip;]\" \/>\n<meta property=\"og:url\" content=\"https:\/\/www.feuerwehr-halberstadt.de\/?p=16503\" \/>\n<meta property=\"og:site_name\" content=\"Feuerwehr Halberstadt\" \/>\n<meta property=\"article:publisher\" content=\"https:\/\/www.facebook.com\/FeuerwehrHalberstadt\/\" \/>\n<meta property=\"article:published_time\" content=\"2025-03-17T19:50:21+00:00\" \/>\n<meta property=\"article:modified_time\" content=\"2025-03-17T22:13:22+00:00\" \/>\n<meta property=\"og:image\" content=\"https:\/\/www.feuerwehr-halberstadt.de\/wp-content\/uploads\/2024\/12\/2_20241219_102734_0001.jpg\" \/>\n\t<meta property=\"og:image:width\" content=\"1920\" \/>\n\t<meta property=\"og:image:height\" content=\"1080\" \/>\n\t<meta property=\"og:image:type\" content=\"image\/jpeg\" \/>\n<meta name=\"author\" content=\"Buchold, Chris\" \/>\n<meta name=\"twitter:card\" content=\"summary_large_image\" \/>\n<meta name=\"twitter:label1\" content=\"Verfasst von\" \/>\n\t<meta name=\"twitter:data1\" content=\"Buchold, Chris\" \/>\n\t<meta name=\"twitter:label2\" content=\"Gesch\u00e4tzte Lesezeit\" \/>\n\t<meta name=\"twitter:data2\" content=\"3\u00a0Minuten\" \/>\n<script type=\"application\/ld+json\" class=\"yoast-schema-graph\">{\"@context\":\"https:\\\/\\\/schema.org\",\"@graph\":[{\"@type\":\"Article\",\"@id\":\"https:\\\/\\\/www.feuerwehr-halberstadt.de\\\/?p=16503#article\",\"isPartOf\":{\"@id\":\"https:\\\/\\\/www.feuerwehr-halberstadt.de\\\/?p=16503\"},\"author\":{\"name\":\"Buchold, Chris\",\"@id\":\"https:\\\/\\\/www.feuerwehr-halberstadt.de\\\/#\\\/schema\\\/person\\\/55ce5d9b46008e58cd3d55d4116ec727\"},\"headline\":\"Wochenbericht Freiwillige Feuerwehr &#8211; 10.03. &#8211; 16.03.2025\",\"datePublished\":\"2025-03-17T19:50:21+00:00\",\"dateModified\":\"2025-03-17T22:13:22+00:00\",\"mainEntityOfPage\":{\"@id\":\"https:\\\/\\\/www.feuerwehr-halberstadt.de\\\/?p=16503\"},\"wordCount\":364,\"publisher\":{\"@id\":\"https:\\\/\\\/www.feuerwehr-halberstadt.de\\\/#organization\"},\"image\":{\"@id\":\"https:\\\/\\\/www.feuerwehr-halberstadt.de\\\/?p=16503#primaryimage\"},\"thumbnailUrl\":\"https:\\\/\\\/www.feuerwehr-halberstadt.de\\\/wp-content\\\/uploads\\\/2024\\\/12\\\/2_20241219_102734_0001.jpg\",\"inLanguage\":\"de\"},{\"@type\":\"WebPage\",\"@id\":\"https:\\\/\\\/www.feuerwehr-halberstadt.de\\\/?p=16503\",\"url\":\"https:\\\/\\\/www.feuerwehr-halberstadt.de\\\/?p=16503\",\"name\":\"Wochenbericht Freiwillige Feuerwehr - 10.03. - 16.03.2025 - Feuerwehr Halberstadt\",\"isPartOf\":{\"@id\":\"https:\\\/\\\/www.feuerwehr-halberstadt.de\\\/#website\"},\"primaryImageOfPage\":{\"@id\":\"https:\\\/\\\/www.feuerwehr-halberstadt.de\\\/?p=16503#primaryimage\"},\"image\":{\"@id\":\"https:\\\/\\\/www.feuerwehr-halberstadt.de\\\/?p=16503#primaryimage\"},\"thumbnailUrl\":\"https:\\\/\\\/www.feuerwehr-halberstadt.de\\\/wp-content\\\/uploads\\\/2024\\\/12\\\/2_20241219_102734_0001.jpg\",\"datePublished\":\"2025-03-17T19:50:21+00:00\",\"dateModified\":\"2025-03-17T22:13:22+00:00\",\"breadcrumb\":{\"@id\":\"https:\\\/\\\/www.feuerwehr-halberstadt.de\\\/?p=16503#breadcrumb\"},\"inLanguage\":\"de\",\"potentialAction\":[{\"@type\":\"ReadAction\",\"target\":[\"https:\\\/\\\/www.feuerwehr-halberstadt.de\\\/?p=16503\"]}]},{\"@type\":\"ImageObject\",\"inLanguage\":\"de\",\"@id\":\"https:\\\/\\\/www.feuerwehr-halberstadt.de\\\/?p=16503#primaryimage\",\"url\":\"https:\\\/\\\/www.feuerwehr-halberstadt.de\\\/wp-content\\\/uploads\\\/2024\\\/12\\\/2_20241219_102734_0001.jpg\",\"contentUrl\":\"https:\\\/\\\/www.feuerwehr-halberstadt.de\\\/wp-content\\\/uploads\\\/2024\\\/12\\\/2_20241219_102734_0001.jpg\",\"width\":1920,\"height\":1080},{\"@type\":\"BreadcrumbList\",\"@id\":\"https:\\\/\\\/www.feuerwehr-halberstadt.de\\\/?p=16503#breadcrumb\",\"itemListElement\":[{\"@type\":\"ListItem\",\"position\":1,\"name\":\"Startseite\",\"item\":\"https:\\\/\\\/www.feuerwehr-halberstadt.de\\\/\"},{\"@type\":\"ListItem\",\"position\":2,\"name\":\"Wochenbericht Freiwillige Feuerwehr &#8211; 10.03. &#8211; 16.03.2025\"}]},{\"@type\":\"WebSite\",\"@id\":\"https:\\\/\\\/www.feuerwehr-halberstadt.de\\\/#website\",\"url\":\"https:\\\/\\\/www.feuerwehr-halberstadt.de\\\/\",\"name\":\"Feuerwehr Halberstadt\",\"description\":\"#imEinsatzf\u00fcrHalberstadt\",\"publisher\":{\"@id\":\"https:\\\/\\\/www.feuerwehr-halberstadt.de\\\/#organization\"},\"potentialAction\":[{\"@type\":\"SearchAction\",\"target\":{\"@type\":\"EntryPoint\",\"urlTemplate\":\"https:\\\/\\\/www.feuerwehr-halberstadt.de\\\/?s={search_term_string}\"},\"query-input\":{\"@type\":\"PropertyValueSpecification\",\"valueRequired\":true,\"valueName\":\"search_term_string\"}}],\"inLanguage\":\"de\"},{\"@type\":\"Organization\",\"@id\":\"https:\\\/\\\/www.feuerwehr-halberstadt.de\\\/#organization\",\"name\":\"Feuerwehr Halberstadt\",\"url\":\"https:\\\/\\\/www.feuerwehr-halberstadt.de\\\/\",\"logo\":{\"@type\":\"ImageObject\",\"inLanguage\":\"de\",\"@id\":\"https:\\\/\\\/www.feuerwehr-halberstadt.de\\\/#\\\/schema\\\/logo\\\/image\\\/\",\"url\":\"https:\\\/\\\/www.feuerwehr-halberstadt.de\\\/wp-content\\\/uploads\\\/2023\\\/10\\\/IMG_0126.png\",\"contentUrl\":\"https:\\\/\\\/www.feuerwehr-halberstadt.de\\\/wp-content\\\/uploads\\\/2023\\\/10\\\/IMG_0126.png\",\"width\":1500,\"height\":399,\"caption\":\"Feuerwehr Halberstadt\"},\"image\":{\"@id\":\"https:\\\/\\\/www.feuerwehr-halberstadt.de\\\/#\\\/schema\\\/logo\\\/image\\\/\"},\"sameAs\":[\"https:\\\/\\\/www.facebook.com\\\/FeuerwehrHalberstadt\\\/\"]},{\"@type\":\"Person\",\"@id\":\"https:\\\/\\\/www.feuerwehr-halberstadt.de\\\/#\\\/schema\\\/person\\\/55ce5d9b46008e58cd3d55d4116ec727\",\"name\":\"Buchold, Chris\",\"image\":{\"@type\":\"ImageObject\",\"inLanguage\":\"de\",\"@id\":\"https:\\\/\\\/secure.gravatar.com\\\/avatar\\\/bff08a084f0390bf8a93fc28c488452766ba521109cec244ac64210fdd500a49?s=96&d=mm&r=g\",\"url\":\"https:\\\/\\\/secure.gravatar.com\\\/avatar\\\/bff08a084f0390bf8a93fc28c488452766ba521109cec244ac64210fdd500a49?s=96&d=mm&r=g\",\"contentUrl\":\"https:\\\/\\\/secure.gravatar.com\\\/avatar\\\/bff08a084f0390bf8a93fc28c488452766ba521109cec244ac64210fdd500a49?s=96&d=mm&r=g\",\"caption\":\"Buchold, Chris\"},\"url\":\"https:\\\/\\\/www.feuerwehr-halberstadt.de\\\/?author=3\"}]}<\/script>\n<!-- \/ Yoast SEO plugin. -->","yoast_head_json":{"title":"Wochenbericht Freiwillige Feuerwehr - 10.03. - 16.03.2025 - Feuerwehr Halberstadt","robots":{"index":"index","follow":"follow","max-snippet":"max-snippet:-1","max-image-preview":"max-image-preview:large","max-video-preview":"max-video-preview:-1"},"canonical":"https:\/\/www.feuerwehr-halberstadt.de\/?p=16503","og_locale":"de_DE","og_type":"article","og_title":"Wochenbericht Freiwillige Feuerwehr - 10.03. - 16.03.2025 - Feuerwehr Halberstadt","og_description":"10.03.2025 &#8211; 07:25 UhrB1 \u2013 PKW-Brand \u2013 Wehrstedter Stra\u00dfe &#8211; Einsatz 38\/2025Alarmierte Kr\u00e4fte: Einsatzleitdienst, FF HalberstadtKurzinfo: Da die Wachbereitschaft in einem anderen Einsatz gebunden war, wurde die Ortsfeuerwehr zu einem PKW-Brand alarmiert. Der Entstehungsbrand wurde bereits vor Ankunft der Feuerwehr gel\u00f6scht, sodass nur eine Nachkontrolle durchgef\u00fchrt wurde. 11.03.2025 &#8211; 14:21 UhrBMA \u2013 ZAST \u2013 Friedrich-List-Stra\u00dfe [&hellip;]","og_url":"https:\/\/www.feuerwehr-halberstadt.de\/?p=16503","og_site_name":"Feuerwehr Halberstadt","article_publisher":"https:\/\/www.facebook.com\/FeuerwehrHalberstadt\/","article_published_time":"2025-03-17T19:50:21+00:00","article_modified_time":"2025-03-17T22:13:22+00:00","og_image":[{"width":1920,"height":1080,"url":"https:\/\/www.feuerwehr-halberstadt.de\/wp-content\/uploads\/2024\/12\/2_20241219_102734_0001.jpg","type":"image\/jpeg"}],"author":"Buchold, Chris","twitter_card":"summary_large_image","twitter_misc":{"Verfasst von":"Buchold, Chris","Gesch\u00e4tzte Lesezeit":"3\u00a0Minuten"},"schema":{"@context":"https:\/\/schema.org","@graph":[{"@type":"Article","@id":"https:\/\/www.feuerwehr-halberstadt.de\/?p=16503#article","isPartOf":{"@id":"https:\/\/www.feuerwehr-halberstadt.de\/?p=16503"},"author":{"name":"Buchold, Chris","@id":"https:\/\/www.feuerwehr-halberstadt.de\/#\/schema\/person\/55ce5d9b46008e58cd3d55d4116ec727"},"headline":"Wochenbericht Freiwillige Feuerwehr &#8211; 10.03. &#8211; 16.03.2025","datePublished":"2025-03-17T19:50:21+00:00","dateModified":"2025-03-17T22:13:22+00:00","mainEntityOfPage":{"@id":"https:\/\/www.feuerwehr-halberstadt.de\/?p=16503"},"wordCount":364,"publisher":{"@id":"https:\/\/www.feuerwehr-halberstadt.de\/#organization"},"image":{"@id":"https:\/\/www.feuerwehr-halberstadt.de\/?p=16503#primaryimage"},"thumbnailUrl":"https:\/\/www.feuerwehr-halberstadt.de\/wp-content\/uploads\/2024\/12\/2_20241219_102734_0001.jpg","inLanguage":"de"},{"@type":"WebPage","@id":"https:\/\/www.feuerwehr-halberstadt.de\/?p=16503","url":"https:\/\/www.feuerwehr-halberstadt.de\/?p=16503","name":"Wochenbericht Freiwillige Feuerwehr - 10.03. - 16.03.2025 - Feuerwehr Halberstadt","isPartOf":{"@id":"https:\/\/www.feuerwehr-halberstadt.de\/#website"},"primaryImageOfPage":{"@id":"https:\/\/www.feuerwehr-halberstadt.de\/?p=16503#primaryimage"},"image":{"@id":"https:\/\/www.feuerwehr-halberstadt.de\/?p=16503#primaryimage"},"thumbnailUrl":"https:\/\/www.feuerwehr-halberstadt.de\/wp-content\/uploads\/2024\/12\/2_20241219_102734_0001.jpg","datePublished":"2025-03-17T19:50:21+00:00","dateModified":"2025-03-17T22:13:22+00:00","breadcrumb":{"@id":"https:\/\/www.feuerwehr-halberstadt.de\/?p=16503#breadcrumb"},"inLanguage":"de","potentialAction":[{"@type":"ReadAction","target":["https:\/\/www.feuerwehr-halberstadt.de\/?p=16503"]}]},{"@type":"ImageObject","inLanguage":"de","@id":"https:\/\/www.feuerwehr-halberstadt.de\/?p=16503#primaryimage","url":"https:\/\/www.feuerwehr-halberstadt.de\/wp-content\/uploads\/2024\/12\/2_20241219_102734_0001.jpg","contentUrl":"https:\/\/www.feuerwehr-halberstadt.de\/wp-content\/uploads\/2024\/12\/2_20241219_102734_0001.jpg","width":1920,"height":1080},{"@type":"BreadcrumbList","@id":"https:\/\/www.feuerwehr-halberstadt.de\/?p=16503#breadcrumb","itemListElement":[{"@type":"ListItem","position":1,"name":"Startseite","item":"https:\/\/www.feuerwehr-halberstadt.de\/"},{"@type":"ListItem","position":2,"name":"Wochenbericht Freiwillige Feuerwehr &#8211; 10.03. &#8211; 16.03.2025"}]},{"@type":"WebSite","@id":"https:\/\/www.feuerwehr-halberstadt.de\/#website","url":"https:\/\/www.feuerwehr-halberstadt.de\/","name":"Feuerwehr Halberstadt","description":"#imEinsatzf\u00fcrHalberstadt","publisher":{"@id":"https:\/\/www.feuerwehr-halberstadt.de\/#organization"},"potentialAction":[{"@type":"SearchAction","target":{"@type":"EntryPoint","urlTemplate":"https:\/\/www.feuerwehr-halberstadt.de\/?s={search_term_string}"},"query-input":{"@type":"PropertyValueSpecification","valueRequired":true,"valueName":"search_term_string"}}],"inLanguage":"de"},{"@type":"Organization","@id":"https:\/\/www.feuerwehr-halberstadt.de\/#organization","name":"Feuerwehr Halberstadt","url":"https:\/\/www.feuerwehr-halberstadt.de\/","logo":{"@type":"ImageObject","inLanguage":"de","@id":"https:\/\/www.feuerwehr-halberstadt.de\/#\/schema\/logo\/image\/","url":"https:\/\/www.feuerwehr-halberstadt.de\/wp-content\/uploads\/2023\/10\/IMG_0126.png","contentUrl":"https:\/\/www.feuerwehr-halberstadt.de\/wp-content\/uploads\/2023\/10\/IMG_0126.png","width":1500,"height":399,"caption":"Feuerwehr Halberstadt"},"image":{"@id":"https:\/\/www.feuerwehr-halberstadt.de\/#\/schema\/logo\/image\/"},"sameAs":["https:\/\/www.facebook.com\/FeuerwehrHalberstadt\/"]},{"@type":"Person","@id":"https:\/\/www.feuerwehr-halberstadt.de\/#\/schema\/person\/55ce5d9b46008e58cd3d55d4116ec727","name":"Buchold, Chris","image":{"@type":"ImageObject","inLanguage":"de","@id":"https:\/\/secure.gravatar.com\/avatar\/bff08a084f0390bf8a93fc28c488452766ba521109cec244ac64210fdd500a49?s=96&d=mm&r=g","url":"https:\/\/secure.gravatar.com\/avatar\/bff08a084f0390bf8a93fc28c488452766ba521109cec244ac64210fdd500a49?s=96&d=mm&r=g","contentUrl":"https:\/\/secure.gravatar.com\/avatar\/bff08a084f0390bf8a93fc28c488452766ba521109cec244ac64210fdd500a49?s=96&d=mm&r=g","caption":"Buchold, Chris"},"url":"https:\/\/www.feuerwehr-halberstadt.de\/?author=3"}]}},"_links":{"self":[{"href":"https:\/\/www.feuerwehr-halberstadt.de\/index.php?rest_route=\/wp\/v2\/posts\/16503","targetHints":{"allow":["GET"]}}],"collection":[{"href":"https:\/\/www.feuerwehr-halberstadt.de\/index.php?rest_route=\/wp\/v2\/posts"}],"about":[{"href":"https:\/\/www.feuerwehr-halberstadt.de\/index.php?rest_route=\/wp\/v2\/types\/post"}],"author":[{"embeddable":true,"href":"https:\/\/www.feuerwehr-halberstadt.de\/index.php?rest_route=\/wp\/v2\/users\/3"}],"replies":[{"embeddable":true,"href":"https:\/\/www.feuerwehr-halberstadt.de\/index.php?rest_route=%2Fwp%2Fv2%2Fcomments&post=16503"}],"version-history":[{"count":4,"href":"https:\/\/www.feuerwehr-halberstadt.de\/index.php?rest_route=\/wp\/v2\/posts\/16503\/revisions"}],"predecessor-version":[{"id":16530,"href":"https:\/\/www.feuerwehr-halberstadt.de\/index.php?rest_route=\/wp\/v2\/posts\/16503\/revisions\/16530"}],"wp:featuredmedia":[{"embeddable":true,"href":"https:\/\/www.feuerwehr-halberstadt.de\/index.php?rest_route=\/wp\/v2\/media\/15878"}],"wp:attachment":[{"href":"https:\/\/www.feuerwehr-halberstadt.de\/index.php?rest_route=%2Fwp%2Fv2%2Fmedia&parent=16503"}],"wp:term":[{"taxonomy":"category","embeddable":true,"href":"https:\/\/www.feuerwehr-halberstadt.de\/index.php?rest_route=%2Fwp%2Fv2%2Fcategories&post=16503"},{"taxonomy":"post_tag","embeddable":true,"href":"https:\/\/www.feuerwehr-halberstadt.de\/index.php?rest_route=%2Fwp%2Fv2%2Ftags&post=16503"}],"curies":[{"name":"wp","href":"https:\/\/api.w.org\/{rel}","templated":true}]}}