{"id":16455,"date":"2025-03-09T19:54:09","date_gmt":"2025-03-09T18:54:09","guid":{"rendered":"https:\/\/www.feuerwehr-halberstadt.de\/?p=16455"},"modified":"2025-03-09T21:30:24","modified_gmt":"2025-03-09T20:30:24","slug":"jahreshauptversammlung-der-ortsfeuerwehr-sargstedt-3","status":"publish","type":"post","link":"https:\/\/www.feuerwehr-halberstadt.de\/?p=16455","title":{"rendered":"Jahreshauptversammlung der Ortsfeuerwehr Sargstedt"},"content":{"rendered":"\n<p>Am Freitag, dem 07.03.2025 f\u00fchrte die Ortsfeuerwehr Sargstedt ihre j\u00e4hrliche Jahreshauptversammlung im Ger\u00e4tehaus durch. Ortswehrleiter Jonas Pannier er\u00f6ffnete die Sitzung mit der Begr\u00fc\u00dfung aller anwesenden G\u00e4ste, bevor er auf das vergangene Jahr zur\u00fcckblickte.<\/p>\n\n\n\n<!--more-->\n\n\n\n<p>Die Ortsfeuerwehr Sargstedt z\u00e4hlte im Jahr 2024 insgesamt 17 Einsatzkr\u00e4fte, was eine Steigerung von 5 aktiv ausgebildeten Einsatzkr\u00e4ften zum Vorjahr darstellt. &#8222;Dies sei eine sehr erfreuliche Entwicklung, die hoffentlich in den n\u00e4chsten Jahren konstant weitergef\u00fchrt werden kann&#8220; so der Ortswehrleiter. Zudem befinden sich 11 Mitglieder in der Alters- und Ehrenabteilung.<\/p>\n\n\n\n<p>Im letzten Jahr konnten 48 Ausbildungen mit 1239,5 Stunden absolviert werden. Hierbei ist zu erw\u00e4hnen, dass durch die Kameraden auch ingesamt 9 Lehrg\u00e4nge auf Kreis- und Landesebene besucht wurden.<br>Das Jahr 2024 war mit insgesamt 14 Eins\u00e4tzen erneut ein einsatzstarkes Jahr f\u00fcr die Ortsfeuerwehr. Diese gliedern sich in 4 Brandeins\u00e4tze und 10 technische Hilfeleistungen auf. <br><br>Erw\u00e4hnenswert sind hier unter anderem:<br>&#8211; die gemeldete Rauchentwicklung im Halberst\u00e4dter Dom<br>&#8211; das Starkregenereignis in der Ortslage mit 7 Einsatzstellen<br>&#8211; sowie die Stadtfeuerwehr\u00fcbung in Halberstadt bei der Fahrschule &#8222;Teach and Drive&#8220;<\/p>\n\n\n\n<p>Weiterhin war die Ortswehr bei mehreren Veranstaltungen im Ort vertreten. Zu den Highlights z\u00e4hlten das Osterfeuer, das Erntedankfest, das Martinsfeuer und der Weihnachtshof.<\/p>\n\n\n\n<p>Anschlie\u00dfend gab der Ortswehrleiter einen kleinen Ausblick f\u00fcr das Jahr 2025, in dem das Highlight das 140-j\u00e4hrige Jubil\u00e4um der Ortsfeuerwehr Sargstedt sein wird. Zum Abschluss seiner Rede bedankte er sich bei den Kameraden f\u00fcr die geleistete Arbeit im Jahr 2024 und w\u00fcnscht sich weiterhin eine gute Zusammenarbeit.<\/p>\n\n\n\n<p>Ortsjugendwartin Katja K\u00f6sling blickte auf das Ausbildungsjahr der Kinder- und Jugendfeuerwehr zur\u00fcck. Die 8 Kinder und Jugendlichen leisteten im vergangenen Jahr insgesamt 546 Ausbildungsstunden. Besonders erfreulich ist der Zuwachs von 4 neuen Kindern in der Kinderfeuerwehr. Auch im vergangenen Jahr gab es f\u00fcr die Kinder und Jugendlichen wieder einige Veranstaltungen und Ausfl\u00fcge. <br><br>Zu den Highlights z\u00e4hlten hier zum Beispiel:<br>&#8211; ein Ausflug in den Freizeitpark Belantis<br>&#8211; Der Bau und die \u00dcbergabe eines Insektenhotels<br>&#8211; ein Bowlingtag<br>&#8211; der Besuch der Freiwilligen Feuerwehr in Magdeburg<br>&#8211; die \u00dcbergabe der neuen T-Shirts<br>&#8211; eine gemeinsame Einsatz\u00fcbung mit der Partnerfeuerwehr aus Kissenbr\u00fcck<br><br>&#8222;Ein besonderer Dank gilt dabei allen Mitgliedern, Ausbildern, Eltern und Unterst\u00fctzern die durch Ihren Einsatz dieses erfolgreiche Jahr erm\u00f6glicht haben&#8220;, so die Ortsjugendwartin. Au\u00dferdem bedankte sich die Jugendwartin beim F\u00f6rderverein &#8222;St. Florian&#8220; welcher die Projekte und Veranstaltungen erst erm\u00f6glicht hat.<\/p>\n\n\n\n<p>Stadtwehrleiter Martin Schulz bedankte bei den Kameraden f\u00fcr die geleistete Arbeit im vergangenen Jahr und gab einen kleinen Ausblick auf aktuelle Themen f\u00fcr das Jahr 2025. Die Gefahrgut-Ausbildung wird neu forciert, um f\u00fcr die Aufgaben im Rahmen des Fachdienst ABC gut vorbereitet zu sein, nicht zuletzt wegen der bald bevorstehenden Indienststellung des neues GWG III. Zahlreiche Sonderausbildungen, organisiert von Stadtausbildungsleiter Lars Hartmann, stehen in diesem Jahr auf dem Plan, z.B. eine F\u00fchrungskr\u00e4ftefortbildung, eine Ausbildung zur Vegetationsbrandbek\u00e4mpfung und die Ausbildung im Brand\u00fcbungshaus am IBK Heyrothsberge. Au\u00dferdem lobte er die gute Arbeit der Kinder- und Jugendfeuerwehr in der Ortswehr, sowie die Bereitschaft von einigen Kameraden, sich um die Versorgung der Stadtfeuerwehr im Einsatzfall zu k\u00fcmmern.<\/p>\n\n\n\n<p>Thomas Dittmer bedankte sich als Vertreter der Abteilung Feuerwehr ebenfalls f\u00fcr geleistete Arbeit und \u00fcberbrachte beste Gr\u00fc\u00dfe von Oberb\u00fcrgermeister Daniel Szarata. Au\u00dferdem gab er einen kleinen \u00dcberblick \u00fcber den aktuellen Stand der Beschaffung der neuen Helme sowie der Einsatzbekleidung.<\/p>\n\n\n\n<p>Im Anschluss wurden Bef\u00f6rderungen, Ehrungen und Berufungen durch Ortswehrleiter Jonas Pannier und Stadtwehrleiter Martin Schulz durchgef\u00fchrt.<\/p>\n\n\n\n<p><strong>Bef\u00f6rderungen:<\/strong><br>Dietzel, Felix\u200b\u200b: Feuerwehrmannanw\u00e4rter<br>K\u00f6hler, Patrick\u200b: Feuerwehrmann<br>R\u00f6diger, Tim\u200b\u200b: Feuerwehrmann<br>Sch\u00fcler, Axel: Oberfeuerwehrmann<br>Pannier, Jonas: Oberl\u00f6schmeister<\/p>\n\n\n\n<p><strong>Jubil\u00e4en<\/strong>:<br>Heyer, Christian\u200b:\u200b 30 Jahre<br>Winter, Peter\u200b\u200b: 40 Jahre (nicht anwesend)<\/p>\n\n\n\n<figure class=\"wp-block-gallery has-nested-images columns-2 is-cropped wp-block-gallery-1 is-layout-flex wp-block-gallery-is-layout-flex\">\n<figure class=\"wp-block-image size-large\"><img loading=\"lazy\" decoding=\"async\" width=\"1024\" height=\"683\" data-id=\"16472\" src=\"https:\/\/www.feuerwehr-halberstadt.de\/wp-content\/uploads\/2025\/03\/DSC05817090325-1024x683.jpg\" alt=\"\" class=\"wp-image-16472\" srcset=\"https:\/\/www.feuerwehr-halberstadt.de\/wp-content\/uploads\/2025\/03\/DSC05817090325-1024x683.jpg 1024w, https:\/\/www.feuerwehr-halberstadt.de\/wp-content\/uploads\/2025\/03\/DSC05817090325-300x200.jpg 300w, https:\/\/www.feuerwehr-halberstadt.de\/wp-content\/uploads\/2025\/03\/DSC05817090325-768x512.jpg 768w, https:\/\/www.feuerwehr-halberstadt.de\/wp-content\/uploads\/2025\/03\/DSC05817090325-1536x1024.jpg 1536w, https:\/\/www.feuerwehr-halberstadt.de\/wp-content\/uploads\/2025\/03\/DSC05817090325-2048x1365.jpg 2048w\" sizes=\"auto, (max-width: 1024px) 100vw, 1024px\" \/><\/figure>\n\n\n\n<figure class=\"wp-block-image size-large\"><img loading=\"lazy\" decoding=\"async\" width=\"1024\" height=\"683\" data-id=\"16471\" src=\"https:\/\/www.feuerwehr-halberstadt.de\/wp-content\/uploads\/2025\/03\/DSC05807090325-1024x683.jpg\" alt=\"\" class=\"wp-image-16471\" srcset=\"https:\/\/www.feuerwehr-halberstadt.de\/wp-content\/uploads\/2025\/03\/DSC05807090325-1024x683.jpg 1024w, https:\/\/www.feuerwehr-halberstadt.de\/wp-content\/uploads\/2025\/03\/DSC05807090325-300x200.jpg 300w, https:\/\/www.feuerwehr-halberstadt.de\/wp-content\/uploads\/2025\/03\/DSC05807090325-768x512.jpg 768w, https:\/\/www.feuerwehr-halberstadt.de\/wp-content\/uploads\/2025\/03\/DSC05807090325-1536x1024.jpg 1536w, https:\/\/www.feuerwehr-halberstadt.de\/wp-content\/uploads\/2025\/03\/DSC05807090325-2048x1365.jpg 2048w\" sizes=\"auto, (max-width: 1024px) 100vw, 1024px\" \/><\/figure>\n\n\n\n<figure class=\"wp-block-image size-large\"><img loading=\"lazy\" decoding=\"async\" width=\"1024\" height=\"683\" data-id=\"16470\" src=\"https:\/\/www.feuerwehr-halberstadt.de\/wp-content\/uploads\/2025\/03\/DSC05797090325-1024x683.jpg\" alt=\"\" class=\"wp-image-16470\" srcset=\"https:\/\/www.feuerwehr-halberstadt.de\/wp-content\/uploads\/2025\/03\/DSC05797090325-1024x683.jpg 1024w, https:\/\/www.feuerwehr-halberstadt.de\/wp-content\/uploads\/2025\/03\/DSC05797090325-300x200.jpg 300w, https:\/\/www.feuerwehr-halberstadt.de\/wp-content\/uploads\/2025\/03\/DSC05797090325-768x512.jpg 768w, https:\/\/www.feuerwehr-halberstadt.de\/wp-content\/uploads\/2025\/03\/DSC05797090325-1536x1024.jpg 1536w, https:\/\/www.feuerwehr-halberstadt.de\/wp-content\/uploads\/2025\/03\/DSC05797090325-2048x1365.jpg 2048w\" sizes=\"auto, (max-width: 1024px) 100vw, 1024px\" \/><\/figure>\n\n\n\n<figure class=\"wp-block-image size-large\"><img loading=\"lazy\" decoding=\"async\" width=\"1024\" height=\"683\" data-id=\"16469\" src=\"https:\/\/www.feuerwehr-halberstadt.de\/wp-content\/uploads\/2025\/03\/DSC05793090325-1024x683.jpg\" alt=\"\" class=\"wp-image-16469\" srcset=\"https:\/\/www.feuerwehr-halberstadt.de\/wp-content\/uploads\/2025\/03\/DSC05793090325-1024x683.jpg 1024w, https:\/\/www.feuerwehr-halberstadt.de\/wp-content\/uploads\/2025\/03\/DSC05793090325-300x200.jpg 300w, https:\/\/www.feuerwehr-halberstadt.de\/wp-content\/uploads\/2025\/03\/DSC05793090325-768x512.jpg 768w, https:\/\/www.feuerwehr-halberstadt.de\/wp-content\/uploads\/2025\/03\/DSC05793090325-1536x1024.jpg 1536w, https:\/\/www.feuerwehr-halberstadt.de\/wp-content\/uploads\/2025\/03\/DSC05793090325-2048x1365.jpg 2048w\" sizes=\"auto, (max-width: 1024px) 100vw, 1024px\" \/><\/figure>\n\n\n\n<figure class=\"wp-block-image size-large\"><img loading=\"lazy\" decoding=\"async\" width=\"1024\" height=\"683\" data-id=\"16468\" src=\"https:\/\/www.feuerwehr-halberstadt.de\/wp-content\/uploads\/2025\/03\/DSC05789090325-1024x683.jpg\" alt=\"\" class=\"wp-image-16468\" srcset=\"https:\/\/www.feuerwehr-halberstadt.de\/wp-content\/uploads\/2025\/03\/DSC05789090325-1024x683.jpg 1024w, https:\/\/www.feuerwehr-halberstadt.de\/wp-content\/uploads\/2025\/03\/DSC05789090325-300x200.jpg 300w, https:\/\/www.feuerwehr-halberstadt.de\/wp-content\/uploads\/2025\/03\/DSC05789090325-768x512.jpg 768w, https:\/\/www.feuerwehr-halberstadt.de\/wp-content\/uploads\/2025\/03\/DSC05789090325-1536x1024.jpg 1536w, https:\/\/www.feuerwehr-halberstadt.de\/wp-content\/uploads\/2025\/03\/DSC05789090325-2048x1365.jpg 2048w\" sizes=\"auto, (max-width: 1024px) 100vw, 1024px\" \/><\/figure>\n\n\n\n<figure class=\"wp-block-image size-large\"><img loading=\"lazy\" decoding=\"async\" width=\"1024\" height=\"683\" data-id=\"16467\" src=\"https:\/\/www.feuerwehr-halberstadt.de\/wp-content\/uploads\/2025\/03\/DSC05784090325-1024x683.jpg\" alt=\"\" class=\"wp-image-16467\" srcset=\"https:\/\/www.feuerwehr-halberstadt.de\/wp-content\/uploads\/2025\/03\/DSC05784090325-1024x683.jpg 1024w, https:\/\/www.feuerwehr-halberstadt.de\/wp-content\/uploads\/2025\/03\/DSC05784090325-300x200.jpg 300w, https:\/\/www.feuerwehr-halberstadt.de\/wp-content\/uploads\/2025\/03\/DSC05784090325-768x512.jpg 768w, https:\/\/www.feuerwehr-halberstadt.de\/wp-content\/uploads\/2025\/03\/DSC05784090325-1536x1024.jpg 1536w, https:\/\/www.feuerwehr-halberstadt.de\/wp-content\/uploads\/2025\/03\/DSC05784090325-2048x1365.jpg 2048w\" sizes=\"auto, (max-width: 1024px) 100vw, 1024px\" \/><\/figure>\n\n\n\n<figure class=\"wp-block-image size-large\"><img loading=\"lazy\" decoding=\"async\" width=\"1024\" height=\"683\" data-id=\"16466\" src=\"https:\/\/www.feuerwehr-halberstadt.de\/wp-content\/uploads\/2025\/03\/DSC05774090325-1024x683.jpg\" alt=\"\" class=\"wp-image-16466\" srcset=\"https:\/\/www.feuerwehr-halberstadt.de\/wp-content\/uploads\/2025\/03\/DSC05774090325-1024x683.jpg 1024w, https:\/\/www.feuerwehr-halberstadt.de\/wp-content\/uploads\/2025\/03\/DSC05774090325-300x200.jpg 300w, https:\/\/www.feuerwehr-halberstadt.de\/wp-content\/uploads\/2025\/03\/DSC05774090325-768x512.jpg 768w, https:\/\/www.feuerwehr-halberstadt.de\/wp-content\/uploads\/2025\/03\/DSC05774090325-1536x1024.jpg 1536w, https:\/\/www.feuerwehr-halberstadt.de\/wp-content\/uploads\/2025\/03\/DSC05774090325-2048x1365.jpg 2048w\" sizes=\"auto, (max-width: 1024px) 100vw, 1024px\" \/><\/figure>\n\n\n\n<figure class=\"wp-block-image size-large\"><img loading=\"lazy\" decoding=\"async\" width=\"1024\" height=\"683\" data-id=\"16465\" src=\"https:\/\/www.feuerwehr-halberstadt.de\/wp-content\/uploads\/2025\/03\/DSC05765090325-1024x683.jpg\" alt=\"\" class=\"wp-image-16465\" srcset=\"https:\/\/www.feuerwehr-halberstadt.de\/wp-content\/uploads\/2025\/03\/DSC05765090325-1024x683.jpg 1024w, https:\/\/www.feuerwehr-halberstadt.de\/wp-content\/uploads\/2025\/03\/DSC05765090325-300x200.jpg 300w, https:\/\/www.feuerwehr-halberstadt.de\/wp-content\/uploads\/2025\/03\/DSC05765090325-768x512.jpg 768w, https:\/\/www.feuerwehr-halberstadt.de\/wp-content\/uploads\/2025\/03\/DSC05765090325-1536x1024.jpg 1536w, https:\/\/www.feuerwehr-halberstadt.de\/wp-content\/uploads\/2025\/03\/DSC05765090325-2048x1365.jpg 2048w\" sizes=\"auto, (max-width: 1024px) 100vw, 1024px\" \/><\/figure>\n\n\n\n<figure class=\"wp-block-image size-large\"><img loading=\"lazy\" decoding=\"async\" width=\"1024\" height=\"683\" data-id=\"16473\" src=\"https:\/\/www.feuerwehr-halberstadt.de\/wp-content\/uploads\/2025\/03\/DSC05826090325-1024x683.jpg\" alt=\"\" class=\"wp-image-16473\" srcset=\"https:\/\/www.feuerwehr-halberstadt.de\/wp-content\/uploads\/2025\/03\/DSC05826090325-1024x683.jpg 1024w, https:\/\/www.feuerwehr-halberstadt.de\/wp-content\/uploads\/2025\/03\/DSC05826090325-300x200.jpg 300w, https:\/\/www.feuerwehr-halberstadt.de\/wp-content\/uploads\/2025\/03\/DSC05826090325-768x512.jpg 768w, https:\/\/www.feuerwehr-halberstadt.de\/wp-content\/uploads\/2025\/03\/DSC05826090325-1536x1024.jpg 1536w, https:\/\/www.feuerwehr-halberstadt.de\/wp-content\/uploads\/2025\/03\/DSC05826090325-2048x1365.jpg 2048w\" sizes=\"auto, (max-width: 1024px) 100vw, 1024px\" \/><\/figure>\n<\/figure>\n","protected":false},"excerpt":{"rendered":"<p>Am Freitag, dem 07.03.2025 f\u00fchrte die Ortsfeuerwehr Sargstedt ihre j\u00e4hrliche Jahreshauptversammlung im Ger\u00e4tehaus durch. Ortswehrleiter Jonas Pannier er\u00f6ffnete die Sitzung mit der Begr\u00fc\u00dfung aller anwesenden G\u00e4ste, bevor er auf das vergangene Jahr zur\u00fcckblickte.<\/p>\n","protected":false},"author":8,"featured_media":16464,"comment_status":"closed","ping_status":"closed","sticky":false,"template":"","format":"standard","meta":{"_acf_changed":false,"footnotes":""},"categories":[9],"tags":[],"class_list":["post-16455","post","type-post","status-publish","format-standard","has-post-thumbnail","hentry","category-allgemein"],"acf":[],"yoast_head":"<!-- This site is optimized with the Yoast SEO plugin v27.5 - https:\/\/yoast.com\/product\/yoast-seo-wordpress\/ -->\n<title>Jahreshauptversammlung der Ortsfeuerwehr Sargstedt - Feuerwehr Halberstadt<\/title>\n<meta name=\"robots\" content=\"index, follow, max-snippet:-1, max-image-preview:large, max-video-preview:-1\" \/>\n<link rel=\"canonical\" href=\"https:\/\/www.feuerwehr-halberstadt.de\/?p=16455\" \/>\n<meta property=\"og:locale\" content=\"de_DE\" \/>\n<meta property=\"og:type\" content=\"article\" \/>\n<meta property=\"og:title\" content=\"Jahreshauptversammlung der Ortsfeuerwehr Sargstedt - Feuerwehr Halberstadt\" \/>\n<meta property=\"og:description\" content=\"Am Freitag, dem 07.03.2025 f\u00fchrte die Ortsfeuerwehr Sargstedt ihre j\u00e4hrliche Jahreshauptversammlung im Ger\u00e4tehaus durch. Ortswehrleiter Jonas Pannier er\u00f6ffnete die Sitzung mit der Begr\u00fc\u00dfung aller anwesenden G\u00e4ste, bevor er auf das vergangene Jahr zur\u00fcckblickte.\" \/>\n<meta property=\"og:url\" content=\"https:\/\/www.feuerwehr-halberstadt.de\/?p=16455\" \/>\n<meta property=\"og:site_name\" content=\"Feuerwehr Halberstadt\" \/>\n<meta property=\"article:publisher\" content=\"https:\/\/www.facebook.com\/FeuerwehrHalberstadt\/\" \/>\n<meta property=\"article:published_time\" content=\"2025-03-09T18:54:09+00:00\" \/>\n<meta property=\"article:modified_time\" content=\"2025-03-09T20:30:24+00:00\" \/>\n<meta property=\"og:image\" content=\"https:\/\/www.feuerwehr-halberstadt.de\/wp-content\/uploads\/2025\/03\/DSC05761090325-scaled-e1741546393181.jpg\" \/>\n\t<meta property=\"og:image:width\" content=\"1260\" \/>\n\t<meta property=\"og:image:height\" content=\"840\" \/>\n\t<meta property=\"og:image:type\" content=\"image\/jpeg\" \/>\n<meta name=\"author\" content=\"K\u00fchne, Ren\u00e9\" \/>\n<meta name=\"twitter:card\" content=\"summary_large_image\" \/>\n<meta name=\"twitter:label1\" content=\"Verfasst von\" \/>\n\t<meta name=\"twitter:data1\" content=\"K\u00fchne, Ren\u00e9\" \/>\n\t<meta name=\"twitter:label2\" content=\"Gesch\u00e4tzte Lesezeit\" \/>\n\t<meta name=\"twitter:data2\" content=\"6\u00a0Minuten\" \/>\n<script type=\"application\/ld+json\" class=\"yoast-schema-graph\">{\"@context\":\"https:\\\/\\\/schema.org\",\"@graph\":[{\"@type\":\"Article\",\"@id\":\"https:\\\/\\\/www.feuerwehr-halberstadt.de\\\/?p=16455#article\",\"isPartOf\":{\"@id\":\"https:\\\/\\\/www.feuerwehr-halberstadt.de\\\/?p=16455\"},\"author\":{\"name\":\"K\u00fchne, Ren\u00e9\",\"@id\":\"https:\\\/\\\/www.feuerwehr-halberstadt.de\\\/#\\\/schema\\\/person\\\/3025e717504caccf9120c148aa5dafc9\"},\"headline\":\"Jahreshauptversammlung der Ortsfeuerwehr Sargstedt\",\"datePublished\":\"2025-03-09T18:54:09+00:00\",\"dateModified\":\"2025-03-09T20:30:24+00:00\",\"mainEntityOfPage\":{\"@id\":\"https:\\\/\\\/www.feuerwehr-halberstadt.de\\\/?p=16455\"},\"wordCount\":609,\"publisher\":{\"@id\":\"https:\\\/\\\/www.feuerwehr-halberstadt.de\\\/#organization\"},\"image\":{\"@id\":\"https:\\\/\\\/www.feuerwehr-halberstadt.de\\\/?p=16455#primaryimage\"},\"thumbnailUrl\":\"https:\\\/\\\/www.feuerwehr-halberstadt.de\\\/wp-content\\\/uploads\\\/2025\\\/03\\\/DSC05761090325-scaled-e1741546393181.jpg\",\"inLanguage\":\"de\"},{\"@type\":\"WebPage\",\"@id\":\"https:\\\/\\\/www.feuerwehr-halberstadt.de\\\/?p=16455\",\"url\":\"https:\\\/\\\/www.feuerwehr-halberstadt.de\\\/?p=16455\",\"name\":\"Jahreshauptversammlung der Ortsfeuerwehr Sargstedt - Feuerwehr Halberstadt\",\"isPartOf\":{\"@id\":\"https:\\\/\\\/www.feuerwehr-halberstadt.de\\\/#website\"},\"primaryImageOfPage\":{\"@id\":\"https:\\\/\\\/www.feuerwehr-halberstadt.de\\\/?p=16455#primaryimage\"},\"image\":{\"@id\":\"https:\\\/\\\/www.feuerwehr-halberstadt.de\\\/?p=16455#primaryimage\"},\"thumbnailUrl\":\"https:\\\/\\\/www.feuerwehr-halberstadt.de\\\/wp-content\\\/uploads\\\/2025\\\/03\\\/DSC05761090325-scaled-e1741546393181.jpg\",\"datePublished\":\"2025-03-09T18:54:09+00:00\",\"dateModified\":\"2025-03-09T20:30:24+00:00\",\"breadcrumb\":{\"@id\":\"https:\\\/\\\/www.feuerwehr-halberstadt.de\\\/?p=16455#breadcrumb\"},\"inLanguage\":\"de\",\"potentialAction\":[{\"@type\":\"ReadAction\",\"target\":[\"https:\\\/\\\/www.feuerwehr-halberstadt.de\\\/?p=16455\"]}]},{\"@type\":\"ImageObject\",\"inLanguage\":\"de\",\"@id\":\"https:\\\/\\\/www.feuerwehr-halberstadt.de\\\/?p=16455#primaryimage\",\"url\":\"https:\\\/\\\/www.feuerwehr-halberstadt.de\\\/wp-content\\\/uploads\\\/2025\\\/03\\\/DSC05761090325-scaled-e1741546393181.jpg\",\"contentUrl\":\"https:\\\/\\\/www.feuerwehr-halberstadt.de\\\/wp-content\\\/uploads\\\/2025\\\/03\\\/DSC05761090325-scaled-e1741546393181.jpg\",\"width\":1260,\"height\":840},{\"@type\":\"BreadcrumbList\",\"@id\":\"https:\\\/\\\/www.feuerwehr-halberstadt.de\\\/?p=16455#breadcrumb\",\"itemListElement\":[{\"@type\":\"ListItem\",\"position\":1,\"name\":\"Startseite\",\"item\":\"https:\\\/\\\/www.feuerwehr-halberstadt.de\\\/\"},{\"@type\":\"ListItem\",\"position\":2,\"name\":\"Jahreshauptversammlung der Ortsfeuerwehr Sargstedt\"}]},{\"@type\":\"WebSite\",\"@id\":\"https:\\\/\\\/www.feuerwehr-halberstadt.de\\\/#website\",\"url\":\"https:\\\/\\\/www.feuerwehr-halberstadt.de\\\/\",\"name\":\"Feuerwehr Halberstadt\",\"description\":\"#imEinsatzf\u00fcrHalberstadt\",\"publisher\":{\"@id\":\"https:\\\/\\\/www.feuerwehr-halberstadt.de\\\/#organization\"},\"potentialAction\":[{\"@type\":\"SearchAction\",\"target\":{\"@type\":\"EntryPoint\",\"urlTemplate\":\"https:\\\/\\\/www.feuerwehr-halberstadt.de\\\/?s={search_term_string}\"},\"query-input\":{\"@type\":\"PropertyValueSpecification\",\"valueRequired\":true,\"valueName\":\"search_term_string\"}}],\"inLanguage\":\"de\"},{\"@type\":\"Organization\",\"@id\":\"https:\\\/\\\/www.feuerwehr-halberstadt.de\\\/#organization\",\"name\":\"Feuerwehr Halberstadt\",\"url\":\"https:\\\/\\\/www.feuerwehr-halberstadt.de\\\/\",\"logo\":{\"@type\":\"ImageObject\",\"inLanguage\":\"de\",\"@id\":\"https:\\\/\\\/www.feuerwehr-halberstadt.de\\\/#\\\/schema\\\/logo\\\/image\\\/\",\"url\":\"https:\\\/\\\/www.feuerwehr-halberstadt.de\\\/wp-content\\\/uploads\\\/2023\\\/10\\\/IMG_0126.png\",\"contentUrl\":\"https:\\\/\\\/www.feuerwehr-halberstadt.de\\\/wp-content\\\/uploads\\\/2023\\\/10\\\/IMG_0126.png\",\"width\":1500,\"height\":399,\"caption\":\"Feuerwehr Halberstadt\"},\"image\":{\"@id\":\"https:\\\/\\\/www.feuerwehr-halberstadt.de\\\/#\\\/schema\\\/logo\\\/image\\\/\"},\"sameAs\":[\"https:\\\/\\\/www.facebook.com\\\/FeuerwehrHalberstadt\\\/\"]},{\"@type\":\"Person\",\"@id\":\"https:\\\/\\\/www.feuerwehr-halberstadt.de\\\/#\\\/schema\\\/person\\\/3025e717504caccf9120c148aa5dafc9\",\"name\":\"K\u00fchne, Ren\u00e9\",\"image\":{\"@type\":\"ImageObject\",\"inLanguage\":\"de\",\"@id\":\"https:\\\/\\\/secure.gravatar.com\\\/avatar\\\/55eea2ec92cf331c72f122107a136da45b190ce89b28770aafc2f0a0788d2fd4?s=96&d=mm&r=g\",\"url\":\"https:\\\/\\\/secure.gravatar.com\\\/avatar\\\/55eea2ec92cf331c72f122107a136da45b190ce89b28770aafc2f0a0788d2fd4?s=96&d=mm&r=g\",\"contentUrl\":\"https:\\\/\\\/secure.gravatar.com\\\/avatar\\\/55eea2ec92cf331c72f122107a136da45b190ce89b28770aafc2f0a0788d2fd4?s=96&d=mm&r=g\",\"caption\":\"K\u00fchne, Ren\u00e9\"},\"url\":\"https:\\\/\\\/www.feuerwehr-halberstadt.de\\\/?author=8\"}]}<\/script>\n<!-- \/ Yoast SEO plugin. -->","yoast_head_json":{"title":"Jahreshauptversammlung der Ortsfeuerwehr Sargstedt - Feuerwehr Halberstadt","robots":{"index":"index","follow":"follow","max-snippet":"max-snippet:-1","max-image-preview":"max-image-preview:large","max-video-preview":"max-video-preview:-1"},"canonical":"https:\/\/www.feuerwehr-halberstadt.de\/?p=16455","og_locale":"de_DE","og_type":"article","og_title":"Jahreshauptversammlung der Ortsfeuerwehr Sargstedt - Feuerwehr Halberstadt","og_description":"Am Freitag, dem 07.03.2025 f\u00fchrte die Ortsfeuerwehr Sargstedt ihre j\u00e4hrliche Jahreshauptversammlung im Ger\u00e4tehaus durch. Ortswehrleiter Jonas Pannier er\u00f6ffnete die Sitzung mit der Begr\u00fc\u00dfung aller anwesenden G\u00e4ste, bevor er auf das vergangene Jahr zur\u00fcckblickte.","og_url":"https:\/\/www.feuerwehr-halberstadt.de\/?p=16455","og_site_name":"Feuerwehr Halberstadt","article_publisher":"https:\/\/www.facebook.com\/FeuerwehrHalberstadt\/","article_published_time":"2025-03-09T18:54:09+00:00","article_modified_time":"2025-03-09T20:30:24+00:00","og_image":[{"width":1260,"height":840,"url":"https:\/\/www.feuerwehr-halberstadt.de\/wp-content\/uploads\/2025\/03\/DSC05761090325-scaled-e1741546393181.jpg","type":"image\/jpeg"}],"author":"K\u00fchne, Ren\u00e9","twitter_card":"summary_large_image","twitter_misc":{"Verfasst von":"K\u00fchne, Ren\u00e9","Gesch\u00e4tzte Lesezeit":"6\u00a0Minuten"},"schema":{"@context":"https:\/\/schema.org","@graph":[{"@type":"Article","@id":"https:\/\/www.feuerwehr-halberstadt.de\/?p=16455#article","isPartOf":{"@id":"https:\/\/www.feuerwehr-halberstadt.de\/?p=16455"},"author":{"name":"K\u00fchne, Ren\u00e9","@id":"https:\/\/www.feuerwehr-halberstadt.de\/#\/schema\/person\/3025e717504caccf9120c148aa5dafc9"},"headline":"Jahreshauptversammlung der Ortsfeuerwehr Sargstedt","datePublished":"2025-03-09T18:54:09+00:00","dateModified":"2025-03-09T20:30:24+00:00","mainEntityOfPage":{"@id":"https:\/\/www.feuerwehr-halberstadt.de\/?p=16455"},"wordCount":609,"publisher":{"@id":"https:\/\/www.feuerwehr-halberstadt.de\/#organization"},"image":{"@id":"https:\/\/www.feuerwehr-halberstadt.de\/?p=16455#primaryimage"},"thumbnailUrl":"https:\/\/www.feuerwehr-halberstadt.de\/wp-content\/uploads\/2025\/03\/DSC05761090325-scaled-e1741546393181.jpg","inLanguage":"de"},{"@type":"WebPage","@id":"https:\/\/www.feuerwehr-halberstadt.de\/?p=16455","url":"https:\/\/www.feuerwehr-halberstadt.de\/?p=16455","name":"Jahreshauptversammlung der Ortsfeuerwehr Sargstedt - Feuerwehr Halberstadt","isPartOf":{"@id":"https:\/\/www.feuerwehr-halberstadt.de\/#website"},"primaryImageOfPage":{"@id":"https:\/\/www.feuerwehr-halberstadt.de\/?p=16455#primaryimage"},"image":{"@id":"https:\/\/www.feuerwehr-halberstadt.de\/?p=16455#primaryimage"},"thumbnailUrl":"https:\/\/www.feuerwehr-halberstadt.de\/wp-content\/uploads\/2025\/03\/DSC05761090325-scaled-e1741546393181.jpg","datePublished":"2025-03-09T18:54:09+00:00","dateModified":"2025-03-09T20:30:24+00:00","breadcrumb":{"@id":"https:\/\/www.feuerwehr-halberstadt.de\/?p=16455#breadcrumb"},"inLanguage":"de","potentialAction":[{"@type":"ReadAction","target":["https:\/\/www.feuerwehr-halberstadt.de\/?p=16455"]}]},{"@type":"ImageObject","inLanguage":"de","@id":"https:\/\/www.feuerwehr-halberstadt.de\/?p=16455#primaryimage","url":"https:\/\/www.feuerwehr-halberstadt.de\/wp-content\/uploads\/2025\/03\/DSC05761090325-scaled-e1741546393181.jpg","contentUrl":"https:\/\/www.feuerwehr-halberstadt.de\/wp-content\/uploads\/2025\/03\/DSC05761090325-scaled-e1741546393181.jpg","width":1260,"height":840},{"@type":"BreadcrumbList","@id":"https:\/\/www.feuerwehr-halberstadt.de\/?p=16455#breadcrumb","itemListElement":[{"@type":"ListItem","position":1,"name":"Startseite","item":"https:\/\/www.feuerwehr-halberstadt.de\/"},{"@type":"ListItem","position":2,"name":"Jahreshauptversammlung der Ortsfeuerwehr Sargstedt"}]},{"@type":"WebSite","@id":"https:\/\/www.feuerwehr-halberstadt.de\/#website","url":"https:\/\/www.feuerwehr-halberstadt.de\/","name":"Feuerwehr Halberstadt","description":"#imEinsatzf\u00fcrHalberstadt","publisher":{"@id":"https:\/\/www.feuerwehr-halberstadt.de\/#organization"},"potentialAction":[{"@type":"SearchAction","target":{"@type":"EntryPoint","urlTemplate":"https:\/\/www.feuerwehr-halberstadt.de\/?s={search_term_string}"},"query-input":{"@type":"PropertyValueSpecification","valueRequired":true,"valueName":"search_term_string"}}],"inLanguage":"de"},{"@type":"Organization","@id":"https:\/\/www.feuerwehr-halberstadt.de\/#organization","name":"Feuerwehr Halberstadt","url":"https:\/\/www.feuerwehr-halberstadt.de\/","logo":{"@type":"ImageObject","inLanguage":"de","@id":"https:\/\/www.feuerwehr-halberstadt.de\/#\/schema\/logo\/image\/","url":"https:\/\/www.feuerwehr-halberstadt.de\/wp-content\/uploads\/2023\/10\/IMG_0126.png","contentUrl":"https:\/\/www.feuerwehr-halberstadt.de\/wp-content\/uploads\/2023\/10\/IMG_0126.png","width":1500,"height":399,"caption":"Feuerwehr Halberstadt"},"image":{"@id":"https:\/\/www.feuerwehr-halberstadt.de\/#\/schema\/logo\/image\/"},"sameAs":["https:\/\/www.facebook.com\/FeuerwehrHalberstadt\/"]},{"@type":"Person","@id":"https:\/\/www.feuerwehr-halberstadt.de\/#\/schema\/person\/3025e717504caccf9120c148aa5dafc9","name":"K\u00fchne, Ren\u00e9","image":{"@type":"ImageObject","inLanguage":"de","@id":"https:\/\/secure.gravatar.com\/avatar\/55eea2ec92cf331c72f122107a136da45b190ce89b28770aafc2f0a0788d2fd4?s=96&d=mm&r=g","url":"https:\/\/secure.gravatar.com\/avatar\/55eea2ec92cf331c72f122107a136da45b190ce89b28770aafc2f0a0788d2fd4?s=96&d=mm&r=g","contentUrl":"https:\/\/secure.gravatar.com\/avatar\/55eea2ec92cf331c72f122107a136da45b190ce89b28770aafc2f0a0788d2fd4?s=96&d=mm&r=g","caption":"K\u00fchne, Ren\u00e9"},"url":"https:\/\/www.feuerwehr-halberstadt.de\/?author=8"}]}},"_links":{"self":[{"href":"https:\/\/www.feuerwehr-halberstadt.de\/index.php?rest_route=\/wp\/v2\/posts\/16455","targetHints":{"allow":["GET"]}}],"collection":[{"href":"https:\/\/www.feuerwehr-halberstadt.de\/index.php?rest_route=\/wp\/v2\/posts"}],"about":[{"href":"https:\/\/www.feuerwehr-halberstadt.de\/index.php?rest_route=\/wp\/v2\/types\/post"}],"author":[{"embeddable":true,"href":"https:\/\/www.feuerwehr-halberstadt.de\/index.php?rest_route=\/wp\/v2\/users\/8"}],"replies":[{"embeddable":true,"href":"https:\/\/www.feuerwehr-halberstadt.de\/index.php?rest_route=%2Fwp%2Fv2%2Fcomments&post=16455"}],"version-history":[{"count":8,"href":"https:\/\/www.feuerwehr-halberstadt.de\/index.php?rest_route=\/wp\/v2\/posts\/16455\/revisions"}],"predecessor-version":[{"id":16481,"href":"https:\/\/www.feuerwehr-halberstadt.de\/index.php?rest_route=\/wp\/v2\/posts\/16455\/revisions\/16481"}],"wp:featuredmedia":[{"embeddable":true,"href":"https:\/\/www.feuerwehr-halberstadt.de\/index.php?rest_route=\/wp\/v2\/media\/16464"}],"wp:attachment":[{"href":"https:\/\/www.feuerwehr-halberstadt.de\/index.php?rest_route=%2Fwp%2Fv2%2Fmedia&parent=16455"}],"wp:term":[{"taxonomy":"category","embeddable":true,"href":"https:\/\/www.feuerwehr-halberstadt.de\/index.php?rest_route=%2Fwp%2Fv2%2Fcategories&post=16455"},{"taxonomy":"post_tag","embeddable":true,"href":"https:\/\/www.feuerwehr-halberstadt.de\/index.php?rest_route=%2Fwp%2Fv2%2Ftags&post=16455"}],"curies":[{"name":"wp","href":"https:\/\/api.w.org\/{rel}","templated":true}]}}