{"id":16426,"date":"2025-03-10T03:04:21","date_gmt":"2025-03-10T02:04:21","guid":{"rendered":"https:\/\/www.feuerwehr-halberstadt.de\/?p=16426"},"modified":"2025-03-10T03:04:22","modified_gmt":"2025-03-10T02:04:22","slug":"wochenbericht-freiwillige-feuerwehr-03-03-09-03-2025","status":"publish","type":"post","link":"https:\/\/www.feuerwehr-halberstadt.de\/?p=16426","title":{"rendered":"Wochenbericht Freiwillige Feuerwehr &#8211; 03.03. &#8211; 09.03.2025"},"content":{"rendered":"\n<p><strong>03.03.2025 <\/strong>&#8211; 19:32 Uhr<br><strong>B2<em> \u2013 <\/em>Verpuffung in Wohnung <em>\u2013 <\/em>Richard-Wagner-Stra\u00dfe <\/strong>&#8211; Einsatz 32\/2025<br><em>Alarmierte Kr\u00e4fte: Einsatzleitdienst, Hauptberufliche Wachbereitschaft, FF Halberstadt<\/em>, <em>ELW-Gruppe,<\/em> <em>Rettungsdienst<\/em>, <em>Polizei<\/em><br><strong>Einsatzbericht:<\/strong> <a href=\"https:\/\/www.feuerwehr-halberstadt.de\/?einsaetze=b2-verpuffung-in-wohnung-richard-wagner-strasse\">https:\/\/www.feuerwehr-halberstadt.de\/?einsaetze=b2-verpuffung-in-wohnung-richard-wagner-strasse<\/a><\/p>\n\n\n\n<p><strong>04.03.2025 <\/strong>&#8211; 14:52 Uhr<br><strong>BMA<em> \u2013 <\/em>Daimler Truck Global Parts Center <em>\u2013 <\/em>Daimler-Truck-Stra\u00dfe <\/strong>&#8211; Einsatz 33\/2025<br><em>Alarmierte Kr\u00e4fte: Einsatzleitdienst, Hauptberufliche Wachbereitschaft, FF Halberstadt<\/em>, <em>FF Emersleben,<\/em> <em>ELW-Gruppe<\/em><br><strong>Kurzinfo:<\/strong> Die Brandmeldeanlage wurde durch Arbeiten an der Sprinkleranlage ausgel\u00f6st. Der Bereich wurde ohne weitere Feststellung abkontrolliert. Der Einsatz konnte nach kurzer Zeit beendet werden.<\/p>\n\n\n\n<p><strong>07.03.2025 <\/strong>&#8211; 17:15 Uhr<br><strong>B1<em> \u2013 <\/em>Nachforderung TLF <em>\u2013 <\/em>Spiegelsbergenweg <\/strong>&#8211; Einsatz 34\/2025<br><em>Alarmierte Kr\u00e4fte: Einsatzleitdienst, Hauptberufliche Wachbereitschaft, FF Halberstadt<\/em>, <em>Polizei<\/em><br><strong>Kurzinfo:<\/strong> Vor Ort brannte ein Haufen mit Bauabf\u00e4llen. Die Kr\u00e4fte der Ortsfeuerwehr unterst\u00fctzten bei der Wasserversorgung und anschlie\u00dfend auch bei der Restabl\u00f6schung.<\/p>\n\n\n\n<figure class=\"wp-block-gallery has-nested-images columns-default is-cropped wp-block-gallery-1 is-layout-flex wp-block-gallery-is-layout-flex\">\n<figure class=\"wp-block-image size-large\"><img loading=\"lazy\" decoding=\"async\" width=\"1024\" height=\"768\" data-id=\"16476\" src=\"https:\/\/www.feuerwehr-halberstadt.de\/wp-content\/uploads\/2025\/03\/IMG_4869-1024x768.jpeg\" alt=\"\" class=\"wp-image-16476\" srcset=\"https:\/\/www.feuerwehr-halberstadt.de\/wp-content\/uploads\/2025\/03\/IMG_4869-1024x768.jpeg 1024w, https:\/\/www.feuerwehr-halberstadt.de\/wp-content\/uploads\/2025\/03\/IMG_4869-300x225.jpeg 300w, https:\/\/www.feuerwehr-halberstadt.de\/wp-content\/uploads\/2025\/03\/IMG_4869-768x576.jpeg 768w, https:\/\/www.feuerwehr-halberstadt.de\/wp-content\/uploads\/2025\/03\/IMG_4869-1536x1152.jpeg 1536w, https:\/\/www.feuerwehr-halberstadt.de\/wp-content\/uploads\/2025\/03\/IMG_4869-2048x1536.jpeg 2048w\" sizes=\"auto, (max-width: 1024px) 100vw, 1024px\" \/><figcaption class=\"wp-element-caption\">Einsatz 34\/2025<\/figcaption><\/figure>\n<\/figure>\n\n\n\n<p><strong>07.03.2025 <\/strong>&#8211; 23:58 Uhr<br><strong>B2<em> \u2013 <\/em>Mittelbrand <em>\u2013 <\/em>Schmiedestra\u00dfe <\/strong>&#8211; Einsatz 35\/2025<br><em>Alarmierte Kr\u00e4fte: Einsatzleitdienst, Hauptberufliche Wachbereitschaft, ELW-Gruppe, FF Halberstadt, FF Aspenstedt, FF Klein Quenstedt, FF Langenstein, AS\u00dc-Gruppe Langenstein, FF Blankenburg, Kreisbrandmeister, Rettungsdienst, Org. Leiter Rettungsdienst (OrgL), Ltd. Notarzt (LNA)<\/em><br><strong>Einsatzbericht:<\/strong> <a href=\"https:\/\/www.feuerwehr-halberstadt.de\/?einsaetze=b2-gebaeudebrand-mit-15-betroffenen-personen-schmiedestrasse\">https:\/\/www.feuerwehr-halberstadt.de\/?einsaetze=b2-gebaeudebrand-mit-15-betroffenen-personen-schmiedestrasse<\/a><\/p>\n\n\n\n<p><strong>08.03.2025 <\/strong>&#8211; 21:19 Uhr<br><strong>Stadtabsicherung &#8211; GH Halberstadt<\/strong> &#8211; Einsatz 36\/2025<br><em>Alarmierte Kr\u00e4fte: FF Halberstadt<\/em><br><strong>Einsatzbericht:<\/strong> Da die Wachbereitschaft in einem \u00fcber\u00f6rtlichen Einsatz im Huy gebunden war, wurde die FF Halberstadt zur Stadtabsicherung in die Feuerwache alarmiert. Kurz nach 0 Uhr konnte die Stadtabsicherung aufgehoben werden.<\/p>\n\n\n\n<p><strong>09.03.2025 <\/strong>&#8211; 01:45 Uhr<br><strong>Amtshilfe<em> \u2013 <\/em>Anforderung Drohne zur Personensuche <em>\u2013 <\/em>Wedderstedt <\/strong>&#8211; Einsatz 37\/2025<br><em>Alarmierte Kr\u00e4fte: Drohnen-Gruppe<\/em>,<em> Polizei<\/em><br><strong>Einsatzbericht:<\/strong> Im Rahmen einer Amtshilfe f\u00fcr die Polizei, wurde die Drohnen-Gruppe Halberstadt zu einem \u00fcber\u00f6rtlichen Einsatz nach Wedderstedt alarmiert. Dort wurde eine \u00e4ltere Person gesucht, die seit den Abendstunden als vermisst gemeldet wurde. Die Suche wurde nach ca. 3 Stunden erfolglos beendet.<\/p>\n","protected":false},"excerpt":{"rendered":"<p>03.03.2025 &#8211; 19:32 UhrB2 \u2013 Verpuffung in Wohnung \u2013 Richard-Wagner-Stra\u00dfe &#8211; Einsatz 32\/2025Alarmierte Kr\u00e4fte: Einsatzleitdienst, Hauptberufliche Wachbereitschaft, FF Halberstadt, ELW-Gruppe, Rettungsdienst, PolizeiEinsatzbericht: https:\/\/www.feuerwehr-halberstadt.de\/?einsaetze=b2-verpuffung-in-wohnung-richard-wagner-strasse 04.03.2025 &#8211; 14:52 UhrBMA \u2013 Daimler Truck Global Parts Center \u2013 Daimler-Truck-Stra\u00dfe &#8211; Einsatz 33\/2025Alarmierte Kr\u00e4fte: Einsatzleitdienst, Hauptberufliche Wachbereitschaft, FF Halberstadt, FF Emersleben, ELW-GruppeKurzinfo: Die Brandmeldeanlage wurde durch Arbeiten an der Sprinkleranlage [&hellip;]<\/p>\n","protected":false},"author":3,"featured_media":14816,"comment_status":"closed","ping_status":"closed","sticky":false,"template":"","format":"standard","meta":{"_acf_changed":false,"footnotes":""},"categories":[9],"tags":[],"class_list":["post-16426","post","type-post","status-publish","format-standard","has-post-thumbnail","hentry","category-allgemein"],"acf":[],"yoast_head":"<!-- This site is optimized with the Yoast SEO plugin v27.5 - https:\/\/yoast.com\/product\/yoast-seo-wordpress\/ -->\n<title>Wochenbericht Freiwillige Feuerwehr - 03.03. - 09.03.2025 - Feuerwehr Halberstadt<\/title>\n<meta name=\"robots\" content=\"index, follow, max-snippet:-1, max-image-preview:large, max-video-preview:-1\" \/>\n<link rel=\"canonical\" href=\"https:\/\/www.feuerwehr-halberstadt.de\/?p=16426\" \/>\n<meta property=\"og:locale\" content=\"de_DE\" \/>\n<meta property=\"og:type\" content=\"article\" \/>\n<meta property=\"og:title\" content=\"Wochenbericht Freiwillige Feuerwehr - 03.03. - 09.03.2025 - Feuerwehr Halberstadt\" \/>\n<meta property=\"og:description\" content=\"03.03.2025 &#8211; 19:32 UhrB2 \u2013 Verpuffung in Wohnung \u2013 Richard-Wagner-Stra\u00dfe &#8211; Einsatz 32\/2025Alarmierte Kr\u00e4fte: Einsatzleitdienst, Hauptberufliche Wachbereitschaft, FF Halberstadt, ELW-Gruppe, Rettungsdienst, PolizeiEinsatzbericht: https:\/\/www.feuerwehr-halberstadt.de\/?einsaetze=b2-verpuffung-in-wohnung-richard-wagner-strasse 04.03.2025 &#8211; 14:52 UhrBMA \u2013 Daimler Truck Global Parts Center \u2013 Daimler-Truck-Stra\u00dfe &#8211; Einsatz 33\/2025Alarmierte Kr\u00e4fte: Einsatzleitdienst, Hauptberufliche Wachbereitschaft, FF Halberstadt, FF Emersleben, ELW-GruppeKurzinfo: Die Brandmeldeanlage wurde durch Arbeiten an der Sprinkleranlage [&hellip;]\" \/>\n<meta property=\"og:url\" content=\"https:\/\/www.feuerwehr-halberstadt.de\/?p=16426\" \/>\n<meta property=\"og:site_name\" content=\"Feuerwehr Halberstadt\" \/>\n<meta property=\"article:publisher\" content=\"https:\/\/www.facebook.com\/FeuerwehrHalberstadt\/\" \/>\n<meta property=\"article:published_time\" content=\"2025-03-10T02:04:21+00:00\" \/>\n<meta property=\"article:modified_time\" content=\"2025-03-10T02:04:22+00:00\" \/>\n<meta property=\"og:image\" content=\"https:\/\/www.feuerwehr-halberstadt.de\/wp-content\/uploads\/2024\/03\/12_20240310_165751_0009.jpg\" \/>\n\t<meta property=\"og:image:width\" content=\"1920\" \/>\n\t<meta property=\"og:image:height\" content=\"1080\" \/>\n\t<meta property=\"og:image:type\" content=\"image\/jpeg\" \/>\n<meta name=\"author\" content=\"Buchold, Chris\" \/>\n<meta name=\"twitter:card\" content=\"summary_large_image\" \/>\n<meta name=\"twitter:label1\" content=\"Verfasst von\" \/>\n\t<meta name=\"twitter:data1\" content=\"Buchold, Chris\" \/>\n\t<meta name=\"twitter:label2\" content=\"Gesch\u00e4tzte Lesezeit\" \/>\n\t<meta name=\"twitter:data2\" content=\"2\u00a0Minuten\" \/>\n<script type=\"application\/ld+json\" class=\"yoast-schema-graph\">{\"@context\":\"https:\\\/\\\/schema.org\",\"@graph\":[{\"@type\":\"Article\",\"@id\":\"https:\\\/\\\/www.feuerwehr-halberstadt.de\\\/?p=16426#article\",\"isPartOf\":{\"@id\":\"https:\\\/\\\/www.feuerwehr-halberstadt.de\\\/?p=16426\"},\"author\":{\"name\":\"Buchold, Chris\",\"@id\":\"https:\\\/\\\/www.feuerwehr-halberstadt.de\\\/#\\\/schema\\\/person\\\/55ce5d9b46008e58cd3d55d4116ec727\"},\"headline\":\"Wochenbericht Freiwillige Feuerwehr &#8211; 03.03. &#8211; 09.03.2025\",\"datePublished\":\"2025-03-10T02:04:21+00:00\",\"dateModified\":\"2025-03-10T02:04:22+00:00\",\"mainEntityOfPage\":{\"@id\":\"https:\\\/\\\/www.feuerwehr-halberstadt.de\\\/?p=16426\"},\"wordCount\":277,\"publisher\":{\"@id\":\"https:\\\/\\\/www.feuerwehr-halberstadt.de\\\/#organization\"},\"image\":{\"@id\":\"https:\\\/\\\/www.feuerwehr-halberstadt.de\\\/?p=16426#primaryimage\"},\"thumbnailUrl\":\"https:\\\/\\\/www.feuerwehr-halberstadt.de\\\/wp-content\\\/uploads\\\/2024\\\/03\\\/12_20240310_165751_0009.jpg\",\"inLanguage\":\"de\"},{\"@type\":\"WebPage\",\"@id\":\"https:\\\/\\\/www.feuerwehr-halberstadt.de\\\/?p=16426\",\"url\":\"https:\\\/\\\/www.feuerwehr-halberstadt.de\\\/?p=16426\",\"name\":\"Wochenbericht Freiwillige Feuerwehr - 03.03. - 09.03.2025 - Feuerwehr Halberstadt\",\"isPartOf\":{\"@id\":\"https:\\\/\\\/www.feuerwehr-halberstadt.de\\\/#website\"},\"primaryImageOfPage\":{\"@id\":\"https:\\\/\\\/www.feuerwehr-halberstadt.de\\\/?p=16426#primaryimage\"},\"image\":{\"@id\":\"https:\\\/\\\/www.feuerwehr-halberstadt.de\\\/?p=16426#primaryimage\"},\"thumbnailUrl\":\"https:\\\/\\\/www.feuerwehr-halberstadt.de\\\/wp-content\\\/uploads\\\/2024\\\/03\\\/12_20240310_165751_0009.jpg\",\"datePublished\":\"2025-03-10T02:04:21+00:00\",\"dateModified\":\"2025-03-10T02:04:22+00:00\",\"breadcrumb\":{\"@id\":\"https:\\\/\\\/www.feuerwehr-halberstadt.de\\\/?p=16426#breadcrumb\"},\"inLanguage\":\"de\",\"potentialAction\":[{\"@type\":\"ReadAction\",\"target\":[\"https:\\\/\\\/www.feuerwehr-halberstadt.de\\\/?p=16426\"]}]},{\"@type\":\"ImageObject\",\"inLanguage\":\"de\",\"@id\":\"https:\\\/\\\/www.feuerwehr-halberstadt.de\\\/?p=16426#primaryimage\",\"url\":\"https:\\\/\\\/www.feuerwehr-halberstadt.de\\\/wp-content\\\/uploads\\\/2024\\\/03\\\/12_20240310_165751_0009.jpg\",\"contentUrl\":\"https:\\\/\\\/www.feuerwehr-halberstadt.de\\\/wp-content\\\/uploads\\\/2024\\\/03\\\/12_20240310_165751_0009.jpg\",\"width\":1920,\"height\":1080},{\"@type\":\"BreadcrumbList\",\"@id\":\"https:\\\/\\\/www.feuerwehr-halberstadt.de\\\/?p=16426#breadcrumb\",\"itemListElement\":[{\"@type\":\"ListItem\",\"position\":1,\"name\":\"Startseite\",\"item\":\"https:\\\/\\\/www.feuerwehr-halberstadt.de\\\/\"},{\"@type\":\"ListItem\",\"position\":2,\"name\":\"Wochenbericht Freiwillige Feuerwehr &#8211; 03.03. &#8211; 09.03.2025\"}]},{\"@type\":\"WebSite\",\"@id\":\"https:\\\/\\\/www.feuerwehr-halberstadt.de\\\/#website\",\"url\":\"https:\\\/\\\/www.feuerwehr-halberstadt.de\\\/\",\"name\":\"Feuerwehr Halberstadt\",\"description\":\"#imEinsatzf\u00fcrHalberstadt\",\"publisher\":{\"@id\":\"https:\\\/\\\/www.feuerwehr-halberstadt.de\\\/#organization\"},\"potentialAction\":[{\"@type\":\"SearchAction\",\"target\":{\"@type\":\"EntryPoint\",\"urlTemplate\":\"https:\\\/\\\/www.feuerwehr-halberstadt.de\\\/?s={search_term_string}\"},\"query-input\":{\"@type\":\"PropertyValueSpecification\",\"valueRequired\":true,\"valueName\":\"search_term_string\"}}],\"inLanguage\":\"de\"},{\"@type\":\"Organization\",\"@id\":\"https:\\\/\\\/www.feuerwehr-halberstadt.de\\\/#organization\",\"name\":\"Feuerwehr Halberstadt\",\"url\":\"https:\\\/\\\/www.feuerwehr-halberstadt.de\\\/\",\"logo\":{\"@type\":\"ImageObject\",\"inLanguage\":\"de\",\"@id\":\"https:\\\/\\\/www.feuerwehr-halberstadt.de\\\/#\\\/schema\\\/logo\\\/image\\\/\",\"url\":\"https:\\\/\\\/www.feuerwehr-halberstadt.de\\\/wp-content\\\/uploads\\\/2023\\\/10\\\/IMG_0126.png\",\"contentUrl\":\"https:\\\/\\\/www.feuerwehr-halberstadt.de\\\/wp-content\\\/uploads\\\/2023\\\/10\\\/IMG_0126.png\",\"width\":1500,\"height\":399,\"caption\":\"Feuerwehr Halberstadt\"},\"image\":{\"@id\":\"https:\\\/\\\/www.feuerwehr-halberstadt.de\\\/#\\\/schema\\\/logo\\\/image\\\/\"},\"sameAs\":[\"https:\\\/\\\/www.facebook.com\\\/FeuerwehrHalberstadt\\\/\"]},{\"@type\":\"Person\",\"@id\":\"https:\\\/\\\/www.feuerwehr-halberstadt.de\\\/#\\\/schema\\\/person\\\/55ce5d9b46008e58cd3d55d4116ec727\",\"name\":\"Buchold, Chris\",\"image\":{\"@type\":\"ImageObject\",\"inLanguage\":\"de\",\"@id\":\"https:\\\/\\\/secure.gravatar.com\\\/avatar\\\/bff08a084f0390bf8a93fc28c488452766ba521109cec244ac64210fdd500a49?s=96&d=mm&r=g\",\"url\":\"https:\\\/\\\/secure.gravatar.com\\\/avatar\\\/bff08a084f0390bf8a93fc28c488452766ba521109cec244ac64210fdd500a49?s=96&d=mm&r=g\",\"contentUrl\":\"https:\\\/\\\/secure.gravatar.com\\\/avatar\\\/bff08a084f0390bf8a93fc28c488452766ba521109cec244ac64210fdd500a49?s=96&d=mm&r=g\",\"caption\":\"Buchold, Chris\"},\"url\":\"https:\\\/\\\/www.feuerwehr-halberstadt.de\\\/?author=3\"}]}<\/script>\n<!-- \/ Yoast SEO plugin. -->","yoast_head_json":{"title":"Wochenbericht Freiwillige Feuerwehr - 03.03. - 09.03.2025 - Feuerwehr Halberstadt","robots":{"index":"index","follow":"follow","max-snippet":"max-snippet:-1","max-image-preview":"max-image-preview:large","max-video-preview":"max-video-preview:-1"},"canonical":"https:\/\/www.feuerwehr-halberstadt.de\/?p=16426","og_locale":"de_DE","og_type":"article","og_title":"Wochenbericht Freiwillige Feuerwehr - 03.03. - 09.03.2025 - Feuerwehr Halberstadt","og_description":"03.03.2025 &#8211; 19:32 UhrB2 \u2013 Verpuffung in Wohnung \u2013 Richard-Wagner-Stra\u00dfe &#8211; Einsatz 32\/2025Alarmierte Kr\u00e4fte: Einsatzleitdienst, Hauptberufliche Wachbereitschaft, FF Halberstadt, ELW-Gruppe, Rettungsdienst, PolizeiEinsatzbericht: https:\/\/www.feuerwehr-halberstadt.de\/?einsaetze=b2-verpuffung-in-wohnung-richard-wagner-strasse 04.03.2025 &#8211; 14:52 UhrBMA \u2013 Daimler Truck Global Parts Center \u2013 Daimler-Truck-Stra\u00dfe &#8211; Einsatz 33\/2025Alarmierte Kr\u00e4fte: Einsatzleitdienst, Hauptberufliche Wachbereitschaft, FF Halberstadt, FF Emersleben, ELW-GruppeKurzinfo: Die Brandmeldeanlage wurde durch Arbeiten an der Sprinkleranlage [&hellip;]","og_url":"https:\/\/www.feuerwehr-halberstadt.de\/?p=16426","og_site_name":"Feuerwehr Halberstadt","article_publisher":"https:\/\/www.facebook.com\/FeuerwehrHalberstadt\/","article_published_time":"2025-03-10T02:04:21+00:00","article_modified_time":"2025-03-10T02:04:22+00:00","og_image":[{"width":1920,"height":1080,"url":"https:\/\/www.feuerwehr-halberstadt.de\/wp-content\/uploads\/2024\/03\/12_20240310_165751_0009.jpg","type":"image\/jpeg"}],"author":"Buchold, Chris","twitter_card":"summary_large_image","twitter_misc":{"Verfasst von":"Buchold, Chris","Gesch\u00e4tzte Lesezeit":"2\u00a0Minuten"},"schema":{"@context":"https:\/\/schema.org","@graph":[{"@type":"Article","@id":"https:\/\/www.feuerwehr-halberstadt.de\/?p=16426#article","isPartOf":{"@id":"https:\/\/www.feuerwehr-halberstadt.de\/?p=16426"},"author":{"name":"Buchold, Chris","@id":"https:\/\/www.feuerwehr-halberstadt.de\/#\/schema\/person\/55ce5d9b46008e58cd3d55d4116ec727"},"headline":"Wochenbericht Freiwillige Feuerwehr &#8211; 03.03. &#8211; 09.03.2025","datePublished":"2025-03-10T02:04:21+00:00","dateModified":"2025-03-10T02:04:22+00:00","mainEntityOfPage":{"@id":"https:\/\/www.feuerwehr-halberstadt.de\/?p=16426"},"wordCount":277,"publisher":{"@id":"https:\/\/www.feuerwehr-halberstadt.de\/#organization"},"image":{"@id":"https:\/\/www.feuerwehr-halberstadt.de\/?p=16426#primaryimage"},"thumbnailUrl":"https:\/\/www.feuerwehr-halberstadt.de\/wp-content\/uploads\/2024\/03\/12_20240310_165751_0009.jpg","inLanguage":"de"},{"@type":"WebPage","@id":"https:\/\/www.feuerwehr-halberstadt.de\/?p=16426","url":"https:\/\/www.feuerwehr-halberstadt.de\/?p=16426","name":"Wochenbericht Freiwillige Feuerwehr - 03.03. - 09.03.2025 - Feuerwehr Halberstadt","isPartOf":{"@id":"https:\/\/www.feuerwehr-halberstadt.de\/#website"},"primaryImageOfPage":{"@id":"https:\/\/www.feuerwehr-halberstadt.de\/?p=16426#primaryimage"},"image":{"@id":"https:\/\/www.feuerwehr-halberstadt.de\/?p=16426#primaryimage"},"thumbnailUrl":"https:\/\/www.feuerwehr-halberstadt.de\/wp-content\/uploads\/2024\/03\/12_20240310_165751_0009.jpg","datePublished":"2025-03-10T02:04:21+00:00","dateModified":"2025-03-10T02:04:22+00:00","breadcrumb":{"@id":"https:\/\/www.feuerwehr-halberstadt.de\/?p=16426#breadcrumb"},"inLanguage":"de","potentialAction":[{"@type":"ReadAction","target":["https:\/\/www.feuerwehr-halberstadt.de\/?p=16426"]}]},{"@type":"ImageObject","inLanguage":"de","@id":"https:\/\/www.feuerwehr-halberstadt.de\/?p=16426#primaryimage","url":"https:\/\/www.feuerwehr-halberstadt.de\/wp-content\/uploads\/2024\/03\/12_20240310_165751_0009.jpg","contentUrl":"https:\/\/www.feuerwehr-halberstadt.de\/wp-content\/uploads\/2024\/03\/12_20240310_165751_0009.jpg","width":1920,"height":1080},{"@type":"BreadcrumbList","@id":"https:\/\/www.feuerwehr-halberstadt.de\/?p=16426#breadcrumb","itemListElement":[{"@type":"ListItem","position":1,"name":"Startseite","item":"https:\/\/www.feuerwehr-halberstadt.de\/"},{"@type":"ListItem","position":2,"name":"Wochenbericht Freiwillige Feuerwehr &#8211; 03.03. &#8211; 09.03.2025"}]},{"@type":"WebSite","@id":"https:\/\/www.feuerwehr-halberstadt.de\/#website","url":"https:\/\/www.feuerwehr-halberstadt.de\/","name":"Feuerwehr Halberstadt","description":"#imEinsatzf\u00fcrHalberstadt","publisher":{"@id":"https:\/\/www.feuerwehr-halberstadt.de\/#organization"},"potentialAction":[{"@type":"SearchAction","target":{"@type":"EntryPoint","urlTemplate":"https:\/\/www.feuerwehr-halberstadt.de\/?s={search_term_string}"},"query-input":{"@type":"PropertyValueSpecification","valueRequired":true,"valueName":"search_term_string"}}],"inLanguage":"de"},{"@type":"Organization","@id":"https:\/\/www.feuerwehr-halberstadt.de\/#organization","name":"Feuerwehr Halberstadt","url":"https:\/\/www.feuerwehr-halberstadt.de\/","logo":{"@type":"ImageObject","inLanguage":"de","@id":"https:\/\/www.feuerwehr-halberstadt.de\/#\/schema\/logo\/image\/","url":"https:\/\/www.feuerwehr-halberstadt.de\/wp-content\/uploads\/2023\/10\/IMG_0126.png","contentUrl":"https:\/\/www.feuerwehr-halberstadt.de\/wp-content\/uploads\/2023\/10\/IMG_0126.png","width":1500,"height":399,"caption":"Feuerwehr Halberstadt"},"image":{"@id":"https:\/\/www.feuerwehr-halberstadt.de\/#\/schema\/logo\/image\/"},"sameAs":["https:\/\/www.facebook.com\/FeuerwehrHalberstadt\/"]},{"@type":"Person","@id":"https:\/\/www.feuerwehr-halberstadt.de\/#\/schema\/person\/55ce5d9b46008e58cd3d55d4116ec727","name":"Buchold, Chris","image":{"@type":"ImageObject","inLanguage":"de","@id":"https:\/\/secure.gravatar.com\/avatar\/bff08a084f0390bf8a93fc28c488452766ba521109cec244ac64210fdd500a49?s=96&d=mm&r=g","url":"https:\/\/secure.gravatar.com\/avatar\/bff08a084f0390bf8a93fc28c488452766ba521109cec244ac64210fdd500a49?s=96&d=mm&r=g","contentUrl":"https:\/\/secure.gravatar.com\/avatar\/bff08a084f0390bf8a93fc28c488452766ba521109cec244ac64210fdd500a49?s=96&d=mm&r=g","caption":"Buchold, Chris"},"url":"https:\/\/www.feuerwehr-halberstadt.de\/?author=3"}]}},"_links":{"self":[{"href":"https:\/\/www.feuerwehr-halberstadt.de\/index.php?rest_route=\/wp\/v2\/posts\/16426","targetHints":{"allow":["GET"]}}],"collection":[{"href":"https:\/\/www.feuerwehr-halberstadt.de\/index.php?rest_route=\/wp\/v2\/posts"}],"about":[{"href":"https:\/\/www.feuerwehr-halberstadt.de\/index.php?rest_route=\/wp\/v2\/types\/post"}],"author":[{"embeddable":true,"href":"https:\/\/www.feuerwehr-halberstadt.de\/index.php?rest_route=\/wp\/v2\/users\/3"}],"replies":[{"embeddable":true,"href":"https:\/\/www.feuerwehr-halberstadt.de\/index.php?rest_route=%2Fwp%2Fv2%2Fcomments&post=16426"}],"version-history":[{"count":13,"href":"https:\/\/www.feuerwehr-halberstadt.de\/index.php?rest_route=\/wp\/v2\/posts\/16426\/revisions"}],"predecessor-version":[{"id":16482,"href":"https:\/\/www.feuerwehr-halberstadt.de\/index.php?rest_route=\/wp\/v2\/posts\/16426\/revisions\/16482"}],"wp:featuredmedia":[{"embeddable":true,"href":"https:\/\/www.feuerwehr-halberstadt.de\/index.php?rest_route=\/wp\/v2\/media\/14816"}],"wp:attachment":[{"href":"https:\/\/www.feuerwehr-halberstadt.de\/index.php?rest_route=%2Fwp%2Fv2%2Fmedia&parent=16426"}],"wp:term":[{"taxonomy":"category","embeddable":true,"href":"https:\/\/www.feuerwehr-halberstadt.de\/index.php?rest_route=%2Fwp%2Fv2%2Fcategories&post=16426"},{"taxonomy":"post_tag","embeddable":true,"href":"https:\/\/www.feuerwehr-halberstadt.de\/index.php?rest_route=%2Fwp%2Fv2%2Ftags&post=16426"}],"curies":[{"name":"wp","href":"https:\/\/api.w.org\/{rel}","templated":true}]}}