{"id":16312,"date":"2025-02-09T06:52:17","date_gmt":"2025-02-09T05:52:17","guid":{"rendered":"https:\/\/www.feuerwehr-halberstadt.de\/?p=16312"},"modified":"2025-02-09T08:39:04","modified_gmt":"2025-02-09T07:39:04","slug":"jahreshauptversammlung-der-ortsfeuerwehr-halberstadt-4","status":"publish","type":"post","link":"https:\/\/www.feuerwehr-halberstadt.de\/?p=16312","title":{"rendered":"Jahreshauptversammlung der Ortsfeuerwehr Halberstadt"},"content":{"rendered":"\n<p>Am Freitag, dem 07.02.2025, f\u00fchrte die Ortsfeuerwehr Halberstadt ihre j\u00e4hrliche Jahreshauptversammlung im Schulungsraum der Feuer- und Umweltwache Halberstadt  durch. Christian Becker er\u00f6ffnete als stellvertretender Ortswehrleiter die Versammlung mit der Begr\u00fc\u00dfung aller anwesenden G\u00e4ste und Kameraden.<\/p>\n\n\n\n<p>Nach dem positiven Trend im Jahr 2023, verzeichnete die Ortsfeuerwehr im vergangenen Jahr eine leicht sinkende Mitgliederzahl auf 49 Kameradinnen und Kameraden. Hinzu kommen sieben Gastkameraden aus den Feuerwehren Derenburg, Sargstedt, Schlanstedt und Wegeleben. \u201eWeiterhin befinden sich 2 Kameradinnen und 1 Kamerad in Ausbildung\u201c, berichtete Ortswehrleiter Andreas Braumann.\u00a0Wie dem Bericht weiter zu entnehmen war, ist die Entwicklung in der Kinder- und Jugendfeuerwehr weiterhin sehr erfreulich. Die Kinderfeuerwehr z\u00e4hlt zur Zeit 16 Mitglieder, die Jugendfeuerwehr 26 Mitglieder. Aufgrund des hohen Zuspruchs musste zeitweise wieder ein Aufnahmestopp verh\u00e4ngt werden. Um weiterhin eine qualifizierte Ausbildung in der Jugendfeuerwehr sicherstellen zu k\u00f6nnen, konnten zwei neue Betreuer kurzfristig eingesetzt werden. Die Alters- und Ehrenabteilung hat ebenfalls Zuwachs bekommen. Insgesamt sind dort 24 Mitglieder zu verzeichnen, f\u00fcnf mehr als im Jahr 2023. \u201eEine sehr gute Entwicklung, die aber keineswegs zum Ausruhen Anlass gibt. Wir m\u00fcssen weiterhin um neue Mitglieder werben\u201c berichtete Andreas Braumann.<br><br>Im Jahr 2024 wurde die Ortsfeuerwehr zu insgesamt 171 Eins\u00e4tzen alarmiert, 18 Eins\u00e4tze weniger als im Jahr 2023. Insgesamt wurden so 2.220 Einsatzstunden durch die Einsatzkr\u00e4fte geleistet.\u00a0<br><br>Erw\u00e4hnenswert hierbei sind zum Beispiel:<br>&#8211; der Fl\u00e4chenbrand am Halberst\u00e4dter See, direkt nach unserer letzten Jahreshauptversammlung,<br>&#8211; der Ammoniakaustritt in einem Pflegeheim,<br>&#8211; die Brandserie im Wohnviertel rund um die Juri-Gagarin-Stra\u00dfe,<br>&#8211; der Brand auf dem Dach der in Bau befindlichen Daimler Truck Halle,<br>&#8211; die gemeldeten Br\u00e4nde im Halberst\u00e4dter Dom,<br>&#8211; der Brockenbrand, bei dem wir drei Tage mit dem TLF im Einsatz waren,<br>&#8211; der Verkehrsunfall mit MANV bei B\u00f6hnshausen,<br>&#8211; das Einsatzgeschehen zum Jahreswechsel.<br><br>Im letzten Jahr konnte der Ausbildungsdienst ohne Einschr\u00e4nkungen durchgef\u00fchrt werden. Dabei leisteten die Kameraden an insgesamt 56 Ausbildungsabenden 2.044 Ausbildungsstunden, mitunter auch bei Sonderausbildungen, z.B. ELW- oder Drohnen-Gruppe oder Motorkettens\u00e4ge. Zus\u00e4tzlich zum Ausbildungsgeschehen wurden zahlreiche Stunden beim Osterfeuer und bei den Veranstaltungen anl\u00e4sslich des 150-j\u00e4hrigen Jubil\u00e4ums abgeleistet.<\/p>\n\n\n\n<p>Im Jahr 2024&nbsp;absolvierten unsere Kameradinnen und Kameraden&nbsp;sieben&nbsp;Lehrg\u00e4nge auf Stadt-, Kreis- oder Landesebene. \u201eMeinen Dank m\u00f6chte ich allen beteiligten Ausbildern \u00fcberbringen, die eine hervorragende Arbeit bei unseren internen Lehrg\u00e4ngen vollbracht haben\u201c erg\u00e4nzte der Ortswehrleiter. Dies waren auf Stadt- und Kreisebene der&nbsp;Truppmann Teil 1&nbsp;mit&nbsp;vier&nbsp;Teilnehmern,&nbsp;der Truppmann Teil 2 mit einem Teilnehmer&nbsp;und&nbsp;der Digitalfunk Stufe 1 mit&nbsp;zwei&nbsp;Teilnehmern. Trotz der katastrophalen und komplizierten Verh\u00e4ltnisse am IBK Heyrothsberge, ist es uns gelungen, drei&nbsp;Lehrg\u00e4nge zu ergattern.&nbsp;Dies waren&nbsp;Verbandsf\u00fchrer, F\u00fchren im ABC Einsatz und ein Maschinist f\u00fcr Hubrettungsfahrzeuge.<br><br>\u201cSo eine Jahreshauptversammlung ist auch immer ein w\u00fcrdevoller Rahmen um Danke zu sagen\u201c, so Wehrleiter Andreas Braumann. Er bedankte sich besonders f\u00fcr Geduld, Kreativit\u00e4t und Engagement der Kameraden und schloss mit den Worten: \u201eIch w\u00fcnsche mir, dass wir alle nach den Ausbildungen und Eins\u00e4tzen unversehrt zu unseren Familien zur\u00fcckkehren\u201c.<\/p>\n\n\n\n<p>Stefan Gebauer bedankte sich als Leiter der Kinderfeuerwehr beim gesamten Betreuerteam f\u00fcr die geleistete Arbeit im vergangenen Jahr. Bei den vielen abwechslungsreichen Treffen, wurden durch die 14 Jungs und 2 M\u00e4dchen 1.252 Ausbildungsstunden geleistet. Zu den Highlights geh\u00f6rt die 150-Jahrfeier, der Ausflug zum Belantis bei Leipzig, die \u00dcbernachtung in der Feuerwehr und die Weihnachtsfeier, welche das Jahr 2024 ausklingen lies. Janine R\u00f6\u00dfling wurde im vergangenen Jahr als neue stv. Kinderfeuerwehrwartin gew\u00e4hlt und verst\u00e4rkt seitdem das Team der Betreuer.<\/p>\n\n\n\n<p>Im Jahresbericht der Jugendfeuerwehr, der ebenfalls von Ortswehrleiter Andreas Braumann vorgetragen wurde, bedankten sich die Jugendwarte und Betreuer bei allen Kameraden, die die Jugendfeuerwehr bei ihren Ausbildungen und Veranstaltungen unterst\u00fctzt haben. Im vergangenen Jahr konnten zwei neue Betreuer f\u00fcr die Jugendfeuerwehr gewonnen werden. Bei den Mitteldeutschen Meisterschaften im L\u00f6schangriff \u201enass\u201c in G\u00fcnthersdorf konnten sich die Jugendlichen mit 31,96 Sekunden erneut den ersten Platz sichern.<\/p>\n\n\n\n<p>Oberb\u00fcrgermeister Daniel Szarata bedankte sich bei den Kameradinnen und Kameraden f\u00fcr die geleistete Arbeit im vergangenen Jahr. \u201eDie \u00f6ffentlichen Veranstaltungen der Feuerwehr konnten auch \u00fcberregional ein gutes Bild \u00fcber unsere Stadt abgeben\u201c<\/p>\n\n\n\n<p>Stadtwehrleiter Martin Schulz gab einen kleinen Ausblick auf aktuelle Themen f\u00fcr das Jahr 2025. Die Gefahrgut-Ausbildung wird neu forciert, um f\u00fcr die Aufgaben im Rahmen des Fachdienst ABC gut vorbereitet zu sein, nicht zuletzt wegen der bald bevorstehenden Indienststellung des neues GWG III. Zahlreiche Sonderausbildungen, organisiert von Stadtausbildungsleiter Lars Hartmann, stehen in diesem Jahr auf dem Plan, z.B. eine F\u00fchrungskr\u00e4ftefortbildung, eine Ausbildung zur Vegetationsbrandbek\u00e4mpfung und die Ausbildung im Brand\u00fcbungshaus am IBK Heyrothsberge. \u201eDie Situation dort ist weiterhin sehr unbefriedigend. Lehrgangspl\u00e4tze zu bekommen ist aufgrund der personellen Lage sehr schwierig\u201c so Schulz.<\/p>\n\n\n\n<p>Thomas Dittmer \u00fcberbrachte als stv. Vorsitzender des Feuerwehr F\u00f6rdervereins die Gr\u00fc\u00dfe des gesamten Vorstands. Im vergangenen Jahr konnten Dank zahlreicher Spenden Defibrillatoren f\u00fcr die Fahrzeuge der Freiwilligen Feuerwehren angeschafft werden. Die Beschaffung einer \u00dcbungspuppe und neuer Ger\u00e4tschaften f\u00fcr den Sportkeller geh\u00f6rten zu den weiteren unterst\u00fctzten Projekten. Die ersten Anschaffungen im Jahr 2025 sind auch schon Bearbeitung. Es wird ein neuer Landeplatz f\u00fcr die Drohne beschafft und das ehemalige Fahrzeug der Ortsfeuerwehr Klein Quenstedt, Dank einer gro\u00dfen Spende von Frau Grebe, ausgebaut. Das Fahrzeug dient zuk\u00fcnftig ausschlie\u00dflich f\u00fcr die Kinder- und Jugendfeuerwehren der gesamten Stadt.<\/p>\n\n\n\n<p>Im Anschluss wurden Bef\u00f6rderungen, Ehrungen und Berufungen durch Ortswehrleiter Andreas Braumann, Stadtwehrleiter Martin Schulz und Abteilungsleiter Ingo Wetzel durchgef\u00fchrt.<\/p>\n\n\n\n<p><strong>Bef\u00f6rderungen:<\/strong><br>B\u00f6ttger, Timo\u200b\u200b: Feuerwehrmannanw\u00e4rter<br>Braumann, Nancy\u200b: Feuerwehrfrauanw\u00e4rterin<br>Dietrich, Alexander\u200b: Feuerwehrmannanw\u00e4rter (nicht anwesend)<br>Vainqueur, Nils\u200b\u200b: Feuerwehrmannanw\u00e4rter<br>Dorendorf, Dominik\u200b: Hauptfeuerwehrmann (nicht anwesend)<br>Scholz, Pascal\u200b: \u200bHauptfeuerwehrmann (nicht anwesend)<br>Tr\u00e4nkner, Philipp\u200b: Hauptfeuerwehrmann<br>Becker, Robin\u200b\u200b: Erster Hauptfeuerwehrmann<br>Hebestreit, Michael: Oberl\u00f6schmeister<br>Zwengel, Tobias: \u200bHauptl\u00f6schmeister<br><br><strong>Berufungen<\/strong><br>Wilken, Antonia\u200b\u200b: Maschinistin f\u00fcr L\u00f6schfahrzeuge (nicht anwesend)<br>Ullrich, Oliver: Maschinist f\u00fcr L\u00f6schfahrzeuge<br>Jahn, Ren\u00e9\u200b\u200b: Maschinist f\u00fcr Hubrettungsfahrzeuge<br>Buchold, Chris\u200b\u200b: Zugf\u00fchrer<br>Hartmann, Lars\u200b\u200b: Verbandsf\u00fchrer<br>Hartmann, Lars: Stadtausbildungsleiter<\/p>\n\n\n\n<p><strong>Jubil\u00e4en<\/strong><br>H\u00e4rtel, David\u200b\u200b: 10 Jahre (nicht anwesend)<br>Buchold, Chris\u200b\u200b: 20 Jahre<br>Jahn, Ren\u00e9\u200b:\u200b 30 Jahre<br>Leistner, Sven\u200b\u200b: 30 Jahre (nicht anwesend)<br>Aukthun, Hella\u200b\u200b: 60 Jahre (nicht anwesend)<\/p>\n\n\n\n<figure class=\"wp-block-gallery has-nested-images columns-2 is-cropped wp-block-gallery-1 is-layout-flex wp-block-gallery-is-layout-flex\">\n<figure class=\"wp-block-image size-large\"><img loading=\"lazy\" decoding=\"async\" width=\"1024\" height=\"683\" data-id=\"16325\" src=\"https:\/\/www.feuerwehr-halberstadt.de\/wp-content\/uploads\/2025\/02\/DSC05438080225-1024x683.jpg\" alt=\"\" class=\"wp-image-16325\" srcset=\"https:\/\/www.feuerwehr-halberstadt.de\/wp-content\/uploads\/2025\/02\/DSC05438080225-1024x683.jpg 1024w, https:\/\/www.feuerwehr-halberstadt.de\/wp-content\/uploads\/2025\/02\/DSC05438080225-300x200.jpg 300w, https:\/\/www.feuerwehr-halberstadt.de\/wp-content\/uploads\/2025\/02\/DSC05438080225-768x512.jpg 768w, https:\/\/www.feuerwehr-halberstadt.de\/wp-content\/uploads\/2025\/02\/DSC05438080225-1536x1024.jpg 1536w, https:\/\/www.feuerwehr-halberstadt.de\/wp-content\/uploads\/2025\/02\/DSC05438080225-2048x1365.jpg 2048w\" sizes=\"auto, (max-width: 1024px) 100vw, 1024px\" \/><\/figure>\n\n\n\n<figure class=\"wp-block-image size-large\"><img loading=\"lazy\" decoding=\"async\" width=\"1024\" height=\"683\" data-id=\"16326\" src=\"https:\/\/www.feuerwehr-halberstadt.de\/wp-content\/uploads\/2025\/02\/DSC05443080225-1024x683.jpg\" alt=\"\" class=\"wp-image-16326\" srcset=\"https:\/\/www.feuerwehr-halberstadt.de\/wp-content\/uploads\/2025\/02\/DSC05443080225-1024x683.jpg 1024w, https:\/\/www.feuerwehr-halberstadt.de\/wp-content\/uploads\/2025\/02\/DSC05443080225-300x200.jpg 300w, https:\/\/www.feuerwehr-halberstadt.de\/wp-content\/uploads\/2025\/02\/DSC05443080225-768x512.jpg 768w, https:\/\/www.feuerwehr-halberstadt.de\/wp-content\/uploads\/2025\/02\/DSC05443080225-1536x1024.jpg 1536w, https:\/\/www.feuerwehr-halberstadt.de\/wp-content\/uploads\/2025\/02\/DSC05443080225-2048x1365.jpg 2048w\" sizes=\"auto, (max-width: 1024px) 100vw, 1024px\" \/><\/figure>\n\n\n\n<figure class=\"wp-block-image size-large\"><img loading=\"lazy\" decoding=\"async\" width=\"1024\" height=\"683\" data-id=\"16327\" src=\"https:\/\/www.feuerwehr-halberstadt.de\/wp-content\/uploads\/2025\/02\/DSC05446080225-1024x683.jpg\" alt=\"\" class=\"wp-image-16327\" srcset=\"https:\/\/www.feuerwehr-halberstadt.de\/wp-content\/uploads\/2025\/02\/DSC05446080225-1024x683.jpg 1024w, https:\/\/www.feuerwehr-halberstadt.de\/wp-content\/uploads\/2025\/02\/DSC05446080225-300x200.jpg 300w, https:\/\/www.feuerwehr-halberstadt.de\/wp-content\/uploads\/2025\/02\/DSC05446080225-768x512.jpg 768w, https:\/\/www.feuerwehr-halberstadt.de\/wp-content\/uploads\/2025\/02\/DSC05446080225-1536x1024.jpg 1536w, https:\/\/www.feuerwehr-halberstadt.de\/wp-content\/uploads\/2025\/02\/DSC05446080225-2048x1365.jpg 2048w\" sizes=\"auto, (max-width: 1024px) 100vw, 1024px\" \/><\/figure>\n\n\n\n<figure class=\"wp-block-image size-large\"><img loading=\"lazy\" decoding=\"async\" width=\"1024\" height=\"683\" data-id=\"16328\" src=\"https:\/\/www.feuerwehr-halberstadt.de\/wp-content\/uploads\/2025\/02\/DSC05449080225-1024x683.jpg\" alt=\"\" class=\"wp-image-16328\" srcset=\"https:\/\/www.feuerwehr-halberstadt.de\/wp-content\/uploads\/2025\/02\/DSC05449080225-1024x683.jpg 1024w, https:\/\/www.feuerwehr-halberstadt.de\/wp-content\/uploads\/2025\/02\/DSC05449080225-300x200.jpg 300w, https:\/\/www.feuerwehr-halberstadt.de\/wp-content\/uploads\/2025\/02\/DSC05449080225-768x512.jpg 768w, https:\/\/www.feuerwehr-halberstadt.de\/wp-content\/uploads\/2025\/02\/DSC05449080225-1536x1024.jpg 1536w, https:\/\/www.feuerwehr-halberstadt.de\/wp-content\/uploads\/2025\/02\/DSC05449080225-2048x1365.jpg 2048w\" sizes=\"auto, (max-width: 1024px) 100vw, 1024px\" \/><\/figure>\n\n\n\n<figure class=\"wp-block-image size-large\"><img loading=\"lazy\" decoding=\"async\" width=\"1024\" height=\"683\" data-id=\"16329\" src=\"https:\/\/www.feuerwehr-halberstadt.de\/wp-content\/uploads\/2025\/02\/DSC05450080225-1024x683.jpg\" alt=\"\" class=\"wp-image-16329\" srcset=\"https:\/\/www.feuerwehr-halberstadt.de\/wp-content\/uploads\/2025\/02\/DSC05450080225-1024x683.jpg 1024w, https:\/\/www.feuerwehr-halberstadt.de\/wp-content\/uploads\/2025\/02\/DSC05450080225-300x200.jpg 300w, https:\/\/www.feuerwehr-halberstadt.de\/wp-content\/uploads\/2025\/02\/DSC05450080225-768x512.jpg 768w, https:\/\/www.feuerwehr-halberstadt.de\/wp-content\/uploads\/2025\/02\/DSC05450080225-1536x1024.jpg 1536w, https:\/\/www.feuerwehr-halberstadt.de\/wp-content\/uploads\/2025\/02\/DSC05450080225-2048x1365.jpg 2048w\" sizes=\"auto, (max-width: 1024px) 100vw, 1024px\" \/><\/figure>\n\n\n\n<figure class=\"wp-block-image size-large\"><img loading=\"lazy\" decoding=\"async\" width=\"1024\" height=\"683\" data-id=\"16330\" src=\"https:\/\/www.feuerwehr-halberstadt.de\/wp-content\/uploads\/2025\/02\/DSC05452080225-1024x683.jpg\" alt=\"\" class=\"wp-image-16330\" srcset=\"https:\/\/www.feuerwehr-halberstadt.de\/wp-content\/uploads\/2025\/02\/DSC05452080225-1024x683.jpg 1024w, https:\/\/www.feuerwehr-halberstadt.de\/wp-content\/uploads\/2025\/02\/DSC05452080225-300x200.jpg 300w, https:\/\/www.feuerwehr-halberstadt.de\/wp-content\/uploads\/2025\/02\/DSC05452080225-768x512.jpg 768w, https:\/\/www.feuerwehr-halberstadt.de\/wp-content\/uploads\/2025\/02\/DSC05452080225-1536x1024.jpg 1536w, https:\/\/www.feuerwehr-halberstadt.de\/wp-content\/uploads\/2025\/02\/DSC05452080225-2048x1365.jpg 2048w\" sizes=\"auto, (max-width: 1024px) 100vw, 1024px\" \/><\/figure>\n\n\n\n<figure class=\"wp-block-image size-large\"><img loading=\"lazy\" decoding=\"async\" width=\"1024\" height=\"683\" data-id=\"16331\" src=\"https:\/\/www.feuerwehr-halberstadt.de\/wp-content\/uploads\/2025\/02\/DSC05456080225-1024x683.jpg\" alt=\"\" class=\"wp-image-16331\" srcset=\"https:\/\/www.feuerwehr-halberstadt.de\/wp-content\/uploads\/2025\/02\/DSC05456080225-1024x683.jpg 1024w, https:\/\/www.feuerwehr-halberstadt.de\/wp-content\/uploads\/2025\/02\/DSC05456080225-300x200.jpg 300w, https:\/\/www.feuerwehr-halberstadt.de\/wp-content\/uploads\/2025\/02\/DSC05456080225-768x512.jpg 768w, https:\/\/www.feuerwehr-halberstadt.de\/wp-content\/uploads\/2025\/02\/DSC05456080225-1536x1024.jpg 1536w, https:\/\/www.feuerwehr-halberstadt.de\/wp-content\/uploads\/2025\/02\/DSC05456080225-2048x1365.jpg 2048w\" sizes=\"auto, (max-width: 1024px) 100vw, 1024px\" \/><\/figure>\n\n\n\n<figure class=\"wp-block-image size-large\"><img loading=\"lazy\" decoding=\"async\" width=\"1024\" height=\"683\" data-id=\"16332\" src=\"https:\/\/www.feuerwehr-halberstadt.de\/wp-content\/uploads\/2025\/02\/DSC05469080225-1024x683.jpg\" alt=\"\" class=\"wp-image-16332\" srcset=\"https:\/\/www.feuerwehr-halberstadt.de\/wp-content\/uploads\/2025\/02\/DSC05469080225-1024x683.jpg 1024w, https:\/\/www.feuerwehr-halberstadt.de\/wp-content\/uploads\/2025\/02\/DSC05469080225-300x200.jpg 300w, https:\/\/www.feuerwehr-halberstadt.de\/wp-content\/uploads\/2025\/02\/DSC05469080225-768x512.jpg 768w, https:\/\/www.feuerwehr-halberstadt.de\/wp-content\/uploads\/2025\/02\/DSC05469080225-1536x1024.jpg 1536w, https:\/\/www.feuerwehr-halberstadt.de\/wp-content\/uploads\/2025\/02\/DSC05469080225-2048x1365.jpg 2048w\" sizes=\"auto, (max-width: 1024px) 100vw, 1024px\" \/><\/figure>\n\n\n\n<figure class=\"wp-block-image size-large\"><img loading=\"lazy\" decoding=\"async\" width=\"1024\" height=\"683\" data-id=\"16333\" src=\"https:\/\/www.feuerwehr-halberstadt.de\/wp-content\/uploads\/2025\/02\/DSC05477080225-1024x683.jpg\" alt=\"\" class=\"wp-image-16333\" srcset=\"https:\/\/www.feuerwehr-halberstadt.de\/wp-content\/uploads\/2025\/02\/DSC05477080225-1024x683.jpg 1024w, https:\/\/www.feuerwehr-halberstadt.de\/wp-content\/uploads\/2025\/02\/DSC05477080225-300x200.jpg 300w, https:\/\/www.feuerwehr-halberstadt.de\/wp-content\/uploads\/2025\/02\/DSC05477080225-768x512.jpg 768w, https:\/\/www.feuerwehr-halberstadt.de\/wp-content\/uploads\/2025\/02\/DSC05477080225-1536x1024.jpg 1536w, https:\/\/www.feuerwehr-halberstadt.de\/wp-content\/uploads\/2025\/02\/DSC05477080225-2048x1365.jpg 2048w\" sizes=\"auto, (max-width: 1024px) 100vw, 1024px\" \/><\/figure>\n\n\n\n<figure class=\"wp-block-image size-large\"><img loading=\"lazy\" decoding=\"async\" width=\"1024\" height=\"683\" data-id=\"16334\" src=\"https:\/\/www.feuerwehr-halberstadt.de\/wp-content\/uploads\/2025\/02\/DSC05489080225-1024x683.jpg\" alt=\"\" class=\"wp-image-16334\" srcset=\"https:\/\/www.feuerwehr-halberstadt.de\/wp-content\/uploads\/2025\/02\/DSC05489080225-1024x683.jpg 1024w, https:\/\/www.feuerwehr-halberstadt.de\/wp-content\/uploads\/2025\/02\/DSC05489080225-300x200.jpg 300w, https:\/\/www.feuerwehr-halberstadt.de\/wp-content\/uploads\/2025\/02\/DSC05489080225-768x512.jpg 768w, https:\/\/www.feuerwehr-halberstadt.de\/wp-content\/uploads\/2025\/02\/DSC05489080225-1536x1024.jpg 1536w, https:\/\/www.feuerwehr-halberstadt.de\/wp-content\/uploads\/2025\/02\/DSC05489080225-2048x1365.jpg 2048w\" sizes=\"auto, (max-width: 1024px) 100vw, 1024px\" \/><\/figure>\n\n\n\n<figure class=\"wp-block-image size-large\"><img loading=\"lazy\" decoding=\"async\" width=\"1024\" height=\"683\" data-id=\"16335\" src=\"https:\/\/www.feuerwehr-halberstadt.de\/wp-content\/uploads\/2025\/02\/DSC05501080225-1024x683.jpg\" alt=\"\" class=\"wp-image-16335\" srcset=\"https:\/\/www.feuerwehr-halberstadt.de\/wp-content\/uploads\/2025\/02\/DSC05501080225-1024x683.jpg 1024w, https:\/\/www.feuerwehr-halberstadt.de\/wp-content\/uploads\/2025\/02\/DSC05501080225-300x200.jpg 300w, https:\/\/www.feuerwehr-halberstadt.de\/wp-content\/uploads\/2025\/02\/DSC05501080225-768x512.jpg 768w, https:\/\/www.feuerwehr-halberstadt.de\/wp-content\/uploads\/2025\/02\/DSC05501080225-1536x1024.jpg 1536w, https:\/\/www.feuerwehr-halberstadt.de\/wp-content\/uploads\/2025\/02\/DSC05501080225-2048x1365.jpg 2048w\" sizes=\"auto, (max-width: 1024px) 100vw, 1024px\" \/><\/figure>\n\n\n\n<figure class=\"wp-block-image size-large\"><img loading=\"lazy\" decoding=\"async\" width=\"1024\" height=\"683\" data-id=\"16336\" src=\"https:\/\/www.feuerwehr-halberstadt.de\/wp-content\/uploads\/2025\/02\/DSC05515080225-1024x683.jpg\" alt=\"\" class=\"wp-image-16336\" srcset=\"https:\/\/www.feuerwehr-halberstadt.de\/wp-content\/uploads\/2025\/02\/DSC05515080225-1024x683.jpg 1024w, https:\/\/www.feuerwehr-halberstadt.de\/wp-content\/uploads\/2025\/02\/DSC05515080225-300x200.jpg 300w, https:\/\/www.feuerwehr-halberstadt.de\/wp-content\/uploads\/2025\/02\/DSC05515080225-768x512.jpg 768w, https:\/\/www.feuerwehr-halberstadt.de\/wp-content\/uploads\/2025\/02\/DSC05515080225-1536x1024.jpg 1536w, https:\/\/www.feuerwehr-halberstadt.de\/wp-content\/uploads\/2025\/02\/DSC05515080225-2048x1365.jpg 2048w\" sizes=\"auto, (max-width: 1024px) 100vw, 1024px\" \/><\/figure>\n\n\n\n<figure class=\"wp-block-image size-large\"><img loading=\"lazy\" decoding=\"async\" width=\"1024\" height=\"683\" data-id=\"16337\" src=\"https:\/\/www.feuerwehr-halberstadt.de\/wp-content\/uploads\/2025\/02\/DSC05524080225-1024x683.jpg\" alt=\"\" class=\"wp-image-16337\" srcset=\"https:\/\/www.feuerwehr-halberstadt.de\/wp-content\/uploads\/2025\/02\/DSC05524080225-1024x683.jpg 1024w, https:\/\/www.feuerwehr-halberstadt.de\/wp-content\/uploads\/2025\/02\/DSC05524080225-300x200.jpg 300w, https:\/\/www.feuerwehr-halberstadt.de\/wp-content\/uploads\/2025\/02\/DSC05524080225-768x512.jpg 768w, https:\/\/www.feuerwehr-halberstadt.de\/wp-content\/uploads\/2025\/02\/DSC05524080225-1536x1024.jpg 1536w, https:\/\/www.feuerwehr-halberstadt.de\/wp-content\/uploads\/2025\/02\/DSC05524080225-2048x1365.jpg 2048w\" sizes=\"auto, (max-width: 1024px) 100vw, 1024px\" \/><\/figure>\n\n\n\n<figure class=\"wp-block-image size-large\"><img loading=\"lazy\" decoding=\"async\" width=\"1024\" height=\"683\" data-id=\"16338\" src=\"https:\/\/www.feuerwehr-halberstadt.de\/wp-content\/uploads\/2025\/02\/DSC05530080225-1024x683.jpg\" alt=\"\" class=\"wp-image-16338\" srcset=\"https:\/\/www.feuerwehr-halberstadt.de\/wp-content\/uploads\/2025\/02\/DSC05530080225-1024x683.jpg 1024w, https:\/\/www.feuerwehr-halberstadt.de\/wp-content\/uploads\/2025\/02\/DSC05530080225-300x200.jpg 300w, https:\/\/www.feuerwehr-halberstadt.de\/wp-content\/uploads\/2025\/02\/DSC05530080225-768x512.jpg 768w, https:\/\/www.feuerwehr-halberstadt.de\/wp-content\/uploads\/2025\/02\/DSC05530080225-1536x1024.jpg 1536w, https:\/\/www.feuerwehr-halberstadt.de\/wp-content\/uploads\/2025\/02\/DSC05530080225-2048x1365.jpg 2048w\" sizes=\"auto, (max-width: 1024px) 100vw, 1024px\" \/><\/figure>\n\n\n\n<figure class=\"wp-block-image size-large\"><img loading=\"lazy\" decoding=\"async\" width=\"1024\" height=\"683\" data-id=\"16339\" src=\"https:\/\/www.feuerwehr-halberstadt.de\/wp-content\/uploads\/2025\/02\/DSC05551080225-1024x683.jpg\" alt=\"\" class=\"wp-image-16339\" srcset=\"https:\/\/www.feuerwehr-halberstadt.de\/wp-content\/uploads\/2025\/02\/DSC05551080225-1024x683.jpg 1024w, https:\/\/www.feuerwehr-halberstadt.de\/wp-content\/uploads\/2025\/02\/DSC05551080225-300x200.jpg 300w, https:\/\/www.feuerwehr-halberstadt.de\/wp-content\/uploads\/2025\/02\/DSC05551080225-768x512.jpg 768w, https:\/\/www.feuerwehr-halberstadt.de\/wp-content\/uploads\/2025\/02\/DSC05551080225-1536x1024.jpg 1536w, https:\/\/www.feuerwehr-halberstadt.de\/wp-content\/uploads\/2025\/02\/DSC05551080225-2048x1365.jpg 2048w\" sizes=\"auto, (max-width: 1024px) 100vw, 1024px\" \/><\/figure>\n\n\n\n<figure class=\"wp-block-image size-large\"><img loading=\"lazy\" decoding=\"async\" width=\"1024\" height=\"683\" data-id=\"16340\" src=\"https:\/\/www.feuerwehr-halberstadt.de\/wp-content\/uploads\/2025\/02\/DSC05553080225-1024x683.jpg\" alt=\"\" class=\"wp-image-16340\" srcset=\"https:\/\/www.feuerwehr-halberstadt.de\/wp-content\/uploads\/2025\/02\/DSC05553080225-1024x683.jpg 1024w, https:\/\/www.feuerwehr-halberstadt.de\/wp-content\/uploads\/2025\/02\/DSC05553080225-300x200.jpg 300w, https:\/\/www.feuerwehr-halberstadt.de\/wp-content\/uploads\/2025\/02\/DSC05553080225-768x512.jpg 768w, https:\/\/www.feuerwehr-halberstadt.de\/wp-content\/uploads\/2025\/02\/DSC05553080225-1536x1024.jpg 1536w, https:\/\/www.feuerwehr-halberstadt.de\/wp-content\/uploads\/2025\/02\/DSC05553080225-2048x1365.jpg 2048w\" sizes=\"auto, (max-width: 1024px) 100vw, 1024px\" \/><\/figure>\n\n\n\n<figure class=\"wp-block-image size-large\"><img loading=\"lazy\" decoding=\"async\" width=\"1024\" height=\"683\" data-id=\"16341\" src=\"https:\/\/www.feuerwehr-halberstadt.de\/wp-content\/uploads\/2025\/02\/DSC05566080225-1024x683.jpg\" alt=\"\" class=\"wp-image-16341\" srcset=\"https:\/\/www.feuerwehr-halberstadt.de\/wp-content\/uploads\/2025\/02\/DSC05566080225-1024x683.jpg 1024w, https:\/\/www.feuerwehr-halberstadt.de\/wp-content\/uploads\/2025\/02\/DSC05566080225-300x200.jpg 300w, https:\/\/www.feuerwehr-halberstadt.de\/wp-content\/uploads\/2025\/02\/DSC05566080225-768x512.jpg 768w, https:\/\/www.feuerwehr-halberstadt.de\/wp-content\/uploads\/2025\/02\/DSC05566080225-1536x1024.jpg 1536w, https:\/\/www.feuerwehr-halberstadt.de\/wp-content\/uploads\/2025\/02\/DSC05566080225-2048x1365.jpg 2048w\" sizes=\"auto, (max-width: 1024px) 100vw, 1024px\" \/><\/figure>\n\n\n\n<figure class=\"wp-block-image size-large\"><img loading=\"lazy\" decoding=\"async\" width=\"1024\" height=\"683\" data-id=\"16342\" src=\"https:\/\/www.feuerwehr-halberstadt.de\/wp-content\/uploads\/2025\/02\/DSC05568080225-1024x683.jpg\" alt=\"\" class=\"wp-image-16342\" srcset=\"https:\/\/www.feuerwehr-halberstadt.de\/wp-content\/uploads\/2025\/02\/DSC05568080225-1024x683.jpg 1024w, https:\/\/www.feuerwehr-halberstadt.de\/wp-content\/uploads\/2025\/02\/DSC05568080225-300x200.jpg 300w, https:\/\/www.feuerwehr-halberstadt.de\/wp-content\/uploads\/2025\/02\/DSC05568080225-768x512.jpg 768w, https:\/\/www.feuerwehr-halberstadt.de\/wp-content\/uploads\/2025\/02\/DSC05568080225-1536x1024.jpg 1536w, https:\/\/www.feuerwehr-halberstadt.de\/wp-content\/uploads\/2025\/02\/DSC05568080225-2048x1365.jpg 2048w\" sizes=\"auto, (max-width: 1024px) 100vw, 1024px\" \/><\/figure>\n\n\n\n<figure class=\"wp-block-image size-large\"><img loading=\"lazy\" decoding=\"async\" width=\"1024\" height=\"683\" data-id=\"16343\" src=\"https:\/\/www.feuerwehr-halberstadt.de\/wp-content\/uploads\/2025\/02\/DSC05572080225-1024x683.jpg\" alt=\"\" class=\"wp-image-16343\" srcset=\"https:\/\/www.feuerwehr-halberstadt.de\/wp-content\/uploads\/2025\/02\/DSC05572080225-1024x683.jpg 1024w, https:\/\/www.feuerwehr-halberstadt.de\/wp-content\/uploads\/2025\/02\/DSC05572080225-300x200.jpg 300w, https:\/\/www.feuerwehr-halberstadt.de\/wp-content\/uploads\/2025\/02\/DSC05572080225-768x512.jpg 768w, https:\/\/www.feuerwehr-halberstadt.de\/wp-content\/uploads\/2025\/02\/DSC05572080225-1536x1024.jpg 1536w, https:\/\/www.feuerwehr-halberstadt.de\/wp-content\/uploads\/2025\/02\/DSC05572080225-2048x1365.jpg 2048w\" sizes=\"auto, (max-width: 1024px) 100vw, 1024px\" \/><\/figure>\n<\/figure>\n","protected":false},"excerpt":{"rendered":"<p>Am Freitag, dem 07.02.2025, f\u00fchrte die Ortsfeuerwehr Halberstadt ihre j\u00e4hrliche Jahreshauptversammlung im Schulungsraum der Feuer- und Umweltwache Halberstadt durch. Christian Becker er\u00f6ffnete als stellvertretender Ortswehrleiter die Versammlung mit der Begr\u00fc\u00dfung aller anwesenden G\u00e4ste und Kameraden. Nach dem positiven Trend im Jahr 2023, verzeichnete die Ortsfeuerwehr im vergangenen Jahr eine leicht sinkende Mitgliederzahl auf 49 Kameradinnen [&hellip;]<\/p>\n","protected":false},"author":3,"featured_media":16353,"comment_status":"closed","ping_status":"closed","sticky":false,"template":"","format":"standard","meta":{"_acf_changed":false,"footnotes":""},"categories":[9],"tags":[],"class_list":["post-16312","post","type-post","status-publish","format-standard","has-post-thumbnail","hentry","category-allgemein"],"acf":[],"yoast_head":"<!-- This site is optimized with the Yoast SEO plugin v27.5 - https:\/\/yoast.com\/product\/yoast-seo-wordpress\/ -->\n<title>Jahreshauptversammlung der Ortsfeuerwehr Halberstadt - Feuerwehr Halberstadt<\/title>\n<meta name=\"robots\" content=\"index, follow, max-snippet:-1, max-image-preview:large, max-video-preview:-1\" \/>\n<link rel=\"canonical\" href=\"https:\/\/www.feuerwehr-halberstadt.de\/?p=16312\" \/>\n<meta property=\"og:locale\" content=\"de_DE\" \/>\n<meta property=\"og:type\" content=\"article\" \/>\n<meta property=\"og:title\" content=\"Jahreshauptversammlung der Ortsfeuerwehr Halberstadt - Feuerwehr Halberstadt\" \/>\n<meta property=\"og:description\" content=\"Am Freitag, dem 07.02.2025, f\u00fchrte die Ortsfeuerwehr Halberstadt ihre j\u00e4hrliche Jahreshauptversammlung im Schulungsraum der Feuer- und Umweltwache Halberstadt durch. Christian Becker er\u00f6ffnete als stellvertretender Ortswehrleiter die Versammlung mit der Begr\u00fc\u00dfung aller anwesenden G\u00e4ste und Kameraden. Nach dem positiven Trend im Jahr 2023, verzeichnete die Ortsfeuerwehr im vergangenen Jahr eine leicht sinkende Mitgliederzahl auf 49 Kameradinnen [&hellip;]\" \/>\n<meta property=\"og:url\" content=\"https:\/\/www.feuerwehr-halberstadt.de\/?p=16312\" \/>\n<meta property=\"og:site_name\" content=\"Feuerwehr Halberstadt\" \/>\n<meta property=\"article:publisher\" content=\"https:\/\/www.facebook.com\/FeuerwehrHalberstadt\/\" \/>\n<meta property=\"article:published_time\" content=\"2025-02-09T05:52:17+00:00\" \/>\n<meta property=\"article:modified_time\" content=\"2025-02-09T07:39:04+00:00\" \/>\n<meta property=\"og:image\" content=\"https:\/\/www.feuerwehr-halberstadt.de\/wp-content\/uploads\/2025\/02\/DSC05421080225.jpeg\" \/>\n\t<meta property=\"og:image:width\" content=\"1280\" \/>\n\t<meta property=\"og:image:height\" content=\"720\" \/>\n\t<meta property=\"og:image:type\" content=\"image\/jpeg\" \/>\n<meta name=\"author\" content=\"Buchold, Chris\" \/>\n<meta name=\"twitter:card\" content=\"summary_large_image\" \/>\n<meta name=\"twitter:label1\" content=\"Verfasst von\" \/>\n\t<meta name=\"twitter:data1\" content=\"Buchold, Chris\" \/>\n\t<meta name=\"twitter:label2\" content=\"Gesch\u00e4tzte Lesezeit\" \/>\n\t<meta name=\"twitter:data2\" content=\"10\u00a0Minuten\" \/>\n<script type=\"application\/ld+json\" class=\"yoast-schema-graph\">{\"@context\":\"https:\\\/\\\/schema.org\",\"@graph\":[{\"@type\":\"Article\",\"@id\":\"https:\\\/\\\/www.feuerwehr-halberstadt.de\\\/?p=16312#article\",\"isPartOf\":{\"@id\":\"https:\\\/\\\/www.feuerwehr-halberstadt.de\\\/?p=16312\"},\"author\":{\"name\":\"Buchold, Chris\",\"@id\":\"https:\\\/\\\/www.feuerwehr-halberstadt.de\\\/#\\\/schema\\\/person\\\/55ce5d9b46008e58cd3d55d4116ec727\"},\"headline\":\"Jahreshauptversammlung der Ortsfeuerwehr Halberstadt\",\"datePublished\":\"2025-02-09T05:52:17+00:00\",\"dateModified\":\"2025-02-09T07:39:04+00:00\",\"mainEntityOfPage\":{\"@id\":\"https:\\\/\\\/www.feuerwehr-halberstadt.de\\\/?p=16312\"},\"wordCount\":1016,\"publisher\":{\"@id\":\"https:\\\/\\\/www.feuerwehr-halberstadt.de\\\/#organization\"},\"image\":{\"@id\":\"https:\\\/\\\/www.feuerwehr-halberstadt.de\\\/?p=16312#primaryimage\"},\"thumbnailUrl\":\"https:\\\/\\\/www.feuerwehr-halberstadt.de\\\/wp-content\\\/uploads\\\/2025\\\/02\\\/DSC05421080225.jpeg\",\"inLanguage\":\"de\"},{\"@type\":\"WebPage\",\"@id\":\"https:\\\/\\\/www.feuerwehr-halberstadt.de\\\/?p=16312\",\"url\":\"https:\\\/\\\/www.feuerwehr-halberstadt.de\\\/?p=16312\",\"name\":\"Jahreshauptversammlung der Ortsfeuerwehr Halberstadt - Feuerwehr Halberstadt\",\"isPartOf\":{\"@id\":\"https:\\\/\\\/www.feuerwehr-halberstadt.de\\\/#website\"},\"primaryImageOfPage\":{\"@id\":\"https:\\\/\\\/www.feuerwehr-halberstadt.de\\\/?p=16312#primaryimage\"},\"image\":{\"@id\":\"https:\\\/\\\/www.feuerwehr-halberstadt.de\\\/?p=16312#primaryimage\"},\"thumbnailUrl\":\"https:\\\/\\\/www.feuerwehr-halberstadt.de\\\/wp-content\\\/uploads\\\/2025\\\/02\\\/DSC05421080225.jpeg\",\"datePublished\":\"2025-02-09T05:52:17+00:00\",\"dateModified\":\"2025-02-09T07:39:04+00:00\",\"breadcrumb\":{\"@id\":\"https:\\\/\\\/www.feuerwehr-halberstadt.de\\\/?p=16312#breadcrumb\"},\"inLanguage\":\"de\",\"potentialAction\":[{\"@type\":\"ReadAction\",\"target\":[\"https:\\\/\\\/www.feuerwehr-halberstadt.de\\\/?p=16312\"]}]},{\"@type\":\"ImageObject\",\"inLanguage\":\"de\",\"@id\":\"https:\\\/\\\/www.feuerwehr-halberstadt.de\\\/?p=16312#primaryimage\",\"url\":\"https:\\\/\\\/www.feuerwehr-halberstadt.de\\\/wp-content\\\/uploads\\\/2025\\\/02\\\/DSC05421080225.jpeg\",\"contentUrl\":\"https:\\\/\\\/www.feuerwehr-halberstadt.de\\\/wp-content\\\/uploads\\\/2025\\\/02\\\/DSC05421080225.jpeg\",\"width\":1280,\"height\":720},{\"@type\":\"BreadcrumbList\",\"@id\":\"https:\\\/\\\/www.feuerwehr-halberstadt.de\\\/?p=16312#breadcrumb\",\"itemListElement\":[{\"@type\":\"ListItem\",\"position\":1,\"name\":\"Startseite\",\"item\":\"https:\\\/\\\/www.feuerwehr-halberstadt.de\\\/\"},{\"@type\":\"ListItem\",\"position\":2,\"name\":\"Jahreshauptversammlung der Ortsfeuerwehr Halberstadt\"}]},{\"@type\":\"WebSite\",\"@id\":\"https:\\\/\\\/www.feuerwehr-halberstadt.de\\\/#website\",\"url\":\"https:\\\/\\\/www.feuerwehr-halberstadt.de\\\/\",\"name\":\"Feuerwehr Halberstadt\",\"description\":\"#imEinsatzf\u00fcrHalberstadt\",\"publisher\":{\"@id\":\"https:\\\/\\\/www.feuerwehr-halberstadt.de\\\/#organization\"},\"potentialAction\":[{\"@type\":\"SearchAction\",\"target\":{\"@type\":\"EntryPoint\",\"urlTemplate\":\"https:\\\/\\\/www.feuerwehr-halberstadt.de\\\/?s={search_term_string}\"},\"query-input\":{\"@type\":\"PropertyValueSpecification\",\"valueRequired\":true,\"valueName\":\"search_term_string\"}}],\"inLanguage\":\"de\"},{\"@type\":\"Organization\",\"@id\":\"https:\\\/\\\/www.feuerwehr-halberstadt.de\\\/#organization\",\"name\":\"Feuerwehr Halberstadt\",\"url\":\"https:\\\/\\\/www.feuerwehr-halberstadt.de\\\/\",\"logo\":{\"@type\":\"ImageObject\",\"inLanguage\":\"de\",\"@id\":\"https:\\\/\\\/www.feuerwehr-halberstadt.de\\\/#\\\/schema\\\/logo\\\/image\\\/\",\"url\":\"https:\\\/\\\/www.feuerwehr-halberstadt.de\\\/wp-content\\\/uploads\\\/2023\\\/10\\\/IMG_0126.png\",\"contentUrl\":\"https:\\\/\\\/www.feuerwehr-halberstadt.de\\\/wp-content\\\/uploads\\\/2023\\\/10\\\/IMG_0126.png\",\"width\":1500,\"height\":399,\"caption\":\"Feuerwehr Halberstadt\"},\"image\":{\"@id\":\"https:\\\/\\\/www.feuerwehr-halberstadt.de\\\/#\\\/schema\\\/logo\\\/image\\\/\"},\"sameAs\":[\"https:\\\/\\\/www.facebook.com\\\/FeuerwehrHalberstadt\\\/\"]},{\"@type\":\"Person\",\"@id\":\"https:\\\/\\\/www.feuerwehr-halberstadt.de\\\/#\\\/schema\\\/person\\\/55ce5d9b46008e58cd3d55d4116ec727\",\"name\":\"Buchold, Chris\",\"image\":{\"@type\":\"ImageObject\",\"inLanguage\":\"de\",\"@id\":\"https:\\\/\\\/secure.gravatar.com\\\/avatar\\\/bff08a084f0390bf8a93fc28c488452766ba521109cec244ac64210fdd500a49?s=96&d=mm&r=g\",\"url\":\"https:\\\/\\\/secure.gravatar.com\\\/avatar\\\/bff08a084f0390bf8a93fc28c488452766ba521109cec244ac64210fdd500a49?s=96&d=mm&r=g\",\"contentUrl\":\"https:\\\/\\\/secure.gravatar.com\\\/avatar\\\/bff08a084f0390bf8a93fc28c488452766ba521109cec244ac64210fdd500a49?s=96&d=mm&r=g\",\"caption\":\"Buchold, Chris\"},\"url\":\"https:\\\/\\\/www.feuerwehr-halberstadt.de\\\/?author=3\"}]}<\/script>\n<!-- \/ Yoast SEO plugin. -->","yoast_head_json":{"title":"Jahreshauptversammlung der Ortsfeuerwehr Halberstadt - Feuerwehr Halberstadt","robots":{"index":"index","follow":"follow","max-snippet":"max-snippet:-1","max-image-preview":"max-image-preview:large","max-video-preview":"max-video-preview:-1"},"canonical":"https:\/\/www.feuerwehr-halberstadt.de\/?p=16312","og_locale":"de_DE","og_type":"article","og_title":"Jahreshauptversammlung der Ortsfeuerwehr Halberstadt - Feuerwehr Halberstadt","og_description":"Am Freitag, dem 07.02.2025, f\u00fchrte die Ortsfeuerwehr Halberstadt ihre j\u00e4hrliche Jahreshauptversammlung im Schulungsraum der Feuer- und Umweltwache Halberstadt durch. Christian Becker er\u00f6ffnete als stellvertretender Ortswehrleiter die Versammlung mit der Begr\u00fc\u00dfung aller anwesenden G\u00e4ste und Kameraden. Nach dem positiven Trend im Jahr 2023, verzeichnete die Ortsfeuerwehr im vergangenen Jahr eine leicht sinkende Mitgliederzahl auf 49 Kameradinnen [&hellip;]","og_url":"https:\/\/www.feuerwehr-halberstadt.de\/?p=16312","og_site_name":"Feuerwehr Halberstadt","article_publisher":"https:\/\/www.facebook.com\/FeuerwehrHalberstadt\/","article_published_time":"2025-02-09T05:52:17+00:00","article_modified_time":"2025-02-09T07:39:04+00:00","og_image":[{"width":1280,"height":720,"url":"https:\/\/www.feuerwehr-halberstadt.de\/wp-content\/uploads\/2025\/02\/DSC05421080225.jpeg","type":"image\/jpeg"}],"author":"Buchold, Chris","twitter_card":"summary_large_image","twitter_misc":{"Verfasst von":"Buchold, Chris","Gesch\u00e4tzte Lesezeit":"10\u00a0Minuten"},"schema":{"@context":"https:\/\/schema.org","@graph":[{"@type":"Article","@id":"https:\/\/www.feuerwehr-halberstadt.de\/?p=16312#article","isPartOf":{"@id":"https:\/\/www.feuerwehr-halberstadt.de\/?p=16312"},"author":{"name":"Buchold, Chris","@id":"https:\/\/www.feuerwehr-halberstadt.de\/#\/schema\/person\/55ce5d9b46008e58cd3d55d4116ec727"},"headline":"Jahreshauptversammlung der Ortsfeuerwehr Halberstadt","datePublished":"2025-02-09T05:52:17+00:00","dateModified":"2025-02-09T07:39:04+00:00","mainEntityOfPage":{"@id":"https:\/\/www.feuerwehr-halberstadt.de\/?p=16312"},"wordCount":1016,"publisher":{"@id":"https:\/\/www.feuerwehr-halberstadt.de\/#organization"},"image":{"@id":"https:\/\/www.feuerwehr-halberstadt.de\/?p=16312#primaryimage"},"thumbnailUrl":"https:\/\/www.feuerwehr-halberstadt.de\/wp-content\/uploads\/2025\/02\/DSC05421080225.jpeg","inLanguage":"de"},{"@type":"WebPage","@id":"https:\/\/www.feuerwehr-halberstadt.de\/?p=16312","url":"https:\/\/www.feuerwehr-halberstadt.de\/?p=16312","name":"Jahreshauptversammlung der Ortsfeuerwehr Halberstadt - Feuerwehr Halberstadt","isPartOf":{"@id":"https:\/\/www.feuerwehr-halberstadt.de\/#website"},"primaryImageOfPage":{"@id":"https:\/\/www.feuerwehr-halberstadt.de\/?p=16312#primaryimage"},"image":{"@id":"https:\/\/www.feuerwehr-halberstadt.de\/?p=16312#primaryimage"},"thumbnailUrl":"https:\/\/www.feuerwehr-halberstadt.de\/wp-content\/uploads\/2025\/02\/DSC05421080225.jpeg","datePublished":"2025-02-09T05:52:17+00:00","dateModified":"2025-02-09T07:39:04+00:00","breadcrumb":{"@id":"https:\/\/www.feuerwehr-halberstadt.de\/?p=16312#breadcrumb"},"inLanguage":"de","potentialAction":[{"@type":"ReadAction","target":["https:\/\/www.feuerwehr-halberstadt.de\/?p=16312"]}]},{"@type":"ImageObject","inLanguage":"de","@id":"https:\/\/www.feuerwehr-halberstadt.de\/?p=16312#primaryimage","url":"https:\/\/www.feuerwehr-halberstadt.de\/wp-content\/uploads\/2025\/02\/DSC05421080225.jpeg","contentUrl":"https:\/\/www.feuerwehr-halberstadt.de\/wp-content\/uploads\/2025\/02\/DSC05421080225.jpeg","width":1280,"height":720},{"@type":"BreadcrumbList","@id":"https:\/\/www.feuerwehr-halberstadt.de\/?p=16312#breadcrumb","itemListElement":[{"@type":"ListItem","position":1,"name":"Startseite","item":"https:\/\/www.feuerwehr-halberstadt.de\/"},{"@type":"ListItem","position":2,"name":"Jahreshauptversammlung der Ortsfeuerwehr Halberstadt"}]},{"@type":"WebSite","@id":"https:\/\/www.feuerwehr-halberstadt.de\/#website","url":"https:\/\/www.feuerwehr-halberstadt.de\/","name":"Feuerwehr Halberstadt","description":"#imEinsatzf\u00fcrHalberstadt","publisher":{"@id":"https:\/\/www.feuerwehr-halberstadt.de\/#organization"},"potentialAction":[{"@type":"SearchAction","target":{"@type":"EntryPoint","urlTemplate":"https:\/\/www.feuerwehr-halberstadt.de\/?s={search_term_string}"},"query-input":{"@type":"PropertyValueSpecification","valueRequired":true,"valueName":"search_term_string"}}],"inLanguage":"de"},{"@type":"Organization","@id":"https:\/\/www.feuerwehr-halberstadt.de\/#organization","name":"Feuerwehr Halberstadt","url":"https:\/\/www.feuerwehr-halberstadt.de\/","logo":{"@type":"ImageObject","inLanguage":"de","@id":"https:\/\/www.feuerwehr-halberstadt.de\/#\/schema\/logo\/image\/","url":"https:\/\/www.feuerwehr-halberstadt.de\/wp-content\/uploads\/2023\/10\/IMG_0126.png","contentUrl":"https:\/\/www.feuerwehr-halberstadt.de\/wp-content\/uploads\/2023\/10\/IMG_0126.png","width":1500,"height":399,"caption":"Feuerwehr Halberstadt"},"image":{"@id":"https:\/\/www.feuerwehr-halberstadt.de\/#\/schema\/logo\/image\/"},"sameAs":["https:\/\/www.facebook.com\/FeuerwehrHalberstadt\/"]},{"@type":"Person","@id":"https:\/\/www.feuerwehr-halberstadt.de\/#\/schema\/person\/55ce5d9b46008e58cd3d55d4116ec727","name":"Buchold, Chris","image":{"@type":"ImageObject","inLanguage":"de","@id":"https:\/\/secure.gravatar.com\/avatar\/bff08a084f0390bf8a93fc28c488452766ba521109cec244ac64210fdd500a49?s=96&d=mm&r=g","url":"https:\/\/secure.gravatar.com\/avatar\/bff08a084f0390bf8a93fc28c488452766ba521109cec244ac64210fdd500a49?s=96&d=mm&r=g","contentUrl":"https:\/\/secure.gravatar.com\/avatar\/bff08a084f0390bf8a93fc28c488452766ba521109cec244ac64210fdd500a49?s=96&d=mm&r=g","caption":"Buchold, Chris"},"url":"https:\/\/www.feuerwehr-halberstadt.de\/?author=3"}]}},"_links":{"self":[{"href":"https:\/\/www.feuerwehr-halberstadt.de\/index.php?rest_route=\/wp\/v2\/posts\/16312","targetHints":{"allow":["GET"]}}],"collection":[{"href":"https:\/\/www.feuerwehr-halberstadt.de\/index.php?rest_route=\/wp\/v2\/posts"}],"about":[{"href":"https:\/\/www.feuerwehr-halberstadt.de\/index.php?rest_route=\/wp\/v2\/types\/post"}],"author":[{"embeddable":true,"href":"https:\/\/www.feuerwehr-halberstadt.de\/index.php?rest_route=\/wp\/v2\/users\/3"}],"replies":[{"embeddable":true,"href":"https:\/\/www.feuerwehr-halberstadt.de\/index.php?rest_route=%2Fwp%2Fv2%2Fcomments&post=16312"}],"version-history":[{"count":10,"href":"https:\/\/www.feuerwehr-halberstadt.de\/index.php?rest_route=\/wp\/v2\/posts\/16312\/revisions"}],"predecessor-version":[{"id":16457,"href":"https:\/\/www.feuerwehr-halberstadt.de\/index.php?rest_route=\/wp\/v2\/posts\/16312\/revisions\/16457"}],"wp:featuredmedia":[{"embeddable":true,"href":"https:\/\/www.feuerwehr-halberstadt.de\/index.php?rest_route=\/wp\/v2\/media\/16353"}],"wp:attachment":[{"href":"https:\/\/www.feuerwehr-halberstadt.de\/index.php?rest_route=%2Fwp%2Fv2%2Fmedia&parent=16312"}],"wp:term":[{"taxonomy":"category","embeddable":true,"href":"https:\/\/www.feuerwehr-halberstadt.de\/index.php?rest_route=%2Fwp%2Fv2%2Fcategories&post=16312"},{"taxonomy":"post_tag","embeddable":true,"href":"https:\/\/www.feuerwehr-halberstadt.de\/index.php?rest_route=%2Fwp%2Fv2%2Ftags&post=16312"}],"curies":[{"name":"wp","href":"https:\/\/api.w.org\/{rel}","templated":true}]}}