{"id":16257,"date":"2025-02-03T14:36:04","date_gmt":"2025-02-03T13:36:04","guid":{"rendered":"https:\/\/www.feuerwehr-halberstadt.de\/?p=16257"},"modified":"2025-02-03T21:15:44","modified_gmt":"2025-02-03T20:15:44","slug":"jahreshauptversammlung-der-ortsfeuerwehr-langenstein-3","status":"publish","type":"post","link":"https:\/\/www.feuerwehr-halberstadt.de\/?p=16257","title":{"rendered":"Jahreshauptversammlung der Ortsfeuerwehr Langenstein"},"content":{"rendered":"\n<p>Am Samstag, dem 01.02.2025 wurde in der Ortsfeuerwehr Langenstein die j\u00e4hrliche Jahreshauptversammlung im Ger\u00e4tehaus durchgef\u00fchrt. Ortswehrleiter Maik Boog er\u00f6ffnete die Sitzung mit der Begr\u00fc\u00dfung aller anwesenden G\u00e4ste, bevor er auf das vergangene Jahr zur\u00fcckblickte.<\/p>\n\n\n\n<!--more-->\n\n\n\n<p>Die Ortsfeuerwehr Langenstein z\u00e4hlte im Jahr 2024 insgesamt 19 Kameradinnen und Kameraden, sowie einen Gastkameraden in der Einsatzabteilung. &#8222;Diese geringe Mitgliederzahl kann uns nicht zufrieden stellen. Wir m\u00fcssen daran interessiert sein, neue Mitglieder zu gewinnen&#8220;, so der Ortswehrleiter.<\/p>\n\n\n\n<p>Zu insgesamt 130 Eins\u00e4tzen mit 670 Stunden wurden die Einsatzkr\u00e4fte im vergangenen Jahr alarmiert. &#8222;Ein Gro\u00dfteil der Eins\u00e4tze wurde durch die Atemschutz\u00fcberwachungsgruppe abgeleistet, was sich in diesem Jahr aufgrund der \u00c4nderung in der Alarm- und Ausr\u00fcckeordnung minimieren wird. Mein Dank gilt allen Einsatzkr\u00e4ften der AS\u00dc-Gruppe, besonders Sebastian Rindert f\u00fcr sein Engagement&#8220; berichtet Maik Boog. Insgesamt teilen sich die Eins\u00e4tze in 17 Hilfeleistungen, 106 Brandeins\u00e4tze sowie 7 sonstige Eins\u00e4tze, wie die Absicherung von Veranstaltungen auf. Hierbei ist besonders der Waldbrand am Brocken zu erw\u00e4hnen, bei dem auch die Einsatzkr\u00e4fte aus Langenstein mit 6 Kameraden beim Wassertransport und den Nachl\u00f6scharbeiten unterst\u00fctzten.<\/p>\n\n\n\n<p>Im letzten Jahr konnten 1410 Ausbildungsstunden durch die Kameraden absolviert werden. Dabei ist zu erw\u00e4hnen, dass Bob Hilgert erfolgreich seinen Gruppenf\u00fchrer-Lehrgang absolvieren konnte, Susan Becker konnte ihren LKW-F\u00fchrerschein und anschlie\u00dfend den Maschinisten-Lehrgang durchf\u00fchren und der Kamerad Ansgar Schr\u00f6der konnte den Grundlehrgang mit Erfolg abschlie\u00dfen. Au\u00dferdem unterst\u00fctzte die Ortsfeuerwehr traditionsgem\u00e4\u00df wieder einige Langensteiner Vereine und Institutionen bei vielen Veranstaltungen.<\/p>\n\n\n\n<p>Ortsjugendwartin Melanie Rindert blickte auf das Ausbildungsjahr der Kinder- und Jugendfeuerwehr zur\u00fcck. Zu Beginn des Jahres z\u00e4hlte die Nachwuchsabteilung 5 Kinder und 8 Jugendliche. Im Verlauf des Jahres konnten ein Mitglied in der Jugendfeuerwehr, sowie 5 Mitglieder in der Kinderfeuerwehr dazu gewonnen werden. Ein besonderes Highlight war die Fahrt in den Freizeitpark nach Belantis. Anschlie\u00dfend bedankte sich die Ortsjugendwartin bei der Ortsfeuerwehr f\u00fcr die finanzielle und materielle Unterst\u00fctzung, sowie bei allen Helfern f\u00fcr ihre geleistete Arbeit.<\/p>\n\n\n\n<p>Sowohl Stadtwehrleiter Martin Schulz, als auch Andreas Dietrich als Vertreter der Abteilung Feuerwehr, bedankten sich bei den Kameraden f\u00fcr die geleistete Arbeit und gaben einen \u00dcberblick \u00fcber zuk\u00fcnftige Projekte und Anschaffungen. Der stellvertretende Ortsb\u00fcrgermeister Wolfgang Baake bedankte sich ebenfalls im Rahmen der Jahreshauptversammlung bei den Kameradinnen und Kameraden f\u00fcr die gezeigte Einsatzbereitschaft und das Engagement im Ort.<\/p>\n\n\n\n<p><strong>Bef\u00f6rderungen \/ Ehrungen:<\/strong><br>Bob Hilgert, Hauptfeuerwehrmann<br>Susan Becker, Hauptfeuerwehrfrau<br>Maik Boog, Brandmeister<\/p>\n\n\n\n<p>Tino Meinecke, 30 Jahre Mitgliedschaft (nicht anwesend)<br>Ralf Berginski, 40 Jahre Mitgliedschaft (nicht anwesend)<\/p>\n\n\n\n<figure class=\"wp-block-gallery has-nested-images columns-default is-cropped wp-block-gallery-1 is-layout-flex wp-block-gallery-is-layout-flex\">\n<figure class=\"wp-block-image size-large\"><img loading=\"lazy\" decoding=\"async\" width=\"1024\" height=\"683\" data-id=\"16290\" src=\"https:\/\/www.feuerwehr-halberstadt.de\/wp-content\/uploads\/2025\/02\/DSC05358020225-1024x683.jpg\" alt=\"\" class=\"wp-image-16290\" srcset=\"https:\/\/www.feuerwehr-halberstadt.de\/wp-content\/uploads\/2025\/02\/DSC05358020225-1024x683.jpg 1024w, https:\/\/www.feuerwehr-halberstadt.de\/wp-content\/uploads\/2025\/02\/DSC05358020225-300x200.jpg 300w, https:\/\/www.feuerwehr-halberstadt.de\/wp-content\/uploads\/2025\/02\/DSC05358020225-768x512.jpg 768w, https:\/\/www.feuerwehr-halberstadt.de\/wp-content\/uploads\/2025\/02\/DSC05358020225-1536x1024.jpg 1536w, https:\/\/www.feuerwehr-halberstadt.de\/wp-content\/uploads\/2025\/02\/DSC05358020225-2048x1365.jpg 2048w\" sizes=\"auto, (max-width: 1024px) 100vw, 1024px\" \/><\/figure>\n\n\n\n<figure class=\"wp-block-image size-large\"><img loading=\"lazy\" decoding=\"async\" width=\"1024\" height=\"683\" data-id=\"16291\" src=\"https:\/\/www.feuerwehr-halberstadt.de\/wp-content\/uploads\/2025\/02\/DSC05362020225-1024x683.jpg\" alt=\"\" class=\"wp-image-16291\" srcset=\"https:\/\/www.feuerwehr-halberstadt.de\/wp-content\/uploads\/2025\/02\/DSC05362020225-1024x683.jpg 1024w, https:\/\/www.feuerwehr-halberstadt.de\/wp-content\/uploads\/2025\/02\/DSC05362020225-300x200.jpg 300w, https:\/\/www.feuerwehr-halberstadt.de\/wp-content\/uploads\/2025\/02\/DSC05362020225-768x512.jpg 768w, https:\/\/www.feuerwehr-halberstadt.de\/wp-content\/uploads\/2025\/02\/DSC05362020225-1536x1024.jpg 1536w, https:\/\/www.feuerwehr-halberstadt.de\/wp-content\/uploads\/2025\/02\/DSC05362020225-2048x1365.jpg 2048w\" sizes=\"auto, (max-width: 1024px) 100vw, 1024px\" \/><\/figure>\n\n\n\n<figure class=\"wp-block-image size-large\"><img loading=\"lazy\" decoding=\"async\" width=\"1024\" height=\"683\" data-id=\"16292\" src=\"https:\/\/www.feuerwehr-halberstadt.de\/wp-content\/uploads\/2025\/02\/DSC05365020225-1024x683.jpg\" alt=\"\" class=\"wp-image-16292\" srcset=\"https:\/\/www.feuerwehr-halberstadt.de\/wp-content\/uploads\/2025\/02\/DSC05365020225-1024x683.jpg 1024w, https:\/\/www.feuerwehr-halberstadt.de\/wp-content\/uploads\/2025\/02\/DSC05365020225-300x200.jpg 300w, https:\/\/www.feuerwehr-halberstadt.de\/wp-content\/uploads\/2025\/02\/DSC05365020225-768x512.jpg 768w, https:\/\/www.feuerwehr-halberstadt.de\/wp-content\/uploads\/2025\/02\/DSC05365020225-1536x1024.jpg 1536w, https:\/\/www.feuerwehr-halberstadt.de\/wp-content\/uploads\/2025\/02\/DSC05365020225-2048x1365.jpg 2048w\" sizes=\"auto, (max-width: 1024px) 100vw, 1024px\" \/><\/figure>\n\n\n\n<figure class=\"wp-block-image size-large\"><img loading=\"lazy\" decoding=\"async\" width=\"1024\" height=\"683\" data-id=\"16294\" src=\"https:\/\/www.feuerwehr-halberstadt.de\/wp-content\/uploads\/2025\/02\/DSC05373020225-1024x683.jpg\" alt=\"\" class=\"wp-image-16294\" srcset=\"https:\/\/www.feuerwehr-halberstadt.de\/wp-content\/uploads\/2025\/02\/DSC05373020225-1024x683.jpg 1024w, https:\/\/www.feuerwehr-halberstadt.de\/wp-content\/uploads\/2025\/02\/DSC05373020225-300x200.jpg 300w, https:\/\/www.feuerwehr-halberstadt.de\/wp-content\/uploads\/2025\/02\/DSC05373020225-768x512.jpg 768w, https:\/\/www.feuerwehr-halberstadt.de\/wp-content\/uploads\/2025\/02\/DSC05373020225-1536x1024.jpg 1536w, https:\/\/www.feuerwehr-halberstadt.de\/wp-content\/uploads\/2025\/02\/DSC05373020225-2048x1365.jpg 2048w\" sizes=\"auto, (max-width: 1024px) 100vw, 1024px\" \/><\/figure>\n<\/figure>\n","protected":false},"excerpt":{"rendered":"<p>Am Samstag, dem 01.02.2025 wurde in der Ortsfeuerwehr Langenstein die j\u00e4hrliche Jahreshauptversammlung im Ger\u00e4tehaus durchgef\u00fchrt. Ortswehrleiter Maik Boog er\u00f6ffnete die Sitzung mit der Begr\u00fc\u00dfung aller anwesenden G\u00e4ste, bevor er auf das vergangene Jahr zur\u00fcckblickte.<\/p>\n","protected":false},"author":8,"featured_media":16293,"comment_status":"closed","ping_status":"closed","sticky":false,"template":"","format":"standard","meta":{"_acf_changed":false,"footnotes":""},"categories":[9],"tags":[],"class_list":["post-16257","post","type-post","status-publish","format-standard","has-post-thumbnail","hentry","category-allgemein"],"acf":[],"yoast_head":"<!-- This site is optimized with the Yoast SEO plugin v27.5 - https:\/\/yoast.com\/product\/yoast-seo-wordpress\/ -->\n<title>Jahreshauptversammlung der Ortsfeuerwehr Langenstein - Feuerwehr Halberstadt<\/title>\n<meta name=\"robots\" content=\"index, follow, max-snippet:-1, max-image-preview:large, max-video-preview:-1\" \/>\n<link rel=\"canonical\" href=\"https:\/\/www.feuerwehr-halberstadt.de\/?p=16257\" \/>\n<meta property=\"og:locale\" content=\"de_DE\" \/>\n<meta property=\"og:type\" content=\"article\" \/>\n<meta property=\"og:title\" content=\"Jahreshauptversammlung der Ortsfeuerwehr Langenstein - Feuerwehr Halberstadt\" \/>\n<meta property=\"og:description\" content=\"Am Samstag, dem 01.02.2025 wurde in der Ortsfeuerwehr Langenstein die j\u00e4hrliche Jahreshauptversammlung im Ger\u00e4tehaus durchgef\u00fchrt. Ortswehrleiter Maik Boog er\u00f6ffnete die Sitzung mit der Begr\u00fc\u00dfung aller anwesenden G\u00e4ste, bevor er auf das vergangene Jahr zur\u00fcckblickte.\" \/>\n<meta property=\"og:url\" content=\"https:\/\/www.feuerwehr-halberstadt.de\/?p=16257\" \/>\n<meta property=\"og:site_name\" content=\"Feuerwehr Halberstadt\" \/>\n<meta property=\"article:publisher\" content=\"https:\/\/www.facebook.com\/FeuerwehrHalberstadt\/\" \/>\n<meta property=\"article:published_time\" content=\"2025-02-03T13:36:04+00:00\" \/>\n<meta property=\"article:modified_time\" content=\"2025-02-03T20:15:44+00:00\" \/>\n<meta property=\"og:image\" content=\"https:\/\/www.feuerwehr-halberstadt.de\/wp-content\/uploads\/2025\/02\/DSC05367020225-scaled-e1738611819556.jpg\" \/>\n\t<meta property=\"og:image:width\" content=\"1620\" \/>\n\t<meta property=\"og:image:height\" content=\"1080\" \/>\n\t<meta property=\"og:image:type\" content=\"image\/jpeg\" \/>\n<meta name=\"author\" content=\"K\u00fchne, Ren\u00e9\" \/>\n<meta name=\"twitter:card\" content=\"summary_large_image\" \/>\n<meta name=\"twitter:label1\" content=\"Verfasst von\" \/>\n\t<meta name=\"twitter:data1\" content=\"K\u00fchne, Ren\u00e9\" \/>\n\t<meta name=\"twitter:label2\" content=\"Gesch\u00e4tzte Lesezeit\" \/>\n\t<meta name=\"twitter:data2\" content=\"4\u00a0Minuten\" \/>\n<script type=\"application\/ld+json\" class=\"yoast-schema-graph\">{\"@context\":\"https:\\\/\\\/schema.org\",\"@graph\":[{\"@type\":\"Article\",\"@id\":\"https:\\\/\\\/www.feuerwehr-halberstadt.de\\\/?p=16257#article\",\"isPartOf\":{\"@id\":\"https:\\\/\\\/www.feuerwehr-halberstadt.de\\\/?p=16257\"},\"author\":{\"name\":\"K\u00fchne, Ren\u00e9\",\"@id\":\"https:\\\/\\\/www.feuerwehr-halberstadt.de\\\/#\\\/schema\\\/person\\\/3025e717504caccf9120c148aa5dafc9\"},\"headline\":\"Jahreshauptversammlung der Ortsfeuerwehr Langenstein\",\"datePublished\":\"2025-02-03T13:36:04+00:00\",\"dateModified\":\"2025-02-03T20:15:44+00:00\",\"mainEntityOfPage\":{\"@id\":\"https:\\\/\\\/www.feuerwehr-halberstadt.de\\\/?p=16257\"},\"wordCount\":419,\"publisher\":{\"@id\":\"https:\\\/\\\/www.feuerwehr-halberstadt.de\\\/#organization\"},\"image\":{\"@id\":\"https:\\\/\\\/www.feuerwehr-halberstadt.de\\\/?p=16257#primaryimage\"},\"thumbnailUrl\":\"https:\\\/\\\/www.feuerwehr-halberstadt.de\\\/wp-content\\\/uploads\\\/2025\\\/02\\\/DSC05367020225-scaled-e1738611819556.jpg\",\"inLanguage\":\"de\"},{\"@type\":\"WebPage\",\"@id\":\"https:\\\/\\\/www.feuerwehr-halberstadt.de\\\/?p=16257\",\"url\":\"https:\\\/\\\/www.feuerwehr-halberstadt.de\\\/?p=16257\",\"name\":\"Jahreshauptversammlung der Ortsfeuerwehr Langenstein - Feuerwehr Halberstadt\",\"isPartOf\":{\"@id\":\"https:\\\/\\\/www.feuerwehr-halberstadt.de\\\/#website\"},\"primaryImageOfPage\":{\"@id\":\"https:\\\/\\\/www.feuerwehr-halberstadt.de\\\/?p=16257#primaryimage\"},\"image\":{\"@id\":\"https:\\\/\\\/www.feuerwehr-halberstadt.de\\\/?p=16257#primaryimage\"},\"thumbnailUrl\":\"https:\\\/\\\/www.feuerwehr-halberstadt.de\\\/wp-content\\\/uploads\\\/2025\\\/02\\\/DSC05367020225-scaled-e1738611819556.jpg\",\"datePublished\":\"2025-02-03T13:36:04+00:00\",\"dateModified\":\"2025-02-03T20:15:44+00:00\",\"breadcrumb\":{\"@id\":\"https:\\\/\\\/www.feuerwehr-halberstadt.de\\\/?p=16257#breadcrumb\"},\"inLanguage\":\"de\",\"potentialAction\":[{\"@type\":\"ReadAction\",\"target\":[\"https:\\\/\\\/www.feuerwehr-halberstadt.de\\\/?p=16257\"]}]},{\"@type\":\"ImageObject\",\"inLanguage\":\"de\",\"@id\":\"https:\\\/\\\/www.feuerwehr-halberstadt.de\\\/?p=16257#primaryimage\",\"url\":\"https:\\\/\\\/www.feuerwehr-halberstadt.de\\\/wp-content\\\/uploads\\\/2025\\\/02\\\/DSC05367020225-scaled-e1738611819556.jpg\",\"contentUrl\":\"https:\\\/\\\/www.feuerwehr-halberstadt.de\\\/wp-content\\\/uploads\\\/2025\\\/02\\\/DSC05367020225-scaled-e1738611819556.jpg\",\"width\":1620,\"height\":1080},{\"@type\":\"BreadcrumbList\",\"@id\":\"https:\\\/\\\/www.feuerwehr-halberstadt.de\\\/?p=16257#breadcrumb\",\"itemListElement\":[{\"@type\":\"ListItem\",\"position\":1,\"name\":\"Startseite\",\"item\":\"https:\\\/\\\/www.feuerwehr-halberstadt.de\\\/\"},{\"@type\":\"ListItem\",\"position\":2,\"name\":\"Jahreshauptversammlung der Ortsfeuerwehr Langenstein\"}]},{\"@type\":\"WebSite\",\"@id\":\"https:\\\/\\\/www.feuerwehr-halberstadt.de\\\/#website\",\"url\":\"https:\\\/\\\/www.feuerwehr-halberstadt.de\\\/\",\"name\":\"Feuerwehr Halberstadt\",\"description\":\"#imEinsatzf\u00fcrHalberstadt\",\"publisher\":{\"@id\":\"https:\\\/\\\/www.feuerwehr-halberstadt.de\\\/#organization\"},\"potentialAction\":[{\"@type\":\"SearchAction\",\"target\":{\"@type\":\"EntryPoint\",\"urlTemplate\":\"https:\\\/\\\/www.feuerwehr-halberstadt.de\\\/?s={search_term_string}\"},\"query-input\":{\"@type\":\"PropertyValueSpecification\",\"valueRequired\":true,\"valueName\":\"search_term_string\"}}],\"inLanguage\":\"de\"},{\"@type\":\"Organization\",\"@id\":\"https:\\\/\\\/www.feuerwehr-halberstadt.de\\\/#organization\",\"name\":\"Feuerwehr Halberstadt\",\"url\":\"https:\\\/\\\/www.feuerwehr-halberstadt.de\\\/\",\"logo\":{\"@type\":\"ImageObject\",\"inLanguage\":\"de\",\"@id\":\"https:\\\/\\\/www.feuerwehr-halberstadt.de\\\/#\\\/schema\\\/logo\\\/image\\\/\",\"url\":\"https:\\\/\\\/www.feuerwehr-halberstadt.de\\\/wp-content\\\/uploads\\\/2023\\\/10\\\/IMG_0126.png\",\"contentUrl\":\"https:\\\/\\\/www.feuerwehr-halberstadt.de\\\/wp-content\\\/uploads\\\/2023\\\/10\\\/IMG_0126.png\",\"width\":1500,\"height\":399,\"caption\":\"Feuerwehr Halberstadt\"},\"image\":{\"@id\":\"https:\\\/\\\/www.feuerwehr-halberstadt.de\\\/#\\\/schema\\\/logo\\\/image\\\/\"},\"sameAs\":[\"https:\\\/\\\/www.facebook.com\\\/FeuerwehrHalberstadt\\\/\"]},{\"@type\":\"Person\",\"@id\":\"https:\\\/\\\/www.feuerwehr-halberstadt.de\\\/#\\\/schema\\\/person\\\/3025e717504caccf9120c148aa5dafc9\",\"name\":\"K\u00fchne, Ren\u00e9\",\"image\":{\"@type\":\"ImageObject\",\"inLanguage\":\"de\",\"@id\":\"https:\\\/\\\/secure.gravatar.com\\\/avatar\\\/55eea2ec92cf331c72f122107a136da45b190ce89b28770aafc2f0a0788d2fd4?s=96&d=mm&r=g\",\"url\":\"https:\\\/\\\/secure.gravatar.com\\\/avatar\\\/55eea2ec92cf331c72f122107a136da45b190ce89b28770aafc2f0a0788d2fd4?s=96&d=mm&r=g\",\"contentUrl\":\"https:\\\/\\\/secure.gravatar.com\\\/avatar\\\/55eea2ec92cf331c72f122107a136da45b190ce89b28770aafc2f0a0788d2fd4?s=96&d=mm&r=g\",\"caption\":\"K\u00fchne, Ren\u00e9\"},\"url\":\"https:\\\/\\\/www.feuerwehr-halberstadt.de\\\/?author=8\"}]}<\/script>\n<!-- \/ Yoast SEO plugin. -->","yoast_head_json":{"title":"Jahreshauptversammlung der Ortsfeuerwehr Langenstein - Feuerwehr Halberstadt","robots":{"index":"index","follow":"follow","max-snippet":"max-snippet:-1","max-image-preview":"max-image-preview:large","max-video-preview":"max-video-preview:-1"},"canonical":"https:\/\/www.feuerwehr-halberstadt.de\/?p=16257","og_locale":"de_DE","og_type":"article","og_title":"Jahreshauptversammlung der Ortsfeuerwehr Langenstein - Feuerwehr Halberstadt","og_description":"Am Samstag, dem 01.02.2025 wurde in der Ortsfeuerwehr Langenstein die j\u00e4hrliche Jahreshauptversammlung im Ger\u00e4tehaus durchgef\u00fchrt. Ortswehrleiter Maik Boog er\u00f6ffnete die Sitzung mit der Begr\u00fc\u00dfung aller anwesenden G\u00e4ste, bevor er auf das vergangene Jahr zur\u00fcckblickte.","og_url":"https:\/\/www.feuerwehr-halberstadt.de\/?p=16257","og_site_name":"Feuerwehr Halberstadt","article_publisher":"https:\/\/www.facebook.com\/FeuerwehrHalberstadt\/","article_published_time":"2025-02-03T13:36:04+00:00","article_modified_time":"2025-02-03T20:15:44+00:00","og_image":[{"width":1620,"height":1080,"url":"https:\/\/www.feuerwehr-halberstadt.de\/wp-content\/uploads\/2025\/02\/DSC05367020225-scaled-e1738611819556.jpg","type":"image\/jpeg"}],"author":"K\u00fchne, Ren\u00e9","twitter_card":"summary_large_image","twitter_misc":{"Verfasst von":"K\u00fchne, Ren\u00e9","Gesch\u00e4tzte Lesezeit":"4\u00a0Minuten"},"schema":{"@context":"https:\/\/schema.org","@graph":[{"@type":"Article","@id":"https:\/\/www.feuerwehr-halberstadt.de\/?p=16257#article","isPartOf":{"@id":"https:\/\/www.feuerwehr-halberstadt.de\/?p=16257"},"author":{"name":"K\u00fchne, Ren\u00e9","@id":"https:\/\/www.feuerwehr-halberstadt.de\/#\/schema\/person\/3025e717504caccf9120c148aa5dafc9"},"headline":"Jahreshauptversammlung der Ortsfeuerwehr Langenstein","datePublished":"2025-02-03T13:36:04+00:00","dateModified":"2025-02-03T20:15:44+00:00","mainEntityOfPage":{"@id":"https:\/\/www.feuerwehr-halberstadt.de\/?p=16257"},"wordCount":419,"publisher":{"@id":"https:\/\/www.feuerwehr-halberstadt.de\/#organization"},"image":{"@id":"https:\/\/www.feuerwehr-halberstadt.de\/?p=16257#primaryimage"},"thumbnailUrl":"https:\/\/www.feuerwehr-halberstadt.de\/wp-content\/uploads\/2025\/02\/DSC05367020225-scaled-e1738611819556.jpg","inLanguage":"de"},{"@type":"WebPage","@id":"https:\/\/www.feuerwehr-halberstadt.de\/?p=16257","url":"https:\/\/www.feuerwehr-halberstadt.de\/?p=16257","name":"Jahreshauptversammlung der Ortsfeuerwehr Langenstein - Feuerwehr Halberstadt","isPartOf":{"@id":"https:\/\/www.feuerwehr-halberstadt.de\/#website"},"primaryImageOfPage":{"@id":"https:\/\/www.feuerwehr-halberstadt.de\/?p=16257#primaryimage"},"image":{"@id":"https:\/\/www.feuerwehr-halberstadt.de\/?p=16257#primaryimage"},"thumbnailUrl":"https:\/\/www.feuerwehr-halberstadt.de\/wp-content\/uploads\/2025\/02\/DSC05367020225-scaled-e1738611819556.jpg","datePublished":"2025-02-03T13:36:04+00:00","dateModified":"2025-02-03T20:15:44+00:00","breadcrumb":{"@id":"https:\/\/www.feuerwehr-halberstadt.de\/?p=16257#breadcrumb"},"inLanguage":"de","potentialAction":[{"@type":"ReadAction","target":["https:\/\/www.feuerwehr-halberstadt.de\/?p=16257"]}]},{"@type":"ImageObject","inLanguage":"de","@id":"https:\/\/www.feuerwehr-halberstadt.de\/?p=16257#primaryimage","url":"https:\/\/www.feuerwehr-halberstadt.de\/wp-content\/uploads\/2025\/02\/DSC05367020225-scaled-e1738611819556.jpg","contentUrl":"https:\/\/www.feuerwehr-halberstadt.de\/wp-content\/uploads\/2025\/02\/DSC05367020225-scaled-e1738611819556.jpg","width":1620,"height":1080},{"@type":"BreadcrumbList","@id":"https:\/\/www.feuerwehr-halberstadt.de\/?p=16257#breadcrumb","itemListElement":[{"@type":"ListItem","position":1,"name":"Startseite","item":"https:\/\/www.feuerwehr-halberstadt.de\/"},{"@type":"ListItem","position":2,"name":"Jahreshauptversammlung der Ortsfeuerwehr Langenstein"}]},{"@type":"WebSite","@id":"https:\/\/www.feuerwehr-halberstadt.de\/#website","url":"https:\/\/www.feuerwehr-halberstadt.de\/","name":"Feuerwehr Halberstadt","description":"#imEinsatzf\u00fcrHalberstadt","publisher":{"@id":"https:\/\/www.feuerwehr-halberstadt.de\/#organization"},"potentialAction":[{"@type":"SearchAction","target":{"@type":"EntryPoint","urlTemplate":"https:\/\/www.feuerwehr-halberstadt.de\/?s={search_term_string}"},"query-input":{"@type":"PropertyValueSpecification","valueRequired":true,"valueName":"search_term_string"}}],"inLanguage":"de"},{"@type":"Organization","@id":"https:\/\/www.feuerwehr-halberstadt.de\/#organization","name":"Feuerwehr Halberstadt","url":"https:\/\/www.feuerwehr-halberstadt.de\/","logo":{"@type":"ImageObject","inLanguage":"de","@id":"https:\/\/www.feuerwehr-halberstadt.de\/#\/schema\/logo\/image\/","url":"https:\/\/www.feuerwehr-halberstadt.de\/wp-content\/uploads\/2023\/10\/IMG_0126.png","contentUrl":"https:\/\/www.feuerwehr-halberstadt.de\/wp-content\/uploads\/2023\/10\/IMG_0126.png","width":1500,"height":399,"caption":"Feuerwehr Halberstadt"},"image":{"@id":"https:\/\/www.feuerwehr-halberstadt.de\/#\/schema\/logo\/image\/"},"sameAs":["https:\/\/www.facebook.com\/FeuerwehrHalberstadt\/"]},{"@type":"Person","@id":"https:\/\/www.feuerwehr-halberstadt.de\/#\/schema\/person\/3025e717504caccf9120c148aa5dafc9","name":"K\u00fchne, Ren\u00e9","image":{"@type":"ImageObject","inLanguage":"de","@id":"https:\/\/secure.gravatar.com\/avatar\/55eea2ec92cf331c72f122107a136da45b190ce89b28770aafc2f0a0788d2fd4?s=96&d=mm&r=g","url":"https:\/\/secure.gravatar.com\/avatar\/55eea2ec92cf331c72f122107a136da45b190ce89b28770aafc2f0a0788d2fd4?s=96&d=mm&r=g","contentUrl":"https:\/\/secure.gravatar.com\/avatar\/55eea2ec92cf331c72f122107a136da45b190ce89b28770aafc2f0a0788d2fd4?s=96&d=mm&r=g","caption":"K\u00fchne, Ren\u00e9"},"url":"https:\/\/www.feuerwehr-halberstadt.de\/?author=8"}]}},"_links":{"self":[{"href":"https:\/\/www.feuerwehr-halberstadt.de\/index.php?rest_route=\/wp\/v2\/posts\/16257","targetHints":{"allow":["GET"]}}],"collection":[{"href":"https:\/\/www.feuerwehr-halberstadt.de\/index.php?rest_route=\/wp\/v2\/posts"}],"about":[{"href":"https:\/\/www.feuerwehr-halberstadt.de\/index.php?rest_route=\/wp\/v2\/types\/post"}],"author":[{"embeddable":true,"href":"https:\/\/www.feuerwehr-halberstadt.de\/index.php?rest_route=\/wp\/v2\/users\/8"}],"replies":[{"embeddable":true,"href":"https:\/\/www.feuerwehr-halberstadt.de\/index.php?rest_route=%2Fwp%2Fv2%2Fcomments&post=16257"}],"version-history":[{"count":13,"href":"https:\/\/www.feuerwehr-halberstadt.de\/index.php?rest_route=\/wp\/v2\/posts\/16257\/revisions"}],"predecessor-version":[{"id":16304,"href":"https:\/\/www.feuerwehr-halberstadt.de\/index.php?rest_route=\/wp\/v2\/posts\/16257\/revisions\/16304"}],"wp:featuredmedia":[{"embeddable":true,"href":"https:\/\/www.feuerwehr-halberstadt.de\/index.php?rest_route=\/wp\/v2\/media\/16293"}],"wp:attachment":[{"href":"https:\/\/www.feuerwehr-halberstadt.de\/index.php?rest_route=%2Fwp%2Fv2%2Fmedia&parent=16257"}],"wp:term":[{"taxonomy":"category","embeddable":true,"href":"https:\/\/www.feuerwehr-halberstadt.de\/index.php?rest_route=%2Fwp%2Fv2%2Fcategories&post=16257"},{"taxonomy":"post_tag","embeddable":true,"href":"https:\/\/www.feuerwehr-halberstadt.de\/index.php?rest_route=%2Fwp%2Fv2%2Ftags&post=16257"}],"curies":[{"name":"wp","href":"https:\/\/api.w.org\/{rel}","templated":true}]}}