{"id":16238,"date":"2025-02-02T20:13:30","date_gmt":"2025-02-02T19:13:30","guid":{"rendered":"https:\/\/www.feuerwehr-halberstadt.de\/?p=16238"},"modified":"2025-02-02T20:14:44","modified_gmt":"2025-02-02T19:14:44","slug":"jahreshauptversammlung-der-ortsfeuerwehr-emersleben-4","status":"publish","type":"post","link":"https:\/\/www.feuerwehr-halberstadt.de\/?p=16238","title":{"rendered":"Jahreshauptversammlung der Ortsfeuerwehr Emersleben"},"content":{"rendered":"\n<p>Am 31. Januar hat die Ortsfeuerwehr Emersleben ihre j\u00e4hrliche Jahreshauptversammlung durchgef\u00fchrt. Ortswehrleiter Thomas K\u00fcppers berichtete, dass die Kameraden im vergangenen Jahr 1477 Ausbildungsstunden bei 50 Dienstabenden geleistet haben. Das sind im Vergleich zum Vorjahr 717 Ausbildungsstunden mehr, da die Dienstabende seit 2023 w\u00f6chentlich stattfinden.<\/p>\n\n\n\n<p>Mit Stand vom 31.12.2024 befinden sich 16 Kameradinnen und Kameraden in der Ortsfeuerwehr Emersleben, 14 davon in der Einsatzabteilung, zwei Kameraden in der Alters- und Ehrenabteilung. Im ersten Quartal 2025 verl\u00e4sst ein Kamerad aus beruflichen Gr\u00fcnden die Einsatzabteilung. &#8222;Damit geht uns nicht nur eine aktive Einsatzkraft verloren, sondern vorallem auch ein Atemschutzger\u00e4tetr\u00e4ger&#8220; sagte Thomas K\u00fcppers.<\/p>\n\n\n\n<p>Im vergangenen Jahr unterst\u00fctzten die Kameradinnen und Kameraden auch bei zahlreichen Brandsicherheitswachen am Harztheater in Halberstadt. 166 Stunden wurden bei insgesamt 31 Brandsicherheitswachen abgeleistet.<\/p>\n\n\n\n<p>Die Ortsfeuerwehr Emersleben wurde im Jahr 2024 zu 21 Eins\u00e4tzen alarmiert, bei denen 160 Stunden geleistet wurden. Insgesamt wurden 4 Verkehrsunf\u00e4lle, 6 Hilfeleistungen, 7 Brandeins\u00e4tze und 4 Brandmeldeanlagen abgearbeitet.<\/p>\n\n\n\n<p>Bei mehreren externen Lehrg\u00e4ngen konnten sich die Kameraden weiterbilden. So konnte Hagen Godisch am IBK Heyrothsberge den Lehrgang &#8222;Leiter einer Feuerwehr&#8220; und den Gruppenf\u00fchrerlehrgang erfolgreich abschlie\u00dfen. Julian Schulze und Daniel Brand konnten den Truppf\u00fchrerlehrgang erfolgreich abschlie\u00dfen. Herzlichen Gl\u00fcckwunsch an alle Kameraden!<\/p>\n\n\n\n<p>Frank Juhnke berichtete von den Aktivit\u00e4ten der Kinder- und Jugendfeuerwehr. 2024 standen wieder einige interessante Dienstnachmittage auf dem Plan, unter anderem zu den Themen Fahrzeug- und Ger\u00e4tekunde, Erste Hilfe, Knotenkunde, Funkausbildung und Einsatz\u00fcbungen. Die Kinder unterst\u00fctzten auch gern beim Oster- und Maifeuer. Die Jugendwarte bedankten sich bei allen Helferinnen und Helfern, die der Kinder- und Jugendfeuerwehr immer tatkr\u00e4ftig zur Seite stehen.<\/p>\n\n\n\n<p>Ortsb\u00fcrgermeister Marco Wei\u00df bedankte sich im Rahmen der Jahreshauptversammlung bei den Kameradinnen und Kameraden f\u00fcr die gezeigte Einsatzbereitschaft und das Engagement im Ort. Als Zeichen der Anerkennung wurde an Ortswehrleiter Thomas K\u00fcppers eine kleine finanzielle Unterst\u00fctzung \u00fcberreicht. \u201eDanke f\u00fcr die Bereitschaft Tag und Nacht da zu sein, wenn andere in Not sind. Da zu sein, wenn es hei\u00dft Leben oder Hab und Gut zu retten. In unserem kleinen Ort seid ihr eine feste Gr\u00f6\u00dfe f\u00fcr die Dorfgemeinschaft\u201c sagte der Ortsb\u00fcrgermeister.<\/p>\n\n\n\n<p>Ortswehrleiter Thomas K\u00fcppers zeichnete Carsten Behr als Ehrenmitglied der Ortsfeuerwehr Emersleben aus, da er die Ortsfeuerwehr bereits seit geraumer Zeit bei der Durchf\u00fchrung von Veranstaltungen unterst\u00fctzt und immer ein offenes Ohr f\u00fcr die Feuerwehr hat.<\/p>\n\n\n\n<p><strong>Bef\u00f6rderungen \/ Ehrungen:<\/strong><br>Hagen Godisch, Hauptfeuerwehrmann<br>Pierre Zimny, Hauptfeuerwehrmann<br>Tobias Harfert, Hauptfeuerwehrmann (nicht anwesend)<br>Frank Juhnke, 10 Jahre Mitgliedschaft<br>Jan Krause, 10 Jahre Mitgliedschaft<br>Andrea Wilkerling, 40 Jahre Mitgliedschaft (nicht anwesend)<br>Andreas Dietrich, Berufung zum Verbandsf\u00fchrer<br>Carsten Behr, Ehrenmitglied<\/p>\n\n\n\n<figure class=\"wp-block-gallery has-nested-images columns-default is-cropped wp-block-gallery-1 is-layout-flex wp-block-gallery-is-layout-flex\">\n<figure class=\"wp-block-image size-large\"><img loading=\"lazy\" decoding=\"async\" width=\"1024\" height=\"683\" data-id=\"16284\" src=\"https:\/\/www.feuerwehr-halberstadt.de\/wp-content\/uploads\/2025\/02\/IMG_0905-1-1024x683.jpeg\" alt=\"\" class=\"wp-image-16284\" srcset=\"https:\/\/www.feuerwehr-halberstadt.de\/wp-content\/uploads\/2025\/02\/IMG_0905-1-1024x683.jpeg 1024w, https:\/\/www.feuerwehr-halberstadt.de\/wp-content\/uploads\/2025\/02\/IMG_0905-1-300x200.jpeg 300w, https:\/\/www.feuerwehr-halberstadt.de\/wp-content\/uploads\/2025\/02\/IMG_0905-1-768x512.jpeg 768w, https:\/\/www.feuerwehr-halberstadt.de\/wp-content\/uploads\/2025\/02\/IMG_0905-1-1536x1024.jpeg 1536w, https:\/\/www.feuerwehr-halberstadt.de\/wp-content\/uploads\/2025\/02\/IMG_0905-1.jpeg 1920w\" sizes=\"auto, (max-width: 1024px) 100vw, 1024px\" \/><\/figure>\n\n\n\n<figure class=\"wp-block-image size-large\"><img loading=\"lazy\" decoding=\"async\" width=\"1024\" height=\"683\" data-id=\"16285\" src=\"https:\/\/www.feuerwehr-halberstadt.de\/wp-content\/uploads\/2025\/02\/IMG_0916-1-1024x683.jpeg\" alt=\"\" class=\"wp-image-16285\" srcset=\"https:\/\/www.feuerwehr-halberstadt.de\/wp-content\/uploads\/2025\/02\/IMG_0916-1-1024x683.jpeg 1024w, https:\/\/www.feuerwehr-halberstadt.de\/wp-content\/uploads\/2025\/02\/IMG_0916-1-300x200.jpeg 300w, https:\/\/www.feuerwehr-halberstadt.de\/wp-content\/uploads\/2025\/02\/IMG_0916-1-768x512.jpeg 768w, https:\/\/www.feuerwehr-halberstadt.de\/wp-content\/uploads\/2025\/02\/IMG_0916-1-1536x1024.jpeg 1536w, https:\/\/www.feuerwehr-halberstadt.de\/wp-content\/uploads\/2025\/02\/IMG_0916-1.jpeg 1920w\" sizes=\"auto, (max-width: 1024px) 100vw, 1024px\" \/><\/figure>\n\n\n\n<figure class=\"wp-block-image size-large\"><img loading=\"lazy\" decoding=\"async\" width=\"1024\" height=\"683\" data-id=\"16283\" src=\"https:\/\/www.feuerwehr-halberstadt.de\/wp-content\/uploads\/2025\/02\/IMG_0902-1-1024x683.jpeg\" alt=\"\" class=\"wp-image-16283\" srcset=\"https:\/\/www.feuerwehr-halberstadt.de\/wp-content\/uploads\/2025\/02\/IMG_0902-1-1024x683.jpeg 1024w, https:\/\/www.feuerwehr-halberstadt.de\/wp-content\/uploads\/2025\/02\/IMG_0902-1-300x200.jpeg 300w, https:\/\/www.feuerwehr-halberstadt.de\/wp-content\/uploads\/2025\/02\/IMG_0902-1-768x512.jpeg 768w, https:\/\/www.feuerwehr-halberstadt.de\/wp-content\/uploads\/2025\/02\/IMG_0902-1-1536x1024.jpeg 1536w, https:\/\/www.feuerwehr-halberstadt.de\/wp-content\/uploads\/2025\/02\/IMG_0902-1.jpeg 1920w\" sizes=\"auto, (max-width: 1024px) 100vw, 1024px\" \/><\/figure>\n\n\n\n<figure class=\"wp-block-image size-large\"><img loading=\"lazy\" decoding=\"async\" width=\"1024\" height=\"683\" data-id=\"16282\" src=\"https:\/\/www.feuerwehr-halberstadt.de\/wp-content\/uploads\/2025\/02\/IMG_0889-1-1024x683.jpeg\" alt=\"\" class=\"wp-image-16282\" srcset=\"https:\/\/www.feuerwehr-halberstadt.de\/wp-content\/uploads\/2025\/02\/IMG_0889-1-1024x683.jpeg 1024w, https:\/\/www.feuerwehr-halberstadt.de\/wp-content\/uploads\/2025\/02\/IMG_0889-1-300x200.jpeg 300w, https:\/\/www.feuerwehr-halberstadt.de\/wp-content\/uploads\/2025\/02\/IMG_0889-1-768x512.jpeg 768w, https:\/\/www.feuerwehr-halberstadt.de\/wp-content\/uploads\/2025\/02\/IMG_0889-1-1536x1024.jpeg 1536w, https:\/\/www.feuerwehr-halberstadt.de\/wp-content\/uploads\/2025\/02\/IMG_0889-1.jpeg 1920w\" sizes=\"auto, (max-width: 1024px) 100vw, 1024px\" \/><\/figure>\n\n\n\n<figure class=\"wp-block-image size-large\"><img loading=\"lazy\" decoding=\"async\" width=\"1024\" height=\"683\" data-id=\"16281\" src=\"https:\/\/www.feuerwehr-halberstadt.de\/wp-content\/uploads\/2025\/02\/IMG_0888-1-1024x683.jpeg\" alt=\"\" class=\"wp-image-16281\" srcset=\"https:\/\/www.feuerwehr-halberstadt.de\/wp-content\/uploads\/2025\/02\/IMG_0888-1-1024x683.jpeg 1024w, https:\/\/www.feuerwehr-halberstadt.de\/wp-content\/uploads\/2025\/02\/IMG_0888-1-300x200.jpeg 300w, https:\/\/www.feuerwehr-halberstadt.de\/wp-content\/uploads\/2025\/02\/IMG_0888-1-768x512.jpeg 768w, https:\/\/www.feuerwehr-halberstadt.de\/wp-content\/uploads\/2025\/02\/IMG_0888-1-1536x1024.jpeg 1536w, https:\/\/www.feuerwehr-halberstadt.de\/wp-content\/uploads\/2025\/02\/IMG_0888-1.jpeg 1920w\" sizes=\"auto, (max-width: 1024px) 100vw, 1024px\" \/><\/figure>\n\n\n\n<figure class=\"wp-block-image size-large\"><img loading=\"lazy\" decoding=\"async\" width=\"1024\" height=\"683\" data-id=\"16280\" src=\"https:\/\/www.feuerwehr-halberstadt.de\/wp-content\/uploads\/2025\/02\/IMG_0881-1024x683.jpeg\" alt=\"\" class=\"wp-image-16280\" srcset=\"https:\/\/www.feuerwehr-halberstadt.de\/wp-content\/uploads\/2025\/02\/IMG_0881-1024x683.jpeg 1024w, https:\/\/www.feuerwehr-halberstadt.de\/wp-content\/uploads\/2025\/02\/IMG_0881-300x200.jpeg 300w, https:\/\/www.feuerwehr-halberstadt.de\/wp-content\/uploads\/2025\/02\/IMG_0881-768x512.jpeg 768w, https:\/\/www.feuerwehr-halberstadt.de\/wp-content\/uploads\/2025\/02\/IMG_0881-1536x1024.jpeg 1536w, https:\/\/www.feuerwehr-halberstadt.de\/wp-content\/uploads\/2025\/02\/IMG_0881.jpeg 1920w\" sizes=\"auto, (max-width: 1024px) 100vw, 1024px\" \/><\/figure>\n<\/figure>\n","protected":false},"excerpt":{"rendered":"<p>Am 31. Januar hat die Ortsfeuerwehr Emersleben ihre j\u00e4hrliche Jahreshauptversammlung durchgef\u00fchrt. Ortswehrleiter Thomas K\u00fcppers berichtete, dass die Kameraden im vergangenen Jahr 1477 Ausbildungsstunden bei 50 Dienstabenden geleistet haben. Das sind im Vergleich zum Vorjahr 717 Ausbildungsstunden mehr, da die Dienstabende seit 2023 w\u00f6chentlich stattfinden. Mit Stand vom 31.12.2024 befinden sich 16 Kameradinnen und Kameraden in [&hellip;]<\/p>\n","protected":false},"author":3,"featured_media":16286,"comment_status":"closed","ping_status":"closed","sticky":false,"template":"","format":"standard","meta":{"_acf_changed":false,"footnotes":""},"categories":[9],"tags":[],"class_list":["post-16238","post","type-post","status-publish","format-standard","has-post-thumbnail","hentry","category-allgemein"],"acf":[],"yoast_head":"<!-- This site is optimized with the Yoast SEO plugin v27.5 - https:\/\/yoast.com\/product\/yoast-seo-wordpress\/ -->\n<title>Jahreshauptversammlung der Ortsfeuerwehr Emersleben - Feuerwehr Halberstadt<\/title>\n<meta name=\"robots\" content=\"index, follow, max-snippet:-1, max-image-preview:large, max-video-preview:-1\" \/>\n<link rel=\"canonical\" href=\"https:\/\/www.feuerwehr-halberstadt.de\/?p=16238\" \/>\n<meta property=\"og:locale\" content=\"de_DE\" \/>\n<meta property=\"og:type\" content=\"article\" \/>\n<meta property=\"og:title\" content=\"Jahreshauptversammlung der Ortsfeuerwehr Emersleben - Feuerwehr Halberstadt\" \/>\n<meta property=\"og:description\" content=\"Am 31. Januar hat die Ortsfeuerwehr Emersleben ihre j\u00e4hrliche Jahreshauptversammlung durchgef\u00fchrt. Ortswehrleiter Thomas K\u00fcppers berichtete, dass die Kameraden im vergangenen Jahr 1477 Ausbildungsstunden bei 50 Dienstabenden geleistet haben. Das sind im Vergleich zum Vorjahr 717 Ausbildungsstunden mehr, da die Dienstabende seit 2023 w\u00f6chentlich stattfinden. Mit Stand vom 31.12.2024 befinden sich 16 Kameradinnen und Kameraden in [&hellip;]\" \/>\n<meta property=\"og:url\" content=\"https:\/\/www.feuerwehr-halberstadt.de\/?p=16238\" \/>\n<meta property=\"og:site_name\" content=\"Feuerwehr Halberstadt\" \/>\n<meta property=\"article:publisher\" content=\"https:\/\/www.facebook.com\/FeuerwehrHalberstadt\/\" \/>\n<meta property=\"article:published_time\" content=\"2025-02-02T19:13:30+00:00\" \/>\n<meta property=\"article:modified_time\" content=\"2025-02-02T19:14:44+00:00\" \/>\n<meta property=\"og:image\" content=\"https:\/\/www.feuerwehr-halberstadt.de\/wp-content\/uploads\/2025\/02\/IMG_0919.jpeg\" \/>\n\t<meta property=\"og:image:width\" content=\"1920\" \/>\n\t<meta property=\"og:image:height\" content=\"1280\" \/>\n\t<meta property=\"og:image:type\" content=\"image\/jpeg\" \/>\n<meta name=\"author\" content=\"Buchold, Chris\" \/>\n<meta name=\"twitter:card\" content=\"summary_large_image\" \/>\n<meta name=\"twitter:label1\" content=\"Verfasst von\" \/>\n\t<meta name=\"twitter:data1\" content=\"Buchold, Chris\" \/>\n\t<meta name=\"twitter:label2\" content=\"Gesch\u00e4tzte Lesezeit\" \/>\n\t<meta name=\"twitter:data2\" content=\"4\u00a0Minuten\" \/>\n<script type=\"application\/ld+json\" class=\"yoast-schema-graph\">{\"@context\":\"https:\\\/\\\/schema.org\",\"@graph\":[{\"@type\":\"Article\",\"@id\":\"https:\\\/\\\/www.feuerwehr-halberstadt.de\\\/?p=16238#article\",\"isPartOf\":{\"@id\":\"https:\\\/\\\/www.feuerwehr-halberstadt.de\\\/?p=16238\"},\"author\":{\"name\":\"Buchold, Chris\",\"@id\":\"https:\\\/\\\/www.feuerwehr-halberstadt.de\\\/#\\\/schema\\\/person\\\/55ce5d9b46008e58cd3d55d4116ec727\"},\"headline\":\"Jahreshauptversammlung der Ortsfeuerwehr Emersleben\",\"datePublished\":\"2025-02-02T19:13:30+00:00\",\"dateModified\":\"2025-02-02T19:14:44+00:00\",\"mainEntityOfPage\":{\"@id\":\"https:\\\/\\\/www.feuerwehr-halberstadt.de\\\/?p=16238\"},\"wordCount\":423,\"publisher\":{\"@id\":\"https:\\\/\\\/www.feuerwehr-halberstadt.de\\\/#organization\"},\"image\":{\"@id\":\"https:\\\/\\\/www.feuerwehr-halberstadt.de\\\/?p=16238#primaryimage\"},\"thumbnailUrl\":\"https:\\\/\\\/www.feuerwehr-halberstadt.de\\\/wp-content\\\/uploads\\\/2025\\\/02\\\/IMG_0919.jpeg\",\"inLanguage\":\"de\"},{\"@type\":\"WebPage\",\"@id\":\"https:\\\/\\\/www.feuerwehr-halberstadt.de\\\/?p=16238\",\"url\":\"https:\\\/\\\/www.feuerwehr-halberstadt.de\\\/?p=16238\",\"name\":\"Jahreshauptversammlung der Ortsfeuerwehr Emersleben - Feuerwehr Halberstadt\",\"isPartOf\":{\"@id\":\"https:\\\/\\\/www.feuerwehr-halberstadt.de\\\/#website\"},\"primaryImageOfPage\":{\"@id\":\"https:\\\/\\\/www.feuerwehr-halberstadt.de\\\/?p=16238#primaryimage\"},\"image\":{\"@id\":\"https:\\\/\\\/www.feuerwehr-halberstadt.de\\\/?p=16238#primaryimage\"},\"thumbnailUrl\":\"https:\\\/\\\/www.feuerwehr-halberstadt.de\\\/wp-content\\\/uploads\\\/2025\\\/02\\\/IMG_0919.jpeg\",\"datePublished\":\"2025-02-02T19:13:30+00:00\",\"dateModified\":\"2025-02-02T19:14:44+00:00\",\"breadcrumb\":{\"@id\":\"https:\\\/\\\/www.feuerwehr-halberstadt.de\\\/?p=16238#breadcrumb\"},\"inLanguage\":\"de\",\"potentialAction\":[{\"@type\":\"ReadAction\",\"target\":[\"https:\\\/\\\/www.feuerwehr-halberstadt.de\\\/?p=16238\"]}]},{\"@type\":\"ImageObject\",\"inLanguage\":\"de\",\"@id\":\"https:\\\/\\\/www.feuerwehr-halberstadt.de\\\/?p=16238#primaryimage\",\"url\":\"https:\\\/\\\/www.feuerwehr-halberstadt.de\\\/wp-content\\\/uploads\\\/2025\\\/02\\\/IMG_0919.jpeg\",\"contentUrl\":\"https:\\\/\\\/www.feuerwehr-halberstadt.de\\\/wp-content\\\/uploads\\\/2025\\\/02\\\/IMG_0919.jpeg\",\"width\":1920,\"height\":1280},{\"@type\":\"BreadcrumbList\",\"@id\":\"https:\\\/\\\/www.feuerwehr-halberstadt.de\\\/?p=16238#breadcrumb\",\"itemListElement\":[{\"@type\":\"ListItem\",\"position\":1,\"name\":\"Startseite\",\"item\":\"https:\\\/\\\/www.feuerwehr-halberstadt.de\\\/\"},{\"@type\":\"ListItem\",\"position\":2,\"name\":\"Jahreshauptversammlung der Ortsfeuerwehr Emersleben\"}]},{\"@type\":\"WebSite\",\"@id\":\"https:\\\/\\\/www.feuerwehr-halberstadt.de\\\/#website\",\"url\":\"https:\\\/\\\/www.feuerwehr-halberstadt.de\\\/\",\"name\":\"Feuerwehr Halberstadt\",\"description\":\"#imEinsatzf\u00fcrHalberstadt\",\"publisher\":{\"@id\":\"https:\\\/\\\/www.feuerwehr-halberstadt.de\\\/#organization\"},\"potentialAction\":[{\"@type\":\"SearchAction\",\"target\":{\"@type\":\"EntryPoint\",\"urlTemplate\":\"https:\\\/\\\/www.feuerwehr-halberstadt.de\\\/?s={search_term_string}\"},\"query-input\":{\"@type\":\"PropertyValueSpecification\",\"valueRequired\":true,\"valueName\":\"search_term_string\"}}],\"inLanguage\":\"de\"},{\"@type\":\"Organization\",\"@id\":\"https:\\\/\\\/www.feuerwehr-halberstadt.de\\\/#organization\",\"name\":\"Feuerwehr Halberstadt\",\"url\":\"https:\\\/\\\/www.feuerwehr-halberstadt.de\\\/\",\"logo\":{\"@type\":\"ImageObject\",\"inLanguage\":\"de\",\"@id\":\"https:\\\/\\\/www.feuerwehr-halberstadt.de\\\/#\\\/schema\\\/logo\\\/image\\\/\",\"url\":\"https:\\\/\\\/www.feuerwehr-halberstadt.de\\\/wp-content\\\/uploads\\\/2023\\\/10\\\/IMG_0126.png\",\"contentUrl\":\"https:\\\/\\\/www.feuerwehr-halberstadt.de\\\/wp-content\\\/uploads\\\/2023\\\/10\\\/IMG_0126.png\",\"width\":1500,\"height\":399,\"caption\":\"Feuerwehr Halberstadt\"},\"image\":{\"@id\":\"https:\\\/\\\/www.feuerwehr-halberstadt.de\\\/#\\\/schema\\\/logo\\\/image\\\/\"},\"sameAs\":[\"https:\\\/\\\/www.facebook.com\\\/FeuerwehrHalberstadt\\\/\"]},{\"@type\":\"Person\",\"@id\":\"https:\\\/\\\/www.feuerwehr-halberstadt.de\\\/#\\\/schema\\\/person\\\/55ce5d9b46008e58cd3d55d4116ec727\",\"name\":\"Buchold, Chris\",\"image\":{\"@type\":\"ImageObject\",\"inLanguage\":\"de\",\"@id\":\"https:\\\/\\\/secure.gravatar.com\\\/avatar\\\/bff08a084f0390bf8a93fc28c488452766ba521109cec244ac64210fdd500a49?s=96&d=mm&r=g\",\"url\":\"https:\\\/\\\/secure.gravatar.com\\\/avatar\\\/bff08a084f0390bf8a93fc28c488452766ba521109cec244ac64210fdd500a49?s=96&d=mm&r=g\",\"contentUrl\":\"https:\\\/\\\/secure.gravatar.com\\\/avatar\\\/bff08a084f0390bf8a93fc28c488452766ba521109cec244ac64210fdd500a49?s=96&d=mm&r=g\",\"caption\":\"Buchold, Chris\"},\"url\":\"https:\\\/\\\/www.feuerwehr-halberstadt.de\\\/?author=3\"}]}<\/script>\n<!-- \/ Yoast SEO plugin. -->","yoast_head_json":{"title":"Jahreshauptversammlung der Ortsfeuerwehr Emersleben - Feuerwehr Halberstadt","robots":{"index":"index","follow":"follow","max-snippet":"max-snippet:-1","max-image-preview":"max-image-preview:large","max-video-preview":"max-video-preview:-1"},"canonical":"https:\/\/www.feuerwehr-halberstadt.de\/?p=16238","og_locale":"de_DE","og_type":"article","og_title":"Jahreshauptversammlung der Ortsfeuerwehr Emersleben - Feuerwehr Halberstadt","og_description":"Am 31. Januar hat die Ortsfeuerwehr Emersleben ihre j\u00e4hrliche Jahreshauptversammlung durchgef\u00fchrt. Ortswehrleiter Thomas K\u00fcppers berichtete, dass die Kameraden im vergangenen Jahr 1477 Ausbildungsstunden bei 50 Dienstabenden geleistet haben. Das sind im Vergleich zum Vorjahr 717 Ausbildungsstunden mehr, da die Dienstabende seit 2023 w\u00f6chentlich stattfinden. Mit Stand vom 31.12.2024 befinden sich 16 Kameradinnen und Kameraden in [&hellip;]","og_url":"https:\/\/www.feuerwehr-halberstadt.de\/?p=16238","og_site_name":"Feuerwehr Halberstadt","article_publisher":"https:\/\/www.facebook.com\/FeuerwehrHalberstadt\/","article_published_time":"2025-02-02T19:13:30+00:00","article_modified_time":"2025-02-02T19:14:44+00:00","og_image":[{"width":1920,"height":1280,"url":"https:\/\/www.feuerwehr-halberstadt.de\/wp-content\/uploads\/2025\/02\/IMG_0919.jpeg","type":"image\/jpeg"}],"author":"Buchold, Chris","twitter_card":"summary_large_image","twitter_misc":{"Verfasst von":"Buchold, Chris","Gesch\u00e4tzte Lesezeit":"4\u00a0Minuten"},"schema":{"@context":"https:\/\/schema.org","@graph":[{"@type":"Article","@id":"https:\/\/www.feuerwehr-halberstadt.de\/?p=16238#article","isPartOf":{"@id":"https:\/\/www.feuerwehr-halberstadt.de\/?p=16238"},"author":{"name":"Buchold, Chris","@id":"https:\/\/www.feuerwehr-halberstadt.de\/#\/schema\/person\/55ce5d9b46008e58cd3d55d4116ec727"},"headline":"Jahreshauptversammlung der Ortsfeuerwehr Emersleben","datePublished":"2025-02-02T19:13:30+00:00","dateModified":"2025-02-02T19:14:44+00:00","mainEntityOfPage":{"@id":"https:\/\/www.feuerwehr-halberstadt.de\/?p=16238"},"wordCount":423,"publisher":{"@id":"https:\/\/www.feuerwehr-halberstadt.de\/#organization"},"image":{"@id":"https:\/\/www.feuerwehr-halberstadt.de\/?p=16238#primaryimage"},"thumbnailUrl":"https:\/\/www.feuerwehr-halberstadt.de\/wp-content\/uploads\/2025\/02\/IMG_0919.jpeg","inLanguage":"de"},{"@type":"WebPage","@id":"https:\/\/www.feuerwehr-halberstadt.de\/?p=16238","url":"https:\/\/www.feuerwehr-halberstadt.de\/?p=16238","name":"Jahreshauptversammlung der Ortsfeuerwehr Emersleben - Feuerwehr Halberstadt","isPartOf":{"@id":"https:\/\/www.feuerwehr-halberstadt.de\/#website"},"primaryImageOfPage":{"@id":"https:\/\/www.feuerwehr-halberstadt.de\/?p=16238#primaryimage"},"image":{"@id":"https:\/\/www.feuerwehr-halberstadt.de\/?p=16238#primaryimage"},"thumbnailUrl":"https:\/\/www.feuerwehr-halberstadt.de\/wp-content\/uploads\/2025\/02\/IMG_0919.jpeg","datePublished":"2025-02-02T19:13:30+00:00","dateModified":"2025-02-02T19:14:44+00:00","breadcrumb":{"@id":"https:\/\/www.feuerwehr-halberstadt.de\/?p=16238#breadcrumb"},"inLanguage":"de","potentialAction":[{"@type":"ReadAction","target":["https:\/\/www.feuerwehr-halberstadt.de\/?p=16238"]}]},{"@type":"ImageObject","inLanguage":"de","@id":"https:\/\/www.feuerwehr-halberstadt.de\/?p=16238#primaryimage","url":"https:\/\/www.feuerwehr-halberstadt.de\/wp-content\/uploads\/2025\/02\/IMG_0919.jpeg","contentUrl":"https:\/\/www.feuerwehr-halberstadt.de\/wp-content\/uploads\/2025\/02\/IMG_0919.jpeg","width":1920,"height":1280},{"@type":"BreadcrumbList","@id":"https:\/\/www.feuerwehr-halberstadt.de\/?p=16238#breadcrumb","itemListElement":[{"@type":"ListItem","position":1,"name":"Startseite","item":"https:\/\/www.feuerwehr-halberstadt.de\/"},{"@type":"ListItem","position":2,"name":"Jahreshauptversammlung der Ortsfeuerwehr Emersleben"}]},{"@type":"WebSite","@id":"https:\/\/www.feuerwehr-halberstadt.de\/#website","url":"https:\/\/www.feuerwehr-halberstadt.de\/","name":"Feuerwehr Halberstadt","description":"#imEinsatzf\u00fcrHalberstadt","publisher":{"@id":"https:\/\/www.feuerwehr-halberstadt.de\/#organization"},"potentialAction":[{"@type":"SearchAction","target":{"@type":"EntryPoint","urlTemplate":"https:\/\/www.feuerwehr-halberstadt.de\/?s={search_term_string}"},"query-input":{"@type":"PropertyValueSpecification","valueRequired":true,"valueName":"search_term_string"}}],"inLanguage":"de"},{"@type":"Organization","@id":"https:\/\/www.feuerwehr-halberstadt.de\/#organization","name":"Feuerwehr Halberstadt","url":"https:\/\/www.feuerwehr-halberstadt.de\/","logo":{"@type":"ImageObject","inLanguage":"de","@id":"https:\/\/www.feuerwehr-halberstadt.de\/#\/schema\/logo\/image\/","url":"https:\/\/www.feuerwehr-halberstadt.de\/wp-content\/uploads\/2023\/10\/IMG_0126.png","contentUrl":"https:\/\/www.feuerwehr-halberstadt.de\/wp-content\/uploads\/2023\/10\/IMG_0126.png","width":1500,"height":399,"caption":"Feuerwehr Halberstadt"},"image":{"@id":"https:\/\/www.feuerwehr-halberstadt.de\/#\/schema\/logo\/image\/"},"sameAs":["https:\/\/www.facebook.com\/FeuerwehrHalberstadt\/"]},{"@type":"Person","@id":"https:\/\/www.feuerwehr-halberstadt.de\/#\/schema\/person\/55ce5d9b46008e58cd3d55d4116ec727","name":"Buchold, Chris","image":{"@type":"ImageObject","inLanguage":"de","@id":"https:\/\/secure.gravatar.com\/avatar\/bff08a084f0390bf8a93fc28c488452766ba521109cec244ac64210fdd500a49?s=96&d=mm&r=g","url":"https:\/\/secure.gravatar.com\/avatar\/bff08a084f0390bf8a93fc28c488452766ba521109cec244ac64210fdd500a49?s=96&d=mm&r=g","contentUrl":"https:\/\/secure.gravatar.com\/avatar\/bff08a084f0390bf8a93fc28c488452766ba521109cec244ac64210fdd500a49?s=96&d=mm&r=g","caption":"Buchold, Chris"},"url":"https:\/\/www.feuerwehr-halberstadt.de\/?author=3"}]}},"_links":{"self":[{"href":"https:\/\/www.feuerwehr-halberstadt.de\/index.php?rest_route=\/wp\/v2\/posts\/16238","targetHints":{"allow":["GET"]}}],"collection":[{"href":"https:\/\/www.feuerwehr-halberstadt.de\/index.php?rest_route=\/wp\/v2\/posts"}],"about":[{"href":"https:\/\/www.feuerwehr-halberstadt.de\/index.php?rest_route=\/wp\/v2\/types\/post"}],"author":[{"embeddable":true,"href":"https:\/\/www.feuerwehr-halberstadt.de\/index.php?rest_route=\/wp\/v2\/users\/3"}],"replies":[{"embeddable":true,"href":"https:\/\/www.feuerwehr-halberstadt.de\/index.php?rest_route=%2Fwp%2Fv2%2Fcomments&post=16238"}],"version-history":[{"count":7,"href":"https:\/\/www.feuerwehr-halberstadt.de\/index.php?rest_route=\/wp\/v2\/posts\/16238\/revisions"}],"predecessor-version":[{"id":16289,"href":"https:\/\/www.feuerwehr-halberstadt.de\/index.php?rest_route=\/wp\/v2\/posts\/16238\/revisions\/16289"}],"wp:featuredmedia":[{"embeddable":true,"href":"https:\/\/www.feuerwehr-halberstadt.de\/index.php?rest_route=\/wp\/v2\/media\/16286"}],"wp:attachment":[{"href":"https:\/\/www.feuerwehr-halberstadt.de\/index.php?rest_route=%2Fwp%2Fv2%2Fmedia&parent=16238"}],"wp:term":[{"taxonomy":"category","embeddable":true,"href":"https:\/\/www.feuerwehr-halberstadt.de\/index.php?rest_route=%2Fwp%2Fv2%2Fcategories&post=16238"},{"taxonomy":"post_tag","embeddable":true,"href":"https:\/\/www.feuerwehr-halberstadt.de\/index.php?rest_route=%2Fwp%2Fv2%2Ftags&post=16238"}],"curies":[{"name":"wp","href":"https:\/\/api.w.org\/{rel}","templated":true}]}}