{"id":16063,"date":"2025-01-12T12:19:08","date_gmt":"2025-01-12T11:19:08","guid":{"rendered":"https:\/\/www.feuerwehr-halberstadt.de\/?p=16063"},"modified":"2025-01-13T07:02:28","modified_gmt":"2025-01-13T06:02:28","slug":"jahreshauptversammlung-der-ortsfeuerwehr-klein-quenstedt-5","status":"publish","type":"post","link":"https:\/\/www.feuerwehr-halberstadt.de\/?p=16063","title":{"rendered":"Jahreshauptversammlung der Ortsfeuerwehr Klein Quenstedt"},"content":{"rendered":"\n<p>Am Freitagabend, dem 10. Januar hat die Ortsfeuerwehr Klein Quenstedt, als erste aller Ortsfeuerwehren, ihre j\u00e4hrliche Jahreshauptversammlung im Ger\u00e4tehaus durchgef\u00fchrt. Ortswehrleiter Steffen Czaja er\u00f6ffnete die Versammlung mit der Begr\u00fc\u00dfung aller anwesenden Kameradinnen und Kameraden, Oberb\u00fcrgermeister Daniel Szarata und allen weiteren G\u00e4sten.<br><br>Anschlie\u00dfend blickte der Ortswehrleiter auf ein erfolgreiches Jahr 2024 zur\u00fcck. Es konnten wieder einige Lehrg\u00e4nge auf Landkreisebene durch die Kameraden absolviert werden. &#8222;Dennoch bleibt hier zu erw\u00e4hnen, dass insbesondere Lehrg\u00e4nge am IBK Heyrothsberge nur schwer zu bekommen sind und hier das Land unbedingt handeln muss. Die Wartelisten werden dort immer l\u00e4nger&#8220;, so Czaja. Bei 6 Lehrg\u00e4ngen konnten insgesamt 226 Stunden durch die Kameraden abgeleistet werden. <br><br>Im Jahr 2024 konnte die Ortsfeuerwehr Klein Quenstedt insgesamt 33 Ausbildungsdienste mit 862 Ausbildungsstunden verzeichnen. Besonders hervorzuheben ist hierbei die sehr interessante Drehleiterausbildung mit der Feuerwehr Wegeleben. &#8222;Wie es der Zufall so m\u00f6chte, kam es hier zu einem Einsatz in der Ortslage Wegeleben, zu dem uns die ILS Harz mitalarmierte&#8220;, so Czaja. Zudem bedankte sich der Ortswehrleiter bei allen Organisatoren und Ausbildern. <br><br>Neben den zahlreichen Veranstaltungen, wie den Blutspenden oder dem Maifeuer, unterst\u00fctzten die Kameradinnen und Kameraden mit 136 Stunden bei Brandsicherheitswachen im Nordharzer St\u00e4dtebundtheater. <br><br>2024 war mit 10 Eins\u00e4tzen und 145,5 Einsatzstunden ein relativ ruhiges Jahr f\u00fcr die Ortsfeuerwehr. Im Jahr 2023 waren es 14 Eins\u00e4tze. Erw\u00e4hnenswert sind dabei insbesondere die beiden unklaren Rauchentwicklungen aus dem Dom in Halberstadt, sowie der Scheunenbrand in Wegeleben.<br><br>Bei den Mitgliederzahlen konnten zwei Neuzug\u00e4nge verzeichnet werden. Leider haben auch auch vier Kameraden die Ortsfeuerwehr verlassen, haupts\u00e4chlich berufs- und krankheitsbedingt. Somit kann im Einsatzfall auf 22 Einsatzkr\u00e4fte gez\u00e4hlt werden. Positiv hervorzuheben ist jedoch auch die Gewinnung der vier neuen passiven Mitglieder, welche sich f\u00fcr die Verpflegung der gesamten Stadtfeuerwehr bei Gro\u00dfschadenslagen bereiterkl\u00e4rt haben. Zudem sind f\u00fcr 2025 bereits drei weitere Kameraden f\u00fcr die Ausbildung zum Atemschutzger\u00e4tetr\u00e4ger eingeplant.<\/p>\n\n\n\n<p>Au\u00dferdem blickte Czaja auf das Highlicht des vergangenen Jahres zur\u00fcck. Dies war die \u00dcbergabe des neuen MLF welches am 06.12.2024 offiziell in Dienst gestellt werden konnte und das alte TSF-W ersetzt hat. Der Ortswehrleiter bedanke sich beim Land Sachsen-Anhalt, der Stadt Halberstadt und dem Abteilungsleiter Feuerwehr Ingo Wetzel f\u00fcr die Beschaffung dieses Fahrzeuges.<br><br>&#8222;Bedanken m\u00f6chte ich mich weiterhin beim F\u00f6rderverein St. Florian, der uns auch im letzten Jahr wieder unterst\u00fctzt hat und uns immer zur Seite steht, beim Stadtwehrleiter, der immer ein offenes Ohr f\u00fcr mich hat, dem Stadtausbildungsleiter, der es leider auch nicht immer einfach hat und ein ganz gro\u00dfes Dankesch\u00f6n an unsere Kameraden, deren Hilfs- und Einsatzbereitschaft unerm\u00fctlich ist&#8220; sagte Steffen Czaja am Ende seines Berichts. <br><br>Im Jahresbericht der Kinder- und Jugendfeuerwehr blickte Steven Krov auf die Aktivit\u00e4ten der 13 Jugendlichen und 7 Kinder zur\u00fcck. Beim Kindergartenfest und dem Maifeuer war die Kinder- und Jugendfeuerwehr gern dabei. Highlights im vergangenen Jahr waren das 20-j\u00e4hrige Jubil\u00e4um der Kinderfeuerwehr, welches am 28.09.2024 im Ger\u00e4tehaus gefeiert wurde. Die erste offizielle Halloweenparty im Ger\u00e4tehaus kam ebenfallls bei allen beteiligten sehr gut an. Auch im Jahr 2025 stehen wieder einige Highlights auf dem Plan. So soll zum Beispiel ein eigenes Zeltlager mit anderen Hilfsorganisationen organisiert werden. Zum Ende seines Berichts bedankte sich der Jugendwart bei allen Helfern und Organisatoren f\u00fcr deren tatkr\u00e4ftige Unterst\u00fctzung in der Kinder- und Jugendfeuerwehr.<br><br>Sowohl Stadtwehrleiter Martin Schulz, als auch Abteilungsleiter Feuerwehr Ingo Wetzel, gaben einen \u00dcberblick \u00fcber zuk\u00fcnftige Projekte und Anschaffungen. Oberb\u00fcrgermeister Daniel Szarata bedankte sich bei allen Kameradinnen und Kameraden f\u00fcr das Engagement und die Einsatzbereitschaft. &#8222;Dass ein kleiner Ortsteil, eine so schlagkr\u00e4ftige Feuerwehr vorweisen kann, ist nicht selbstverst\u00e4ndlich. Vielen Dank f\u00fcr Ihre Arbeit. Stadtverwaltung und Stadtrat sind sich einig &#8211; an der Feuerwehr wird nicht gespart, was die Feuerwehr braucht, bekommt sie auch&#8220; erg\u00e4nzte der Oberb\u00fcrgermeister und \u00fcbergab ein kleines Geldgeschenk an die Ortsfeuerwehr.<br><br><strong>Bef\u00f6rderungen \/ Ehrungen:<\/strong><br><br>Corinna Brandt &#8211; Feuerwehrfrauanw\u00e4rterin (nicht anwesend)<br>Sebastian Schneider &#8211; Feuerwehrmannanw\u00e4rter (nicht anwesend)<br>David Warncke &#8211; Feuerwehrmannanw\u00e4rter <br>Claudia Winkler &#8211; Hauptfeuerwehrfrau<\/p>\n\n\n\n<p>Isabell Masche &#8211; 10 Jahre Mitgliedschaft<br>Elke Hoffmann &#8211; 40 Jahre Mitgliedschaft<br>Mandy Viering &#8211; 40 Jahre Mitgliedschaft<br>Gabriele Haibach &#8211; 50 Jahre Mitgliedschaft<\/p>\n\n\n\n<figure class=\"wp-block-gallery has-nested-images columns-default is-cropped wp-block-gallery-1 is-layout-flex wp-block-gallery-is-layout-flex\">\n<figure class=\"wp-block-image size-large\"><img loading=\"lazy\" decoding=\"async\" width=\"1024\" height=\"683\" data-id=\"16070\" src=\"https:\/\/www.feuerwehr-halberstadt.de\/wp-content\/uploads\/2025\/01\/DSC05290110125-1024x683.jpg\" alt=\"\" class=\"wp-image-16070\" srcset=\"https:\/\/www.feuerwehr-halberstadt.de\/wp-content\/uploads\/2025\/01\/DSC05290110125-1024x683.jpg 1024w, https:\/\/www.feuerwehr-halberstadt.de\/wp-content\/uploads\/2025\/01\/DSC05290110125-300x200.jpg 300w, https:\/\/www.feuerwehr-halberstadt.de\/wp-content\/uploads\/2025\/01\/DSC05290110125-768x512.jpg 768w, https:\/\/www.feuerwehr-halberstadt.de\/wp-content\/uploads\/2025\/01\/DSC05290110125-1536x1024.jpg 1536w, https:\/\/www.feuerwehr-halberstadt.de\/wp-content\/uploads\/2025\/01\/DSC05290110125-2048x1365.jpg 2048w\" sizes=\"auto, (max-width: 1024px) 100vw, 1024px\" \/><\/figure>\n\n\n\n<figure class=\"wp-block-image size-large\"><img loading=\"lazy\" decoding=\"async\" width=\"1024\" height=\"683\" data-id=\"16069\" src=\"https:\/\/www.feuerwehr-halberstadt.de\/wp-content\/uploads\/2025\/01\/DSC05286110125-1024x683.jpg\" alt=\"\" class=\"wp-image-16069\" srcset=\"https:\/\/www.feuerwehr-halberstadt.de\/wp-content\/uploads\/2025\/01\/DSC05286110125-1024x683.jpg 1024w, https:\/\/www.feuerwehr-halberstadt.de\/wp-content\/uploads\/2025\/01\/DSC05286110125-300x200.jpg 300w, https:\/\/www.feuerwehr-halberstadt.de\/wp-content\/uploads\/2025\/01\/DSC05286110125-768x512.jpg 768w, https:\/\/www.feuerwehr-halberstadt.de\/wp-content\/uploads\/2025\/01\/DSC05286110125-1536x1024.jpg 1536w, https:\/\/www.feuerwehr-halberstadt.de\/wp-content\/uploads\/2025\/01\/DSC05286110125-2048x1365.jpg 2048w\" sizes=\"auto, (max-width: 1024px) 100vw, 1024px\" \/><\/figure>\n\n\n\n<figure class=\"wp-block-image size-large\"><img loading=\"lazy\" decoding=\"async\" width=\"1024\" height=\"683\" data-id=\"16068\" src=\"https:\/\/www.feuerwehr-halberstadt.de\/wp-content\/uploads\/2025\/01\/DSC05268110125-1024x683.jpg\" alt=\"\" class=\"wp-image-16068\" srcset=\"https:\/\/www.feuerwehr-halberstadt.de\/wp-content\/uploads\/2025\/01\/DSC05268110125-1024x683.jpg 1024w, https:\/\/www.feuerwehr-halberstadt.de\/wp-content\/uploads\/2025\/01\/DSC05268110125-300x200.jpg 300w, https:\/\/www.feuerwehr-halberstadt.de\/wp-content\/uploads\/2025\/01\/DSC05268110125-768x512.jpg 768w, https:\/\/www.feuerwehr-halberstadt.de\/wp-content\/uploads\/2025\/01\/DSC05268110125-1536x1024.jpg 1536w, https:\/\/www.feuerwehr-halberstadt.de\/wp-content\/uploads\/2025\/01\/DSC05268110125-2048x1365.jpg 2048w\" sizes=\"auto, (max-width: 1024px) 100vw, 1024px\" \/><\/figure>\n\n\n\n<figure class=\"wp-block-image size-large\"><img loading=\"lazy\" decoding=\"async\" width=\"1024\" height=\"683\" data-id=\"16067\" src=\"https:\/\/www.feuerwehr-halberstadt.de\/wp-content\/uploads\/2025\/01\/DSC05259110125-1024x683.jpg\" alt=\"\" class=\"wp-image-16067\" srcset=\"https:\/\/www.feuerwehr-halberstadt.de\/wp-content\/uploads\/2025\/01\/DSC05259110125-1024x683.jpg 1024w, https:\/\/www.feuerwehr-halberstadt.de\/wp-content\/uploads\/2025\/01\/DSC05259110125-300x200.jpg 300w, https:\/\/www.feuerwehr-halberstadt.de\/wp-content\/uploads\/2025\/01\/DSC05259110125-768x512.jpg 768w, https:\/\/www.feuerwehr-halberstadt.de\/wp-content\/uploads\/2025\/01\/DSC05259110125-1536x1024.jpg 1536w, https:\/\/www.feuerwehr-halberstadt.de\/wp-content\/uploads\/2025\/01\/DSC05259110125-2048x1365.jpg 2048w\" sizes=\"auto, (max-width: 1024px) 100vw, 1024px\" \/><\/figure>\n\n\n\n<figure class=\"wp-block-image size-large\"><img loading=\"lazy\" decoding=\"async\" width=\"1024\" height=\"683\" data-id=\"16066\" src=\"https:\/\/www.feuerwehr-halberstadt.de\/wp-content\/uploads\/2025\/01\/DSC05247110125-1024x683.jpg\" alt=\"\" class=\"wp-image-16066\" srcset=\"https:\/\/www.feuerwehr-halberstadt.de\/wp-content\/uploads\/2025\/01\/DSC05247110125-1024x683.jpg 1024w, https:\/\/www.feuerwehr-halberstadt.de\/wp-content\/uploads\/2025\/01\/DSC05247110125-300x200.jpg 300w, https:\/\/www.feuerwehr-halberstadt.de\/wp-content\/uploads\/2025\/01\/DSC05247110125-768x512.jpg 768w, https:\/\/www.feuerwehr-halberstadt.de\/wp-content\/uploads\/2025\/01\/DSC05247110125-1536x1024.jpg 1536w, https:\/\/www.feuerwehr-halberstadt.de\/wp-content\/uploads\/2025\/01\/DSC05247110125-2048x1365.jpg 2048w\" sizes=\"auto, (max-width: 1024px) 100vw, 1024px\" \/><\/figure>\n\n\n\n<figure class=\"wp-block-image size-large\"><img loading=\"lazy\" decoding=\"async\" width=\"1024\" height=\"683\" data-id=\"16065\" src=\"https:\/\/www.feuerwehr-halberstadt.de\/wp-content\/uploads\/2025\/01\/DSC05237110125-1024x683.jpg\" alt=\"\" class=\"wp-image-16065\" srcset=\"https:\/\/www.feuerwehr-halberstadt.de\/wp-content\/uploads\/2025\/01\/DSC05237110125-1024x683.jpg 1024w, https:\/\/www.feuerwehr-halberstadt.de\/wp-content\/uploads\/2025\/01\/DSC05237110125-300x200.jpg 300w, https:\/\/www.feuerwehr-halberstadt.de\/wp-content\/uploads\/2025\/01\/DSC05237110125-768x512.jpg 768w, https:\/\/www.feuerwehr-halberstadt.de\/wp-content\/uploads\/2025\/01\/DSC05237110125-1536x1024.jpg 1536w, https:\/\/www.feuerwehr-halberstadt.de\/wp-content\/uploads\/2025\/01\/DSC05237110125-2048x1365.jpg 2048w\" sizes=\"auto, (max-width: 1024px) 100vw, 1024px\" \/><\/figure>\n<\/figure>\n\n\n\n<p><\/p>\n","protected":false},"excerpt":{"rendered":"<p>Am Freitagabend, dem 10. Januar hat die Ortsfeuerwehr Klein Quenstedt, als erste aller Ortsfeuerwehren, ihre j\u00e4hrliche Jahreshauptversammlung im Ger\u00e4tehaus durchgef\u00fchrt. Ortswehrleiter Steffen Czaja er\u00f6ffnete die Versammlung mit der Begr\u00fc\u00dfung aller anwesenden Kameradinnen und Kameraden, Oberb\u00fcrgermeister Daniel Szarata und allen weiteren G\u00e4sten. Anschlie\u00dfend blickte der Ortswehrleiter auf ein erfolgreiches Jahr 2024 zur\u00fcck. Es konnten wieder einige [&hellip;]<\/p>\n","protected":false},"author":8,"featured_media":16077,"comment_status":"closed","ping_status":"closed","sticky":false,"template":"","format":"standard","meta":{"_acf_changed":false,"footnotes":""},"categories":[9],"tags":[],"class_list":["post-16063","post","type-post","status-publish","format-standard","has-post-thumbnail","hentry","category-allgemein"],"acf":[],"yoast_head":"<!-- This site is optimized with the Yoast SEO plugin v27.5 - https:\/\/yoast.com\/product\/yoast-seo-wordpress\/ -->\n<title>Jahreshauptversammlung der Ortsfeuerwehr Klein Quenstedt - Feuerwehr Halberstadt<\/title>\n<meta name=\"robots\" content=\"index, follow, max-snippet:-1, max-image-preview:large, max-video-preview:-1\" \/>\n<link rel=\"canonical\" href=\"https:\/\/www.feuerwehr-halberstadt.de\/?p=16063\" \/>\n<meta property=\"og:locale\" content=\"de_DE\" \/>\n<meta property=\"og:type\" content=\"article\" \/>\n<meta property=\"og:title\" content=\"Jahreshauptversammlung der Ortsfeuerwehr Klein Quenstedt - Feuerwehr Halberstadt\" \/>\n<meta property=\"og:description\" content=\"Am Freitagabend, dem 10. Januar hat die Ortsfeuerwehr Klein Quenstedt, als erste aller Ortsfeuerwehren, ihre j\u00e4hrliche Jahreshauptversammlung im Ger\u00e4tehaus durchgef\u00fchrt. Ortswehrleiter Steffen Czaja er\u00f6ffnete die Versammlung mit der Begr\u00fc\u00dfung aller anwesenden Kameradinnen und Kameraden, Oberb\u00fcrgermeister Daniel Szarata und allen weiteren G\u00e4sten. Anschlie\u00dfend blickte der Ortswehrleiter auf ein erfolgreiches Jahr 2024 zur\u00fcck. Es konnten wieder einige [&hellip;]\" \/>\n<meta property=\"og:url\" content=\"https:\/\/www.feuerwehr-halberstadt.de\/?p=16063\" \/>\n<meta property=\"og:site_name\" content=\"Feuerwehr Halberstadt\" \/>\n<meta property=\"article:publisher\" content=\"https:\/\/www.facebook.com\/FeuerwehrHalberstadt\/\" \/>\n<meta property=\"article:published_time\" content=\"2025-01-12T11:19:08+00:00\" \/>\n<meta property=\"article:modified_time\" content=\"2025-01-13T06:02:28+00:00\" \/>\n<meta property=\"og:image\" content=\"https:\/\/www.feuerwehr-halberstadt.de\/wp-content\/uploads\/2025\/01\/DSC05290120125-scaled-e1736683074535.jpg\" \/>\n\t<meta property=\"og:image:width\" content=\"1080\" \/>\n\t<meta property=\"og:image:height\" content=\"720\" \/>\n\t<meta property=\"og:image:type\" content=\"image\/jpeg\" \/>\n<meta name=\"author\" content=\"K\u00fchne, Ren\u00e9\" \/>\n<meta name=\"twitter:card\" content=\"summary_large_image\" \/>\n<meta name=\"twitter:label1\" content=\"Verfasst von\" \/>\n\t<meta name=\"twitter:data1\" content=\"K\u00fchne, Ren\u00e9\" \/>\n\t<meta name=\"twitter:label2\" content=\"Gesch\u00e4tzte Lesezeit\" \/>\n\t<meta name=\"twitter:data2\" content=\"6\u00a0Minuten\" \/>\n<script type=\"application\/ld+json\" class=\"yoast-schema-graph\">{\"@context\":\"https:\\\/\\\/schema.org\",\"@graph\":[{\"@type\":\"Article\",\"@id\":\"https:\\\/\\\/www.feuerwehr-halberstadt.de\\\/?p=16063#article\",\"isPartOf\":{\"@id\":\"https:\\\/\\\/www.feuerwehr-halberstadt.de\\\/?p=16063\"},\"author\":{\"name\":\"K\u00fchne, Ren\u00e9\",\"@id\":\"https:\\\/\\\/www.feuerwehr-halberstadt.de\\\/#\\\/schema\\\/person\\\/3025e717504caccf9120c148aa5dafc9\"},\"headline\":\"Jahreshauptversammlung der Ortsfeuerwehr Klein Quenstedt\",\"datePublished\":\"2025-01-12T11:19:08+00:00\",\"dateModified\":\"2025-01-13T06:02:28+00:00\",\"mainEntityOfPage\":{\"@id\":\"https:\\\/\\\/www.feuerwehr-halberstadt.de\\\/?p=16063\"},\"wordCount\":694,\"publisher\":{\"@id\":\"https:\\\/\\\/www.feuerwehr-halberstadt.de\\\/#organization\"},\"image\":{\"@id\":\"https:\\\/\\\/www.feuerwehr-halberstadt.de\\\/?p=16063#primaryimage\"},\"thumbnailUrl\":\"https:\\\/\\\/www.feuerwehr-halberstadt.de\\\/wp-content\\\/uploads\\\/2025\\\/01\\\/DSC05290120125-scaled-e1736683074535.jpg\",\"inLanguage\":\"de\"},{\"@type\":\"WebPage\",\"@id\":\"https:\\\/\\\/www.feuerwehr-halberstadt.de\\\/?p=16063\",\"url\":\"https:\\\/\\\/www.feuerwehr-halberstadt.de\\\/?p=16063\",\"name\":\"Jahreshauptversammlung der Ortsfeuerwehr Klein Quenstedt - Feuerwehr Halberstadt\",\"isPartOf\":{\"@id\":\"https:\\\/\\\/www.feuerwehr-halberstadt.de\\\/#website\"},\"primaryImageOfPage\":{\"@id\":\"https:\\\/\\\/www.feuerwehr-halberstadt.de\\\/?p=16063#primaryimage\"},\"image\":{\"@id\":\"https:\\\/\\\/www.feuerwehr-halberstadt.de\\\/?p=16063#primaryimage\"},\"thumbnailUrl\":\"https:\\\/\\\/www.feuerwehr-halberstadt.de\\\/wp-content\\\/uploads\\\/2025\\\/01\\\/DSC05290120125-scaled-e1736683074535.jpg\",\"datePublished\":\"2025-01-12T11:19:08+00:00\",\"dateModified\":\"2025-01-13T06:02:28+00:00\",\"breadcrumb\":{\"@id\":\"https:\\\/\\\/www.feuerwehr-halberstadt.de\\\/?p=16063#breadcrumb\"},\"inLanguage\":\"de\",\"potentialAction\":[{\"@type\":\"ReadAction\",\"target\":[\"https:\\\/\\\/www.feuerwehr-halberstadt.de\\\/?p=16063\"]}]},{\"@type\":\"ImageObject\",\"inLanguage\":\"de\",\"@id\":\"https:\\\/\\\/www.feuerwehr-halberstadt.de\\\/?p=16063#primaryimage\",\"url\":\"https:\\\/\\\/www.feuerwehr-halberstadt.de\\\/wp-content\\\/uploads\\\/2025\\\/01\\\/DSC05290120125-scaled-e1736683074535.jpg\",\"contentUrl\":\"https:\\\/\\\/www.feuerwehr-halberstadt.de\\\/wp-content\\\/uploads\\\/2025\\\/01\\\/DSC05290120125-scaled-e1736683074535.jpg\",\"width\":1080,\"height\":720},{\"@type\":\"BreadcrumbList\",\"@id\":\"https:\\\/\\\/www.feuerwehr-halberstadt.de\\\/?p=16063#breadcrumb\",\"itemListElement\":[{\"@type\":\"ListItem\",\"position\":1,\"name\":\"Startseite\",\"item\":\"https:\\\/\\\/www.feuerwehr-halberstadt.de\\\/\"},{\"@type\":\"ListItem\",\"position\":2,\"name\":\"Jahreshauptversammlung der Ortsfeuerwehr Klein Quenstedt\"}]},{\"@type\":\"WebSite\",\"@id\":\"https:\\\/\\\/www.feuerwehr-halberstadt.de\\\/#website\",\"url\":\"https:\\\/\\\/www.feuerwehr-halberstadt.de\\\/\",\"name\":\"Feuerwehr Halberstadt\",\"description\":\"#imEinsatzf\u00fcrHalberstadt\",\"publisher\":{\"@id\":\"https:\\\/\\\/www.feuerwehr-halberstadt.de\\\/#organization\"},\"potentialAction\":[{\"@type\":\"SearchAction\",\"target\":{\"@type\":\"EntryPoint\",\"urlTemplate\":\"https:\\\/\\\/www.feuerwehr-halberstadt.de\\\/?s={search_term_string}\"},\"query-input\":{\"@type\":\"PropertyValueSpecification\",\"valueRequired\":true,\"valueName\":\"search_term_string\"}}],\"inLanguage\":\"de\"},{\"@type\":\"Organization\",\"@id\":\"https:\\\/\\\/www.feuerwehr-halberstadt.de\\\/#organization\",\"name\":\"Feuerwehr Halberstadt\",\"url\":\"https:\\\/\\\/www.feuerwehr-halberstadt.de\\\/\",\"logo\":{\"@type\":\"ImageObject\",\"inLanguage\":\"de\",\"@id\":\"https:\\\/\\\/www.feuerwehr-halberstadt.de\\\/#\\\/schema\\\/logo\\\/image\\\/\",\"url\":\"https:\\\/\\\/www.feuerwehr-halberstadt.de\\\/wp-content\\\/uploads\\\/2023\\\/10\\\/IMG_0126.png\",\"contentUrl\":\"https:\\\/\\\/www.feuerwehr-halberstadt.de\\\/wp-content\\\/uploads\\\/2023\\\/10\\\/IMG_0126.png\",\"width\":1500,\"height\":399,\"caption\":\"Feuerwehr Halberstadt\"},\"image\":{\"@id\":\"https:\\\/\\\/www.feuerwehr-halberstadt.de\\\/#\\\/schema\\\/logo\\\/image\\\/\"},\"sameAs\":[\"https:\\\/\\\/www.facebook.com\\\/FeuerwehrHalberstadt\\\/\"]},{\"@type\":\"Person\",\"@id\":\"https:\\\/\\\/www.feuerwehr-halberstadt.de\\\/#\\\/schema\\\/person\\\/3025e717504caccf9120c148aa5dafc9\",\"name\":\"K\u00fchne, Ren\u00e9\",\"image\":{\"@type\":\"ImageObject\",\"inLanguage\":\"de\",\"@id\":\"https:\\\/\\\/secure.gravatar.com\\\/avatar\\\/55eea2ec92cf331c72f122107a136da45b190ce89b28770aafc2f0a0788d2fd4?s=96&d=mm&r=g\",\"url\":\"https:\\\/\\\/secure.gravatar.com\\\/avatar\\\/55eea2ec92cf331c72f122107a136da45b190ce89b28770aafc2f0a0788d2fd4?s=96&d=mm&r=g\",\"contentUrl\":\"https:\\\/\\\/secure.gravatar.com\\\/avatar\\\/55eea2ec92cf331c72f122107a136da45b190ce89b28770aafc2f0a0788d2fd4?s=96&d=mm&r=g\",\"caption\":\"K\u00fchne, Ren\u00e9\"},\"url\":\"https:\\\/\\\/www.feuerwehr-halberstadt.de\\\/?author=8\"}]}<\/script>\n<!-- \/ Yoast SEO plugin. -->","yoast_head_json":{"title":"Jahreshauptversammlung der Ortsfeuerwehr Klein Quenstedt - Feuerwehr Halberstadt","robots":{"index":"index","follow":"follow","max-snippet":"max-snippet:-1","max-image-preview":"max-image-preview:large","max-video-preview":"max-video-preview:-1"},"canonical":"https:\/\/www.feuerwehr-halberstadt.de\/?p=16063","og_locale":"de_DE","og_type":"article","og_title":"Jahreshauptversammlung der Ortsfeuerwehr Klein Quenstedt - Feuerwehr Halberstadt","og_description":"Am Freitagabend, dem 10. Januar hat die Ortsfeuerwehr Klein Quenstedt, als erste aller Ortsfeuerwehren, ihre j\u00e4hrliche Jahreshauptversammlung im Ger\u00e4tehaus durchgef\u00fchrt. Ortswehrleiter Steffen Czaja er\u00f6ffnete die Versammlung mit der Begr\u00fc\u00dfung aller anwesenden Kameradinnen und Kameraden, Oberb\u00fcrgermeister Daniel Szarata und allen weiteren G\u00e4sten. Anschlie\u00dfend blickte der Ortswehrleiter auf ein erfolgreiches Jahr 2024 zur\u00fcck. Es konnten wieder einige [&hellip;]","og_url":"https:\/\/www.feuerwehr-halberstadt.de\/?p=16063","og_site_name":"Feuerwehr Halberstadt","article_publisher":"https:\/\/www.facebook.com\/FeuerwehrHalberstadt\/","article_published_time":"2025-01-12T11:19:08+00:00","article_modified_time":"2025-01-13T06:02:28+00:00","og_image":[{"width":1080,"height":720,"url":"https:\/\/www.feuerwehr-halberstadt.de\/wp-content\/uploads\/2025\/01\/DSC05290120125-scaled-e1736683074535.jpg","type":"image\/jpeg"}],"author":"K\u00fchne, Ren\u00e9","twitter_card":"summary_large_image","twitter_misc":{"Verfasst von":"K\u00fchne, Ren\u00e9","Gesch\u00e4tzte Lesezeit":"6\u00a0Minuten"},"schema":{"@context":"https:\/\/schema.org","@graph":[{"@type":"Article","@id":"https:\/\/www.feuerwehr-halberstadt.de\/?p=16063#article","isPartOf":{"@id":"https:\/\/www.feuerwehr-halberstadt.de\/?p=16063"},"author":{"name":"K\u00fchne, Ren\u00e9","@id":"https:\/\/www.feuerwehr-halberstadt.de\/#\/schema\/person\/3025e717504caccf9120c148aa5dafc9"},"headline":"Jahreshauptversammlung der Ortsfeuerwehr Klein Quenstedt","datePublished":"2025-01-12T11:19:08+00:00","dateModified":"2025-01-13T06:02:28+00:00","mainEntityOfPage":{"@id":"https:\/\/www.feuerwehr-halberstadt.de\/?p=16063"},"wordCount":694,"publisher":{"@id":"https:\/\/www.feuerwehr-halberstadt.de\/#organization"},"image":{"@id":"https:\/\/www.feuerwehr-halberstadt.de\/?p=16063#primaryimage"},"thumbnailUrl":"https:\/\/www.feuerwehr-halberstadt.de\/wp-content\/uploads\/2025\/01\/DSC05290120125-scaled-e1736683074535.jpg","inLanguage":"de"},{"@type":"WebPage","@id":"https:\/\/www.feuerwehr-halberstadt.de\/?p=16063","url":"https:\/\/www.feuerwehr-halberstadt.de\/?p=16063","name":"Jahreshauptversammlung der Ortsfeuerwehr Klein Quenstedt - Feuerwehr Halberstadt","isPartOf":{"@id":"https:\/\/www.feuerwehr-halberstadt.de\/#website"},"primaryImageOfPage":{"@id":"https:\/\/www.feuerwehr-halberstadt.de\/?p=16063#primaryimage"},"image":{"@id":"https:\/\/www.feuerwehr-halberstadt.de\/?p=16063#primaryimage"},"thumbnailUrl":"https:\/\/www.feuerwehr-halberstadt.de\/wp-content\/uploads\/2025\/01\/DSC05290120125-scaled-e1736683074535.jpg","datePublished":"2025-01-12T11:19:08+00:00","dateModified":"2025-01-13T06:02:28+00:00","breadcrumb":{"@id":"https:\/\/www.feuerwehr-halberstadt.de\/?p=16063#breadcrumb"},"inLanguage":"de","potentialAction":[{"@type":"ReadAction","target":["https:\/\/www.feuerwehr-halberstadt.de\/?p=16063"]}]},{"@type":"ImageObject","inLanguage":"de","@id":"https:\/\/www.feuerwehr-halberstadt.de\/?p=16063#primaryimage","url":"https:\/\/www.feuerwehr-halberstadt.de\/wp-content\/uploads\/2025\/01\/DSC05290120125-scaled-e1736683074535.jpg","contentUrl":"https:\/\/www.feuerwehr-halberstadt.de\/wp-content\/uploads\/2025\/01\/DSC05290120125-scaled-e1736683074535.jpg","width":1080,"height":720},{"@type":"BreadcrumbList","@id":"https:\/\/www.feuerwehr-halberstadt.de\/?p=16063#breadcrumb","itemListElement":[{"@type":"ListItem","position":1,"name":"Startseite","item":"https:\/\/www.feuerwehr-halberstadt.de\/"},{"@type":"ListItem","position":2,"name":"Jahreshauptversammlung der Ortsfeuerwehr Klein Quenstedt"}]},{"@type":"WebSite","@id":"https:\/\/www.feuerwehr-halberstadt.de\/#website","url":"https:\/\/www.feuerwehr-halberstadt.de\/","name":"Feuerwehr Halberstadt","description":"#imEinsatzf\u00fcrHalberstadt","publisher":{"@id":"https:\/\/www.feuerwehr-halberstadt.de\/#organization"},"potentialAction":[{"@type":"SearchAction","target":{"@type":"EntryPoint","urlTemplate":"https:\/\/www.feuerwehr-halberstadt.de\/?s={search_term_string}"},"query-input":{"@type":"PropertyValueSpecification","valueRequired":true,"valueName":"search_term_string"}}],"inLanguage":"de"},{"@type":"Organization","@id":"https:\/\/www.feuerwehr-halberstadt.de\/#organization","name":"Feuerwehr Halberstadt","url":"https:\/\/www.feuerwehr-halberstadt.de\/","logo":{"@type":"ImageObject","inLanguage":"de","@id":"https:\/\/www.feuerwehr-halberstadt.de\/#\/schema\/logo\/image\/","url":"https:\/\/www.feuerwehr-halberstadt.de\/wp-content\/uploads\/2023\/10\/IMG_0126.png","contentUrl":"https:\/\/www.feuerwehr-halberstadt.de\/wp-content\/uploads\/2023\/10\/IMG_0126.png","width":1500,"height":399,"caption":"Feuerwehr Halberstadt"},"image":{"@id":"https:\/\/www.feuerwehr-halberstadt.de\/#\/schema\/logo\/image\/"},"sameAs":["https:\/\/www.facebook.com\/FeuerwehrHalberstadt\/"]},{"@type":"Person","@id":"https:\/\/www.feuerwehr-halberstadt.de\/#\/schema\/person\/3025e717504caccf9120c148aa5dafc9","name":"K\u00fchne, Ren\u00e9","image":{"@type":"ImageObject","inLanguage":"de","@id":"https:\/\/secure.gravatar.com\/avatar\/55eea2ec92cf331c72f122107a136da45b190ce89b28770aafc2f0a0788d2fd4?s=96&d=mm&r=g","url":"https:\/\/secure.gravatar.com\/avatar\/55eea2ec92cf331c72f122107a136da45b190ce89b28770aafc2f0a0788d2fd4?s=96&d=mm&r=g","contentUrl":"https:\/\/secure.gravatar.com\/avatar\/55eea2ec92cf331c72f122107a136da45b190ce89b28770aafc2f0a0788d2fd4?s=96&d=mm&r=g","caption":"K\u00fchne, Ren\u00e9"},"url":"https:\/\/www.feuerwehr-halberstadt.de\/?author=8"}]}},"_links":{"self":[{"href":"https:\/\/www.feuerwehr-halberstadt.de\/index.php?rest_route=\/wp\/v2\/posts\/16063","targetHints":{"allow":["GET"]}}],"collection":[{"href":"https:\/\/www.feuerwehr-halberstadt.de\/index.php?rest_route=\/wp\/v2\/posts"}],"about":[{"href":"https:\/\/www.feuerwehr-halberstadt.de\/index.php?rest_route=\/wp\/v2\/types\/post"}],"author":[{"embeddable":true,"href":"https:\/\/www.feuerwehr-halberstadt.de\/index.php?rest_route=\/wp\/v2\/users\/8"}],"replies":[{"embeddable":true,"href":"https:\/\/www.feuerwehr-halberstadt.de\/index.php?rest_route=%2Fwp%2Fv2%2Fcomments&post=16063"}],"version-history":[{"count":3,"href":"https:\/\/www.feuerwehr-halberstadt.de\/index.php?rest_route=\/wp\/v2\/posts\/16063\/revisions"}],"predecessor-version":[{"id":16076,"href":"https:\/\/www.feuerwehr-halberstadt.de\/index.php?rest_route=\/wp\/v2\/posts\/16063\/revisions\/16076"}],"wp:featuredmedia":[{"embeddable":true,"href":"https:\/\/www.feuerwehr-halberstadt.de\/index.php?rest_route=\/wp\/v2\/media\/16077"}],"wp:attachment":[{"href":"https:\/\/www.feuerwehr-halberstadt.de\/index.php?rest_route=%2Fwp%2Fv2%2Fmedia&parent=16063"}],"wp:term":[{"taxonomy":"category","embeddable":true,"href":"https:\/\/www.feuerwehr-halberstadt.de\/index.php?rest_route=%2Fwp%2Fv2%2Fcategories&post=16063"},{"taxonomy":"post_tag","embeddable":true,"href":"https:\/\/www.feuerwehr-halberstadt.de\/index.php?rest_route=%2Fwp%2Fv2%2Ftags&post=16063"}],"curies":[{"name":"wp","href":"https:\/\/api.w.org\/{rel}","templated":true}]}}