{"id":16039,"date":"2025-01-13T06:24:19","date_gmt":"2025-01-13T05:24:19","guid":{"rendered":"https:\/\/www.feuerwehr-halberstadt.de\/?p=16039"},"modified":"2025-01-13T07:35:02","modified_gmt":"2025-01-13T06:35:02","slug":"wochenbericht-freiwillige-feuerwehr-06-01-2025-12-01-2025","status":"publish","type":"post","link":"https:\/\/www.feuerwehr-halberstadt.de\/?p=16039","title":{"rendered":"Wochenbericht Freiwillige Feuerwehr &#8211; 06.01.2025 &#8211; 12.01.2025"},"content":{"rendered":"\n<p><strong>07.01.2025 <\/strong>&#8211; 15:42 Uhr<br><strong>TH1<em> \u2013 <\/em>R\u00e4umung\/Evakuierung <em>\u2013 <\/em>Breiter Weg <\/strong>&#8211; Einsatz 11\/2025<br><em>Alarmierte Kr\u00e4fte: Einsatzleitdienst, Hauptberufliche Wachbereitschaft, ELW-Gruppe, FF Halberstadt, FF Athenstedt, FF Aspenstedt, FF Klein Quenstedt, FF Langenstein, FF Sargstedt, FF Str\u00f6beck, FF Emersleben, Rettungsdienst, Org. Leiter Rettungsdienst (OrgL), Polizei, Stab f\u00fcr au\u00dfergew\u00f6hnliche Ereignisse (SAE)<\/em><br><strong>Einsatzbericht:<\/strong> <a href=\"https:\/\/www.feuerwehr-halberstadt.de\/?einsaetze=sonderlage-verdaechtiger-koffer-breiter-weg\">https:\/\/www.feuerwehr-halberstadt.de\/?einsaetze=sonderlage-verdaechtiger-koffer-breiter-weg<\/a><\/p>\n\n\n\n<p><strong>09.01.2025 <\/strong>&#8211; 18:57 Uhr<br><strong>TH1<em> \u2013 <\/em>Baum auf Stra\u00dfe <em>\u2013 <\/em>Lichtwerstra\u00dfe <\/strong>&#8211; Einsatz 12\/2025<br><em>Alarmierte Kr\u00e4fte: FF Halberstadt<\/em><br><strong>Kurzinfo:<\/strong> Da die Wachbereitschaft in einem anderen Einsatz gebunden war, wurden die Kr\u00e4fte der Ortsfeuerwehr zu einem Baum auf Stra\u00dfe alarmiert. Vor Ort konnte die Lage best\u00e4tigt werden. Ein gr\u00f6\u00dferer Baum war auf zwei parkende PKW gefallen. Der Baum wurde mittels Motorkettens\u00e4ge zerkleinert und von der Stra\u00dfe entfernt.<\/p>\n\n\n\n<figure class=\"wp-block-gallery has-nested-images columns-default is-cropped wp-block-gallery-1 is-layout-flex wp-block-gallery-is-layout-flex\">\n<figure class=\"wp-block-image size-large\"><img loading=\"lazy\" decoding=\"async\" width=\"1024\" height=\"768\" data-id=\"16054\" src=\"https:\/\/www.feuerwehr-halberstadt.de\/wp-content\/uploads\/2025\/01\/IMG_4496-1024x768.jpeg\" alt=\"\" class=\"wp-image-16054\" srcset=\"https:\/\/www.feuerwehr-halberstadt.de\/wp-content\/uploads\/2025\/01\/IMG_4496-1024x768.jpeg 1024w, https:\/\/www.feuerwehr-halberstadt.de\/wp-content\/uploads\/2025\/01\/IMG_4496-300x225.jpeg 300w, https:\/\/www.feuerwehr-halberstadt.de\/wp-content\/uploads\/2025\/01\/IMG_4496-768x576.jpeg 768w, https:\/\/www.feuerwehr-halberstadt.de\/wp-content\/uploads\/2025\/01\/IMG_4496.jpeg 1280w\" sizes=\"auto, (max-width: 1024px) 100vw, 1024px\" \/><figcaption class=\"wp-element-caption\">Einsatz 12\/2025<\/figcaption><\/figure>\n\n\n\n<figure class=\"wp-block-image size-large\"><img loading=\"lazy\" decoding=\"async\" width=\"1024\" height=\"768\" data-id=\"16055\" src=\"https:\/\/www.feuerwehr-halberstadt.de\/wp-content\/uploads\/2025\/01\/IMG_4490-1024x768.jpeg\" alt=\"\" class=\"wp-image-16055\" srcset=\"https:\/\/www.feuerwehr-halberstadt.de\/wp-content\/uploads\/2025\/01\/IMG_4490-1024x768.jpeg 1024w, https:\/\/www.feuerwehr-halberstadt.de\/wp-content\/uploads\/2025\/01\/IMG_4490-300x225.jpeg 300w, https:\/\/www.feuerwehr-halberstadt.de\/wp-content\/uploads\/2025\/01\/IMG_4490-768x576.jpeg 768w, https:\/\/www.feuerwehr-halberstadt.de\/wp-content\/uploads\/2025\/01\/IMG_4490.jpeg 1280w\" sizes=\"auto, (max-width: 1024px) 100vw, 1024px\" \/><figcaption class=\"wp-element-caption\">Einsatz 12\/2025<\/figcaption><\/figure>\n<\/figure>\n\n\n\n<p><strong>09.01.2025 <\/strong>&#8211; 19:39 Uhr<br><strong>TH1<em> \u2013 <\/em>Baum auf Geb\u00e4ude <em>\u2013 <\/em>Wilhelm-Trautewein-Stra\u00dfe <\/strong>&#8211; Einsatz 13\/2025<br><em>Alarmierte Kr\u00e4fte: <em>Einsatzleitdienst, Hauptberufliche Wachbereitschaft,<\/em><\/em> <em>FF Halberstadt<\/em><br><strong>Kurzinfo:<\/strong> Nachdem der vorherige Einsatz abgeschlossen werden konnte, unterst\u00fctzten unsere Kameraden die Wachbereitschaft bei einem Einsatz in der Wilhelm-Trautewein-Stra\u00dfe. Vor Ort war ein gr\u00f6\u00dferer Baum auf ein Geb\u00e4ude gest\u00fcrzt.<\/p>\n\n\n\n<figure class=\"wp-block-gallery has-nested-images columns-default is-cropped wp-block-gallery-2 is-layout-flex wp-block-gallery-is-layout-flex\">\n<figure class=\"wp-block-image size-large\"><img loading=\"lazy\" decoding=\"async\" width=\"1024\" height=\"768\" data-id=\"16053\" src=\"https:\/\/www.feuerwehr-halberstadt.de\/wp-content\/uploads\/2025\/01\/IMG_4499-1024x768.jpeg\" alt=\"\" class=\"wp-image-16053\" srcset=\"https:\/\/www.feuerwehr-halberstadt.de\/wp-content\/uploads\/2025\/01\/IMG_4499-1024x768.jpeg 1024w, https:\/\/www.feuerwehr-halberstadt.de\/wp-content\/uploads\/2025\/01\/IMG_4499-300x225.jpeg 300w, https:\/\/www.feuerwehr-halberstadt.de\/wp-content\/uploads\/2025\/01\/IMG_4499-768x576.jpeg 768w, https:\/\/www.feuerwehr-halberstadt.de\/wp-content\/uploads\/2025\/01\/IMG_4499.jpeg 1280w\" sizes=\"auto, (max-width: 1024px) 100vw, 1024px\" \/><figcaption class=\"wp-element-caption\">Einsatz 13\/2025<\/figcaption><\/figure>\n\n\n\n<figure class=\"wp-block-image size-large\"><img loading=\"lazy\" decoding=\"async\" width=\"1024\" height=\"768\" data-id=\"16052\" src=\"https:\/\/www.feuerwehr-halberstadt.de\/wp-content\/uploads\/2025\/01\/IMG_4501-1024x768.jpeg\" alt=\"\" class=\"wp-image-16052\" srcset=\"https:\/\/www.feuerwehr-halberstadt.de\/wp-content\/uploads\/2025\/01\/IMG_4501-1024x768.jpeg 1024w, https:\/\/www.feuerwehr-halberstadt.de\/wp-content\/uploads\/2025\/01\/IMG_4501-300x225.jpeg 300w, https:\/\/www.feuerwehr-halberstadt.de\/wp-content\/uploads\/2025\/01\/IMG_4501-768x576.jpeg 768w, https:\/\/www.feuerwehr-halberstadt.de\/wp-content\/uploads\/2025\/01\/IMG_4501.jpeg 1280w\" sizes=\"auto, (max-width: 1024px) 100vw, 1024px\" \/><figcaption class=\"wp-element-caption\">Einsatz 13\/2025<\/figcaption><\/figure>\n<\/figure>\n","protected":false},"excerpt":{"rendered":"<p>07.01.2025 &#8211; 15:42 UhrTH1 \u2013 R\u00e4umung\/Evakuierung \u2013 Breiter Weg &#8211; Einsatz 11\/2025Alarmierte Kr\u00e4fte: Einsatzleitdienst, Hauptberufliche Wachbereitschaft, ELW-Gruppe, FF Halberstadt, FF Athenstedt, FF Aspenstedt, FF Klein Quenstedt, FF Langenstein, FF Sargstedt, FF Str\u00f6beck, FF Emersleben, Rettungsdienst, Org. Leiter Rettungsdienst (OrgL), Polizei, Stab f\u00fcr au\u00dfergew\u00f6hnliche Ereignisse (SAE)Einsatzbericht: https:\/\/www.feuerwehr-halberstadt.de\/?einsaetze=sonderlage-verdaechtiger-koffer-breiter-weg 09.01.2025 &#8211; 18:57 UhrTH1 \u2013 Baum auf Stra\u00dfe \u2013 [&hellip;]<\/p>\n","protected":false},"author":8,"featured_media":14815,"comment_status":"closed","ping_status":"closed","sticky":false,"template":"","format":"standard","meta":{"_acf_changed":false,"footnotes":""},"categories":[9],"tags":[],"class_list":["post-16039","post","type-post","status-publish","format-standard","has-post-thumbnail","hentry","category-allgemein"],"acf":[],"yoast_head":"<!-- This site is optimized with the Yoast SEO plugin v27.5 - https:\/\/yoast.com\/product\/yoast-seo-wordpress\/ -->\n<title>Wochenbericht Freiwillige Feuerwehr - 06.01.2025 - 12.01.2025 - Feuerwehr Halberstadt<\/title>\n<meta name=\"robots\" content=\"index, follow, max-snippet:-1, max-image-preview:large, max-video-preview:-1\" \/>\n<link rel=\"canonical\" href=\"https:\/\/www.feuerwehr-halberstadt.de\/?p=16039\" \/>\n<meta property=\"og:locale\" content=\"de_DE\" \/>\n<meta property=\"og:type\" content=\"article\" \/>\n<meta property=\"og:title\" content=\"Wochenbericht Freiwillige Feuerwehr - 06.01.2025 - 12.01.2025 - Feuerwehr Halberstadt\" \/>\n<meta property=\"og:description\" content=\"07.01.2025 &#8211; 15:42 UhrTH1 \u2013 R\u00e4umung\/Evakuierung \u2013 Breiter Weg &#8211; Einsatz 11\/2025Alarmierte Kr\u00e4fte: Einsatzleitdienst, Hauptberufliche Wachbereitschaft, ELW-Gruppe, FF Halberstadt, FF Athenstedt, FF Aspenstedt, FF Klein Quenstedt, FF Langenstein, FF Sargstedt, FF Str\u00f6beck, FF Emersleben, Rettungsdienst, Org. Leiter Rettungsdienst (OrgL), Polizei, Stab f\u00fcr au\u00dfergew\u00f6hnliche Ereignisse (SAE)Einsatzbericht: https:\/\/www.feuerwehr-halberstadt.de\/?einsaetze=sonderlage-verdaechtiger-koffer-breiter-weg 09.01.2025 &#8211; 18:57 UhrTH1 \u2013 Baum auf Stra\u00dfe \u2013 [&hellip;]\" \/>\n<meta property=\"og:url\" content=\"https:\/\/www.feuerwehr-halberstadt.de\/?p=16039\" \/>\n<meta property=\"og:site_name\" content=\"Feuerwehr Halberstadt\" \/>\n<meta property=\"article:publisher\" content=\"https:\/\/www.facebook.com\/FeuerwehrHalberstadt\/\" \/>\n<meta property=\"article:published_time\" content=\"2025-01-13T05:24:19+00:00\" \/>\n<meta property=\"article:modified_time\" content=\"2025-01-13T06:35:02+00:00\" \/>\n<meta property=\"og:image\" content=\"https:\/\/www.feuerwehr-halberstadt.de\/wp-content\/uploads\/2024\/03\/11_20240310_165751_0008.jpg\" \/>\n\t<meta property=\"og:image:width\" content=\"1920\" \/>\n\t<meta property=\"og:image:height\" content=\"1080\" \/>\n\t<meta property=\"og:image:type\" content=\"image\/jpeg\" \/>\n<meta name=\"author\" content=\"K\u00fchne, Ren\u00e9\" \/>\n<meta name=\"twitter:card\" content=\"summary_large_image\" \/>\n<meta name=\"twitter:label1\" content=\"Verfasst von\" \/>\n\t<meta name=\"twitter:data1\" content=\"K\u00fchne, Ren\u00e9\" \/>\n\t<meta name=\"twitter:label2\" content=\"Gesch\u00e4tzte Lesezeit\" \/>\n\t<meta name=\"twitter:data2\" content=\"2\u00a0Minuten\" \/>\n<script type=\"application\/ld+json\" class=\"yoast-schema-graph\">{\"@context\":\"https:\\\/\\\/schema.org\",\"@graph\":[{\"@type\":\"Article\",\"@id\":\"https:\\\/\\\/www.feuerwehr-halberstadt.de\\\/?p=16039#article\",\"isPartOf\":{\"@id\":\"https:\\\/\\\/www.feuerwehr-halberstadt.de\\\/?p=16039\"},\"author\":{\"name\":\"K\u00fchne, Ren\u00e9\",\"@id\":\"https:\\\/\\\/www.feuerwehr-halberstadt.de\\\/#\\\/schema\\\/person\\\/3025e717504caccf9120c148aa5dafc9\"},\"headline\":\"Wochenbericht Freiwillige Feuerwehr &#8211; 06.01.2025 &#8211; 12.01.2025\",\"datePublished\":\"2025-01-13T05:24:19+00:00\",\"dateModified\":\"2025-01-13T06:35:02+00:00\",\"mainEntityOfPage\":{\"@id\":\"https:\\\/\\\/www.feuerwehr-halberstadt.de\\\/?p=16039\"},\"wordCount\":188,\"publisher\":{\"@id\":\"https:\\\/\\\/www.feuerwehr-halberstadt.de\\\/#organization\"},\"image\":{\"@id\":\"https:\\\/\\\/www.feuerwehr-halberstadt.de\\\/?p=16039#primaryimage\"},\"thumbnailUrl\":\"https:\\\/\\\/www.feuerwehr-halberstadt.de\\\/wp-content\\\/uploads\\\/2024\\\/03\\\/11_20240310_165751_0008.jpg\",\"inLanguage\":\"de\"},{\"@type\":\"WebPage\",\"@id\":\"https:\\\/\\\/www.feuerwehr-halberstadt.de\\\/?p=16039\",\"url\":\"https:\\\/\\\/www.feuerwehr-halberstadt.de\\\/?p=16039\",\"name\":\"Wochenbericht Freiwillige Feuerwehr - 06.01.2025 - 12.01.2025 - Feuerwehr Halberstadt\",\"isPartOf\":{\"@id\":\"https:\\\/\\\/www.feuerwehr-halberstadt.de\\\/#website\"},\"primaryImageOfPage\":{\"@id\":\"https:\\\/\\\/www.feuerwehr-halberstadt.de\\\/?p=16039#primaryimage\"},\"image\":{\"@id\":\"https:\\\/\\\/www.feuerwehr-halberstadt.de\\\/?p=16039#primaryimage\"},\"thumbnailUrl\":\"https:\\\/\\\/www.feuerwehr-halberstadt.de\\\/wp-content\\\/uploads\\\/2024\\\/03\\\/11_20240310_165751_0008.jpg\",\"datePublished\":\"2025-01-13T05:24:19+00:00\",\"dateModified\":\"2025-01-13T06:35:02+00:00\",\"breadcrumb\":{\"@id\":\"https:\\\/\\\/www.feuerwehr-halberstadt.de\\\/?p=16039#breadcrumb\"},\"inLanguage\":\"de\",\"potentialAction\":[{\"@type\":\"ReadAction\",\"target\":[\"https:\\\/\\\/www.feuerwehr-halberstadt.de\\\/?p=16039\"]}]},{\"@type\":\"ImageObject\",\"inLanguage\":\"de\",\"@id\":\"https:\\\/\\\/www.feuerwehr-halberstadt.de\\\/?p=16039#primaryimage\",\"url\":\"https:\\\/\\\/www.feuerwehr-halberstadt.de\\\/wp-content\\\/uploads\\\/2024\\\/03\\\/11_20240310_165751_0008.jpg\",\"contentUrl\":\"https:\\\/\\\/www.feuerwehr-halberstadt.de\\\/wp-content\\\/uploads\\\/2024\\\/03\\\/11_20240310_165751_0008.jpg\",\"width\":1920,\"height\":1080},{\"@type\":\"BreadcrumbList\",\"@id\":\"https:\\\/\\\/www.feuerwehr-halberstadt.de\\\/?p=16039#breadcrumb\",\"itemListElement\":[{\"@type\":\"ListItem\",\"position\":1,\"name\":\"Startseite\",\"item\":\"https:\\\/\\\/www.feuerwehr-halberstadt.de\\\/\"},{\"@type\":\"ListItem\",\"position\":2,\"name\":\"Wochenbericht Freiwillige Feuerwehr &#8211; 06.01.2025 &#8211; 12.01.2025\"}]},{\"@type\":\"WebSite\",\"@id\":\"https:\\\/\\\/www.feuerwehr-halberstadt.de\\\/#website\",\"url\":\"https:\\\/\\\/www.feuerwehr-halberstadt.de\\\/\",\"name\":\"Feuerwehr Halberstadt\",\"description\":\"#imEinsatzf\u00fcrHalberstadt\",\"publisher\":{\"@id\":\"https:\\\/\\\/www.feuerwehr-halberstadt.de\\\/#organization\"},\"potentialAction\":[{\"@type\":\"SearchAction\",\"target\":{\"@type\":\"EntryPoint\",\"urlTemplate\":\"https:\\\/\\\/www.feuerwehr-halberstadt.de\\\/?s={search_term_string}\"},\"query-input\":{\"@type\":\"PropertyValueSpecification\",\"valueRequired\":true,\"valueName\":\"search_term_string\"}}],\"inLanguage\":\"de\"},{\"@type\":\"Organization\",\"@id\":\"https:\\\/\\\/www.feuerwehr-halberstadt.de\\\/#organization\",\"name\":\"Feuerwehr Halberstadt\",\"url\":\"https:\\\/\\\/www.feuerwehr-halberstadt.de\\\/\",\"logo\":{\"@type\":\"ImageObject\",\"inLanguage\":\"de\",\"@id\":\"https:\\\/\\\/www.feuerwehr-halberstadt.de\\\/#\\\/schema\\\/logo\\\/image\\\/\",\"url\":\"https:\\\/\\\/www.feuerwehr-halberstadt.de\\\/wp-content\\\/uploads\\\/2023\\\/10\\\/IMG_0126.png\",\"contentUrl\":\"https:\\\/\\\/www.feuerwehr-halberstadt.de\\\/wp-content\\\/uploads\\\/2023\\\/10\\\/IMG_0126.png\",\"width\":1500,\"height\":399,\"caption\":\"Feuerwehr Halberstadt\"},\"image\":{\"@id\":\"https:\\\/\\\/www.feuerwehr-halberstadt.de\\\/#\\\/schema\\\/logo\\\/image\\\/\"},\"sameAs\":[\"https:\\\/\\\/www.facebook.com\\\/FeuerwehrHalberstadt\\\/\"]},{\"@type\":\"Person\",\"@id\":\"https:\\\/\\\/www.feuerwehr-halberstadt.de\\\/#\\\/schema\\\/person\\\/3025e717504caccf9120c148aa5dafc9\",\"name\":\"K\u00fchne, Ren\u00e9\",\"image\":{\"@type\":\"ImageObject\",\"inLanguage\":\"de\",\"@id\":\"https:\\\/\\\/secure.gravatar.com\\\/avatar\\\/55eea2ec92cf331c72f122107a136da45b190ce89b28770aafc2f0a0788d2fd4?s=96&d=mm&r=g\",\"url\":\"https:\\\/\\\/secure.gravatar.com\\\/avatar\\\/55eea2ec92cf331c72f122107a136da45b190ce89b28770aafc2f0a0788d2fd4?s=96&d=mm&r=g\",\"contentUrl\":\"https:\\\/\\\/secure.gravatar.com\\\/avatar\\\/55eea2ec92cf331c72f122107a136da45b190ce89b28770aafc2f0a0788d2fd4?s=96&d=mm&r=g\",\"caption\":\"K\u00fchne, Ren\u00e9\"},\"url\":\"https:\\\/\\\/www.feuerwehr-halberstadt.de\\\/?author=8\"}]}<\/script>\n<!-- \/ Yoast SEO plugin. -->","yoast_head_json":{"title":"Wochenbericht Freiwillige Feuerwehr - 06.01.2025 - 12.01.2025 - Feuerwehr Halberstadt","robots":{"index":"index","follow":"follow","max-snippet":"max-snippet:-1","max-image-preview":"max-image-preview:large","max-video-preview":"max-video-preview:-1"},"canonical":"https:\/\/www.feuerwehr-halberstadt.de\/?p=16039","og_locale":"de_DE","og_type":"article","og_title":"Wochenbericht Freiwillige Feuerwehr - 06.01.2025 - 12.01.2025 - Feuerwehr Halberstadt","og_description":"07.01.2025 &#8211; 15:42 UhrTH1 \u2013 R\u00e4umung\/Evakuierung \u2013 Breiter Weg &#8211; Einsatz 11\/2025Alarmierte Kr\u00e4fte: Einsatzleitdienst, Hauptberufliche Wachbereitschaft, ELW-Gruppe, FF Halberstadt, FF Athenstedt, FF Aspenstedt, FF Klein Quenstedt, FF Langenstein, FF Sargstedt, FF Str\u00f6beck, FF Emersleben, Rettungsdienst, Org. Leiter Rettungsdienst (OrgL), Polizei, Stab f\u00fcr au\u00dfergew\u00f6hnliche Ereignisse (SAE)Einsatzbericht: https:\/\/www.feuerwehr-halberstadt.de\/?einsaetze=sonderlage-verdaechtiger-koffer-breiter-weg 09.01.2025 &#8211; 18:57 UhrTH1 \u2013 Baum auf Stra\u00dfe \u2013 [&hellip;]","og_url":"https:\/\/www.feuerwehr-halberstadt.de\/?p=16039","og_site_name":"Feuerwehr Halberstadt","article_publisher":"https:\/\/www.facebook.com\/FeuerwehrHalberstadt\/","article_published_time":"2025-01-13T05:24:19+00:00","article_modified_time":"2025-01-13T06:35:02+00:00","og_image":[{"width":1920,"height":1080,"url":"https:\/\/www.feuerwehr-halberstadt.de\/wp-content\/uploads\/2024\/03\/11_20240310_165751_0008.jpg","type":"image\/jpeg"}],"author":"K\u00fchne, Ren\u00e9","twitter_card":"summary_large_image","twitter_misc":{"Verfasst von":"K\u00fchne, Ren\u00e9","Gesch\u00e4tzte Lesezeit":"2\u00a0Minuten"},"schema":{"@context":"https:\/\/schema.org","@graph":[{"@type":"Article","@id":"https:\/\/www.feuerwehr-halberstadt.de\/?p=16039#article","isPartOf":{"@id":"https:\/\/www.feuerwehr-halberstadt.de\/?p=16039"},"author":{"name":"K\u00fchne, Ren\u00e9","@id":"https:\/\/www.feuerwehr-halberstadt.de\/#\/schema\/person\/3025e717504caccf9120c148aa5dafc9"},"headline":"Wochenbericht Freiwillige Feuerwehr &#8211; 06.01.2025 &#8211; 12.01.2025","datePublished":"2025-01-13T05:24:19+00:00","dateModified":"2025-01-13T06:35:02+00:00","mainEntityOfPage":{"@id":"https:\/\/www.feuerwehr-halberstadt.de\/?p=16039"},"wordCount":188,"publisher":{"@id":"https:\/\/www.feuerwehr-halberstadt.de\/#organization"},"image":{"@id":"https:\/\/www.feuerwehr-halberstadt.de\/?p=16039#primaryimage"},"thumbnailUrl":"https:\/\/www.feuerwehr-halberstadt.de\/wp-content\/uploads\/2024\/03\/11_20240310_165751_0008.jpg","inLanguage":"de"},{"@type":"WebPage","@id":"https:\/\/www.feuerwehr-halberstadt.de\/?p=16039","url":"https:\/\/www.feuerwehr-halberstadt.de\/?p=16039","name":"Wochenbericht Freiwillige Feuerwehr - 06.01.2025 - 12.01.2025 - Feuerwehr Halberstadt","isPartOf":{"@id":"https:\/\/www.feuerwehr-halberstadt.de\/#website"},"primaryImageOfPage":{"@id":"https:\/\/www.feuerwehr-halberstadt.de\/?p=16039#primaryimage"},"image":{"@id":"https:\/\/www.feuerwehr-halberstadt.de\/?p=16039#primaryimage"},"thumbnailUrl":"https:\/\/www.feuerwehr-halberstadt.de\/wp-content\/uploads\/2024\/03\/11_20240310_165751_0008.jpg","datePublished":"2025-01-13T05:24:19+00:00","dateModified":"2025-01-13T06:35:02+00:00","breadcrumb":{"@id":"https:\/\/www.feuerwehr-halberstadt.de\/?p=16039#breadcrumb"},"inLanguage":"de","potentialAction":[{"@type":"ReadAction","target":["https:\/\/www.feuerwehr-halberstadt.de\/?p=16039"]}]},{"@type":"ImageObject","inLanguage":"de","@id":"https:\/\/www.feuerwehr-halberstadt.de\/?p=16039#primaryimage","url":"https:\/\/www.feuerwehr-halberstadt.de\/wp-content\/uploads\/2024\/03\/11_20240310_165751_0008.jpg","contentUrl":"https:\/\/www.feuerwehr-halberstadt.de\/wp-content\/uploads\/2024\/03\/11_20240310_165751_0008.jpg","width":1920,"height":1080},{"@type":"BreadcrumbList","@id":"https:\/\/www.feuerwehr-halberstadt.de\/?p=16039#breadcrumb","itemListElement":[{"@type":"ListItem","position":1,"name":"Startseite","item":"https:\/\/www.feuerwehr-halberstadt.de\/"},{"@type":"ListItem","position":2,"name":"Wochenbericht Freiwillige Feuerwehr &#8211; 06.01.2025 &#8211; 12.01.2025"}]},{"@type":"WebSite","@id":"https:\/\/www.feuerwehr-halberstadt.de\/#website","url":"https:\/\/www.feuerwehr-halberstadt.de\/","name":"Feuerwehr Halberstadt","description":"#imEinsatzf\u00fcrHalberstadt","publisher":{"@id":"https:\/\/www.feuerwehr-halberstadt.de\/#organization"},"potentialAction":[{"@type":"SearchAction","target":{"@type":"EntryPoint","urlTemplate":"https:\/\/www.feuerwehr-halberstadt.de\/?s={search_term_string}"},"query-input":{"@type":"PropertyValueSpecification","valueRequired":true,"valueName":"search_term_string"}}],"inLanguage":"de"},{"@type":"Organization","@id":"https:\/\/www.feuerwehr-halberstadt.de\/#organization","name":"Feuerwehr Halberstadt","url":"https:\/\/www.feuerwehr-halberstadt.de\/","logo":{"@type":"ImageObject","inLanguage":"de","@id":"https:\/\/www.feuerwehr-halberstadt.de\/#\/schema\/logo\/image\/","url":"https:\/\/www.feuerwehr-halberstadt.de\/wp-content\/uploads\/2023\/10\/IMG_0126.png","contentUrl":"https:\/\/www.feuerwehr-halberstadt.de\/wp-content\/uploads\/2023\/10\/IMG_0126.png","width":1500,"height":399,"caption":"Feuerwehr Halberstadt"},"image":{"@id":"https:\/\/www.feuerwehr-halberstadt.de\/#\/schema\/logo\/image\/"},"sameAs":["https:\/\/www.facebook.com\/FeuerwehrHalberstadt\/"]},{"@type":"Person","@id":"https:\/\/www.feuerwehr-halberstadt.de\/#\/schema\/person\/3025e717504caccf9120c148aa5dafc9","name":"K\u00fchne, Ren\u00e9","image":{"@type":"ImageObject","inLanguage":"de","@id":"https:\/\/secure.gravatar.com\/avatar\/55eea2ec92cf331c72f122107a136da45b190ce89b28770aafc2f0a0788d2fd4?s=96&d=mm&r=g","url":"https:\/\/secure.gravatar.com\/avatar\/55eea2ec92cf331c72f122107a136da45b190ce89b28770aafc2f0a0788d2fd4?s=96&d=mm&r=g","contentUrl":"https:\/\/secure.gravatar.com\/avatar\/55eea2ec92cf331c72f122107a136da45b190ce89b28770aafc2f0a0788d2fd4?s=96&d=mm&r=g","caption":"K\u00fchne, Ren\u00e9"},"url":"https:\/\/www.feuerwehr-halberstadt.de\/?author=8"}]}},"_links":{"self":[{"href":"https:\/\/www.feuerwehr-halberstadt.de\/index.php?rest_route=\/wp\/v2\/posts\/16039","targetHints":{"allow":["GET"]}}],"collection":[{"href":"https:\/\/www.feuerwehr-halberstadt.de\/index.php?rest_route=\/wp\/v2\/posts"}],"about":[{"href":"https:\/\/www.feuerwehr-halberstadt.de\/index.php?rest_route=\/wp\/v2\/types\/post"}],"author":[{"embeddable":true,"href":"https:\/\/www.feuerwehr-halberstadt.de\/index.php?rest_route=\/wp\/v2\/users\/8"}],"replies":[{"embeddable":true,"href":"https:\/\/www.feuerwehr-halberstadt.de\/index.php?rest_route=%2Fwp%2Fv2%2Fcomments&post=16039"}],"version-history":[{"count":8,"href":"https:\/\/www.feuerwehr-halberstadt.de\/index.php?rest_route=\/wp\/v2\/posts\/16039\/revisions"}],"predecessor-version":[{"id":16092,"href":"https:\/\/www.feuerwehr-halberstadt.de\/index.php?rest_route=\/wp\/v2\/posts\/16039\/revisions\/16092"}],"wp:featuredmedia":[{"embeddable":true,"href":"https:\/\/www.feuerwehr-halberstadt.de\/index.php?rest_route=\/wp\/v2\/media\/14815"}],"wp:attachment":[{"href":"https:\/\/www.feuerwehr-halberstadt.de\/index.php?rest_route=%2Fwp%2Fv2%2Fmedia&parent=16039"}],"wp:term":[{"taxonomy":"category","embeddable":true,"href":"https:\/\/www.feuerwehr-halberstadt.de\/index.php?rest_route=%2Fwp%2Fv2%2Fcategories&post=16039"},{"taxonomy":"post_tag","embeddable":true,"href":"https:\/\/www.feuerwehr-halberstadt.de\/index.php?rest_route=%2Fwp%2Fv2%2Ftags&post=16039"}],"curies":[{"name":"wp","href":"https:\/\/api.w.org\/{rel}","templated":true}]}}