{"id":15730,"date":"2024-11-21T18:05:13","date_gmt":"2024-11-21T17:05:13","guid":{"rendered":"https:\/\/www.feuerwehr-halberstadt.de\/?p=15730"},"modified":"2024-11-21T18:05:14","modified_gmt":"2024-11-21T17:05:14","slug":"stellvertretender-ortswehrleiter-ernannt-2","status":"publish","type":"post","link":"https:\/\/www.feuerwehr-halberstadt.de\/?p=15730","title":{"rendered":"Stellvertretender Ortswehrleiter ernannt"},"content":{"rendered":"\n<p>W\u00e4hrend der heutigen Stadtratssitzung wurde Bob Hilgert zum stellvertretenden Ortswehrleiter der Ortsfeuerwehr Langenstein ernannt.<\/p>\n\n\n\n<p>Vorausgegangen war die Vorschlagswahl in der Ortsfeuerwehr vor einigen Wochen. Bob Hilgert \u00fcbernimmt die Funktion kommissarisch, bis zur Erlangung aller notwendigen Lehrg\u00e4nge, f\u00fcr zwei Jahre.<\/p>\n\n\n\n<p>Stadtwehrleiter Martin Schulz und Ortswehrleiter Maik Boog \u00fcberbrachten ihre Gl\u00fcckw\u00fcnsche. Wir w\u00fcnschen Bob viel Erfolg bei seinen Aufgaben!<\/p>\n","protected":false},"excerpt":{"rendered":"<p>W\u00e4hrend der heutigen Stadtratssitzung wurde Bob Hilgert zum stellvertretenden Ortswehrleiter der Ortsfeuerwehr Langenstein ernannt. Vorausgegangen war die Vorschlagswahl in der Ortsfeuerwehr vor einigen Wochen. Bob Hilgert \u00fcbernimmt die Funktion kommissarisch, bis zur Erlangung aller notwendigen Lehrg\u00e4nge, f\u00fcr zwei Jahre. Stadtwehrleiter Martin Schulz und Ortswehrleiter Maik Boog \u00fcberbrachten ihre Gl\u00fcckw\u00fcnsche. Wir w\u00fcnschen Bob viel Erfolg bei [&hellip;]<\/p>\n","protected":false},"author":3,"featured_media":15731,"comment_status":"closed","ping_status":"closed","sticky":false,"template":"","format":"standard","meta":{"_acf_changed":false,"footnotes":""},"categories":[9],"tags":[],"class_list":["post-15730","post","type-post","status-publish","format-standard","has-post-thumbnail","hentry","category-allgemein"],"acf":[],"yoast_head":"<!-- This site is optimized with the Yoast SEO plugin v27.5 - https:\/\/yoast.com\/product\/yoast-seo-wordpress\/ -->\n<title>Stellvertretender Ortswehrleiter ernannt - Feuerwehr Halberstadt<\/title>\n<meta name=\"robots\" content=\"index, follow, max-snippet:-1, max-image-preview:large, max-video-preview:-1\" \/>\n<link rel=\"canonical\" href=\"https:\/\/www.feuerwehr-halberstadt.de\/?p=15730\" \/>\n<meta property=\"og:locale\" content=\"de_DE\" \/>\n<meta property=\"og:type\" content=\"article\" \/>\n<meta property=\"og:title\" content=\"Stellvertretender Ortswehrleiter ernannt - Feuerwehr Halberstadt\" \/>\n<meta property=\"og:description\" content=\"W\u00e4hrend der heutigen Stadtratssitzung wurde Bob Hilgert zum stellvertretenden Ortswehrleiter der Ortsfeuerwehr Langenstein ernannt. Vorausgegangen war die Vorschlagswahl in der Ortsfeuerwehr vor einigen Wochen. Bob Hilgert \u00fcbernimmt die Funktion kommissarisch, bis zur Erlangung aller notwendigen Lehrg\u00e4nge, f\u00fcr zwei Jahre. Stadtwehrleiter Martin Schulz und Ortswehrleiter Maik Boog \u00fcberbrachten ihre Gl\u00fcckw\u00fcnsche. Wir w\u00fcnschen Bob viel Erfolg bei [&hellip;]\" \/>\n<meta property=\"og:url\" content=\"https:\/\/www.feuerwehr-halberstadt.de\/?p=15730\" \/>\n<meta property=\"og:site_name\" content=\"Feuerwehr Halberstadt\" \/>\n<meta property=\"article:publisher\" content=\"https:\/\/www.facebook.com\/FeuerwehrHalberstadt\/\" \/>\n<meta property=\"article:published_time\" content=\"2024-11-21T17:05:13+00:00\" \/>\n<meta property=\"article:modified_time\" content=\"2024-11-21T17:05:14+00:00\" \/>\n<meta property=\"og:image\" content=\"https:\/\/www.feuerwehr-halberstadt.de\/wp-content\/uploads\/2024\/11\/e29dbb34-43ea-490b-a807-0acf7c98c92c.jpeg\" \/>\n\t<meta property=\"og:image:width\" content=\"1280\" \/>\n\t<meta property=\"og:image:height\" content=\"960\" \/>\n\t<meta property=\"og:image:type\" content=\"image\/jpeg\" \/>\n<meta name=\"author\" content=\"Buchold, Chris\" \/>\n<meta name=\"twitter:card\" content=\"summary_large_image\" \/>\n<meta name=\"twitter:label1\" content=\"Verfasst von\" \/>\n\t<meta name=\"twitter:data1\" content=\"Buchold, Chris\" \/>\n\t<meta name=\"twitter:label2\" content=\"Gesch\u00e4tzte Lesezeit\" \/>\n\t<meta name=\"twitter:data2\" content=\"1\u00a0Minute\" \/>\n<script type=\"application\/ld+json\" class=\"yoast-schema-graph\">{\"@context\":\"https:\\\/\\\/schema.org\",\"@graph\":[{\"@type\":\"Article\",\"@id\":\"https:\\\/\\\/www.feuerwehr-halberstadt.de\\\/?p=15730#article\",\"isPartOf\":{\"@id\":\"https:\\\/\\\/www.feuerwehr-halberstadt.de\\\/?p=15730\"},\"author\":{\"name\":\"Buchold, Chris\",\"@id\":\"https:\\\/\\\/www.feuerwehr-halberstadt.de\\\/#\\\/schema\\\/person\\\/55ce5d9b46008e58cd3d55d4116ec727\"},\"headline\":\"Stellvertretender Ortswehrleiter ernannt\",\"datePublished\":\"2024-11-21T17:05:13+00:00\",\"dateModified\":\"2024-11-21T17:05:14+00:00\",\"mainEntityOfPage\":{\"@id\":\"https:\\\/\\\/www.feuerwehr-halberstadt.de\\\/?p=15730\"},\"wordCount\":66,\"publisher\":{\"@id\":\"https:\\\/\\\/www.feuerwehr-halberstadt.de\\\/#organization\"},\"image\":{\"@id\":\"https:\\\/\\\/www.feuerwehr-halberstadt.de\\\/?p=15730#primaryimage\"},\"thumbnailUrl\":\"https:\\\/\\\/www.feuerwehr-halberstadt.de\\\/wp-content\\\/uploads\\\/2024\\\/11\\\/e29dbb34-43ea-490b-a807-0acf7c98c92c.jpeg\",\"inLanguage\":\"de\"},{\"@type\":\"WebPage\",\"@id\":\"https:\\\/\\\/www.feuerwehr-halberstadt.de\\\/?p=15730\",\"url\":\"https:\\\/\\\/www.feuerwehr-halberstadt.de\\\/?p=15730\",\"name\":\"Stellvertretender Ortswehrleiter ernannt - Feuerwehr Halberstadt\",\"isPartOf\":{\"@id\":\"https:\\\/\\\/www.feuerwehr-halberstadt.de\\\/#website\"},\"primaryImageOfPage\":{\"@id\":\"https:\\\/\\\/www.feuerwehr-halberstadt.de\\\/?p=15730#primaryimage\"},\"image\":{\"@id\":\"https:\\\/\\\/www.feuerwehr-halberstadt.de\\\/?p=15730#primaryimage\"},\"thumbnailUrl\":\"https:\\\/\\\/www.feuerwehr-halberstadt.de\\\/wp-content\\\/uploads\\\/2024\\\/11\\\/e29dbb34-43ea-490b-a807-0acf7c98c92c.jpeg\",\"datePublished\":\"2024-11-21T17:05:13+00:00\",\"dateModified\":\"2024-11-21T17:05:14+00:00\",\"breadcrumb\":{\"@id\":\"https:\\\/\\\/www.feuerwehr-halberstadt.de\\\/?p=15730#breadcrumb\"},\"inLanguage\":\"de\",\"potentialAction\":[{\"@type\":\"ReadAction\",\"target\":[\"https:\\\/\\\/www.feuerwehr-halberstadt.de\\\/?p=15730\"]}]},{\"@type\":\"ImageObject\",\"inLanguage\":\"de\",\"@id\":\"https:\\\/\\\/www.feuerwehr-halberstadt.de\\\/?p=15730#primaryimage\",\"url\":\"https:\\\/\\\/www.feuerwehr-halberstadt.de\\\/wp-content\\\/uploads\\\/2024\\\/11\\\/e29dbb34-43ea-490b-a807-0acf7c98c92c.jpeg\",\"contentUrl\":\"https:\\\/\\\/www.feuerwehr-halberstadt.de\\\/wp-content\\\/uploads\\\/2024\\\/11\\\/e29dbb34-43ea-490b-a807-0acf7c98c92c.jpeg\",\"width\":1280,\"height\":960},{\"@type\":\"BreadcrumbList\",\"@id\":\"https:\\\/\\\/www.feuerwehr-halberstadt.de\\\/?p=15730#breadcrumb\",\"itemListElement\":[{\"@type\":\"ListItem\",\"position\":1,\"name\":\"Startseite\",\"item\":\"https:\\\/\\\/www.feuerwehr-halberstadt.de\\\/\"},{\"@type\":\"ListItem\",\"position\":2,\"name\":\"Stellvertretender Ortswehrleiter ernannt\"}]},{\"@type\":\"WebSite\",\"@id\":\"https:\\\/\\\/www.feuerwehr-halberstadt.de\\\/#website\",\"url\":\"https:\\\/\\\/www.feuerwehr-halberstadt.de\\\/\",\"name\":\"Feuerwehr Halberstadt\",\"description\":\"#imEinsatzf\u00fcrHalberstadt\",\"publisher\":{\"@id\":\"https:\\\/\\\/www.feuerwehr-halberstadt.de\\\/#organization\"},\"potentialAction\":[{\"@type\":\"SearchAction\",\"target\":{\"@type\":\"EntryPoint\",\"urlTemplate\":\"https:\\\/\\\/www.feuerwehr-halberstadt.de\\\/?s={search_term_string}\"},\"query-input\":{\"@type\":\"PropertyValueSpecification\",\"valueRequired\":true,\"valueName\":\"search_term_string\"}}],\"inLanguage\":\"de\"},{\"@type\":\"Organization\",\"@id\":\"https:\\\/\\\/www.feuerwehr-halberstadt.de\\\/#organization\",\"name\":\"Feuerwehr Halberstadt\",\"url\":\"https:\\\/\\\/www.feuerwehr-halberstadt.de\\\/\",\"logo\":{\"@type\":\"ImageObject\",\"inLanguage\":\"de\",\"@id\":\"https:\\\/\\\/www.feuerwehr-halberstadt.de\\\/#\\\/schema\\\/logo\\\/image\\\/\",\"url\":\"https:\\\/\\\/www.feuerwehr-halberstadt.de\\\/wp-content\\\/uploads\\\/2023\\\/10\\\/IMG_0126.png\",\"contentUrl\":\"https:\\\/\\\/www.feuerwehr-halberstadt.de\\\/wp-content\\\/uploads\\\/2023\\\/10\\\/IMG_0126.png\",\"width\":1500,\"height\":399,\"caption\":\"Feuerwehr Halberstadt\"},\"image\":{\"@id\":\"https:\\\/\\\/www.feuerwehr-halberstadt.de\\\/#\\\/schema\\\/logo\\\/image\\\/\"},\"sameAs\":[\"https:\\\/\\\/www.facebook.com\\\/FeuerwehrHalberstadt\\\/\"]},{\"@type\":\"Person\",\"@id\":\"https:\\\/\\\/www.feuerwehr-halberstadt.de\\\/#\\\/schema\\\/person\\\/55ce5d9b46008e58cd3d55d4116ec727\",\"name\":\"Buchold, Chris\",\"image\":{\"@type\":\"ImageObject\",\"inLanguage\":\"de\",\"@id\":\"https:\\\/\\\/secure.gravatar.com\\\/avatar\\\/bff08a084f0390bf8a93fc28c488452766ba521109cec244ac64210fdd500a49?s=96&d=mm&r=g\",\"url\":\"https:\\\/\\\/secure.gravatar.com\\\/avatar\\\/bff08a084f0390bf8a93fc28c488452766ba521109cec244ac64210fdd500a49?s=96&d=mm&r=g\",\"contentUrl\":\"https:\\\/\\\/secure.gravatar.com\\\/avatar\\\/bff08a084f0390bf8a93fc28c488452766ba521109cec244ac64210fdd500a49?s=96&d=mm&r=g\",\"caption\":\"Buchold, Chris\"},\"url\":\"https:\\\/\\\/www.feuerwehr-halberstadt.de\\\/?author=3\"}]}<\/script>\n<!-- \/ Yoast SEO plugin. -->","yoast_head_json":{"title":"Stellvertretender Ortswehrleiter ernannt - Feuerwehr Halberstadt","robots":{"index":"index","follow":"follow","max-snippet":"max-snippet:-1","max-image-preview":"max-image-preview:large","max-video-preview":"max-video-preview:-1"},"canonical":"https:\/\/www.feuerwehr-halberstadt.de\/?p=15730","og_locale":"de_DE","og_type":"article","og_title":"Stellvertretender Ortswehrleiter ernannt - Feuerwehr Halberstadt","og_description":"W\u00e4hrend der heutigen Stadtratssitzung wurde Bob Hilgert zum stellvertretenden Ortswehrleiter der Ortsfeuerwehr Langenstein ernannt. Vorausgegangen war die Vorschlagswahl in der Ortsfeuerwehr vor einigen Wochen. Bob Hilgert \u00fcbernimmt die Funktion kommissarisch, bis zur Erlangung aller notwendigen Lehrg\u00e4nge, f\u00fcr zwei Jahre. Stadtwehrleiter Martin Schulz und Ortswehrleiter Maik Boog \u00fcberbrachten ihre Gl\u00fcckw\u00fcnsche. Wir w\u00fcnschen Bob viel Erfolg bei [&hellip;]","og_url":"https:\/\/www.feuerwehr-halberstadt.de\/?p=15730","og_site_name":"Feuerwehr Halberstadt","article_publisher":"https:\/\/www.facebook.com\/FeuerwehrHalberstadt\/","article_published_time":"2024-11-21T17:05:13+00:00","article_modified_time":"2024-11-21T17:05:14+00:00","og_image":[{"width":1280,"height":960,"url":"https:\/\/www.feuerwehr-halberstadt.de\/wp-content\/uploads\/2024\/11\/e29dbb34-43ea-490b-a807-0acf7c98c92c.jpeg","type":"image\/jpeg"}],"author":"Buchold, Chris","twitter_card":"summary_large_image","twitter_misc":{"Verfasst von":"Buchold, Chris","Gesch\u00e4tzte Lesezeit":"1\u00a0Minute"},"schema":{"@context":"https:\/\/schema.org","@graph":[{"@type":"Article","@id":"https:\/\/www.feuerwehr-halberstadt.de\/?p=15730#article","isPartOf":{"@id":"https:\/\/www.feuerwehr-halberstadt.de\/?p=15730"},"author":{"name":"Buchold, Chris","@id":"https:\/\/www.feuerwehr-halberstadt.de\/#\/schema\/person\/55ce5d9b46008e58cd3d55d4116ec727"},"headline":"Stellvertretender Ortswehrleiter ernannt","datePublished":"2024-11-21T17:05:13+00:00","dateModified":"2024-11-21T17:05:14+00:00","mainEntityOfPage":{"@id":"https:\/\/www.feuerwehr-halberstadt.de\/?p=15730"},"wordCount":66,"publisher":{"@id":"https:\/\/www.feuerwehr-halberstadt.de\/#organization"},"image":{"@id":"https:\/\/www.feuerwehr-halberstadt.de\/?p=15730#primaryimage"},"thumbnailUrl":"https:\/\/www.feuerwehr-halberstadt.de\/wp-content\/uploads\/2024\/11\/e29dbb34-43ea-490b-a807-0acf7c98c92c.jpeg","inLanguage":"de"},{"@type":"WebPage","@id":"https:\/\/www.feuerwehr-halberstadt.de\/?p=15730","url":"https:\/\/www.feuerwehr-halberstadt.de\/?p=15730","name":"Stellvertretender Ortswehrleiter ernannt - Feuerwehr Halberstadt","isPartOf":{"@id":"https:\/\/www.feuerwehr-halberstadt.de\/#website"},"primaryImageOfPage":{"@id":"https:\/\/www.feuerwehr-halberstadt.de\/?p=15730#primaryimage"},"image":{"@id":"https:\/\/www.feuerwehr-halberstadt.de\/?p=15730#primaryimage"},"thumbnailUrl":"https:\/\/www.feuerwehr-halberstadt.de\/wp-content\/uploads\/2024\/11\/e29dbb34-43ea-490b-a807-0acf7c98c92c.jpeg","datePublished":"2024-11-21T17:05:13+00:00","dateModified":"2024-11-21T17:05:14+00:00","breadcrumb":{"@id":"https:\/\/www.feuerwehr-halberstadt.de\/?p=15730#breadcrumb"},"inLanguage":"de","potentialAction":[{"@type":"ReadAction","target":["https:\/\/www.feuerwehr-halberstadt.de\/?p=15730"]}]},{"@type":"ImageObject","inLanguage":"de","@id":"https:\/\/www.feuerwehr-halberstadt.de\/?p=15730#primaryimage","url":"https:\/\/www.feuerwehr-halberstadt.de\/wp-content\/uploads\/2024\/11\/e29dbb34-43ea-490b-a807-0acf7c98c92c.jpeg","contentUrl":"https:\/\/www.feuerwehr-halberstadt.de\/wp-content\/uploads\/2024\/11\/e29dbb34-43ea-490b-a807-0acf7c98c92c.jpeg","width":1280,"height":960},{"@type":"BreadcrumbList","@id":"https:\/\/www.feuerwehr-halberstadt.de\/?p=15730#breadcrumb","itemListElement":[{"@type":"ListItem","position":1,"name":"Startseite","item":"https:\/\/www.feuerwehr-halberstadt.de\/"},{"@type":"ListItem","position":2,"name":"Stellvertretender Ortswehrleiter ernannt"}]},{"@type":"WebSite","@id":"https:\/\/www.feuerwehr-halberstadt.de\/#website","url":"https:\/\/www.feuerwehr-halberstadt.de\/","name":"Feuerwehr Halberstadt","description":"#imEinsatzf\u00fcrHalberstadt","publisher":{"@id":"https:\/\/www.feuerwehr-halberstadt.de\/#organization"},"potentialAction":[{"@type":"SearchAction","target":{"@type":"EntryPoint","urlTemplate":"https:\/\/www.feuerwehr-halberstadt.de\/?s={search_term_string}"},"query-input":{"@type":"PropertyValueSpecification","valueRequired":true,"valueName":"search_term_string"}}],"inLanguage":"de"},{"@type":"Organization","@id":"https:\/\/www.feuerwehr-halberstadt.de\/#organization","name":"Feuerwehr Halberstadt","url":"https:\/\/www.feuerwehr-halberstadt.de\/","logo":{"@type":"ImageObject","inLanguage":"de","@id":"https:\/\/www.feuerwehr-halberstadt.de\/#\/schema\/logo\/image\/","url":"https:\/\/www.feuerwehr-halberstadt.de\/wp-content\/uploads\/2023\/10\/IMG_0126.png","contentUrl":"https:\/\/www.feuerwehr-halberstadt.de\/wp-content\/uploads\/2023\/10\/IMG_0126.png","width":1500,"height":399,"caption":"Feuerwehr Halberstadt"},"image":{"@id":"https:\/\/www.feuerwehr-halberstadt.de\/#\/schema\/logo\/image\/"},"sameAs":["https:\/\/www.facebook.com\/FeuerwehrHalberstadt\/"]},{"@type":"Person","@id":"https:\/\/www.feuerwehr-halberstadt.de\/#\/schema\/person\/55ce5d9b46008e58cd3d55d4116ec727","name":"Buchold, Chris","image":{"@type":"ImageObject","inLanguage":"de","@id":"https:\/\/secure.gravatar.com\/avatar\/bff08a084f0390bf8a93fc28c488452766ba521109cec244ac64210fdd500a49?s=96&d=mm&r=g","url":"https:\/\/secure.gravatar.com\/avatar\/bff08a084f0390bf8a93fc28c488452766ba521109cec244ac64210fdd500a49?s=96&d=mm&r=g","contentUrl":"https:\/\/secure.gravatar.com\/avatar\/bff08a084f0390bf8a93fc28c488452766ba521109cec244ac64210fdd500a49?s=96&d=mm&r=g","caption":"Buchold, Chris"},"url":"https:\/\/www.feuerwehr-halberstadt.de\/?author=3"}]}},"_links":{"self":[{"href":"https:\/\/www.feuerwehr-halberstadt.de\/index.php?rest_route=\/wp\/v2\/posts\/15730","targetHints":{"allow":["GET"]}}],"collection":[{"href":"https:\/\/www.feuerwehr-halberstadt.de\/index.php?rest_route=\/wp\/v2\/posts"}],"about":[{"href":"https:\/\/www.feuerwehr-halberstadt.de\/index.php?rest_route=\/wp\/v2\/types\/post"}],"author":[{"embeddable":true,"href":"https:\/\/www.feuerwehr-halberstadt.de\/index.php?rest_route=\/wp\/v2\/users\/3"}],"replies":[{"embeddable":true,"href":"https:\/\/www.feuerwehr-halberstadt.de\/index.php?rest_route=%2Fwp%2Fv2%2Fcomments&post=15730"}],"version-history":[{"count":1,"href":"https:\/\/www.feuerwehr-halberstadt.de\/index.php?rest_route=\/wp\/v2\/posts\/15730\/revisions"}],"predecessor-version":[{"id":15732,"href":"https:\/\/www.feuerwehr-halberstadt.de\/index.php?rest_route=\/wp\/v2\/posts\/15730\/revisions\/15732"}],"wp:featuredmedia":[{"embeddable":true,"href":"https:\/\/www.feuerwehr-halberstadt.de\/index.php?rest_route=\/wp\/v2\/media\/15731"}],"wp:attachment":[{"href":"https:\/\/www.feuerwehr-halberstadt.de\/index.php?rest_route=%2Fwp%2Fv2%2Fmedia&parent=15730"}],"wp:term":[{"taxonomy":"category","embeddable":true,"href":"https:\/\/www.feuerwehr-halberstadt.de\/index.php?rest_route=%2Fwp%2Fv2%2Fcategories&post=15730"},{"taxonomy":"post_tag","embeddable":true,"href":"https:\/\/www.feuerwehr-halberstadt.de\/index.php?rest_route=%2Fwp%2Fv2%2Ftags&post=15730"}],"curies":[{"name":"wp","href":"https:\/\/api.w.org\/{rel}","templated":true}]}}