{"id":15723,"date":"2024-11-26T14:47:34","date_gmt":"2024-11-26T13:47:34","guid":{"rendered":"https:\/\/www.feuerwehr-halberstadt.de\/?p=15723"},"modified":"2024-11-26T14:47:34","modified_gmt":"2024-11-26T13:47:34","slug":"wochenbericht-freiwillige-feuerwehr-18-11-24-11-2024","status":"publish","type":"post","link":"https:\/\/www.feuerwehr-halberstadt.de\/?p=15723","title":{"rendered":"Wochenbericht Freiwillige Feuerwehr &#8211; 18.11. &#8211; 24.11.2024"},"content":{"rendered":"\n<p><strong>18.11.2024 <\/strong>-10:14 Uhr<br><strong>VUeP &#8211; Verkehrsunfall eingeklemmte Person &#8211; K1325 Halberstadt-Sargstedt &#8211; <\/strong>Einsatz 141\/2024<strong><br>Alarmierte Kr\u00e4fte: <\/strong><em>Einsatzleitdienst<\/em>, <em>Hauptberufliche Wachbereitschaft, FF Halberstadt, ELW-Gruppe Rettungsdienst<\/em>, <em>Christoph 36<\/em>, <em>Polizei<\/em>, <em>Kriseninterventionsteam<\/em><br><strong>Einsatzbericht:<\/strong> <a href=\"https:\/\/www.feuerwehr-halberstadt.de\/?einsaetze=vuep-verkehrsunfall-eingeklemmte-person-k1325-halberstadt-sargstedt\">https:\/\/www.feuerwehr-halberstadt.de\/?einsaetze=vuep-verkehrsunfall-eingeklemmte-person-k1325-halberstadt-sargstedt<\/a><\/p>\n\n\n\n<p><strong>19.11.2024 <\/strong>&#8211; 00:05 Uhr<br><strong>B2<em> \u2013 <\/em>Mittelbrand <em>\u2013 <\/em>Juri-Gagarin-Stra\u00dfe <\/strong>&#8211; Einsatz 142\/2024<br><em>Alarmierte Kr\u00e4fte: Einsatzleitdienst, Hauptberufliche Wachbereitschaft, FF Halberstadt, ELW-Gruppe, AS\u00dc FF Langenstein, Rettungsdienst, Polizei<\/em><br><strong>Kurzinfo:<\/strong> Vor Ort stand eine Wohnung in einem leerstehenden Wohnblock in Vollbrand. Durch die Kr\u00e4fte der Wachbereitschaft wurde das Feuer mit einem C-Rohr abgel\u00f6scht. Ein Trupp der Ortsfeuerwehr kontrollierte w\u00e4hrenddessen die restlichen Wohnungen auf m\u00f6gliche Personen ab und \u00fcbernahm anschlie\u00dfend die Restabl\u00f6schung. Nachdem das Geb\u00e4ude ausreichend bel\u00fcftet wurde, konnte der Einsatz gegen 01:30 Uhr beendet werden.<\/p>\n\n\n\n<figure class=\"wp-block-gallery has-nested-images columns-default is-cropped wp-block-gallery-1 is-layout-flex wp-block-gallery-is-layout-flex\">\n<figure class=\"wp-block-image size-large\"><img loading=\"lazy\" decoding=\"async\" width=\"1024\" height=\"768\" data-id=\"15724\" src=\"https:\/\/www.feuerwehr-halberstadt.de\/wp-content\/uploads\/2024\/11\/IMG_4102-1024x768.jpeg\" alt=\"\" class=\"wp-image-15724\" srcset=\"https:\/\/www.feuerwehr-halberstadt.de\/wp-content\/uploads\/2024\/11\/IMG_4102-1024x768.jpeg 1024w, https:\/\/www.feuerwehr-halberstadt.de\/wp-content\/uploads\/2024\/11\/IMG_4102-300x225.jpeg 300w, https:\/\/www.feuerwehr-halberstadt.de\/wp-content\/uploads\/2024\/11\/IMG_4102-768x576.jpeg 768w, https:\/\/www.feuerwehr-halberstadt.de\/wp-content\/uploads\/2024\/11\/IMG_4102-1536x1152.jpeg 1536w, https:\/\/www.feuerwehr-halberstadt.de\/wp-content\/uploads\/2024\/11\/IMG_4102-2048x1536.jpeg 2048w\" sizes=\"auto, (max-width: 1024px) 100vw, 1024px\" \/><figcaption class=\"wp-element-caption\">Einsatz 142<\/figcaption><\/figure>\n<\/figure>\n\n\n\n<p><strong>19.11.2024 <\/strong>&#8211; 15:09 Uhr<br><strong>TH1<em> \u2013 <\/em>\u00d6l im Ort &#8211; Theaterpassage <\/strong>&#8211; Einsatz 143\/2024<br><em>Alarmierte Kr\u00e4fte: FF Halberstadt<\/em><br><strong>Kurzinfo:<\/strong> Da die Wachbereitschaft in einem anderen Einsatz gebunden war, wurden die Kr\u00e4fte der Ortsfeuerwehr zu einer \u00d6lspur alarmiert. Vor Ort handelte es sich um einen \u00d6lfleck auf einem Parkplatz, welcher sich aufgrund des Regens verteilt hatte. Die Fl\u00e4che wurde mit \u00d6lbindemittel abgestreut.<\/p>\n\n\n\n<p><strong>19.11.2024 <\/strong>&#8211; 15:50 Uhr<br><strong>TH1<em> \u2013 <\/em>\u00d6l im Ort &#8211; Quedlinburger Stra\u00dfe <\/strong>&#8211; Einsatz 144\/2024<br><em>Alarmierte Kr\u00e4fte: FF Halberstadt<\/em><br><strong>Kurzinfo:<\/strong> Noch auf der R\u00fcckfahrt zum Ger\u00e4tehaus wurden unsere Einsatzkr\u00e4fte \u00fcber Funk durch die integrierte Leitstelle Harz zu einem weiteren Einsatz alarmiert. In der Quedlinburger Stra\u00dfe sollte sich auf einem Parklplatz ebenfalls ein \u00d6lfleck befinden und durch den anhaltenden Regen in die Kanalisation laufen. Vor Ort konnte die Lage best\u00e4tigt werden. Die Gullieinl\u00e4ufe wurden abgedichtet und die betroffende Fl\u00e4che wurde mit BioVersal behandelt.<\/p>\n\n\n\n<p><strong>22.11.2024 <\/strong>&#8211; 15:28 Uhr<br><strong>BMA<em> \u2013 <\/em>FAH Haus Spiegelsberge &#8211; Werner-Seelenbinder-Stra\u00dfe <\/strong>&#8211; Einsatz 145\/2024<br><em>Alarmierte Kr\u00e4fte: <em>Einsatzleitdienst, Hauptberufliche Wachbereitschaft, FF Halberstadt, AS\u00dc FF Langenstein<\/em><\/em><br><strong>Kurzinfo:<\/strong> Noch vor dem Ausr\u00fccken der Freiwilligen Feuerwehr kam die Meldung der Wachbereitschaft, dass die Kr\u00e4fte und Mittel vor Ort ausreichen. Der Einsatz wurde beendet.<\/p>\n\n\n\n<p><strong>24.11.2024 <\/strong>&#8211; 23:48 Uhr<br><strong>B2<em> \u2013 <\/em>PKW Brand am Geb\u00e4ude <em>\u2013 <\/em>Plantage<\/strong>&#8211; Einsatz 146\/2024<br><em>Alarmierte Kr\u00e4fte: Einsatzleitdienst, Hauptberufliche Wachbereitschaft, FF Halberstadt, ELW-Gruppe, AS\u00dc FF Langenstein, Rettungsdienst, Polizei<\/em><br><strong>Kurzinfo:<\/strong> Vor Ort brannte ein PKW in voller Ausdehnung. Das Feuer wurde durch die Wachbereitschaft mittels C-Rohr abgel\u00f6scht, die Restabl\u00f6schung erfolgte mit Schaum. F\u00fcr die Kr\u00e4fte der Ortsfeuerwehr bestand kein Handlungsbedarf.<\/p>\n\n\n\n<figure class=\"wp-block-gallery has-nested-images columns-default is-cropped wp-block-gallery-2 is-layout-flex wp-block-gallery-is-layout-flex\">\n<figure class=\"wp-block-image size-large\"><img loading=\"lazy\" decoding=\"async\" width=\"1024\" height=\"768\" data-id=\"15739\" src=\"https:\/\/www.feuerwehr-halberstadt.de\/wp-content\/uploads\/2024\/11\/IMG_4128-1024x768.jpeg\" alt=\"\" class=\"wp-image-15739\" srcset=\"https:\/\/www.feuerwehr-halberstadt.de\/wp-content\/uploads\/2024\/11\/IMG_4128-1024x768.jpeg 1024w, https:\/\/www.feuerwehr-halberstadt.de\/wp-content\/uploads\/2024\/11\/IMG_4128-300x225.jpeg 300w, https:\/\/www.feuerwehr-halberstadt.de\/wp-content\/uploads\/2024\/11\/IMG_4128-768x576.jpeg 768w, https:\/\/www.feuerwehr-halberstadt.de\/wp-content\/uploads\/2024\/11\/IMG_4128-1536x1152.jpeg 1536w, https:\/\/www.feuerwehr-halberstadt.de\/wp-content\/uploads\/2024\/11\/IMG_4128-2048x1536.jpeg 2048w\" sizes=\"auto, (max-width: 1024px) 100vw, 1024px\" \/><figcaption class=\"wp-element-caption\">Einsatz 146<\/figcaption><\/figure>\n<\/figure>\n","protected":false},"excerpt":{"rendered":"<p>18.11.2024 -10:14 UhrVUeP &#8211; Verkehrsunfall eingeklemmte Person &#8211; K1325 Halberstadt-Sargstedt &#8211; Einsatz 141\/2024Alarmierte Kr\u00e4fte: Einsatzleitdienst, Hauptberufliche Wachbereitschaft, FF Halberstadt, ELW-Gruppe Rettungsdienst, Christoph 36, Polizei, KriseninterventionsteamEinsatzbericht: https:\/\/www.feuerwehr-halberstadt.de\/?einsaetze=vuep-verkehrsunfall-eingeklemmte-person-k1325-halberstadt-sargstedt 19.11.2024 &#8211; 00:05 UhrB2 \u2013 Mittelbrand \u2013 Juri-Gagarin-Stra\u00dfe &#8211; Einsatz 142\/2024Alarmierte Kr\u00e4fte: Einsatzleitdienst, Hauptberufliche Wachbereitschaft, FF Halberstadt, ELW-Gruppe, AS\u00dc FF Langenstein, Rettungsdienst, PolizeiKurzinfo: Vor Ort stand eine Wohnung in [&hellip;]<\/p>\n","protected":false},"author":8,"featured_media":14817,"comment_status":"closed","ping_status":"closed","sticky":false,"template":"","format":"standard","meta":{"_acf_changed":false,"footnotes":""},"categories":[9],"tags":[],"class_list":["post-15723","post","type-post","status-publish","format-standard","has-post-thumbnail","hentry","category-allgemein"],"acf":[],"yoast_head":"<!-- This site is optimized with the Yoast SEO plugin v27.5 - https:\/\/yoast.com\/product\/yoast-seo-wordpress\/ -->\n<title>Wochenbericht Freiwillige Feuerwehr - 18.11. - 24.11.2024 - Feuerwehr Halberstadt<\/title>\n<meta name=\"robots\" content=\"index, follow, max-snippet:-1, max-image-preview:large, max-video-preview:-1\" \/>\n<link rel=\"canonical\" href=\"https:\/\/www.feuerwehr-halberstadt.de\/?p=15723\" \/>\n<meta property=\"og:locale\" content=\"de_DE\" \/>\n<meta property=\"og:type\" content=\"article\" \/>\n<meta property=\"og:title\" content=\"Wochenbericht Freiwillige Feuerwehr - 18.11. - 24.11.2024 - Feuerwehr Halberstadt\" \/>\n<meta property=\"og:description\" content=\"18.11.2024 -10:14 UhrVUeP &#8211; Verkehrsunfall eingeklemmte Person &#8211; K1325 Halberstadt-Sargstedt &#8211; Einsatz 141\/2024Alarmierte Kr\u00e4fte: Einsatzleitdienst, Hauptberufliche Wachbereitschaft, FF Halberstadt, ELW-Gruppe Rettungsdienst, Christoph 36, Polizei, KriseninterventionsteamEinsatzbericht: https:\/\/www.feuerwehr-halberstadt.de\/?einsaetze=vuep-verkehrsunfall-eingeklemmte-person-k1325-halberstadt-sargstedt 19.11.2024 &#8211; 00:05 UhrB2 \u2013 Mittelbrand \u2013 Juri-Gagarin-Stra\u00dfe &#8211; Einsatz 142\/2024Alarmierte Kr\u00e4fte: Einsatzleitdienst, Hauptberufliche Wachbereitschaft, FF Halberstadt, ELW-Gruppe, AS\u00dc FF Langenstein, Rettungsdienst, PolizeiKurzinfo: Vor Ort stand eine Wohnung in [&hellip;]\" \/>\n<meta property=\"og:url\" content=\"https:\/\/www.feuerwehr-halberstadt.de\/?p=15723\" \/>\n<meta property=\"og:site_name\" content=\"Feuerwehr Halberstadt\" \/>\n<meta property=\"article:publisher\" content=\"https:\/\/www.facebook.com\/FeuerwehrHalberstadt\/\" \/>\n<meta property=\"article:published_time\" content=\"2024-11-26T13:47:34+00:00\" \/>\n<meta property=\"og:image\" content=\"https:\/\/www.feuerwehr-halberstadt.de\/wp-content\/uploads\/2024\/03\/13_20240310_165751_0010.jpg\" \/>\n\t<meta property=\"og:image:width\" content=\"1920\" \/>\n\t<meta property=\"og:image:height\" content=\"1080\" \/>\n\t<meta property=\"og:image:type\" content=\"image\/jpeg\" \/>\n<meta name=\"author\" content=\"K\u00fchne, Ren\u00e9\" \/>\n<meta name=\"twitter:card\" content=\"summary_large_image\" \/>\n<meta name=\"twitter:label1\" content=\"Verfasst von\" \/>\n\t<meta name=\"twitter:data1\" content=\"K\u00fchne, Ren\u00e9\" \/>\n\t<meta name=\"twitter:label2\" content=\"Gesch\u00e4tzte Lesezeit\" \/>\n\t<meta name=\"twitter:data2\" content=\"3\u00a0Minuten\" \/>\n<script type=\"application\/ld+json\" class=\"yoast-schema-graph\">{\"@context\":\"https:\\\/\\\/schema.org\",\"@graph\":[{\"@type\":\"Article\",\"@id\":\"https:\\\/\\\/www.feuerwehr-halberstadt.de\\\/?p=15723#article\",\"isPartOf\":{\"@id\":\"https:\\\/\\\/www.feuerwehr-halberstadt.de\\\/?p=15723\"},\"author\":{\"name\":\"K\u00fchne, Ren\u00e9\",\"@id\":\"https:\\\/\\\/www.feuerwehr-halberstadt.de\\\/#\\\/schema\\\/person\\\/3025e717504caccf9120c148aa5dafc9\"},\"headline\":\"Wochenbericht Freiwillige Feuerwehr &#8211; 18.11. &#8211; 24.11.2024\",\"datePublished\":\"2024-11-26T13:47:34+00:00\",\"mainEntityOfPage\":{\"@id\":\"https:\\\/\\\/www.feuerwehr-halberstadt.de\\\/?p=15723\"},\"wordCount\":380,\"publisher\":{\"@id\":\"https:\\\/\\\/www.feuerwehr-halberstadt.de\\\/#organization\"},\"image\":{\"@id\":\"https:\\\/\\\/www.feuerwehr-halberstadt.de\\\/?p=15723#primaryimage\"},\"thumbnailUrl\":\"https:\\\/\\\/www.feuerwehr-halberstadt.de\\\/wp-content\\\/uploads\\\/2024\\\/03\\\/13_20240310_165751_0010.jpg\",\"inLanguage\":\"de\"},{\"@type\":\"WebPage\",\"@id\":\"https:\\\/\\\/www.feuerwehr-halberstadt.de\\\/?p=15723\",\"url\":\"https:\\\/\\\/www.feuerwehr-halberstadt.de\\\/?p=15723\",\"name\":\"Wochenbericht Freiwillige Feuerwehr - 18.11. - 24.11.2024 - Feuerwehr Halberstadt\",\"isPartOf\":{\"@id\":\"https:\\\/\\\/www.feuerwehr-halberstadt.de\\\/#website\"},\"primaryImageOfPage\":{\"@id\":\"https:\\\/\\\/www.feuerwehr-halberstadt.de\\\/?p=15723#primaryimage\"},\"image\":{\"@id\":\"https:\\\/\\\/www.feuerwehr-halberstadt.de\\\/?p=15723#primaryimage\"},\"thumbnailUrl\":\"https:\\\/\\\/www.feuerwehr-halberstadt.de\\\/wp-content\\\/uploads\\\/2024\\\/03\\\/13_20240310_165751_0010.jpg\",\"datePublished\":\"2024-11-26T13:47:34+00:00\",\"breadcrumb\":{\"@id\":\"https:\\\/\\\/www.feuerwehr-halberstadt.de\\\/?p=15723#breadcrumb\"},\"inLanguage\":\"de\",\"potentialAction\":[{\"@type\":\"ReadAction\",\"target\":[\"https:\\\/\\\/www.feuerwehr-halberstadt.de\\\/?p=15723\"]}]},{\"@type\":\"ImageObject\",\"inLanguage\":\"de\",\"@id\":\"https:\\\/\\\/www.feuerwehr-halberstadt.de\\\/?p=15723#primaryimage\",\"url\":\"https:\\\/\\\/www.feuerwehr-halberstadt.de\\\/wp-content\\\/uploads\\\/2024\\\/03\\\/13_20240310_165751_0010.jpg\",\"contentUrl\":\"https:\\\/\\\/www.feuerwehr-halberstadt.de\\\/wp-content\\\/uploads\\\/2024\\\/03\\\/13_20240310_165751_0010.jpg\",\"width\":1920,\"height\":1080},{\"@type\":\"BreadcrumbList\",\"@id\":\"https:\\\/\\\/www.feuerwehr-halberstadt.de\\\/?p=15723#breadcrumb\",\"itemListElement\":[{\"@type\":\"ListItem\",\"position\":1,\"name\":\"Startseite\",\"item\":\"https:\\\/\\\/www.feuerwehr-halberstadt.de\\\/\"},{\"@type\":\"ListItem\",\"position\":2,\"name\":\"Wochenbericht Freiwillige Feuerwehr &#8211; 18.11. &#8211; 24.11.2024\"}]},{\"@type\":\"WebSite\",\"@id\":\"https:\\\/\\\/www.feuerwehr-halberstadt.de\\\/#website\",\"url\":\"https:\\\/\\\/www.feuerwehr-halberstadt.de\\\/\",\"name\":\"Feuerwehr Halberstadt\",\"description\":\"#imEinsatzf\u00fcrHalberstadt\",\"publisher\":{\"@id\":\"https:\\\/\\\/www.feuerwehr-halberstadt.de\\\/#organization\"},\"potentialAction\":[{\"@type\":\"SearchAction\",\"target\":{\"@type\":\"EntryPoint\",\"urlTemplate\":\"https:\\\/\\\/www.feuerwehr-halberstadt.de\\\/?s={search_term_string}\"},\"query-input\":{\"@type\":\"PropertyValueSpecification\",\"valueRequired\":true,\"valueName\":\"search_term_string\"}}],\"inLanguage\":\"de\"},{\"@type\":\"Organization\",\"@id\":\"https:\\\/\\\/www.feuerwehr-halberstadt.de\\\/#organization\",\"name\":\"Feuerwehr Halberstadt\",\"url\":\"https:\\\/\\\/www.feuerwehr-halberstadt.de\\\/\",\"logo\":{\"@type\":\"ImageObject\",\"inLanguage\":\"de\",\"@id\":\"https:\\\/\\\/www.feuerwehr-halberstadt.de\\\/#\\\/schema\\\/logo\\\/image\\\/\",\"url\":\"https:\\\/\\\/www.feuerwehr-halberstadt.de\\\/wp-content\\\/uploads\\\/2023\\\/10\\\/IMG_0126.png\",\"contentUrl\":\"https:\\\/\\\/www.feuerwehr-halberstadt.de\\\/wp-content\\\/uploads\\\/2023\\\/10\\\/IMG_0126.png\",\"width\":1500,\"height\":399,\"caption\":\"Feuerwehr Halberstadt\"},\"image\":{\"@id\":\"https:\\\/\\\/www.feuerwehr-halberstadt.de\\\/#\\\/schema\\\/logo\\\/image\\\/\"},\"sameAs\":[\"https:\\\/\\\/www.facebook.com\\\/FeuerwehrHalberstadt\\\/\"]},{\"@type\":\"Person\",\"@id\":\"https:\\\/\\\/www.feuerwehr-halberstadt.de\\\/#\\\/schema\\\/person\\\/3025e717504caccf9120c148aa5dafc9\",\"name\":\"K\u00fchne, Ren\u00e9\",\"image\":{\"@type\":\"ImageObject\",\"inLanguage\":\"de\",\"@id\":\"https:\\\/\\\/secure.gravatar.com\\\/avatar\\\/55eea2ec92cf331c72f122107a136da45b190ce89b28770aafc2f0a0788d2fd4?s=96&d=mm&r=g\",\"url\":\"https:\\\/\\\/secure.gravatar.com\\\/avatar\\\/55eea2ec92cf331c72f122107a136da45b190ce89b28770aafc2f0a0788d2fd4?s=96&d=mm&r=g\",\"contentUrl\":\"https:\\\/\\\/secure.gravatar.com\\\/avatar\\\/55eea2ec92cf331c72f122107a136da45b190ce89b28770aafc2f0a0788d2fd4?s=96&d=mm&r=g\",\"caption\":\"K\u00fchne, Ren\u00e9\"},\"url\":\"https:\\\/\\\/www.feuerwehr-halberstadt.de\\\/?author=8\"}]}<\/script>\n<!-- \/ Yoast SEO plugin. -->","yoast_head_json":{"title":"Wochenbericht Freiwillige Feuerwehr - 18.11. - 24.11.2024 - Feuerwehr Halberstadt","robots":{"index":"index","follow":"follow","max-snippet":"max-snippet:-1","max-image-preview":"max-image-preview:large","max-video-preview":"max-video-preview:-1"},"canonical":"https:\/\/www.feuerwehr-halberstadt.de\/?p=15723","og_locale":"de_DE","og_type":"article","og_title":"Wochenbericht Freiwillige Feuerwehr - 18.11. - 24.11.2024 - Feuerwehr Halberstadt","og_description":"18.11.2024 -10:14 UhrVUeP &#8211; Verkehrsunfall eingeklemmte Person &#8211; K1325 Halberstadt-Sargstedt &#8211; Einsatz 141\/2024Alarmierte Kr\u00e4fte: Einsatzleitdienst, Hauptberufliche Wachbereitschaft, FF Halberstadt, ELW-Gruppe Rettungsdienst, Christoph 36, Polizei, KriseninterventionsteamEinsatzbericht: https:\/\/www.feuerwehr-halberstadt.de\/?einsaetze=vuep-verkehrsunfall-eingeklemmte-person-k1325-halberstadt-sargstedt 19.11.2024 &#8211; 00:05 UhrB2 \u2013 Mittelbrand \u2013 Juri-Gagarin-Stra\u00dfe &#8211; Einsatz 142\/2024Alarmierte Kr\u00e4fte: Einsatzleitdienst, Hauptberufliche Wachbereitschaft, FF Halberstadt, ELW-Gruppe, AS\u00dc FF Langenstein, Rettungsdienst, PolizeiKurzinfo: Vor Ort stand eine Wohnung in [&hellip;]","og_url":"https:\/\/www.feuerwehr-halberstadt.de\/?p=15723","og_site_name":"Feuerwehr Halberstadt","article_publisher":"https:\/\/www.facebook.com\/FeuerwehrHalberstadt\/","article_published_time":"2024-11-26T13:47:34+00:00","og_image":[{"width":1920,"height":1080,"url":"https:\/\/www.feuerwehr-halberstadt.de\/wp-content\/uploads\/2024\/03\/13_20240310_165751_0010.jpg","type":"image\/jpeg"}],"author":"K\u00fchne, Ren\u00e9","twitter_card":"summary_large_image","twitter_misc":{"Verfasst von":"K\u00fchne, Ren\u00e9","Gesch\u00e4tzte Lesezeit":"3\u00a0Minuten"},"schema":{"@context":"https:\/\/schema.org","@graph":[{"@type":"Article","@id":"https:\/\/www.feuerwehr-halberstadt.de\/?p=15723#article","isPartOf":{"@id":"https:\/\/www.feuerwehr-halberstadt.de\/?p=15723"},"author":{"name":"K\u00fchne, Ren\u00e9","@id":"https:\/\/www.feuerwehr-halberstadt.de\/#\/schema\/person\/3025e717504caccf9120c148aa5dafc9"},"headline":"Wochenbericht Freiwillige Feuerwehr &#8211; 18.11. &#8211; 24.11.2024","datePublished":"2024-11-26T13:47:34+00:00","mainEntityOfPage":{"@id":"https:\/\/www.feuerwehr-halberstadt.de\/?p=15723"},"wordCount":380,"publisher":{"@id":"https:\/\/www.feuerwehr-halberstadt.de\/#organization"},"image":{"@id":"https:\/\/www.feuerwehr-halberstadt.de\/?p=15723#primaryimage"},"thumbnailUrl":"https:\/\/www.feuerwehr-halberstadt.de\/wp-content\/uploads\/2024\/03\/13_20240310_165751_0010.jpg","inLanguage":"de"},{"@type":"WebPage","@id":"https:\/\/www.feuerwehr-halberstadt.de\/?p=15723","url":"https:\/\/www.feuerwehr-halberstadt.de\/?p=15723","name":"Wochenbericht Freiwillige Feuerwehr - 18.11. - 24.11.2024 - Feuerwehr Halberstadt","isPartOf":{"@id":"https:\/\/www.feuerwehr-halberstadt.de\/#website"},"primaryImageOfPage":{"@id":"https:\/\/www.feuerwehr-halberstadt.de\/?p=15723#primaryimage"},"image":{"@id":"https:\/\/www.feuerwehr-halberstadt.de\/?p=15723#primaryimage"},"thumbnailUrl":"https:\/\/www.feuerwehr-halberstadt.de\/wp-content\/uploads\/2024\/03\/13_20240310_165751_0010.jpg","datePublished":"2024-11-26T13:47:34+00:00","breadcrumb":{"@id":"https:\/\/www.feuerwehr-halberstadt.de\/?p=15723#breadcrumb"},"inLanguage":"de","potentialAction":[{"@type":"ReadAction","target":["https:\/\/www.feuerwehr-halberstadt.de\/?p=15723"]}]},{"@type":"ImageObject","inLanguage":"de","@id":"https:\/\/www.feuerwehr-halberstadt.de\/?p=15723#primaryimage","url":"https:\/\/www.feuerwehr-halberstadt.de\/wp-content\/uploads\/2024\/03\/13_20240310_165751_0010.jpg","contentUrl":"https:\/\/www.feuerwehr-halberstadt.de\/wp-content\/uploads\/2024\/03\/13_20240310_165751_0010.jpg","width":1920,"height":1080},{"@type":"BreadcrumbList","@id":"https:\/\/www.feuerwehr-halberstadt.de\/?p=15723#breadcrumb","itemListElement":[{"@type":"ListItem","position":1,"name":"Startseite","item":"https:\/\/www.feuerwehr-halberstadt.de\/"},{"@type":"ListItem","position":2,"name":"Wochenbericht Freiwillige Feuerwehr &#8211; 18.11. &#8211; 24.11.2024"}]},{"@type":"WebSite","@id":"https:\/\/www.feuerwehr-halberstadt.de\/#website","url":"https:\/\/www.feuerwehr-halberstadt.de\/","name":"Feuerwehr Halberstadt","description":"#imEinsatzf\u00fcrHalberstadt","publisher":{"@id":"https:\/\/www.feuerwehr-halberstadt.de\/#organization"},"potentialAction":[{"@type":"SearchAction","target":{"@type":"EntryPoint","urlTemplate":"https:\/\/www.feuerwehr-halberstadt.de\/?s={search_term_string}"},"query-input":{"@type":"PropertyValueSpecification","valueRequired":true,"valueName":"search_term_string"}}],"inLanguage":"de"},{"@type":"Organization","@id":"https:\/\/www.feuerwehr-halberstadt.de\/#organization","name":"Feuerwehr Halberstadt","url":"https:\/\/www.feuerwehr-halberstadt.de\/","logo":{"@type":"ImageObject","inLanguage":"de","@id":"https:\/\/www.feuerwehr-halberstadt.de\/#\/schema\/logo\/image\/","url":"https:\/\/www.feuerwehr-halberstadt.de\/wp-content\/uploads\/2023\/10\/IMG_0126.png","contentUrl":"https:\/\/www.feuerwehr-halberstadt.de\/wp-content\/uploads\/2023\/10\/IMG_0126.png","width":1500,"height":399,"caption":"Feuerwehr Halberstadt"},"image":{"@id":"https:\/\/www.feuerwehr-halberstadt.de\/#\/schema\/logo\/image\/"},"sameAs":["https:\/\/www.facebook.com\/FeuerwehrHalberstadt\/"]},{"@type":"Person","@id":"https:\/\/www.feuerwehr-halberstadt.de\/#\/schema\/person\/3025e717504caccf9120c148aa5dafc9","name":"K\u00fchne, Ren\u00e9","image":{"@type":"ImageObject","inLanguage":"de","@id":"https:\/\/secure.gravatar.com\/avatar\/55eea2ec92cf331c72f122107a136da45b190ce89b28770aafc2f0a0788d2fd4?s=96&d=mm&r=g","url":"https:\/\/secure.gravatar.com\/avatar\/55eea2ec92cf331c72f122107a136da45b190ce89b28770aafc2f0a0788d2fd4?s=96&d=mm&r=g","contentUrl":"https:\/\/secure.gravatar.com\/avatar\/55eea2ec92cf331c72f122107a136da45b190ce89b28770aafc2f0a0788d2fd4?s=96&d=mm&r=g","caption":"K\u00fchne, Ren\u00e9"},"url":"https:\/\/www.feuerwehr-halberstadt.de\/?author=8"}]}},"_links":{"self":[{"href":"https:\/\/www.feuerwehr-halberstadt.de\/index.php?rest_route=\/wp\/v2\/posts\/15723","targetHints":{"allow":["GET"]}}],"collection":[{"href":"https:\/\/www.feuerwehr-halberstadt.de\/index.php?rest_route=\/wp\/v2\/posts"}],"about":[{"href":"https:\/\/www.feuerwehr-halberstadt.de\/index.php?rest_route=\/wp\/v2\/types\/post"}],"author":[{"embeddable":true,"href":"https:\/\/www.feuerwehr-halberstadt.de\/index.php?rest_route=\/wp\/v2\/users\/8"}],"replies":[{"embeddable":true,"href":"https:\/\/www.feuerwehr-halberstadt.de\/index.php?rest_route=%2Fwp%2Fv2%2Fcomments&post=15723"}],"version-history":[{"count":6,"href":"https:\/\/www.feuerwehr-halberstadt.de\/index.php?rest_route=\/wp\/v2\/posts\/15723\/revisions"}],"predecessor-version":[{"id":15741,"href":"https:\/\/www.feuerwehr-halberstadt.de\/index.php?rest_route=\/wp\/v2\/posts\/15723\/revisions\/15741"}],"wp:featuredmedia":[{"embeddable":true,"href":"https:\/\/www.feuerwehr-halberstadt.de\/index.php?rest_route=\/wp\/v2\/media\/14817"}],"wp:attachment":[{"href":"https:\/\/www.feuerwehr-halberstadt.de\/index.php?rest_route=%2Fwp%2Fv2%2Fmedia&parent=15723"}],"wp:term":[{"taxonomy":"category","embeddable":true,"href":"https:\/\/www.feuerwehr-halberstadt.de\/index.php?rest_route=%2Fwp%2Fv2%2Fcategories&post=15723"},{"taxonomy":"post_tag","embeddable":true,"href":"https:\/\/www.feuerwehr-halberstadt.de\/index.php?rest_route=%2Fwp%2Fv2%2Ftags&post=15723"}],"curies":[{"name":"wp","href":"https:\/\/api.w.org\/{rel}","templated":true}]}}