{"id":15675,"date":"2024-11-13T20:54:34","date_gmt":"2024-11-13T19:54:34","guid":{"rendered":"https:\/\/www.feuerwehr-halberstadt.de\/?p=15675"},"modified":"2024-11-13T21:18:05","modified_gmt":"2024-11-13T20:18:05","slug":"zimmerbrand-mit-mehreren-vermissten-personen-uebung-2","status":"publish","type":"post","link":"https:\/\/www.feuerwehr-halberstadt.de\/?p=15675","title":{"rendered":"Zimmerbrand mit mehreren vermissten Personen (\u00dcbung)"},"content":{"rendered":"\n<p>Am Dienstagabend, dem 12.11.2024, wurden unsere Einsatzkr\u00e4fte gegen 18:30 Uhr zu einem Feuer in die Diesterweg-Grundschule alarmiert. Die Hauptberufliche Wachbereitschaft war zu diesem Zeitpunkt in einem anderen (fiktiven) Einsatz gebunden.<\/p>\n\n\n\n<p>Vor Ort wurde den ersteintreffenden Einsatzkr\u00e4ften durch einen Hausmeister mitgeteilt, dass es im Schulgeb\u00e4ude zu einem Brandereignis gekommen sei. Nach einer ersten Befragung stellte sich heraus, dass sich noch sechs Personen im Geb\u00e4ude befinden sollen, welche vom Feuer eingeschlossen waren. <br><br>Sofort wurde durch die Besatzung des TLF ein L\u00f6schangriff aufgebaut und beide Trupps gingen unter Atemschutz zur Menschenrettung und Brandbek\u00e4mpfung ins Geb\u00e4ude vor.<\/p>\n\n\n\n<p>Als wenig sp\u00e4ter auch das HLF der Ortsfeuerwehr an der Einsatzstelle eintraf, wurde eine neue F\u00fchrungsstruktur gebildet. Der bisherige Gruppenf\u00fchrer des HLF wurde Zugf\u00fchrer und benannte einen anderen Gruppenf\u00fchrer als F\u00fchrungskraft des HLF.<\/p>\n\n\n\n<p>Im Einsatzabschnitt \u201eInnen\u201c, unter Leitung des TLF, konnte mittlerweile eine Person gerettet werden. Durch den Zugf\u00fchrer wurde eine ausf\u00fchrlichere Lageerkundung durchgef\u00fchrt, bei der vier Personen an einem Fenster festgestellt werden konnten. Der Einsatzabschnitt \u201eAu\u00dfen\u201c f\u00fchrte die Rettung der Personen \u00fcber Steckleiterteile durch.<\/p>\n\n\n\n<p>Im weiteren Einsatzverlauf konnte auch die Brandbek\u00e4mpfung beendet und die sechste Person gefunden und gerettet werden. Nachdem das Geb\u00e4ude mittels Akkul\u00fcfter bel\u00fcftet wurde, konnte die \u00dcbung gegen 20:00 Uhr beendet werden<\/p>\n\n\n\n<p>Die Einsatz\u00fcbung galt unserem Kameraden Chris Buchold, welcher vor geraumer Zeit den Lehrgang \u201eZugf\u00fchrer\u201c absolviert hatte. Er konnte sein erlerntes Wissen gut umsetzen und die \u00dcbung erfolgreich leiten, sodass er  nun zum Zugf\u00fchrer berufen wird.<\/p>\n\n\n\n<p>Ein gro\u00dfer Dank gilt dem Team der Diesterweg-Grundschule f\u00fcr die Zurverf\u00fcgungstellung des Objektes, sowie an den F\u00f6rderverein der Schule f\u00fcr die Verletztendarsteller!<\/p>\n\n\n\n<figure class=\"wp-block-gallery has-nested-images columns-default is-cropped wp-block-gallery-1 is-layout-flex wp-block-gallery-is-layout-flex\">\n<figure class=\"wp-block-image size-large\"><a href=\"https:\/\/www.feuerwehr-halberstadt.de\/wp-content\/uploads\/2024\/11\/dd7015ba-e39d-4ece-889a-39e34ef913eb.jpeg\"><img loading=\"lazy\" decoding=\"async\" width=\"1024\" height=\"768\" data-id=\"15677\" src=\"https:\/\/www.feuerwehr-halberstadt.de\/wp-content\/uploads\/2024\/11\/dd7015ba-e39d-4ece-889a-39e34ef913eb-1024x768.jpeg\" alt=\"\" class=\"wp-image-15677\" srcset=\"https:\/\/www.feuerwehr-halberstadt.de\/wp-content\/uploads\/2024\/11\/dd7015ba-e39d-4ece-889a-39e34ef913eb-1024x768.jpeg 1024w, https:\/\/www.feuerwehr-halberstadt.de\/wp-content\/uploads\/2024\/11\/dd7015ba-e39d-4ece-889a-39e34ef913eb-300x225.jpeg 300w, https:\/\/www.feuerwehr-halberstadt.de\/wp-content\/uploads\/2024\/11\/dd7015ba-e39d-4ece-889a-39e34ef913eb-768x576.jpeg 768w, https:\/\/www.feuerwehr-halberstadt.de\/wp-content\/uploads\/2024\/11\/dd7015ba-e39d-4ece-889a-39e34ef913eb-1536x1152.jpeg 1536w, https:\/\/www.feuerwehr-halberstadt.de\/wp-content\/uploads\/2024\/11\/dd7015ba-e39d-4ece-889a-39e34ef913eb.jpeg 1600w\" sizes=\"auto, (max-width: 1024px) 100vw, 1024px\" \/><\/a><\/figure>\n\n\n\n<figure class=\"wp-block-image size-large\"><a href=\"https:\/\/www.feuerwehr-halberstadt.de\/wp-content\/uploads\/2024\/11\/36a16321-f8ae-4aab-90c2-0e54428d0320.jpeg\"><img loading=\"lazy\" decoding=\"async\" width=\"1024\" height=\"768\" data-id=\"15678\" src=\"https:\/\/www.feuerwehr-halberstadt.de\/wp-content\/uploads\/2024\/11\/36a16321-f8ae-4aab-90c2-0e54428d0320-1024x768.jpeg\" alt=\"\" class=\"wp-image-15678\" srcset=\"https:\/\/www.feuerwehr-halberstadt.de\/wp-content\/uploads\/2024\/11\/36a16321-f8ae-4aab-90c2-0e54428d0320-1024x768.jpeg 1024w, https:\/\/www.feuerwehr-halberstadt.de\/wp-content\/uploads\/2024\/11\/36a16321-f8ae-4aab-90c2-0e54428d0320-300x225.jpeg 300w, https:\/\/www.feuerwehr-halberstadt.de\/wp-content\/uploads\/2024\/11\/36a16321-f8ae-4aab-90c2-0e54428d0320-768x576.jpeg 768w, https:\/\/www.feuerwehr-halberstadt.de\/wp-content\/uploads\/2024\/11\/36a16321-f8ae-4aab-90c2-0e54428d0320-1536x1152.jpeg 1536w, https:\/\/www.feuerwehr-halberstadt.de\/wp-content\/uploads\/2024\/11\/36a16321-f8ae-4aab-90c2-0e54428d0320.jpeg 1600w\" sizes=\"auto, (max-width: 1024px) 100vw, 1024px\" \/><\/a><\/figure>\n\n\n\n<figure class=\"wp-block-image size-large\"><a href=\"https:\/\/www.feuerwehr-halberstadt.de\/wp-content\/uploads\/2024\/11\/bf4ff75a-4dcf-4abd-b0a2-652e0cdae216-scaled.jpeg\"><img loading=\"lazy\" decoding=\"async\" width=\"1024\" height=\"768\" data-id=\"15680\" src=\"https:\/\/www.feuerwehr-halberstadt.de\/wp-content\/uploads\/2024\/11\/bf4ff75a-4dcf-4abd-b0a2-652e0cdae216-1024x768.jpeg\" alt=\"\" class=\"wp-image-15680\" srcset=\"https:\/\/www.feuerwehr-halberstadt.de\/wp-content\/uploads\/2024\/11\/bf4ff75a-4dcf-4abd-b0a2-652e0cdae216-1024x768.jpeg 1024w, https:\/\/www.feuerwehr-halberstadt.de\/wp-content\/uploads\/2024\/11\/bf4ff75a-4dcf-4abd-b0a2-652e0cdae216-300x225.jpeg 300w, https:\/\/www.feuerwehr-halberstadt.de\/wp-content\/uploads\/2024\/11\/bf4ff75a-4dcf-4abd-b0a2-652e0cdae216-768x576.jpeg 768w, https:\/\/www.feuerwehr-halberstadt.de\/wp-content\/uploads\/2024\/11\/bf4ff75a-4dcf-4abd-b0a2-652e0cdae216-1536x1152.jpeg 1536w, https:\/\/www.feuerwehr-halberstadt.de\/wp-content\/uploads\/2024\/11\/bf4ff75a-4dcf-4abd-b0a2-652e0cdae216-2048x1536.jpeg 2048w\" sizes=\"auto, (max-width: 1024px) 100vw, 1024px\" \/><\/a><\/figure>\n\n\n\n<figure class=\"wp-block-image size-large\"><a href=\"https:\/\/www.feuerwehr-halberstadt.de\/wp-content\/uploads\/2024\/11\/41291735-99ae-413d-85d0-1399216b25b4-scaled.jpeg\"><img loading=\"lazy\" decoding=\"async\" width=\"1024\" height=\"768\" data-id=\"15687\" src=\"https:\/\/www.feuerwehr-halberstadt.de\/wp-content\/uploads\/2024\/11\/41291735-99ae-413d-85d0-1399216b25b4-1024x768.jpeg\" alt=\"\" class=\"wp-image-15687\" srcset=\"https:\/\/www.feuerwehr-halberstadt.de\/wp-content\/uploads\/2024\/11\/41291735-99ae-413d-85d0-1399216b25b4-1024x768.jpeg 1024w, https:\/\/www.feuerwehr-halberstadt.de\/wp-content\/uploads\/2024\/11\/41291735-99ae-413d-85d0-1399216b25b4-300x225.jpeg 300w, https:\/\/www.feuerwehr-halberstadt.de\/wp-content\/uploads\/2024\/11\/41291735-99ae-413d-85d0-1399216b25b4-768x576.jpeg 768w, https:\/\/www.feuerwehr-halberstadt.de\/wp-content\/uploads\/2024\/11\/41291735-99ae-413d-85d0-1399216b25b4-1536x1152.jpeg 1536w, https:\/\/www.feuerwehr-halberstadt.de\/wp-content\/uploads\/2024\/11\/41291735-99ae-413d-85d0-1399216b25b4-2048x1536.jpeg 2048w\" sizes=\"auto, (max-width: 1024px) 100vw, 1024px\" \/><\/a><\/figure>\n<\/figure>\n","protected":false},"excerpt":{"rendered":"<p>Am Dienstagabend, dem 12.11.2024, wurden unsere Einsatzkr\u00e4fte gegen 18:30 Uhr zu einem Feuer in die Diesterweg-Grundschule alarmiert. Die Hauptberufliche Wachbereitschaft war zu diesem Zeitpunkt in einem anderen (fiktiven) Einsatz gebunden. Vor Ort wurde den ersteintreffenden Einsatzkr\u00e4ften durch einen Hausmeister mitgeteilt, dass es im Schulgeb\u00e4ude zu einem Brandereignis gekommen sei. Nach einer ersten Befragung stellte sich [&hellip;]<\/p>\n","protected":false},"author":8,"featured_media":15696,"comment_status":"closed","ping_status":"closed","sticky":false,"template":"","format":"standard","meta":{"_acf_changed":false,"footnotes":""},"categories":[9],"tags":[],"class_list":["post-15675","post","type-post","status-publish","format-standard","has-post-thumbnail","hentry","category-allgemein"],"acf":[],"yoast_head":"<!-- This site is optimized with the Yoast SEO plugin v27.5 - https:\/\/yoast.com\/product\/yoast-seo-wordpress\/ -->\n<title>Zimmerbrand mit mehreren vermissten Personen (\u00dcbung) - Feuerwehr Halberstadt<\/title>\n<meta name=\"robots\" content=\"index, follow, max-snippet:-1, max-image-preview:large, max-video-preview:-1\" \/>\n<link rel=\"canonical\" href=\"https:\/\/www.feuerwehr-halberstadt.de\/?p=15675\" \/>\n<meta property=\"og:locale\" content=\"de_DE\" \/>\n<meta property=\"og:type\" content=\"article\" \/>\n<meta property=\"og:title\" content=\"Zimmerbrand mit mehreren vermissten Personen (\u00dcbung) - Feuerwehr Halberstadt\" \/>\n<meta property=\"og:description\" content=\"Am Dienstagabend, dem 12.11.2024, wurden unsere Einsatzkr\u00e4fte gegen 18:30 Uhr zu einem Feuer in die Diesterweg-Grundschule alarmiert. Die Hauptberufliche Wachbereitschaft war zu diesem Zeitpunkt in einem anderen (fiktiven) Einsatz gebunden. Vor Ort wurde den ersteintreffenden Einsatzkr\u00e4ften durch einen Hausmeister mitgeteilt, dass es im Schulgeb\u00e4ude zu einem Brandereignis gekommen sei. Nach einer ersten Befragung stellte sich [&hellip;]\" \/>\n<meta property=\"og:url\" content=\"https:\/\/www.feuerwehr-halberstadt.de\/?p=15675\" \/>\n<meta property=\"og:site_name\" content=\"Feuerwehr Halberstadt\" \/>\n<meta property=\"article:publisher\" content=\"https:\/\/www.facebook.com\/FeuerwehrHalberstadt\/\" \/>\n<meta property=\"article:published_time\" content=\"2024-11-13T19:54:34+00:00\" \/>\n<meta property=\"article:modified_time\" content=\"2024-11-13T20:18:05+00:00\" \/>\n<meta property=\"og:image\" content=\"https:\/\/www.feuerwehr-halberstadt.de\/wp-content\/uploads\/2024\/11\/ecb3eb8f-ec81-4f06-9c7d-3eceb13e02c2.jpeg\" \/>\n\t<meta property=\"og:image:width\" content=\"1280\" \/>\n\t<meta property=\"og:image:height\" content=\"960\" \/>\n\t<meta property=\"og:image:type\" content=\"image\/jpeg\" \/>\n<meta name=\"author\" content=\"K\u00fchne, Ren\u00e9\" \/>\n<meta name=\"twitter:card\" content=\"summary_large_image\" \/>\n<meta name=\"twitter:label1\" content=\"Verfasst von\" \/>\n\t<meta name=\"twitter:data1\" content=\"K\u00fchne, Ren\u00e9\" \/>\n\t<meta name=\"twitter:label2\" content=\"Gesch\u00e4tzte Lesezeit\" \/>\n\t<meta name=\"twitter:data2\" content=\"3\u00a0Minuten\" \/>\n<script type=\"application\/ld+json\" class=\"yoast-schema-graph\">{\"@context\":\"https:\\\/\\\/schema.org\",\"@graph\":[{\"@type\":\"Article\",\"@id\":\"https:\\\/\\\/www.feuerwehr-halberstadt.de\\\/?p=15675#article\",\"isPartOf\":{\"@id\":\"https:\\\/\\\/www.feuerwehr-halberstadt.de\\\/?p=15675\"},\"author\":{\"name\":\"K\u00fchne, Ren\u00e9\",\"@id\":\"https:\\\/\\\/www.feuerwehr-halberstadt.de\\\/#\\\/schema\\\/person\\\/3025e717504caccf9120c148aa5dafc9\"},\"headline\":\"Zimmerbrand mit mehreren vermissten Personen (\u00dcbung)\",\"datePublished\":\"2024-11-13T19:54:34+00:00\",\"dateModified\":\"2024-11-13T20:18:05+00:00\",\"mainEntityOfPage\":{\"@id\":\"https:\\\/\\\/www.feuerwehr-halberstadt.de\\\/?p=15675\"},\"wordCount\":289,\"publisher\":{\"@id\":\"https:\\\/\\\/www.feuerwehr-halberstadt.de\\\/#organization\"},\"image\":{\"@id\":\"https:\\\/\\\/www.feuerwehr-halberstadt.de\\\/?p=15675#primaryimage\"},\"thumbnailUrl\":\"https:\\\/\\\/www.feuerwehr-halberstadt.de\\\/wp-content\\\/uploads\\\/2024\\\/11\\\/ecb3eb8f-ec81-4f06-9c7d-3eceb13e02c2.jpeg\",\"inLanguage\":\"de\"},{\"@type\":\"WebPage\",\"@id\":\"https:\\\/\\\/www.feuerwehr-halberstadt.de\\\/?p=15675\",\"url\":\"https:\\\/\\\/www.feuerwehr-halberstadt.de\\\/?p=15675\",\"name\":\"Zimmerbrand mit mehreren vermissten Personen (\u00dcbung) - Feuerwehr Halberstadt\",\"isPartOf\":{\"@id\":\"https:\\\/\\\/www.feuerwehr-halberstadt.de\\\/#website\"},\"primaryImageOfPage\":{\"@id\":\"https:\\\/\\\/www.feuerwehr-halberstadt.de\\\/?p=15675#primaryimage\"},\"image\":{\"@id\":\"https:\\\/\\\/www.feuerwehr-halberstadt.de\\\/?p=15675#primaryimage\"},\"thumbnailUrl\":\"https:\\\/\\\/www.feuerwehr-halberstadt.de\\\/wp-content\\\/uploads\\\/2024\\\/11\\\/ecb3eb8f-ec81-4f06-9c7d-3eceb13e02c2.jpeg\",\"datePublished\":\"2024-11-13T19:54:34+00:00\",\"dateModified\":\"2024-11-13T20:18:05+00:00\",\"breadcrumb\":{\"@id\":\"https:\\\/\\\/www.feuerwehr-halberstadt.de\\\/?p=15675#breadcrumb\"},\"inLanguage\":\"de\",\"potentialAction\":[{\"@type\":\"ReadAction\",\"target\":[\"https:\\\/\\\/www.feuerwehr-halberstadt.de\\\/?p=15675\"]}]},{\"@type\":\"ImageObject\",\"inLanguage\":\"de\",\"@id\":\"https:\\\/\\\/www.feuerwehr-halberstadt.de\\\/?p=15675#primaryimage\",\"url\":\"https:\\\/\\\/www.feuerwehr-halberstadt.de\\\/wp-content\\\/uploads\\\/2024\\\/11\\\/ecb3eb8f-ec81-4f06-9c7d-3eceb13e02c2.jpeg\",\"contentUrl\":\"https:\\\/\\\/www.feuerwehr-halberstadt.de\\\/wp-content\\\/uploads\\\/2024\\\/11\\\/ecb3eb8f-ec81-4f06-9c7d-3eceb13e02c2.jpeg\",\"width\":1280,\"height\":960},{\"@type\":\"BreadcrumbList\",\"@id\":\"https:\\\/\\\/www.feuerwehr-halberstadt.de\\\/?p=15675#breadcrumb\",\"itemListElement\":[{\"@type\":\"ListItem\",\"position\":1,\"name\":\"Startseite\",\"item\":\"https:\\\/\\\/www.feuerwehr-halberstadt.de\\\/\"},{\"@type\":\"ListItem\",\"position\":2,\"name\":\"Zimmerbrand mit mehreren vermissten Personen (\u00dcbung)\"}]},{\"@type\":\"WebSite\",\"@id\":\"https:\\\/\\\/www.feuerwehr-halberstadt.de\\\/#website\",\"url\":\"https:\\\/\\\/www.feuerwehr-halberstadt.de\\\/\",\"name\":\"Feuerwehr Halberstadt\",\"description\":\"#imEinsatzf\u00fcrHalberstadt\",\"publisher\":{\"@id\":\"https:\\\/\\\/www.feuerwehr-halberstadt.de\\\/#organization\"},\"potentialAction\":[{\"@type\":\"SearchAction\",\"target\":{\"@type\":\"EntryPoint\",\"urlTemplate\":\"https:\\\/\\\/www.feuerwehr-halberstadt.de\\\/?s={search_term_string}\"},\"query-input\":{\"@type\":\"PropertyValueSpecification\",\"valueRequired\":true,\"valueName\":\"search_term_string\"}}],\"inLanguage\":\"de\"},{\"@type\":\"Organization\",\"@id\":\"https:\\\/\\\/www.feuerwehr-halberstadt.de\\\/#organization\",\"name\":\"Feuerwehr Halberstadt\",\"url\":\"https:\\\/\\\/www.feuerwehr-halberstadt.de\\\/\",\"logo\":{\"@type\":\"ImageObject\",\"inLanguage\":\"de\",\"@id\":\"https:\\\/\\\/www.feuerwehr-halberstadt.de\\\/#\\\/schema\\\/logo\\\/image\\\/\",\"url\":\"https:\\\/\\\/www.feuerwehr-halberstadt.de\\\/wp-content\\\/uploads\\\/2023\\\/10\\\/IMG_0126.png\",\"contentUrl\":\"https:\\\/\\\/www.feuerwehr-halberstadt.de\\\/wp-content\\\/uploads\\\/2023\\\/10\\\/IMG_0126.png\",\"width\":1500,\"height\":399,\"caption\":\"Feuerwehr Halberstadt\"},\"image\":{\"@id\":\"https:\\\/\\\/www.feuerwehr-halberstadt.de\\\/#\\\/schema\\\/logo\\\/image\\\/\"},\"sameAs\":[\"https:\\\/\\\/www.facebook.com\\\/FeuerwehrHalberstadt\\\/\"]},{\"@type\":\"Person\",\"@id\":\"https:\\\/\\\/www.feuerwehr-halberstadt.de\\\/#\\\/schema\\\/person\\\/3025e717504caccf9120c148aa5dafc9\",\"name\":\"K\u00fchne, Ren\u00e9\",\"image\":{\"@type\":\"ImageObject\",\"inLanguage\":\"de\",\"@id\":\"https:\\\/\\\/secure.gravatar.com\\\/avatar\\\/55eea2ec92cf331c72f122107a136da45b190ce89b28770aafc2f0a0788d2fd4?s=96&d=mm&r=g\",\"url\":\"https:\\\/\\\/secure.gravatar.com\\\/avatar\\\/55eea2ec92cf331c72f122107a136da45b190ce89b28770aafc2f0a0788d2fd4?s=96&d=mm&r=g\",\"contentUrl\":\"https:\\\/\\\/secure.gravatar.com\\\/avatar\\\/55eea2ec92cf331c72f122107a136da45b190ce89b28770aafc2f0a0788d2fd4?s=96&d=mm&r=g\",\"caption\":\"K\u00fchne, Ren\u00e9\"},\"url\":\"https:\\\/\\\/www.feuerwehr-halberstadt.de\\\/?author=8\"}]}<\/script>\n<!-- \/ Yoast SEO plugin. -->","yoast_head_json":{"title":"Zimmerbrand mit mehreren vermissten Personen (\u00dcbung) - Feuerwehr Halberstadt","robots":{"index":"index","follow":"follow","max-snippet":"max-snippet:-1","max-image-preview":"max-image-preview:large","max-video-preview":"max-video-preview:-1"},"canonical":"https:\/\/www.feuerwehr-halberstadt.de\/?p=15675","og_locale":"de_DE","og_type":"article","og_title":"Zimmerbrand mit mehreren vermissten Personen (\u00dcbung) - Feuerwehr Halberstadt","og_description":"Am Dienstagabend, dem 12.11.2024, wurden unsere Einsatzkr\u00e4fte gegen 18:30 Uhr zu einem Feuer in die Diesterweg-Grundschule alarmiert. Die Hauptberufliche Wachbereitschaft war zu diesem Zeitpunkt in einem anderen (fiktiven) Einsatz gebunden. Vor Ort wurde den ersteintreffenden Einsatzkr\u00e4ften durch einen Hausmeister mitgeteilt, dass es im Schulgeb\u00e4ude zu einem Brandereignis gekommen sei. Nach einer ersten Befragung stellte sich [&hellip;]","og_url":"https:\/\/www.feuerwehr-halberstadt.de\/?p=15675","og_site_name":"Feuerwehr Halberstadt","article_publisher":"https:\/\/www.facebook.com\/FeuerwehrHalberstadt\/","article_published_time":"2024-11-13T19:54:34+00:00","article_modified_time":"2024-11-13T20:18:05+00:00","og_image":[{"width":1280,"height":960,"url":"https:\/\/www.feuerwehr-halberstadt.de\/wp-content\/uploads\/2024\/11\/ecb3eb8f-ec81-4f06-9c7d-3eceb13e02c2.jpeg","type":"image\/jpeg"}],"author":"K\u00fchne, Ren\u00e9","twitter_card":"summary_large_image","twitter_misc":{"Verfasst von":"K\u00fchne, Ren\u00e9","Gesch\u00e4tzte Lesezeit":"3\u00a0Minuten"},"schema":{"@context":"https:\/\/schema.org","@graph":[{"@type":"Article","@id":"https:\/\/www.feuerwehr-halberstadt.de\/?p=15675#article","isPartOf":{"@id":"https:\/\/www.feuerwehr-halberstadt.de\/?p=15675"},"author":{"name":"K\u00fchne, Ren\u00e9","@id":"https:\/\/www.feuerwehr-halberstadt.de\/#\/schema\/person\/3025e717504caccf9120c148aa5dafc9"},"headline":"Zimmerbrand mit mehreren vermissten Personen (\u00dcbung)","datePublished":"2024-11-13T19:54:34+00:00","dateModified":"2024-11-13T20:18:05+00:00","mainEntityOfPage":{"@id":"https:\/\/www.feuerwehr-halberstadt.de\/?p=15675"},"wordCount":289,"publisher":{"@id":"https:\/\/www.feuerwehr-halberstadt.de\/#organization"},"image":{"@id":"https:\/\/www.feuerwehr-halberstadt.de\/?p=15675#primaryimage"},"thumbnailUrl":"https:\/\/www.feuerwehr-halberstadt.de\/wp-content\/uploads\/2024\/11\/ecb3eb8f-ec81-4f06-9c7d-3eceb13e02c2.jpeg","inLanguage":"de"},{"@type":"WebPage","@id":"https:\/\/www.feuerwehr-halberstadt.de\/?p=15675","url":"https:\/\/www.feuerwehr-halberstadt.de\/?p=15675","name":"Zimmerbrand mit mehreren vermissten Personen (\u00dcbung) - Feuerwehr Halberstadt","isPartOf":{"@id":"https:\/\/www.feuerwehr-halberstadt.de\/#website"},"primaryImageOfPage":{"@id":"https:\/\/www.feuerwehr-halberstadt.de\/?p=15675#primaryimage"},"image":{"@id":"https:\/\/www.feuerwehr-halberstadt.de\/?p=15675#primaryimage"},"thumbnailUrl":"https:\/\/www.feuerwehr-halberstadt.de\/wp-content\/uploads\/2024\/11\/ecb3eb8f-ec81-4f06-9c7d-3eceb13e02c2.jpeg","datePublished":"2024-11-13T19:54:34+00:00","dateModified":"2024-11-13T20:18:05+00:00","breadcrumb":{"@id":"https:\/\/www.feuerwehr-halberstadt.de\/?p=15675#breadcrumb"},"inLanguage":"de","potentialAction":[{"@type":"ReadAction","target":["https:\/\/www.feuerwehr-halberstadt.de\/?p=15675"]}]},{"@type":"ImageObject","inLanguage":"de","@id":"https:\/\/www.feuerwehr-halberstadt.de\/?p=15675#primaryimage","url":"https:\/\/www.feuerwehr-halberstadt.de\/wp-content\/uploads\/2024\/11\/ecb3eb8f-ec81-4f06-9c7d-3eceb13e02c2.jpeg","contentUrl":"https:\/\/www.feuerwehr-halberstadt.de\/wp-content\/uploads\/2024\/11\/ecb3eb8f-ec81-4f06-9c7d-3eceb13e02c2.jpeg","width":1280,"height":960},{"@type":"BreadcrumbList","@id":"https:\/\/www.feuerwehr-halberstadt.de\/?p=15675#breadcrumb","itemListElement":[{"@type":"ListItem","position":1,"name":"Startseite","item":"https:\/\/www.feuerwehr-halberstadt.de\/"},{"@type":"ListItem","position":2,"name":"Zimmerbrand mit mehreren vermissten Personen (\u00dcbung)"}]},{"@type":"WebSite","@id":"https:\/\/www.feuerwehr-halberstadt.de\/#website","url":"https:\/\/www.feuerwehr-halberstadt.de\/","name":"Feuerwehr Halberstadt","description":"#imEinsatzf\u00fcrHalberstadt","publisher":{"@id":"https:\/\/www.feuerwehr-halberstadt.de\/#organization"},"potentialAction":[{"@type":"SearchAction","target":{"@type":"EntryPoint","urlTemplate":"https:\/\/www.feuerwehr-halberstadt.de\/?s={search_term_string}"},"query-input":{"@type":"PropertyValueSpecification","valueRequired":true,"valueName":"search_term_string"}}],"inLanguage":"de"},{"@type":"Organization","@id":"https:\/\/www.feuerwehr-halberstadt.de\/#organization","name":"Feuerwehr Halberstadt","url":"https:\/\/www.feuerwehr-halberstadt.de\/","logo":{"@type":"ImageObject","inLanguage":"de","@id":"https:\/\/www.feuerwehr-halberstadt.de\/#\/schema\/logo\/image\/","url":"https:\/\/www.feuerwehr-halberstadt.de\/wp-content\/uploads\/2023\/10\/IMG_0126.png","contentUrl":"https:\/\/www.feuerwehr-halberstadt.de\/wp-content\/uploads\/2023\/10\/IMG_0126.png","width":1500,"height":399,"caption":"Feuerwehr Halberstadt"},"image":{"@id":"https:\/\/www.feuerwehr-halberstadt.de\/#\/schema\/logo\/image\/"},"sameAs":["https:\/\/www.facebook.com\/FeuerwehrHalberstadt\/"]},{"@type":"Person","@id":"https:\/\/www.feuerwehr-halberstadt.de\/#\/schema\/person\/3025e717504caccf9120c148aa5dafc9","name":"K\u00fchne, Ren\u00e9","image":{"@type":"ImageObject","inLanguage":"de","@id":"https:\/\/secure.gravatar.com\/avatar\/55eea2ec92cf331c72f122107a136da45b190ce89b28770aafc2f0a0788d2fd4?s=96&d=mm&r=g","url":"https:\/\/secure.gravatar.com\/avatar\/55eea2ec92cf331c72f122107a136da45b190ce89b28770aafc2f0a0788d2fd4?s=96&d=mm&r=g","contentUrl":"https:\/\/secure.gravatar.com\/avatar\/55eea2ec92cf331c72f122107a136da45b190ce89b28770aafc2f0a0788d2fd4?s=96&d=mm&r=g","caption":"K\u00fchne, Ren\u00e9"},"url":"https:\/\/www.feuerwehr-halberstadt.de\/?author=8"}]}},"_links":{"self":[{"href":"https:\/\/www.feuerwehr-halberstadt.de\/index.php?rest_route=\/wp\/v2\/posts\/15675","targetHints":{"allow":["GET"]}}],"collection":[{"href":"https:\/\/www.feuerwehr-halberstadt.de\/index.php?rest_route=\/wp\/v2\/posts"}],"about":[{"href":"https:\/\/www.feuerwehr-halberstadt.de\/index.php?rest_route=\/wp\/v2\/types\/post"}],"author":[{"embeddable":true,"href":"https:\/\/www.feuerwehr-halberstadt.de\/index.php?rest_route=\/wp\/v2\/users\/8"}],"replies":[{"embeddable":true,"href":"https:\/\/www.feuerwehr-halberstadt.de\/index.php?rest_route=%2Fwp%2Fv2%2Fcomments&post=15675"}],"version-history":[{"count":9,"href":"https:\/\/www.feuerwehr-halberstadt.de\/index.php?rest_route=\/wp\/v2\/posts\/15675\/revisions"}],"predecessor-version":[{"id":15700,"href":"https:\/\/www.feuerwehr-halberstadt.de\/index.php?rest_route=\/wp\/v2\/posts\/15675\/revisions\/15700"}],"wp:featuredmedia":[{"embeddable":true,"href":"https:\/\/www.feuerwehr-halberstadt.de\/index.php?rest_route=\/wp\/v2\/media\/15696"}],"wp:attachment":[{"href":"https:\/\/www.feuerwehr-halberstadt.de\/index.php?rest_route=%2Fwp%2Fv2%2Fmedia&parent=15675"}],"wp:term":[{"taxonomy":"category","embeddable":true,"href":"https:\/\/www.feuerwehr-halberstadt.de\/index.php?rest_route=%2Fwp%2Fv2%2Fcategories&post=15675"},{"taxonomy":"post_tag","embeddable":true,"href":"https:\/\/www.feuerwehr-halberstadt.de\/index.php?rest_route=%2Fwp%2Fv2%2Ftags&post=15675"}],"curies":[{"name":"wp","href":"https:\/\/api.w.org\/{rel}","templated":true}]}}