{"id":15532,"date":"2024-10-01T05:51:38","date_gmt":"2024-10-01T03:51:38","guid":{"rendered":"https:\/\/www.feuerwehr-halberstadt.de\/?p=15532"},"modified":"2024-10-01T05:51:39","modified_gmt":"2024-10-01T03:51:39","slug":"jahreshauptversammlung-des-feuerwehr-foerdervereins-st-florian-halberstadt-e-v-3","status":"publish","type":"post","link":"https:\/\/www.feuerwehr-halberstadt.de\/?p=15532","title":{"rendered":"Jahreshauptversammlung des Feuerwehr F\u00f6rdervereins &#8222;St. Florian&#8220; Halberstadt e.V."},"content":{"rendered":"\n<p>Am 27. September fand die diesj\u00e4hrige Jahreshauptversammlung des Feuerwehr F\u00f6rdervereins &#8222;St. Florian&#8220; Halberstadt e.V. statt. Vereinsvorsitzende Mandy Viering er\u00f6ffnete die Jahreshauptversammlung und berichtete \u00fcber die Projekte, welche der Verein im Jahr 2023 unterst\u00fctzt hat. Anschlie\u00dfend wurden durch Kassenwartin Elke Hoffmann Daten und Zahlen im Kassenbericht vorgetragen. Kay Rehren wurde zum neuen Pressesprecher und Lothar Miethke zum Kassenpr\u00fcfer gew\u00e4hlt. Nach dem Verlesen der Jahresberichte und der Durchf\u00fchrung der Wahlen gab es noch ein besonderes Highlight.<\/p>\n\n\n\n<p>Durch zahlreiche Spenden von Firmen (siehe unten), ist es dem F\u00f6rderverein gelungen, 7 Defibrillatoren der Firma Herzk\u00f6nig Medizintechnik GmbH aus L\u00fcbeck anzuschaffen und im Zuge der Jahreshauptversammlung an die Freiwilligen Feuerwehren zu \u00fcbergeben. Hier gilt den Firmen nicht nur vom F\u00f6rderverein, sondern auch von der Bev\u00f6lkerung ein riesiges DANKESCH\u00d6N.<\/p>\n\n\n\n<p>\u201eEs war kein leichtes Unterfangen! Viele von den 150 kontaktierten Firmen waren bereit zu unterst\u00fctzen, jedoch haben einige mit der schwierigen wirtschaftlichen Lage zu k\u00e4mpfen. Es gab Unternehmen, welche ihre Zusage gaben, aber noch nicht handelten. Das ist \u00fcberhaupt kein Problem\u201c so Viering. \u201eAuch in Zukunft haben wir noch reichlich Projekte vor uns um die Bev\u00f6lkerung der Stadt Halberstadt und ihrer Ortschaften besser abzusichern. Genauso wie die Nachwuchsgewinnung aus den Kinder- und Jugendfeuerwehren und die Unterst\u00fctzung der Kameraden der Altersabteilung, welche sich in den vergangenen Jahrzehnten um das Feuerwehrwesen verdient gemacht haben.&#8220;<\/p>\n\n\n\n<p><strong><em>Spenden hat der F\u00f6rderverein erhalten von:<\/em><\/strong><\/p>\n\n\n\n<p><em>APH GmbH, AGRO Nonwoven GmbH, Primed Halberstadt Medizintechnik GmbH, Bestattungen LINDEMANN GmbH, Heizung und Sanit\u00e4r Stefan Baumgarte, Winter Heizung &amp; Sanit\u00e4r GmbH, EDEKA Center Halberstadt, SSH GmbH, Elektroinstallationsmeister Frithjof Molt, Halberst\u00e4dter Wohnungsgesellschaft, NOSA GmbH, Omexom GmbH, Dahlhausen Medizintechnik GmbH, Volker Nickel, hyroWEB GmbH, Wohnungsbaugenossenschaft Halberstadt, Abwassergesellschaft Halberstadt GmbH, Halberstadtwerke GmbH, Halberst\u00e4dter B\u00e4cker und Konditoren GmbH, REITEC GmbH , Maria Pump, Peking Restaurant, Fa. Tabert, B\u00fcro Projekt GmbH, Landwirt J\u00f6rg L\u00fcdke, Hyundai Autohaus, Fraktion Die Linke, Cardea GmbH &amp; Co. KG, und drei weitere Firmen welche hier nicht genannt werden m\u00f6chten.<\/em><\/p>\n\n\n\n<figure class=\"wp-block-image size-full\"><img loading=\"lazy\" decoding=\"async\" width=\"605\" height=\"272\" src=\"https:\/\/www.feuerwehr-halberstadt.de\/wp-content\/uploads\/2024\/10\/Bild2.png\" alt=\"\" class=\"wp-image-15534\" srcset=\"https:\/\/www.feuerwehr-halberstadt.de\/wp-content\/uploads\/2024\/10\/Bild2.png 605w, https:\/\/www.feuerwehr-halberstadt.de\/wp-content\/uploads\/2024\/10\/Bild2-300x135.png 300w\" sizes=\"auto, (max-width: 605px) 100vw, 605px\" \/><\/figure>\n","protected":false},"excerpt":{"rendered":"<p>Am 27. September fand die diesj\u00e4hrige Jahreshauptversammlung des Feuerwehr F\u00f6rdervereins &#8222;St. Florian&#8220; Halberstadt e.V. statt. Vereinsvorsitzende Mandy Viering er\u00f6ffnete die Jahreshauptversammlung und berichtete \u00fcber die Projekte, welche der Verein im Jahr 2023 unterst\u00fctzt hat. Anschlie\u00dfend wurden durch Kassenwartin Elke Hoffmann Daten und Zahlen im Kassenbericht vorgetragen. Kay Rehren wurde zum neuen Pressesprecher und Lothar Miethke [&hellip;]<\/p>\n","protected":false},"author":3,"featured_media":15533,"comment_status":"closed","ping_status":"closed","sticky":false,"template":"","format":"standard","meta":{"_acf_changed":false,"footnotes":""},"categories":[10],"tags":[],"class_list":["post-15532","post","type-post","status-publish","format-standard","has-post-thumbnail","hentry","category-foerderverein"],"acf":[],"yoast_head":"<!-- This site is optimized with the Yoast SEO plugin v27.5 - https:\/\/yoast.com\/product\/yoast-seo-wordpress\/ -->\n<title>Jahreshauptversammlung des Feuerwehr F\u00f6rdervereins &quot;St. Florian&quot; Halberstadt e.V. - Feuerwehr Halberstadt<\/title>\n<meta name=\"robots\" content=\"index, follow, max-snippet:-1, max-image-preview:large, max-video-preview:-1\" \/>\n<link rel=\"canonical\" href=\"https:\/\/www.feuerwehr-halberstadt.de\/?p=15532\" \/>\n<meta property=\"og:locale\" content=\"de_DE\" \/>\n<meta property=\"og:type\" content=\"article\" \/>\n<meta property=\"og:title\" content=\"Jahreshauptversammlung des Feuerwehr F\u00f6rdervereins &quot;St. Florian&quot; Halberstadt e.V. - Feuerwehr Halberstadt\" \/>\n<meta property=\"og:description\" content=\"Am 27. September fand die diesj\u00e4hrige Jahreshauptversammlung des Feuerwehr F\u00f6rdervereins &#8222;St. Florian&#8220; Halberstadt e.V. statt. Vereinsvorsitzende Mandy Viering er\u00f6ffnete die Jahreshauptversammlung und berichtete \u00fcber die Projekte, welche der Verein im Jahr 2023 unterst\u00fctzt hat. Anschlie\u00dfend wurden durch Kassenwartin Elke Hoffmann Daten und Zahlen im Kassenbericht vorgetragen. Kay Rehren wurde zum neuen Pressesprecher und Lothar Miethke [&hellip;]\" \/>\n<meta property=\"og:url\" content=\"https:\/\/www.feuerwehr-halberstadt.de\/?p=15532\" \/>\n<meta property=\"og:site_name\" content=\"Feuerwehr Halberstadt\" \/>\n<meta property=\"article:publisher\" content=\"https:\/\/www.facebook.com\/FeuerwehrHalberstadt\/\" \/>\n<meta property=\"article:published_time\" content=\"2024-10-01T03:51:38+00:00\" \/>\n<meta property=\"article:modified_time\" content=\"2024-10-01T03:51:39+00:00\" \/>\n<meta property=\"og:image\" content=\"https:\/\/www.feuerwehr-halberstadt.de\/wp-content\/uploads\/2024\/10\/Bild1.png\" \/>\n\t<meta property=\"og:image:width\" content=\"605\" \/>\n\t<meta property=\"og:image:height\" content=\"290\" \/>\n\t<meta property=\"og:image:type\" content=\"image\/png\" \/>\n<meta name=\"author\" content=\"Buchold, Chris\" \/>\n<meta name=\"twitter:card\" content=\"summary_large_image\" \/>\n<meta name=\"twitter:label1\" content=\"Verfasst von\" \/>\n\t<meta name=\"twitter:data1\" content=\"Buchold, Chris\" \/>\n\t<meta name=\"twitter:label2\" content=\"Gesch\u00e4tzte Lesezeit\" \/>\n\t<meta name=\"twitter:data2\" content=\"2\u00a0Minuten\" \/>\n<script type=\"application\/ld+json\" class=\"yoast-schema-graph\">{\"@context\":\"https:\\\/\\\/schema.org\",\"@graph\":[{\"@type\":\"Article\",\"@id\":\"https:\\\/\\\/www.feuerwehr-halberstadt.de\\\/?p=15532#article\",\"isPartOf\":{\"@id\":\"https:\\\/\\\/www.feuerwehr-halberstadt.de\\\/?p=15532\"},\"author\":{\"name\":\"Buchold, Chris\",\"@id\":\"https:\\\/\\\/www.feuerwehr-halberstadt.de\\\/#\\\/schema\\\/person\\\/55ce5d9b46008e58cd3d55d4116ec727\"},\"headline\":\"Jahreshauptversammlung des Feuerwehr F\u00f6rdervereins &#8222;St. Florian&#8220; Halberstadt e.V.\",\"datePublished\":\"2024-10-01T03:51:38+00:00\",\"dateModified\":\"2024-10-01T03:51:39+00:00\",\"mainEntityOfPage\":{\"@id\":\"https:\\\/\\\/www.feuerwehr-halberstadt.de\\\/?p=15532\"},\"wordCount\":345,\"publisher\":{\"@id\":\"https:\\\/\\\/www.feuerwehr-halberstadt.de\\\/#organization\"},\"image\":{\"@id\":\"https:\\\/\\\/www.feuerwehr-halberstadt.de\\\/?p=15532#primaryimage\"},\"thumbnailUrl\":\"https:\\\/\\\/www.feuerwehr-halberstadt.de\\\/wp-content\\\/uploads\\\/2024\\\/10\\\/Bild1.png\",\"articleSection\":[\"F\u00f6rderverein\"],\"inLanguage\":\"de\"},{\"@type\":\"WebPage\",\"@id\":\"https:\\\/\\\/www.feuerwehr-halberstadt.de\\\/?p=15532\",\"url\":\"https:\\\/\\\/www.feuerwehr-halberstadt.de\\\/?p=15532\",\"name\":\"Jahreshauptversammlung des Feuerwehr F\u00f6rdervereins \\\"St. Florian\\\" Halberstadt e.V. - Feuerwehr Halberstadt\",\"isPartOf\":{\"@id\":\"https:\\\/\\\/www.feuerwehr-halberstadt.de\\\/#website\"},\"primaryImageOfPage\":{\"@id\":\"https:\\\/\\\/www.feuerwehr-halberstadt.de\\\/?p=15532#primaryimage\"},\"image\":{\"@id\":\"https:\\\/\\\/www.feuerwehr-halberstadt.de\\\/?p=15532#primaryimage\"},\"thumbnailUrl\":\"https:\\\/\\\/www.feuerwehr-halberstadt.de\\\/wp-content\\\/uploads\\\/2024\\\/10\\\/Bild1.png\",\"datePublished\":\"2024-10-01T03:51:38+00:00\",\"dateModified\":\"2024-10-01T03:51:39+00:00\",\"breadcrumb\":{\"@id\":\"https:\\\/\\\/www.feuerwehr-halberstadt.de\\\/?p=15532#breadcrumb\"},\"inLanguage\":\"de\",\"potentialAction\":[{\"@type\":\"ReadAction\",\"target\":[\"https:\\\/\\\/www.feuerwehr-halberstadt.de\\\/?p=15532\"]}]},{\"@type\":\"ImageObject\",\"inLanguage\":\"de\",\"@id\":\"https:\\\/\\\/www.feuerwehr-halberstadt.de\\\/?p=15532#primaryimage\",\"url\":\"https:\\\/\\\/www.feuerwehr-halberstadt.de\\\/wp-content\\\/uploads\\\/2024\\\/10\\\/Bild1.png\",\"contentUrl\":\"https:\\\/\\\/www.feuerwehr-halberstadt.de\\\/wp-content\\\/uploads\\\/2024\\\/10\\\/Bild1.png\",\"width\":605,\"height\":290},{\"@type\":\"BreadcrumbList\",\"@id\":\"https:\\\/\\\/www.feuerwehr-halberstadt.de\\\/?p=15532#breadcrumb\",\"itemListElement\":[{\"@type\":\"ListItem\",\"position\":1,\"name\":\"Startseite\",\"item\":\"https:\\\/\\\/www.feuerwehr-halberstadt.de\\\/\"},{\"@type\":\"ListItem\",\"position\":2,\"name\":\"Jahreshauptversammlung des Feuerwehr F\u00f6rdervereins &#8220;St. Florian&#8221; Halberstadt e.V.\"}]},{\"@type\":\"WebSite\",\"@id\":\"https:\\\/\\\/www.feuerwehr-halberstadt.de\\\/#website\",\"url\":\"https:\\\/\\\/www.feuerwehr-halberstadt.de\\\/\",\"name\":\"Feuerwehr Halberstadt\",\"description\":\"#imEinsatzf\u00fcrHalberstadt\",\"publisher\":{\"@id\":\"https:\\\/\\\/www.feuerwehr-halberstadt.de\\\/#organization\"},\"potentialAction\":[{\"@type\":\"SearchAction\",\"target\":{\"@type\":\"EntryPoint\",\"urlTemplate\":\"https:\\\/\\\/www.feuerwehr-halberstadt.de\\\/?s={search_term_string}\"},\"query-input\":{\"@type\":\"PropertyValueSpecification\",\"valueRequired\":true,\"valueName\":\"search_term_string\"}}],\"inLanguage\":\"de\"},{\"@type\":\"Organization\",\"@id\":\"https:\\\/\\\/www.feuerwehr-halberstadt.de\\\/#organization\",\"name\":\"Feuerwehr Halberstadt\",\"url\":\"https:\\\/\\\/www.feuerwehr-halberstadt.de\\\/\",\"logo\":{\"@type\":\"ImageObject\",\"inLanguage\":\"de\",\"@id\":\"https:\\\/\\\/www.feuerwehr-halberstadt.de\\\/#\\\/schema\\\/logo\\\/image\\\/\",\"url\":\"https:\\\/\\\/www.feuerwehr-halberstadt.de\\\/wp-content\\\/uploads\\\/2023\\\/10\\\/IMG_0126.png\",\"contentUrl\":\"https:\\\/\\\/www.feuerwehr-halberstadt.de\\\/wp-content\\\/uploads\\\/2023\\\/10\\\/IMG_0126.png\",\"width\":1500,\"height\":399,\"caption\":\"Feuerwehr Halberstadt\"},\"image\":{\"@id\":\"https:\\\/\\\/www.feuerwehr-halberstadt.de\\\/#\\\/schema\\\/logo\\\/image\\\/\"},\"sameAs\":[\"https:\\\/\\\/www.facebook.com\\\/FeuerwehrHalberstadt\\\/\"]},{\"@type\":\"Person\",\"@id\":\"https:\\\/\\\/www.feuerwehr-halberstadt.de\\\/#\\\/schema\\\/person\\\/55ce5d9b46008e58cd3d55d4116ec727\",\"name\":\"Buchold, Chris\",\"image\":{\"@type\":\"ImageObject\",\"inLanguage\":\"de\",\"@id\":\"https:\\\/\\\/secure.gravatar.com\\\/avatar\\\/bff08a084f0390bf8a93fc28c488452766ba521109cec244ac64210fdd500a49?s=96&d=mm&r=g\",\"url\":\"https:\\\/\\\/secure.gravatar.com\\\/avatar\\\/bff08a084f0390bf8a93fc28c488452766ba521109cec244ac64210fdd500a49?s=96&d=mm&r=g\",\"contentUrl\":\"https:\\\/\\\/secure.gravatar.com\\\/avatar\\\/bff08a084f0390bf8a93fc28c488452766ba521109cec244ac64210fdd500a49?s=96&d=mm&r=g\",\"caption\":\"Buchold, Chris\"},\"url\":\"https:\\\/\\\/www.feuerwehr-halberstadt.de\\\/?author=3\"}]}<\/script>\n<!-- \/ Yoast SEO plugin. -->","yoast_head_json":{"title":"Jahreshauptversammlung des Feuerwehr F\u00f6rdervereins \"St. Florian\" Halberstadt e.V. - Feuerwehr Halberstadt","robots":{"index":"index","follow":"follow","max-snippet":"max-snippet:-1","max-image-preview":"max-image-preview:large","max-video-preview":"max-video-preview:-1"},"canonical":"https:\/\/www.feuerwehr-halberstadt.de\/?p=15532","og_locale":"de_DE","og_type":"article","og_title":"Jahreshauptversammlung des Feuerwehr F\u00f6rdervereins \"St. Florian\" Halberstadt e.V. - Feuerwehr Halberstadt","og_description":"Am 27. September fand die diesj\u00e4hrige Jahreshauptversammlung des Feuerwehr F\u00f6rdervereins &#8222;St. Florian&#8220; Halberstadt e.V. statt. Vereinsvorsitzende Mandy Viering er\u00f6ffnete die Jahreshauptversammlung und berichtete \u00fcber die Projekte, welche der Verein im Jahr 2023 unterst\u00fctzt hat. Anschlie\u00dfend wurden durch Kassenwartin Elke Hoffmann Daten und Zahlen im Kassenbericht vorgetragen. Kay Rehren wurde zum neuen Pressesprecher und Lothar Miethke [&hellip;]","og_url":"https:\/\/www.feuerwehr-halberstadt.de\/?p=15532","og_site_name":"Feuerwehr Halberstadt","article_publisher":"https:\/\/www.facebook.com\/FeuerwehrHalberstadt\/","article_published_time":"2024-10-01T03:51:38+00:00","article_modified_time":"2024-10-01T03:51:39+00:00","og_image":[{"width":605,"height":290,"url":"https:\/\/www.feuerwehr-halberstadt.de\/wp-content\/uploads\/2024\/10\/Bild1.png","type":"image\/png"}],"author":"Buchold, Chris","twitter_card":"summary_large_image","twitter_misc":{"Verfasst von":"Buchold, Chris","Gesch\u00e4tzte Lesezeit":"2\u00a0Minuten"},"schema":{"@context":"https:\/\/schema.org","@graph":[{"@type":"Article","@id":"https:\/\/www.feuerwehr-halberstadt.de\/?p=15532#article","isPartOf":{"@id":"https:\/\/www.feuerwehr-halberstadt.de\/?p=15532"},"author":{"name":"Buchold, Chris","@id":"https:\/\/www.feuerwehr-halberstadt.de\/#\/schema\/person\/55ce5d9b46008e58cd3d55d4116ec727"},"headline":"Jahreshauptversammlung des Feuerwehr F\u00f6rdervereins &#8222;St. Florian&#8220; Halberstadt e.V.","datePublished":"2024-10-01T03:51:38+00:00","dateModified":"2024-10-01T03:51:39+00:00","mainEntityOfPage":{"@id":"https:\/\/www.feuerwehr-halberstadt.de\/?p=15532"},"wordCount":345,"publisher":{"@id":"https:\/\/www.feuerwehr-halberstadt.de\/#organization"},"image":{"@id":"https:\/\/www.feuerwehr-halberstadt.de\/?p=15532#primaryimage"},"thumbnailUrl":"https:\/\/www.feuerwehr-halberstadt.de\/wp-content\/uploads\/2024\/10\/Bild1.png","articleSection":["F\u00f6rderverein"],"inLanguage":"de"},{"@type":"WebPage","@id":"https:\/\/www.feuerwehr-halberstadt.de\/?p=15532","url":"https:\/\/www.feuerwehr-halberstadt.de\/?p=15532","name":"Jahreshauptversammlung des Feuerwehr F\u00f6rdervereins \"St. Florian\" Halberstadt e.V. - Feuerwehr Halberstadt","isPartOf":{"@id":"https:\/\/www.feuerwehr-halberstadt.de\/#website"},"primaryImageOfPage":{"@id":"https:\/\/www.feuerwehr-halberstadt.de\/?p=15532#primaryimage"},"image":{"@id":"https:\/\/www.feuerwehr-halberstadt.de\/?p=15532#primaryimage"},"thumbnailUrl":"https:\/\/www.feuerwehr-halberstadt.de\/wp-content\/uploads\/2024\/10\/Bild1.png","datePublished":"2024-10-01T03:51:38+00:00","dateModified":"2024-10-01T03:51:39+00:00","breadcrumb":{"@id":"https:\/\/www.feuerwehr-halberstadt.de\/?p=15532#breadcrumb"},"inLanguage":"de","potentialAction":[{"@type":"ReadAction","target":["https:\/\/www.feuerwehr-halberstadt.de\/?p=15532"]}]},{"@type":"ImageObject","inLanguage":"de","@id":"https:\/\/www.feuerwehr-halberstadt.de\/?p=15532#primaryimage","url":"https:\/\/www.feuerwehr-halberstadt.de\/wp-content\/uploads\/2024\/10\/Bild1.png","contentUrl":"https:\/\/www.feuerwehr-halberstadt.de\/wp-content\/uploads\/2024\/10\/Bild1.png","width":605,"height":290},{"@type":"BreadcrumbList","@id":"https:\/\/www.feuerwehr-halberstadt.de\/?p=15532#breadcrumb","itemListElement":[{"@type":"ListItem","position":1,"name":"Startseite","item":"https:\/\/www.feuerwehr-halberstadt.de\/"},{"@type":"ListItem","position":2,"name":"Jahreshauptversammlung des Feuerwehr F\u00f6rdervereins &#8220;St. Florian&#8221; Halberstadt e.V."}]},{"@type":"WebSite","@id":"https:\/\/www.feuerwehr-halberstadt.de\/#website","url":"https:\/\/www.feuerwehr-halberstadt.de\/","name":"Feuerwehr Halberstadt","description":"#imEinsatzf\u00fcrHalberstadt","publisher":{"@id":"https:\/\/www.feuerwehr-halberstadt.de\/#organization"},"potentialAction":[{"@type":"SearchAction","target":{"@type":"EntryPoint","urlTemplate":"https:\/\/www.feuerwehr-halberstadt.de\/?s={search_term_string}"},"query-input":{"@type":"PropertyValueSpecification","valueRequired":true,"valueName":"search_term_string"}}],"inLanguage":"de"},{"@type":"Organization","@id":"https:\/\/www.feuerwehr-halberstadt.de\/#organization","name":"Feuerwehr Halberstadt","url":"https:\/\/www.feuerwehr-halberstadt.de\/","logo":{"@type":"ImageObject","inLanguage":"de","@id":"https:\/\/www.feuerwehr-halberstadt.de\/#\/schema\/logo\/image\/","url":"https:\/\/www.feuerwehr-halberstadt.de\/wp-content\/uploads\/2023\/10\/IMG_0126.png","contentUrl":"https:\/\/www.feuerwehr-halberstadt.de\/wp-content\/uploads\/2023\/10\/IMG_0126.png","width":1500,"height":399,"caption":"Feuerwehr Halberstadt"},"image":{"@id":"https:\/\/www.feuerwehr-halberstadt.de\/#\/schema\/logo\/image\/"},"sameAs":["https:\/\/www.facebook.com\/FeuerwehrHalberstadt\/"]},{"@type":"Person","@id":"https:\/\/www.feuerwehr-halberstadt.de\/#\/schema\/person\/55ce5d9b46008e58cd3d55d4116ec727","name":"Buchold, Chris","image":{"@type":"ImageObject","inLanguage":"de","@id":"https:\/\/secure.gravatar.com\/avatar\/bff08a084f0390bf8a93fc28c488452766ba521109cec244ac64210fdd500a49?s=96&d=mm&r=g","url":"https:\/\/secure.gravatar.com\/avatar\/bff08a084f0390bf8a93fc28c488452766ba521109cec244ac64210fdd500a49?s=96&d=mm&r=g","contentUrl":"https:\/\/secure.gravatar.com\/avatar\/bff08a084f0390bf8a93fc28c488452766ba521109cec244ac64210fdd500a49?s=96&d=mm&r=g","caption":"Buchold, Chris"},"url":"https:\/\/www.feuerwehr-halberstadt.de\/?author=3"}]}},"_links":{"self":[{"href":"https:\/\/www.feuerwehr-halberstadt.de\/index.php?rest_route=\/wp\/v2\/posts\/15532","targetHints":{"allow":["GET"]}}],"collection":[{"href":"https:\/\/www.feuerwehr-halberstadt.de\/index.php?rest_route=\/wp\/v2\/posts"}],"about":[{"href":"https:\/\/www.feuerwehr-halberstadt.de\/index.php?rest_route=\/wp\/v2\/types\/post"}],"author":[{"embeddable":true,"href":"https:\/\/www.feuerwehr-halberstadt.de\/index.php?rest_route=\/wp\/v2\/users\/3"}],"replies":[{"embeddable":true,"href":"https:\/\/www.feuerwehr-halberstadt.de\/index.php?rest_route=%2Fwp%2Fv2%2Fcomments&post=15532"}],"version-history":[{"count":1,"href":"https:\/\/www.feuerwehr-halberstadt.de\/index.php?rest_route=\/wp\/v2\/posts\/15532\/revisions"}],"predecessor-version":[{"id":15535,"href":"https:\/\/www.feuerwehr-halberstadt.de\/index.php?rest_route=\/wp\/v2\/posts\/15532\/revisions\/15535"}],"wp:featuredmedia":[{"embeddable":true,"href":"https:\/\/www.feuerwehr-halberstadt.de\/index.php?rest_route=\/wp\/v2\/media\/15533"}],"wp:attachment":[{"href":"https:\/\/www.feuerwehr-halberstadt.de\/index.php?rest_route=%2Fwp%2Fv2%2Fmedia&parent=15532"}],"wp:term":[{"taxonomy":"category","embeddable":true,"href":"https:\/\/www.feuerwehr-halberstadt.de\/index.php?rest_route=%2Fwp%2Fv2%2Fcategories&post=15532"},{"taxonomy":"post_tag","embeddable":true,"href":"https:\/\/www.feuerwehr-halberstadt.de\/index.php?rest_route=%2Fwp%2Fv2%2Ftags&post=15532"}],"curies":[{"name":"wp","href":"https:\/\/api.w.org\/{rel}","templated":true}]}}