{"id":15519,"date":"2024-09-27T14:24:43","date_gmt":"2024-09-27T12:24:43","guid":{"rendered":"https:\/\/www.feuerwehr-halberstadt.de\/?p=15519"},"modified":"2024-09-27T14:27:53","modified_gmt":"2024-09-27T12:27:53","slug":"letztes-feuer-als-ortswehrleiter","status":"publish","type":"post","link":"https:\/\/www.feuerwehr-halberstadt.de\/?p=15519","title":{"rendered":"Letztes Feuer als Ortswehrleiter"},"content":{"rendered":"\n<p>Alle standen bereit &#8211; Kinder- und Jugendfeuerwehr, Altersabteilung und Aktive der Ortsfeuerwehr Langenstein, um Sebastian Rindert beim letzten Feuer in seiner Funktion als Ortswehrleiter zu begleiten. <\/p>\n\n\n\n<p>Gemeldet wurde eine unklare Rauchentwicklung im Hoppelbergweg, in dem sich auch das Langensteiner Ger\u00e4tehaus befindet. Dort warteten schon alle gespannt auf sein Eintreffen. Sebastian musste anschlie\u00dfend ein Haus l\u00f6schen, bevor er von seinen Kameraden als Dank f\u00fcr die vergangenen Jahre, Pr\u00e4sente \u00fcbergeben bekam.<\/p>\n\n\n\n<p>Die Ortsfeuerwehr Langenstein sagt <strong>DANKE<\/strong> f\u00fcr 18 Jahre als Ortswehrleiter!<\/p>\n\n\n\n<figure class=\"wp-block-gallery has-nested-images columns-default is-cropped wp-block-gallery-1 is-layout-flex wp-block-gallery-is-layout-flex\">\n<figure class=\"wp-block-image size-large is-style-default\"><a href=\"https:\/\/www.feuerwehr-halberstadt.de\/wp-content\/uploads\/2024\/09\/d3e72aa1-f1e9-484a-9ae5-de41948b1c8b.jpeg\"><img loading=\"lazy\" decoding=\"async\" width=\"481\" height=\"641\" data-id=\"15520\" src=\"https:\/\/www.feuerwehr-halberstadt.de\/wp-content\/uploads\/2024\/09\/d3e72aa1-f1e9-484a-9ae5-de41948b1c8b.jpeg\" alt=\"\" class=\"wp-image-15520\" srcset=\"https:\/\/www.feuerwehr-halberstadt.de\/wp-content\/uploads\/2024\/09\/d3e72aa1-f1e9-484a-9ae5-de41948b1c8b.jpeg 481w, https:\/\/www.feuerwehr-halberstadt.de\/wp-content\/uploads\/2024\/09\/d3e72aa1-f1e9-484a-9ae5-de41948b1c8b-225x300.jpeg 225w\" sizes=\"auto, (max-width: 481px) 100vw, 481px\" \/><\/a><\/figure>\n\n\n\n<figure class=\"wp-block-image size-large\"><a href=\"https:\/\/www.feuerwehr-halberstadt.de\/wp-content\/uploads\/2024\/09\/387dc2dc-06e6-4683-879b-ddacd6cc9aae.jpeg\"><img loading=\"lazy\" decoding=\"async\" width=\"771\" height=\"1024\" data-id=\"15523\" src=\"https:\/\/www.feuerwehr-halberstadt.de\/wp-content\/uploads\/2024\/09\/387dc2dc-06e6-4683-879b-ddacd6cc9aae-771x1024.jpeg\" alt=\"\" class=\"wp-image-15523\" srcset=\"https:\/\/www.feuerwehr-halberstadt.de\/wp-content\/uploads\/2024\/09\/387dc2dc-06e6-4683-879b-ddacd6cc9aae-771x1024.jpeg 771w, https:\/\/www.feuerwehr-halberstadt.de\/wp-content\/uploads\/2024\/09\/387dc2dc-06e6-4683-879b-ddacd6cc9aae-226x300.jpeg 226w, https:\/\/www.feuerwehr-halberstadt.de\/wp-content\/uploads\/2024\/09\/387dc2dc-06e6-4683-879b-ddacd6cc9aae-768x1021.jpeg 768w, https:\/\/www.feuerwehr-halberstadt.de\/wp-content\/uploads\/2024\/09\/387dc2dc-06e6-4683-879b-ddacd6cc9aae-1156x1536.jpeg 1156w, https:\/\/www.feuerwehr-halberstadt.de\/wp-content\/uploads\/2024\/09\/387dc2dc-06e6-4683-879b-ddacd6cc9aae.jpeg 1204w\" sizes=\"auto, (max-width: 771px) 100vw, 771px\" \/><\/a><\/figure>\n\n\n\n<figure class=\"wp-block-image size-large\"><a href=\"https:\/\/www.feuerwehr-halberstadt.de\/wp-content\/uploads\/2024\/09\/4036da0b-e031-45b7-a351-53ee2c005700.jpeg\"><img loading=\"lazy\" decoding=\"async\" width=\"972\" height=\"547\" data-id=\"15522\" src=\"https:\/\/www.feuerwehr-halberstadt.de\/wp-content\/uploads\/2024\/09\/4036da0b-e031-45b7-a351-53ee2c005700.jpeg\" alt=\"\" class=\"wp-image-15522\" srcset=\"https:\/\/www.feuerwehr-halberstadt.de\/wp-content\/uploads\/2024\/09\/4036da0b-e031-45b7-a351-53ee2c005700.jpeg 972w, https:\/\/www.feuerwehr-halberstadt.de\/wp-content\/uploads\/2024\/09\/4036da0b-e031-45b7-a351-53ee2c005700-300x169.jpeg 300w, https:\/\/www.feuerwehr-halberstadt.de\/wp-content\/uploads\/2024\/09\/4036da0b-e031-45b7-a351-53ee2c005700-768x432.jpeg 768w\" sizes=\"auto, (max-width: 972px) 100vw, 972px\" \/><\/a><\/figure>\n<\/figure>\n","protected":false},"excerpt":{"rendered":"<p>Alle standen bereit &#8211; Kinder- und Jugendfeuerwehr, Altersabteilung und Aktive der Ortsfeuerwehr Langenstein, um Sebastian Rindert beim letzten Feuer in seiner Funktion als Ortswehrleiter zu begleiten. Gemeldet wurde eine unklare Rauchentwicklung im Hoppelbergweg, in dem sich auch das Langensteiner Ger\u00e4tehaus befindet. Dort warteten schon alle gespannt auf sein Eintreffen. Sebastian musste anschlie\u00dfend ein Haus l\u00f6schen, [&hellip;]<\/p>\n","protected":false},"author":3,"featured_media":15521,"comment_status":"closed","ping_status":"closed","sticky":false,"template":"","format":"standard","meta":{"_acf_changed":false,"footnotes":""},"categories":[9],"tags":[],"class_list":["post-15519","post","type-post","status-publish","format-standard","has-post-thumbnail","hentry","category-allgemein"],"acf":[],"yoast_head":"<!-- This site is optimized with the Yoast SEO plugin v27.5 - https:\/\/yoast.com\/product\/yoast-seo-wordpress\/ -->\n<title>Letztes Feuer als Ortswehrleiter - Feuerwehr Halberstadt<\/title>\n<meta name=\"robots\" content=\"index, follow, max-snippet:-1, max-image-preview:large, max-video-preview:-1\" \/>\n<link rel=\"canonical\" href=\"https:\/\/www.feuerwehr-halberstadt.de\/?p=15519\" \/>\n<meta property=\"og:locale\" content=\"de_DE\" \/>\n<meta property=\"og:type\" content=\"article\" \/>\n<meta property=\"og:title\" content=\"Letztes Feuer als Ortswehrleiter - Feuerwehr Halberstadt\" \/>\n<meta property=\"og:description\" content=\"Alle standen bereit &#8211; Kinder- und Jugendfeuerwehr, Altersabteilung und Aktive der Ortsfeuerwehr Langenstein, um Sebastian Rindert beim letzten Feuer in seiner Funktion als Ortswehrleiter zu begleiten. Gemeldet wurde eine unklare Rauchentwicklung im Hoppelbergweg, in dem sich auch das Langensteiner Ger\u00e4tehaus befindet. Dort warteten schon alle gespannt auf sein Eintreffen. Sebastian musste anschlie\u00dfend ein Haus l\u00f6schen, [&hellip;]\" \/>\n<meta property=\"og:url\" content=\"https:\/\/www.feuerwehr-halberstadt.de\/?p=15519\" \/>\n<meta property=\"og:site_name\" content=\"Feuerwehr Halberstadt\" \/>\n<meta property=\"article:publisher\" content=\"https:\/\/www.facebook.com\/FeuerwehrHalberstadt\/\" \/>\n<meta property=\"article:published_time\" content=\"2024-09-27T12:24:43+00:00\" \/>\n<meta property=\"article:modified_time\" content=\"2024-09-27T12:27:53+00:00\" \/>\n<meta property=\"og:image\" content=\"https:\/\/www.feuerwehr-halberstadt.de\/wp-content\/uploads\/2024\/09\/fd0f2008-4840-43b4-9406-9f7c3d9f92b9-e1727439336184.jpeg\" \/>\n\t<meta property=\"og:image:width\" content=\"1204\" \/>\n\t<meta property=\"og:image:height\" content=\"674\" \/>\n\t<meta property=\"og:image:type\" content=\"image\/jpeg\" \/>\n<meta name=\"author\" content=\"Buchold, Chris\" \/>\n<meta name=\"twitter:card\" content=\"summary_large_image\" \/>\n<meta name=\"twitter:label1\" content=\"Verfasst von\" \/>\n\t<meta name=\"twitter:data1\" content=\"Buchold, Chris\" \/>\n<script type=\"application\/ld+json\" class=\"yoast-schema-graph\">{\"@context\":\"https:\\\/\\\/schema.org\",\"@graph\":[{\"@type\":\"Article\",\"@id\":\"https:\\\/\\\/www.feuerwehr-halberstadt.de\\\/?p=15519#article\",\"isPartOf\":{\"@id\":\"https:\\\/\\\/www.feuerwehr-halberstadt.de\\\/?p=15519\"},\"author\":{\"name\":\"Buchold, Chris\",\"@id\":\"https:\\\/\\\/www.feuerwehr-halberstadt.de\\\/#\\\/schema\\\/person\\\/55ce5d9b46008e58cd3d55d4116ec727\"},\"headline\":\"Letztes Feuer als Ortswehrleiter\",\"datePublished\":\"2024-09-27T12:24:43+00:00\",\"dateModified\":\"2024-09-27T12:27:53+00:00\",\"mainEntityOfPage\":{\"@id\":\"https:\\\/\\\/www.feuerwehr-halberstadt.de\\\/?p=15519\"},\"wordCount\":88,\"publisher\":{\"@id\":\"https:\\\/\\\/www.feuerwehr-halberstadt.de\\\/#organization\"},\"image\":{\"@id\":\"https:\\\/\\\/www.feuerwehr-halberstadt.de\\\/?p=15519#primaryimage\"},\"thumbnailUrl\":\"https:\\\/\\\/www.feuerwehr-halberstadt.de\\\/wp-content\\\/uploads\\\/2024\\\/09\\\/fd0f2008-4840-43b4-9406-9f7c3d9f92b9-e1727439336184.jpeg\",\"inLanguage\":\"de\"},{\"@type\":\"WebPage\",\"@id\":\"https:\\\/\\\/www.feuerwehr-halberstadt.de\\\/?p=15519\",\"url\":\"https:\\\/\\\/www.feuerwehr-halberstadt.de\\\/?p=15519\",\"name\":\"Letztes Feuer als Ortswehrleiter - Feuerwehr Halberstadt\",\"isPartOf\":{\"@id\":\"https:\\\/\\\/www.feuerwehr-halberstadt.de\\\/#website\"},\"primaryImageOfPage\":{\"@id\":\"https:\\\/\\\/www.feuerwehr-halberstadt.de\\\/?p=15519#primaryimage\"},\"image\":{\"@id\":\"https:\\\/\\\/www.feuerwehr-halberstadt.de\\\/?p=15519#primaryimage\"},\"thumbnailUrl\":\"https:\\\/\\\/www.feuerwehr-halberstadt.de\\\/wp-content\\\/uploads\\\/2024\\\/09\\\/fd0f2008-4840-43b4-9406-9f7c3d9f92b9-e1727439336184.jpeg\",\"datePublished\":\"2024-09-27T12:24:43+00:00\",\"dateModified\":\"2024-09-27T12:27:53+00:00\",\"breadcrumb\":{\"@id\":\"https:\\\/\\\/www.feuerwehr-halberstadt.de\\\/?p=15519#breadcrumb\"},\"inLanguage\":\"de\",\"potentialAction\":[{\"@type\":\"ReadAction\",\"target\":[\"https:\\\/\\\/www.feuerwehr-halberstadt.de\\\/?p=15519\"]}]},{\"@type\":\"ImageObject\",\"inLanguage\":\"de\",\"@id\":\"https:\\\/\\\/www.feuerwehr-halberstadt.de\\\/?p=15519#primaryimage\",\"url\":\"https:\\\/\\\/www.feuerwehr-halberstadt.de\\\/wp-content\\\/uploads\\\/2024\\\/09\\\/fd0f2008-4840-43b4-9406-9f7c3d9f92b9-e1727439336184.jpeg\",\"contentUrl\":\"https:\\\/\\\/www.feuerwehr-halberstadt.de\\\/wp-content\\\/uploads\\\/2024\\\/09\\\/fd0f2008-4840-43b4-9406-9f7c3d9f92b9-e1727439336184.jpeg\",\"width\":1204,\"height\":674},{\"@type\":\"BreadcrumbList\",\"@id\":\"https:\\\/\\\/www.feuerwehr-halberstadt.de\\\/?p=15519#breadcrumb\",\"itemListElement\":[{\"@type\":\"ListItem\",\"position\":1,\"name\":\"Startseite\",\"item\":\"https:\\\/\\\/www.feuerwehr-halberstadt.de\\\/\"},{\"@type\":\"ListItem\",\"position\":2,\"name\":\"Letztes Feuer als Ortswehrleiter\"}]},{\"@type\":\"WebSite\",\"@id\":\"https:\\\/\\\/www.feuerwehr-halberstadt.de\\\/#website\",\"url\":\"https:\\\/\\\/www.feuerwehr-halberstadt.de\\\/\",\"name\":\"Feuerwehr Halberstadt\",\"description\":\"#imEinsatzf\u00fcrHalberstadt\",\"publisher\":{\"@id\":\"https:\\\/\\\/www.feuerwehr-halberstadt.de\\\/#organization\"},\"potentialAction\":[{\"@type\":\"SearchAction\",\"target\":{\"@type\":\"EntryPoint\",\"urlTemplate\":\"https:\\\/\\\/www.feuerwehr-halberstadt.de\\\/?s={search_term_string}\"},\"query-input\":{\"@type\":\"PropertyValueSpecification\",\"valueRequired\":true,\"valueName\":\"search_term_string\"}}],\"inLanguage\":\"de\"},{\"@type\":\"Organization\",\"@id\":\"https:\\\/\\\/www.feuerwehr-halberstadt.de\\\/#organization\",\"name\":\"Feuerwehr Halberstadt\",\"url\":\"https:\\\/\\\/www.feuerwehr-halberstadt.de\\\/\",\"logo\":{\"@type\":\"ImageObject\",\"inLanguage\":\"de\",\"@id\":\"https:\\\/\\\/www.feuerwehr-halberstadt.de\\\/#\\\/schema\\\/logo\\\/image\\\/\",\"url\":\"https:\\\/\\\/www.feuerwehr-halberstadt.de\\\/wp-content\\\/uploads\\\/2023\\\/10\\\/IMG_0126.png\",\"contentUrl\":\"https:\\\/\\\/www.feuerwehr-halberstadt.de\\\/wp-content\\\/uploads\\\/2023\\\/10\\\/IMG_0126.png\",\"width\":1500,\"height\":399,\"caption\":\"Feuerwehr Halberstadt\"},\"image\":{\"@id\":\"https:\\\/\\\/www.feuerwehr-halberstadt.de\\\/#\\\/schema\\\/logo\\\/image\\\/\"},\"sameAs\":[\"https:\\\/\\\/www.facebook.com\\\/FeuerwehrHalberstadt\\\/\"]},{\"@type\":\"Person\",\"@id\":\"https:\\\/\\\/www.feuerwehr-halberstadt.de\\\/#\\\/schema\\\/person\\\/55ce5d9b46008e58cd3d55d4116ec727\",\"name\":\"Buchold, Chris\",\"image\":{\"@type\":\"ImageObject\",\"inLanguage\":\"de\",\"@id\":\"https:\\\/\\\/secure.gravatar.com\\\/avatar\\\/bff08a084f0390bf8a93fc28c488452766ba521109cec244ac64210fdd500a49?s=96&d=mm&r=g\",\"url\":\"https:\\\/\\\/secure.gravatar.com\\\/avatar\\\/bff08a084f0390bf8a93fc28c488452766ba521109cec244ac64210fdd500a49?s=96&d=mm&r=g\",\"contentUrl\":\"https:\\\/\\\/secure.gravatar.com\\\/avatar\\\/bff08a084f0390bf8a93fc28c488452766ba521109cec244ac64210fdd500a49?s=96&d=mm&r=g\",\"caption\":\"Buchold, Chris\"},\"url\":\"https:\\\/\\\/www.feuerwehr-halberstadt.de\\\/?author=3\"}]}<\/script>\n<!-- \/ Yoast SEO plugin. -->","yoast_head_json":{"title":"Letztes Feuer als Ortswehrleiter - Feuerwehr Halberstadt","robots":{"index":"index","follow":"follow","max-snippet":"max-snippet:-1","max-image-preview":"max-image-preview:large","max-video-preview":"max-video-preview:-1"},"canonical":"https:\/\/www.feuerwehr-halberstadt.de\/?p=15519","og_locale":"de_DE","og_type":"article","og_title":"Letztes Feuer als Ortswehrleiter - Feuerwehr Halberstadt","og_description":"Alle standen bereit &#8211; Kinder- und Jugendfeuerwehr, Altersabteilung und Aktive der Ortsfeuerwehr Langenstein, um Sebastian Rindert beim letzten Feuer in seiner Funktion als Ortswehrleiter zu begleiten. Gemeldet wurde eine unklare Rauchentwicklung im Hoppelbergweg, in dem sich auch das Langensteiner Ger\u00e4tehaus befindet. Dort warteten schon alle gespannt auf sein Eintreffen. Sebastian musste anschlie\u00dfend ein Haus l\u00f6schen, [&hellip;]","og_url":"https:\/\/www.feuerwehr-halberstadt.de\/?p=15519","og_site_name":"Feuerwehr Halberstadt","article_publisher":"https:\/\/www.facebook.com\/FeuerwehrHalberstadt\/","article_published_time":"2024-09-27T12:24:43+00:00","article_modified_time":"2024-09-27T12:27:53+00:00","og_image":[{"width":1204,"height":674,"url":"https:\/\/www.feuerwehr-halberstadt.de\/wp-content\/uploads\/2024\/09\/fd0f2008-4840-43b4-9406-9f7c3d9f92b9-e1727439336184.jpeg","type":"image\/jpeg"}],"author":"Buchold, Chris","twitter_card":"summary_large_image","twitter_misc":{"Verfasst von":"Buchold, Chris"},"schema":{"@context":"https:\/\/schema.org","@graph":[{"@type":"Article","@id":"https:\/\/www.feuerwehr-halberstadt.de\/?p=15519#article","isPartOf":{"@id":"https:\/\/www.feuerwehr-halberstadt.de\/?p=15519"},"author":{"name":"Buchold, Chris","@id":"https:\/\/www.feuerwehr-halberstadt.de\/#\/schema\/person\/55ce5d9b46008e58cd3d55d4116ec727"},"headline":"Letztes Feuer als Ortswehrleiter","datePublished":"2024-09-27T12:24:43+00:00","dateModified":"2024-09-27T12:27:53+00:00","mainEntityOfPage":{"@id":"https:\/\/www.feuerwehr-halberstadt.de\/?p=15519"},"wordCount":88,"publisher":{"@id":"https:\/\/www.feuerwehr-halberstadt.de\/#organization"},"image":{"@id":"https:\/\/www.feuerwehr-halberstadt.de\/?p=15519#primaryimage"},"thumbnailUrl":"https:\/\/www.feuerwehr-halberstadt.de\/wp-content\/uploads\/2024\/09\/fd0f2008-4840-43b4-9406-9f7c3d9f92b9-e1727439336184.jpeg","inLanguage":"de"},{"@type":"WebPage","@id":"https:\/\/www.feuerwehr-halberstadt.de\/?p=15519","url":"https:\/\/www.feuerwehr-halberstadt.de\/?p=15519","name":"Letztes Feuer als Ortswehrleiter - Feuerwehr Halberstadt","isPartOf":{"@id":"https:\/\/www.feuerwehr-halberstadt.de\/#website"},"primaryImageOfPage":{"@id":"https:\/\/www.feuerwehr-halberstadt.de\/?p=15519#primaryimage"},"image":{"@id":"https:\/\/www.feuerwehr-halberstadt.de\/?p=15519#primaryimage"},"thumbnailUrl":"https:\/\/www.feuerwehr-halberstadt.de\/wp-content\/uploads\/2024\/09\/fd0f2008-4840-43b4-9406-9f7c3d9f92b9-e1727439336184.jpeg","datePublished":"2024-09-27T12:24:43+00:00","dateModified":"2024-09-27T12:27:53+00:00","breadcrumb":{"@id":"https:\/\/www.feuerwehr-halberstadt.de\/?p=15519#breadcrumb"},"inLanguage":"de","potentialAction":[{"@type":"ReadAction","target":["https:\/\/www.feuerwehr-halberstadt.de\/?p=15519"]}]},{"@type":"ImageObject","inLanguage":"de","@id":"https:\/\/www.feuerwehr-halberstadt.de\/?p=15519#primaryimage","url":"https:\/\/www.feuerwehr-halberstadt.de\/wp-content\/uploads\/2024\/09\/fd0f2008-4840-43b4-9406-9f7c3d9f92b9-e1727439336184.jpeg","contentUrl":"https:\/\/www.feuerwehr-halberstadt.de\/wp-content\/uploads\/2024\/09\/fd0f2008-4840-43b4-9406-9f7c3d9f92b9-e1727439336184.jpeg","width":1204,"height":674},{"@type":"BreadcrumbList","@id":"https:\/\/www.feuerwehr-halberstadt.de\/?p=15519#breadcrumb","itemListElement":[{"@type":"ListItem","position":1,"name":"Startseite","item":"https:\/\/www.feuerwehr-halberstadt.de\/"},{"@type":"ListItem","position":2,"name":"Letztes Feuer als Ortswehrleiter"}]},{"@type":"WebSite","@id":"https:\/\/www.feuerwehr-halberstadt.de\/#website","url":"https:\/\/www.feuerwehr-halberstadt.de\/","name":"Feuerwehr Halberstadt","description":"#imEinsatzf\u00fcrHalberstadt","publisher":{"@id":"https:\/\/www.feuerwehr-halberstadt.de\/#organization"},"potentialAction":[{"@type":"SearchAction","target":{"@type":"EntryPoint","urlTemplate":"https:\/\/www.feuerwehr-halberstadt.de\/?s={search_term_string}"},"query-input":{"@type":"PropertyValueSpecification","valueRequired":true,"valueName":"search_term_string"}}],"inLanguage":"de"},{"@type":"Organization","@id":"https:\/\/www.feuerwehr-halberstadt.de\/#organization","name":"Feuerwehr Halberstadt","url":"https:\/\/www.feuerwehr-halberstadt.de\/","logo":{"@type":"ImageObject","inLanguage":"de","@id":"https:\/\/www.feuerwehr-halberstadt.de\/#\/schema\/logo\/image\/","url":"https:\/\/www.feuerwehr-halberstadt.de\/wp-content\/uploads\/2023\/10\/IMG_0126.png","contentUrl":"https:\/\/www.feuerwehr-halberstadt.de\/wp-content\/uploads\/2023\/10\/IMG_0126.png","width":1500,"height":399,"caption":"Feuerwehr Halberstadt"},"image":{"@id":"https:\/\/www.feuerwehr-halberstadt.de\/#\/schema\/logo\/image\/"},"sameAs":["https:\/\/www.facebook.com\/FeuerwehrHalberstadt\/"]},{"@type":"Person","@id":"https:\/\/www.feuerwehr-halberstadt.de\/#\/schema\/person\/55ce5d9b46008e58cd3d55d4116ec727","name":"Buchold, Chris","image":{"@type":"ImageObject","inLanguage":"de","@id":"https:\/\/secure.gravatar.com\/avatar\/bff08a084f0390bf8a93fc28c488452766ba521109cec244ac64210fdd500a49?s=96&d=mm&r=g","url":"https:\/\/secure.gravatar.com\/avatar\/bff08a084f0390bf8a93fc28c488452766ba521109cec244ac64210fdd500a49?s=96&d=mm&r=g","contentUrl":"https:\/\/secure.gravatar.com\/avatar\/bff08a084f0390bf8a93fc28c488452766ba521109cec244ac64210fdd500a49?s=96&d=mm&r=g","caption":"Buchold, Chris"},"url":"https:\/\/www.feuerwehr-halberstadt.de\/?author=3"}]}},"_links":{"self":[{"href":"https:\/\/www.feuerwehr-halberstadt.de\/index.php?rest_route=\/wp\/v2\/posts\/15519","targetHints":{"allow":["GET"]}}],"collection":[{"href":"https:\/\/www.feuerwehr-halberstadt.de\/index.php?rest_route=\/wp\/v2\/posts"}],"about":[{"href":"https:\/\/www.feuerwehr-halberstadt.de\/index.php?rest_route=\/wp\/v2\/types\/post"}],"author":[{"embeddable":true,"href":"https:\/\/www.feuerwehr-halberstadt.de\/index.php?rest_route=\/wp\/v2\/users\/3"}],"replies":[{"embeddable":true,"href":"https:\/\/www.feuerwehr-halberstadt.de\/index.php?rest_route=%2Fwp%2Fv2%2Fcomments&post=15519"}],"version-history":[{"count":5,"href":"https:\/\/www.feuerwehr-halberstadt.de\/index.php?rest_route=\/wp\/v2\/posts\/15519\/revisions"}],"predecessor-version":[{"id":15528,"href":"https:\/\/www.feuerwehr-halberstadt.de\/index.php?rest_route=\/wp\/v2\/posts\/15519\/revisions\/15528"}],"wp:featuredmedia":[{"embeddable":true,"href":"https:\/\/www.feuerwehr-halberstadt.de\/index.php?rest_route=\/wp\/v2\/media\/15521"}],"wp:attachment":[{"href":"https:\/\/www.feuerwehr-halberstadt.de\/index.php?rest_route=%2Fwp%2Fv2%2Fmedia&parent=15519"}],"wp:term":[{"taxonomy":"category","embeddable":true,"href":"https:\/\/www.feuerwehr-halberstadt.de\/index.php?rest_route=%2Fwp%2Fv2%2Fcategories&post=15519"},{"taxonomy":"post_tag","embeddable":true,"href":"https:\/\/www.feuerwehr-halberstadt.de\/index.php?rest_route=%2Fwp%2Fv2%2Ftags&post=15519"}],"curies":[{"name":"wp","href":"https:\/\/api.w.org\/{rel}","templated":true}]}}