{"id":15502,"date":"2024-09-23T17:41:47","date_gmt":"2024-09-23T15:41:47","guid":{"rendered":"https:\/\/www.feuerwehr-halberstadt.de\/?p=15502"},"modified":"2024-09-23T17:41:47","modified_gmt":"2024-09-23T15:41:47","slug":"wochenbericht-16-09-22-09-2024","status":"publish","type":"post","link":"https:\/\/www.feuerwehr-halberstadt.de\/?p=15502","title":{"rendered":"Wochenbericht &#8211; 16.09. &#8211; 22.09.2024"},"content":{"rendered":"\n<p><strong>19.09.2024 <\/strong>&#8211; 13:42 Uhr<br><strong><em>BMA \u2013 <\/em>ZAST  <em>\u2013 <\/em>Friedrich-List-Stra\u00dfe <\/strong>&#8211; Einsatz 116\/2024<br><em>Alarmierte Kr\u00e4fte: Einsatzleitdienst, Hauptberufliche Wachbereitschaft, FF Halberstadt, AS\u00dc FF Langenstein, Rettungsdienst, Polizei<\/em><br><strong>Kurzinfo:<\/strong> Die Brandmeldeanlage wurde ohne erkennbaren Grund ausgel\u00f6st. Es war kein weiteres Handeln notwendig.<\/p>\n\n\n\n<p><strong>19.09.2024 <\/strong>&#8211; 23:38 Uhr<br><strong><em>B2 \u2013 <\/em>Mittelbrand  <em>\u2013 <\/em>Juri-Gagarin-Stra\u00dfe <\/strong>&#8211; Einsatz 117\/2024<br><em>Alarmierte Kr\u00e4fte: Einsatzleitdienst, Hauptberufliche Wachbereitschaft, ELW Gruppe, FF Halberstadt<\/em>, <em>AS\u00dc FF Langenstein, Rettungsdienst, Polizei<\/em><br><strong>Kurzinfo:<\/strong> Vor Ort brannte Unrat in einer leerstehenden Wohnung. Durch die Kr\u00e4fte der Wachbereitschaft wurde das Feuer mittels C-Rohr gel\u00f6scht. Die Kr\u00e4fte der Ortsfeuerwehr kontrollierten die restlichen Wohnungen auf Personen ab und bel\u00fcfteten das Geb\u00e4ude.<\/p>\n\n\n\n<p><strong>20.09.2024 <\/strong>&#8211; 15:39 Uhr<br><strong><em>B2 \u2013 <\/em>Mittelbrand  <em>\u2013 <\/em>Juri-Gagarin-Stra\u00dfe <\/strong>&#8211; Einsatz 118\/2024<br><em>Alarmierte Kr\u00e4fte: Einsatzleitdienst, Hauptberufliche Wachbereitschaft, ELW Gruppe, FF Halberstadt<\/em>, <em>AS\u00dc FF Langenstein, Rettungsdienst, Polizei<\/em><br><strong>Kurzinfo:<\/strong> Vor Ort brannte Unrat in einer leerstehenden Wohnung. Durch die Kr\u00e4fte der Wachbereitschaft wurde das Feuer mittels C-Rohr gel\u00f6scht. W\u00e4hrend der L\u00f6scharbeiten wurde eine zweite Brandstelle im Objekt gefunden. Diese wurde durch den Angriffstrupp der Ortsfeuerwehr gel\u00f6scht. Nachdem das Geb\u00e4ude bel\u00fcftet wurde, konnte der Einsatz gegen 16:30 Uhr beendet werden.<\/p>\n\n\n\n<p><strong>20.09.2024 <\/strong>&#8211; 17:10 Uhr<br><strong><em>B2 \u2013 <\/em>Wohnungsbrand  <em>\u2013 <\/em>Kornstra\u00dfe <\/strong>&#8211; Einsatz 119\/2024<br><em>Alarmierte Kr\u00e4fte: Einsatzleitdienst, Hauptberufliche Wachbereitschaft, ELW Gruppe, FF Halberstadt<\/em>, <em>AS\u00dc FF Langenstein, Rettungsdienst, Polizei<\/em><br><strong>Kurzinfo:<\/strong> Vor Ort handelte es sich um angebranntes Essen. Durch den Angriffstrupp wurde der Topf abgel\u00f6scht und der Bewohner aus seiner Wohnung gebracht. Nachdem die Wohnung mittels Akkul\u00fcfter bel\u00fcftet wurde, konnte der Einsatz beendet werden.<\/p>\n\n\n\n<figure class=\"wp-block-image size-large is-resized\"><img loading=\"lazy\" decoding=\"async\" width=\"1024\" height=\"768\" src=\"https:\/\/www.feuerwehr-halberstadt.de\/wp-content\/uploads\/2024\/09\/IMG_3832-1024x768.jpeg\" alt=\"\" class=\"wp-image-15501\" style=\"width:564px;height:auto\" srcset=\"https:\/\/www.feuerwehr-halberstadt.de\/wp-content\/uploads\/2024\/09\/IMG_3832-1024x768.jpeg 1024w, https:\/\/www.feuerwehr-halberstadt.de\/wp-content\/uploads\/2024\/09\/IMG_3832-300x225.jpeg 300w, https:\/\/www.feuerwehr-halberstadt.de\/wp-content\/uploads\/2024\/09\/IMG_3832-768x576.jpeg 768w, https:\/\/www.feuerwehr-halberstadt.de\/wp-content\/uploads\/2024\/09\/IMG_3832-1536x1152.jpeg 1536w, https:\/\/www.feuerwehr-halberstadt.de\/wp-content\/uploads\/2024\/09\/IMG_3832-2048x1536.jpeg 2048w\" sizes=\"auto, (max-width: 1024px) 100vw, 1024px\" \/><figcaption class=\"wp-element-caption\">Einsatz 119<\/figcaption><\/figure>\n\n\n\n<p><strong>21.09.2024 <\/strong>&#8211; 14:32 Uhr<br><strong><em>TH1 \u2013 <\/em>Personensuche  <em>\u2013 <\/em>Bullerberg <\/strong>&#8211; Einsatz 120\/2024<br><em>Alarmierte Kr\u00e4fte: Einsatzleitdienst, Hauptberufliche Wachbereitschaft, ELW Gruppe, FF Halberstadt<\/em>, <em>FF Klein Quenstedt, FF Emersleben, Polizei<\/em><br><strong>Einsatzbericht:<\/strong> <a href=\"https:\/\/www.feuerwehr-halberstadt.de\/?einsaetze=th1-personensuche-bullerberg\">https:\/\/www.feuerwehr-halberstadt.de\/?einsaetze=th1-personensuche-bullerberg<\/a><\/p>\n","protected":false},"excerpt":{"rendered":"<p>19.09.2024 &#8211; 13:42 UhrBMA \u2013 ZAST \u2013 Friedrich-List-Stra\u00dfe &#8211; Einsatz 116\/2024Alarmierte Kr\u00e4fte: Einsatzleitdienst, Hauptberufliche Wachbereitschaft, FF Halberstadt, AS\u00dc FF Langenstein, Rettungsdienst, PolizeiKurzinfo: Die Brandmeldeanlage wurde ohne erkennbaren Grund ausgel\u00f6st. Es war kein weiteres Handeln notwendig. 19.09.2024 &#8211; 23:38 UhrB2 \u2013 Mittelbrand \u2013 Juri-Gagarin-Stra\u00dfe &#8211; Einsatz 117\/2024Alarmierte Kr\u00e4fte: Einsatzleitdienst, Hauptberufliche Wachbereitschaft, ELW Gruppe, FF Halberstadt, AS\u00dc [&hellip;]<\/p>\n","protected":false},"author":8,"featured_media":14816,"comment_status":"closed","ping_status":"closed","sticky":false,"template":"","format":"standard","meta":{"_acf_changed":false,"footnotes":""},"categories":[9],"tags":[],"class_list":["post-15502","post","type-post","status-publish","format-standard","has-post-thumbnail","hentry","category-allgemein"],"acf":[],"yoast_head":"<!-- This site is optimized with the Yoast SEO plugin v27.5 - https:\/\/yoast.com\/product\/yoast-seo-wordpress\/ -->\n<title>Wochenbericht - 16.09. - 22.09.2024 - Feuerwehr Halberstadt<\/title>\n<meta name=\"robots\" content=\"index, follow, max-snippet:-1, max-image-preview:large, max-video-preview:-1\" \/>\n<link rel=\"canonical\" href=\"https:\/\/www.feuerwehr-halberstadt.de\/?p=15502\" \/>\n<meta property=\"og:locale\" content=\"de_DE\" \/>\n<meta property=\"og:type\" content=\"article\" \/>\n<meta property=\"og:title\" content=\"Wochenbericht - 16.09. - 22.09.2024 - Feuerwehr Halberstadt\" \/>\n<meta property=\"og:description\" content=\"19.09.2024 &#8211; 13:42 UhrBMA \u2013 ZAST \u2013 Friedrich-List-Stra\u00dfe &#8211; Einsatz 116\/2024Alarmierte Kr\u00e4fte: Einsatzleitdienst, Hauptberufliche Wachbereitschaft, FF Halberstadt, AS\u00dc FF Langenstein, Rettungsdienst, PolizeiKurzinfo: Die Brandmeldeanlage wurde ohne erkennbaren Grund ausgel\u00f6st. Es war kein weiteres Handeln notwendig. 19.09.2024 &#8211; 23:38 UhrB2 \u2013 Mittelbrand \u2013 Juri-Gagarin-Stra\u00dfe &#8211; Einsatz 117\/2024Alarmierte Kr\u00e4fte: Einsatzleitdienst, Hauptberufliche Wachbereitschaft, ELW Gruppe, FF Halberstadt, AS\u00dc [&hellip;]\" \/>\n<meta property=\"og:url\" content=\"https:\/\/www.feuerwehr-halberstadt.de\/?p=15502\" \/>\n<meta property=\"og:site_name\" content=\"Feuerwehr Halberstadt\" \/>\n<meta property=\"article:publisher\" content=\"https:\/\/www.facebook.com\/FeuerwehrHalberstadt\/\" \/>\n<meta property=\"article:published_time\" content=\"2024-09-23T15:41:47+00:00\" \/>\n<meta property=\"og:image\" content=\"https:\/\/www.feuerwehr-halberstadt.de\/wp-content\/uploads\/2024\/03\/12_20240310_165751_0009.jpg\" \/>\n\t<meta property=\"og:image:width\" content=\"1920\" \/>\n\t<meta property=\"og:image:height\" content=\"1080\" \/>\n\t<meta property=\"og:image:type\" content=\"image\/jpeg\" \/>\n<meta name=\"author\" content=\"K\u00fchne, Ren\u00e9\" \/>\n<meta name=\"twitter:card\" content=\"summary_large_image\" \/>\n<meta name=\"twitter:label1\" content=\"Verfasst von\" \/>\n\t<meta name=\"twitter:data1\" content=\"K\u00fchne, Ren\u00e9\" \/>\n\t<meta name=\"twitter:label2\" content=\"Gesch\u00e4tzte Lesezeit\" \/>\n\t<meta name=\"twitter:data2\" content=\"1\u00a0Minute\" \/>\n<script type=\"application\/ld+json\" class=\"yoast-schema-graph\">{\"@context\":\"https:\\\/\\\/schema.org\",\"@graph\":[{\"@type\":\"Article\",\"@id\":\"https:\\\/\\\/www.feuerwehr-halberstadt.de\\\/?p=15502#article\",\"isPartOf\":{\"@id\":\"https:\\\/\\\/www.feuerwehr-halberstadt.de\\\/?p=15502\"},\"author\":{\"name\":\"K\u00fchne, Ren\u00e9\",\"@id\":\"https:\\\/\\\/www.feuerwehr-halberstadt.de\\\/#\\\/schema\\\/person\\\/3025e717504caccf9120c148aa5dafc9\"},\"headline\":\"Wochenbericht &#8211; 16.09. &#8211; 22.09.2024\",\"datePublished\":\"2024-09-23T15:41:47+00:00\",\"mainEntityOfPage\":{\"@id\":\"https:\\\/\\\/www.feuerwehr-halberstadt.de\\\/?p=15502\"},\"wordCount\":275,\"publisher\":{\"@id\":\"https:\\\/\\\/www.feuerwehr-halberstadt.de\\\/#organization\"},\"image\":{\"@id\":\"https:\\\/\\\/www.feuerwehr-halberstadt.de\\\/?p=15502#primaryimage\"},\"thumbnailUrl\":\"https:\\\/\\\/www.feuerwehr-halberstadt.de\\\/wp-content\\\/uploads\\\/2024\\\/03\\\/12_20240310_165751_0009.jpg\",\"inLanguage\":\"de\"},{\"@type\":\"WebPage\",\"@id\":\"https:\\\/\\\/www.feuerwehr-halberstadt.de\\\/?p=15502\",\"url\":\"https:\\\/\\\/www.feuerwehr-halberstadt.de\\\/?p=15502\",\"name\":\"Wochenbericht - 16.09. - 22.09.2024 - Feuerwehr Halberstadt\",\"isPartOf\":{\"@id\":\"https:\\\/\\\/www.feuerwehr-halberstadt.de\\\/#website\"},\"primaryImageOfPage\":{\"@id\":\"https:\\\/\\\/www.feuerwehr-halberstadt.de\\\/?p=15502#primaryimage\"},\"image\":{\"@id\":\"https:\\\/\\\/www.feuerwehr-halberstadt.de\\\/?p=15502#primaryimage\"},\"thumbnailUrl\":\"https:\\\/\\\/www.feuerwehr-halberstadt.de\\\/wp-content\\\/uploads\\\/2024\\\/03\\\/12_20240310_165751_0009.jpg\",\"datePublished\":\"2024-09-23T15:41:47+00:00\",\"breadcrumb\":{\"@id\":\"https:\\\/\\\/www.feuerwehr-halberstadt.de\\\/?p=15502#breadcrumb\"},\"inLanguage\":\"de\",\"potentialAction\":[{\"@type\":\"ReadAction\",\"target\":[\"https:\\\/\\\/www.feuerwehr-halberstadt.de\\\/?p=15502\"]}]},{\"@type\":\"ImageObject\",\"inLanguage\":\"de\",\"@id\":\"https:\\\/\\\/www.feuerwehr-halberstadt.de\\\/?p=15502#primaryimage\",\"url\":\"https:\\\/\\\/www.feuerwehr-halberstadt.de\\\/wp-content\\\/uploads\\\/2024\\\/03\\\/12_20240310_165751_0009.jpg\",\"contentUrl\":\"https:\\\/\\\/www.feuerwehr-halberstadt.de\\\/wp-content\\\/uploads\\\/2024\\\/03\\\/12_20240310_165751_0009.jpg\",\"width\":1920,\"height\":1080},{\"@type\":\"BreadcrumbList\",\"@id\":\"https:\\\/\\\/www.feuerwehr-halberstadt.de\\\/?p=15502#breadcrumb\",\"itemListElement\":[{\"@type\":\"ListItem\",\"position\":1,\"name\":\"Startseite\",\"item\":\"https:\\\/\\\/www.feuerwehr-halberstadt.de\\\/\"},{\"@type\":\"ListItem\",\"position\":2,\"name\":\"Wochenbericht &#8211; 16.09. &#8211; 22.09.2024\"}]},{\"@type\":\"WebSite\",\"@id\":\"https:\\\/\\\/www.feuerwehr-halberstadt.de\\\/#website\",\"url\":\"https:\\\/\\\/www.feuerwehr-halberstadt.de\\\/\",\"name\":\"Feuerwehr Halberstadt\",\"description\":\"#imEinsatzf\u00fcrHalberstadt\",\"publisher\":{\"@id\":\"https:\\\/\\\/www.feuerwehr-halberstadt.de\\\/#organization\"},\"potentialAction\":[{\"@type\":\"SearchAction\",\"target\":{\"@type\":\"EntryPoint\",\"urlTemplate\":\"https:\\\/\\\/www.feuerwehr-halberstadt.de\\\/?s={search_term_string}\"},\"query-input\":{\"@type\":\"PropertyValueSpecification\",\"valueRequired\":true,\"valueName\":\"search_term_string\"}}],\"inLanguage\":\"de\"},{\"@type\":\"Organization\",\"@id\":\"https:\\\/\\\/www.feuerwehr-halberstadt.de\\\/#organization\",\"name\":\"Feuerwehr Halberstadt\",\"url\":\"https:\\\/\\\/www.feuerwehr-halberstadt.de\\\/\",\"logo\":{\"@type\":\"ImageObject\",\"inLanguage\":\"de\",\"@id\":\"https:\\\/\\\/www.feuerwehr-halberstadt.de\\\/#\\\/schema\\\/logo\\\/image\\\/\",\"url\":\"https:\\\/\\\/www.feuerwehr-halberstadt.de\\\/wp-content\\\/uploads\\\/2023\\\/10\\\/IMG_0126.png\",\"contentUrl\":\"https:\\\/\\\/www.feuerwehr-halberstadt.de\\\/wp-content\\\/uploads\\\/2023\\\/10\\\/IMG_0126.png\",\"width\":1500,\"height\":399,\"caption\":\"Feuerwehr Halberstadt\"},\"image\":{\"@id\":\"https:\\\/\\\/www.feuerwehr-halberstadt.de\\\/#\\\/schema\\\/logo\\\/image\\\/\"},\"sameAs\":[\"https:\\\/\\\/www.facebook.com\\\/FeuerwehrHalberstadt\\\/\"]},{\"@type\":\"Person\",\"@id\":\"https:\\\/\\\/www.feuerwehr-halberstadt.de\\\/#\\\/schema\\\/person\\\/3025e717504caccf9120c148aa5dafc9\",\"name\":\"K\u00fchne, Ren\u00e9\",\"image\":{\"@type\":\"ImageObject\",\"inLanguage\":\"de\",\"@id\":\"https:\\\/\\\/secure.gravatar.com\\\/avatar\\\/55eea2ec92cf331c72f122107a136da45b190ce89b28770aafc2f0a0788d2fd4?s=96&d=mm&r=g\",\"url\":\"https:\\\/\\\/secure.gravatar.com\\\/avatar\\\/55eea2ec92cf331c72f122107a136da45b190ce89b28770aafc2f0a0788d2fd4?s=96&d=mm&r=g\",\"contentUrl\":\"https:\\\/\\\/secure.gravatar.com\\\/avatar\\\/55eea2ec92cf331c72f122107a136da45b190ce89b28770aafc2f0a0788d2fd4?s=96&d=mm&r=g\",\"caption\":\"K\u00fchne, Ren\u00e9\"},\"url\":\"https:\\\/\\\/www.feuerwehr-halberstadt.de\\\/?author=8\"}]}<\/script>\n<!-- \/ Yoast SEO plugin. -->","yoast_head_json":{"title":"Wochenbericht - 16.09. - 22.09.2024 - Feuerwehr Halberstadt","robots":{"index":"index","follow":"follow","max-snippet":"max-snippet:-1","max-image-preview":"max-image-preview:large","max-video-preview":"max-video-preview:-1"},"canonical":"https:\/\/www.feuerwehr-halberstadt.de\/?p=15502","og_locale":"de_DE","og_type":"article","og_title":"Wochenbericht - 16.09. - 22.09.2024 - Feuerwehr Halberstadt","og_description":"19.09.2024 &#8211; 13:42 UhrBMA \u2013 ZAST \u2013 Friedrich-List-Stra\u00dfe &#8211; Einsatz 116\/2024Alarmierte Kr\u00e4fte: Einsatzleitdienst, Hauptberufliche Wachbereitschaft, FF Halberstadt, AS\u00dc FF Langenstein, Rettungsdienst, PolizeiKurzinfo: Die Brandmeldeanlage wurde ohne erkennbaren Grund ausgel\u00f6st. Es war kein weiteres Handeln notwendig. 19.09.2024 &#8211; 23:38 UhrB2 \u2013 Mittelbrand \u2013 Juri-Gagarin-Stra\u00dfe &#8211; Einsatz 117\/2024Alarmierte Kr\u00e4fte: Einsatzleitdienst, Hauptberufliche Wachbereitschaft, ELW Gruppe, FF Halberstadt, AS\u00dc [&hellip;]","og_url":"https:\/\/www.feuerwehr-halberstadt.de\/?p=15502","og_site_name":"Feuerwehr Halberstadt","article_publisher":"https:\/\/www.facebook.com\/FeuerwehrHalberstadt\/","article_published_time":"2024-09-23T15:41:47+00:00","og_image":[{"width":1920,"height":1080,"url":"https:\/\/www.feuerwehr-halberstadt.de\/wp-content\/uploads\/2024\/03\/12_20240310_165751_0009.jpg","type":"image\/jpeg"}],"author":"K\u00fchne, Ren\u00e9","twitter_card":"summary_large_image","twitter_misc":{"Verfasst von":"K\u00fchne, Ren\u00e9","Gesch\u00e4tzte Lesezeit":"1\u00a0Minute"},"schema":{"@context":"https:\/\/schema.org","@graph":[{"@type":"Article","@id":"https:\/\/www.feuerwehr-halberstadt.de\/?p=15502#article","isPartOf":{"@id":"https:\/\/www.feuerwehr-halberstadt.de\/?p=15502"},"author":{"name":"K\u00fchne, Ren\u00e9","@id":"https:\/\/www.feuerwehr-halberstadt.de\/#\/schema\/person\/3025e717504caccf9120c148aa5dafc9"},"headline":"Wochenbericht &#8211; 16.09. &#8211; 22.09.2024","datePublished":"2024-09-23T15:41:47+00:00","mainEntityOfPage":{"@id":"https:\/\/www.feuerwehr-halberstadt.de\/?p=15502"},"wordCount":275,"publisher":{"@id":"https:\/\/www.feuerwehr-halberstadt.de\/#organization"},"image":{"@id":"https:\/\/www.feuerwehr-halberstadt.de\/?p=15502#primaryimage"},"thumbnailUrl":"https:\/\/www.feuerwehr-halberstadt.de\/wp-content\/uploads\/2024\/03\/12_20240310_165751_0009.jpg","inLanguage":"de"},{"@type":"WebPage","@id":"https:\/\/www.feuerwehr-halberstadt.de\/?p=15502","url":"https:\/\/www.feuerwehr-halberstadt.de\/?p=15502","name":"Wochenbericht - 16.09. - 22.09.2024 - Feuerwehr Halberstadt","isPartOf":{"@id":"https:\/\/www.feuerwehr-halberstadt.de\/#website"},"primaryImageOfPage":{"@id":"https:\/\/www.feuerwehr-halberstadt.de\/?p=15502#primaryimage"},"image":{"@id":"https:\/\/www.feuerwehr-halberstadt.de\/?p=15502#primaryimage"},"thumbnailUrl":"https:\/\/www.feuerwehr-halberstadt.de\/wp-content\/uploads\/2024\/03\/12_20240310_165751_0009.jpg","datePublished":"2024-09-23T15:41:47+00:00","breadcrumb":{"@id":"https:\/\/www.feuerwehr-halberstadt.de\/?p=15502#breadcrumb"},"inLanguage":"de","potentialAction":[{"@type":"ReadAction","target":["https:\/\/www.feuerwehr-halberstadt.de\/?p=15502"]}]},{"@type":"ImageObject","inLanguage":"de","@id":"https:\/\/www.feuerwehr-halberstadt.de\/?p=15502#primaryimage","url":"https:\/\/www.feuerwehr-halberstadt.de\/wp-content\/uploads\/2024\/03\/12_20240310_165751_0009.jpg","contentUrl":"https:\/\/www.feuerwehr-halberstadt.de\/wp-content\/uploads\/2024\/03\/12_20240310_165751_0009.jpg","width":1920,"height":1080},{"@type":"BreadcrumbList","@id":"https:\/\/www.feuerwehr-halberstadt.de\/?p=15502#breadcrumb","itemListElement":[{"@type":"ListItem","position":1,"name":"Startseite","item":"https:\/\/www.feuerwehr-halberstadt.de\/"},{"@type":"ListItem","position":2,"name":"Wochenbericht &#8211; 16.09. &#8211; 22.09.2024"}]},{"@type":"WebSite","@id":"https:\/\/www.feuerwehr-halberstadt.de\/#website","url":"https:\/\/www.feuerwehr-halberstadt.de\/","name":"Feuerwehr Halberstadt","description":"#imEinsatzf\u00fcrHalberstadt","publisher":{"@id":"https:\/\/www.feuerwehr-halberstadt.de\/#organization"},"potentialAction":[{"@type":"SearchAction","target":{"@type":"EntryPoint","urlTemplate":"https:\/\/www.feuerwehr-halberstadt.de\/?s={search_term_string}"},"query-input":{"@type":"PropertyValueSpecification","valueRequired":true,"valueName":"search_term_string"}}],"inLanguage":"de"},{"@type":"Organization","@id":"https:\/\/www.feuerwehr-halberstadt.de\/#organization","name":"Feuerwehr Halberstadt","url":"https:\/\/www.feuerwehr-halberstadt.de\/","logo":{"@type":"ImageObject","inLanguage":"de","@id":"https:\/\/www.feuerwehr-halberstadt.de\/#\/schema\/logo\/image\/","url":"https:\/\/www.feuerwehr-halberstadt.de\/wp-content\/uploads\/2023\/10\/IMG_0126.png","contentUrl":"https:\/\/www.feuerwehr-halberstadt.de\/wp-content\/uploads\/2023\/10\/IMG_0126.png","width":1500,"height":399,"caption":"Feuerwehr Halberstadt"},"image":{"@id":"https:\/\/www.feuerwehr-halberstadt.de\/#\/schema\/logo\/image\/"},"sameAs":["https:\/\/www.facebook.com\/FeuerwehrHalberstadt\/"]},{"@type":"Person","@id":"https:\/\/www.feuerwehr-halberstadt.de\/#\/schema\/person\/3025e717504caccf9120c148aa5dafc9","name":"K\u00fchne, Ren\u00e9","image":{"@type":"ImageObject","inLanguage":"de","@id":"https:\/\/secure.gravatar.com\/avatar\/55eea2ec92cf331c72f122107a136da45b190ce89b28770aafc2f0a0788d2fd4?s=96&d=mm&r=g","url":"https:\/\/secure.gravatar.com\/avatar\/55eea2ec92cf331c72f122107a136da45b190ce89b28770aafc2f0a0788d2fd4?s=96&d=mm&r=g","contentUrl":"https:\/\/secure.gravatar.com\/avatar\/55eea2ec92cf331c72f122107a136da45b190ce89b28770aafc2f0a0788d2fd4?s=96&d=mm&r=g","caption":"K\u00fchne, Ren\u00e9"},"url":"https:\/\/www.feuerwehr-halberstadt.de\/?author=8"}]}},"_links":{"self":[{"href":"https:\/\/www.feuerwehr-halberstadt.de\/index.php?rest_route=\/wp\/v2\/posts\/15502","targetHints":{"allow":["GET"]}}],"collection":[{"href":"https:\/\/www.feuerwehr-halberstadt.de\/index.php?rest_route=\/wp\/v2\/posts"}],"about":[{"href":"https:\/\/www.feuerwehr-halberstadt.de\/index.php?rest_route=\/wp\/v2\/types\/post"}],"author":[{"embeddable":true,"href":"https:\/\/www.feuerwehr-halberstadt.de\/index.php?rest_route=\/wp\/v2\/users\/8"}],"replies":[{"embeddable":true,"href":"https:\/\/www.feuerwehr-halberstadt.de\/index.php?rest_route=%2Fwp%2Fv2%2Fcomments&post=15502"}],"version-history":[{"count":5,"href":"https:\/\/www.feuerwehr-halberstadt.de\/index.php?rest_route=\/wp\/v2\/posts\/15502\/revisions"}],"predecessor-version":[{"id":15516,"href":"https:\/\/www.feuerwehr-halberstadt.de\/index.php?rest_route=\/wp\/v2\/posts\/15502\/revisions\/15516"}],"wp:featuredmedia":[{"embeddable":true,"href":"https:\/\/www.feuerwehr-halberstadt.de\/index.php?rest_route=\/wp\/v2\/media\/14816"}],"wp:attachment":[{"href":"https:\/\/www.feuerwehr-halberstadt.de\/index.php?rest_route=%2Fwp%2Fv2%2Fmedia&parent=15502"}],"wp:term":[{"taxonomy":"category","embeddable":true,"href":"https:\/\/www.feuerwehr-halberstadt.de\/index.php?rest_route=%2Fwp%2Fv2%2Fcategories&post=15502"},{"taxonomy":"post_tag","embeddable":true,"href":"https:\/\/www.feuerwehr-halberstadt.de\/index.php?rest_route=%2Fwp%2Fv2%2Ftags&post=15502"}],"curies":[{"name":"wp","href":"https:\/\/api.w.org\/{rel}","templated":true}]}}